{"id":218664,"date":"2023-10-03T11:17:08","date_gmt":"2023-10-03T09:17:08","guid":{"rendered":"https:\/\/tuzlainfo.ba\/?p=218664"},"modified":"2023-10-03T11:17:08","modified_gmt":"2023-10-03T09:17:08","slug":"akcija-plug-pretresi-i-u-tuzlanskom-kantonu-do-sada-uhapseno-ukupno-12-osoba","status":"publish","type":"post","link":"https:\/\/tuzlainfo.ba\/index.php\/bosna-i-hercegovina\/item\/218664-akcija-plug-pretresi-i-u-tuzlanskom-kantonu-do-sada-uhapseno-ukupno-12-osoba\/","title":{"rendered":"Akcija Plug: Pretresi i u Tuzlanskom kantonu, do sada uhap\u0161eno ukupno 12 osoba"},"content":{"rendered":"<p>Policijski slu\u017ebenici Dr\u017eavne agencije za istrage i za\u0161titu su danas, u sklopu operativne akcije Plug, na podru\u010dju Kantona Sarajevo, Tuzlanskog kantona i op\u0161tine Srebrenica zapo\u010deli pretrese stambenih i poslovnih objekata i pokretnih stvari na 17 lokacija.<\/p>\n<p>Navedene aktivnosti provode se zbog postojanja osnova sumnje da su po\u010dinjena krivi\u010dna djela \u201eOrganizovani kriminal\u201c, \u201eNedozvoljen promet akciznih proizvoda\u201c, \u201eNedozvojeno skladi\u0161tenje robe\u201c, \u201eKrijum\u010darenje\u201c i \u201eZloupotreba slu\u017ebenog polo\u017eaja\u201c propisana Krivi\u010dnim zakonom Bosne i Hercegovine.<\/p>\n<p>Do sada je slobode li\u0161eno 12 osoba koja se sumnji\u010de da su od marta 2023. godine sporazumno djelovala na sticanju protivpravne imovinske koristi nedozvoljenim prometom akciznih proizvoda na na\u010din da su vr\u0161ili nabavku duvana za nargile u Republici Srbiji, nakon \u010dega su istu krijum\u010darili u Bosnu i Hercegovinu, te nezakonito skladi\u0161tili na vi\u0161e lokacija i vr\u0161ili dalju prodaju njima poznatim kupcima, pri \u010demu su izbjegavali vr\u0161enje obra\u010duna i pla\u0107anja poreskih davanja propisanih poreskim zakonodavstvom Bosne i Hercegovine, u cilju sticanja protivpravne materijalne koristi, na koji na\u010din je nanesena \u0161teta po bud\u017eet Bosne i Hercegovine u iznosu od najmanje 750.000,00 konvertibilnih maraka.<\/p>\n<p>Prilikom pretresa do sada je otkriveno i privremeno oduzeto oko 1000 kilograma duvana za nargilu, ve\u0107a koli\u010dina novca i drugi predmeti koji mogu poslu\u017eiti kao dokaz da su po\u010dinjena navedena krivi\u010dna djela.<\/p>\n<p>Pretresi se vr\u0161i po nalozima Suda Bosne i Hercegovine i pod nadzorom Tu\u017eila\u0161tva Bosne i Hercegovine u saradnji sa policijskim slu\u017ebenicima Federalne uprave policije, Ministarstva unutra\u0161njih poslova Republike Srpske, Kantona Sarajevo i Tuzlanskog kantona kao i Upravom za indirektno oporezivanje Bosne i Hercegovine.<\/p>\n<p>\u201cO kona\u010dnom ishodu operativne akcije Plug javnost \u0107e biti informisana naknadno\u201d, saop\u0161tili su iz SIPA-e.<\/p>\n","protected":false},"excerpt":{"rendered":"<p>Policijski slu\u017ebenici Dr\u017eavne agencije za istrage i za\u0161titu su danas, u sklopu operativne akcije Plug,&hellip;<\/p>\n","protected":false},"author":3,"featured_media":134123,"comment_status":"open","ping_status":"closed","sticky":false,"template":"","format":"standard","meta":{"_acf_changed":false,"footnotes":""},"categories":[291],"tags":[8381],"acf":[],"yoast_head":"<!-- This site is optimized with the Yoast SEO plugin v23.5 - https:\/\/yoast.com\/wordpress\/plugins\/seo\/ -->\n<title>Akcija Plug: Pretresi i u Tuzlanskom kantonu, do sada uhap\u0161eno ukupno 12 osoba - TuzlaInfo.ba<\/title>\n<meta name=\"robots\" content=\"index, follow, max-snippet:-1, max-image-preview:large, max-video-preview:-1\" \/>\n<link rel=\"canonical\" href=\"https:\/\/tuzlainfo.ba\/index.php\/bosna-i-hercegovina\/item\/218664-akcija-plug-pretresi-i-u-tuzlanskom-kantonu-do-sada-uhapseno-ukupno-12-osoba\/\" \/>\n<meta property=\"og:locale\" content=\"bs_BA\" \/>\n<meta property=\"og:type\" content=\"article\" \/>\n<meta property=\"og:title\" content=\"Akcija Plug: Pretresi i u Tuzlanskom kantonu, do sada uhap\u0161eno ukupno 12 osoba - TuzlaInfo.ba\" \/>\n<meta property=\"og:description\" content=\"Policijski slu\u017ebenici Dr\u017eavne agencije za istrage i za\u0161titu su danas, u sklopu operativne akcije Plug,&hellip;\" \/>\n<meta property=\"og:url\" content=\"https:\/\/tuzlainfo.ba\/index.php\/bosna-i-hercegovina\/item\/218664-akcija-plug-pretresi-i-u-tuzlanskom-kantonu-do-sada-uhapseno-ukupno-12-osoba\/\" \/>\n<meta property=\"og:site_name\" content=\"TuzlaInfo.ba\" \/>\n<meta property=\"article:publisher\" content=\"https:\/\/www.facebook.com\/tuzlainfo.ba\/\" \/>\n<meta property=\"article:published_time\" content=\"2023-10-03T09:17:08+00:00\" \/>\n<meta property=\"og:image\" content=\"https:\/\/tuzlainfo.ba\/wp-content\/uploads\/2021\/03\/sadrzaj_2016_2016-crna_0101_sipa.jpg\" \/>\n\t<meta property=\"og:image:width\" content=\"770\" \/>\n\t<meta property=\"og:image:height\" content=\"513\" \/>\n\t<meta property=\"og:image:type\" content=\"image\/jpeg\" \/>\n<meta name=\"author\" content=\"admin2\" \/>\n<meta name=\"twitter:card\" content=\"summary_large_image\" \/>\n<meta name=\"twitter:label1\" content=\"Written by\" \/>\n\t<meta name=\"twitter:data1\" content=\"admin2\" \/>\n\t<meta name=\"twitter:label2\" content=\"Est. reading time\" \/>\n\t<meta name=\"twitter:data2\" content=\"1 minuta\" \/>\n<script type=\"application\/ld+json\" class=\"yoast-schema-graph\">{\"@context\":\"https:\/\/schema.org\",\"@graph\":[{\"@type\":\"Article\",\"@id\":\"https:\/\/tuzlainfo.ba\/index.php\/bosna-i-hercegovina\/item\/218664-akcija-plug-pretresi-i-u-tuzlanskom-kantonu-do-sada-uhapseno-ukupno-12-osoba\/#article\",\"isPartOf\":{\"@id\":\"https:\/\/tuzlainfo.ba\/index.php\/bosna-i-hercegovina\/item\/218664-akcija-plug-pretresi-i-u-tuzlanskom-kantonu-do-sada-uhapseno-ukupno-12-osoba\/\"},\"author\":{\"name\":\"admin2\",\"@id\":\"https:\/\/tuzlainfo.ba\/#\/schema\/person\/f4ebe4fff27e68efb65fa7e18f8af372\"},\"headline\":\"Akcija Plug: Pretresi i u Tuzlanskom kantonu, do sada uhap\u0161eno ukupno 12 osoba\",\"datePublished\":\"2023-10-03T09:17:08+00:00\",\"dateModified\":\"2023-10-03T09:17:08+00:00\",\"mainEntityOfPage\":{\"@id\":\"https:\/\/tuzlainfo.ba\/index.php\/bosna-i-hercegovina\/item\/218664-akcija-plug-pretresi-i-u-tuzlanskom-kantonu-do-sada-uhapseno-ukupno-12-osoba\/\"},\"wordCount\":306,\"commentCount\":0,\"publisher\":{\"@id\":\"https:\/\/tuzlainfo.ba\/#organization\"},\"image\":{\"@id\":\"https:\/\/tuzlainfo.ba\/index.php\/bosna-i-hercegovina\/item\/218664-akcija-plug-pretresi-i-u-tuzlanskom-kantonu-do-sada-uhapseno-ukupno-12-osoba\/#primaryimage\"},\"thumbnailUrl\":\"https:\/\/tuzlainfo.ba\/wp-content\/uploads\/2021\/03\/sadrzaj_2016_2016-crna_0101_sipa.jpg\",\"keywords\":[\"akcija plug\"],\"articleSection\":[\"Bosna i Hercegovina\"],\"inLanguage\":\"bs-BA\"},{\"@type\":\"WebPage\",\"@id\":\"https:\/\/tuzlainfo.ba\/index.php\/bosna-i-hercegovina\/item\/218664-akcija-plug-pretresi-i-u-tuzlanskom-kantonu-do-sada-uhapseno-ukupno-12-osoba\/\",\"url\":\"https:\/\/tuzlainfo.ba\/index.php\/bosna-i-hercegovina\/item\/218664-akcija-plug-pretresi-i-u-tuzlanskom-kantonu-do-sada-uhapseno-ukupno-12-osoba\/\",\"name\":\"Akcija Plug: Pretresi i u Tuzlanskom kantonu, do sada uhap\u0161eno ukupno 12 osoba - TuzlaInfo.ba\",\"isPartOf\":{\"@id\":\"https:\/\/tuzlainfo.ba\/#website\"},\"primaryImageOfPage\":{\"@id\":\"https:\/\/tuzlainfo.ba\/index.php\/bosna-i-hercegovina\/item\/218664-akcija-plug-pretresi-i-u-tuzlanskom-kantonu-do-sada-uhapseno-ukupno-12-osoba\/#primaryimage\"},\"image\":{\"@id\":\"https:\/\/tuzlainfo.ba\/index.php\/bosna-i-hercegovina\/item\/218664-akcija-plug-pretresi-i-u-tuzlanskom-kantonu-do-sada-uhapseno-ukupno-12-osoba\/#primaryimage\"},\"thumbnailUrl\":\"https:\/\/tuzlainfo.ba\/wp-content\/uploads\/2021\/03\/sadrzaj_2016_2016-crna_0101_sipa.jpg\",\"datePublished\":\"2023-10-03T09:17:08+00:00\",\"dateModified\":\"2023-10-03T09:17:08+00:00\",\"breadcrumb\":{\"@id\":\"https:\/\/tuzlainfo.ba\/index.php\/bosna-i-hercegovina\/item\/218664-akcija-plug-pretresi-i-u-tuzlanskom-kantonu-do-sada-uhapseno-ukupno-12-osoba\/#breadcrumb\"},\"inLanguage\":\"bs-BA\",\"potentialAction\":[{\"@type\":\"ReadAction\",\"target\":[\"https:\/\/tuzlainfo.ba\/index.php\/bosna-i-hercegovina\/item\/218664-akcija-plug-pretresi-i-u-tuzlanskom-kantonu-do-sada-uhapseno-ukupno-12-osoba\/\"]}]},{\"@type\":\"ImageObject\",\"inLanguage\":\"bs-BA\",\"@id\":\"https:\/\/tuzlainfo.ba\/index.php\/bosna-i-hercegovina\/item\/218664-akcija-plug-pretresi-i-u-tuzlanskom-kantonu-do-sada-uhapseno-ukupno-12-osoba\/#primaryimage\",\"url\":\"https:\/\/tuzlainfo.ba\/wp-content\/uploads\/2021\/03\/sadrzaj_2016_2016-crna_0101_sipa.jpg\",\"contentUrl\":\"https:\/\/tuzlainfo.ba\/wp-content\/uploads\/2021\/03\/sadrzaj_2016_2016-crna_0101_sipa.jpg\",\"width\":770,\"height\":513,\"caption\":\"Foto: Ilustracija\"},{\"@type\":\"BreadcrumbList\",\"@id\":\"https:\/\/tuzlainfo.ba\/index.php\/bosna-i-hercegovina\/item\/218664-akcija-plug-pretresi-i-u-tuzlanskom-kantonu-do-sada-uhapseno-ukupno-12-osoba\/#breadcrumb\",\"itemListElement\":[{\"@type\":\"ListItem\",\"position\":1,\"name\":\"Home\",\"item\":\"https:\/\/tuzlainfo.ba\/\"},{\"@type\":\"ListItem\",\"position\":2,\"name\":\"Akcija Plug: Pretresi i u Tuzlanskom kantonu, do sada uhap\u0161eno ukupno 12 osoba\"}]},{\"@type\":\"WebSite\",\"@id\":\"https:\/\/tuzlainfo.ba\/#website\",\"url\":\"https:\/\/tuzlainfo.ba\/\",\"name\":\"TuzlaInfo.ba\",\"description\":\"Tuzla info, gradski informator - Tuzla na dlanu\",\"publisher\":{\"@id\":\"https:\/\/tuzlainfo.ba\/#organization\"},\"potentialAction\":[{\"@type\":\"SearchAction\",\"target\":{\"@type\":\"EntryPoint\",\"urlTemplate\":\"https:\/\/tuzlainfo.ba\/?s={search_term_string}\"},\"query-input\":{\"@type\":\"PropertyValueSpecification\",\"valueRequired\":true,\"valueName\":\"search_term_string\"}}],\"inLanguage\":\"bs-BA\"},{\"@type\":\"Organization\",\"@id\":\"https:\/\/tuzlainfo.ba\/#organization\",\"name\":\"TuzlaInfo.ba\",\"url\":\"https:\/\/tuzlainfo.ba\/\",\"logo\":{\"@type\":\"ImageObject\",\"inLanguage\":\"bs-BA\",\"@id\":\"https:\/\/tuzlainfo.ba\/#\/schema\/logo\/image\/\",\"url\":\"https:\/\/tuzlainfo.ba\/wp-content\/uploads\/2021\/03\/logo-ver-3-1.png\",\"contentUrl\":\"https:\/\/tuzlainfo.ba\/wp-content\/uploads\/2021\/03\/logo-ver-3-1.png\",\"width\":350,\"height\":95,\"caption\":\"TuzlaInfo.ba\"},\"image\":{\"@id\":\"https:\/\/tuzlainfo.ba\/#\/schema\/logo\/image\/\"},\"sameAs\":[\"https:\/\/www.facebook.com\/tuzlainfo.ba\/\"]},{\"@type\":\"Person\",\"@id\":\"https:\/\/tuzlainfo.ba\/#\/schema\/person\/f4ebe4fff27e68efb65fa7e18f8af372\",\"name\":\"admin2\",\"image\":{\"@type\":\"ImageObject\",\"inLanguage\":\"bs-BA\",\"@id\":\"https:\/\/tuzlainfo.ba\/#\/schema\/person\/image\/\",\"url\":\"https:\/\/tuzlainfo.ba\/wp-content\/litespeed\/avatar\/8219eeb9a43cff2d096e773737736f62.jpg?ver=1777309398\",\"contentUrl\":\"https:\/\/tuzlainfo.ba\/wp-content\/litespeed\/avatar\/8219eeb9a43cff2d096e773737736f62.jpg?ver=1777309398\",\"caption\":\"admin2\"},\"description\":\"Tuzlainfo.ba pratite na dru\u0161tvenim mre\u017eama: Facebook, Instagram i Youtube. Svoje pri\u010de, upite i fotografije \u0161aljite na na\u0161u e-mail adresu.\",\"sameAs\":[\"admin\"]}]}<\/script>\n<!-- \/ Yoast SEO plugin. -->","yoast_head_json":{"title":"Akcija Plug: Pretresi i u Tuzlanskom kantonu, do sada uhap\u0161eno ukupno 12 osoba - TuzlaInfo.ba","robots":{"index":"index","follow":"follow","max-snippet":"max-snippet:-1","max-image-preview":"max-image-preview:large","max-video-preview":"max-video-preview:-1"},"canonical":"https:\/\/tuzlainfo.ba\/index.php\/bosna-i-hercegovina\/item\/218664-akcija-plug-pretresi-i-u-tuzlanskom-kantonu-do-sada-uhapseno-ukupno-12-osoba\/","og_locale":"bs_BA","og_type":"article","og_title":"Akcija Plug: Pretresi i u Tuzlanskom kantonu, do sada uhap\u0161eno ukupno 12 osoba - TuzlaInfo.ba","og_description":"Policijski slu\u017ebenici Dr\u017eavne agencije za istrage i za\u0161titu su danas, u sklopu operativne akcije Plug,&hellip;","og_url":"https:\/\/tuzlainfo.ba\/index.php\/bosna-i-hercegovina\/item\/218664-akcija-plug-pretresi-i-u-tuzlanskom-kantonu-do-sada-uhapseno-ukupno-12-osoba\/","og_site_name":"TuzlaInfo.ba","article_publisher":"https:\/\/www.facebook.com\/tuzlainfo.ba\/","article_published_time":"2023-10-03T09:17:08+00:00","og_image":[{"width":770,"height":513,"url":"https:\/\/tuzlainfo.ba\/wp-content\/uploads\/2021\/03\/sadrzaj_2016_2016-crna_0101_sipa.jpg","type":"image\/jpeg"}],"author":"admin2","twitter_card":"summary_large_image","twitter_misc":{"Written by":"admin2","Est. reading time":"1 minuta"},"schema":{"@context":"https:\/\/schema.org","@graph":[{"@type":"Article","@id":"https:\/\/tuzlainfo.ba\/index.php\/bosna-i-hercegovina\/item\/218664-akcija-plug-pretresi-i-u-tuzlanskom-kantonu-do-sada-uhapseno-ukupno-12-osoba\/#article","isPartOf":{"@id":"https:\/\/tuzlainfo.ba\/index.php\/bosna-i-hercegovina\/item\/218664-akcija-plug-pretresi-i-u-tuzlanskom-kantonu-do-sada-uhapseno-ukupno-12-osoba\/"},"author":{"name":"admin2","@id":"https:\/\/tuzlainfo.ba\/#\/schema\/person\/f4ebe4fff27e68efb65fa7e18f8af372"},"headline":"Akcija Plug: Pretresi i u Tuzlanskom kantonu, do sada uhap\u0161eno ukupno 12 osoba","datePublished":"2023-10-03T09:17:08+00:00","dateModified":"2023-10-03T09:17:08+00:00","mainEntityOfPage":{"@id":"https:\/\/tuzlainfo.ba\/index.php\/bosna-i-hercegovina\/item\/218664-akcija-plug-pretresi-i-u-tuzlanskom-kantonu-do-sada-uhapseno-ukupno-12-osoba\/"},"wordCount":306,"commentCount":0,"publisher":{"@id":"https:\/\/tuzlainfo.ba\/#organization"},"image":{"@id":"https:\/\/tuzlainfo.ba\/index.php\/bosna-i-hercegovina\/item\/218664-akcija-plug-pretresi-i-u-tuzlanskom-kantonu-do-sada-uhapseno-ukupno-12-osoba\/#primaryimage"},"thumbnailUrl":"https:\/\/tuzlainfo.ba\/wp-content\/uploads\/2021\/03\/sadrzaj_2016_2016-crna_0101_sipa.jpg","keywords":["akcija plug"],"articleSection":["Bosna i Hercegovina"],"inLanguage":"bs-BA"},{"@type":"WebPage","@id":"https:\/\/tuzlainfo.ba\/index.php\/bosna-i-hercegovina\/item\/218664-akcija-plug-pretresi-i-u-tuzlanskom-kantonu-do-sada-uhapseno-ukupno-12-osoba\/","url":"https:\/\/tuzlainfo.ba\/index.php\/bosna-i-hercegovina\/item\/218664-akcija-plug-pretresi-i-u-tuzlanskom-kantonu-do-sada-uhapseno-ukupno-12-osoba\/","name":"Akcija Plug: Pretresi i u Tuzlanskom kantonu, do sada uhap\u0161eno ukupno 12 osoba - TuzlaInfo.ba","isPartOf":{"@id":"https:\/\/tuzlainfo.ba\/#website"},"primaryImageOfPage":{"@id":"https:\/\/tuzlainfo.ba\/index.php\/bosna-i-hercegovina\/item\/218664-akcija-plug-pretresi-i-u-tuzlanskom-kantonu-do-sada-uhapseno-ukupno-12-osoba\/#primaryimage"},"image":{"@id":"https:\/\/tuzlainfo.ba\/index.php\/bosna-i-hercegovina\/item\/218664-akcija-plug-pretresi-i-u-tuzlanskom-kantonu-do-sada-uhapseno-ukupno-12-osoba\/#primaryimage"},"thumbnailUrl":"https:\/\/tuzlainfo.ba\/wp-content\/uploads\/2021\/03\/sadrzaj_2016_2016-crna_0101_sipa.jpg","datePublished":"2023-10-03T09:17:08+00:00","dateModified":"2023-10-03T09:17:08+00:00","breadcrumb":{"@id":"https:\/\/tuzlainfo.ba\/index.php\/bosna-i-hercegovina\/item\/218664-akcija-plug-pretresi-i-u-tuzlanskom-kantonu-do-sada-uhapseno-ukupno-12-osoba\/#breadcrumb"},"inLanguage":"bs-BA","potentialAction":[{"@type":"ReadAction","target":["https:\/\/tuzlainfo.ba\/index.php\/bosna-i-hercegovina\/item\/218664-akcija-plug-pretresi-i-u-tuzlanskom-kantonu-do-sada-uhapseno-ukupno-12-osoba\/"]}]},{"@type":"ImageObject","inLanguage":"bs-BA","@id":"https:\/\/tuzlainfo.ba\/index.php\/bosna-i-hercegovina\/item\/218664-akcija-plug-pretresi-i-u-tuzlanskom-kantonu-do-sada-uhapseno-ukupno-12-osoba\/#primaryimage","url":"https:\/\/tuzlainfo.ba\/wp-content\/uploads\/2021\/03\/sadrzaj_2016_2016-crna_0101_sipa.jpg","contentUrl":"https:\/\/tuzlainfo.ba\/wp-content\/uploads\/2021\/03\/sadrzaj_2016_2016-crna_0101_sipa.jpg","width":770,"height":513,"caption":"Foto: Ilustracija"},{"@type":"BreadcrumbList","@id":"https:\/\/tuzlainfo.ba\/index.php\/bosna-i-hercegovina\/item\/218664-akcija-plug-pretresi-i-u-tuzlanskom-kantonu-do-sada-uhapseno-ukupno-12-osoba\/#breadcrumb","itemListElement":[{"@type":"ListItem","position":1,"name":"Home","item":"https:\/\/tuzlainfo.ba\/"},{"@type":"ListItem","position":2,"name":"Akcija Plug: Pretresi i u Tuzlanskom kantonu, do sada uhap\u0161eno ukupno 12 osoba"}]},{"@type":"WebSite","@id":"https:\/\/tuzlainfo.ba\/#website","url":"https:\/\/tuzlainfo.ba\/","name":"TuzlaInfo.ba","description":"Tuzla info, gradski informator - Tuzla na dlanu","publisher":{"@id":"https:\/\/tuzlainfo.ba\/#organization"},"potentialAction":[{"@type":"SearchAction","target":{"@type":"EntryPoint","urlTemplate":"https:\/\/tuzlainfo.ba\/?s={search_term_string}"},"query-input":{"@type":"PropertyValueSpecification","valueRequired":true,"valueName":"search_term_string"}}],"inLanguage":"bs-BA"},{"@type":"Organization","@id":"https:\/\/tuzlainfo.ba\/#organization","name":"TuzlaInfo.ba","url":"https:\/\/tuzlainfo.ba\/","logo":{"@type":"ImageObject","inLanguage":"bs-BA","@id":"https:\/\/tuzlainfo.ba\/#\/schema\/logo\/image\/","url":"https:\/\/tuzlainfo.ba\/wp-content\/uploads\/2021\/03\/logo-ver-3-1.png","contentUrl":"https:\/\/tuzlainfo.ba\/wp-content\/uploads\/2021\/03\/logo-ver-3-1.png","width":350,"height":95,"caption":"TuzlaInfo.ba"},"image":{"@id":"https:\/\/tuzlainfo.ba\/#\/schema\/logo\/image\/"},"sameAs":["https:\/\/www.facebook.com\/tuzlainfo.ba\/"]},{"@type":"Person","@id":"https:\/\/tuzlainfo.ba\/#\/schema\/person\/f4ebe4fff27e68efb65fa7e18f8af372","name":"admin2","image":{"@type":"ImageObject","inLanguage":"bs-BA","@id":"https:\/\/tuzlainfo.ba\/#\/schema\/person\/image\/","url":"https:\/\/tuzlainfo.ba\/wp-content\/litespeed\/avatar\/8219eeb9a43cff2d096e773737736f62.jpg?ver=1777309398","contentUrl":"https:\/\/tuzlainfo.ba\/wp-content\/litespeed\/avatar\/8219eeb9a43cff2d096e773737736f62.jpg?ver=1777309398","caption":"admin2"},"description":"Tuzlainfo.ba pratite na dru\u0161tvenim mre\u017eama: Facebook, Instagram i Youtube. Svoje pri\u010de, upite i fotografije \u0161aljite na na\u0161u e-mail adresu.","sameAs":["admin"]}]}},"_links":{"self":[{"href":"https:\/\/tuzlainfo.ba\/index.php\/wp-json\/wp\/v2\/posts\/218664"}],"collection":[{"href":"https:\/\/tuzlainfo.ba\/index.php\/wp-json\/wp\/v2\/posts"}],"about":[{"href":"https:\/\/tuzlainfo.ba\/index.php\/wp-json\/wp\/v2\/types\/post"}],"author":[{"embeddable":true,"href":"https:\/\/tuzlainfo.ba\/index.php\/wp-json\/wp\/v2\/users\/3"}],"replies":[{"embeddable":true,"href":"https:\/\/tuzlainfo.ba\/index.php\/wp-json\/wp\/v2\/comments?post=218664"}],"version-history":[{"count":1,"href":"https:\/\/tuzlainfo.ba\/index.php\/wp-json\/wp\/v2\/posts\/218664\/revisions"}],"predecessor-version":[{"id":218665,"href":"https:\/\/tuzlainfo.ba\/index.php\/wp-json\/wp\/v2\/posts\/218664\/revisions\/218665"}],"wp:featuredmedia":[{"embeddable":true,"href":"https:\/\/tuzlainfo.ba\/index.php\/wp-json\/wp\/v2\/media\/134123"}],"wp:attachment":[{"href":"https:\/\/tuzlainfo.ba\/index.php\/wp-json\/wp\/v2\/media?parent=218664"}],"wp:term":[{"taxonomy":"category","embeddable":true,"href":"https:\/\/tuzlainfo.ba\/index.php\/wp-json\/wp\/v2\/categories?post=218664"},{"taxonomy":"post_tag","embeddable":true,"href":"https:\/\/tuzlainfo.ba\/index.php\/wp-json\/wp\/v2\/tags?post=218664"}],"curies":[{"name":"wp","href":"https:\/\/api.w.org\/{rel}","templated":true}]}}