{"id":218511,"date":"2023-10-01T15:54:25","date_gmt":"2023-10-01T13:54:25","guid":{"rendered":"https:\/\/tuzlainfo.ba\/?p=218511"},"modified":"2023-10-01T15:54:25","modified_gmt":"2023-10-01T13:54:25","slug":"preminuo-asim-horozic-istaknuti-bh-kompozitor","status":"publish","type":"post","link":"https:\/\/tuzlainfo.ba\/index.php\/novosti\/item\/218511-preminuo-asim-horozic-istaknuti-bh-kompozitor\/","title":{"rendered":"Preminuo Asim Horozi\u0107, istaknuti bh. kompozitor"},"content":{"rendered":"<p>Jutros je u 65. godini \u017eivota preminuo istaknuti bosanskohercegova\u010dki kompozitor Asim Horozi\u0107. Ro\u0111en je u Tuzli 1958. godine i bio je jedna od najzna\u010dajnijih muzi\u010dkih li\u010dnosti u savremenoj bosanskohercegova\u010dkoj umjetni\u010dkoj muzici. Komponovao je opere Hasanaginica, Aska i Vuk i Zmaj od Bosne , a njegova djela izvo\u0111ena su \u0161irom svijeta. Asim Horozi\u0107 je komponovao i koncertni stav za klarinet i orkestar &#8220;Kapija&#8221;, posve\u0107en stradanju tuzlanske mladosti 25. maja 1995. godine, te mnoga druga djela za solisti\u010dke instrumente, orkestar, kamerne sastave. Diplomirao je kompoziciju na Muzi\u010dkoj\u00a0akademiji u Sarajevu, a po zavr\u0161etku studija vratio se u Tuzlu.<\/p>\n<p>Karijera Asima Horozi\u0107a ispunjena je mnogim uspjesima i dobitnik je brojnih priznanja, od kojih se posebno izdvaja \u010duvena \u201d\u0160estoaprilska nagrada Grada Sarajeva\u201d za doprinos u oblasti kulture i umjetnosti, koja mu je dodijeljena 2021. godine.<\/p>\n<p>Asim Horozi\u0107 je ostavio ogroman umjetni\u010dki opus generacijama koje dolaze i ostavio neizbrisiv trag u istoriji umjetni\u010dke muzike Bosne i Hercegovine.<\/p>\n<p>Datum i mjesto posljednjeg ispra\u0107aja Asima Horozi\u0107a bi\u0107e naknadno objavljeni.<\/p>\n","protected":false},"excerpt":{"rendered":"<p>Jutros je u 65. godini \u017eivota preminuo istaknuti bosanskohercegova\u010dki kompozitor Asim Horozi\u0107. Ro\u0111en je u&hellip;<\/p>\n","protected":false},"author":4,"featured_media":218512,"comment_status":"open","ping_status":"closed","sticky":false,"template":"","format":"standard","meta":{"_acf_changed":false,"footnotes":""},"categories":[304,12],"tags":[8359],"acf":[],"yoast_head":"<!-- This site is optimized with the Yoast SEO plugin v23.5 - https:\/\/yoast.com\/wordpress\/plugins\/seo\/ -->\n<title>Preminuo Asim Horozi\u0107, istaknuti bh. kompozitor - TuzlaInfo.ba<\/title>\n<meta name=\"robots\" content=\"index, follow, max-snippet:-1, max-image-preview:large, max-video-preview:-1\" \/>\n<link rel=\"canonical\" href=\"https:\/\/tuzlainfo.ba\/index.php\/novosti\/item\/218511-preminuo-asim-horozic-istaknuti-bh-kompozitor\/\" \/>\n<meta property=\"og:locale\" content=\"bs_BA\" \/>\n<meta property=\"og:type\" content=\"article\" \/>\n<meta property=\"og:title\" content=\"Preminuo Asim Horozi\u0107, istaknuti bh. kompozitor - TuzlaInfo.ba\" \/>\n<meta property=\"og:description\" content=\"Jutros je u 65. godini \u017eivota preminuo istaknuti bosanskohercegova\u010dki kompozitor Asim Horozi\u0107. Ro\u0111en je u&hellip;\" \/>\n<meta property=\"og:url\" content=\"https:\/\/tuzlainfo.ba\/index.php\/novosti\/item\/218511-preminuo-asim-horozic-istaknuti-bh-kompozitor\/\" \/>\n<meta property=\"og:site_name\" content=\"TuzlaInfo.ba\" \/>\n<meta property=\"article:publisher\" content=\"https:\/\/www.facebook.com\/tuzlainfo.ba\/\" \/>\n<meta property=\"article:published_time\" content=\"2023-10-01T13:54:25+00:00\" \/>\n<meta property=\"og:image\" content=\"https:\/\/tuzlainfo.ba\/wp-content\/uploads\/2023\/10\/inbound1746308305728673524.jpg\" \/>\n\t<meta property=\"og:image:width\" content=\"800\" \/>\n\t<meta property=\"og:image:height\" content=\"515\" \/>\n\t<meta property=\"og:image:type\" content=\"image\/jpeg\" \/>\n<meta name=\"author\" content=\"Tuzla Info\" \/>\n<meta name=\"twitter:card\" content=\"summary_large_image\" \/>\n<meta name=\"twitter:label1\" content=\"Written by\" \/>\n\t<meta name=\"twitter:data1\" content=\"Tuzla Info\" \/>\n\t<meta name=\"twitter:label2\" content=\"Est. reading time\" \/>\n\t<meta name=\"twitter:data2\" content=\"1 minuta\" \/>\n<script type=\"application\/ld+json\" class=\"yoast-schema-graph\">{\"@context\":\"https:\/\/schema.org\",\"@graph\":[{\"@type\":\"Article\",\"@id\":\"https:\/\/tuzlainfo.ba\/index.php\/novosti\/item\/218511-preminuo-asim-horozic-istaknuti-bh-kompozitor\/#article\",\"isPartOf\":{\"@id\":\"https:\/\/tuzlainfo.ba\/index.php\/novosti\/item\/218511-preminuo-asim-horozic-istaknuti-bh-kompozitor\/\"},\"author\":{\"name\":\"Tuzla Info\",\"@id\":\"https:\/\/tuzlainfo.ba\/#\/schema\/person\/46cad4c57790cbc50781edd14870825a\"},\"headline\":\"Preminuo Asim Horozi\u0107, istaknuti bh. kompozitor\",\"datePublished\":\"2023-10-01T13:54:25+00:00\",\"dateModified\":\"2023-10-01T13:54:25+00:00\",\"mainEntityOfPage\":{\"@id\":\"https:\/\/tuzlainfo.ba\/index.php\/novosti\/item\/218511-preminuo-asim-horozic-istaknuti-bh-kompozitor\/\"},\"wordCount\":180,\"commentCount\":0,\"publisher\":{\"@id\":\"https:\/\/tuzlainfo.ba\/#organization\"},\"image\":{\"@id\":\"https:\/\/tuzlainfo.ba\/index.php\/novosti\/item\/218511-preminuo-asim-horozic-istaknuti-bh-kompozitor\/#primaryimage\"},\"thumbnailUrl\":\"https:\/\/tuzlainfo.ba\/wp-content\/uploads\/2023\/10\/inbound1746308305728673524.jpg\",\"keywords\":[\"Asim Horozi\u0107\"],\"articleSection\":[\"Istaknuto\",\"Novosti\"],\"inLanguage\":\"bs-BA\"},{\"@type\":\"WebPage\",\"@id\":\"https:\/\/tuzlainfo.ba\/index.php\/novosti\/item\/218511-preminuo-asim-horozic-istaknuti-bh-kompozitor\/\",\"url\":\"https:\/\/tuzlainfo.ba\/index.php\/novosti\/item\/218511-preminuo-asim-horozic-istaknuti-bh-kompozitor\/\",\"name\":\"Preminuo Asim Horozi\u0107, istaknuti bh. kompozitor - TuzlaInfo.ba\",\"isPartOf\":{\"@id\":\"https:\/\/tuzlainfo.ba\/#website\"},\"primaryImageOfPage\":{\"@id\":\"https:\/\/tuzlainfo.ba\/index.php\/novosti\/item\/218511-preminuo-asim-horozic-istaknuti-bh-kompozitor\/#primaryimage\"},\"image\":{\"@id\":\"https:\/\/tuzlainfo.ba\/index.php\/novosti\/item\/218511-preminuo-asim-horozic-istaknuti-bh-kompozitor\/#primaryimage\"},\"thumbnailUrl\":\"https:\/\/tuzlainfo.ba\/wp-content\/uploads\/2023\/10\/inbound1746308305728673524.jpg\",\"datePublished\":\"2023-10-01T13:54:25+00:00\",\"dateModified\":\"2023-10-01T13:54:25+00:00\",\"breadcrumb\":{\"@id\":\"https:\/\/tuzlainfo.ba\/index.php\/novosti\/item\/218511-preminuo-asim-horozic-istaknuti-bh-kompozitor\/#breadcrumb\"},\"inLanguage\":\"bs-BA\",\"potentialAction\":[{\"@type\":\"ReadAction\",\"target\":[\"https:\/\/tuzlainfo.ba\/index.php\/novosti\/item\/218511-preminuo-asim-horozic-istaknuti-bh-kompozitor\/\"]}]},{\"@type\":\"ImageObject\",\"inLanguage\":\"bs-BA\",\"@id\":\"https:\/\/tuzlainfo.ba\/index.php\/novosti\/item\/218511-preminuo-asim-horozic-istaknuti-bh-kompozitor\/#primaryimage\",\"url\":\"https:\/\/tuzlainfo.ba\/wp-content\/uploads\/2023\/10\/inbound1746308305728673524.jpg\",\"contentUrl\":\"https:\/\/tuzlainfo.ba\/wp-content\/uploads\/2023\/10\/inbound1746308305728673524.jpg\",\"width\":800,\"height\":515},{\"@type\":\"BreadcrumbList\",\"@id\":\"https:\/\/tuzlainfo.ba\/index.php\/novosti\/item\/218511-preminuo-asim-horozic-istaknuti-bh-kompozitor\/#breadcrumb\",\"itemListElement\":[{\"@type\":\"ListItem\",\"position\":1,\"name\":\"Home\",\"item\":\"https:\/\/tuzlainfo.ba\/\"},{\"@type\":\"ListItem\",\"position\":2,\"name\":\"Preminuo Asim Horozi\u0107, istaknuti bh. kompozitor\"}]},{\"@type\":\"WebSite\",\"@id\":\"https:\/\/tuzlainfo.ba\/#website\",\"url\":\"https:\/\/tuzlainfo.ba\/\",\"name\":\"TuzlaInfo.ba\",\"description\":\"Tuzla info, gradski informator - Tuzla na dlanu\",\"publisher\":{\"@id\":\"https:\/\/tuzlainfo.ba\/#organization\"},\"potentialAction\":[{\"@type\":\"SearchAction\",\"target\":{\"@type\":\"EntryPoint\",\"urlTemplate\":\"https:\/\/tuzlainfo.ba\/?s={search_term_string}\"},\"query-input\":{\"@type\":\"PropertyValueSpecification\",\"valueRequired\":true,\"valueName\":\"search_term_string\"}}],\"inLanguage\":\"bs-BA\"},{\"@type\":\"Organization\",\"@id\":\"https:\/\/tuzlainfo.ba\/#organization\",\"name\":\"TuzlaInfo.ba\",\"url\":\"https:\/\/tuzlainfo.ba\/\",\"logo\":{\"@type\":\"ImageObject\",\"inLanguage\":\"bs-BA\",\"@id\":\"https:\/\/tuzlainfo.ba\/#\/schema\/logo\/image\/\",\"url\":\"https:\/\/tuzlainfo.ba\/wp-content\/uploads\/2021\/03\/logo-ver-3-1.png\",\"contentUrl\":\"https:\/\/tuzlainfo.ba\/wp-content\/uploads\/2021\/03\/logo-ver-3-1.png\",\"width\":350,\"height\":95,\"caption\":\"TuzlaInfo.ba\"},\"image\":{\"@id\":\"https:\/\/tuzlainfo.ba\/#\/schema\/logo\/image\/\"},\"sameAs\":[\"https:\/\/www.facebook.com\/tuzlainfo.ba\/\"]},{\"@type\":\"Person\",\"@id\":\"https:\/\/tuzlainfo.ba\/#\/schema\/person\/46cad4c57790cbc50781edd14870825a\",\"name\":\"Tuzla Info\",\"image\":{\"@type\":\"ImageObject\",\"inLanguage\":\"bs-BA\",\"@id\":\"https:\/\/tuzlainfo.ba\/#\/schema\/person\/image\/\",\"url\":\"https:\/\/tuzlainfo.ba\/wp-content\/litespeed\/avatar\/b6c453a6c38e3654f2e4416c643fc25c.jpg?ver=1777656712\",\"contentUrl\":\"https:\/\/tuzlainfo.ba\/wp-content\/litespeed\/avatar\/b6c453a6c38e3654f2e4416c643fc25c.jpg?ver=1777656712\",\"caption\":\"Tuzla Info\"}}]}<\/script>\n<!-- \/ Yoast SEO plugin. -->","yoast_head_json":{"title":"Preminuo Asim Horozi\u0107, istaknuti bh. kompozitor - TuzlaInfo.ba","robots":{"index":"index","follow":"follow","max-snippet":"max-snippet:-1","max-image-preview":"max-image-preview:large","max-video-preview":"max-video-preview:-1"},"canonical":"https:\/\/tuzlainfo.ba\/index.php\/novosti\/item\/218511-preminuo-asim-horozic-istaknuti-bh-kompozitor\/","og_locale":"bs_BA","og_type":"article","og_title":"Preminuo Asim Horozi\u0107, istaknuti bh. kompozitor - TuzlaInfo.ba","og_description":"Jutros je u 65. godini \u017eivota preminuo istaknuti bosanskohercegova\u010dki kompozitor Asim Horozi\u0107. Ro\u0111en je u&hellip;","og_url":"https:\/\/tuzlainfo.ba\/index.php\/novosti\/item\/218511-preminuo-asim-horozic-istaknuti-bh-kompozitor\/","og_site_name":"TuzlaInfo.ba","article_publisher":"https:\/\/www.facebook.com\/tuzlainfo.ba\/","article_published_time":"2023-10-01T13:54:25+00:00","og_image":[{"width":800,"height":515,"url":"https:\/\/tuzlainfo.ba\/wp-content\/uploads\/2023\/10\/inbound1746308305728673524.jpg","type":"image\/jpeg"}],"author":"Tuzla Info","twitter_card":"summary_large_image","twitter_misc":{"Written by":"Tuzla Info","Est. reading time":"1 minuta"},"schema":{"@context":"https:\/\/schema.org","@graph":[{"@type":"Article","@id":"https:\/\/tuzlainfo.ba\/index.php\/novosti\/item\/218511-preminuo-asim-horozic-istaknuti-bh-kompozitor\/#article","isPartOf":{"@id":"https:\/\/tuzlainfo.ba\/index.php\/novosti\/item\/218511-preminuo-asim-horozic-istaknuti-bh-kompozitor\/"},"author":{"name":"Tuzla Info","@id":"https:\/\/tuzlainfo.ba\/#\/schema\/person\/46cad4c57790cbc50781edd14870825a"},"headline":"Preminuo Asim Horozi\u0107, istaknuti bh. kompozitor","datePublished":"2023-10-01T13:54:25+00:00","dateModified":"2023-10-01T13:54:25+00:00","mainEntityOfPage":{"@id":"https:\/\/tuzlainfo.ba\/index.php\/novosti\/item\/218511-preminuo-asim-horozic-istaknuti-bh-kompozitor\/"},"wordCount":180,"commentCount":0,"publisher":{"@id":"https:\/\/tuzlainfo.ba\/#organization"},"image":{"@id":"https:\/\/tuzlainfo.ba\/index.php\/novosti\/item\/218511-preminuo-asim-horozic-istaknuti-bh-kompozitor\/#primaryimage"},"thumbnailUrl":"https:\/\/tuzlainfo.ba\/wp-content\/uploads\/2023\/10\/inbound1746308305728673524.jpg","keywords":["Asim Horozi\u0107"],"articleSection":["Istaknuto","Novosti"],"inLanguage":"bs-BA"},{"@type":"WebPage","@id":"https:\/\/tuzlainfo.ba\/index.php\/novosti\/item\/218511-preminuo-asim-horozic-istaknuti-bh-kompozitor\/","url":"https:\/\/tuzlainfo.ba\/index.php\/novosti\/item\/218511-preminuo-asim-horozic-istaknuti-bh-kompozitor\/","name":"Preminuo Asim Horozi\u0107, istaknuti bh. kompozitor - TuzlaInfo.ba","isPartOf":{"@id":"https:\/\/tuzlainfo.ba\/#website"},"primaryImageOfPage":{"@id":"https:\/\/tuzlainfo.ba\/index.php\/novosti\/item\/218511-preminuo-asim-horozic-istaknuti-bh-kompozitor\/#primaryimage"},"image":{"@id":"https:\/\/tuzlainfo.ba\/index.php\/novosti\/item\/218511-preminuo-asim-horozic-istaknuti-bh-kompozitor\/#primaryimage"},"thumbnailUrl":"https:\/\/tuzlainfo.ba\/wp-content\/uploads\/2023\/10\/inbound1746308305728673524.jpg","datePublished":"2023-10-01T13:54:25+00:00","dateModified":"2023-10-01T13:54:25+00:00","breadcrumb":{"@id":"https:\/\/tuzlainfo.ba\/index.php\/novosti\/item\/218511-preminuo-asim-horozic-istaknuti-bh-kompozitor\/#breadcrumb"},"inLanguage":"bs-BA","potentialAction":[{"@type":"ReadAction","target":["https:\/\/tuzlainfo.ba\/index.php\/novosti\/item\/218511-preminuo-asim-horozic-istaknuti-bh-kompozitor\/"]}]},{"@type":"ImageObject","inLanguage":"bs-BA","@id":"https:\/\/tuzlainfo.ba\/index.php\/novosti\/item\/218511-preminuo-asim-horozic-istaknuti-bh-kompozitor\/#primaryimage","url":"https:\/\/tuzlainfo.ba\/wp-content\/uploads\/2023\/10\/inbound1746308305728673524.jpg","contentUrl":"https:\/\/tuzlainfo.ba\/wp-content\/uploads\/2023\/10\/inbound1746308305728673524.jpg","width":800,"height":515},{"@type":"BreadcrumbList","@id":"https:\/\/tuzlainfo.ba\/index.php\/novosti\/item\/218511-preminuo-asim-horozic-istaknuti-bh-kompozitor\/#breadcrumb","itemListElement":[{"@type":"ListItem","position":1,"name":"Home","item":"https:\/\/tuzlainfo.ba\/"},{"@type":"ListItem","position":2,"name":"Preminuo Asim Horozi\u0107, istaknuti bh. kompozitor"}]},{"@type":"WebSite","@id":"https:\/\/tuzlainfo.ba\/#website","url":"https:\/\/tuzlainfo.ba\/","name":"TuzlaInfo.ba","description":"Tuzla info, gradski informator - Tuzla na dlanu","publisher":{"@id":"https:\/\/tuzlainfo.ba\/#organization"},"potentialAction":[{"@type":"SearchAction","target":{"@type":"EntryPoint","urlTemplate":"https:\/\/tuzlainfo.ba\/?s={search_term_string}"},"query-input":{"@type":"PropertyValueSpecification","valueRequired":true,"valueName":"search_term_string"}}],"inLanguage":"bs-BA"},{"@type":"Organization","@id":"https:\/\/tuzlainfo.ba\/#organization","name":"TuzlaInfo.ba","url":"https:\/\/tuzlainfo.ba\/","logo":{"@type":"ImageObject","inLanguage":"bs-BA","@id":"https:\/\/tuzlainfo.ba\/#\/schema\/logo\/image\/","url":"https:\/\/tuzlainfo.ba\/wp-content\/uploads\/2021\/03\/logo-ver-3-1.png","contentUrl":"https:\/\/tuzlainfo.ba\/wp-content\/uploads\/2021\/03\/logo-ver-3-1.png","width":350,"height":95,"caption":"TuzlaInfo.ba"},"image":{"@id":"https:\/\/tuzlainfo.ba\/#\/schema\/logo\/image\/"},"sameAs":["https:\/\/www.facebook.com\/tuzlainfo.ba\/"]},{"@type":"Person","@id":"https:\/\/tuzlainfo.ba\/#\/schema\/person\/46cad4c57790cbc50781edd14870825a","name":"Tuzla Info","image":{"@type":"ImageObject","inLanguage":"bs-BA","@id":"https:\/\/tuzlainfo.ba\/#\/schema\/person\/image\/","url":"https:\/\/tuzlainfo.ba\/wp-content\/litespeed\/avatar\/b6c453a6c38e3654f2e4416c643fc25c.jpg?ver=1777656712","contentUrl":"https:\/\/tuzlainfo.ba\/wp-content\/litespeed\/avatar\/b6c453a6c38e3654f2e4416c643fc25c.jpg?ver=1777656712","caption":"Tuzla Info"}}]}},"_links":{"self":[{"href":"https:\/\/tuzlainfo.ba\/index.php\/wp-json\/wp\/v2\/posts\/218511"}],"collection":[{"href":"https:\/\/tuzlainfo.ba\/index.php\/wp-json\/wp\/v2\/posts"}],"about":[{"href":"https:\/\/tuzlainfo.ba\/index.php\/wp-json\/wp\/v2\/types\/post"}],"author":[{"embeddable":true,"href":"https:\/\/tuzlainfo.ba\/index.php\/wp-json\/wp\/v2\/users\/4"}],"replies":[{"embeddable":true,"href":"https:\/\/tuzlainfo.ba\/index.php\/wp-json\/wp\/v2\/comments?post=218511"}],"version-history":[{"count":1,"href":"https:\/\/tuzlainfo.ba\/index.php\/wp-json\/wp\/v2\/posts\/218511\/revisions"}],"predecessor-version":[{"id":218513,"href":"https:\/\/tuzlainfo.ba\/index.php\/wp-json\/wp\/v2\/posts\/218511\/revisions\/218513"}],"wp:featuredmedia":[{"embeddable":true,"href":"https:\/\/tuzlainfo.ba\/index.php\/wp-json\/wp\/v2\/media\/218512"}],"wp:attachment":[{"href":"https:\/\/tuzlainfo.ba\/index.php\/wp-json\/wp\/v2\/media?parent=218511"}],"wp:term":[{"taxonomy":"category","embeddable":true,"href":"https:\/\/tuzlainfo.ba\/index.php\/wp-json\/wp\/v2\/categories?post=218511"},{"taxonomy":"post_tag","embeddable":true,"href":"https:\/\/tuzlainfo.ba\/index.php\/wp-json\/wp\/v2\/tags?post=218511"}],"curies":[{"name":"wp","href":"https:\/\/api.w.org\/{rel}","templated":true}]}}