{"id":218474,"date":"2023-10-01T12:03:43","date_gmt":"2023-10-01T10:03:43","guid":{"rendered":"https:\/\/tuzlainfo.ba\/?p=218474"},"modified":"2023-10-01T12:05:20","modified_gmt":"2023-10-01T10:05:20","slug":"foto-brcanska-malta-otvoren-spomen-park-sa-spomenikom-braniocima-tuzle-i-bih-15-maj","status":"publish","type":"post","link":"https:\/\/tuzlainfo.ba\/index.php\/novosti\/item\/218474-foto-brcanska-malta-otvoren-spomen-park-sa-spomenikom-braniocima-tuzle-i-bih-15-maj\/","title":{"rendered":"FOTO \/ Br\u010danska Malta: Otvoren Spomen park sa spomenikom braniocima Tuzle i BiH \u2013 15. maj"},"content":{"rendered":"<p>Spomen park sa spomenikom braniocima Tuzle i BiH \u2013 15. maj, na Br\u010danskoj Malti, u znak zahvalnosti braniocima Tuzle i Bosne i Hercegovine u odbrani od agresije 1992.-1995.godine, sve\u010dano je otvoren danas u okviru obilje\u017eavanja 2. oktobra Dana oslobo\u0111enja Tuzle.<\/p>\n<p>&#8211; Dan oslobo\u0111enja Tuzle u 2. svjetskom ratu tradicionalno proslavljamo. Ove godine smo se odlu\u010dili da ta proslava traje dva dana. Danas otvaramo ovaj Spomen park 15. maj, koji je\u00a0 veoma zna\u010dajaj datum, ako ne i najzna\u010dajniji datum u novijoj historiji Tuzle. Tog dana Tuzla je ponovo odbranjena, odbranjen je tuzlanski na\u010din \u017eivota, zajedni\u010dki \u017eivot i ona ideja antifa\u0161izma, ljubavi i po\u0161tovanja razli\u010ditosti. To je ono \u0161to Tuzla jeste. Otvaranje ovog spomen parka je jo\u0161 jedna dodatna nota u obilje\u017eavanju Dana grada Tuzle &#8211; rekao je prilikom otvaranja <strong>Zijad Lugavi\u0107<\/strong>, gradona\u010delnik Tuzle, napomenuv\u0161i da i u budu\u0107nosti moramo \u010duvati uspomenu na branioce grada Tuzle i da je ovo spomen obilje\u017eje jedan od na\u010dina da to \u010dinimo.<\/p>\n<p>Ceremoniji sve\u010danog otavranja pored delegacija Grada Tuzle, Gradskog vije\u010da, te gra\u0111ana i brojnih zvanica iz javnog i politi\u010dkog \u017eivota, prisustvovali su i priapdnici policije te drugih odbrambenih jednica koje su u\u010destvovale u odbrani Tuzle tokom agresije 1992.-1995.<\/p>\n<p>&#8211; Mnogi od nas su ostavili svoje dijelova tijela, mnogi su ostali bez bliskih osoba, mnogi su dali i \u017eivote za ovo \u0161to danas u\u017eivamo. Ovaj spomen park podsje\u0107a na doga\u0111aj je iz perioda odbrane Tuzle i 15. maj dan kad je odbranjena Tuzla i kada je sprije\u010deno ono \u0161to se od strane agresora de\u0161avalo u drugim gradovima u BiH. Moram ista\u0107i zahvalnost biv\u0161em i sada\u0161njem gradona\u010delniku Tuzle koji su podr\u017eali na\u0161u dugogodi\u0161nju inicijativu da na adekvatan na\u010din obilje\u017eemo mjesto obrane Tuzle. Moram ista\u0107i da smo pozitivno iznena\u0111eni ovakvim rje\u0161enjem i ovakvim zdanjem koje ima vi\u0161etruku svrhu &#8211; rekao je <strong>Ahmet Zuli\u0107<\/strong>\u00a0 predsjednik Udru\u017eenja policije &#8220;Manevarac&#8221; Tuzla.<\/p>\n<div id='gallery-1' class='gallery galleryid-218474 gallery-columns-5 gallery-size-thumbnail'><figure class='gallery-item'>\n\t\t\t<div class='gallery-icon landscape'>\n\t\t\t\t<a href='https:\/\/tuzlainfo.ba\/index.php\/novosti\/item\/218474-foto-brcanska-malta-otvoren-spomen-park-sa-spomenikom-braniocima-tuzle-i-bih-15-maj\/attachment\/0110_spomenpark-1\/'><img decoding=\"async\" width=\"150\" height=\"150\" src=\"https:\/\/tuzlainfo.ba\/wp-content\/uploads\/2023\/10\/0110_spomenpark-1-150x150.jpg\" class=\"attachment-thumbnail size-thumbnail\" alt=\"\" srcset=\"https:\/\/tuzlainfo.ba\/wp-content\/uploads\/2023\/10\/0110_spomenpark-1-150x150.jpg 150w, https:\/\/tuzlainfo.ba\/wp-content\/uploads\/2023\/10\/0110_spomenpark-1-585x585.jpg 585w, https:\/\/tuzlainfo.ba\/wp-content\/uploads\/2023\/10\/0110_spomenpark-1-45x45.jpg 45w\" sizes=\"(max-width: 150px) 100vw, 150px\" \/><\/a>\n\t\t\t<\/div><\/figure><figure class='gallery-item'>\n\t\t\t<div class='gallery-icon landscape'>\n\t\t\t\t<a href='https:\/\/tuzlainfo.ba\/index.php\/novosti\/item\/218474-foto-brcanska-malta-otvoren-spomen-park-sa-spomenikom-braniocima-tuzle-i-bih-15-maj\/attachment\/0110_spomenpark-5\/'><img decoding=\"async\" width=\"150\" height=\"150\" src=\"https:\/\/tuzlainfo.ba\/wp-content\/uploads\/2023\/10\/0110_spomenpark-5-150x150.jpg\" class=\"attachment-thumbnail size-thumbnail\" alt=\"\" srcset=\"https:\/\/tuzlainfo.ba\/wp-content\/uploads\/2023\/10\/0110_spomenpark-5-150x150.jpg 150w, https:\/\/tuzlainfo.ba\/wp-content\/uploads\/2023\/10\/0110_spomenpark-5-585x585.jpg 585w, https:\/\/tuzlainfo.ba\/wp-content\/uploads\/2023\/10\/0110_spomenpark-5-45x45.jpg 45w\" sizes=\"(max-width: 150px) 100vw, 150px\" \/><\/a>\n\t\t\t<\/div><\/figure><figure class='gallery-item'>\n\t\t\t<div class='gallery-icon landscape'>\n\t\t\t\t<a href='https:\/\/tuzlainfo.ba\/index.php\/novosti\/item\/218474-foto-brcanska-malta-otvoren-spomen-park-sa-spomenikom-braniocima-tuzle-i-bih-15-maj\/attachment\/0110_spomenpark-2\/'><img decoding=\"async\" width=\"150\" height=\"150\" src=\"https:\/\/tuzlainfo.ba\/wp-content\/uploads\/2023\/10\/0110_spomenpark-2-150x150.jpg\" class=\"attachment-thumbnail size-thumbnail\" alt=\"\" srcset=\"https:\/\/tuzlainfo.ba\/wp-content\/uploads\/2023\/10\/0110_spomenpark-2-150x150.jpg 150w, https:\/\/tuzlainfo.ba\/wp-content\/uploads\/2023\/10\/0110_spomenpark-2-585x585.jpg 585w, https:\/\/tuzlainfo.ba\/wp-content\/uploads\/2023\/10\/0110_spomenpark-2-45x45.jpg 45w\" sizes=\"(max-width: 150px) 100vw, 150px\" \/><\/a>\n\t\t\t<\/div><\/figure><figure class='gallery-item'>\n\t\t\t<div class='gallery-icon landscape'>\n\t\t\t\t<a href='https:\/\/tuzlainfo.ba\/index.php\/novosti\/item\/218474-foto-brcanska-malta-otvoren-spomen-park-sa-spomenikom-braniocima-tuzle-i-bih-15-maj\/attachment\/0110_spomenpark-3\/'><img loading=\"lazy\" decoding=\"async\" width=\"150\" height=\"150\" src=\"https:\/\/tuzlainfo.ba\/wp-content\/uploads\/2023\/10\/0110_spomenpark-3-150x150.jpg\" class=\"attachment-thumbnail size-thumbnail\" alt=\"\" srcset=\"https:\/\/tuzlainfo.ba\/wp-content\/uploads\/2023\/10\/0110_spomenpark-3-150x150.jpg 150w, https:\/\/tuzlainfo.ba\/wp-content\/uploads\/2023\/10\/0110_spomenpark-3-585x585.jpg 585w, https:\/\/tuzlainfo.ba\/wp-content\/uploads\/2023\/10\/0110_spomenpark-3-45x45.jpg 45w\" sizes=\"(max-width: 150px) 100vw, 150px\" \/><\/a>\n\t\t\t<\/div><\/figure><figure class='gallery-item'>\n\t\t\t<div class='gallery-icon landscape'>\n\t\t\t\t<a href='https:\/\/tuzlainfo.ba\/index.php\/novosti\/item\/218474-foto-brcanska-malta-otvoren-spomen-park-sa-spomenikom-braniocima-tuzle-i-bih-15-maj\/attachment\/0110_spomenpark-4\/'><img loading=\"lazy\" decoding=\"async\" width=\"150\" height=\"150\" src=\"https:\/\/tuzlainfo.ba\/wp-content\/uploads\/2023\/10\/0110_spomenpark-4-150x150.jpg\" class=\"attachment-thumbnail size-thumbnail\" alt=\"\" srcset=\"https:\/\/tuzlainfo.ba\/wp-content\/uploads\/2023\/10\/0110_spomenpark-4-150x150.jpg 150w, https:\/\/tuzlainfo.ba\/wp-content\/uploads\/2023\/10\/0110_spomenpark-4-585x585.jpg 585w, https:\/\/tuzlainfo.ba\/wp-content\/uploads\/2023\/10\/0110_spomenpark-4-45x45.jpg 45w\" sizes=\"(max-width: 150px) 100vw, 150px\" \/><\/a>\n\t\t\t<\/div><\/figure><figure class='gallery-item'>\n\t\t\t<div class='gallery-icon landscape'>\n\t\t\t\t<a href='https:\/\/tuzlainfo.ba\/index.php\/novosti\/item\/218474-foto-brcanska-malta-otvoren-spomen-park-sa-spomenikom-braniocima-tuzle-i-bih-15-maj\/attachment\/0110_spomenpark-6\/'><img loading=\"lazy\" decoding=\"async\" width=\"150\" height=\"150\" src=\"https:\/\/tuzlainfo.ba\/wp-content\/uploads\/2023\/10\/0110_spomenpark-6-150x150.jpg\" class=\"attachment-thumbnail size-thumbnail\" alt=\"\" srcset=\"https:\/\/tuzlainfo.ba\/wp-content\/uploads\/2023\/10\/0110_spomenpark-6-150x150.jpg 150w, https:\/\/tuzlainfo.ba\/wp-content\/uploads\/2023\/10\/0110_spomenpark-6-585x585.jpg 585w, https:\/\/tuzlainfo.ba\/wp-content\/uploads\/2023\/10\/0110_spomenpark-6-45x45.jpg 45w\" sizes=\"(max-width: 150px) 100vw, 150px\" \/><\/a>\n\t\t\t<\/div><\/figure><figure class='gallery-item'>\n\t\t\t<div class='gallery-icon landscape'>\n\t\t\t\t<a href='https:\/\/tuzlainfo.ba\/index.php\/novosti\/item\/218474-foto-brcanska-malta-otvoren-spomen-park-sa-spomenikom-braniocima-tuzle-i-bih-15-maj\/attachment\/0110_spomenpark-7\/'><img loading=\"lazy\" decoding=\"async\" width=\"150\" height=\"150\" src=\"https:\/\/tuzlainfo.ba\/wp-content\/uploads\/2023\/10\/0110_spomenpark-7-150x150.jpg\" class=\"attachment-thumbnail size-thumbnail\" alt=\"\" srcset=\"https:\/\/tuzlainfo.ba\/wp-content\/uploads\/2023\/10\/0110_spomenpark-7-150x150.jpg 150w, https:\/\/tuzlainfo.ba\/wp-content\/uploads\/2023\/10\/0110_spomenpark-7-585x585.jpg 585w, https:\/\/tuzlainfo.ba\/wp-content\/uploads\/2023\/10\/0110_spomenpark-7-45x45.jpg 45w\" sizes=\"(max-width: 150px) 100vw, 150px\" \/><\/a>\n\t\t\t<\/div><\/figure><figure class='gallery-item'>\n\t\t\t<div class='gallery-icon landscape'>\n\t\t\t\t<a href='https:\/\/tuzlainfo.ba\/index.php\/novosti\/item\/218474-foto-brcanska-malta-otvoren-spomen-park-sa-spomenikom-braniocima-tuzle-i-bih-15-maj\/attachment\/0110_spomenpark-8\/'><img loading=\"lazy\" decoding=\"async\" width=\"150\" height=\"150\" src=\"https:\/\/tuzlainfo.ba\/wp-content\/uploads\/2023\/10\/0110_spomenpark-8-150x150.jpg\" class=\"attachment-thumbnail size-thumbnail\" alt=\"\" srcset=\"https:\/\/tuzlainfo.ba\/wp-content\/uploads\/2023\/10\/0110_spomenpark-8-150x150.jpg 150w, https:\/\/tuzlainfo.ba\/wp-content\/uploads\/2023\/10\/0110_spomenpark-8-585x585.jpg 585w, https:\/\/tuzlainfo.ba\/wp-content\/uploads\/2023\/10\/0110_spomenpark-8-45x45.jpg 45w\" sizes=\"(max-width: 150px) 100vw, 150px\" \/><\/a>\n\t\t\t<\/div><\/figure><figure class='gallery-item'>\n\t\t\t<div class='gallery-icon landscape'>\n\t\t\t\t<a href='https:\/\/tuzlainfo.ba\/index.php\/novosti\/item\/218474-foto-brcanska-malta-otvoren-spomen-park-sa-spomenikom-braniocima-tuzle-i-bih-15-maj\/attachment\/0110_spomenpark-9\/'><img loading=\"lazy\" decoding=\"async\" width=\"150\" height=\"150\" src=\"https:\/\/tuzlainfo.ba\/wp-content\/uploads\/2023\/10\/0110_spomenpark-9-150x150.jpg\" class=\"attachment-thumbnail size-thumbnail\" alt=\"\" srcset=\"https:\/\/tuzlainfo.ba\/wp-content\/uploads\/2023\/10\/0110_spomenpark-9-150x150.jpg 150w, https:\/\/tuzlainfo.ba\/wp-content\/uploads\/2023\/10\/0110_spomenpark-9-585x585.jpg 585w, https:\/\/tuzlainfo.ba\/wp-content\/uploads\/2023\/10\/0110_spomenpark-9-45x45.jpg 45w\" sizes=\"(max-width: 150px) 100vw, 150px\" \/><\/a>\n\t\t\t<\/div><\/figure><figure class='gallery-item'>\n\t\t\t<div class='gallery-icon landscape'>\n\t\t\t\t<a href='https:\/\/tuzlainfo.ba\/index.php\/novosti\/item\/218474-foto-brcanska-malta-otvoren-spomen-park-sa-spomenikom-braniocima-tuzle-i-bih-15-maj\/attachment\/0110_spomenpark-10\/'><img loading=\"lazy\" decoding=\"async\" width=\"150\" height=\"150\" src=\"https:\/\/tuzlainfo.ba\/wp-content\/uploads\/2023\/10\/0110_spomenpark-10-150x150.jpg\" class=\"attachment-thumbnail size-thumbnail\" alt=\"\" srcset=\"https:\/\/tuzlainfo.ba\/wp-content\/uploads\/2023\/10\/0110_spomenpark-10-150x150.jpg 150w, https:\/\/tuzlainfo.ba\/wp-content\/uploads\/2023\/10\/0110_spomenpark-10-585x585.jpg 585w, https:\/\/tuzlainfo.ba\/wp-content\/uploads\/2023\/10\/0110_spomenpark-10-45x45.jpg 45w\" sizes=\"(max-width: 150px) 100vw, 150px\" \/><\/a>\n\t\t\t<\/div><\/figure>\n\t\t<\/div>\n\n<p>Podsje\u0107amo, ceremonijalni plato sa spomenikom je funkcionalno osmi\u0161ljen sa dva razdvojena kru\u017ena platoa koji je smje\u0161ten u tuzlanskom naselju Br\u010danska Malta.<\/p>\n<p>Na sjeveroisto\u010dnom dijelu platoa, projektovan je savremeno dizajnirani spomenik braniteljima grada dok je u jugozapadnom dijelu platoa postavljen kru\u017eni cvijetnjak u \u010dijem se sredi\u0161tu nalazi jarbol sa zastavom Republike Bosne i Hercegovine.<\/p>\n<p>Gradnja Spomen parka je po\u010deta u martu ove godine, ave\u0107 je kori\u0161ten za ceremonijalne aktivnosti tokom obilje\u017eavanja 15. maja Dana odbrane Tuzle.<strong>\/Tuzlainfo\/S.P.\/<\/strong><\/p>\n","protected":false},"excerpt":{"rendered":"<p>Spomen park sa spomenikom braniocima Tuzle i BiH \u2013 15. maj, na Br\u010danskoj Malti, u znak zahvalnosti braniocima Tuzle i Bosne i Hercegovine u odbrani od agresije 1992.-1995.godine, sve\u010dano je otvoren danas u okviru obilje\u017eavanja 2. oktobra Dana oslobo\u0111enja Tuzle. &#8211; Dan oslobo\u0111enja Tuzle u 2. svjetskom ratu tradicionalno proslavljamo. Ove godine smo se odlu\u010dili [&hellip;]<\/p>\n","protected":false},"author":2,"featured_media":218485,"comment_status":"open","ping_status":"closed","sticky":false,"template":"","format":"standard","meta":{"footnotes":""},"categories":[304,12],"tags":[8339,6940,42,5777],"class_list":["post-218474","post","type-post","status-publish","format-standard","has-post-thumbnail","hentry","category-istaknuto","category-novosti","tag-dan-oslobodjenja-grada","tag-spomen-park-branilaca-grada-15-maja","tag-tuzla","tag-zijad-lugavic"],"yoast_head":"<!-- This site is optimized with the Yoast SEO plugin v28.4 - https:\/\/yoast.com\/product\/yoast-seo-wordpress\/ -->\n<title>FOTO \/ Br\u010danska Malta: Otvoren Spomen park sa spomenikom braniocima Tuzle i BiH \u2013 15. maj<\/title>\n<meta name=\"robots\" content=\"index, follow, max-snippet:-1, max-image-preview:large, max-video-preview:-1\" \/>\n<link rel=\"canonical\" href=\"https:\/\/tuzlainfo.ba\/index.php\/novosti\/item\/218474-foto-brcanska-malta-otvoren-spomen-park-sa-spomenikom-braniocima-tuzle-i-bih-15-maj\/\" \/>\n<meta property=\"og:locale\" content=\"bs_BA\" \/>\n<meta property=\"og:type\" content=\"article\" \/>\n<meta property=\"og:title\" content=\"FOTO \/ Br\u010danska Malta: Otvoren Spomen park sa spomenikom braniocima Tuzle i BiH \u2013 15. maj\" \/>\n<meta property=\"og:description\" content=\"Spomen park sa spomenikom braniocima Tuzle i BiH \u2013 15. maj, na Br\u010danskoj Malti, u znak zahvalnosti braniocima Tuzle i Bosne i Hercegovine u odbrani od agresije 1992.-1995.godine, sve\u010dano je otvoren danas u okviru obilje\u017eavanja 2. oktobra Dana oslobo\u0111enja Tuzle. &#8211; Dan oslobo\u0111enja Tuzle u 2. svjetskom ratu tradicionalno proslavljamo. Ove godine smo se odlu\u010dili [&hellip;]\" \/>\n<meta property=\"og:url\" content=\"https:\/\/tuzlainfo.ba\/index.php\/novosti\/item\/218474-foto-brcanska-malta-otvoren-spomen-park-sa-spomenikom-braniocima-tuzle-i-bih-15-maj\/\" \/>\n<meta property=\"og:site_name\" content=\"TuzlaInfo.ba\" \/>\n<meta property=\"article:publisher\" content=\"https:\/\/www.facebook.com\/tuzlainfo.ba\/\" \/>\n<meta property=\"article:published_time\" content=\"2023-10-01T10:03:43+00:00\" \/>\n<meta property=\"article:modified_time\" content=\"2023-10-01T10:05:20+00:00\" \/>\n<meta property=\"og:image\" content=\"https:\/\/tuzlainfo.ba\/wp-content\/uploads\/2023\/10\/0110_kolaz_spomenpark.jpg\" \/>\n\t<meta property=\"og:image:width\" content=\"1000\" \/>\n\t<meta property=\"og:image:height\" content=\"590\" \/>\n\t<meta property=\"og:image:type\" content=\"image\/jpeg\" \/>\n<meta name=\"author\" content=\"nedim\" \/>\n<meta name=\"twitter:card\" content=\"summary_large_image\" \/>\n<meta name=\"twitter:label1\" content=\"Written by\" \/>\n\t<meta name=\"twitter:data1\" content=\"nedim\" \/>\n\t<meta name=\"twitter:label2\" content=\"Est. reading time\" \/>\n\t<meta name=\"twitter:data2\" content=\"2 minute\" \/>\n<script type=\"application\/ld+json\" class=\"yoast-schema-graph\">{\"@context\":\"https:\\\/\\\/schema.org\",\"@graph\":[{\"@type\":\"Article\",\"@id\":\"https:\\\/\\\/tuzlainfo.ba\\\/index.php\\\/novosti\\\/item\\\/218474-foto-brcanska-malta-otvoren-spomen-park-sa-spomenikom-braniocima-tuzle-i-bih-15-maj\\\/#article\",\"isPartOf\":{\"@id\":\"https:\\\/\\\/tuzlainfo.ba\\\/index.php\\\/novosti\\\/item\\\/218474-foto-brcanska-malta-otvoren-spomen-park-sa-spomenikom-braniocima-tuzle-i-bih-15-maj\\\/\"},\"author\":{\"name\":\"nedim\",\"@id\":\"https:\\\/\\\/tuzlainfo.ba\\\/#\\\/schema\\\/person\\\/f434e20dc27ea133923aab08451b7f7f\"},\"headline\":\"FOTO \\\/ Br\u010danska Malta: Otvoren Spomen park sa spomenikom braniocima Tuzle i BiH \u2013 15. maj\",\"datePublished\":\"2023-10-01T10:03:43+00:00\",\"dateModified\":\"2023-10-01T10:05:20+00:00\",\"mainEntityOfPage\":{\"@id\":\"https:\\\/\\\/tuzlainfo.ba\\\/index.php\\\/novosti\\\/item\\\/218474-foto-brcanska-malta-otvoren-spomen-park-sa-spomenikom-braniocima-tuzle-i-bih-15-maj\\\/\"},\"wordCount\":445,\"commentCount\":0,\"publisher\":{\"@id\":\"https:\\\/\\\/tuzlainfo.ba\\\/#organization\"},\"image\":{\"@id\":\"https:\\\/\\\/tuzlainfo.ba\\\/index.php\\\/novosti\\\/item\\\/218474-foto-brcanska-malta-otvoren-spomen-park-sa-spomenikom-braniocima-tuzle-i-bih-15-maj\\\/#primaryimage\"},\"thumbnailUrl\":\"https:\\\/\\\/tuzlainfo.ba\\\/wp-content\\\/uploads\\\/2023\\\/10\\\/0110_kolaz_spomenpark.jpg\",\"keywords\":[\"dan oslobo\u0111enja grada\",\"Spomen park branilaca grada 15. maja\",\"tuzla\",\"Zijad lugavi\u0107\"],\"articleSection\":[\"Istaknuto\",\"Novosti\"],\"inLanguage\":\"bs-BA\",\"copyrightYear\":\"2023\",\"copyrightHolder\":{\"@id\":\"https:\\\/\\\/tuzlainfo.ba\\\/#organization\"}},{\"@type\":\"WebPage\",\"@id\":\"https:\\\/\\\/tuzlainfo.ba\\\/index.php\\\/novosti\\\/item\\\/218474-foto-brcanska-malta-otvoren-spomen-park-sa-spomenikom-braniocima-tuzle-i-bih-15-maj\\\/\",\"url\":\"https:\\\/\\\/tuzlainfo.ba\\\/index.php\\\/novosti\\\/item\\\/218474-foto-brcanska-malta-otvoren-spomen-park-sa-spomenikom-braniocima-tuzle-i-bih-15-maj\\\/\",\"name\":\"FOTO \\\/ Br\u010danska Malta: Otvoren Spomen park sa spomenikom braniocima Tuzle i BiH \u2013 15. maj\",\"isPartOf\":{\"@id\":\"https:\\\/\\\/tuzlainfo.ba\\\/#website\"},\"primaryImageOfPage\":{\"@id\":\"https:\\\/\\\/tuzlainfo.ba\\\/index.php\\\/novosti\\\/item\\\/218474-foto-brcanska-malta-otvoren-spomen-park-sa-spomenikom-braniocima-tuzle-i-bih-15-maj\\\/#primaryimage\"},\"image\":{\"@id\":\"https:\\\/\\\/tuzlainfo.ba\\\/index.php\\\/novosti\\\/item\\\/218474-foto-brcanska-malta-otvoren-spomen-park-sa-spomenikom-braniocima-tuzle-i-bih-15-maj\\\/#primaryimage\"},\"thumbnailUrl\":\"https:\\\/\\\/tuzlainfo.ba\\\/wp-content\\\/uploads\\\/2023\\\/10\\\/0110_kolaz_spomenpark.jpg\",\"datePublished\":\"2023-10-01T10:03:43+00:00\",\"dateModified\":\"2023-10-01T10:05:20+00:00\",\"breadcrumb\":{\"@id\":\"https:\\\/\\\/tuzlainfo.ba\\\/index.php\\\/novosti\\\/item\\\/218474-foto-brcanska-malta-otvoren-spomen-park-sa-spomenikom-braniocima-tuzle-i-bih-15-maj\\\/#breadcrumb\"},\"inLanguage\":\"bs-BA\",\"potentialAction\":[{\"@type\":\"ReadAction\",\"target\":[\"https:\\\/\\\/tuzlainfo.ba\\\/index.php\\\/novosti\\\/item\\\/218474-foto-brcanska-malta-otvoren-spomen-park-sa-spomenikom-braniocima-tuzle-i-bih-15-maj\\\/\"]}]},{\"@type\":\"ImageObject\",\"inLanguage\":\"bs-BA\",\"@id\":\"https:\\\/\\\/tuzlainfo.ba\\\/index.php\\\/novosti\\\/item\\\/218474-foto-brcanska-malta-otvoren-spomen-park-sa-spomenikom-braniocima-tuzle-i-bih-15-maj\\\/#primaryimage\",\"url\":\"https:\\\/\\\/tuzlainfo.ba\\\/wp-content\\\/uploads\\\/2023\\\/10\\\/0110_kolaz_spomenpark.jpg\",\"contentUrl\":\"https:\\\/\\\/tuzlainfo.ba\\\/wp-content\\\/uploads\\\/2023\\\/10\\\/0110_kolaz_spomenpark.jpg\",\"width\":1000,\"height\":590},{\"@type\":\"BreadcrumbList\",\"@id\":\"https:\\\/\\\/tuzlainfo.ba\\\/index.php\\\/novosti\\\/item\\\/218474-foto-brcanska-malta-otvoren-spomen-park-sa-spomenikom-braniocima-tuzle-i-bih-15-maj\\\/#breadcrumb\",\"itemListElement\":[{\"@type\":\"ListItem\",\"position\":1,\"name\":\"Home\",\"item\":\"https:\\\/\\\/tuzlainfo.ba\\\/\"},{\"@type\":\"ListItem\",\"position\":2,\"name\":\"FOTO \\\/ Br\u010danska Malta: Otvoren Spomen park sa spomenikom braniocima Tuzle i BiH \u2013 15. maj\"}]},{\"@type\":\"WebSite\",\"@id\":\"https:\\\/\\\/tuzlainfo.ba\\\/#website\",\"url\":\"https:\\\/\\\/tuzlainfo.ba\\\/\",\"name\":\"TuzlaInfo.ba\",\"description\":\"Tuzla info, gradski informator - Tuzla na dlanu\",\"publisher\":{\"@id\":\"https:\\\/\\\/tuzlainfo.ba\\\/#organization\"},\"potentialAction\":[{\"@type\":\"SearchAction\",\"target\":{\"@type\":\"EntryPoint\",\"urlTemplate\":\"https:\\\/\\\/tuzlainfo.ba\\\/?s={search_term_string}\"},\"query-input\":{\"@type\":\"PropertyValueSpecification\",\"valueRequired\":true,\"valueName\":\"search_term_string\"}}],\"inLanguage\":\"bs-BA\"},{\"@type\":\"Organization\",\"@id\":\"https:\\\/\\\/tuzlainfo.ba\\\/#organization\",\"name\":\"TuzlaInfo.ba\",\"url\":\"https:\\\/\\\/tuzlainfo.ba\\\/\",\"logo\":{\"@type\":\"ImageObject\",\"inLanguage\":\"bs-BA\",\"@id\":\"https:\\\/\\\/tuzlainfo.ba\\\/#\\\/schema\\\/logo\\\/image\\\/\",\"url\":\"https:\\\/\\\/tuzlainfo.ba\\\/wp-content\\\/uploads\\\/2021\\\/03\\\/logo-ver-3-1.png\",\"contentUrl\":\"https:\\\/\\\/tuzlainfo.ba\\\/wp-content\\\/uploads\\\/2021\\\/03\\\/logo-ver-3-1.png\",\"width\":350,\"height\":95,\"caption\":\"TuzlaInfo.ba\"},\"image\":{\"@id\":\"https:\\\/\\\/tuzlainfo.ba\\\/#\\\/schema\\\/logo\\\/image\\\/\"},\"sameAs\":[\"https:\\\/\\\/www.facebook.com\\\/tuzlainfo.ba\\\/\"]},{\"@type\":\"Person\",\"@id\":\"https:\\\/\\\/tuzlainfo.ba\\\/#\\\/schema\\\/person\\\/f434e20dc27ea133923aab08451b7f7f\",\"name\":\"nedim\",\"image\":{\"@type\":\"ImageObject\",\"inLanguage\":\"bs-BA\",\"@id\":\"https:\\\/\\\/secure.gravatar.com\\\/avatar\\\/5b928a2e7e70a54208d2eb6c1edcb75a5350d6ae97d5f0a701203d456823f6f3?s=96&d=mm&r=g\",\"url\":\"https:\\\/\\\/secure.gravatar.com\\\/avatar\\\/5b928a2e7e70a54208d2eb6c1edcb75a5350d6ae97d5f0a701203d456823f6f3?s=96&d=mm&r=g\",\"contentUrl\":\"https:\\\/\\\/secure.gravatar.com\\\/avatar\\\/5b928a2e7e70a54208d2eb6c1edcb75a5350d6ae97d5f0a701203d456823f6f3?s=96&d=mm&r=g\",\"caption\":\"nedim\"},\"description\":\"Tuzlainfo.ba pratite na dru\u0161tvenim mre\u017eama: Facebook, Instagram i Youtube. Svoje pri\u010de, upite i fotografije \u0161aljite na na\u0161u e-mail adresu.\"}]}<\/script>\n<!-- \/ Yoast SEO plugin. -->","yoast_head_json":{"title":"FOTO \/ Br\u010danska Malta: Otvoren Spomen park sa spomenikom braniocima Tuzle i BiH \u2013 15. maj","robots":{"index":"index","follow":"follow","max-snippet":"max-snippet:-1","max-image-preview":"max-image-preview:large","max-video-preview":"max-video-preview:-1"},"canonical":"https:\/\/tuzlainfo.ba\/index.php\/novosti\/item\/218474-foto-brcanska-malta-otvoren-spomen-park-sa-spomenikom-braniocima-tuzle-i-bih-15-maj\/","og_locale":"bs_BA","og_type":"article","og_title":"FOTO \/ Br\u010danska Malta: Otvoren Spomen park sa spomenikom braniocima Tuzle i BiH \u2013 15. maj","og_description":"Spomen park sa spomenikom braniocima Tuzle i BiH \u2013 15. maj, na Br\u010danskoj Malti, u znak zahvalnosti braniocima Tuzle i Bosne i Hercegovine u odbrani od agresije 1992.-1995.godine, sve\u010dano je otvoren danas u okviru obilje\u017eavanja 2. oktobra Dana oslobo\u0111enja Tuzle. &#8211; Dan oslobo\u0111enja Tuzle u 2. svjetskom ratu tradicionalno proslavljamo. Ove godine smo se odlu\u010dili [&hellip;]","og_url":"https:\/\/tuzlainfo.ba\/index.php\/novosti\/item\/218474-foto-brcanska-malta-otvoren-spomen-park-sa-spomenikom-braniocima-tuzle-i-bih-15-maj\/","og_site_name":"TuzlaInfo.ba","article_publisher":"https:\/\/www.facebook.com\/tuzlainfo.ba\/","article_published_time":"2023-10-01T10:03:43+00:00","article_modified_time":"2023-10-01T10:05:20+00:00","og_image":[{"width":1000,"height":590,"url":"https:\/\/tuzlainfo.ba\/wp-content\/uploads\/2023\/10\/0110_kolaz_spomenpark.jpg","type":"image\/jpeg"}],"author":"nedim","twitter_card":"summary_large_image","twitter_misc":{"Written by":"nedim","Est. reading time":"2 minute"},"schema":{"@context":"https:\/\/schema.org","@graph":[{"@type":"Article","@id":"https:\/\/tuzlainfo.ba\/index.php\/novosti\/item\/218474-foto-brcanska-malta-otvoren-spomen-park-sa-spomenikom-braniocima-tuzle-i-bih-15-maj\/#article","isPartOf":{"@id":"https:\/\/tuzlainfo.ba\/index.php\/novosti\/item\/218474-foto-brcanska-malta-otvoren-spomen-park-sa-spomenikom-braniocima-tuzle-i-bih-15-maj\/"},"author":{"name":"nedim","@id":"https:\/\/tuzlainfo.ba\/#\/schema\/person\/f434e20dc27ea133923aab08451b7f7f"},"headline":"FOTO \/ Br\u010danska Malta: Otvoren Spomen park sa spomenikom braniocima Tuzle i BiH \u2013 15. maj","datePublished":"2023-10-01T10:03:43+00:00","dateModified":"2023-10-01T10:05:20+00:00","mainEntityOfPage":{"@id":"https:\/\/tuzlainfo.ba\/index.php\/novosti\/item\/218474-foto-brcanska-malta-otvoren-spomen-park-sa-spomenikom-braniocima-tuzle-i-bih-15-maj\/"},"wordCount":445,"commentCount":0,"publisher":{"@id":"https:\/\/tuzlainfo.ba\/#organization"},"image":{"@id":"https:\/\/tuzlainfo.ba\/index.php\/novosti\/item\/218474-foto-brcanska-malta-otvoren-spomen-park-sa-spomenikom-braniocima-tuzle-i-bih-15-maj\/#primaryimage"},"thumbnailUrl":"https:\/\/tuzlainfo.ba\/wp-content\/uploads\/2023\/10\/0110_kolaz_spomenpark.jpg","keywords":["dan oslobo\u0111enja grada","Spomen park branilaca grada 15. maja","tuzla","Zijad lugavi\u0107"],"articleSection":["Istaknuto","Novosti"],"inLanguage":"bs-BA","copyrightYear":"2023","copyrightHolder":{"@id":"https:\/\/tuzlainfo.ba\/#organization"}},{"@type":"WebPage","@id":"https:\/\/tuzlainfo.ba\/index.php\/novosti\/item\/218474-foto-brcanska-malta-otvoren-spomen-park-sa-spomenikom-braniocima-tuzle-i-bih-15-maj\/","url":"https:\/\/tuzlainfo.ba\/index.php\/novosti\/item\/218474-foto-brcanska-malta-otvoren-spomen-park-sa-spomenikom-braniocima-tuzle-i-bih-15-maj\/","name":"FOTO \/ Br\u010danska Malta: Otvoren Spomen park sa spomenikom braniocima Tuzle i BiH \u2013 15. maj","isPartOf":{"@id":"https:\/\/tuzlainfo.ba\/#website"},"primaryImageOfPage":{"@id":"https:\/\/tuzlainfo.ba\/index.php\/novosti\/item\/218474-foto-brcanska-malta-otvoren-spomen-park-sa-spomenikom-braniocima-tuzle-i-bih-15-maj\/#primaryimage"},"image":{"@id":"https:\/\/tuzlainfo.ba\/index.php\/novosti\/item\/218474-foto-brcanska-malta-otvoren-spomen-park-sa-spomenikom-braniocima-tuzle-i-bih-15-maj\/#primaryimage"},"thumbnailUrl":"https:\/\/tuzlainfo.ba\/wp-content\/uploads\/2023\/10\/0110_kolaz_spomenpark.jpg","datePublished":"2023-10-01T10:03:43+00:00","dateModified":"2023-10-01T10:05:20+00:00","breadcrumb":{"@id":"https:\/\/tuzlainfo.ba\/index.php\/novosti\/item\/218474-foto-brcanska-malta-otvoren-spomen-park-sa-spomenikom-braniocima-tuzle-i-bih-15-maj\/#breadcrumb"},"inLanguage":"bs-BA","potentialAction":[{"@type":"ReadAction","target":["https:\/\/tuzlainfo.ba\/index.php\/novosti\/item\/218474-foto-brcanska-malta-otvoren-spomen-park-sa-spomenikom-braniocima-tuzle-i-bih-15-maj\/"]}]},{"@type":"ImageObject","inLanguage":"bs-BA","@id":"https:\/\/tuzlainfo.ba\/index.php\/novosti\/item\/218474-foto-brcanska-malta-otvoren-spomen-park-sa-spomenikom-braniocima-tuzle-i-bih-15-maj\/#primaryimage","url":"https:\/\/tuzlainfo.ba\/wp-content\/uploads\/2023\/10\/0110_kolaz_spomenpark.jpg","contentUrl":"https:\/\/tuzlainfo.ba\/wp-content\/uploads\/2023\/10\/0110_kolaz_spomenpark.jpg","width":1000,"height":590},{"@type":"BreadcrumbList","@id":"https:\/\/tuzlainfo.ba\/index.php\/novosti\/item\/218474-foto-brcanska-malta-otvoren-spomen-park-sa-spomenikom-braniocima-tuzle-i-bih-15-maj\/#breadcrumb","itemListElement":[{"@type":"ListItem","position":1,"name":"Home","item":"https:\/\/tuzlainfo.ba\/"},{"@type":"ListItem","position":2,"name":"FOTO \/ Br\u010danska Malta: Otvoren Spomen park sa spomenikom braniocima Tuzle i BiH \u2013 15. maj"}]},{"@type":"WebSite","@id":"https:\/\/tuzlainfo.ba\/#website","url":"https:\/\/tuzlainfo.ba\/","name":"TuzlaInfo.ba","description":"Tuzla info, gradski informator - Tuzla na dlanu","publisher":{"@id":"https:\/\/tuzlainfo.ba\/#organization"},"potentialAction":[{"@type":"SearchAction","target":{"@type":"EntryPoint","urlTemplate":"https:\/\/tuzlainfo.ba\/?s={search_term_string}"},"query-input":{"@type":"PropertyValueSpecification","valueRequired":true,"valueName":"search_term_string"}}],"inLanguage":"bs-BA"},{"@type":"Organization","@id":"https:\/\/tuzlainfo.ba\/#organization","name":"TuzlaInfo.ba","url":"https:\/\/tuzlainfo.ba\/","logo":{"@type":"ImageObject","inLanguage":"bs-BA","@id":"https:\/\/tuzlainfo.ba\/#\/schema\/logo\/image\/","url":"https:\/\/tuzlainfo.ba\/wp-content\/uploads\/2021\/03\/logo-ver-3-1.png","contentUrl":"https:\/\/tuzlainfo.ba\/wp-content\/uploads\/2021\/03\/logo-ver-3-1.png","width":350,"height":95,"caption":"TuzlaInfo.ba"},"image":{"@id":"https:\/\/tuzlainfo.ba\/#\/schema\/logo\/image\/"},"sameAs":["https:\/\/www.facebook.com\/tuzlainfo.ba\/"]},{"@type":"Person","@id":"https:\/\/tuzlainfo.ba\/#\/schema\/person\/f434e20dc27ea133923aab08451b7f7f","name":"nedim","image":{"@type":"ImageObject","inLanguage":"bs-BA","@id":"https:\/\/secure.gravatar.com\/avatar\/5b928a2e7e70a54208d2eb6c1edcb75a5350d6ae97d5f0a701203d456823f6f3?s=96&d=mm&r=g","url":"https:\/\/secure.gravatar.com\/avatar\/5b928a2e7e70a54208d2eb6c1edcb75a5350d6ae97d5f0a701203d456823f6f3?s=96&d=mm&r=g","contentUrl":"https:\/\/secure.gravatar.com\/avatar\/5b928a2e7e70a54208d2eb6c1edcb75a5350d6ae97d5f0a701203d456823f6f3?s=96&d=mm&r=g","caption":"nedim"},"description":"Tuzlainfo.ba pratite na dru\u0161tvenim mre\u017eama: Facebook, Instagram i Youtube. Svoje pri\u010de, upite i fotografije \u0161aljite na na\u0161u e-mail adresu."}]}},"_links":{"self":[{"href":"https:\/\/tuzlainfo.ba\/index.php\/wp-json\/wp\/v2\/posts\/218474","targetHints":{"allow":["GET"]}}],"collection":[{"href":"https:\/\/tuzlainfo.ba\/index.php\/wp-json\/wp\/v2\/posts"}],"about":[{"href":"https:\/\/tuzlainfo.ba\/index.php\/wp-json\/wp\/v2\/types\/post"}],"author":[{"embeddable":true,"href":"https:\/\/tuzlainfo.ba\/index.php\/wp-json\/wp\/v2\/users\/2"}],"replies":[{"embeddable":true,"href":"https:\/\/tuzlainfo.ba\/index.php\/wp-json\/wp\/v2\/comments?post=218474"}],"version-history":[{"count":2,"href":"https:\/\/tuzlainfo.ba\/index.php\/wp-json\/wp\/v2\/posts\/218474\/revisions"}],"predecessor-version":[{"id":218487,"href":"https:\/\/tuzlainfo.ba\/index.php\/wp-json\/wp\/v2\/posts\/218474\/revisions\/218487"}],"wp:featuredmedia":[{"embeddable":true,"href":"https:\/\/tuzlainfo.ba\/index.php\/wp-json\/wp\/v2\/media\/218485"}],"wp:attachment":[{"href":"https:\/\/tuzlainfo.ba\/index.php\/wp-json\/wp\/v2\/media?parent=218474"}],"wp:term":[{"taxonomy":"category","embeddable":true,"href":"https:\/\/tuzlainfo.ba\/index.php\/wp-json\/wp\/v2\/categories?post=218474"},{"taxonomy":"post_tag","embeddable":true,"href":"https:\/\/tuzlainfo.ba\/index.php\/wp-json\/wp\/v2\/tags?post=218474"}],"curies":[{"name":"wp","href":"https:\/\/api.w.org\/{rel}","templated":true}]}}