{"id":218357,"date":"2023-09-29T22:05:48","date_gmt":"2023-09-29T20:05:48","guid":{"rendered":"https:\/\/tuzlainfo.ba\/?p=218357"},"modified":"2023-09-29T18:15:29","modified_gmt":"2023-09-29T16:15:29","slug":"usvojena-inicijativa-mjestana-plana-o-prosirenju-zona-toplifikacije","status":"publish","type":"post","link":"https:\/\/tuzlainfo.ba\/index.php\/novosti\/item\/218357-usvojena-inicijativa-mjestana-plana-o-prosirenju-zona-toplifikacije\/","title":{"rendered":"Usvojena inicijativa mje\u0161tana Plana o pro\u0161irenju zona toplifikacije"},"content":{"rendered":"<p>Nezadovoljni \u010dinjenicom da se nalaze u Mjesnoj zajednici \u0160i\u0107ki Brod, a da nisu priklju\u010deni na mre\u017eu centralnog grijanja iako se \u010desto mo\u017ee \u010duti da je \u0160i\u0107ki Brod toplifikovan, mje\u0161tani naselja Plane, potaknuti zborom gra\u0111ana koji je organizovao Front slobode, su se samoorganizovali na rje\u0161avanju ovog pitanja.<\/p>\n<p>Uz podr\u0161ku aktivista Fronta slobode, mje\u0161tani Plana su pokrenuli gra\u0111ansku inicijativu i potaknuli odr\u017eavanje tematske sjednice Gradskog vije\u0107a Tuzla o ovom pitanju. Prate\u0107i zakonske procedure, mje\u0161tani su prvo 29. augusta odr\u017eali zbog gra\u0111ana Plana gdje su usvojili zaklju\u010dke za pokretanjem inicijative gra\u0111ana.<\/p>\n<p>Nakon zbora, mje\u0161tani su prikupili potreban broj potpisa stanovnika Mjesne zajednice \u0160i\u0107ki Brod kojoj pripadaju i predali ih Gradskom vije\u0107u koje je nakon toga zakonski bilo du\u017eno odr\u017eati raspravu o ovom pitanju.<\/p>\n<p>Na ju\u010der odr\u017eanoj sjednici Gradsko vije\u0107e Tuzle je jednoglasno podr\u017ealo gra\u0111ansku inicijativu mje\u0161tana Plana za pro\u0161irenjem zona toplifikacije na ovo naselje. Gradsko vije\u0107e je sugeriralo nadle\u017enim gradskim slu\u017ebama i Centralnom grijanju Tuzla da pro\u0161ire zone toplifikacije na naselje Plane \u010dim se za to steknu tehni\u010dki uslovi.<\/p>\n<p>Osim toga, Gradsko vije\u0107e je sugeriralo i pro\u0161irenje zona toplifikacije na na naselja Donji Hude\u010d, Gornji Hude\u010d, Rapa\u010de, \u0160i\u0107i i na cijelo podru\u010dje mjesnih zajednica \u0160i\u0107ki Brod, Bukinje i Husino koje grani\u010de s Termoelektranom Tuzla i najizlo\u017eenije su njenom \u0161tetnom djelovanju. Isto tako je Vije\u0107e Centralnom grijanju Tuzla sugeriralo da na svojoj web stranici objavi, ukoliko to ve\u0107 nije u\u010dinilo, sa postoje\u0107im zonama toplifikacije kao i plan pro\u0161irenja tih zona.<\/p>\n<p>Inicijativa mje\u0161tana Plana pokazala je kako lokalna demokracija mo\u017ee funkcionirati te kako se gra\u0111ani mogu organizirati i izboriti za svoja prava i interese. Ohrabreni ovim razvojem doga\u0111aja, iz Fronta slobode najabljuju organizaciju novih zborova gra\u0111ana u narednom periodu.<\/p>\n","protected":false},"excerpt":{"rendered":"<p>Nezadovoljni \u010dinjenicom da se nalaze u Mjesnoj zajednici \u0160i\u0107ki Brod, a da nisu priklju\u010deni na&hellip;<\/p>\n","protected":false},"author":4,"featured_media":218358,"comment_status":"open","ping_status":"closed","sticky":false,"template":"","format":"standard","meta":{"_acf_changed":false,"footnotes":""},"categories":[304,12],"tags":[8105,1827],"acf":[],"yoast_head":"<!-- This site is optimized with the Yoast SEO plugin v23.5 - https:\/\/yoast.com\/wordpress\/plugins\/seo\/ -->\n<title>Usvojena inicijativa mje\u0161tana Plana o pro\u0161irenju zona toplifikacije - TuzlaInfo.ba<\/title>\n<meta name=\"robots\" content=\"index, follow, max-snippet:-1, max-image-preview:large, max-video-preview:-1\" \/>\n<link rel=\"canonical\" href=\"https:\/\/tuzlainfo.ba\/index.php\/novosti\/item\/218357-usvojena-inicijativa-mjestana-plana-o-prosirenju-zona-toplifikacije\/\" \/>\n<meta property=\"og:locale\" content=\"bs_BA\" \/>\n<meta property=\"og:type\" content=\"article\" \/>\n<meta property=\"og:title\" content=\"Usvojena inicijativa mje\u0161tana Plana o pro\u0161irenju zona toplifikacije - TuzlaInfo.ba\" \/>\n<meta property=\"og:description\" content=\"Nezadovoljni \u010dinjenicom da se nalaze u Mjesnoj zajednici \u0160i\u0107ki Brod, a da nisu priklju\u010deni na&hellip;\" \/>\n<meta property=\"og:url\" content=\"https:\/\/tuzlainfo.ba\/index.php\/novosti\/item\/218357-usvojena-inicijativa-mjestana-plana-o-prosirenju-zona-toplifikacije\/\" \/>\n<meta property=\"og:site_name\" content=\"TuzlaInfo.ba\" \/>\n<meta property=\"article:publisher\" content=\"https:\/\/www.facebook.com\/tuzlainfo.ba\/\" \/>\n<meta property=\"article:published_time\" content=\"2023-09-29T20:05:48+00:00\" \/>\n<meta property=\"article:modified_time\" content=\"2023-09-29T16:15:29+00:00\" \/>\n<meta property=\"og:image\" content=\"https:\/\/tuzlainfo.ba\/wp-content\/uploads\/2023\/09\/plane.jpg\" \/>\n\t<meta property=\"og:image:width\" content=\"2000\" \/>\n\t<meta property=\"og:image:height\" content=\"1500\" \/>\n\t<meta property=\"og:image:type\" content=\"image\/jpeg\" \/>\n<meta name=\"author\" content=\"Tuzla Info\" \/>\n<meta name=\"twitter:card\" content=\"summary_large_image\" \/>\n<meta name=\"twitter:label1\" content=\"Written by\" \/>\n\t<meta name=\"twitter:data1\" content=\"Tuzla Info\" \/>\n\t<meta name=\"twitter:label2\" content=\"Est. reading time\" \/>\n\t<meta name=\"twitter:data2\" content=\"2 minute\" \/>\n<script type=\"application\/ld+json\" class=\"yoast-schema-graph\">{\"@context\":\"https:\/\/schema.org\",\"@graph\":[{\"@type\":\"Article\",\"@id\":\"https:\/\/tuzlainfo.ba\/index.php\/novosti\/item\/218357-usvojena-inicijativa-mjestana-plana-o-prosirenju-zona-toplifikacije\/#article\",\"isPartOf\":{\"@id\":\"https:\/\/tuzlainfo.ba\/index.php\/novosti\/item\/218357-usvojena-inicijativa-mjestana-plana-o-prosirenju-zona-toplifikacije\/\"},\"author\":{\"name\":\"Tuzla Info\",\"@id\":\"https:\/\/tuzlainfo.ba\/#\/schema\/person\/46cad4c57790cbc50781edd14870825a\"},\"headline\":\"Usvojena inicijativa mje\u0161tana Plana o pro\u0161irenju zona toplifikacije\",\"datePublished\":\"2023-09-29T20:05:48+00:00\",\"dateModified\":\"2023-09-29T16:15:29+00:00\",\"mainEntityOfPage\":{\"@id\":\"https:\/\/tuzlainfo.ba\/index.php\/novosti\/item\/218357-usvojena-inicijativa-mjestana-plana-o-prosirenju-zona-toplifikacije\/\"},\"wordCount\":336,\"commentCount\":0,\"publisher\":{\"@id\":\"https:\/\/tuzlainfo.ba\/#organization\"},\"image\":{\"@id\":\"https:\/\/tuzlainfo.ba\/index.php\/novosti\/item\/218357-usvojena-inicijativa-mjestana-plana-o-prosirenju-zona-toplifikacije\/#primaryimage\"},\"thumbnailUrl\":\"https:\/\/tuzlainfo.ba\/wp-content\/uploads\/2023\/09\/plane.jpg\",\"keywords\":[\"plane\",\"toplifikacija\"],\"articleSection\":[\"Istaknuto\",\"Novosti\"],\"inLanguage\":\"bs-BA\"},{\"@type\":\"WebPage\",\"@id\":\"https:\/\/tuzlainfo.ba\/index.php\/novosti\/item\/218357-usvojena-inicijativa-mjestana-plana-o-prosirenju-zona-toplifikacije\/\",\"url\":\"https:\/\/tuzlainfo.ba\/index.php\/novosti\/item\/218357-usvojena-inicijativa-mjestana-plana-o-prosirenju-zona-toplifikacije\/\",\"name\":\"Usvojena inicijativa mje\u0161tana Plana o pro\u0161irenju zona toplifikacije - TuzlaInfo.ba\",\"isPartOf\":{\"@id\":\"https:\/\/tuzlainfo.ba\/#website\"},\"primaryImageOfPage\":{\"@id\":\"https:\/\/tuzlainfo.ba\/index.php\/novosti\/item\/218357-usvojena-inicijativa-mjestana-plana-o-prosirenju-zona-toplifikacije\/#primaryimage\"},\"image\":{\"@id\":\"https:\/\/tuzlainfo.ba\/index.php\/novosti\/item\/218357-usvojena-inicijativa-mjestana-plana-o-prosirenju-zona-toplifikacije\/#primaryimage\"},\"thumbnailUrl\":\"https:\/\/tuzlainfo.ba\/wp-content\/uploads\/2023\/09\/plane.jpg\",\"datePublished\":\"2023-09-29T20:05:48+00:00\",\"dateModified\":\"2023-09-29T16:15:29+00:00\",\"breadcrumb\":{\"@id\":\"https:\/\/tuzlainfo.ba\/index.php\/novosti\/item\/218357-usvojena-inicijativa-mjestana-plana-o-prosirenju-zona-toplifikacije\/#breadcrumb\"},\"inLanguage\":\"bs-BA\",\"potentialAction\":[{\"@type\":\"ReadAction\",\"target\":[\"https:\/\/tuzlainfo.ba\/index.php\/novosti\/item\/218357-usvojena-inicijativa-mjestana-plana-o-prosirenju-zona-toplifikacije\/\"]}]},{\"@type\":\"ImageObject\",\"inLanguage\":\"bs-BA\",\"@id\":\"https:\/\/tuzlainfo.ba\/index.php\/novosti\/item\/218357-usvojena-inicijativa-mjestana-plana-o-prosirenju-zona-toplifikacije\/#primaryimage\",\"url\":\"https:\/\/tuzlainfo.ba\/wp-content\/uploads\/2023\/09\/plane.jpg\",\"contentUrl\":\"https:\/\/tuzlainfo.ba\/wp-content\/uploads\/2023\/09\/plane.jpg\",\"width\":2000,\"height\":1500},{\"@type\":\"BreadcrumbList\",\"@id\":\"https:\/\/tuzlainfo.ba\/index.php\/novosti\/item\/218357-usvojena-inicijativa-mjestana-plana-o-prosirenju-zona-toplifikacije\/#breadcrumb\",\"itemListElement\":[{\"@type\":\"ListItem\",\"position\":1,\"name\":\"Home\",\"item\":\"https:\/\/tuzlainfo.ba\/\"},{\"@type\":\"ListItem\",\"position\":2,\"name\":\"Usvojena inicijativa mje\u0161tana Plana o pro\u0161irenju zona toplifikacije\"}]},{\"@type\":\"WebSite\",\"@id\":\"https:\/\/tuzlainfo.ba\/#website\",\"url\":\"https:\/\/tuzlainfo.ba\/\",\"name\":\"TuzlaInfo.ba\",\"description\":\"Tuzla info, gradski informator - Tuzla na dlanu\",\"publisher\":{\"@id\":\"https:\/\/tuzlainfo.ba\/#organization\"},\"potentialAction\":[{\"@type\":\"SearchAction\",\"target\":{\"@type\":\"EntryPoint\",\"urlTemplate\":\"https:\/\/tuzlainfo.ba\/?s={search_term_string}\"},\"query-input\":{\"@type\":\"PropertyValueSpecification\",\"valueRequired\":true,\"valueName\":\"search_term_string\"}}],\"inLanguage\":\"bs-BA\"},{\"@type\":\"Organization\",\"@id\":\"https:\/\/tuzlainfo.ba\/#organization\",\"name\":\"TuzlaInfo.ba\",\"url\":\"https:\/\/tuzlainfo.ba\/\",\"logo\":{\"@type\":\"ImageObject\",\"inLanguage\":\"bs-BA\",\"@id\":\"https:\/\/tuzlainfo.ba\/#\/schema\/logo\/image\/\",\"url\":\"https:\/\/tuzlainfo.ba\/wp-content\/uploads\/2021\/03\/logo-ver-3-1.png\",\"contentUrl\":\"https:\/\/tuzlainfo.ba\/wp-content\/uploads\/2021\/03\/logo-ver-3-1.png\",\"width\":350,\"height\":95,\"caption\":\"TuzlaInfo.ba\"},\"image\":{\"@id\":\"https:\/\/tuzlainfo.ba\/#\/schema\/logo\/image\/\"},\"sameAs\":[\"https:\/\/www.facebook.com\/tuzlainfo.ba\/\"]},{\"@type\":\"Person\",\"@id\":\"https:\/\/tuzlainfo.ba\/#\/schema\/person\/46cad4c57790cbc50781edd14870825a\",\"name\":\"Tuzla Info\",\"image\":{\"@type\":\"ImageObject\",\"inLanguage\":\"bs-BA\",\"@id\":\"https:\/\/tuzlainfo.ba\/#\/schema\/person\/image\/\",\"url\":\"https:\/\/tuzlainfo.ba\/wp-content\/litespeed\/avatar\/b6c453a6c38e3654f2e4416c643fc25c.jpg?ver=1777051911\",\"contentUrl\":\"https:\/\/tuzlainfo.ba\/wp-content\/litespeed\/avatar\/b6c453a6c38e3654f2e4416c643fc25c.jpg?ver=1777051911\",\"caption\":\"Tuzla Info\"}}]}<\/script>\n<!-- \/ Yoast SEO plugin. -->","yoast_head_json":{"title":"Usvojena inicijativa mje\u0161tana Plana o pro\u0161irenju zona toplifikacije - TuzlaInfo.ba","robots":{"index":"index","follow":"follow","max-snippet":"max-snippet:-1","max-image-preview":"max-image-preview:large","max-video-preview":"max-video-preview:-1"},"canonical":"https:\/\/tuzlainfo.ba\/index.php\/novosti\/item\/218357-usvojena-inicijativa-mjestana-plana-o-prosirenju-zona-toplifikacije\/","og_locale":"bs_BA","og_type":"article","og_title":"Usvojena inicijativa mje\u0161tana Plana o pro\u0161irenju zona toplifikacije - TuzlaInfo.ba","og_description":"Nezadovoljni \u010dinjenicom da se nalaze u Mjesnoj zajednici \u0160i\u0107ki Brod, a da nisu priklju\u010deni na&hellip;","og_url":"https:\/\/tuzlainfo.ba\/index.php\/novosti\/item\/218357-usvojena-inicijativa-mjestana-plana-o-prosirenju-zona-toplifikacije\/","og_site_name":"TuzlaInfo.ba","article_publisher":"https:\/\/www.facebook.com\/tuzlainfo.ba\/","article_published_time":"2023-09-29T20:05:48+00:00","article_modified_time":"2023-09-29T16:15:29+00:00","og_image":[{"width":2000,"height":1500,"url":"https:\/\/tuzlainfo.ba\/wp-content\/uploads\/2023\/09\/plane.jpg","type":"image\/jpeg"}],"author":"Tuzla Info","twitter_card":"summary_large_image","twitter_misc":{"Written by":"Tuzla Info","Est. reading time":"2 minute"},"schema":{"@context":"https:\/\/schema.org","@graph":[{"@type":"Article","@id":"https:\/\/tuzlainfo.ba\/index.php\/novosti\/item\/218357-usvojena-inicijativa-mjestana-plana-o-prosirenju-zona-toplifikacije\/#article","isPartOf":{"@id":"https:\/\/tuzlainfo.ba\/index.php\/novosti\/item\/218357-usvojena-inicijativa-mjestana-plana-o-prosirenju-zona-toplifikacije\/"},"author":{"name":"Tuzla Info","@id":"https:\/\/tuzlainfo.ba\/#\/schema\/person\/46cad4c57790cbc50781edd14870825a"},"headline":"Usvojena inicijativa mje\u0161tana Plana o pro\u0161irenju zona toplifikacije","datePublished":"2023-09-29T20:05:48+00:00","dateModified":"2023-09-29T16:15:29+00:00","mainEntityOfPage":{"@id":"https:\/\/tuzlainfo.ba\/index.php\/novosti\/item\/218357-usvojena-inicijativa-mjestana-plana-o-prosirenju-zona-toplifikacije\/"},"wordCount":336,"commentCount":0,"publisher":{"@id":"https:\/\/tuzlainfo.ba\/#organization"},"image":{"@id":"https:\/\/tuzlainfo.ba\/index.php\/novosti\/item\/218357-usvojena-inicijativa-mjestana-plana-o-prosirenju-zona-toplifikacije\/#primaryimage"},"thumbnailUrl":"https:\/\/tuzlainfo.ba\/wp-content\/uploads\/2023\/09\/plane.jpg","keywords":["plane","toplifikacija"],"articleSection":["Istaknuto","Novosti"],"inLanguage":"bs-BA"},{"@type":"WebPage","@id":"https:\/\/tuzlainfo.ba\/index.php\/novosti\/item\/218357-usvojena-inicijativa-mjestana-plana-o-prosirenju-zona-toplifikacije\/","url":"https:\/\/tuzlainfo.ba\/index.php\/novosti\/item\/218357-usvojena-inicijativa-mjestana-plana-o-prosirenju-zona-toplifikacije\/","name":"Usvojena inicijativa mje\u0161tana Plana o pro\u0161irenju zona toplifikacije - TuzlaInfo.ba","isPartOf":{"@id":"https:\/\/tuzlainfo.ba\/#website"},"primaryImageOfPage":{"@id":"https:\/\/tuzlainfo.ba\/index.php\/novosti\/item\/218357-usvojena-inicijativa-mjestana-plana-o-prosirenju-zona-toplifikacije\/#primaryimage"},"image":{"@id":"https:\/\/tuzlainfo.ba\/index.php\/novosti\/item\/218357-usvojena-inicijativa-mjestana-plana-o-prosirenju-zona-toplifikacije\/#primaryimage"},"thumbnailUrl":"https:\/\/tuzlainfo.ba\/wp-content\/uploads\/2023\/09\/plane.jpg","datePublished":"2023-09-29T20:05:48+00:00","dateModified":"2023-09-29T16:15:29+00:00","breadcrumb":{"@id":"https:\/\/tuzlainfo.ba\/index.php\/novosti\/item\/218357-usvojena-inicijativa-mjestana-plana-o-prosirenju-zona-toplifikacije\/#breadcrumb"},"inLanguage":"bs-BA","potentialAction":[{"@type":"ReadAction","target":["https:\/\/tuzlainfo.ba\/index.php\/novosti\/item\/218357-usvojena-inicijativa-mjestana-plana-o-prosirenju-zona-toplifikacije\/"]}]},{"@type":"ImageObject","inLanguage":"bs-BA","@id":"https:\/\/tuzlainfo.ba\/index.php\/novosti\/item\/218357-usvojena-inicijativa-mjestana-plana-o-prosirenju-zona-toplifikacije\/#primaryimage","url":"https:\/\/tuzlainfo.ba\/wp-content\/uploads\/2023\/09\/plane.jpg","contentUrl":"https:\/\/tuzlainfo.ba\/wp-content\/uploads\/2023\/09\/plane.jpg","width":2000,"height":1500},{"@type":"BreadcrumbList","@id":"https:\/\/tuzlainfo.ba\/index.php\/novosti\/item\/218357-usvojena-inicijativa-mjestana-plana-o-prosirenju-zona-toplifikacije\/#breadcrumb","itemListElement":[{"@type":"ListItem","position":1,"name":"Home","item":"https:\/\/tuzlainfo.ba\/"},{"@type":"ListItem","position":2,"name":"Usvojena inicijativa mje\u0161tana Plana o pro\u0161irenju zona toplifikacije"}]},{"@type":"WebSite","@id":"https:\/\/tuzlainfo.ba\/#website","url":"https:\/\/tuzlainfo.ba\/","name":"TuzlaInfo.ba","description":"Tuzla info, gradski informator - Tuzla na dlanu","publisher":{"@id":"https:\/\/tuzlainfo.ba\/#organization"},"potentialAction":[{"@type":"SearchAction","target":{"@type":"EntryPoint","urlTemplate":"https:\/\/tuzlainfo.ba\/?s={search_term_string}"},"query-input":{"@type":"PropertyValueSpecification","valueRequired":true,"valueName":"search_term_string"}}],"inLanguage":"bs-BA"},{"@type":"Organization","@id":"https:\/\/tuzlainfo.ba\/#organization","name":"TuzlaInfo.ba","url":"https:\/\/tuzlainfo.ba\/","logo":{"@type":"ImageObject","inLanguage":"bs-BA","@id":"https:\/\/tuzlainfo.ba\/#\/schema\/logo\/image\/","url":"https:\/\/tuzlainfo.ba\/wp-content\/uploads\/2021\/03\/logo-ver-3-1.png","contentUrl":"https:\/\/tuzlainfo.ba\/wp-content\/uploads\/2021\/03\/logo-ver-3-1.png","width":350,"height":95,"caption":"TuzlaInfo.ba"},"image":{"@id":"https:\/\/tuzlainfo.ba\/#\/schema\/logo\/image\/"},"sameAs":["https:\/\/www.facebook.com\/tuzlainfo.ba\/"]},{"@type":"Person","@id":"https:\/\/tuzlainfo.ba\/#\/schema\/person\/46cad4c57790cbc50781edd14870825a","name":"Tuzla Info","image":{"@type":"ImageObject","inLanguage":"bs-BA","@id":"https:\/\/tuzlainfo.ba\/#\/schema\/person\/image\/","url":"https:\/\/tuzlainfo.ba\/wp-content\/litespeed\/avatar\/b6c453a6c38e3654f2e4416c643fc25c.jpg?ver=1777051911","contentUrl":"https:\/\/tuzlainfo.ba\/wp-content\/litespeed\/avatar\/b6c453a6c38e3654f2e4416c643fc25c.jpg?ver=1777051911","caption":"Tuzla Info"}}]}},"_links":{"self":[{"href":"https:\/\/tuzlainfo.ba\/index.php\/wp-json\/wp\/v2\/posts\/218357"}],"collection":[{"href":"https:\/\/tuzlainfo.ba\/index.php\/wp-json\/wp\/v2\/posts"}],"about":[{"href":"https:\/\/tuzlainfo.ba\/index.php\/wp-json\/wp\/v2\/types\/post"}],"author":[{"embeddable":true,"href":"https:\/\/tuzlainfo.ba\/index.php\/wp-json\/wp\/v2\/users\/4"}],"replies":[{"embeddable":true,"href":"https:\/\/tuzlainfo.ba\/index.php\/wp-json\/wp\/v2\/comments?post=218357"}],"version-history":[{"count":1,"href":"https:\/\/tuzlainfo.ba\/index.php\/wp-json\/wp\/v2\/posts\/218357\/revisions"}],"predecessor-version":[{"id":218359,"href":"https:\/\/tuzlainfo.ba\/index.php\/wp-json\/wp\/v2\/posts\/218357\/revisions\/218359"}],"wp:featuredmedia":[{"embeddable":true,"href":"https:\/\/tuzlainfo.ba\/index.php\/wp-json\/wp\/v2\/media\/218358"}],"wp:attachment":[{"href":"https:\/\/tuzlainfo.ba\/index.php\/wp-json\/wp\/v2\/media?parent=218357"}],"wp:term":[{"taxonomy":"category","embeddable":true,"href":"https:\/\/tuzlainfo.ba\/index.php\/wp-json\/wp\/v2\/categories?post=218357"},{"taxonomy":"post_tag","embeddable":true,"href":"https:\/\/tuzlainfo.ba\/index.php\/wp-json\/wp\/v2\/tags?post=218357"}],"curies":[{"name":"wp","href":"https:\/\/api.w.org\/{rel}","templated":true}]}}