{"id":218331,"date":"2023-09-29T12:18:52","date_gmt":"2023-09-29T10:18:52","guid":{"rendered":"https:\/\/tuzlainfo.ba\/?p=218331"},"modified":"2023-09-29T14:00:06","modified_gmt":"2023-09-29T12:00:06","slug":"vandalski-cin-igraci-zeljeznicara-bijes-iskalili-na-svlacionici-stadiona-tusanj","status":"publish","type":"post","link":"https:\/\/tuzlainfo.ba\/index.php\/novosti\/item\/218331-vandalski-cin-igraci-zeljeznicara-bijes-iskalili-na-svlacionici-stadiona-tusanj\/","title":{"rendered":"Vandalski \u010din: Igra\u010di \u017deljezni\u010dara bijes iskalili na svla\u010dionici stadiona Tu\u0161anj"},"content":{"rendered":"<p>Fudbaleri Slobode sino\u0107 su u odli\u010dnoj atmosferi i pred velikom brojem gledalaca u okviru 1\/16 finala Kupa BiH pobijedili ekipu \u017deljezni\u010dara i tako nastavili seriju pobjeda koji su zapo\u010deli u okviru Prve lige FBiH.<\/p>\n<p>Tuzlaci su slavili sa 1:0 odli\u010dnim golom Tarika Kapetanovi\u0107a u 83. minuti utakmice i tako ostavrili plasman me\u0111u 16 najboljih bh. ekipa u kup takmi\u010denju na\u0161e dr\u017eave.<\/p>\n<p>Mrlju na ovaj sportski doga\u0111aj bacili su igra\u010di \u017deljezni\u010dara, koji su bijes zbog petog poraza u nizu iskalili na svla\u010dionici stadiona Tu\u0161anj, gdje su napravili vi\u0161e o\u010ditih o\u0161te\u0107enja na inventaru.<\/p>\n<p>To je na svojoj facebook stranici objavio gradski vije\u0107nik Omer Berbi\u0107, koji je osudio ovaj vandalski \u010din.<\/p>\n<p><iframe style=\"border: none; overflow: hidden;\" src=\"https:\/\/www.facebook.com\/plugins\/post.php?href=https%3A%2F%2Fwww.facebook.com%2Fpermalink.php%3Fstory_fbid%3Dpfbid0VCYJaw5CJsemFSAwxfmxWtjsKNFDHLr9MZC8CRJEuYPJaW7eTubhX7EBsgFRNUCXl%26id%3D100063595006078&amp;show_text=true&amp;width=500\" width=\"500\" height=\"748\" frameborder=\"0\" scrolling=\"no\" allowfullscreen=\"allowfullscreen\"><\/iframe><br \/>\nIz FK Sloboda i JU Stadion Tu\u0161anj jo\u0161 uvijek se nisu oglasili o ovom slu\u010daju. \/Tuzlainfo\/<\/p>\n","protected":false},"excerpt":{"rendered":"<p>Fudbaleri Slobode sino\u0107 su u odli\u010dnoj atmosferi i pred velikom brojem gledalaca u okviru 1\/16&hellip;<\/p>\n","protected":false},"author":2,"featured_media":218332,"comment_status":"open","ping_status":"closed","sticky":false,"template":"","format":"standard","meta":{"_acf_changed":false,"footnotes":""},"categories":[304,12,306],"tags":[915,2388],"acf":[],"yoast_head":"<!-- This site is optimized with the Yoast SEO plugin v23.5 - https:\/\/yoast.com\/wordpress\/plugins\/seo\/ -->\n<title>Vandalski \u010din: Igra\u010di \u017deljezni\u010dara bijes iskalili na svla\u010dionici stadiona Tu\u0161anj - TuzlaInfo.ba<\/title>\n<meta name=\"robots\" content=\"index, follow, max-snippet:-1, max-image-preview:large, max-video-preview:-1\" \/>\n<link rel=\"canonical\" href=\"https:\/\/tuzlainfo.ba\/index.php\/novosti\/item\/218331-vandalski-cin-igraci-zeljeznicara-bijes-iskalili-na-svlacionici-stadiona-tusanj\/\" \/>\n<meta property=\"og:locale\" content=\"bs_BA\" \/>\n<meta property=\"og:type\" content=\"article\" \/>\n<meta property=\"og:title\" content=\"Vandalski \u010din: Igra\u010di \u017deljezni\u010dara bijes iskalili na svla\u010dionici stadiona Tu\u0161anj - TuzlaInfo.ba\" \/>\n<meta property=\"og:description\" content=\"Fudbaleri Slobode sino\u0107 su u odli\u010dnoj atmosferi i pred velikom brojem gledalaca u okviru 1\/16&hellip;\" \/>\n<meta property=\"og:url\" content=\"https:\/\/tuzlainfo.ba\/index.php\/novosti\/item\/218331-vandalski-cin-igraci-zeljeznicara-bijes-iskalili-na-svlacionici-stadiona-tusanj\/\" \/>\n<meta property=\"og:site_name\" content=\"TuzlaInfo.ba\" \/>\n<meta property=\"article:publisher\" content=\"https:\/\/www.facebook.com\/tuzlainfo.ba\/\" \/>\n<meta property=\"article:published_time\" content=\"2023-09-29T10:18:52+00:00\" \/>\n<meta property=\"article:modified_time\" content=\"2023-09-29T12:00:06+00:00\" \/>\n<meta property=\"og:image\" content=\"https:\/\/tuzlainfo.ba\/wp-content\/uploads\/2023\/09\/2909_svlacion.jpg\" \/>\n\t<meta property=\"og:image:width\" content=\"1000\" \/>\n\t<meta property=\"og:image:height\" content=\"698\" \/>\n\t<meta property=\"og:image:type\" content=\"image\/jpeg\" \/>\n<meta name=\"author\" content=\"nedim\" \/>\n<meta name=\"twitter:card\" content=\"summary_large_image\" \/>\n<meta name=\"twitter:label1\" content=\"Written by\" \/>\n\t<meta name=\"twitter:data1\" content=\"nedim\" \/>\n\t<meta name=\"twitter:label2\" content=\"Est. reading time\" \/>\n\t<meta name=\"twitter:data2\" content=\"1 minuta\" \/>\n<script type=\"application\/ld+json\" class=\"yoast-schema-graph\">{\"@context\":\"https:\/\/schema.org\",\"@graph\":[{\"@type\":\"Article\",\"@id\":\"https:\/\/tuzlainfo.ba\/index.php\/novosti\/item\/218331-vandalski-cin-igraci-zeljeznicara-bijes-iskalili-na-svlacionici-stadiona-tusanj\/#article\",\"isPartOf\":{\"@id\":\"https:\/\/tuzlainfo.ba\/index.php\/novosti\/item\/218331-vandalski-cin-igraci-zeljeznicara-bijes-iskalili-na-svlacionici-stadiona-tusanj\/\"},\"author\":{\"name\":\"nedim\",\"@id\":\"https:\/\/tuzlainfo.ba\/#\/schema\/person\/f434e20dc27ea133923aab08451b7f7f\"},\"headline\":\"Vandalski \u010din: Igra\u010di \u017deljezni\u010dara bijes iskalili na svla\u010dionici stadiona Tu\u0161anj\",\"datePublished\":\"2023-09-29T10:18:52+00:00\",\"dateModified\":\"2023-09-29T12:00:06+00:00\",\"mainEntityOfPage\":{\"@id\":\"https:\/\/tuzlainfo.ba\/index.php\/novosti\/item\/218331-vandalski-cin-igraci-zeljeznicara-bijes-iskalili-na-svlacionici-stadiona-tusanj\/\"},\"wordCount\":155,\"commentCount\":0,\"publisher\":{\"@id\":\"https:\/\/tuzlainfo.ba\/#organization\"},\"image\":{\"@id\":\"https:\/\/tuzlainfo.ba\/index.php\/novosti\/item\/218331-vandalski-cin-igraci-zeljeznicara-bijes-iskalili-na-svlacionici-stadiona-tusanj\/#primaryimage\"},\"thumbnailUrl\":\"https:\/\/tuzlainfo.ba\/wp-content\/uploads\/2023\/09\/2909_svlacion.jpg\",\"keywords\":[\"sport\",\"stadion tu\u0161anj\"],\"articleSection\":[\"Istaknuto\",\"Novosti\",\"Preporu\u010dujemo\"],\"inLanguage\":\"bs-BA\"},{\"@type\":\"WebPage\",\"@id\":\"https:\/\/tuzlainfo.ba\/index.php\/novosti\/item\/218331-vandalski-cin-igraci-zeljeznicara-bijes-iskalili-na-svlacionici-stadiona-tusanj\/\",\"url\":\"https:\/\/tuzlainfo.ba\/index.php\/novosti\/item\/218331-vandalski-cin-igraci-zeljeznicara-bijes-iskalili-na-svlacionici-stadiona-tusanj\/\",\"name\":\"Vandalski \u010din: Igra\u010di \u017deljezni\u010dara bijes iskalili na svla\u010dionici stadiona Tu\u0161anj - TuzlaInfo.ba\",\"isPartOf\":{\"@id\":\"https:\/\/tuzlainfo.ba\/#website\"},\"primaryImageOfPage\":{\"@id\":\"https:\/\/tuzlainfo.ba\/index.php\/novosti\/item\/218331-vandalski-cin-igraci-zeljeznicara-bijes-iskalili-na-svlacionici-stadiona-tusanj\/#primaryimage\"},\"image\":{\"@id\":\"https:\/\/tuzlainfo.ba\/index.php\/novosti\/item\/218331-vandalski-cin-igraci-zeljeznicara-bijes-iskalili-na-svlacionici-stadiona-tusanj\/#primaryimage\"},\"thumbnailUrl\":\"https:\/\/tuzlainfo.ba\/wp-content\/uploads\/2023\/09\/2909_svlacion.jpg\",\"datePublished\":\"2023-09-29T10:18:52+00:00\",\"dateModified\":\"2023-09-29T12:00:06+00:00\",\"breadcrumb\":{\"@id\":\"https:\/\/tuzlainfo.ba\/index.php\/novosti\/item\/218331-vandalski-cin-igraci-zeljeznicara-bijes-iskalili-na-svlacionici-stadiona-tusanj\/#breadcrumb\"},\"inLanguage\":\"bs-BA\",\"potentialAction\":[{\"@type\":\"ReadAction\",\"target\":[\"https:\/\/tuzlainfo.ba\/index.php\/novosti\/item\/218331-vandalski-cin-igraci-zeljeznicara-bijes-iskalili-na-svlacionici-stadiona-tusanj\/\"]}]},{\"@type\":\"ImageObject\",\"inLanguage\":\"bs-BA\",\"@id\":\"https:\/\/tuzlainfo.ba\/index.php\/novosti\/item\/218331-vandalski-cin-igraci-zeljeznicara-bijes-iskalili-na-svlacionici-stadiona-tusanj\/#primaryimage\",\"url\":\"https:\/\/tuzlainfo.ba\/wp-content\/uploads\/2023\/09\/2909_svlacion.jpg\",\"contentUrl\":\"https:\/\/tuzlainfo.ba\/wp-content\/uploads\/2023\/09\/2909_svlacion.jpg\",\"width\":1000,\"height\":698},{\"@type\":\"BreadcrumbList\",\"@id\":\"https:\/\/tuzlainfo.ba\/index.php\/novosti\/item\/218331-vandalski-cin-igraci-zeljeznicara-bijes-iskalili-na-svlacionici-stadiona-tusanj\/#breadcrumb\",\"itemListElement\":[{\"@type\":\"ListItem\",\"position\":1,\"name\":\"Home\",\"item\":\"https:\/\/tuzlainfo.ba\/\"},{\"@type\":\"ListItem\",\"position\":2,\"name\":\"Vandalski \u010din: Igra\u010di \u017deljezni\u010dara bijes iskalili na svla\u010dionici stadiona Tu\u0161anj\"}]},{\"@type\":\"WebSite\",\"@id\":\"https:\/\/tuzlainfo.ba\/#website\",\"url\":\"https:\/\/tuzlainfo.ba\/\",\"name\":\"TuzlaInfo.ba\",\"description\":\"Tuzla info, gradski informator - Tuzla na dlanu\",\"publisher\":{\"@id\":\"https:\/\/tuzlainfo.ba\/#organization\"},\"potentialAction\":[{\"@type\":\"SearchAction\",\"target\":{\"@type\":\"EntryPoint\",\"urlTemplate\":\"https:\/\/tuzlainfo.ba\/?s={search_term_string}\"},\"query-input\":{\"@type\":\"PropertyValueSpecification\",\"valueRequired\":true,\"valueName\":\"search_term_string\"}}],\"inLanguage\":\"bs-BA\"},{\"@type\":\"Organization\",\"@id\":\"https:\/\/tuzlainfo.ba\/#organization\",\"name\":\"TuzlaInfo.ba\",\"url\":\"https:\/\/tuzlainfo.ba\/\",\"logo\":{\"@type\":\"ImageObject\",\"inLanguage\":\"bs-BA\",\"@id\":\"https:\/\/tuzlainfo.ba\/#\/schema\/logo\/image\/\",\"url\":\"https:\/\/tuzlainfo.ba\/wp-content\/uploads\/2021\/03\/logo-ver-3-1.png\",\"contentUrl\":\"https:\/\/tuzlainfo.ba\/wp-content\/uploads\/2021\/03\/logo-ver-3-1.png\",\"width\":350,\"height\":95,\"caption\":\"TuzlaInfo.ba\"},\"image\":{\"@id\":\"https:\/\/tuzlainfo.ba\/#\/schema\/logo\/image\/\"},\"sameAs\":[\"https:\/\/www.facebook.com\/tuzlainfo.ba\/\"]},{\"@type\":\"Person\",\"@id\":\"https:\/\/tuzlainfo.ba\/#\/schema\/person\/f434e20dc27ea133923aab08451b7f7f\",\"name\":\"nedim\",\"image\":{\"@type\":\"ImageObject\",\"inLanguage\":\"bs-BA\",\"@id\":\"https:\/\/tuzlainfo.ba\/#\/schema\/person\/image\/\",\"url\":\"https:\/\/tuzlainfo.ba\/wp-content\/litespeed\/avatar\/aabad687af24844af817603ac1cbdc4f.jpg?ver=1776702173\",\"contentUrl\":\"https:\/\/tuzlainfo.ba\/wp-content\/litespeed\/avatar\/aabad687af24844af817603ac1cbdc4f.jpg?ver=1776702173\",\"caption\":\"nedim\"},\"description\":\"Tuzlainfo.ba pratite na dru\u0161tvenim mre\u017eama: Facebook, Instagram i Youtube. Svoje pri\u010de, upite i fotografije \u0161aljite na na\u0161u e-mail adresu.\"}]}<\/script>\n<!-- \/ Yoast SEO plugin. -->","yoast_head_json":{"title":"Vandalski \u010din: Igra\u010di \u017deljezni\u010dara bijes iskalili na svla\u010dionici stadiona Tu\u0161anj - TuzlaInfo.ba","robots":{"index":"index","follow":"follow","max-snippet":"max-snippet:-1","max-image-preview":"max-image-preview:large","max-video-preview":"max-video-preview:-1"},"canonical":"https:\/\/tuzlainfo.ba\/index.php\/novosti\/item\/218331-vandalski-cin-igraci-zeljeznicara-bijes-iskalili-na-svlacionici-stadiona-tusanj\/","og_locale":"bs_BA","og_type":"article","og_title":"Vandalski \u010din: Igra\u010di \u017deljezni\u010dara bijes iskalili na svla\u010dionici stadiona Tu\u0161anj - TuzlaInfo.ba","og_description":"Fudbaleri Slobode sino\u0107 su u odli\u010dnoj atmosferi i pred velikom brojem gledalaca u okviru 1\/16&hellip;","og_url":"https:\/\/tuzlainfo.ba\/index.php\/novosti\/item\/218331-vandalski-cin-igraci-zeljeznicara-bijes-iskalili-na-svlacionici-stadiona-tusanj\/","og_site_name":"TuzlaInfo.ba","article_publisher":"https:\/\/www.facebook.com\/tuzlainfo.ba\/","article_published_time":"2023-09-29T10:18:52+00:00","article_modified_time":"2023-09-29T12:00:06+00:00","og_image":[{"width":1000,"height":698,"url":"https:\/\/tuzlainfo.ba\/wp-content\/uploads\/2023\/09\/2909_svlacion.jpg","type":"image\/jpeg"}],"author":"nedim","twitter_card":"summary_large_image","twitter_misc":{"Written by":"nedim","Est. reading time":"1 minuta"},"schema":{"@context":"https:\/\/schema.org","@graph":[{"@type":"Article","@id":"https:\/\/tuzlainfo.ba\/index.php\/novosti\/item\/218331-vandalski-cin-igraci-zeljeznicara-bijes-iskalili-na-svlacionici-stadiona-tusanj\/#article","isPartOf":{"@id":"https:\/\/tuzlainfo.ba\/index.php\/novosti\/item\/218331-vandalski-cin-igraci-zeljeznicara-bijes-iskalili-na-svlacionici-stadiona-tusanj\/"},"author":{"name":"nedim","@id":"https:\/\/tuzlainfo.ba\/#\/schema\/person\/f434e20dc27ea133923aab08451b7f7f"},"headline":"Vandalski \u010din: Igra\u010di \u017deljezni\u010dara bijes iskalili na svla\u010dionici stadiona Tu\u0161anj","datePublished":"2023-09-29T10:18:52+00:00","dateModified":"2023-09-29T12:00:06+00:00","mainEntityOfPage":{"@id":"https:\/\/tuzlainfo.ba\/index.php\/novosti\/item\/218331-vandalski-cin-igraci-zeljeznicara-bijes-iskalili-na-svlacionici-stadiona-tusanj\/"},"wordCount":155,"commentCount":0,"publisher":{"@id":"https:\/\/tuzlainfo.ba\/#organization"},"image":{"@id":"https:\/\/tuzlainfo.ba\/index.php\/novosti\/item\/218331-vandalski-cin-igraci-zeljeznicara-bijes-iskalili-na-svlacionici-stadiona-tusanj\/#primaryimage"},"thumbnailUrl":"https:\/\/tuzlainfo.ba\/wp-content\/uploads\/2023\/09\/2909_svlacion.jpg","keywords":["sport","stadion tu\u0161anj"],"articleSection":["Istaknuto","Novosti","Preporu\u010dujemo"],"inLanguage":"bs-BA"},{"@type":"WebPage","@id":"https:\/\/tuzlainfo.ba\/index.php\/novosti\/item\/218331-vandalski-cin-igraci-zeljeznicara-bijes-iskalili-na-svlacionici-stadiona-tusanj\/","url":"https:\/\/tuzlainfo.ba\/index.php\/novosti\/item\/218331-vandalski-cin-igraci-zeljeznicara-bijes-iskalili-na-svlacionici-stadiona-tusanj\/","name":"Vandalski \u010din: Igra\u010di \u017deljezni\u010dara bijes iskalili na svla\u010dionici stadiona Tu\u0161anj - TuzlaInfo.ba","isPartOf":{"@id":"https:\/\/tuzlainfo.ba\/#website"},"primaryImageOfPage":{"@id":"https:\/\/tuzlainfo.ba\/index.php\/novosti\/item\/218331-vandalski-cin-igraci-zeljeznicara-bijes-iskalili-na-svlacionici-stadiona-tusanj\/#primaryimage"},"image":{"@id":"https:\/\/tuzlainfo.ba\/index.php\/novosti\/item\/218331-vandalski-cin-igraci-zeljeznicara-bijes-iskalili-na-svlacionici-stadiona-tusanj\/#primaryimage"},"thumbnailUrl":"https:\/\/tuzlainfo.ba\/wp-content\/uploads\/2023\/09\/2909_svlacion.jpg","datePublished":"2023-09-29T10:18:52+00:00","dateModified":"2023-09-29T12:00:06+00:00","breadcrumb":{"@id":"https:\/\/tuzlainfo.ba\/index.php\/novosti\/item\/218331-vandalski-cin-igraci-zeljeznicara-bijes-iskalili-na-svlacionici-stadiona-tusanj\/#breadcrumb"},"inLanguage":"bs-BA","potentialAction":[{"@type":"ReadAction","target":["https:\/\/tuzlainfo.ba\/index.php\/novosti\/item\/218331-vandalski-cin-igraci-zeljeznicara-bijes-iskalili-na-svlacionici-stadiona-tusanj\/"]}]},{"@type":"ImageObject","inLanguage":"bs-BA","@id":"https:\/\/tuzlainfo.ba\/index.php\/novosti\/item\/218331-vandalski-cin-igraci-zeljeznicara-bijes-iskalili-na-svlacionici-stadiona-tusanj\/#primaryimage","url":"https:\/\/tuzlainfo.ba\/wp-content\/uploads\/2023\/09\/2909_svlacion.jpg","contentUrl":"https:\/\/tuzlainfo.ba\/wp-content\/uploads\/2023\/09\/2909_svlacion.jpg","width":1000,"height":698},{"@type":"BreadcrumbList","@id":"https:\/\/tuzlainfo.ba\/index.php\/novosti\/item\/218331-vandalski-cin-igraci-zeljeznicara-bijes-iskalili-na-svlacionici-stadiona-tusanj\/#breadcrumb","itemListElement":[{"@type":"ListItem","position":1,"name":"Home","item":"https:\/\/tuzlainfo.ba\/"},{"@type":"ListItem","position":2,"name":"Vandalski \u010din: Igra\u010di \u017deljezni\u010dara bijes iskalili na svla\u010dionici stadiona Tu\u0161anj"}]},{"@type":"WebSite","@id":"https:\/\/tuzlainfo.ba\/#website","url":"https:\/\/tuzlainfo.ba\/","name":"TuzlaInfo.ba","description":"Tuzla info, gradski informator - Tuzla na dlanu","publisher":{"@id":"https:\/\/tuzlainfo.ba\/#organization"},"potentialAction":[{"@type":"SearchAction","target":{"@type":"EntryPoint","urlTemplate":"https:\/\/tuzlainfo.ba\/?s={search_term_string}"},"query-input":{"@type":"PropertyValueSpecification","valueRequired":true,"valueName":"search_term_string"}}],"inLanguage":"bs-BA"},{"@type":"Organization","@id":"https:\/\/tuzlainfo.ba\/#organization","name":"TuzlaInfo.ba","url":"https:\/\/tuzlainfo.ba\/","logo":{"@type":"ImageObject","inLanguage":"bs-BA","@id":"https:\/\/tuzlainfo.ba\/#\/schema\/logo\/image\/","url":"https:\/\/tuzlainfo.ba\/wp-content\/uploads\/2021\/03\/logo-ver-3-1.png","contentUrl":"https:\/\/tuzlainfo.ba\/wp-content\/uploads\/2021\/03\/logo-ver-3-1.png","width":350,"height":95,"caption":"TuzlaInfo.ba"},"image":{"@id":"https:\/\/tuzlainfo.ba\/#\/schema\/logo\/image\/"},"sameAs":["https:\/\/www.facebook.com\/tuzlainfo.ba\/"]},{"@type":"Person","@id":"https:\/\/tuzlainfo.ba\/#\/schema\/person\/f434e20dc27ea133923aab08451b7f7f","name":"nedim","image":{"@type":"ImageObject","inLanguage":"bs-BA","@id":"https:\/\/tuzlainfo.ba\/#\/schema\/person\/image\/","url":"https:\/\/tuzlainfo.ba\/wp-content\/litespeed\/avatar\/aabad687af24844af817603ac1cbdc4f.jpg?ver=1776702173","contentUrl":"https:\/\/tuzlainfo.ba\/wp-content\/litespeed\/avatar\/aabad687af24844af817603ac1cbdc4f.jpg?ver=1776702173","caption":"nedim"},"description":"Tuzlainfo.ba pratite na dru\u0161tvenim mre\u017eama: Facebook, Instagram i Youtube. Svoje pri\u010de, upite i fotografije \u0161aljite na na\u0161u e-mail adresu."}]}},"_links":{"self":[{"href":"https:\/\/tuzlainfo.ba\/index.php\/wp-json\/wp\/v2\/posts\/218331"}],"collection":[{"href":"https:\/\/tuzlainfo.ba\/index.php\/wp-json\/wp\/v2\/posts"}],"about":[{"href":"https:\/\/tuzlainfo.ba\/index.php\/wp-json\/wp\/v2\/types\/post"}],"author":[{"embeddable":true,"href":"https:\/\/tuzlainfo.ba\/index.php\/wp-json\/wp\/v2\/users\/2"}],"replies":[{"embeddable":true,"href":"https:\/\/tuzlainfo.ba\/index.php\/wp-json\/wp\/v2\/comments?post=218331"}],"version-history":[{"count":1,"href":"https:\/\/tuzlainfo.ba\/index.php\/wp-json\/wp\/v2\/posts\/218331\/revisions"}],"predecessor-version":[{"id":218333,"href":"https:\/\/tuzlainfo.ba\/index.php\/wp-json\/wp\/v2\/posts\/218331\/revisions\/218333"}],"wp:featuredmedia":[{"embeddable":true,"href":"https:\/\/tuzlainfo.ba\/index.php\/wp-json\/wp\/v2\/media\/218332"}],"wp:attachment":[{"href":"https:\/\/tuzlainfo.ba\/index.php\/wp-json\/wp\/v2\/media?parent=218331"}],"wp:term":[{"taxonomy":"category","embeddable":true,"href":"https:\/\/tuzlainfo.ba\/index.php\/wp-json\/wp\/v2\/categories?post=218331"},{"taxonomy":"post_tag","embeddable":true,"href":"https:\/\/tuzlainfo.ba\/index.php\/wp-json\/wp\/v2\/tags?post=218331"}],"curies":[{"name":"wp","href":"https:\/\/api.w.org\/{rel}","templated":true}]}}