{"id":218215,"date":"2023-09-28T11:42:47","date_gmt":"2023-09-28T09:42:47","guid":{"rendered":"https:\/\/tuzlainfo.ba\/?p=218215"},"modified":"2023-09-28T11:42:47","modified_gmt":"2023-09-28T09:42:47","slug":"tuzilastvo-tk-predlozilo-pritvor-za-petorku-zbog-krivotvorenja-isprava","status":"publish","type":"post","link":"https:\/\/tuzlainfo.ba\/index.php\/novosti\/item\/218215-tuzilastvo-tk-predlozilo-pritvor-za-petorku-zbog-krivotvorenja-isprava\/","title":{"rendered":"Tu\u017eila\u0161tvo TK predlo\u017eilo pritvor za petorku zbog krivotvorenja isprava"},"content":{"rendered":"<p><span lang=\"BS-LATN-BA\">Kantonalno tu\u017eila\u0161tvo Tuzlanskog kantona je sudiji za prethodni postupak Kantonalnog suda Tuzla stavilo prijedlog za odre\u0111ivanje mjere jednomjese\u010dnog pritvora za\u00a0\u00a0pet osoba\u00a0\u00a0zbog postojanja osnovane sumnje da su po\u010dinili krivi\u010dno djelo organizirani kriminal u vezi sa\u00a0\u00a0kritvotvorenjem isprava i drugim krivi\u010dnim djelima. Mjera pritvora je predlo\u017eena za Mehu Milkuni\u0107a (58) iz Kalesije, Milorada Popovi\u0107a (52) iz Bijeljine, Nurdina Jahi\u0107a (48) iz Tuzle, Branislava Cvjetkovi\u0107a (49) iz Zvornika i Sadika Sulji\u0107a (53) iz Sapne.<\/span><\/p>\n<p><span lang=\"BS-LATN-BA\">Milkuni\u0107, koji je bio vo\u0111a grupe za organizirani kriminal, je uz pomenuta krivi\u010dna djela\u00a0\u00a0osumnji\u010den i za krivotvorenje slu\u017ebene isprave i pripremanje krivi\u010dnog djela, Popovi\u0107\u00a0\u00a0i za krivi\u010dno djelo pripremanje\u00a0\u00a0krivi\u010dnog djela, a Cvjetkovi\u0107 i Sulji\u0107 i\u00a0\u00a0za krivi\u010dno djelo\u00a0\u00a0krivotvorenje slu\u017ebene isprave.<\/span><\/p>\n<p><span lang=\"BS-LATN-BA\">Istraga je otvorena i protiv N.K (54) iz Tuzle zbog produ\u017eenog krivi\u010dnog djela krivotvorenje isprave, ali je nakon ispitivanja osumnji\u010deni pu\u0161ten da se brani sa slobode.<\/span><\/p>\n<p>Istraga je otvorena i protiv N.K (54) iz Tuzle zbog produ\u017eenog krivi\u010dnog djela krivotvorenje isprave, ali je nakon ispitivanja osumnji\u010deni pu\u0161ten da se brani sa slobode.<\/p>\n<p>&nbsp;<\/p>\n<p>Milkuni\u0107 je osumnji\u010den da je u periodu od polovine 2019. do kraja septembra 2023. godine na podru\u010dju Tuzlanskog kantona i Republike Srpske rukovodio grupom za organizirani kriminal, u kojoj su bili i ostali osumnji\u010deni sa razli\u010ditim ulogama u grupi, radi izrade i nabavke la\u017enih javnih isprava ve\u0107em broju osoba s ciljem da se upotrebljavaju kao prave, a kako bi za sebe i \u010dlanove grupe sticao protivpravnu imovinsku korist.<\/p>\n<p>&nbsp;<\/p>\n<p>Tako su u pomenutom periodu izradili i nabavili razli\u010dite krivotvorene javne isprave: uvjerenja o neka\u017enjavanju, diplome srednjih \u0161kola, certifikate o poznavanju stranih jezika, ljekarska uvjerenja, voza\u010dke dozvole, pe\u010date ulaza i izlaza u putnim ispravama i druge javne isprave i na taj na\u010din pribavili ve\u0107u protivpravnu imovinsku korist za sebe.<\/p>\n<p>Osumnji\u010deni su li\u0161eni slobode 26. septembra u koordiniranoj operativnoj akciji Alterego I i II koju su proveli policijski slu\u017ebenici Dr\u017eavne agencije za istragu i za\u0161titu BiH (SIPA), uz saradnju sa MUP-om TK i MUP-om RS-a. Izvr\u0161eni su pretresi na vi\u0161e lokacija na podru\u010dju Tuzlanskog kantona i Republike Srpske po nalogu Tu\u017eila\u0161tva Tuzlanskog kantona i Republi\u010dkog javnog tu\u017eila\u0161tva RS, uz naredbu Kantonalnog suda u Tuzli. Pretresima i operativnoj akciji su prethodile provjere i istra\u017ene radnje koje su trajale du\u017ei period.<\/p>\n<p>&nbsp;<\/p>\n<p>Protiv njih je donesena naredba o provo\u0111enju istrage i ispitani su u Tu\u017eila\u0161tvu.<\/p>\n<p>&nbsp;<\/p>\n<p>Istraga u ovom predmetu \u0107e se nastaviti u narednom periodu.<\/p>\n","protected":false},"excerpt":{"rendered":"<p>Kantonalno tu\u017eila\u0161tvo Tuzlanskog kantona je sudiji za prethodni postupak Kantonalnog suda Tuzla stavilo prijedlog za&hellip;<\/p>\n","protected":false},"author":4,"featured_media":76512,"comment_status":"open","ping_status":"closed","sticky":false,"template":"","format":"standard","meta":{"_acf_changed":false,"footnotes":""},"categories":[304,12],"tags":[],"acf":[],"yoast_head":"<!-- This site is optimized with the Yoast SEO plugin v23.5 - https:\/\/yoast.com\/wordpress\/plugins\/seo\/ -->\n<title>Tu\u017eila\u0161tvo TK predlo\u017eilo pritvor za petorku zbog krivotvorenja isprava - TuzlaInfo.ba<\/title>\n<meta name=\"robots\" content=\"index, follow, max-snippet:-1, max-image-preview:large, max-video-preview:-1\" \/>\n<link rel=\"canonical\" href=\"https:\/\/tuzlainfo.ba\/index.php\/novosti\/item\/218215-tuzilastvo-tk-predlozilo-pritvor-za-petorku-zbog-krivotvorenja-isprava\/\" \/>\n<meta property=\"og:locale\" content=\"bs_BA\" \/>\n<meta property=\"og:type\" content=\"article\" \/>\n<meta property=\"og:title\" content=\"Tu\u017eila\u0161tvo TK predlo\u017eilo pritvor za petorku zbog krivotvorenja isprava - TuzlaInfo.ba\" \/>\n<meta property=\"og:description\" content=\"Kantonalno tu\u017eila\u0161tvo Tuzlanskog kantona je sudiji za prethodni postupak Kantonalnog suda Tuzla stavilo prijedlog za&hellip;\" \/>\n<meta property=\"og:url\" content=\"https:\/\/tuzlainfo.ba\/index.php\/novosti\/item\/218215-tuzilastvo-tk-predlozilo-pritvor-za-petorku-zbog-krivotvorenja-isprava\/\" \/>\n<meta property=\"og:site_name\" content=\"TuzlaInfo.ba\" \/>\n<meta property=\"article:publisher\" content=\"https:\/\/www.facebook.com\/tuzlainfo.ba\/\" \/>\n<meta property=\"article:published_time\" content=\"2023-09-28T09:42:47+00:00\" \/>\n<meta property=\"og:image\" content=\"https:\/\/tuzlainfo.ba\/wp-content\/uploads\/2020\/01\/sadrzaj_2020_20200102_2701_tuzilastvo-tk.jpg\" \/>\n\t<meta property=\"og:image:width\" content=\"770\" \/>\n\t<meta property=\"og:image:height\" content=\"433\" \/>\n\t<meta property=\"og:image:type\" content=\"image\/jpeg\" \/>\n<meta name=\"author\" content=\"Tuzla Info\" \/>\n<meta name=\"twitter:card\" content=\"summary_large_image\" \/>\n<meta name=\"twitter:label1\" content=\"Written by\" \/>\n\t<meta name=\"twitter:data1\" content=\"Tuzla Info\" \/>\n\t<meta name=\"twitter:label2\" content=\"Est. reading time\" \/>\n\t<meta name=\"twitter:data2\" content=\"2 minute\" \/>\n<script type=\"application\/ld+json\" class=\"yoast-schema-graph\">{\"@context\":\"https:\/\/schema.org\",\"@graph\":[{\"@type\":\"Article\",\"@id\":\"https:\/\/tuzlainfo.ba\/index.php\/novosti\/item\/218215-tuzilastvo-tk-predlozilo-pritvor-za-petorku-zbog-krivotvorenja-isprava\/#article\",\"isPartOf\":{\"@id\":\"https:\/\/tuzlainfo.ba\/index.php\/novosti\/item\/218215-tuzilastvo-tk-predlozilo-pritvor-za-petorku-zbog-krivotvorenja-isprava\/\"},\"author\":{\"name\":\"Tuzla Info\",\"@id\":\"https:\/\/tuzlainfo.ba\/#\/schema\/person\/46cad4c57790cbc50781edd14870825a\"},\"headline\":\"Tu\u017eila\u0161tvo TK predlo\u017eilo pritvor za petorku zbog krivotvorenja isprava\",\"datePublished\":\"2023-09-28T09:42:47+00:00\",\"dateModified\":\"2023-09-28T09:42:47+00:00\",\"mainEntityOfPage\":{\"@id\":\"https:\/\/tuzlainfo.ba\/index.php\/novosti\/item\/218215-tuzilastvo-tk-predlozilo-pritvor-za-petorku-zbog-krivotvorenja-isprava\/\"},\"wordCount\":455,\"commentCount\":0,\"publisher\":{\"@id\":\"https:\/\/tuzlainfo.ba\/#organization\"},\"image\":{\"@id\":\"https:\/\/tuzlainfo.ba\/index.php\/novosti\/item\/218215-tuzilastvo-tk-predlozilo-pritvor-za-petorku-zbog-krivotvorenja-isprava\/#primaryimage\"},\"thumbnailUrl\":\"https:\/\/tuzlainfo.ba\/wp-content\/uploads\/2020\/01\/sadrzaj_2020_20200102_2701_tuzilastvo-tk.jpg\",\"articleSection\":[\"Istaknuto\",\"Novosti\"],\"inLanguage\":\"bs-BA\"},{\"@type\":\"WebPage\",\"@id\":\"https:\/\/tuzlainfo.ba\/index.php\/novosti\/item\/218215-tuzilastvo-tk-predlozilo-pritvor-za-petorku-zbog-krivotvorenja-isprava\/\",\"url\":\"https:\/\/tuzlainfo.ba\/index.php\/novosti\/item\/218215-tuzilastvo-tk-predlozilo-pritvor-za-petorku-zbog-krivotvorenja-isprava\/\",\"name\":\"Tu\u017eila\u0161tvo TK predlo\u017eilo pritvor za petorku zbog krivotvorenja isprava - TuzlaInfo.ba\",\"isPartOf\":{\"@id\":\"https:\/\/tuzlainfo.ba\/#website\"},\"primaryImageOfPage\":{\"@id\":\"https:\/\/tuzlainfo.ba\/index.php\/novosti\/item\/218215-tuzilastvo-tk-predlozilo-pritvor-za-petorku-zbog-krivotvorenja-isprava\/#primaryimage\"},\"image\":{\"@id\":\"https:\/\/tuzlainfo.ba\/index.php\/novosti\/item\/218215-tuzilastvo-tk-predlozilo-pritvor-za-petorku-zbog-krivotvorenja-isprava\/#primaryimage\"},\"thumbnailUrl\":\"https:\/\/tuzlainfo.ba\/wp-content\/uploads\/2020\/01\/sadrzaj_2020_20200102_2701_tuzilastvo-tk.jpg\",\"datePublished\":\"2023-09-28T09:42:47+00:00\",\"dateModified\":\"2023-09-28T09:42:47+00:00\",\"breadcrumb\":{\"@id\":\"https:\/\/tuzlainfo.ba\/index.php\/novosti\/item\/218215-tuzilastvo-tk-predlozilo-pritvor-za-petorku-zbog-krivotvorenja-isprava\/#breadcrumb\"},\"inLanguage\":\"bs-BA\",\"potentialAction\":[{\"@type\":\"ReadAction\",\"target\":[\"https:\/\/tuzlainfo.ba\/index.php\/novosti\/item\/218215-tuzilastvo-tk-predlozilo-pritvor-za-petorku-zbog-krivotvorenja-isprava\/\"]}]},{\"@type\":\"ImageObject\",\"inLanguage\":\"bs-BA\",\"@id\":\"https:\/\/tuzlainfo.ba\/index.php\/novosti\/item\/218215-tuzilastvo-tk-predlozilo-pritvor-za-petorku-zbog-krivotvorenja-isprava\/#primaryimage\",\"url\":\"https:\/\/tuzlainfo.ba\/wp-content\/uploads\/2020\/01\/sadrzaj_2020_20200102_2701_tuzilastvo-tk.jpg\",\"contentUrl\":\"https:\/\/tuzlainfo.ba\/wp-content\/uploads\/2020\/01\/sadrzaj_2020_20200102_2701_tuzilastvo-tk.jpg\",\"width\":770,\"height\":433,\"caption\":\"2701 tuzilastvo tk\"},{\"@type\":\"BreadcrumbList\",\"@id\":\"https:\/\/tuzlainfo.ba\/index.php\/novosti\/item\/218215-tuzilastvo-tk-predlozilo-pritvor-za-petorku-zbog-krivotvorenja-isprava\/#breadcrumb\",\"itemListElement\":[{\"@type\":\"ListItem\",\"position\":1,\"name\":\"Home\",\"item\":\"https:\/\/tuzlainfo.ba\/\"},{\"@type\":\"ListItem\",\"position\":2,\"name\":\"Tu\u017eila\u0161tvo TK predlo\u017eilo pritvor za petorku zbog krivotvorenja isprava\"}]},{\"@type\":\"WebSite\",\"@id\":\"https:\/\/tuzlainfo.ba\/#website\",\"url\":\"https:\/\/tuzlainfo.ba\/\",\"name\":\"TuzlaInfo.ba\",\"description\":\"Tuzla info, gradski informator - Tuzla na dlanu\",\"publisher\":{\"@id\":\"https:\/\/tuzlainfo.ba\/#organization\"},\"potentialAction\":[{\"@type\":\"SearchAction\",\"target\":{\"@type\":\"EntryPoint\",\"urlTemplate\":\"https:\/\/tuzlainfo.ba\/?s={search_term_string}\"},\"query-input\":{\"@type\":\"PropertyValueSpecification\",\"valueRequired\":true,\"valueName\":\"search_term_string\"}}],\"inLanguage\":\"bs-BA\"},{\"@type\":\"Organization\",\"@id\":\"https:\/\/tuzlainfo.ba\/#organization\",\"name\":\"TuzlaInfo.ba\",\"url\":\"https:\/\/tuzlainfo.ba\/\",\"logo\":{\"@type\":\"ImageObject\",\"inLanguage\":\"bs-BA\",\"@id\":\"https:\/\/tuzlainfo.ba\/#\/schema\/logo\/image\/\",\"url\":\"https:\/\/tuzlainfo.ba\/wp-content\/uploads\/2021\/03\/logo-ver-3-1.png\",\"contentUrl\":\"https:\/\/tuzlainfo.ba\/wp-content\/uploads\/2021\/03\/logo-ver-3-1.png\",\"width\":350,\"height\":95,\"caption\":\"TuzlaInfo.ba\"},\"image\":{\"@id\":\"https:\/\/tuzlainfo.ba\/#\/schema\/logo\/image\/\"},\"sameAs\":[\"https:\/\/www.facebook.com\/tuzlainfo.ba\/\"]},{\"@type\":\"Person\",\"@id\":\"https:\/\/tuzlainfo.ba\/#\/schema\/person\/46cad4c57790cbc50781edd14870825a\",\"name\":\"Tuzla Info\",\"image\":{\"@type\":\"ImageObject\",\"inLanguage\":\"bs-BA\",\"@id\":\"https:\/\/tuzlainfo.ba\/#\/schema\/person\/image\/\",\"url\":\"https:\/\/tuzlainfo.ba\/wp-content\/litespeed\/avatar\/b6c453a6c38e3654f2e4416c643fc25c.jpg?ver=1777051911\",\"contentUrl\":\"https:\/\/tuzlainfo.ba\/wp-content\/litespeed\/avatar\/b6c453a6c38e3654f2e4416c643fc25c.jpg?ver=1777051911\",\"caption\":\"Tuzla Info\"}}]}<\/script>\n<!-- \/ Yoast SEO plugin. -->","yoast_head_json":{"title":"Tu\u017eila\u0161tvo TK predlo\u017eilo pritvor za petorku zbog krivotvorenja isprava - TuzlaInfo.ba","robots":{"index":"index","follow":"follow","max-snippet":"max-snippet:-1","max-image-preview":"max-image-preview:large","max-video-preview":"max-video-preview:-1"},"canonical":"https:\/\/tuzlainfo.ba\/index.php\/novosti\/item\/218215-tuzilastvo-tk-predlozilo-pritvor-za-petorku-zbog-krivotvorenja-isprava\/","og_locale":"bs_BA","og_type":"article","og_title":"Tu\u017eila\u0161tvo TK predlo\u017eilo pritvor za petorku zbog krivotvorenja isprava - TuzlaInfo.ba","og_description":"Kantonalno tu\u017eila\u0161tvo Tuzlanskog kantona je sudiji za prethodni postupak Kantonalnog suda Tuzla stavilo prijedlog za&hellip;","og_url":"https:\/\/tuzlainfo.ba\/index.php\/novosti\/item\/218215-tuzilastvo-tk-predlozilo-pritvor-za-petorku-zbog-krivotvorenja-isprava\/","og_site_name":"TuzlaInfo.ba","article_publisher":"https:\/\/www.facebook.com\/tuzlainfo.ba\/","article_published_time":"2023-09-28T09:42:47+00:00","og_image":[{"width":770,"height":433,"url":"https:\/\/tuzlainfo.ba\/wp-content\/uploads\/2020\/01\/sadrzaj_2020_20200102_2701_tuzilastvo-tk.jpg","type":"image\/jpeg"}],"author":"Tuzla Info","twitter_card":"summary_large_image","twitter_misc":{"Written by":"Tuzla Info","Est. reading time":"2 minute"},"schema":{"@context":"https:\/\/schema.org","@graph":[{"@type":"Article","@id":"https:\/\/tuzlainfo.ba\/index.php\/novosti\/item\/218215-tuzilastvo-tk-predlozilo-pritvor-za-petorku-zbog-krivotvorenja-isprava\/#article","isPartOf":{"@id":"https:\/\/tuzlainfo.ba\/index.php\/novosti\/item\/218215-tuzilastvo-tk-predlozilo-pritvor-za-petorku-zbog-krivotvorenja-isprava\/"},"author":{"name":"Tuzla Info","@id":"https:\/\/tuzlainfo.ba\/#\/schema\/person\/46cad4c57790cbc50781edd14870825a"},"headline":"Tu\u017eila\u0161tvo TK predlo\u017eilo pritvor za petorku zbog krivotvorenja isprava","datePublished":"2023-09-28T09:42:47+00:00","dateModified":"2023-09-28T09:42:47+00:00","mainEntityOfPage":{"@id":"https:\/\/tuzlainfo.ba\/index.php\/novosti\/item\/218215-tuzilastvo-tk-predlozilo-pritvor-za-petorku-zbog-krivotvorenja-isprava\/"},"wordCount":455,"commentCount":0,"publisher":{"@id":"https:\/\/tuzlainfo.ba\/#organization"},"image":{"@id":"https:\/\/tuzlainfo.ba\/index.php\/novosti\/item\/218215-tuzilastvo-tk-predlozilo-pritvor-za-petorku-zbog-krivotvorenja-isprava\/#primaryimage"},"thumbnailUrl":"https:\/\/tuzlainfo.ba\/wp-content\/uploads\/2020\/01\/sadrzaj_2020_20200102_2701_tuzilastvo-tk.jpg","articleSection":["Istaknuto","Novosti"],"inLanguage":"bs-BA"},{"@type":"WebPage","@id":"https:\/\/tuzlainfo.ba\/index.php\/novosti\/item\/218215-tuzilastvo-tk-predlozilo-pritvor-za-petorku-zbog-krivotvorenja-isprava\/","url":"https:\/\/tuzlainfo.ba\/index.php\/novosti\/item\/218215-tuzilastvo-tk-predlozilo-pritvor-za-petorku-zbog-krivotvorenja-isprava\/","name":"Tu\u017eila\u0161tvo TK predlo\u017eilo pritvor za petorku zbog krivotvorenja isprava - TuzlaInfo.ba","isPartOf":{"@id":"https:\/\/tuzlainfo.ba\/#website"},"primaryImageOfPage":{"@id":"https:\/\/tuzlainfo.ba\/index.php\/novosti\/item\/218215-tuzilastvo-tk-predlozilo-pritvor-za-petorku-zbog-krivotvorenja-isprava\/#primaryimage"},"image":{"@id":"https:\/\/tuzlainfo.ba\/index.php\/novosti\/item\/218215-tuzilastvo-tk-predlozilo-pritvor-za-petorku-zbog-krivotvorenja-isprava\/#primaryimage"},"thumbnailUrl":"https:\/\/tuzlainfo.ba\/wp-content\/uploads\/2020\/01\/sadrzaj_2020_20200102_2701_tuzilastvo-tk.jpg","datePublished":"2023-09-28T09:42:47+00:00","dateModified":"2023-09-28T09:42:47+00:00","breadcrumb":{"@id":"https:\/\/tuzlainfo.ba\/index.php\/novosti\/item\/218215-tuzilastvo-tk-predlozilo-pritvor-za-petorku-zbog-krivotvorenja-isprava\/#breadcrumb"},"inLanguage":"bs-BA","potentialAction":[{"@type":"ReadAction","target":["https:\/\/tuzlainfo.ba\/index.php\/novosti\/item\/218215-tuzilastvo-tk-predlozilo-pritvor-za-petorku-zbog-krivotvorenja-isprava\/"]}]},{"@type":"ImageObject","inLanguage":"bs-BA","@id":"https:\/\/tuzlainfo.ba\/index.php\/novosti\/item\/218215-tuzilastvo-tk-predlozilo-pritvor-za-petorku-zbog-krivotvorenja-isprava\/#primaryimage","url":"https:\/\/tuzlainfo.ba\/wp-content\/uploads\/2020\/01\/sadrzaj_2020_20200102_2701_tuzilastvo-tk.jpg","contentUrl":"https:\/\/tuzlainfo.ba\/wp-content\/uploads\/2020\/01\/sadrzaj_2020_20200102_2701_tuzilastvo-tk.jpg","width":770,"height":433,"caption":"2701 tuzilastvo tk"},{"@type":"BreadcrumbList","@id":"https:\/\/tuzlainfo.ba\/index.php\/novosti\/item\/218215-tuzilastvo-tk-predlozilo-pritvor-za-petorku-zbog-krivotvorenja-isprava\/#breadcrumb","itemListElement":[{"@type":"ListItem","position":1,"name":"Home","item":"https:\/\/tuzlainfo.ba\/"},{"@type":"ListItem","position":2,"name":"Tu\u017eila\u0161tvo TK predlo\u017eilo pritvor za petorku zbog krivotvorenja isprava"}]},{"@type":"WebSite","@id":"https:\/\/tuzlainfo.ba\/#website","url":"https:\/\/tuzlainfo.ba\/","name":"TuzlaInfo.ba","description":"Tuzla info, gradski informator - Tuzla na dlanu","publisher":{"@id":"https:\/\/tuzlainfo.ba\/#organization"},"potentialAction":[{"@type":"SearchAction","target":{"@type":"EntryPoint","urlTemplate":"https:\/\/tuzlainfo.ba\/?s={search_term_string}"},"query-input":{"@type":"PropertyValueSpecification","valueRequired":true,"valueName":"search_term_string"}}],"inLanguage":"bs-BA"},{"@type":"Organization","@id":"https:\/\/tuzlainfo.ba\/#organization","name":"TuzlaInfo.ba","url":"https:\/\/tuzlainfo.ba\/","logo":{"@type":"ImageObject","inLanguage":"bs-BA","@id":"https:\/\/tuzlainfo.ba\/#\/schema\/logo\/image\/","url":"https:\/\/tuzlainfo.ba\/wp-content\/uploads\/2021\/03\/logo-ver-3-1.png","contentUrl":"https:\/\/tuzlainfo.ba\/wp-content\/uploads\/2021\/03\/logo-ver-3-1.png","width":350,"height":95,"caption":"TuzlaInfo.ba"},"image":{"@id":"https:\/\/tuzlainfo.ba\/#\/schema\/logo\/image\/"},"sameAs":["https:\/\/www.facebook.com\/tuzlainfo.ba\/"]},{"@type":"Person","@id":"https:\/\/tuzlainfo.ba\/#\/schema\/person\/46cad4c57790cbc50781edd14870825a","name":"Tuzla Info","image":{"@type":"ImageObject","inLanguage":"bs-BA","@id":"https:\/\/tuzlainfo.ba\/#\/schema\/person\/image\/","url":"https:\/\/tuzlainfo.ba\/wp-content\/litespeed\/avatar\/b6c453a6c38e3654f2e4416c643fc25c.jpg?ver=1777051911","contentUrl":"https:\/\/tuzlainfo.ba\/wp-content\/litespeed\/avatar\/b6c453a6c38e3654f2e4416c643fc25c.jpg?ver=1777051911","caption":"Tuzla Info"}}]}},"_links":{"self":[{"href":"https:\/\/tuzlainfo.ba\/index.php\/wp-json\/wp\/v2\/posts\/218215"}],"collection":[{"href":"https:\/\/tuzlainfo.ba\/index.php\/wp-json\/wp\/v2\/posts"}],"about":[{"href":"https:\/\/tuzlainfo.ba\/index.php\/wp-json\/wp\/v2\/types\/post"}],"author":[{"embeddable":true,"href":"https:\/\/tuzlainfo.ba\/index.php\/wp-json\/wp\/v2\/users\/4"}],"replies":[{"embeddable":true,"href":"https:\/\/tuzlainfo.ba\/index.php\/wp-json\/wp\/v2\/comments?post=218215"}],"version-history":[{"count":1,"href":"https:\/\/tuzlainfo.ba\/index.php\/wp-json\/wp\/v2\/posts\/218215\/revisions"}],"predecessor-version":[{"id":218216,"href":"https:\/\/tuzlainfo.ba\/index.php\/wp-json\/wp\/v2\/posts\/218215\/revisions\/218216"}],"wp:featuredmedia":[{"embeddable":true,"href":"https:\/\/tuzlainfo.ba\/index.php\/wp-json\/wp\/v2\/media\/76512"}],"wp:attachment":[{"href":"https:\/\/tuzlainfo.ba\/index.php\/wp-json\/wp\/v2\/media?parent=218215"}],"wp:term":[{"taxonomy":"category","embeddable":true,"href":"https:\/\/tuzlainfo.ba\/index.php\/wp-json\/wp\/v2\/categories?post=218215"},{"taxonomy":"post_tag","embeddable":true,"href":"https:\/\/tuzlainfo.ba\/index.php\/wp-json\/wp\/v2\/tags?post=218215"}],"curies":[{"name":"wp","href":"https:\/\/api.w.org\/{rel}","templated":true}]}}