{"id":218109,"date":"2023-09-27T10:49:26","date_gmt":"2023-09-27T08:49:26","guid":{"rendered":"https:\/\/tuzlainfo.ba\/?p=218109"},"modified":"2023-09-27T10:49:26","modified_gmt":"2023-09-27T08:49:26","slug":"video-centralna-mevludska-svecanost-za-muftijstvo-tuzlansko-odrzana-u-dzamiji-kralj-abdullah","status":"publish","type":"post","link":"https:\/\/tuzlainfo.ba\/index.php\/novosti\/item\/218109-video-centralna-mevludska-svecanost-za-muftijstvo-tuzlansko-odrzana-u-dzamiji-kralj-abdullah\/","title":{"rendered":"VIDEO \/ Centralna mevludska sve\u010danost za Muftijstvo tuzlansko odr\u017eana u D\u017eamiji \u201cKralj Abdullah\u201d"},"content":{"rendered":"<p>Centralna mevludska sve\u010danost za Muftijstvo tuzlansko i Med\u017elis Islamske zajednice Tuzla odr\u017eana je 26. septembra ove godine u D\u017eamiji \u201cKralj Abdullah\u201d.<\/p>\n<p>Sve\u010danosti koja je organizirana povodom dana ro\u0111enja Muhammeda, alejhi selam, prisustvovao je muftija tuzlanski dr. Vahid-ef. Fazlovi\u0107, ugledni turski alim prof. dr. Fatih \u00c7ollak, glavni tuzlanski imam hafiz Ahmed-ef. Huskanovi\u0107, tuzlanski imami, muderrisi i brojne d\u017eematlije.<\/p>\n<p>Mevlud su prou\u010dili \u010dlanovi hora &#8220;Gazi Turali-beg&#8221; a tokom program uru\u010dene su diplome za 31 polaznika mekteba D\u017eamije \u201cKralj Abdullah\u201d koji su nedavno okon\u010dali svoju prvu hatmu.<\/p>\n<p>Muftija Fazlovi\u0107 je u svome obra\u0107anju istakao da Allah, d\u017eelle \u0161anuhu, muslimanima i muslimankama u svim vremenima, i svemu \u0161to je stvorio, u Objavi kazuje da je Muhammed, alejhi selam, \u010dovjek koji je ro\u0111en od majke Amine i oca Abdulaha, veli\u010danstvena milost, dar, poklon svakome \u010dovjeku.<\/p>\n<p>&#8211; Ovo je no\u0107 sa najljep\u0161im osje\u0107anjima koje je imala hazreti Amina, no\u0107 u kojoj su ljudi do\u017eivjeli promjene u mnogim dijelovima svijeta. Ovo je dvanaesta no\u0107 rebiul-evvela i ovo su \u010dasovi u kojima je ro\u0111en Muhammed, alejhi selam. Sve ovo spominjemo i nagla\u0161avamo zbog na\u0161ih srca koja su otvorena za Allahovu milost, iman i islam, ali nisu uvijek ista. Kao da se umore. Moramo ih osvje\u017eavati i hraniti vjerom. Vjera u Allaha, d\u017eelle \u0161anuhu, i vjera da je Njegov poslanik Muhammed, alejhi selam, odabran i najbolji uzor, o\u017eivljava i razbu\u0111uje na\u0161a srca. Neka ova no\u0107 i ovaj mjesec budu preporod u na\u0161oj vjeri, u na\u0161im prodicama, d\u017eematima, na\u0161em narodu i ovoj lijepoj zemlji, u na\u0161em \u010dasnom ummetu. U Kur'ani-kerimu je poziv Allaha, d\u017eelle \u0161anuhu, da budemo na stazi na\u0161eg Poslanika, alejhi selam, \u010dvrstim stopama i sigurnim koracima, te da sa te staze ne silazimo. Neke nas ovaj d\u017eemat ve\u010deras u tome oja\u010da, kazao je muftija Fazlovi\u0107, te je pohvalio vrijedne polaznike mektepske pouke u d\u017eematu D\u017eamije &#8220;Kralj Abdullah&#8221; ali i u drugim mektebima, njihove muallime, porodice i d\u017eemate.<\/p>\n<p><iframe title=\"Tuzla - Centralna mevludska svecanost u dzamiji Kralj Abdullah\" width=\"1170\" height=\"658\" src=\"https:\/\/www.youtube.com\/embed\/MisJws8hktw?feature=oembed\" frameborder=\"0\" allow=\"accelerometer; autoplay; clipboard-write; encrypted-media; gyroscope; picture-in-picture; web-share\" allowfullscreen><\/iframe><\/p>\n<p>Predavanje je tokom ove mevludske ve\u010deri odr\u017eao prof. dr. Fatih \u00c7ollak. Govore\u0107i o Muhammedu, alejhi selam, njegovom ro\u0111enju, \u017eivotu i poslanstvu, istakao je poruke iz prvih ajeta objavljenih u Kur'anu.<\/p>\n<div>\n<p>&#8211; U ovim ajetima Uzvi\u0161eni Allah je na\u0161em Poslaniku poru\u010dio da ljude obavijesti o sljede\u0107em: O ljudi, u svim vremenima i na svim mjestima budite svjesni Allaha, d\u017eelle \u0161anuhu. Posmatrajte sebe, svoje stvaranje te stvaranje nebesa i zemlje. Uzvi\u0161eni Allah je odabrao upravo vas da budete muslimani i nemojte obo\u017eavati nikoga osim Njega. Pokoravajte se Allahu i Njegovom Poslaniku. Nemoj zaboraviti, o Muhammede, ti si najljep\u0161eg morala. Upravo iz tog razloga, najbolji musliman je onaj kojeg krasi lijep ahlak. Muslimani su bra\u0107a ma gdje bili, na istoku ili na zapadu, sjeveru ili jugu, ma gdje \u017eivjeli, moramo biti bra\u0107a i jedni druge podr\u017eavati, biti pravedni te po\u0161tovati sve druge ljude, kazao je prof. dr. \u00c7ollak. Izrazio je radost i ponos \u0161to o na\u0161em poslaniku Muhammedu, alejhi selam mo\u017eemo govoriti na ovaj na\u010din.<\/p>\n<p>&#8211; Upoznajmo dobro na\u0161eg Poslanika na osnovu Kur'ana, njegovog sunneta i hadisa. Imamo mnogo potrebe za Kur'anom i lijepim ahlakom poslanika Muhammeda, alejhi selam. Prvi izvori na\u0161e vjere su Kur'an i hadis. Kakav je bio Poslanik kao suprug, kakav je bio u porodici, saznajemo iz ovih izvora. Ove no\u0107i zajedno uputimo dovu Allahu, d\u017eelle \u0161anuhu, i donosimo salavate na Muhammeda, alejhi selam, kazao je prof. dr. \u00c7ollak.<\/p>\n<p><iframe title=\"D\u017eamija Kralj Abdullah Tuzla - Centralna mevludska sve\u010danost 2023\" width=\"1170\" height=\"658\" src=\"https:\/\/www.youtube.com\/embed\/3Nbk-hc-r3Q?feature=oembed\" frameborder=\"0\" allow=\"accelerometer; autoplay; clipboard-write; encrypted-media; gyroscope; picture-in-picture; web-share\" allowfullscreen><\/iframe><\/p>\n<div>\n<p>Glavni imam Med\u017elisa Islamske zajednice Tuzla hafiz Ahmed-ef. Huskanovi\u0107 je kazao da su ovu lijepu no\u0107 u kojoj se podsje\u0107amo na sve blagodati koje su ljudskom rodu do\u0161le s plemenitim poslanikom Muhammedom, alejhi selam, uljep\u0161ali polaznici mektepske pouke. Istakao je va\u017enost mekteba i muallima u podu\u010davanju djece islamu te je pozvao roditelje da svoju djecu \u0161to \u010de\u0161\u0107e dovode u mekteb.<\/p>\n<p>Dovu na kraju programa je prou\u010dio raniji predsjednik Izvr\u0161nog odbora Med\u017elisa Tuzla Hasan-ef. Spahi\u0107. Moderator programa bio je Esmir-ef. Hasanovi\u0107.<\/p>\n<\/div>\n<\/div>\n","protected":false},"excerpt":{"rendered":"<p>Centralna mevludska sve\u010danost za Muftijstvo tuzlansko i Med\u017elis Islamske zajednice Tuzla odr\u017eana je 26. septembra&hellip;<\/p>\n","protected":false},"author":2,"featured_media":218113,"comment_status":"open","ping_status":"closed","sticky":false,"template":"","format":"standard","meta":{"_acf_changed":false,"footnotes":""},"categories":[304,12],"tags":[1130,6370,8331],"acf":[],"yoast_head":"<!-- This site is optimized with the Yoast SEO plugin v23.5 - https:\/\/yoast.com\/wordpress\/plugins\/seo\/ -->\n<title>VIDEO \/ Centralna mevludska sve\u010danost za Muftijstvo tuzlansko odr\u017eana u D\u017eamiji \u201cKralj Abdullah\u201d - TuzlaInfo.ba<\/title>\n<meta name=\"robots\" content=\"index, follow, max-snippet:-1, max-image-preview:large, max-video-preview:-1\" \/>\n<link rel=\"canonical\" href=\"https:\/\/tuzlainfo.ba\/index.php\/novosti\/item\/218109-video-centralna-mevludska-svecanost-za-muftijstvo-tuzlansko-odrzana-u-dzamiji-kralj-abdullah\/\" \/>\n<meta property=\"og:locale\" content=\"bs_BA\" \/>\n<meta property=\"og:type\" content=\"article\" \/>\n<meta property=\"og:title\" content=\"VIDEO \/ Centralna mevludska sve\u010danost za Muftijstvo tuzlansko odr\u017eana u D\u017eamiji \u201cKralj Abdullah\u201d - TuzlaInfo.ba\" \/>\n<meta property=\"og:description\" content=\"Centralna mevludska sve\u010danost za Muftijstvo tuzlansko i Med\u017elis Islamske zajednice Tuzla odr\u017eana je 26. septembra&hellip;\" \/>\n<meta property=\"og:url\" content=\"https:\/\/tuzlainfo.ba\/index.php\/novosti\/item\/218109-video-centralna-mevludska-svecanost-za-muftijstvo-tuzlansko-odrzana-u-dzamiji-kralj-abdullah\/\" \/>\n<meta property=\"og:site_name\" content=\"TuzlaInfo.ba\" \/>\n<meta property=\"article:publisher\" content=\"https:\/\/www.facebook.com\/tuzlainfo.ba\/\" \/>\n<meta property=\"article:published_time\" content=\"2023-09-27T08:49:26+00:00\" \/>\n<meta property=\"og:image\" content=\"https:\/\/tuzlainfo.ba\/wp-content\/uploads\/2023\/09\/2709_mevlud2.jpg\" \/>\n\t<meta property=\"og:image:width\" content=\"1000\" \/>\n\t<meta property=\"og:image:height\" content=\"750\" \/>\n\t<meta property=\"og:image:type\" content=\"image\/jpeg\" \/>\n<meta name=\"author\" content=\"nedim\" \/>\n<meta name=\"twitter:card\" content=\"summary_large_image\" \/>\n<meta name=\"twitter:label1\" content=\"Written by\" \/>\n\t<meta name=\"twitter:data1\" content=\"nedim\" \/>\n\t<meta name=\"twitter:label2\" content=\"Est. reading time\" \/>\n\t<meta name=\"twitter:data2\" content=\"4 minute\" \/>\n<script type=\"application\/ld+json\" class=\"yoast-schema-graph\">{\"@context\":\"https:\/\/schema.org\",\"@graph\":[{\"@type\":\"Article\",\"@id\":\"https:\/\/tuzlainfo.ba\/index.php\/novosti\/item\/218109-video-centralna-mevludska-svecanost-za-muftijstvo-tuzlansko-odrzana-u-dzamiji-kralj-abdullah\/#article\",\"isPartOf\":{\"@id\":\"https:\/\/tuzlainfo.ba\/index.php\/novosti\/item\/218109-video-centralna-mevludska-svecanost-za-muftijstvo-tuzlansko-odrzana-u-dzamiji-kralj-abdullah\/\"},\"author\":{\"name\":\"nedim\",\"@id\":\"https:\/\/tuzlainfo.ba\/#\/schema\/person\/f434e20dc27ea133923aab08451b7f7f\"},\"headline\":\"VIDEO \/ Centralna mevludska sve\u010danost za Muftijstvo tuzlansko odr\u017eana u D\u017eamiji \u201cKralj Abdullah\u201d\",\"datePublished\":\"2023-09-27T08:49:26+00:00\",\"dateModified\":\"2023-09-27T08:49:26+00:00\",\"mainEntityOfPage\":{\"@id\":\"https:\/\/tuzlainfo.ba\/index.php\/novosti\/item\/218109-video-centralna-mevludska-svecanost-za-muftijstvo-tuzlansko-odrzana-u-dzamiji-kralj-abdullah\/\"},\"wordCount\":726,\"commentCount\":0,\"publisher\":{\"@id\":\"https:\/\/tuzlainfo.ba\/#organization\"},\"image\":{\"@id\":\"https:\/\/tuzlainfo.ba\/index.php\/novosti\/item\/218109-video-centralna-mevludska-svecanost-za-muftijstvo-tuzlansko-odrzana-u-dzamiji-kralj-abdullah\/#primaryimage\"},\"thumbnailUrl\":\"https:\/\/tuzlainfo.ba\/wp-content\/uploads\/2023\/09\/2709_mevlud2.jpg\",\"keywords\":[\"d\u017eamija kralja abdulaha\",\"medzlis islamske zajednice tuzla\",\"mevludska sve\u010danost\"],\"articleSection\":[\"Istaknuto\",\"Novosti\"],\"inLanguage\":\"bs-BA\"},{\"@type\":\"WebPage\",\"@id\":\"https:\/\/tuzlainfo.ba\/index.php\/novosti\/item\/218109-video-centralna-mevludska-svecanost-za-muftijstvo-tuzlansko-odrzana-u-dzamiji-kralj-abdullah\/\",\"url\":\"https:\/\/tuzlainfo.ba\/index.php\/novosti\/item\/218109-video-centralna-mevludska-svecanost-za-muftijstvo-tuzlansko-odrzana-u-dzamiji-kralj-abdullah\/\",\"name\":\"VIDEO \/ Centralna mevludska sve\u010danost za Muftijstvo tuzlansko odr\u017eana u D\u017eamiji \u201cKralj Abdullah\u201d - TuzlaInfo.ba\",\"isPartOf\":{\"@id\":\"https:\/\/tuzlainfo.ba\/#website\"},\"primaryImageOfPage\":{\"@id\":\"https:\/\/tuzlainfo.ba\/index.php\/novosti\/item\/218109-video-centralna-mevludska-svecanost-za-muftijstvo-tuzlansko-odrzana-u-dzamiji-kralj-abdullah\/#primaryimage\"},\"image\":{\"@id\":\"https:\/\/tuzlainfo.ba\/index.php\/novosti\/item\/218109-video-centralna-mevludska-svecanost-za-muftijstvo-tuzlansko-odrzana-u-dzamiji-kralj-abdullah\/#primaryimage\"},\"thumbnailUrl\":\"https:\/\/tuzlainfo.ba\/wp-content\/uploads\/2023\/09\/2709_mevlud2.jpg\",\"datePublished\":\"2023-09-27T08:49:26+00:00\",\"dateModified\":\"2023-09-27T08:49:26+00:00\",\"breadcrumb\":{\"@id\":\"https:\/\/tuzlainfo.ba\/index.php\/novosti\/item\/218109-video-centralna-mevludska-svecanost-za-muftijstvo-tuzlansko-odrzana-u-dzamiji-kralj-abdullah\/#breadcrumb\"},\"inLanguage\":\"bs-BA\",\"potentialAction\":[{\"@type\":\"ReadAction\",\"target\":[\"https:\/\/tuzlainfo.ba\/index.php\/novosti\/item\/218109-video-centralna-mevludska-svecanost-za-muftijstvo-tuzlansko-odrzana-u-dzamiji-kralj-abdullah\/\"]}]},{\"@type\":\"ImageObject\",\"inLanguage\":\"bs-BA\",\"@id\":\"https:\/\/tuzlainfo.ba\/index.php\/novosti\/item\/218109-video-centralna-mevludska-svecanost-za-muftijstvo-tuzlansko-odrzana-u-dzamiji-kralj-abdullah\/#primaryimage\",\"url\":\"https:\/\/tuzlainfo.ba\/wp-content\/uploads\/2023\/09\/2709_mevlud2.jpg\",\"contentUrl\":\"https:\/\/tuzlainfo.ba\/wp-content\/uploads\/2023\/09\/2709_mevlud2.jpg\",\"width\":1000,\"height\":750},{\"@type\":\"BreadcrumbList\",\"@id\":\"https:\/\/tuzlainfo.ba\/index.php\/novosti\/item\/218109-video-centralna-mevludska-svecanost-za-muftijstvo-tuzlansko-odrzana-u-dzamiji-kralj-abdullah\/#breadcrumb\",\"itemListElement\":[{\"@type\":\"ListItem\",\"position\":1,\"name\":\"Home\",\"item\":\"https:\/\/tuzlainfo.ba\/\"},{\"@type\":\"ListItem\",\"position\":2,\"name\":\"VIDEO \/ Centralna mevludska sve\u010danost za Muftijstvo tuzlansko odr\u017eana u D\u017eamiji \u201cKralj Abdullah\u201d\"}]},{\"@type\":\"WebSite\",\"@id\":\"https:\/\/tuzlainfo.ba\/#website\",\"url\":\"https:\/\/tuzlainfo.ba\/\",\"name\":\"TuzlaInfo.ba\",\"description\":\"Tuzla info, gradski informator - Tuzla na dlanu\",\"publisher\":{\"@id\":\"https:\/\/tuzlainfo.ba\/#organization\"},\"potentialAction\":[{\"@type\":\"SearchAction\",\"target\":{\"@type\":\"EntryPoint\",\"urlTemplate\":\"https:\/\/tuzlainfo.ba\/?s={search_term_string}\"},\"query-input\":{\"@type\":\"PropertyValueSpecification\",\"valueRequired\":true,\"valueName\":\"search_term_string\"}}],\"inLanguage\":\"bs-BA\"},{\"@type\":\"Organization\",\"@id\":\"https:\/\/tuzlainfo.ba\/#organization\",\"name\":\"TuzlaInfo.ba\",\"url\":\"https:\/\/tuzlainfo.ba\/\",\"logo\":{\"@type\":\"ImageObject\",\"inLanguage\":\"bs-BA\",\"@id\":\"https:\/\/tuzlainfo.ba\/#\/schema\/logo\/image\/\",\"url\":\"https:\/\/tuzlainfo.ba\/wp-content\/uploads\/2021\/03\/logo-ver-3-1.png\",\"contentUrl\":\"https:\/\/tuzlainfo.ba\/wp-content\/uploads\/2021\/03\/logo-ver-3-1.png\",\"width\":350,\"height\":95,\"caption\":\"TuzlaInfo.ba\"},\"image\":{\"@id\":\"https:\/\/tuzlainfo.ba\/#\/schema\/logo\/image\/\"},\"sameAs\":[\"https:\/\/www.facebook.com\/tuzlainfo.ba\/\"]},{\"@type\":\"Person\",\"@id\":\"https:\/\/tuzlainfo.ba\/#\/schema\/person\/f434e20dc27ea133923aab08451b7f7f\",\"name\":\"nedim\",\"image\":{\"@type\":\"ImageObject\",\"inLanguage\":\"bs-BA\",\"@id\":\"https:\/\/tuzlainfo.ba\/#\/schema\/person\/image\/\",\"url\":\"https:\/\/tuzlainfo.ba\/wp-content\/litespeed\/avatar\/aabad687af24844af817603ac1cbdc4f.jpg?ver=1777306975\",\"contentUrl\":\"https:\/\/tuzlainfo.ba\/wp-content\/litespeed\/avatar\/aabad687af24844af817603ac1cbdc4f.jpg?ver=1777306975\",\"caption\":\"nedim\"},\"description\":\"Tuzlainfo.ba pratite na dru\u0161tvenim mre\u017eama: Facebook, Instagram i Youtube. Svoje pri\u010de, upite i fotografije \u0161aljite na na\u0161u e-mail adresu.\"}]}<\/script>\n<!-- \/ Yoast SEO plugin. -->","yoast_head_json":{"title":"VIDEO \/ Centralna mevludska sve\u010danost za Muftijstvo tuzlansko odr\u017eana u D\u017eamiji \u201cKralj Abdullah\u201d - TuzlaInfo.ba","robots":{"index":"index","follow":"follow","max-snippet":"max-snippet:-1","max-image-preview":"max-image-preview:large","max-video-preview":"max-video-preview:-1"},"canonical":"https:\/\/tuzlainfo.ba\/index.php\/novosti\/item\/218109-video-centralna-mevludska-svecanost-za-muftijstvo-tuzlansko-odrzana-u-dzamiji-kralj-abdullah\/","og_locale":"bs_BA","og_type":"article","og_title":"VIDEO \/ Centralna mevludska sve\u010danost za Muftijstvo tuzlansko odr\u017eana u D\u017eamiji \u201cKralj Abdullah\u201d - TuzlaInfo.ba","og_description":"Centralna mevludska sve\u010danost za Muftijstvo tuzlansko i Med\u017elis Islamske zajednice Tuzla odr\u017eana je 26. septembra&hellip;","og_url":"https:\/\/tuzlainfo.ba\/index.php\/novosti\/item\/218109-video-centralna-mevludska-svecanost-za-muftijstvo-tuzlansko-odrzana-u-dzamiji-kralj-abdullah\/","og_site_name":"TuzlaInfo.ba","article_publisher":"https:\/\/www.facebook.com\/tuzlainfo.ba\/","article_published_time":"2023-09-27T08:49:26+00:00","og_image":[{"width":1000,"height":750,"url":"https:\/\/tuzlainfo.ba\/wp-content\/uploads\/2023\/09\/2709_mevlud2.jpg","type":"image\/jpeg"}],"author":"nedim","twitter_card":"summary_large_image","twitter_misc":{"Written by":"nedim","Est. reading time":"4 minute"},"schema":{"@context":"https:\/\/schema.org","@graph":[{"@type":"Article","@id":"https:\/\/tuzlainfo.ba\/index.php\/novosti\/item\/218109-video-centralna-mevludska-svecanost-za-muftijstvo-tuzlansko-odrzana-u-dzamiji-kralj-abdullah\/#article","isPartOf":{"@id":"https:\/\/tuzlainfo.ba\/index.php\/novosti\/item\/218109-video-centralna-mevludska-svecanost-za-muftijstvo-tuzlansko-odrzana-u-dzamiji-kralj-abdullah\/"},"author":{"name":"nedim","@id":"https:\/\/tuzlainfo.ba\/#\/schema\/person\/f434e20dc27ea133923aab08451b7f7f"},"headline":"VIDEO \/ Centralna mevludska sve\u010danost za Muftijstvo tuzlansko odr\u017eana u D\u017eamiji \u201cKralj Abdullah\u201d","datePublished":"2023-09-27T08:49:26+00:00","dateModified":"2023-09-27T08:49:26+00:00","mainEntityOfPage":{"@id":"https:\/\/tuzlainfo.ba\/index.php\/novosti\/item\/218109-video-centralna-mevludska-svecanost-za-muftijstvo-tuzlansko-odrzana-u-dzamiji-kralj-abdullah\/"},"wordCount":726,"commentCount":0,"publisher":{"@id":"https:\/\/tuzlainfo.ba\/#organization"},"image":{"@id":"https:\/\/tuzlainfo.ba\/index.php\/novosti\/item\/218109-video-centralna-mevludska-svecanost-za-muftijstvo-tuzlansko-odrzana-u-dzamiji-kralj-abdullah\/#primaryimage"},"thumbnailUrl":"https:\/\/tuzlainfo.ba\/wp-content\/uploads\/2023\/09\/2709_mevlud2.jpg","keywords":["d\u017eamija kralja abdulaha","medzlis islamske zajednice tuzla","mevludska sve\u010danost"],"articleSection":["Istaknuto","Novosti"],"inLanguage":"bs-BA"},{"@type":"WebPage","@id":"https:\/\/tuzlainfo.ba\/index.php\/novosti\/item\/218109-video-centralna-mevludska-svecanost-za-muftijstvo-tuzlansko-odrzana-u-dzamiji-kralj-abdullah\/","url":"https:\/\/tuzlainfo.ba\/index.php\/novosti\/item\/218109-video-centralna-mevludska-svecanost-za-muftijstvo-tuzlansko-odrzana-u-dzamiji-kralj-abdullah\/","name":"VIDEO \/ Centralna mevludska sve\u010danost za Muftijstvo tuzlansko odr\u017eana u D\u017eamiji \u201cKralj Abdullah\u201d - TuzlaInfo.ba","isPartOf":{"@id":"https:\/\/tuzlainfo.ba\/#website"},"primaryImageOfPage":{"@id":"https:\/\/tuzlainfo.ba\/index.php\/novosti\/item\/218109-video-centralna-mevludska-svecanost-za-muftijstvo-tuzlansko-odrzana-u-dzamiji-kralj-abdullah\/#primaryimage"},"image":{"@id":"https:\/\/tuzlainfo.ba\/index.php\/novosti\/item\/218109-video-centralna-mevludska-svecanost-za-muftijstvo-tuzlansko-odrzana-u-dzamiji-kralj-abdullah\/#primaryimage"},"thumbnailUrl":"https:\/\/tuzlainfo.ba\/wp-content\/uploads\/2023\/09\/2709_mevlud2.jpg","datePublished":"2023-09-27T08:49:26+00:00","dateModified":"2023-09-27T08:49:26+00:00","breadcrumb":{"@id":"https:\/\/tuzlainfo.ba\/index.php\/novosti\/item\/218109-video-centralna-mevludska-svecanost-za-muftijstvo-tuzlansko-odrzana-u-dzamiji-kralj-abdullah\/#breadcrumb"},"inLanguage":"bs-BA","potentialAction":[{"@type":"ReadAction","target":["https:\/\/tuzlainfo.ba\/index.php\/novosti\/item\/218109-video-centralna-mevludska-svecanost-za-muftijstvo-tuzlansko-odrzana-u-dzamiji-kralj-abdullah\/"]}]},{"@type":"ImageObject","inLanguage":"bs-BA","@id":"https:\/\/tuzlainfo.ba\/index.php\/novosti\/item\/218109-video-centralna-mevludska-svecanost-za-muftijstvo-tuzlansko-odrzana-u-dzamiji-kralj-abdullah\/#primaryimage","url":"https:\/\/tuzlainfo.ba\/wp-content\/uploads\/2023\/09\/2709_mevlud2.jpg","contentUrl":"https:\/\/tuzlainfo.ba\/wp-content\/uploads\/2023\/09\/2709_mevlud2.jpg","width":1000,"height":750},{"@type":"BreadcrumbList","@id":"https:\/\/tuzlainfo.ba\/index.php\/novosti\/item\/218109-video-centralna-mevludska-svecanost-za-muftijstvo-tuzlansko-odrzana-u-dzamiji-kralj-abdullah\/#breadcrumb","itemListElement":[{"@type":"ListItem","position":1,"name":"Home","item":"https:\/\/tuzlainfo.ba\/"},{"@type":"ListItem","position":2,"name":"VIDEO \/ Centralna mevludska sve\u010danost za Muftijstvo tuzlansko odr\u017eana u D\u017eamiji \u201cKralj Abdullah\u201d"}]},{"@type":"WebSite","@id":"https:\/\/tuzlainfo.ba\/#website","url":"https:\/\/tuzlainfo.ba\/","name":"TuzlaInfo.ba","description":"Tuzla info, gradski informator - Tuzla na dlanu","publisher":{"@id":"https:\/\/tuzlainfo.ba\/#organization"},"potentialAction":[{"@type":"SearchAction","target":{"@type":"EntryPoint","urlTemplate":"https:\/\/tuzlainfo.ba\/?s={search_term_string}"},"query-input":{"@type":"PropertyValueSpecification","valueRequired":true,"valueName":"search_term_string"}}],"inLanguage":"bs-BA"},{"@type":"Organization","@id":"https:\/\/tuzlainfo.ba\/#organization","name":"TuzlaInfo.ba","url":"https:\/\/tuzlainfo.ba\/","logo":{"@type":"ImageObject","inLanguage":"bs-BA","@id":"https:\/\/tuzlainfo.ba\/#\/schema\/logo\/image\/","url":"https:\/\/tuzlainfo.ba\/wp-content\/uploads\/2021\/03\/logo-ver-3-1.png","contentUrl":"https:\/\/tuzlainfo.ba\/wp-content\/uploads\/2021\/03\/logo-ver-3-1.png","width":350,"height":95,"caption":"TuzlaInfo.ba"},"image":{"@id":"https:\/\/tuzlainfo.ba\/#\/schema\/logo\/image\/"},"sameAs":["https:\/\/www.facebook.com\/tuzlainfo.ba\/"]},{"@type":"Person","@id":"https:\/\/tuzlainfo.ba\/#\/schema\/person\/f434e20dc27ea133923aab08451b7f7f","name":"nedim","image":{"@type":"ImageObject","inLanguage":"bs-BA","@id":"https:\/\/tuzlainfo.ba\/#\/schema\/person\/image\/","url":"https:\/\/tuzlainfo.ba\/wp-content\/litespeed\/avatar\/aabad687af24844af817603ac1cbdc4f.jpg?ver=1777306975","contentUrl":"https:\/\/tuzlainfo.ba\/wp-content\/litespeed\/avatar\/aabad687af24844af817603ac1cbdc4f.jpg?ver=1777306975","caption":"nedim"},"description":"Tuzlainfo.ba pratite na dru\u0161tvenim mre\u017eama: Facebook, Instagram i Youtube. Svoje pri\u010de, upite i fotografije \u0161aljite na na\u0161u e-mail adresu."}]}},"_links":{"self":[{"href":"https:\/\/tuzlainfo.ba\/index.php\/wp-json\/wp\/v2\/posts\/218109"}],"collection":[{"href":"https:\/\/tuzlainfo.ba\/index.php\/wp-json\/wp\/v2\/posts"}],"about":[{"href":"https:\/\/tuzlainfo.ba\/index.php\/wp-json\/wp\/v2\/types\/post"}],"author":[{"embeddable":true,"href":"https:\/\/tuzlainfo.ba\/index.php\/wp-json\/wp\/v2\/users\/2"}],"replies":[{"embeddable":true,"href":"https:\/\/tuzlainfo.ba\/index.php\/wp-json\/wp\/v2\/comments?post=218109"}],"version-history":[{"count":1,"href":"https:\/\/tuzlainfo.ba\/index.php\/wp-json\/wp\/v2\/posts\/218109\/revisions"}],"predecessor-version":[{"id":218114,"href":"https:\/\/tuzlainfo.ba\/index.php\/wp-json\/wp\/v2\/posts\/218109\/revisions\/218114"}],"wp:featuredmedia":[{"embeddable":true,"href":"https:\/\/tuzlainfo.ba\/index.php\/wp-json\/wp\/v2\/media\/218113"}],"wp:attachment":[{"href":"https:\/\/tuzlainfo.ba\/index.php\/wp-json\/wp\/v2\/media?parent=218109"}],"wp:term":[{"taxonomy":"category","embeddable":true,"href":"https:\/\/tuzlainfo.ba\/index.php\/wp-json\/wp\/v2\/categories?post=218109"},{"taxonomy":"post_tag","embeddable":true,"href":"https:\/\/tuzlainfo.ba\/index.php\/wp-json\/wp\/v2\/tags?post=218109"}],"curies":[{"name":"wp","href":"https:\/\/api.w.org\/{rel}","templated":true}]}}