{"id":217988,"date":"2023-09-26T20:01:04","date_gmt":"2023-09-26T18:01:04","guid":{"rendered":"https:\/\/tuzlainfo.ba\/?p=217988"},"modified":"2023-09-26T15:52:39","modified_gmt":"2023-09-26T13:52:39","slug":"u-posjeti-skupstini-tk-predstavnice-programa-okvir-za-realizaciju-ciljeva-odrzivog-razvoja-kao-temelj-za-odrziv-i-inkluzivan-rast-u-bih","status":"publish","type":"post","link":"https:\/\/tuzlainfo.ba\/index.php\/novosti\/item\/217988-u-posjeti-skupstini-tk-predstavnice-programa-okvir-za-realizaciju-ciljeva-odrzivog-razvoja-kao-temelj-za-odrziv-i-inkluzivan-rast-u-bih\/","title":{"rendered":"U posjeti Skup\u0161tini TK predstavnice Programa &#8220;Okvir za realizaciju Ciljeva odr\u017eivog razvoja kao temelj za odr\u017eiv i inkluzivan rast u BiH&#8221;"},"content":{"rendered":"<p>Predstavnici Programa \u201eOkvir za realizaciju Ciljeva odr\u017eivog razvoja kao temelj za odr\u017eiv i inkluzivan rast u Bosni i Hercegovini\u201c (SDG2BiH) kojeg finansira Vlada \u0160vedske i implementira UNDP u partnerstvu sa UNICEF-om i UNWOMEN u BIH, uz koordinaciju ureda Rezidentne koordinatorice UN-a, danas su bili u posjeti Skup\u0161tini Tuzlanskog kantona<\/p>\n<p>Predsjednik Skup\u0161tine \u017darko Vujovi\u0107 je odr\u017eao sastanak kojem su prisustvovali Aida Lakovi\u0107-Ho\u0161o, voditeljica Programa SDG2BiH, Alma Koba\u0161lija, analiti\u010dar politika u Programu SDG2BiH, Erna Kusturica, pomo\u0107nica ministra za razvoj u Ministarstvu privrede TK \u00a0i sekretar Skup\u0161tine Tuzlanskog kantona Enisa Hasanagi\u0107.<\/p>\n<p>Predstavnice Programa \u201eOkvir za realizaciju Ciljeva odr\u017eivog razvoja kao temelja za odr\u017eiv i inkluzivan rast u Bosni i Hercegovini\u201c su upoznale predsjednika Skup\u0161tine Tuzlanskog kantona sa ciljevima odr\u017eivog razvoja, kao i sa postoje\u0107im pravnim okvirom na nivou BiH za provo\u0111enje odr\u017eivog razvoja.<\/p>\n<p>Tako\u0111e su istakle da je Tuzlanski kanton izabran kao jedan od tri kantona u BiH koji \u0107e u\u010destvovati u implementaciji Programa, te iznijele prijedloge za aktivnije u\u010de\u0161\u0107e zakonodavne vlasti putem izmjena Poslovnika Skup\u0161tine Tuzlanskog kantona i aktivnijeg u\u010de\u0161\u0107a radnih tijela Skup\u0161tine u planiranim aktivnostima.<\/p>\n<p>Predsjednik Skup\u0161tine Tuzlanskog kantona \u017darko Vujovi\u0107 je iznio spremnost za aktivnije u\u010de\u0161\u0107e Skup\u0161tine u navedenim aktivnostima i podr\u017eao prijedloge za sagledavanje mogu\u0107nosti izmjene Poslovnika i uskla\u0111ivanje programskih aktivnosti Vlade i Skup\u0161tine Tuzlanskog kantona, te je dogovoren nastavak zapo\u010detih aktivnosti.<\/p>\n","protected":false},"excerpt":{"rendered":"<p>Predstavnici Programa \u201eOkvir za realizaciju Ciljeva odr\u017eivog razvoja kao temelj za odr\u017eiv i inkluzivan rast&hellip;<\/p>\n","protected":false},"author":2,"featured_media":218000,"comment_status":"open","ping_status":"closed","sticky":false,"template":"","format":"standard","meta":{"_acf_changed":false,"footnotes":""},"categories":[12],"tags":[8316],"acf":[],"yoast_head":"<!-- This site is optimized with the Yoast SEO plugin v23.5 - https:\/\/yoast.com\/wordpress\/plugins\/seo\/ -->\n<title>U posjeti Skup\u0161tini TK predstavnice Programa &quot;Okvir za realizaciju Ciljeva odr\u017eivog razvoja kao temelj za odr\u017eiv i inkluzivan rast u BiH&quot; - TuzlaInfo.ba<\/title>\n<meta name=\"robots\" content=\"index, follow, max-snippet:-1, max-image-preview:large, max-video-preview:-1\" \/>\n<link rel=\"canonical\" href=\"https:\/\/tuzlainfo.ba\/index.php\/novosti\/item\/217988-u-posjeti-skupstini-tk-predstavnice-programa-okvir-za-realizaciju-ciljeva-odrzivog-razvoja-kao-temelj-za-odrziv-i-inkluzivan-rast-u-bih\/\" \/>\n<meta property=\"og:locale\" content=\"bs_BA\" \/>\n<meta property=\"og:type\" content=\"article\" \/>\n<meta property=\"og:title\" content=\"U posjeti Skup\u0161tini TK predstavnice Programa &quot;Okvir za realizaciju Ciljeva odr\u017eivog razvoja kao temelj za odr\u017eiv i inkluzivan rast u BiH&quot; - TuzlaInfo.ba\" \/>\n<meta property=\"og:description\" content=\"Predstavnici Programa \u201eOkvir za realizaciju Ciljeva odr\u017eivog razvoja kao temelj za odr\u017eiv i inkluzivan rast&hellip;\" \/>\n<meta property=\"og:url\" content=\"https:\/\/tuzlainfo.ba\/index.php\/novosti\/item\/217988-u-posjeti-skupstini-tk-predstavnice-programa-okvir-za-realizaciju-ciljeva-odrzivog-razvoja-kao-temelj-za-odrziv-i-inkluzivan-rast-u-bih\/\" \/>\n<meta property=\"og:site_name\" content=\"TuzlaInfo.ba\" \/>\n<meta property=\"article:publisher\" content=\"https:\/\/www.facebook.com\/tuzlainfo.ba\/\" \/>\n<meta property=\"article:published_time\" content=\"2023-09-26T18:01:04+00:00\" \/>\n<meta property=\"article:modified_time\" content=\"2023-09-26T13:52:39+00:00\" \/>\n<meta property=\"og:image\" content=\"https:\/\/tuzlainfo.ba\/wp-content\/uploads\/2023\/09\/2609_skup_sast.jpg\" \/>\n\t<meta property=\"og:image:width\" content=\"800\" \/>\n\t<meta property=\"og:image:height\" content=\"524\" \/>\n\t<meta property=\"og:image:type\" content=\"image\/jpeg\" \/>\n<meta name=\"author\" content=\"nedim\" \/>\n<meta name=\"twitter:card\" content=\"summary_large_image\" \/>\n<meta name=\"twitter:label1\" content=\"Written by\" \/>\n\t<meta name=\"twitter:data1\" content=\"nedim\" \/>\n\t<meta name=\"twitter:label2\" content=\"Est. reading time\" \/>\n\t<meta name=\"twitter:data2\" content=\"1 minuta\" \/>\n<script type=\"application\/ld+json\" class=\"yoast-schema-graph\">{\"@context\":\"https:\/\/schema.org\",\"@graph\":[{\"@type\":\"Article\",\"@id\":\"https:\/\/tuzlainfo.ba\/index.php\/novosti\/item\/217988-u-posjeti-skupstini-tk-predstavnice-programa-okvir-za-realizaciju-ciljeva-odrzivog-razvoja-kao-temelj-za-odrziv-i-inkluzivan-rast-u-bih\/#article\",\"isPartOf\":{\"@id\":\"https:\/\/tuzlainfo.ba\/index.php\/novosti\/item\/217988-u-posjeti-skupstini-tk-predstavnice-programa-okvir-za-realizaciju-ciljeva-odrzivog-razvoja-kao-temelj-za-odrziv-i-inkluzivan-rast-u-bih\/\"},\"author\":{\"name\":\"nedim\",\"@id\":\"https:\/\/tuzlainfo.ba\/#\/schema\/person\/f434e20dc27ea133923aab08451b7f7f\"},\"headline\":\"U posjeti Skup\u0161tini TK predstavnice Programa &#8220;Okvir za realizaciju Ciljeva odr\u017eivog razvoja kao temelj za odr\u017eiv i inkluzivan rast u BiH&#8221;\",\"datePublished\":\"2023-09-26T18:01:04+00:00\",\"dateModified\":\"2023-09-26T13:52:39+00:00\",\"mainEntityOfPage\":{\"@id\":\"https:\/\/tuzlainfo.ba\/index.php\/novosti\/item\/217988-u-posjeti-skupstini-tk-predstavnice-programa-okvir-za-realizaciju-ciljeva-odrzivog-razvoja-kao-temelj-za-odrziv-i-inkluzivan-rast-u-bih\/\"},\"wordCount\":275,\"commentCount\":0,\"publisher\":{\"@id\":\"https:\/\/tuzlainfo.ba\/#organization\"},\"image\":{\"@id\":\"https:\/\/tuzlainfo.ba\/index.php\/novosti\/item\/217988-u-posjeti-skupstini-tk-predstavnice-programa-okvir-za-realizaciju-ciljeva-odrzivog-razvoja-kao-temelj-za-odrziv-i-inkluzivan-rast-u-bih\/#primaryimage\"},\"thumbnailUrl\":\"https:\/\/tuzlainfo.ba\/wp-content\/uploads\/2023\/09\/2609_skup_sast.jpg\",\"keywords\":[\"skup\u0161tin tk\"],\"articleSection\":[\"Novosti\"],\"inLanguage\":\"bs-BA\"},{\"@type\":\"WebPage\",\"@id\":\"https:\/\/tuzlainfo.ba\/index.php\/novosti\/item\/217988-u-posjeti-skupstini-tk-predstavnice-programa-okvir-za-realizaciju-ciljeva-odrzivog-razvoja-kao-temelj-za-odrziv-i-inkluzivan-rast-u-bih\/\",\"url\":\"https:\/\/tuzlainfo.ba\/index.php\/novosti\/item\/217988-u-posjeti-skupstini-tk-predstavnice-programa-okvir-za-realizaciju-ciljeva-odrzivog-razvoja-kao-temelj-za-odrziv-i-inkluzivan-rast-u-bih\/\",\"name\":\"U posjeti Skup\u0161tini TK predstavnice Programa \\\"Okvir za realizaciju Ciljeva odr\u017eivog razvoja kao temelj za odr\u017eiv i inkluzivan rast u BiH\\\" - TuzlaInfo.ba\",\"isPartOf\":{\"@id\":\"https:\/\/tuzlainfo.ba\/#website\"},\"primaryImageOfPage\":{\"@id\":\"https:\/\/tuzlainfo.ba\/index.php\/novosti\/item\/217988-u-posjeti-skupstini-tk-predstavnice-programa-okvir-za-realizaciju-ciljeva-odrzivog-razvoja-kao-temelj-za-odrziv-i-inkluzivan-rast-u-bih\/#primaryimage\"},\"image\":{\"@id\":\"https:\/\/tuzlainfo.ba\/index.php\/novosti\/item\/217988-u-posjeti-skupstini-tk-predstavnice-programa-okvir-za-realizaciju-ciljeva-odrzivog-razvoja-kao-temelj-za-odrziv-i-inkluzivan-rast-u-bih\/#primaryimage\"},\"thumbnailUrl\":\"https:\/\/tuzlainfo.ba\/wp-content\/uploads\/2023\/09\/2609_skup_sast.jpg\",\"datePublished\":\"2023-09-26T18:01:04+00:00\",\"dateModified\":\"2023-09-26T13:52:39+00:00\",\"breadcrumb\":{\"@id\":\"https:\/\/tuzlainfo.ba\/index.php\/novosti\/item\/217988-u-posjeti-skupstini-tk-predstavnice-programa-okvir-za-realizaciju-ciljeva-odrzivog-razvoja-kao-temelj-za-odrziv-i-inkluzivan-rast-u-bih\/#breadcrumb\"},\"inLanguage\":\"bs-BA\",\"potentialAction\":[{\"@type\":\"ReadAction\",\"target\":[\"https:\/\/tuzlainfo.ba\/index.php\/novosti\/item\/217988-u-posjeti-skupstini-tk-predstavnice-programa-okvir-za-realizaciju-ciljeva-odrzivog-razvoja-kao-temelj-za-odrziv-i-inkluzivan-rast-u-bih\/\"]}]},{\"@type\":\"ImageObject\",\"inLanguage\":\"bs-BA\",\"@id\":\"https:\/\/tuzlainfo.ba\/index.php\/novosti\/item\/217988-u-posjeti-skupstini-tk-predstavnice-programa-okvir-za-realizaciju-ciljeva-odrzivog-razvoja-kao-temelj-za-odrziv-i-inkluzivan-rast-u-bih\/#primaryimage\",\"url\":\"https:\/\/tuzlainfo.ba\/wp-content\/uploads\/2023\/09\/2609_skup_sast.jpg\",\"contentUrl\":\"https:\/\/tuzlainfo.ba\/wp-content\/uploads\/2023\/09\/2609_skup_sast.jpg\",\"width\":800,\"height\":524},{\"@type\":\"BreadcrumbList\",\"@id\":\"https:\/\/tuzlainfo.ba\/index.php\/novosti\/item\/217988-u-posjeti-skupstini-tk-predstavnice-programa-okvir-za-realizaciju-ciljeva-odrzivog-razvoja-kao-temelj-za-odrziv-i-inkluzivan-rast-u-bih\/#breadcrumb\",\"itemListElement\":[{\"@type\":\"ListItem\",\"position\":1,\"name\":\"Home\",\"item\":\"https:\/\/tuzlainfo.ba\/\"},{\"@type\":\"ListItem\",\"position\":2,\"name\":\"U posjeti Skup\u0161tini TK predstavnice Programa &#8220;Okvir za realizaciju Ciljeva odr\u017eivog razvoja kao temelj za odr\u017eiv i inkluzivan rast u BiH&#8221;\"}]},{\"@type\":\"WebSite\",\"@id\":\"https:\/\/tuzlainfo.ba\/#website\",\"url\":\"https:\/\/tuzlainfo.ba\/\",\"name\":\"TuzlaInfo.ba\",\"description\":\"Tuzla info, gradski informator - Tuzla na dlanu\",\"publisher\":{\"@id\":\"https:\/\/tuzlainfo.ba\/#organization\"},\"potentialAction\":[{\"@type\":\"SearchAction\",\"target\":{\"@type\":\"EntryPoint\",\"urlTemplate\":\"https:\/\/tuzlainfo.ba\/?s={search_term_string}\"},\"query-input\":{\"@type\":\"PropertyValueSpecification\",\"valueRequired\":true,\"valueName\":\"search_term_string\"}}],\"inLanguage\":\"bs-BA\"},{\"@type\":\"Organization\",\"@id\":\"https:\/\/tuzlainfo.ba\/#organization\",\"name\":\"TuzlaInfo.ba\",\"url\":\"https:\/\/tuzlainfo.ba\/\",\"logo\":{\"@type\":\"ImageObject\",\"inLanguage\":\"bs-BA\",\"@id\":\"https:\/\/tuzlainfo.ba\/#\/schema\/logo\/image\/\",\"url\":\"https:\/\/tuzlainfo.ba\/wp-content\/uploads\/2021\/03\/logo-ver-3-1.png\",\"contentUrl\":\"https:\/\/tuzlainfo.ba\/wp-content\/uploads\/2021\/03\/logo-ver-3-1.png\",\"width\":350,\"height\":95,\"caption\":\"TuzlaInfo.ba\"},\"image\":{\"@id\":\"https:\/\/tuzlainfo.ba\/#\/schema\/logo\/image\/\"},\"sameAs\":[\"https:\/\/www.facebook.com\/tuzlainfo.ba\/\"]},{\"@type\":\"Person\",\"@id\":\"https:\/\/tuzlainfo.ba\/#\/schema\/person\/f434e20dc27ea133923aab08451b7f7f\",\"name\":\"nedim\",\"image\":{\"@type\":\"ImageObject\",\"inLanguage\":\"bs-BA\",\"@id\":\"https:\/\/tuzlainfo.ba\/#\/schema\/person\/image\/\",\"url\":\"https:\/\/tuzlainfo.ba\/wp-content\/litespeed\/avatar\/aabad687af24844af817603ac1cbdc4f.jpg?ver=1777306975\",\"contentUrl\":\"https:\/\/tuzlainfo.ba\/wp-content\/litespeed\/avatar\/aabad687af24844af817603ac1cbdc4f.jpg?ver=1777306975\",\"caption\":\"nedim\"},\"description\":\"Tuzlainfo.ba pratite na dru\u0161tvenim mre\u017eama: Facebook, Instagram i Youtube. Svoje pri\u010de, upite i fotografije \u0161aljite na na\u0161u e-mail adresu.\"}]}<\/script>\n<!-- \/ Yoast SEO plugin. -->","yoast_head_json":{"title":"U posjeti Skup\u0161tini TK predstavnice Programa \"Okvir za realizaciju Ciljeva odr\u017eivog razvoja kao temelj za odr\u017eiv i inkluzivan rast u BiH\" - TuzlaInfo.ba","robots":{"index":"index","follow":"follow","max-snippet":"max-snippet:-1","max-image-preview":"max-image-preview:large","max-video-preview":"max-video-preview:-1"},"canonical":"https:\/\/tuzlainfo.ba\/index.php\/novosti\/item\/217988-u-posjeti-skupstini-tk-predstavnice-programa-okvir-za-realizaciju-ciljeva-odrzivog-razvoja-kao-temelj-za-odrziv-i-inkluzivan-rast-u-bih\/","og_locale":"bs_BA","og_type":"article","og_title":"U posjeti Skup\u0161tini TK predstavnice Programa \"Okvir za realizaciju Ciljeva odr\u017eivog razvoja kao temelj za odr\u017eiv i inkluzivan rast u BiH\" - TuzlaInfo.ba","og_description":"Predstavnici Programa \u201eOkvir za realizaciju Ciljeva odr\u017eivog razvoja kao temelj za odr\u017eiv i inkluzivan rast&hellip;","og_url":"https:\/\/tuzlainfo.ba\/index.php\/novosti\/item\/217988-u-posjeti-skupstini-tk-predstavnice-programa-okvir-za-realizaciju-ciljeva-odrzivog-razvoja-kao-temelj-za-odrziv-i-inkluzivan-rast-u-bih\/","og_site_name":"TuzlaInfo.ba","article_publisher":"https:\/\/www.facebook.com\/tuzlainfo.ba\/","article_published_time":"2023-09-26T18:01:04+00:00","article_modified_time":"2023-09-26T13:52:39+00:00","og_image":[{"width":800,"height":524,"url":"https:\/\/tuzlainfo.ba\/wp-content\/uploads\/2023\/09\/2609_skup_sast.jpg","type":"image\/jpeg"}],"author":"nedim","twitter_card":"summary_large_image","twitter_misc":{"Written by":"nedim","Est. reading time":"1 minuta"},"schema":{"@context":"https:\/\/schema.org","@graph":[{"@type":"Article","@id":"https:\/\/tuzlainfo.ba\/index.php\/novosti\/item\/217988-u-posjeti-skupstini-tk-predstavnice-programa-okvir-za-realizaciju-ciljeva-odrzivog-razvoja-kao-temelj-za-odrziv-i-inkluzivan-rast-u-bih\/#article","isPartOf":{"@id":"https:\/\/tuzlainfo.ba\/index.php\/novosti\/item\/217988-u-posjeti-skupstini-tk-predstavnice-programa-okvir-za-realizaciju-ciljeva-odrzivog-razvoja-kao-temelj-za-odrziv-i-inkluzivan-rast-u-bih\/"},"author":{"name":"nedim","@id":"https:\/\/tuzlainfo.ba\/#\/schema\/person\/f434e20dc27ea133923aab08451b7f7f"},"headline":"U posjeti Skup\u0161tini TK predstavnice Programa &#8220;Okvir za realizaciju Ciljeva odr\u017eivog razvoja kao temelj za odr\u017eiv i inkluzivan rast u BiH&#8221;","datePublished":"2023-09-26T18:01:04+00:00","dateModified":"2023-09-26T13:52:39+00:00","mainEntityOfPage":{"@id":"https:\/\/tuzlainfo.ba\/index.php\/novosti\/item\/217988-u-posjeti-skupstini-tk-predstavnice-programa-okvir-za-realizaciju-ciljeva-odrzivog-razvoja-kao-temelj-za-odrziv-i-inkluzivan-rast-u-bih\/"},"wordCount":275,"commentCount":0,"publisher":{"@id":"https:\/\/tuzlainfo.ba\/#organization"},"image":{"@id":"https:\/\/tuzlainfo.ba\/index.php\/novosti\/item\/217988-u-posjeti-skupstini-tk-predstavnice-programa-okvir-za-realizaciju-ciljeva-odrzivog-razvoja-kao-temelj-za-odrziv-i-inkluzivan-rast-u-bih\/#primaryimage"},"thumbnailUrl":"https:\/\/tuzlainfo.ba\/wp-content\/uploads\/2023\/09\/2609_skup_sast.jpg","keywords":["skup\u0161tin tk"],"articleSection":["Novosti"],"inLanguage":"bs-BA"},{"@type":"WebPage","@id":"https:\/\/tuzlainfo.ba\/index.php\/novosti\/item\/217988-u-posjeti-skupstini-tk-predstavnice-programa-okvir-za-realizaciju-ciljeva-odrzivog-razvoja-kao-temelj-za-odrziv-i-inkluzivan-rast-u-bih\/","url":"https:\/\/tuzlainfo.ba\/index.php\/novosti\/item\/217988-u-posjeti-skupstini-tk-predstavnice-programa-okvir-za-realizaciju-ciljeva-odrzivog-razvoja-kao-temelj-za-odrziv-i-inkluzivan-rast-u-bih\/","name":"U posjeti Skup\u0161tini TK predstavnice Programa \"Okvir za realizaciju Ciljeva odr\u017eivog razvoja kao temelj za odr\u017eiv i inkluzivan rast u BiH\" - TuzlaInfo.ba","isPartOf":{"@id":"https:\/\/tuzlainfo.ba\/#website"},"primaryImageOfPage":{"@id":"https:\/\/tuzlainfo.ba\/index.php\/novosti\/item\/217988-u-posjeti-skupstini-tk-predstavnice-programa-okvir-za-realizaciju-ciljeva-odrzivog-razvoja-kao-temelj-za-odrziv-i-inkluzivan-rast-u-bih\/#primaryimage"},"image":{"@id":"https:\/\/tuzlainfo.ba\/index.php\/novosti\/item\/217988-u-posjeti-skupstini-tk-predstavnice-programa-okvir-za-realizaciju-ciljeva-odrzivog-razvoja-kao-temelj-za-odrziv-i-inkluzivan-rast-u-bih\/#primaryimage"},"thumbnailUrl":"https:\/\/tuzlainfo.ba\/wp-content\/uploads\/2023\/09\/2609_skup_sast.jpg","datePublished":"2023-09-26T18:01:04+00:00","dateModified":"2023-09-26T13:52:39+00:00","breadcrumb":{"@id":"https:\/\/tuzlainfo.ba\/index.php\/novosti\/item\/217988-u-posjeti-skupstini-tk-predstavnice-programa-okvir-za-realizaciju-ciljeva-odrzivog-razvoja-kao-temelj-za-odrziv-i-inkluzivan-rast-u-bih\/#breadcrumb"},"inLanguage":"bs-BA","potentialAction":[{"@type":"ReadAction","target":["https:\/\/tuzlainfo.ba\/index.php\/novosti\/item\/217988-u-posjeti-skupstini-tk-predstavnice-programa-okvir-za-realizaciju-ciljeva-odrzivog-razvoja-kao-temelj-za-odrziv-i-inkluzivan-rast-u-bih\/"]}]},{"@type":"ImageObject","inLanguage":"bs-BA","@id":"https:\/\/tuzlainfo.ba\/index.php\/novosti\/item\/217988-u-posjeti-skupstini-tk-predstavnice-programa-okvir-za-realizaciju-ciljeva-odrzivog-razvoja-kao-temelj-za-odrziv-i-inkluzivan-rast-u-bih\/#primaryimage","url":"https:\/\/tuzlainfo.ba\/wp-content\/uploads\/2023\/09\/2609_skup_sast.jpg","contentUrl":"https:\/\/tuzlainfo.ba\/wp-content\/uploads\/2023\/09\/2609_skup_sast.jpg","width":800,"height":524},{"@type":"BreadcrumbList","@id":"https:\/\/tuzlainfo.ba\/index.php\/novosti\/item\/217988-u-posjeti-skupstini-tk-predstavnice-programa-okvir-za-realizaciju-ciljeva-odrzivog-razvoja-kao-temelj-za-odrziv-i-inkluzivan-rast-u-bih\/#breadcrumb","itemListElement":[{"@type":"ListItem","position":1,"name":"Home","item":"https:\/\/tuzlainfo.ba\/"},{"@type":"ListItem","position":2,"name":"U posjeti Skup\u0161tini TK predstavnice Programa &#8220;Okvir za realizaciju Ciljeva odr\u017eivog razvoja kao temelj za odr\u017eiv i inkluzivan rast u BiH&#8221;"}]},{"@type":"WebSite","@id":"https:\/\/tuzlainfo.ba\/#website","url":"https:\/\/tuzlainfo.ba\/","name":"TuzlaInfo.ba","description":"Tuzla info, gradski informator - Tuzla na dlanu","publisher":{"@id":"https:\/\/tuzlainfo.ba\/#organization"},"potentialAction":[{"@type":"SearchAction","target":{"@type":"EntryPoint","urlTemplate":"https:\/\/tuzlainfo.ba\/?s={search_term_string}"},"query-input":{"@type":"PropertyValueSpecification","valueRequired":true,"valueName":"search_term_string"}}],"inLanguage":"bs-BA"},{"@type":"Organization","@id":"https:\/\/tuzlainfo.ba\/#organization","name":"TuzlaInfo.ba","url":"https:\/\/tuzlainfo.ba\/","logo":{"@type":"ImageObject","inLanguage":"bs-BA","@id":"https:\/\/tuzlainfo.ba\/#\/schema\/logo\/image\/","url":"https:\/\/tuzlainfo.ba\/wp-content\/uploads\/2021\/03\/logo-ver-3-1.png","contentUrl":"https:\/\/tuzlainfo.ba\/wp-content\/uploads\/2021\/03\/logo-ver-3-1.png","width":350,"height":95,"caption":"TuzlaInfo.ba"},"image":{"@id":"https:\/\/tuzlainfo.ba\/#\/schema\/logo\/image\/"},"sameAs":["https:\/\/www.facebook.com\/tuzlainfo.ba\/"]},{"@type":"Person","@id":"https:\/\/tuzlainfo.ba\/#\/schema\/person\/f434e20dc27ea133923aab08451b7f7f","name":"nedim","image":{"@type":"ImageObject","inLanguage":"bs-BA","@id":"https:\/\/tuzlainfo.ba\/#\/schema\/person\/image\/","url":"https:\/\/tuzlainfo.ba\/wp-content\/litespeed\/avatar\/aabad687af24844af817603ac1cbdc4f.jpg?ver=1777306975","contentUrl":"https:\/\/tuzlainfo.ba\/wp-content\/litespeed\/avatar\/aabad687af24844af817603ac1cbdc4f.jpg?ver=1777306975","caption":"nedim"},"description":"Tuzlainfo.ba pratite na dru\u0161tvenim mre\u017eama: Facebook, Instagram i Youtube. Svoje pri\u010de, upite i fotografije \u0161aljite na na\u0161u e-mail adresu."}]}},"_links":{"self":[{"href":"https:\/\/tuzlainfo.ba\/index.php\/wp-json\/wp\/v2\/posts\/217988"}],"collection":[{"href":"https:\/\/tuzlainfo.ba\/index.php\/wp-json\/wp\/v2\/posts"}],"about":[{"href":"https:\/\/tuzlainfo.ba\/index.php\/wp-json\/wp\/v2\/types\/post"}],"author":[{"embeddable":true,"href":"https:\/\/tuzlainfo.ba\/index.php\/wp-json\/wp\/v2\/users\/2"}],"replies":[{"embeddable":true,"href":"https:\/\/tuzlainfo.ba\/index.php\/wp-json\/wp\/v2\/comments?post=217988"}],"version-history":[{"count":2,"href":"https:\/\/tuzlainfo.ba\/index.php\/wp-json\/wp\/v2\/posts\/217988\/revisions"}],"predecessor-version":[{"id":218002,"href":"https:\/\/tuzlainfo.ba\/index.php\/wp-json\/wp\/v2\/posts\/217988\/revisions\/218002"}],"wp:featuredmedia":[{"embeddable":true,"href":"https:\/\/tuzlainfo.ba\/index.php\/wp-json\/wp\/v2\/media\/218000"}],"wp:attachment":[{"href":"https:\/\/tuzlainfo.ba\/index.php\/wp-json\/wp\/v2\/media?parent=217988"}],"wp:term":[{"taxonomy":"category","embeddable":true,"href":"https:\/\/tuzlainfo.ba\/index.php\/wp-json\/wp\/v2\/categories?post=217988"},{"taxonomy":"post_tag","embeddable":true,"href":"https:\/\/tuzlainfo.ba\/index.php\/wp-json\/wp\/v2\/tags?post=217988"}],"curies":[{"name":"wp","href":"https:\/\/api.w.org\/{rel}","templated":true}]}}