{"id":217930,"date":"2023-09-25T19:58:01","date_gmt":"2023-09-25T17:58:01","guid":{"rendered":"https:\/\/tuzlainfo.ba\/?p=217930"},"modified":"2023-09-25T19:58:24","modified_gmt":"2023-09-25T17:58:24","slug":"takmicarke-krg-tuzla-uspjesne-na-internacionalnom-turniru-u-vogosci","status":"publish","type":"post","link":"https:\/\/tuzlainfo.ba\/index.php\/novosti\/item\/217930-takmicarke-krg-tuzla-uspjesne-na-internacionalnom-turniru-u-vogosci\/","title":{"rendered":"Takmi\u010darke KRG Tuzla uspje\u0161ne na internacionalnom turniru u Vogo\u0161\u0107i"},"content":{"rendered":"<p>Proteklog vikenda Klub ritmi\u010dke gimnastike Tuzla u\u010destvovao je na Internacionalnom turniru Ritmi\u010dke Gimnastike &#8220;\u0160evala Muji\u0107&#8221; u Vogo\u0161\u0107i, gdje je ostvario zavidne rente i time otvorio nosu takmi\u010darsku sezonu.<\/p>\n<p>Na spomenutom takmi\u010denju KRG Tuzla je pod vodstvom trenerica prof. Eme Kasupovi\u0107, prof. Melihe Husanovi\u0107 i prof. mr. Edite Grada\u0161\u010devi\u0107, nastupio je sa grupnim i individualnim koreografijama i ostvario slijede\u0107e rezultate.<\/p>\n<p><strong>GRUPNI NASTUPI u kategoriji 2016 ZLATNE MEDALJE SU OSVOJILE:<\/strong><br \/>\n1. Dorotea \u017depi\u0107<br \/>\n2. Una Metkovi\u0107<br \/>\n3. Ajla Zoni\u0107<br \/>\n4. Ajla Muji\u0107<br \/>\n5. Mia Muji\u0107<br \/>\n6. Farah Saletovi\u0107<br \/>\n7. Sajra Omerovi\u0107<br \/>\n8. Ajla Jukan<br \/>\n9. Ajna Jukan<br \/>\n10. Dalila D\u017eini\u0107<br \/>\n11. Dalal Halilbegovi\u0107<\/p>\n<p><strong>GRUPNI NASTUPI U KATEGORIJI 2014 ZLATNE MEDALJE SU OSVOJILE:<\/strong><br \/>\n1. Ema \u010cehaji\u0107<br \/>\n2. Hana Muki\u0107<br \/>\n3. Iris A\u0161\u010di\u0107<br \/>\n4. Ajna Poljakovi<br \/>\n5. Asja Poljakovi\u0107<br \/>\n6. Adna Suba\u0161i\u0107<br \/>\n7. Ajla Idriz<br \/>\n8. Emina Pa\u0161i\u0107<br \/>\n9. Nejla Salihovic<br \/>\n10. Adna Pao\u010di\u0107<\/p>\n<p><strong>GRUPA BR1 ZOO 2015g, ZLATNE MEDALJE SU OSVOJILE:<\/strong><\/p>\n<p>1. Ned\u017ela Kuni\u0107<br \/>\n2. Sarah Spahi\u0107<br \/>\n3. Maja D\u017eambi\u0107<br \/>\n4. Hanna Salihovic<br \/>\n5. Esma Ajdasli\u0107<br \/>\n6. Nadja Hrusti\u0107<\/p>\n<p><strong>GRUPA EGO 1 2016 ZLATNE MEDALJE:<\/strong><\/p>\n<p>1.Ajla Poljakovi\u0107<br \/>\n2.Sarah Had\u017ei\u0107<br \/>\n3.Lea Panteli\u0107<br \/>\n4.Delila D\u017eini\u0107<br \/>\n5.Lorena Sarafijanovic<br \/>\n6.Nejla Cipurkovi\u0107<\/p>\n<p><strong>GRUPA EGO 2 2014 ZLATNE MEDALJE:<\/strong><br \/>\n1.Lajla Softic<br \/>\n2.Lajna Hod\u017ei\u0107<br \/>\n3.Berfin Salkic<br \/>\n4.Vilma Bujakovi\u0107<br \/>\n5.Alejna \u0110ug<br \/>\n6.Vanessa Jusi\u0107<\/p>\n<p>DUO KOREOGRAFIJA JE OSVOJILA ZLATNU MEDALJU ,A NASTUPALE SU : Emina Omerovi\u0107 &amp; Lamija \u0160ehi\u0107.<\/p>\n<p><strong>Individualni nastupi:<\/strong><\/p>\n<p>Kategorija 2016\/2017g<br \/>\n1. MJESTO LEA PANTELI\u0106<br \/>\n3. MJESTO LEJLA KANI\u0106<br \/>\n3. MJESTO MAJA D\u017dAMBI\u0106<\/p>\n<p>Kategorija 2015<br \/>\n1. Mjesto NED\u017dLA KUNI\u0106-vija\u010da<br \/>\n1. Mjesto TAJRA PEJI\u0106 &#8211; obru\u010d<br \/>\n2. Mjesto VILMA BUJAKOVI\u0106<br \/>\n3. Mjesto DELILA \u0160EHI\u0106<br \/>\n3. MJesto SARAH SPAHI\u0106<br \/>\n3. Mjesto HANNA SALIHOVI\u0106<\/p>\n<p>Kategorija 2014g\/2013G<br \/>\n2. mjesto SARAH HAD\u017dIMUSTAFI\u0106<br \/>\n2. mjesto ELMA KANI\u0106<br \/>\n2. mjesto NADJA HRUSTI\u0106<br \/>\n3. mjesto INES KITI\u0106- obru\u010d<br \/>\n3. mjesto LAJLA SOFTI\u0106<\/p>\n<p>Kategorija 2011g<\/p>\n<p>1. mjesto ENA OMERA\u0160EVI\u0106- VIJA\u010cA<br \/>\n2. mjesto Lamija \u0160ehi\u0107- obru\u010d<br \/>\n2. mjesto Emina Omerovi\u0107- lopta<br \/>\n3. mjesto Amina Ibri\u0161kovi\u0107- obru\u010d<br \/>\n3. mjesto Majra Nurki\u0107- obru\u010d<\/p>\n<p>&nbsp;<\/p>\n","protected":false},"excerpt":{"rendered":"<p>Proteklog vikenda Klub ritmi\u010dke gimnastike Tuzla u\u010destvovao je na Internacionalnom turniru Ritmi\u010dke Gimnastike &#8220;\u0160evala Muji\u0107&#8221;&hellip;<\/p>\n","protected":false},"author":2,"featured_media":217931,"comment_status":"open","ping_status":"closed","sticky":false,"template":"","format":"standard","meta":{"_acf_changed":false,"footnotes":""},"categories":[12],"tags":[3641,3169,915],"acf":[],"yoast_head":"<!-- This site is optimized with the Yoast SEO plugin v23.5 - https:\/\/yoast.com\/wordpress\/plugins\/seo\/ -->\n<title>Takmi\u010darke KRG Tuzla uspje\u0161ne na internacionalnom turniru u Vogo\u0161\u0107i - TuzlaInfo.ba<\/title>\n<meta name=\"robots\" content=\"index, follow, max-snippet:-1, max-image-preview:large, max-video-preview:-1\" \/>\n<link rel=\"canonical\" href=\"https:\/\/tuzlainfo.ba\/index.php\/novosti\/item\/217930-takmicarke-krg-tuzla-uspjesne-na-internacionalnom-turniru-u-vogosci\/\" \/>\n<meta property=\"og:locale\" content=\"bs_BA\" \/>\n<meta property=\"og:type\" content=\"article\" \/>\n<meta property=\"og:title\" content=\"Takmi\u010darke KRG Tuzla uspje\u0161ne na internacionalnom turniru u Vogo\u0161\u0107i - TuzlaInfo.ba\" \/>\n<meta property=\"og:description\" content=\"Proteklog vikenda Klub ritmi\u010dke gimnastike Tuzla u\u010destvovao je na Internacionalnom turniru Ritmi\u010dke Gimnastike &#8220;\u0160evala Muji\u0107&#8221;&hellip;\" \/>\n<meta property=\"og:url\" content=\"https:\/\/tuzlainfo.ba\/index.php\/novosti\/item\/217930-takmicarke-krg-tuzla-uspjesne-na-internacionalnom-turniru-u-vogosci\/\" \/>\n<meta property=\"og:site_name\" content=\"TuzlaInfo.ba\" \/>\n<meta property=\"article:publisher\" content=\"https:\/\/www.facebook.com\/tuzlainfo.ba\/\" \/>\n<meta property=\"article:published_time\" content=\"2023-09-25T17:58:01+00:00\" \/>\n<meta property=\"article:modified_time\" content=\"2023-09-25T17:58:24+00:00\" \/>\n<meta property=\"og:image\" content=\"https:\/\/tuzlainfo.ba\/wp-content\/uploads\/2023\/09\/2509_krg1.jpg\" \/>\n\t<meta property=\"og:image:width\" content=\"1193\" \/>\n\t<meta property=\"og:image:height\" content=\"999\" \/>\n\t<meta property=\"og:image:type\" content=\"image\/jpeg\" \/>\n<meta name=\"author\" content=\"nedim\" \/>\n<meta name=\"twitter:card\" content=\"summary_large_image\" \/>\n<meta name=\"twitter:label1\" content=\"Written by\" \/>\n\t<meta name=\"twitter:data1\" content=\"nedim\" \/>\n\t<meta name=\"twitter:label2\" content=\"Est. reading time\" \/>\n\t<meta name=\"twitter:data2\" content=\"1 minuta\" \/>\n<script type=\"application\/ld+json\" class=\"yoast-schema-graph\">{\"@context\":\"https:\/\/schema.org\",\"@graph\":[{\"@type\":\"Article\",\"@id\":\"https:\/\/tuzlainfo.ba\/index.php\/novosti\/item\/217930-takmicarke-krg-tuzla-uspjesne-na-internacionalnom-turniru-u-vogosci\/#article\",\"isPartOf\":{\"@id\":\"https:\/\/tuzlainfo.ba\/index.php\/novosti\/item\/217930-takmicarke-krg-tuzla-uspjesne-na-internacionalnom-turniru-u-vogosci\/\"},\"author\":{\"name\":\"nedim\",\"@id\":\"https:\/\/tuzlainfo.ba\/#\/schema\/person\/f434e20dc27ea133923aab08451b7f7f\"},\"headline\":\"Takmi\u010darke KRG Tuzla uspje\u0161ne na internacionalnom turniru u Vogo\u0161\u0107i\",\"datePublished\":\"2023-09-25T17:58:01+00:00\",\"dateModified\":\"2023-09-25T17:58:24+00:00\",\"mainEntityOfPage\":{\"@id\":\"https:\/\/tuzlainfo.ba\/index.php\/novosti\/item\/217930-takmicarke-krg-tuzla-uspjesne-na-internacionalnom-turniru-u-vogosci\/\"},\"wordCount\":303,\"commentCount\":0,\"publisher\":{\"@id\":\"https:\/\/tuzlainfo.ba\/#organization\"},\"image\":{\"@id\":\"https:\/\/tuzlainfo.ba\/index.php\/novosti\/item\/217930-takmicarke-krg-tuzla-uspjesne-na-internacionalnom-turniru-u-vogosci\/#primaryimage\"},\"thumbnailUrl\":\"https:\/\/tuzlainfo.ba\/wp-content\/uploads\/2023\/09\/2509_krg1.jpg\",\"keywords\":[\"KRG Tuzla\",\"ritmi\u010dka gimnastika\",\"sport\"],\"articleSection\":[\"Novosti\"],\"inLanguage\":\"bs-BA\"},{\"@type\":\"WebPage\",\"@id\":\"https:\/\/tuzlainfo.ba\/index.php\/novosti\/item\/217930-takmicarke-krg-tuzla-uspjesne-na-internacionalnom-turniru-u-vogosci\/\",\"url\":\"https:\/\/tuzlainfo.ba\/index.php\/novosti\/item\/217930-takmicarke-krg-tuzla-uspjesne-na-internacionalnom-turniru-u-vogosci\/\",\"name\":\"Takmi\u010darke KRG Tuzla uspje\u0161ne na internacionalnom turniru u Vogo\u0161\u0107i - TuzlaInfo.ba\",\"isPartOf\":{\"@id\":\"https:\/\/tuzlainfo.ba\/#website\"},\"primaryImageOfPage\":{\"@id\":\"https:\/\/tuzlainfo.ba\/index.php\/novosti\/item\/217930-takmicarke-krg-tuzla-uspjesne-na-internacionalnom-turniru-u-vogosci\/#primaryimage\"},\"image\":{\"@id\":\"https:\/\/tuzlainfo.ba\/index.php\/novosti\/item\/217930-takmicarke-krg-tuzla-uspjesne-na-internacionalnom-turniru-u-vogosci\/#primaryimage\"},\"thumbnailUrl\":\"https:\/\/tuzlainfo.ba\/wp-content\/uploads\/2023\/09\/2509_krg1.jpg\",\"datePublished\":\"2023-09-25T17:58:01+00:00\",\"dateModified\":\"2023-09-25T17:58:24+00:00\",\"breadcrumb\":{\"@id\":\"https:\/\/tuzlainfo.ba\/index.php\/novosti\/item\/217930-takmicarke-krg-tuzla-uspjesne-na-internacionalnom-turniru-u-vogosci\/#breadcrumb\"},\"inLanguage\":\"bs-BA\",\"potentialAction\":[{\"@type\":\"ReadAction\",\"target\":[\"https:\/\/tuzlainfo.ba\/index.php\/novosti\/item\/217930-takmicarke-krg-tuzla-uspjesne-na-internacionalnom-turniru-u-vogosci\/\"]}]},{\"@type\":\"ImageObject\",\"inLanguage\":\"bs-BA\",\"@id\":\"https:\/\/tuzlainfo.ba\/index.php\/novosti\/item\/217930-takmicarke-krg-tuzla-uspjesne-na-internacionalnom-turniru-u-vogosci\/#primaryimage\",\"url\":\"https:\/\/tuzlainfo.ba\/wp-content\/uploads\/2023\/09\/2509_krg1.jpg\",\"contentUrl\":\"https:\/\/tuzlainfo.ba\/wp-content\/uploads\/2023\/09\/2509_krg1.jpg\",\"width\":1193,\"height\":999},{\"@type\":\"BreadcrumbList\",\"@id\":\"https:\/\/tuzlainfo.ba\/index.php\/novosti\/item\/217930-takmicarke-krg-tuzla-uspjesne-na-internacionalnom-turniru-u-vogosci\/#breadcrumb\",\"itemListElement\":[{\"@type\":\"ListItem\",\"position\":1,\"name\":\"Home\",\"item\":\"https:\/\/tuzlainfo.ba\/\"},{\"@type\":\"ListItem\",\"position\":2,\"name\":\"Takmi\u010darke KRG Tuzla uspje\u0161ne na internacionalnom turniru u Vogo\u0161\u0107i\"}]},{\"@type\":\"WebSite\",\"@id\":\"https:\/\/tuzlainfo.ba\/#website\",\"url\":\"https:\/\/tuzlainfo.ba\/\",\"name\":\"TuzlaInfo.ba\",\"description\":\"Tuzla info, gradski informator - Tuzla na dlanu\",\"publisher\":{\"@id\":\"https:\/\/tuzlainfo.ba\/#organization\"},\"potentialAction\":[{\"@type\":\"SearchAction\",\"target\":{\"@type\":\"EntryPoint\",\"urlTemplate\":\"https:\/\/tuzlainfo.ba\/?s={search_term_string}\"},\"query-input\":{\"@type\":\"PropertyValueSpecification\",\"valueRequired\":true,\"valueName\":\"search_term_string\"}}],\"inLanguage\":\"bs-BA\"},{\"@type\":\"Organization\",\"@id\":\"https:\/\/tuzlainfo.ba\/#organization\",\"name\":\"TuzlaInfo.ba\",\"url\":\"https:\/\/tuzlainfo.ba\/\",\"logo\":{\"@type\":\"ImageObject\",\"inLanguage\":\"bs-BA\",\"@id\":\"https:\/\/tuzlainfo.ba\/#\/schema\/logo\/image\/\",\"url\":\"https:\/\/tuzlainfo.ba\/wp-content\/uploads\/2021\/03\/logo-ver-3-1.png\",\"contentUrl\":\"https:\/\/tuzlainfo.ba\/wp-content\/uploads\/2021\/03\/logo-ver-3-1.png\",\"width\":350,\"height\":95,\"caption\":\"TuzlaInfo.ba\"},\"image\":{\"@id\":\"https:\/\/tuzlainfo.ba\/#\/schema\/logo\/image\/\"},\"sameAs\":[\"https:\/\/www.facebook.com\/tuzlainfo.ba\/\"]},{\"@type\":\"Person\",\"@id\":\"https:\/\/tuzlainfo.ba\/#\/schema\/person\/f434e20dc27ea133923aab08451b7f7f\",\"name\":\"nedim\",\"image\":{\"@type\":\"ImageObject\",\"inLanguage\":\"bs-BA\",\"@id\":\"https:\/\/tuzlainfo.ba\/#\/schema\/person\/image\/\",\"url\":\"https:\/\/tuzlainfo.ba\/wp-content\/litespeed\/avatar\/aabad687af24844af817603ac1cbdc4f.jpg?ver=1777306975\",\"contentUrl\":\"https:\/\/tuzlainfo.ba\/wp-content\/litespeed\/avatar\/aabad687af24844af817603ac1cbdc4f.jpg?ver=1777306975\",\"caption\":\"nedim\"},\"description\":\"Tuzlainfo.ba pratite na dru\u0161tvenim mre\u017eama: Facebook, Instagram i Youtube. Svoje pri\u010de, upite i fotografije \u0161aljite na na\u0161u e-mail adresu.\"}]}<\/script>\n<!-- \/ Yoast SEO plugin. -->","yoast_head_json":{"title":"Takmi\u010darke KRG Tuzla uspje\u0161ne na internacionalnom turniru u Vogo\u0161\u0107i - TuzlaInfo.ba","robots":{"index":"index","follow":"follow","max-snippet":"max-snippet:-1","max-image-preview":"max-image-preview:large","max-video-preview":"max-video-preview:-1"},"canonical":"https:\/\/tuzlainfo.ba\/index.php\/novosti\/item\/217930-takmicarke-krg-tuzla-uspjesne-na-internacionalnom-turniru-u-vogosci\/","og_locale":"bs_BA","og_type":"article","og_title":"Takmi\u010darke KRG Tuzla uspje\u0161ne na internacionalnom turniru u Vogo\u0161\u0107i - TuzlaInfo.ba","og_description":"Proteklog vikenda Klub ritmi\u010dke gimnastike Tuzla u\u010destvovao je na Internacionalnom turniru Ritmi\u010dke Gimnastike &#8220;\u0160evala Muji\u0107&#8221;&hellip;","og_url":"https:\/\/tuzlainfo.ba\/index.php\/novosti\/item\/217930-takmicarke-krg-tuzla-uspjesne-na-internacionalnom-turniru-u-vogosci\/","og_site_name":"TuzlaInfo.ba","article_publisher":"https:\/\/www.facebook.com\/tuzlainfo.ba\/","article_published_time":"2023-09-25T17:58:01+00:00","article_modified_time":"2023-09-25T17:58:24+00:00","og_image":[{"width":1193,"height":999,"url":"https:\/\/tuzlainfo.ba\/wp-content\/uploads\/2023\/09\/2509_krg1.jpg","type":"image\/jpeg"}],"author":"nedim","twitter_card":"summary_large_image","twitter_misc":{"Written by":"nedim","Est. reading time":"1 minuta"},"schema":{"@context":"https:\/\/schema.org","@graph":[{"@type":"Article","@id":"https:\/\/tuzlainfo.ba\/index.php\/novosti\/item\/217930-takmicarke-krg-tuzla-uspjesne-na-internacionalnom-turniru-u-vogosci\/#article","isPartOf":{"@id":"https:\/\/tuzlainfo.ba\/index.php\/novosti\/item\/217930-takmicarke-krg-tuzla-uspjesne-na-internacionalnom-turniru-u-vogosci\/"},"author":{"name":"nedim","@id":"https:\/\/tuzlainfo.ba\/#\/schema\/person\/f434e20dc27ea133923aab08451b7f7f"},"headline":"Takmi\u010darke KRG Tuzla uspje\u0161ne na internacionalnom turniru u Vogo\u0161\u0107i","datePublished":"2023-09-25T17:58:01+00:00","dateModified":"2023-09-25T17:58:24+00:00","mainEntityOfPage":{"@id":"https:\/\/tuzlainfo.ba\/index.php\/novosti\/item\/217930-takmicarke-krg-tuzla-uspjesne-na-internacionalnom-turniru-u-vogosci\/"},"wordCount":303,"commentCount":0,"publisher":{"@id":"https:\/\/tuzlainfo.ba\/#organization"},"image":{"@id":"https:\/\/tuzlainfo.ba\/index.php\/novosti\/item\/217930-takmicarke-krg-tuzla-uspjesne-na-internacionalnom-turniru-u-vogosci\/#primaryimage"},"thumbnailUrl":"https:\/\/tuzlainfo.ba\/wp-content\/uploads\/2023\/09\/2509_krg1.jpg","keywords":["KRG Tuzla","ritmi\u010dka gimnastika","sport"],"articleSection":["Novosti"],"inLanguage":"bs-BA"},{"@type":"WebPage","@id":"https:\/\/tuzlainfo.ba\/index.php\/novosti\/item\/217930-takmicarke-krg-tuzla-uspjesne-na-internacionalnom-turniru-u-vogosci\/","url":"https:\/\/tuzlainfo.ba\/index.php\/novosti\/item\/217930-takmicarke-krg-tuzla-uspjesne-na-internacionalnom-turniru-u-vogosci\/","name":"Takmi\u010darke KRG Tuzla uspje\u0161ne na internacionalnom turniru u Vogo\u0161\u0107i - TuzlaInfo.ba","isPartOf":{"@id":"https:\/\/tuzlainfo.ba\/#website"},"primaryImageOfPage":{"@id":"https:\/\/tuzlainfo.ba\/index.php\/novosti\/item\/217930-takmicarke-krg-tuzla-uspjesne-na-internacionalnom-turniru-u-vogosci\/#primaryimage"},"image":{"@id":"https:\/\/tuzlainfo.ba\/index.php\/novosti\/item\/217930-takmicarke-krg-tuzla-uspjesne-na-internacionalnom-turniru-u-vogosci\/#primaryimage"},"thumbnailUrl":"https:\/\/tuzlainfo.ba\/wp-content\/uploads\/2023\/09\/2509_krg1.jpg","datePublished":"2023-09-25T17:58:01+00:00","dateModified":"2023-09-25T17:58:24+00:00","breadcrumb":{"@id":"https:\/\/tuzlainfo.ba\/index.php\/novosti\/item\/217930-takmicarke-krg-tuzla-uspjesne-na-internacionalnom-turniru-u-vogosci\/#breadcrumb"},"inLanguage":"bs-BA","potentialAction":[{"@type":"ReadAction","target":["https:\/\/tuzlainfo.ba\/index.php\/novosti\/item\/217930-takmicarke-krg-tuzla-uspjesne-na-internacionalnom-turniru-u-vogosci\/"]}]},{"@type":"ImageObject","inLanguage":"bs-BA","@id":"https:\/\/tuzlainfo.ba\/index.php\/novosti\/item\/217930-takmicarke-krg-tuzla-uspjesne-na-internacionalnom-turniru-u-vogosci\/#primaryimage","url":"https:\/\/tuzlainfo.ba\/wp-content\/uploads\/2023\/09\/2509_krg1.jpg","contentUrl":"https:\/\/tuzlainfo.ba\/wp-content\/uploads\/2023\/09\/2509_krg1.jpg","width":1193,"height":999},{"@type":"BreadcrumbList","@id":"https:\/\/tuzlainfo.ba\/index.php\/novosti\/item\/217930-takmicarke-krg-tuzla-uspjesne-na-internacionalnom-turniru-u-vogosci\/#breadcrumb","itemListElement":[{"@type":"ListItem","position":1,"name":"Home","item":"https:\/\/tuzlainfo.ba\/"},{"@type":"ListItem","position":2,"name":"Takmi\u010darke KRG Tuzla uspje\u0161ne na internacionalnom turniru u Vogo\u0161\u0107i"}]},{"@type":"WebSite","@id":"https:\/\/tuzlainfo.ba\/#website","url":"https:\/\/tuzlainfo.ba\/","name":"TuzlaInfo.ba","description":"Tuzla info, gradski informator - Tuzla na dlanu","publisher":{"@id":"https:\/\/tuzlainfo.ba\/#organization"},"potentialAction":[{"@type":"SearchAction","target":{"@type":"EntryPoint","urlTemplate":"https:\/\/tuzlainfo.ba\/?s={search_term_string}"},"query-input":{"@type":"PropertyValueSpecification","valueRequired":true,"valueName":"search_term_string"}}],"inLanguage":"bs-BA"},{"@type":"Organization","@id":"https:\/\/tuzlainfo.ba\/#organization","name":"TuzlaInfo.ba","url":"https:\/\/tuzlainfo.ba\/","logo":{"@type":"ImageObject","inLanguage":"bs-BA","@id":"https:\/\/tuzlainfo.ba\/#\/schema\/logo\/image\/","url":"https:\/\/tuzlainfo.ba\/wp-content\/uploads\/2021\/03\/logo-ver-3-1.png","contentUrl":"https:\/\/tuzlainfo.ba\/wp-content\/uploads\/2021\/03\/logo-ver-3-1.png","width":350,"height":95,"caption":"TuzlaInfo.ba"},"image":{"@id":"https:\/\/tuzlainfo.ba\/#\/schema\/logo\/image\/"},"sameAs":["https:\/\/www.facebook.com\/tuzlainfo.ba\/"]},{"@type":"Person","@id":"https:\/\/tuzlainfo.ba\/#\/schema\/person\/f434e20dc27ea133923aab08451b7f7f","name":"nedim","image":{"@type":"ImageObject","inLanguage":"bs-BA","@id":"https:\/\/tuzlainfo.ba\/#\/schema\/person\/image\/","url":"https:\/\/tuzlainfo.ba\/wp-content\/litespeed\/avatar\/aabad687af24844af817603ac1cbdc4f.jpg?ver=1777306975","contentUrl":"https:\/\/tuzlainfo.ba\/wp-content\/litespeed\/avatar\/aabad687af24844af817603ac1cbdc4f.jpg?ver=1777306975","caption":"nedim"},"description":"Tuzlainfo.ba pratite na dru\u0161tvenim mre\u017eama: Facebook, Instagram i Youtube. Svoje pri\u010de, upite i fotografije \u0161aljite na na\u0161u e-mail adresu."}]}},"_links":{"self":[{"href":"https:\/\/tuzlainfo.ba\/index.php\/wp-json\/wp\/v2\/posts\/217930"}],"collection":[{"href":"https:\/\/tuzlainfo.ba\/index.php\/wp-json\/wp\/v2\/posts"}],"about":[{"href":"https:\/\/tuzlainfo.ba\/index.php\/wp-json\/wp\/v2\/types\/post"}],"author":[{"embeddable":true,"href":"https:\/\/tuzlainfo.ba\/index.php\/wp-json\/wp\/v2\/users\/2"}],"replies":[{"embeddable":true,"href":"https:\/\/tuzlainfo.ba\/index.php\/wp-json\/wp\/v2\/comments?post=217930"}],"version-history":[{"count":1,"href":"https:\/\/tuzlainfo.ba\/index.php\/wp-json\/wp\/v2\/posts\/217930\/revisions"}],"predecessor-version":[{"id":217932,"href":"https:\/\/tuzlainfo.ba\/index.php\/wp-json\/wp\/v2\/posts\/217930\/revisions\/217932"}],"wp:featuredmedia":[{"embeddable":true,"href":"https:\/\/tuzlainfo.ba\/index.php\/wp-json\/wp\/v2\/media\/217931"}],"wp:attachment":[{"href":"https:\/\/tuzlainfo.ba\/index.php\/wp-json\/wp\/v2\/media?parent=217930"}],"wp:term":[{"taxonomy":"category","embeddable":true,"href":"https:\/\/tuzlainfo.ba\/index.php\/wp-json\/wp\/v2\/categories?post=217930"},{"taxonomy":"post_tag","embeddable":true,"href":"https:\/\/tuzlainfo.ba\/index.php\/wp-json\/wp\/v2\/tags?post=217930"}],"curies":[{"name":"wp","href":"https:\/\/api.w.org\/{rel}","templated":true}]}}