{"id":217486,"date":"2023-09-21T09:46:39","date_gmt":"2023-09-21T07:46:39","guid":{"rendered":"https:\/\/tuzlainfo.ba\/?p=217486"},"modified":"2023-09-21T09:54:55","modified_gmt":"2023-09-21T07:54:55","slug":"poznato-stanje-povrijedjenih-u-nesreci-u-solani-jedno-na-respiratoru","status":"publish","type":"post","link":"https:\/\/tuzlainfo.ba\/index.php\/novosti\/item\/217486-poznato-stanje-povrijedjenih-u-nesreci-u-solani-jedno-na-respiratoru\/","title":{"rendered":"Poznato stanje povrije\u0111enih u nesre\u0107i u Solani, jedno na respiratoru"},"content":{"rendered":"<p>Poznato je stanje povrije\u0111enih u saobra\u0107ajnoj nesre\u0107i koja se sino\u0107 dogodila u tuzlanskom naselju Solana.<\/p>\n<p>Kako nam je potvrdila Ersija A\u0161\u010deri\u0107 Mujedinovi\u0107, glasnogovornica UKC-a Tuzla, hospitalizirano je pet pacijenata sa politraumom i te\u0161kim tjelesnim povredama koji se nalaze u Jedinici intenzivne terapije Klinike za anesteziologiju i reanimatologiju .<\/p>\n<p>Stanje pacijenata:<\/p>\n<p>&#8220;\u00d0.D. 2002.godi\u0161te, povrede glave, pacijent operisan, na respiratoru.<\/p>\n<p>M.V. 2003 godiste, povreda glave, grudnog ko\u0161a i ki\u010dme, operisan, na respiratoru.<\/p>\n<p>G.M.1997. godi\u0161te, povreda vratne ki\u010dme i gornjih ekstremiteta, planiran operativni zahvat. Pacijentica samostalno di\u0161e.<\/p>\n<p>D.A.1996. godi\u0161te, povrede grudnog ko\u0161a, ki\u010dme i abdomena, trenutno u toku operativni zahvat.<\/p>\n<p>M.R. 1986. godi\u0161te, povreda glave, ki\u010dme i abdomena, samostalno di\u0161e, planiran operativni zahvat.<\/p>\n<blockquote class=\"wp-embedded-content\" data-secret=\"ZdoH8hBVmZ\"><p><a href=\"https:\/\/tuzlainfo.ba\/index.php\/novosti\/item\/217470-epilog-nesrece-u-solani-u-sudaru-dva-vozila-povrijedjeno-sedam-osoba\/\">Epilog nesre\u0107e u Solani: U sudaru dva vozila povrije\u0111eno sedam osoba<\/a><\/p><\/blockquote>\n<p><iframe class=\"wp-embedded-content\" sandbox=\"allow-scripts\" security=\"restricted\" style=\"position: absolute; clip: rect(1px, 1px, 1px, 1px);\" title=\"&#8220;Epilog nesre\u0107e u Solani: U sudaru dva vozila povrije\u0111eno sedam osoba&#8221; &#8212; TuzlaInfo.ba\" src=\"https:\/\/tuzlainfo.ba\/index.php\/novosti\/item\/217470-epilog-nesrece-u-solani-u-sudaru-dva-vozila-povrijedjeno-sedam-osoba\/embed\/#?secret=tlgS0XHNbN#?secret=ZdoH8hBVmZ\" data-secret=\"ZdoH8hBVmZ\" width=\"600\" height=\"338\" frameborder=\"0\" marginwidth=\"0\" marginheight=\"0\" scrolling=\"no\"><\/iframe><\/p>\n","protected":false},"excerpt":{"rendered":"<p>Poznato je stanje povrije\u0111enih u saobra\u0107ajnoj nesre\u0107i koja se sino\u0107 dogodila u tuzlanskom naselju Solana.&hellip;<\/p>\n","protected":false},"author":4,"featured_media":217487,"comment_status":"open","ping_status":"closed","sticky":false,"template":"","format":"standard","meta":{"_acf_changed":false,"footnotes":""},"categories":[304,12],"tags":[922,42],"acf":[],"yoast_head":"<!-- This site is optimized with the Yoast SEO plugin v23.5 - https:\/\/yoast.com\/wordpress\/plugins\/seo\/ -->\n<title>Poznato stanje povrije\u0111enih u nesre\u0107i u Solani, jedno na respiratoru - TuzlaInfo.ba<\/title>\n<meta name=\"robots\" content=\"index, follow, max-snippet:-1, max-image-preview:large, max-video-preview:-1\" \/>\n<link rel=\"canonical\" href=\"https:\/\/tuzlainfo.ba\/index.php\/novosti\/item\/217486-poznato-stanje-povrijedjenih-u-nesreci-u-solani-jedno-na-respiratoru\/\" \/>\n<meta property=\"og:locale\" content=\"bs_BA\" \/>\n<meta property=\"og:type\" content=\"article\" \/>\n<meta property=\"og:title\" content=\"Poznato stanje povrije\u0111enih u nesre\u0107i u Solani, jedno na respiratoru - TuzlaInfo.ba\" \/>\n<meta property=\"og:description\" content=\"Poznato je stanje povrije\u0111enih u saobra\u0107ajnoj nesre\u0107i koja se sino\u0107 dogodila u tuzlanskom naselju Solana.&hellip;\" \/>\n<meta property=\"og:url\" content=\"https:\/\/tuzlainfo.ba\/index.php\/novosti\/item\/217486-poznato-stanje-povrijedjenih-u-nesreci-u-solani-jedno-na-respiratoru\/\" \/>\n<meta property=\"og:site_name\" content=\"TuzlaInfo.ba\" \/>\n<meta property=\"article:publisher\" content=\"https:\/\/www.facebook.com\/tuzlainfo.ba\/\" \/>\n<meta property=\"article:published_time\" content=\"2023-09-21T07:46:39+00:00\" \/>\n<meta property=\"article:modified_time\" content=\"2023-09-21T07:54:55+00:00\" \/>\n<meta property=\"og:image\" content=\"https:\/\/tuzlainfo.ba\/wp-content\/uploads\/2023\/09\/inbound4107206120808259782.jpg\" \/>\n\t<meta property=\"og:image:width\" content=\"1080\" \/>\n\t<meta property=\"og:image:height\" content=\"499\" \/>\n\t<meta property=\"og:image:type\" content=\"image\/jpeg\" \/>\n<meta name=\"author\" content=\"Tuzla Info\" \/>\n<meta name=\"twitter:card\" content=\"summary_large_image\" \/>\n<meta name=\"twitter:label1\" content=\"Written by\" \/>\n\t<meta name=\"twitter:data1\" content=\"Tuzla Info\" \/>\n\t<meta name=\"twitter:label2\" content=\"Est. reading time\" \/>\n\t<meta name=\"twitter:data2\" content=\"1 minuta\" \/>\n<script type=\"application\/ld+json\" class=\"yoast-schema-graph\">{\"@context\":\"https:\/\/schema.org\",\"@graph\":[{\"@type\":\"Article\",\"@id\":\"https:\/\/tuzlainfo.ba\/index.php\/novosti\/item\/217486-poznato-stanje-povrijedjenih-u-nesreci-u-solani-jedno-na-respiratoru\/#article\",\"isPartOf\":{\"@id\":\"https:\/\/tuzlainfo.ba\/index.php\/novosti\/item\/217486-poznato-stanje-povrijedjenih-u-nesreci-u-solani-jedno-na-respiratoru\/\"},\"author\":{\"name\":\"Tuzla Info\",\"@id\":\"https:\/\/tuzlainfo.ba\/#\/schema\/person\/46cad4c57790cbc50781edd14870825a\"},\"headline\":\"Poznato stanje povrije\u0111enih u nesre\u0107i u Solani, jedno na respiratoru\",\"datePublished\":\"2023-09-21T07:46:39+00:00\",\"dateModified\":\"2023-09-21T07:54:55+00:00\",\"mainEntityOfPage\":{\"@id\":\"https:\/\/tuzlainfo.ba\/index.php\/novosti\/item\/217486-poznato-stanje-povrijedjenih-u-nesreci-u-solani-jedno-na-respiratoru\/\"},\"wordCount\":148,\"commentCount\":0,\"publisher\":{\"@id\":\"https:\/\/tuzlainfo.ba\/#organization\"},\"image\":{\"@id\":\"https:\/\/tuzlainfo.ba\/index.php\/novosti\/item\/217486-poznato-stanje-povrijedjenih-u-nesreci-u-solani-jedno-na-respiratoru\/#primaryimage\"},\"thumbnailUrl\":\"https:\/\/tuzlainfo.ba\/wp-content\/uploads\/2023\/09\/inbound4107206120808259782.jpg\",\"keywords\":[\"nesre\u0107a\",\"tuzla\"],\"articleSection\":[\"Istaknuto\",\"Novosti\"],\"inLanguage\":\"bs-BA\"},{\"@type\":\"WebPage\",\"@id\":\"https:\/\/tuzlainfo.ba\/index.php\/novosti\/item\/217486-poznato-stanje-povrijedjenih-u-nesreci-u-solani-jedno-na-respiratoru\/\",\"url\":\"https:\/\/tuzlainfo.ba\/index.php\/novosti\/item\/217486-poznato-stanje-povrijedjenih-u-nesreci-u-solani-jedno-na-respiratoru\/\",\"name\":\"Poznato stanje povrije\u0111enih u nesre\u0107i u Solani, jedno na respiratoru - TuzlaInfo.ba\",\"isPartOf\":{\"@id\":\"https:\/\/tuzlainfo.ba\/#website\"},\"primaryImageOfPage\":{\"@id\":\"https:\/\/tuzlainfo.ba\/index.php\/novosti\/item\/217486-poznato-stanje-povrijedjenih-u-nesreci-u-solani-jedno-na-respiratoru\/#primaryimage\"},\"image\":{\"@id\":\"https:\/\/tuzlainfo.ba\/index.php\/novosti\/item\/217486-poznato-stanje-povrijedjenih-u-nesreci-u-solani-jedno-na-respiratoru\/#primaryimage\"},\"thumbnailUrl\":\"https:\/\/tuzlainfo.ba\/wp-content\/uploads\/2023\/09\/inbound4107206120808259782.jpg\",\"datePublished\":\"2023-09-21T07:46:39+00:00\",\"dateModified\":\"2023-09-21T07:54:55+00:00\",\"breadcrumb\":{\"@id\":\"https:\/\/tuzlainfo.ba\/index.php\/novosti\/item\/217486-poznato-stanje-povrijedjenih-u-nesreci-u-solani-jedno-na-respiratoru\/#breadcrumb\"},\"inLanguage\":\"bs-BA\",\"potentialAction\":[{\"@type\":\"ReadAction\",\"target\":[\"https:\/\/tuzlainfo.ba\/index.php\/novosti\/item\/217486-poznato-stanje-povrijedjenih-u-nesreci-u-solani-jedno-na-respiratoru\/\"]}]},{\"@type\":\"ImageObject\",\"inLanguage\":\"bs-BA\",\"@id\":\"https:\/\/tuzlainfo.ba\/index.php\/novosti\/item\/217486-poznato-stanje-povrijedjenih-u-nesreci-u-solani-jedno-na-respiratoru\/#primaryimage\",\"url\":\"https:\/\/tuzlainfo.ba\/wp-content\/uploads\/2023\/09\/inbound4107206120808259782.jpg\",\"contentUrl\":\"https:\/\/tuzlainfo.ba\/wp-content\/uploads\/2023\/09\/inbound4107206120808259782.jpg\",\"width\":1080,\"height\":499},{\"@type\":\"BreadcrumbList\",\"@id\":\"https:\/\/tuzlainfo.ba\/index.php\/novosti\/item\/217486-poznato-stanje-povrijedjenih-u-nesreci-u-solani-jedno-na-respiratoru\/#breadcrumb\",\"itemListElement\":[{\"@type\":\"ListItem\",\"position\":1,\"name\":\"Home\",\"item\":\"https:\/\/tuzlainfo.ba\/\"},{\"@type\":\"ListItem\",\"position\":2,\"name\":\"Poznato stanje povrije\u0111enih u nesre\u0107i u Solani, jedno na respiratoru\"}]},{\"@type\":\"WebSite\",\"@id\":\"https:\/\/tuzlainfo.ba\/#website\",\"url\":\"https:\/\/tuzlainfo.ba\/\",\"name\":\"TuzlaInfo.ba\",\"description\":\"Tuzla info, gradski informator - Tuzla na dlanu\",\"publisher\":{\"@id\":\"https:\/\/tuzlainfo.ba\/#organization\"},\"potentialAction\":[{\"@type\":\"SearchAction\",\"target\":{\"@type\":\"EntryPoint\",\"urlTemplate\":\"https:\/\/tuzlainfo.ba\/?s={search_term_string}\"},\"query-input\":{\"@type\":\"PropertyValueSpecification\",\"valueRequired\":true,\"valueName\":\"search_term_string\"}}],\"inLanguage\":\"bs-BA\"},{\"@type\":\"Organization\",\"@id\":\"https:\/\/tuzlainfo.ba\/#organization\",\"name\":\"TuzlaInfo.ba\",\"url\":\"https:\/\/tuzlainfo.ba\/\",\"logo\":{\"@type\":\"ImageObject\",\"inLanguage\":\"bs-BA\",\"@id\":\"https:\/\/tuzlainfo.ba\/#\/schema\/logo\/image\/\",\"url\":\"https:\/\/tuzlainfo.ba\/wp-content\/uploads\/2021\/03\/logo-ver-3-1.png\",\"contentUrl\":\"https:\/\/tuzlainfo.ba\/wp-content\/uploads\/2021\/03\/logo-ver-3-1.png\",\"width\":350,\"height\":95,\"caption\":\"TuzlaInfo.ba\"},\"image\":{\"@id\":\"https:\/\/tuzlainfo.ba\/#\/schema\/logo\/image\/\"},\"sameAs\":[\"https:\/\/www.facebook.com\/tuzlainfo.ba\/\"]},{\"@type\":\"Person\",\"@id\":\"https:\/\/tuzlainfo.ba\/#\/schema\/person\/46cad4c57790cbc50781edd14870825a\",\"name\":\"Tuzla Info\",\"image\":{\"@type\":\"ImageObject\",\"inLanguage\":\"bs-BA\",\"@id\":\"https:\/\/tuzlainfo.ba\/#\/schema\/person\/image\/\",\"url\":\"https:\/\/tuzlainfo.ba\/wp-content\/litespeed\/avatar\/b6c453a6c38e3654f2e4416c643fc25c.jpg?ver=1777051911\",\"contentUrl\":\"https:\/\/tuzlainfo.ba\/wp-content\/litespeed\/avatar\/b6c453a6c38e3654f2e4416c643fc25c.jpg?ver=1777051911\",\"caption\":\"Tuzla Info\"}}]}<\/script>\n<!-- \/ Yoast SEO plugin. -->","yoast_head_json":{"title":"Poznato stanje povrije\u0111enih u nesre\u0107i u Solani, jedno na respiratoru - TuzlaInfo.ba","robots":{"index":"index","follow":"follow","max-snippet":"max-snippet:-1","max-image-preview":"max-image-preview:large","max-video-preview":"max-video-preview:-1"},"canonical":"https:\/\/tuzlainfo.ba\/index.php\/novosti\/item\/217486-poznato-stanje-povrijedjenih-u-nesreci-u-solani-jedno-na-respiratoru\/","og_locale":"bs_BA","og_type":"article","og_title":"Poznato stanje povrije\u0111enih u nesre\u0107i u Solani, jedno na respiratoru - TuzlaInfo.ba","og_description":"Poznato je stanje povrije\u0111enih u saobra\u0107ajnoj nesre\u0107i koja se sino\u0107 dogodila u tuzlanskom naselju Solana.&hellip;","og_url":"https:\/\/tuzlainfo.ba\/index.php\/novosti\/item\/217486-poznato-stanje-povrijedjenih-u-nesreci-u-solani-jedno-na-respiratoru\/","og_site_name":"TuzlaInfo.ba","article_publisher":"https:\/\/www.facebook.com\/tuzlainfo.ba\/","article_published_time":"2023-09-21T07:46:39+00:00","article_modified_time":"2023-09-21T07:54:55+00:00","og_image":[{"width":1080,"height":499,"url":"https:\/\/tuzlainfo.ba\/wp-content\/uploads\/2023\/09\/inbound4107206120808259782.jpg","type":"image\/jpeg"}],"author":"Tuzla Info","twitter_card":"summary_large_image","twitter_misc":{"Written by":"Tuzla Info","Est. reading time":"1 minuta"},"schema":{"@context":"https:\/\/schema.org","@graph":[{"@type":"Article","@id":"https:\/\/tuzlainfo.ba\/index.php\/novosti\/item\/217486-poznato-stanje-povrijedjenih-u-nesreci-u-solani-jedno-na-respiratoru\/#article","isPartOf":{"@id":"https:\/\/tuzlainfo.ba\/index.php\/novosti\/item\/217486-poznato-stanje-povrijedjenih-u-nesreci-u-solani-jedno-na-respiratoru\/"},"author":{"name":"Tuzla Info","@id":"https:\/\/tuzlainfo.ba\/#\/schema\/person\/46cad4c57790cbc50781edd14870825a"},"headline":"Poznato stanje povrije\u0111enih u nesre\u0107i u Solani, jedno na respiratoru","datePublished":"2023-09-21T07:46:39+00:00","dateModified":"2023-09-21T07:54:55+00:00","mainEntityOfPage":{"@id":"https:\/\/tuzlainfo.ba\/index.php\/novosti\/item\/217486-poznato-stanje-povrijedjenih-u-nesreci-u-solani-jedno-na-respiratoru\/"},"wordCount":148,"commentCount":0,"publisher":{"@id":"https:\/\/tuzlainfo.ba\/#organization"},"image":{"@id":"https:\/\/tuzlainfo.ba\/index.php\/novosti\/item\/217486-poznato-stanje-povrijedjenih-u-nesreci-u-solani-jedno-na-respiratoru\/#primaryimage"},"thumbnailUrl":"https:\/\/tuzlainfo.ba\/wp-content\/uploads\/2023\/09\/inbound4107206120808259782.jpg","keywords":["nesre\u0107a","tuzla"],"articleSection":["Istaknuto","Novosti"],"inLanguage":"bs-BA"},{"@type":"WebPage","@id":"https:\/\/tuzlainfo.ba\/index.php\/novosti\/item\/217486-poznato-stanje-povrijedjenih-u-nesreci-u-solani-jedno-na-respiratoru\/","url":"https:\/\/tuzlainfo.ba\/index.php\/novosti\/item\/217486-poznato-stanje-povrijedjenih-u-nesreci-u-solani-jedno-na-respiratoru\/","name":"Poznato stanje povrije\u0111enih u nesre\u0107i u Solani, jedno na respiratoru - TuzlaInfo.ba","isPartOf":{"@id":"https:\/\/tuzlainfo.ba\/#website"},"primaryImageOfPage":{"@id":"https:\/\/tuzlainfo.ba\/index.php\/novosti\/item\/217486-poznato-stanje-povrijedjenih-u-nesreci-u-solani-jedno-na-respiratoru\/#primaryimage"},"image":{"@id":"https:\/\/tuzlainfo.ba\/index.php\/novosti\/item\/217486-poznato-stanje-povrijedjenih-u-nesreci-u-solani-jedno-na-respiratoru\/#primaryimage"},"thumbnailUrl":"https:\/\/tuzlainfo.ba\/wp-content\/uploads\/2023\/09\/inbound4107206120808259782.jpg","datePublished":"2023-09-21T07:46:39+00:00","dateModified":"2023-09-21T07:54:55+00:00","breadcrumb":{"@id":"https:\/\/tuzlainfo.ba\/index.php\/novosti\/item\/217486-poznato-stanje-povrijedjenih-u-nesreci-u-solani-jedno-na-respiratoru\/#breadcrumb"},"inLanguage":"bs-BA","potentialAction":[{"@type":"ReadAction","target":["https:\/\/tuzlainfo.ba\/index.php\/novosti\/item\/217486-poznato-stanje-povrijedjenih-u-nesreci-u-solani-jedno-na-respiratoru\/"]}]},{"@type":"ImageObject","inLanguage":"bs-BA","@id":"https:\/\/tuzlainfo.ba\/index.php\/novosti\/item\/217486-poznato-stanje-povrijedjenih-u-nesreci-u-solani-jedno-na-respiratoru\/#primaryimage","url":"https:\/\/tuzlainfo.ba\/wp-content\/uploads\/2023\/09\/inbound4107206120808259782.jpg","contentUrl":"https:\/\/tuzlainfo.ba\/wp-content\/uploads\/2023\/09\/inbound4107206120808259782.jpg","width":1080,"height":499},{"@type":"BreadcrumbList","@id":"https:\/\/tuzlainfo.ba\/index.php\/novosti\/item\/217486-poznato-stanje-povrijedjenih-u-nesreci-u-solani-jedno-na-respiratoru\/#breadcrumb","itemListElement":[{"@type":"ListItem","position":1,"name":"Home","item":"https:\/\/tuzlainfo.ba\/"},{"@type":"ListItem","position":2,"name":"Poznato stanje povrije\u0111enih u nesre\u0107i u Solani, jedno na respiratoru"}]},{"@type":"WebSite","@id":"https:\/\/tuzlainfo.ba\/#website","url":"https:\/\/tuzlainfo.ba\/","name":"TuzlaInfo.ba","description":"Tuzla info, gradski informator - Tuzla na dlanu","publisher":{"@id":"https:\/\/tuzlainfo.ba\/#organization"},"potentialAction":[{"@type":"SearchAction","target":{"@type":"EntryPoint","urlTemplate":"https:\/\/tuzlainfo.ba\/?s={search_term_string}"},"query-input":{"@type":"PropertyValueSpecification","valueRequired":true,"valueName":"search_term_string"}}],"inLanguage":"bs-BA"},{"@type":"Organization","@id":"https:\/\/tuzlainfo.ba\/#organization","name":"TuzlaInfo.ba","url":"https:\/\/tuzlainfo.ba\/","logo":{"@type":"ImageObject","inLanguage":"bs-BA","@id":"https:\/\/tuzlainfo.ba\/#\/schema\/logo\/image\/","url":"https:\/\/tuzlainfo.ba\/wp-content\/uploads\/2021\/03\/logo-ver-3-1.png","contentUrl":"https:\/\/tuzlainfo.ba\/wp-content\/uploads\/2021\/03\/logo-ver-3-1.png","width":350,"height":95,"caption":"TuzlaInfo.ba"},"image":{"@id":"https:\/\/tuzlainfo.ba\/#\/schema\/logo\/image\/"},"sameAs":["https:\/\/www.facebook.com\/tuzlainfo.ba\/"]},{"@type":"Person","@id":"https:\/\/tuzlainfo.ba\/#\/schema\/person\/46cad4c57790cbc50781edd14870825a","name":"Tuzla Info","image":{"@type":"ImageObject","inLanguage":"bs-BA","@id":"https:\/\/tuzlainfo.ba\/#\/schema\/person\/image\/","url":"https:\/\/tuzlainfo.ba\/wp-content\/litespeed\/avatar\/b6c453a6c38e3654f2e4416c643fc25c.jpg?ver=1777051911","contentUrl":"https:\/\/tuzlainfo.ba\/wp-content\/litespeed\/avatar\/b6c453a6c38e3654f2e4416c643fc25c.jpg?ver=1777051911","caption":"Tuzla Info"}}]}},"_links":{"self":[{"href":"https:\/\/tuzlainfo.ba\/index.php\/wp-json\/wp\/v2\/posts\/217486"}],"collection":[{"href":"https:\/\/tuzlainfo.ba\/index.php\/wp-json\/wp\/v2\/posts"}],"about":[{"href":"https:\/\/tuzlainfo.ba\/index.php\/wp-json\/wp\/v2\/types\/post"}],"author":[{"embeddable":true,"href":"https:\/\/tuzlainfo.ba\/index.php\/wp-json\/wp\/v2\/users\/4"}],"replies":[{"embeddable":true,"href":"https:\/\/tuzlainfo.ba\/index.php\/wp-json\/wp\/v2\/comments?post=217486"}],"version-history":[{"count":4,"href":"https:\/\/tuzlainfo.ba\/index.php\/wp-json\/wp\/v2\/posts\/217486\/revisions"}],"predecessor-version":[{"id":217492,"href":"https:\/\/tuzlainfo.ba\/index.php\/wp-json\/wp\/v2\/posts\/217486\/revisions\/217492"}],"wp:featuredmedia":[{"embeddable":true,"href":"https:\/\/tuzlainfo.ba\/index.php\/wp-json\/wp\/v2\/media\/217487"}],"wp:attachment":[{"href":"https:\/\/tuzlainfo.ba\/index.php\/wp-json\/wp\/v2\/media?parent=217486"}],"wp:term":[{"taxonomy":"category","embeddable":true,"href":"https:\/\/tuzlainfo.ba\/index.php\/wp-json\/wp\/v2\/categories?post=217486"},{"taxonomy":"post_tag","embeddable":true,"href":"https:\/\/tuzlainfo.ba\/index.php\/wp-json\/wp\/v2\/tags?post=217486"}],"curies":[{"name":"wp","href":"https:\/\/api.w.org\/{rel}","templated":true}]}}