{"id":217470,"date":"2023-09-21T07:57:10","date_gmt":"2023-09-21T05:57:10","guid":{"rendered":"https:\/\/tuzlainfo.ba\/?p=217470"},"modified":"2023-09-21T09:55:38","modified_gmt":"2023-09-21T07:55:38","slug":"epilog-nesrece-u-solani-u-sudaru-dva-vozila-povrijedjeno-sedam-osoba","status":"publish","type":"post","link":"https:\/\/tuzlainfo.ba\/index.php\/novosti\/item\/217470-epilog-nesrece-u-solani-u-sudaru-dva-vozila-povrijedjeno-sedam-osoba\/","title":{"rendered":"Epilog nesre\u0107e u Solani: U sudaru dva vozila povrije\u0111eno sedam osoba"},"content":{"rendered":"<p>U te\u0161koj saobra\u0107ajnoj nesre\u0107i koja se dogodila rano jutros u Tuzli, povrije\u0111eno je sadam osoba, potvr\u0111eno nam je u Upravi policije MUP-a TK.<\/p>\n<p>Nesre\u0107a se dogodila\u00a0oko 01.10 sati u tuzlanskom naselju Solana, a u\u010destvovala su dva vozila.<\/p>\n<p>&#8211;\u00a0 Saobra\u0107ajna nezgoda se dogovodila u ulici 18. hrvatske brigade, a u\u010destvovala su dva putni\u010dka motorna vozila Toyota i Mercedes. Povrije\u0111eno je ukupno sedam lica, od \u010dega je pet lica zadobilo te\u0161ke tjelesne povrede konstatovane od strane ljekara UKC Tuzla, gdje su zadr\u017eani na daljem lije\u010denju &#8211; istaknuto je iz Uprave policije MUP-a TK.<\/p>\n<blockquote class=\"wp-embedded-content\" data-secret=\"bC1ay7raTY\"><p><a href=\"https:\/\/tuzlainfo.ba\/index.php\/novosti\/item\/217486-poznato-stanje-povrijedjenih-u-nesreci-u-solani-jedno-na-respiratoru\/\">Poznato stanje povrije\u0111enih u nesre\u0107i u Solani, jedno na respiratoru<\/a><\/p><\/blockquote>\n<p><iframe class=\"wp-embedded-content\" sandbox=\"allow-scripts\" security=\"restricted\" style=\"position: absolute; clip: rect(1px, 1px, 1px, 1px);\" title=\"&#8220;Poznato stanje povrije\u0111enih u nesre\u0107i u Solani, jedno na respiratoru&#8221; &#8212; TuzlaInfo.ba\" src=\"https:\/\/tuzlainfo.ba\/index.php\/novosti\/item\/217486-poznato-stanje-povrijedjenih-u-nesreci-u-solani-jedno-na-respiratoru\/embed\/#?secret=aQrwoEworR#?secret=bC1ay7raTY\" data-secret=\"bC1ay7raTY\" width=\"600\" height=\"338\" frameborder=\"0\" marginwidth=\"0\" marginheight=\"0\" scrolling=\"no\"><\/iframe><\/p>\n<p>Uvi\u0111aj su uz prisustvo i pod nadzorom kantonalnog tu\u017eioca izvr\u0161ili policijski slu\u017ebenici OKP PU Tuzla. Uvi\u0111aju je tako\u0111e prisustvovao sudski vje\u0161tak za saobra\u0107ajne nezgode. U toku je daljnji rad na dokumentovanju navedene saobra\u0107ajne nezgode.<\/p>\n<p>Podsje\u0107amo, zbog siline sudara dva vozila, jedan automobil je zavr\u0161io na krovu, a intervenisali su i vatrogasci.<\/p>\n<blockquote class=\"wp-embedded-content\" data-secret=\"C61QNinBzw\"><p><a href=\"https:\/\/tuzlainfo.ba\/index.php\/novosti\/item\/217462-teska-nesreca-u-solani-vozila-slupana-intervenisali-i-vatrogasci\/\">Te\u0161ka nesre\u0107a u Solani, vozila slupana, intervenisali i vatrogasci<\/a><\/p><\/blockquote>\n<p><iframe class=\"wp-embedded-content\" sandbox=\"allow-scripts\" security=\"restricted\" style=\"position: absolute; clip: rect(1px, 1px, 1px, 1px);\" title=\"&#8220;Te\u0161ka nesre\u0107a u Solani, vozila slupana, intervenisali i vatrogasci&#8221; &#8212; TuzlaInfo.ba\" src=\"https:\/\/tuzlainfo.ba\/index.php\/novosti\/item\/217462-teska-nesreca-u-solani-vozila-slupana-intervenisali-i-vatrogasci\/embed\/#?secret=zqukIAhtfE#?secret=C61QNinBzw\" data-secret=\"C61QNinBzw\" width=\"600\" height=\"338\" frameborder=\"0\" marginwidth=\"0\" marginheight=\"0\" scrolling=\"no\"><\/iframe><\/p>\n","protected":false},"excerpt":{"rendered":"<p>U te\u0161koj saobra\u0107ajnoj nesre\u0107i koja se dogodila rano jutros u Tuzli, povrije\u0111eno je sadam osoba,&hellip;<\/p>\n","protected":false},"author":4,"featured_media":217471,"comment_status":"open","ping_status":"closed","sticky":false,"template":"","format":"standard","meta":{"_acf_changed":false,"footnotes":""},"categories":[304,12],"tags":[338,42],"acf":[],"yoast_head":"<!-- This site is optimized with the Yoast SEO plugin v23.5 - https:\/\/yoast.com\/wordpress\/plugins\/seo\/ -->\n<title>Epilog nesre\u0107e u Solani: U sudaru dva vozila povrije\u0111eno sedam osoba - TuzlaInfo.ba<\/title>\n<meta name=\"robots\" content=\"index, follow, max-snippet:-1, max-image-preview:large, max-video-preview:-1\" \/>\n<link rel=\"canonical\" href=\"https:\/\/tuzlainfo.ba\/index.php\/novosti\/item\/217470-epilog-nesrece-u-solani-u-sudaru-dva-vozila-povrijedjeno-sedam-osoba\/\" \/>\n<meta property=\"og:locale\" content=\"bs_BA\" \/>\n<meta property=\"og:type\" content=\"article\" \/>\n<meta property=\"og:title\" content=\"Epilog nesre\u0107e u Solani: U sudaru dva vozila povrije\u0111eno sedam osoba - TuzlaInfo.ba\" \/>\n<meta property=\"og:description\" content=\"U te\u0161koj saobra\u0107ajnoj nesre\u0107i koja se dogodila rano jutros u Tuzli, povrije\u0111eno je sadam osoba,&hellip;\" \/>\n<meta property=\"og:url\" content=\"https:\/\/tuzlainfo.ba\/index.php\/novosti\/item\/217470-epilog-nesrece-u-solani-u-sudaru-dva-vozila-povrijedjeno-sedam-osoba\/\" \/>\n<meta property=\"og:site_name\" content=\"TuzlaInfo.ba\" \/>\n<meta property=\"article:publisher\" content=\"https:\/\/www.facebook.com\/tuzlainfo.ba\/\" \/>\n<meta property=\"article:published_time\" content=\"2023-09-21T05:57:10+00:00\" \/>\n<meta property=\"article:modified_time\" content=\"2023-09-21T07:55:38+00:00\" \/>\n<meta property=\"og:image\" content=\"https:\/\/tuzlainfo.ba\/wp-content\/uploads\/2023\/09\/IMG_7215.jpeg\" \/>\n\t<meta property=\"og:image:width\" content=\"946\" \/>\n\t<meta property=\"og:image:height\" content=\"656\" \/>\n\t<meta property=\"og:image:type\" content=\"image\/jpeg\" \/>\n<meta name=\"author\" content=\"Tuzla Info\" \/>\n<meta name=\"twitter:card\" content=\"summary_large_image\" \/>\n<meta name=\"twitter:label1\" content=\"Written by\" \/>\n\t<meta name=\"twitter:data1\" content=\"Tuzla Info\" \/>\n\t<meta name=\"twitter:label2\" content=\"Est. reading time\" \/>\n\t<meta name=\"twitter:data2\" content=\"1 minuta\" \/>\n<script type=\"application\/ld+json\" class=\"yoast-schema-graph\">{\"@context\":\"https:\/\/schema.org\",\"@graph\":[{\"@type\":\"Article\",\"@id\":\"https:\/\/tuzlainfo.ba\/index.php\/novosti\/item\/217470-epilog-nesrece-u-solani-u-sudaru-dva-vozila-povrijedjeno-sedam-osoba\/#article\",\"isPartOf\":{\"@id\":\"https:\/\/tuzlainfo.ba\/index.php\/novosti\/item\/217470-epilog-nesrece-u-solani-u-sudaru-dva-vozila-povrijedjeno-sedam-osoba\/\"},\"author\":{\"name\":\"Tuzla Info\",\"@id\":\"https:\/\/tuzlainfo.ba\/#\/schema\/person\/46cad4c57790cbc50781edd14870825a\"},\"headline\":\"Epilog nesre\u0107e u Solani: U sudaru dva vozila povrije\u0111eno sedam osoba\",\"datePublished\":\"2023-09-21T05:57:10+00:00\",\"dateModified\":\"2023-09-21T07:55:38+00:00\",\"mainEntityOfPage\":{\"@id\":\"https:\/\/tuzlainfo.ba\/index.php\/novosti\/item\/217470-epilog-nesrece-u-solani-u-sudaru-dva-vozila-povrijedjeno-sedam-osoba\/\"},\"wordCount\":195,\"commentCount\":0,\"publisher\":{\"@id\":\"https:\/\/tuzlainfo.ba\/#organization\"},\"image\":{\"@id\":\"https:\/\/tuzlainfo.ba\/index.php\/novosti\/item\/217470-epilog-nesrece-u-solani-u-sudaru-dva-vozila-povrijedjeno-sedam-osoba\/#primaryimage\"},\"thumbnailUrl\":\"https:\/\/tuzlainfo.ba\/wp-content\/uploads\/2023\/09\/IMG_7215.jpeg\",\"keywords\":[\"saobracajna nesreca\",\"tuzla\"],\"articleSection\":[\"Istaknuto\",\"Novosti\"],\"inLanguage\":\"bs-BA\"},{\"@type\":\"WebPage\",\"@id\":\"https:\/\/tuzlainfo.ba\/index.php\/novosti\/item\/217470-epilog-nesrece-u-solani-u-sudaru-dva-vozila-povrijedjeno-sedam-osoba\/\",\"url\":\"https:\/\/tuzlainfo.ba\/index.php\/novosti\/item\/217470-epilog-nesrece-u-solani-u-sudaru-dva-vozila-povrijedjeno-sedam-osoba\/\",\"name\":\"Epilog nesre\u0107e u Solani: U sudaru dva vozila povrije\u0111eno sedam osoba - TuzlaInfo.ba\",\"isPartOf\":{\"@id\":\"https:\/\/tuzlainfo.ba\/#website\"},\"primaryImageOfPage\":{\"@id\":\"https:\/\/tuzlainfo.ba\/index.php\/novosti\/item\/217470-epilog-nesrece-u-solani-u-sudaru-dva-vozila-povrijedjeno-sedam-osoba\/#primaryimage\"},\"image\":{\"@id\":\"https:\/\/tuzlainfo.ba\/index.php\/novosti\/item\/217470-epilog-nesrece-u-solani-u-sudaru-dva-vozila-povrijedjeno-sedam-osoba\/#primaryimage\"},\"thumbnailUrl\":\"https:\/\/tuzlainfo.ba\/wp-content\/uploads\/2023\/09\/IMG_7215.jpeg\",\"datePublished\":\"2023-09-21T05:57:10+00:00\",\"dateModified\":\"2023-09-21T07:55:38+00:00\",\"breadcrumb\":{\"@id\":\"https:\/\/tuzlainfo.ba\/index.php\/novosti\/item\/217470-epilog-nesrece-u-solani-u-sudaru-dva-vozila-povrijedjeno-sedam-osoba\/#breadcrumb\"},\"inLanguage\":\"bs-BA\",\"potentialAction\":[{\"@type\":\"ReadAction\",\"target\":[\"https:\/\/tuzlainfo.ba\/index.php\/novosti\/item\/217470-epilog-nesrece-u-solani-u-sudaru-dva-vozila-povrijedjeno-sedam-osoba\/\"]}]},{\"@type\":\"ImageObject\",\"inLanguage\":\"bs-BA\",\"@id\":\"https:\/\/tuzlainfo.ba\/index.php\/novosti\/item\/217470-epilog-nesrece-u-solani-u-sudaru-dva-vozila-povrijedjeno-sedam-osoba\/#primaryimage\",\"url\":\"https:\/\/tuzlainfo.ba\/wp-content\/uploads\/2023\/09\/IMG_7215.jpeg\",\"contentUrl\":\"https:\/\/tuzlainfo.ba\/wp-content\/uploads\/2023\/09\/IMG_7215.jpeg\",\"width\":946,\"height\":656},{\"@type\":\"BreadcrumbList\",\"@id\":\"https:\/\/tuzlainfo.ba\/index.php\/novosti\/item\/217470-epilog-nesrece-u-solani-u-sudaru-dva-vozila-povrijedjeno-sedam-osoba\/#breadcrumb\",\"itemListElement\":[{\"@type\":\"ListItem\",\"position\":1,\"name\":\"Home\",\"item\":\"https:\/\/tuzlainfo.ba\/\"},{\"@type\":\"ListItem\",\"position\":2,\"name\":\"Epilog nesre\u0107e u Solani: U sudaru dva vozila povrije\u0111eno sedam osoba\"}]},{\"@type\":\"WebSite\",\"@id\":\"https:\/\/tuzlainfo.ba\/#website\",\"url\":\"https:\/\/tuzlainfo.ba\/\",\"name\":\"TuzlaInfo.ba\",\"description\":\"Tuzla info, gradski informator - Tuzla na dlanu\",\"publisher\":{\"@id\":\"https:\/\/tuzlainfo.ba\/#organization\"},\"potentialAction\":[{\"@type\":\"SearchAction\",\"target\":{\"@type\":\"EntryPoint\",\"urlTemplate\":\"https:\/\/tuzlainfo.ba\/?s={search_term_string}\"},\"query-input\":{\"@type\":\"PropertyValueSpecification\",\"valueRequired\":true,\"valueName\":\"search_term_string\"}}],\"inLanguage\":\"bs-BA\"},{\"@type\":\"Organization\",\"@id\":\"https:\/\/tuzlainfo.ba\/#organization\",\"name\":\"TuzlaInfo.ba\",\"url\":\"https:\/\/tuzlainfo.ba\/\",\"logo\":{\"@type\":\"ImageObject\",\"inLanguage\":\"bs-BA\",\"@id\":\"https:\/\/tuzlainfo.ba\/#\/schema\/logo\/image\/\",\"url\":\"https:\/\/tuzlainfo.ba\/wp-content\/uploads\/2021\/03\/logo-ver-3-1.png\",\"contentUrl\":\"https:\/\/tuzlainfo.ba\/wp-content\/uploads\/2021\/03\/logo-ver-3-1.png\",\"width\":350,\"height\":95,\"caption\":\"TuzlaInfo.ba\"},\"image\":{\"@id\":\"https:\/\/tuzlainfo.ba\/#\/schema\/logo\/image\/\"},\"sameAs\":[\"https:\/\/www.facebook.com\/tuzlainfo.ba\/\"]},{\"@type\":\"Person\",\"@id\":\"https:\/\/tuzlainfo.ba\/#\/schema\/person\/46cad4c57790cbc50781edd14870825a\",\"name\":\"Tuzla Info\",\"image\":{\"@type\":\"ImageObject\",\"inLanguage\":\"bs-BA\",\"@id\":\"https:\/\/tuzlainfo.ba\/#\/schema\/person\/image\/\",\"url\":\"https:\/\/tuzlainfo.ba\/wp-content\/litespeed\/avatar\/b6c453a6c38e3654f2e4416c643fc25c.jpg?ver=1777051911\",\"contentUrl\":\"https:\/\/tuzlainfo.ba\/wp-content\/litespeed\/avatar\/b6c453a6c38e3654f2e4416c643fc25c.jpg?ver=1777051911\",\"caption\":\"Tuzla Info\"}}]}<\/script>\n<!-- \/ Yoast SEO plugin. -->","yoast_head_json":{"title":"Epilog nesre\u0107e u Solani: U sudaru dva vozila povrije\u0111eno sedam osoba - TuzlaInfo.ba","robots":{"index":"index","follow":"follow","max-snippet":"max-snippet:-1","max-image-preview":"max-image-preview:large","max-video-preview":"max-video-preview:-1"},"canonical":"https:\/\/tuzlainfo.ba\/index.php\/novosti\/item\/217470-epilog-nesrece-u-solani-u-sudaru-dva-vozila-povrijedjeno-sedam-osoba\/","og_locale":"bs_BA","og_type":"article","og_title":"Epilog nesre\u0107e u Solani: U sudaru dva vozila povrije\u0111eno sedam osoba - TuzlaInfo.ba","og_description":"U te\u0161koj saobra\u0107ajnoj nesre\u0107i koja se dogodila rano jutros u Tuzli, povrije\u0111eno je sadam osoba,&hellip;","og_url":"https:\/\/tuzlainfo.ba\/index.php\/novosti\/item\/217470-epilog-nesrece-u-solani-u-sudaru-dva-vozila-povrijedjeno-sedam-osoba\/","og_site_name":"TuzlaInfo.ba","article_publisher":"https:\/\/www.facebook.com\/tuzlainfo.ba\/","article_published_time":"2023-09-21T05:57:10+00:00","article_modified_time":"2023-09-21T07:55:38+00:00","og_image":[{"width":946,"height":656,"url":"https:\/\/tuzlainfo.ba\/wp-content\/uploads\/2023\/09\/IMG_7215.jpeg","type":"image\/jpeg"}],"author":"Tuzla Info","twitter_card":"summary_large_image","twitter_misc":{"Written by":"Tuzla Info","Est. reading time":"1 minuta"},"schema":{"@context":"https:\/\/schema.org","@graph":[{"@type":"Article","@id":"https:\/\/tuzlainfo.ba\/index.php\/novosti\/item\/217470-epilog-nesrece-u-solani-u-sudaru-dva-vozila-povrijedjeno-sedam-osoba\/#article","isPartOf":{"@id":"https:\/\/tuzlainfo.ba\/index.php\/novosti\/item\/217470-epilog-nesrece-u-solani-u-sudaru-dva-vozila-povrijedjeno-sedam-osoba\/"},"author":{"name":"Tuzla Info","@id":"https:\/\/tuzlainfo.ba\/#\/schema\/person\/46cad4c57790cbc50781edd14870825a"},"headline":"Epilog nesre\u0107e u Solani: U sudaru dva vozila povrije\u0111eno sedam osoba","datePublished":"2023-09-21T05:57:10+00:00","dateModified":"2023-09-21T07:55:38+00:00","mainEntityOfPage":{"@id":"https:\/\/tuzlainfo.ba\/index.php\/novosti\/item\/217470-epilog-nesrece-u-solani-u-sudaru-dva-vozila-povrijedjeno-sedam-osoba\/"},"wordCount":195,"commentCount":0,"publisher":{"@id":"https:\/\/tuzlainfo.ba\/#organization"},"image":{"@id":"https:\/\/tuzlainfo.ba\/index.php\/novosti\/item\/217470-epilog-nesrece-u-solani-u-sudaru-dva-vozila-povrijedjeno-sedam-osoba\/#primaryimage"},"thumbnailUrl":"https:\/\/tuzlainfo.ba\/wp-content\/uploads\/2023\/09\/IMG_7215.jpeg","keywords":["saobracajna nesreca","tuzla"],"articleSection":["Istaknuto","Novosti"],"inLanguage":"bs-BA"},{"@type":"WebPage","@id":"https:\/\/tuzlainfo.ba\/index.php\/novosti\/item\/217470-epilog-nesrece-u-solani-u-sudaru-dva-vozila-povrijedjeno-sedam-osoba\/","url":"https:\/\/tuzlainfo.ba\/index.php\/novosti\/item\/217470-epilog-nesrece-u-solani-u-sudaru-dva-vozila-povrijedjeno-sedam-osoba\/","name":"Epilog nesre\u0107e u Solani: U sudaru dva vozila povrije\u0111eno sedam osoba - TuzlaInfo.ba","isPartOf":{"@id":"https:\/\/tuzlainfo.ba\/#website"},"primaryImageOfPage":{"@id":"https:\/\/tuzlainfo.ba\/index.php\/novosti\/item\/217470-epilog-nesrece-u-solani-u-sudaru-dva-vozila-povrijedjeno-sedam-osoba\/#primaryimage"},"image":{"@id":"https:\/\/tuzlainfo.ba\/index.php\/novosti\/item\/217470-epilog-nesrece-u-solani-u-sudaru-dva-vozila-povrijedjeno-sedam-osoba\/#primaryimage"},"thumbnailUrl":"https:\/\/tuzlainfo.ba\/wp-content\/uploads\/2023\/09\/IMG_7215.jpeg","datePublished":"2023-09-21T05:57:10+00:00","dateModified":"2023-09-21T07:55:38+00:00","breadcrumb":{"@id":"https:\/\/tuzlainfo.ba\/index.php\/novosti\/item\/217470-epilog-nesrece-u-solani-u-sudaru-dva-vozila-povrijedjeno-sedam-osoba\/#breadcrumb"},"inLanguage":"bs-BA","potentialAction":[{"@type":"ReadAction","target":["https:\/\/tuzlainfo.ba\/index.php\/novosti\/item\/217470-epilog-nesrece-u-solani-u-sudaru-dva-vozila-povrijedjeno-sedam-osoba\/"]}]},{"@type":"ImageObject","inLanguage":"bs-BA","@id":"https:\/\/tuzlainfo.ba\/index.php\/novosti\/item\/217470-epilog-nesrece-u-solani-u-sudaru-dva-vozila-povrijedjeno-sedam-osoba\/#primaryimage","url":"https:\/\/tuzlainfo.ba\/wp-content\/uploads\/2023\/09\/IMG_7215.jpeg","contentUrl":"https:\/\/tuzlainfo.ba\/wp-content\/uploads\/2023\/09\/IMG_7215.jpeg","width":946,"height":656},{"@type":"BreadcrumbList","@id":"https:\/\/tuzlainfo.ba\/index.php\/novosti\/item\/217470-epilog-nesrece-u-solani-u-sudaru-dva-vozila-povrijedjeno-sedam-osoba\/#breadcrumb","itemListElement":[{"@type":"ListItem","position":1,"name":"Home","item":"https:\/\/tuzlainfo.ba\/"},{"@type":"ListItem","position":2,"name":"Epilog nesre\u0107e u Solani: U sudaru dva vozila povrije\u0111eno sedam osoba"}]},{"@type":"WebSite","@id":"https:\/\/tuzlainfo.ba\/#website","url":"https:\/\/tuzlainfo.ba\/","name":"TuzlaInfo.ba","description":"Tuzla info, gradski informator - Tuzla na dlanu","publisher":{"@id":"https:\/\/tuzlainfo.ba\/#organization"},"potentialAction":[{"@type":"SearchAction","target":{"@type":"EntryPoint","urlTemplate":"https:\/\/tuzlainfo.ba\/?s={search_term_string}"},"query-input":{"@type":"PropertyValueSpecification","valueRequired":true,"valueName":"search_term_string"}}],"inLanguage":"bs-BA"},{"@type":"Organization","@id":"https:\/\/tuzlainfo.ba\/#organization","name":"TuzlaInfo.ba","url":"https:\/\/tuzlainfo.ba\/","logo":{"@type":"ImageObject","inLanguage":"bs-BA","@id":"https:\/\/tuzlainfo.ba\/#\/schema\/logo\/image\/","url":"https:\/\/tuzlainfo.ba\/wp-content\/uploads\/2021\/03\/logo-ver-3-1.png","contentUrl":"https:\/\/tuzlainfo.ba\/wp-content\/uploads\/2021\/03\/logo-ver-3-1.png","width":350,"height":95,"caption":"TuzlaInfo.ba"},"image":{"@id":"https:\/\/tuzlainfo.ba\/#\/schema\/logo\/image\/"},"sameAs":["https:\/\/www.facebook.com\/tuzlainfo.ba\/"]},{"@type":"Person","@id":"https:\/\/tuzlainfo.ba\/#\/schema\/person\/46cad4c57790cbc50781edd14870825a","name":"Tuzla Info","image":{"@type":"ImageObject","inLanguage":"bs-BA","@id":"https:\/\/tuzlainfo.ba\/#\/schema\/person\/image\/","url":"https:\/\/tuzlainfo.ba\/wp-content\/litespeed\/avatar\/b6c453a6c38e3654f2e4416c643fc25c.jpg?ver=1777051911","contentUrl":"https:\/\/tuzlainfo.ba\/wp-content\/litespeed\/avatar\/b6c453a6c38e3654f2e4416c643fc25c.jpg?ver=1777051911","caption":"Tuzla Info"}}]}},"_links":{"self":[{"href":"https:\/\/tuzlainfo.ba\/index.php\/wp-json\/wp\/v2\/posts\/217470"}],"collection":[{"href":"https:\/\/tuzlainfo.ba\/index.php\/wp-json\/wp\/v2\/posts"}],"about":[{"href":"https:\/\/tuzlainfo.ba\/index.php\/wp-json\/wp\/v2\/types\/post"}],"author":[{"embeddable":true,"href":"https:\/\/tuzlainfo.ba\/index.php\/wp-json\/wp\/v2\/users\/4"}],"replies":[{"embeddable":true,"href":"https:\/\/tuzlainfo.ba\/index.php\/wp-json\/wp\/v2\/comments?post=217470"}],"version-history":[{"count":7,"href":"https:\/\/tuzlainfo.ba\/index.php\/wp-json\/wp\/v2\/posts\/217470\/revisions"}],"predecessor-version":[{"id":217495,"href":"https:\/\/tuzlainfo.ba\/index.php\/wp-json\/wp\/v2\/posts\/217470\/revisions\/217495"}],"wp:featuredmedia":[{"embeddable":true,"href":"https:\/\/tuzlainfo.ba\/index.php\/wp-json\/wp\/v2\/media\/217471"}],"wp:attachment":[{"href":"https:\/\/tuzlainfo.ba\/index.php\/wp-json\/wp\/v2\/media?parent=217470"}],"wp:term":[{"taxonomy":"category","embeddable":true,"href":"https:\/\/tuzlainfo.ba\/index.php\/wp-json\/wp\/v2\/categories?post=217470"},{"taxonomy":"post_tag","embeddable":true,"href":"https:\/\/tuzlainfo.ba\/index.php\/wp-json\/wp\/v2\/tags?post=217470"}],"curies":[{"name":"wp","href":"https:\/\/api.w.org\/{rel}","templated":true}]}}