{"id":217449,"date":"2023-09-20T19:23:32","date_gmt":"2023-09-20T17:23:32","guid":{"rendered":"https:\/\/tuzlainfo.ba\/?p=217449"},"modified":"2023-09-20T19:23:32","modified_gmt":"2023-09-20T17:23:32","slug":"od-njegovog-osnivanja-vlada-tk-sistemski-podrzava-rad-memorijalnog-centra-u-potocarima","status":"publish","type":"post","link":"https:\/\/tuzlainfo.ba\/index.php\/novosti\/item\/217449-od-njegovog-osnivanja-vlada-tk-sistemski-podrzava-rad-memorijalnog-centra-u-potocarima\/","title":{"rendered":"Od njegovog osnivanja: Vlada TK sistemski podr\u017eava rad Memorijalnog centra u Poto\u010darima"},"content":{"rendered":"<p>Prije 20 godina otvoren je Memorijalni centar u Poto\u010darima kod Srebrenice. Dana\u0161njem obilje\u017eavanju ovog jubileja pristustvovao je i premijer Tuzlanskog kantona Irfan Halilagi\u0107 sa ministrima u Vladi Tuzlanskog kantona.<\/p>\n<p>\u201eDanas, 20 godina nakon otvorenja Memorijalnog centra, milijardi stranica napisanih i snimljenih svjedo\u010denja, materijalnih i nematerijalnih dokaza, vi\u0161e od 6.700 mezara, a \u0161to je sve zaklju\u010deno i brojnim presudama me\u0111unarodnih i doma\u0107ih sudova, mi na\u017ealost imamo osobe koje negiraju karakter po\u010dinjenog genocida nad Bo\u0161njacima za\u0161ti\u0107ene zone UN-a u Srebrenici. To je pora\u017eavaju\u0107a \u010dinjenica za dana\u0161nje dru\u0161tvo, ali \u010dinjenica koja pred sve nas stavlja ve\u0107u imperativnu obavezu da podr\u017eavamo rad i aktivnostim Memorijalnog centra u Poto\u010darima, kao institucije koja se na sistemati\u010dan na\u010din prikuplja, pohranjuje i javnosti prezentira sve ono \u0161to se de\u0161avalo u Srebrenici i oko Srebrenice u julu i augustu 1995. godine\u201c, rekao je premijer Tuzlanskog kantona Irfan Halilagi\u0107.<\/p>\n<p>Tako\u0111er, premijer Halilagi\u0107 je u svom obra\u0107anju medijima istaknuo da Vlada Tuzlanskog kantona svake godine u kontinuitetu podr\u017eava rad Memorijalnog centra.<\/p>\n<p>\u201eOve godine je Vlada Tuzlanskog kantona, prepoznavaju\u0107i zna\u010daj rada ove institucije, za realizaciju projekta \u201eGenocid kroz usmenu historiju\u201c, kao nastavak ranije realiziranog projekta \u201eUsmena historija i pri\u010de za budu\u0107nost\u201c Memorijalnom centru u Srebrenici osigurala 80.000 KM, te dodatnih 15.000 KM za godi\u0161njicu genocida nad Bo\u0161njacima \u201eSigurne zone UN-a\u201c, istaknuo je Halilagi\u0107.<\/p>\n<p>Podsje\u0107amo, radi se o projektima snimanja svjedo\u010danstava o zbivanjima i Srebrenici 1995. godine .<\/p>\n<p>\u201eIznimno je va\u017eno da svjedo\u010denja pre\u017eivjelih, kojih je na\u017ealost zbog njihove starosti i neminovnog umiranja sve manje, budu dokumentirana, pohranjena i dostupna doma\u0107im i svjetskim istra\u017eiva\u010dima koji istra\u017euju genocid po\u010dinjen u Srebrenici. Zahvalni smo Memorijalnom centru \u0161to neumorno rade na \u010duvanju i \u0161irenju istine, to je trajni zalog generacijama koje dolaze. U tom svjetlu zahvalni smo i svim ostalim nau\u010dnicima, stru\u010dnjacima, ali i drugim entuzijastima koji sara\u0111uju sa Centrom, istra\u017euju, pohranjuju i prezentiraju istinu i \u010dinjenice o genocidu\u201c, stav je premijera Halilagi\u0107a.<\/p>\n<p>Premijer Halilagi\u0107 susreo se danas i sa \u201eMajkama Srebrenice\u201c. U srda\u010dnom razgovoru premijer Halilagi\u0107 ih je upoznao sa aktivnostima Vlade TK, kako na podr\u0161ci Memorijalnom centru, tako i projektima podr\u0161ke povratnicima u Srebrenicu. U tom smjeru prihva\u0107en je i tekst Sporazuma o saradnji izme\u0111u Vlade Tuzlanskog kantona i Op\u0161tine Srebrenica, kao va\u017ean preduslov za promociju, unaprije\u0111enje saradnje i zajedni\u0161tva me\u0111u gra\u0111anima Bosne i Hercegovine.<\/p>\n<p>\u201ePrema ovom Sporazumu Vlada Tuzlanskog kantona \u0107e nastojati da, u skladu sa raspolo\u017eivim finansijskim sredstvima, u svom bud\u017eetu obezbijedi konkretnu finansijsku podr\u0161ku op\u0161tini Srebrenica, za projekte pomo\u0107i povratnicima kroz izgradnju i razvoj infrastrukture, odr\u017eivog povratka i obilje\u017eavanja godi\u0161njica genocida\u201c, zaklju\u010dio je Halilagi\u0107.<\/p>\n","protected":false},"excerpt":{"rendered":"<p>Prije 20 godina otvoren je Memorijalni centar u Poto\u010darima kod Srebrenice. Dana\u0161njem obilje\u017eavanju ovog jubileja&hellip;<\/p>\n","protected":false},"author":2,"featured_media":217450,"comment_status":"open","ping_status":"closed","sticky":false,"template":"","format":"standard","meta":{"_acf_changed":false,"footnotes":""},"categories":[12],"tags":[783,336],"acf":[],"yoast_head":"<!-- This site is optimized with the Yoast SEO plugin v23.5 - https:\/\/yoast.com\/wordpress\/plugins\/seo\/ -->\n<title>Od njegovog osnivanja: Vlada TK sistemski podr\u017eava rad Memorijalnog centra u Poto\u010darima - TuzlaInfo.ba<\/title>\n<meta name=\"robots\" content=\"index, follow, max-snippet:-1, max-image-preview:large, max-video-preview:-1\" \/>\n<link rel=\"canonical\" href=\"https:\/\/tuzlainfo.ba\/index.php\/novosti\/item\/217449-od-njegovog-osnivanja-vlada-tk-sistemski-podrzava-rad-memorijalnog-centra-u-potocarima\/\" \/>\n<meta property=\"og:locale\" content=\"bs_BA\" \/>\n<meta property=\"og:type\" content=\"article\" \/>\n<meta property=\"og:title\" content=\"Od njegovog osnivanja: Vlada TK sistemski podr\u017eava rad Memorijalnog centra u Poto\u010darima - TuzlaInfo.ba\" \/>\n<meta property=\"og:description\" content=\"Prije 20 godina otvoren je Memorijalni centar u Poto\u010darima kod Srebrenice. Dana\u0161njem obilje\u017eavanju ovog jubileja&hellip;\" \/>\n<meta property=\"og:url\" content=\"https:\/\/tuzlainfo.ba\/index.php\/novosti\/item\/217449-od-njegovog-osnivanja-vlada-tk-sistemski-podrzava-rad-memorijalnog-centra-u-potocarima\/\" \/>\n<meta property=\"og:site_name\" content=\"TuzlaInfo.ba\" \/>\n<meta property=\"article:publisher\" content=\"https:\/\/www.facebook.com\/tuzlainfo.ba\/\" \/>\n<meta property=\"article:published_time\" content=\"2023-09-20T17:23:32+00:00\" \/>\n<meta property=\"og:image\" content=\"https:\/\/tuzlainfo.ba\/wp-content\/uploads\/2023\/09\/2009_konf.jpg\" \/>\n\t<meta property=\"og:image:width\" content=\"1000\" \/>\n\t<meta property=\"og:image:height\" content=\"750\" \/>\n\t<meta property=\"og:image:type\" content=\"image\/jpeg\" \/>\n<meta name=\"author\" content=\"nedim\" \/>\n<meta name=\"twitter:card\" content=\"summary_large_image\" \/>\n<meta name=\"twitter:label1\" content=\"Written by\" \/>\n\t<meta name=\"twitter:data1\" content=\"nedim\" \/>\n\t<meta name=\"twitter:label2\" content=\"Est. reading time\" \/>\n\t<meta name=\"twitter:data2\" content=\"2 minute\" \/>\n<script type=\"application\/ld+json\" class=\"yoast-schema-graph\">{\"@context\":\"https:\/\/schema.org\",\"@graph\":[{\"@type\":\"Article\",\"@id\":\"https:\/\/tuzlainfo.ba\/index.php\/novosti\/item\/217449-od-njegovog-osnivanja-vlada-tk-sistemski-podrzava-rad-memorijalnog-centra-u-potocarima\/#article\",\"isPartOf\":{\"@id\":\"https:\/\/tuzlainfo.ba\/index.php\/novosti\/item\/217449-od-njegovog-osnivanja-vlada-tk-sistemski-podrzava-rad-memorijalnog-centra-u-potocarima\/\"},\"author\":{\"name\":\"nedim\",\"@id\":\"https:\/\/tuzlainfo.ba\/#\/schema\/person\/f434e20dc27ea133923aab08451b7f7f\"},\"headline\":\"Od njegovog osnivanja: Vlada TK sistemski podr\u017eava rad Memorijalnog centra u Poto\u010darima\",\"datePublished\":\"2023-09-20T17:23:32+00:00\",\"dateModified\":\"2023-09-20T17:23:32+00:00\",\"mainEntityOfPage\":{\"@id\":\"https:\/\/tuzlainfo.ba\/index.php\/novosti\/item\/217449-od-njegovog-osnivanja-vlada-tk-sistemski-podrzava-rad-memorijalnog-centra-u-potocarima\/\"},\"wordCount\":487,\"commentCount\":0,\"publisher\":{\"@id\":\"https:\/\/tuzlainfo.ba\/#organization\"},\"image\":{\"@id\":\"https:\/\/tuzlainfo.ba\/index.php\/novosti\/item\/217449-od-njegovog-osnivanja-vlada-tk-sistemski-podrzava-rad-memorijalnog-centra-u-potocarima\/#primaryimage\"},\"thumbnailUrl\":\"https:\/\/tuzlainfo.ba\/wp-content\/uploads\/2023\/09\/2009_konf.jpg\",\"keywords\":[\"memorijalni centar srebrenica\",\"vlada tk\"],\"articleSection\":[\"Novosti\"],\"inLanguage\":\"bs-BA\"},{\"@type\":\"WebPage\",\"@id\":\"https:\/\/tuzlainfo.ba\/index.php\/novosti\/item\/217449-od-njegovog-osnivanja-vlada-tk-sistemski-podrzava-rad-memorijalnog-centra-u-potocarima\/\",\"url\":\"https:\/\/tuzlainfo.ba\/index.php\/novosti\/item\/217449-od-njegovog-osnivanja-vlada-tk-sistemski-podrzava-rad-memorijalnog-centra-u-potocarima\/\",\"name\":\"Od njegovog osnivanja: Vlada TK sistemski podr\u017eava rad Memorijalnog centra u Poto\u010darima - TuzlaInfo.ba\",\"isPartOf\":{\"@id\":\"https:\/\/tuzlainfo.ba\/#website\"},\"primaryImageOfPage\":{\"@id\":\"https:\/\/tuzlainfo.ba\/index.php\/novosti\/item\/217449-od-njegovog-osnivanja-vlada-tk-sistemski-podrzava-rad-memorijalnog-centra-u-potocarima\/#primaryimage\"},\"image\":{\"@id\":\"https:\/\/tuzlainfo.ba\/index.php\/novosti\/item\/217449-od-njegovog-osnivanja-vlada-tk-sistemski-podrzava-rad-memorijalnog-centra-u-potocarima\/#primaryimage\"},\"thumbnailUrl\":\"https:\/\/tuzlainfo.ba\/wp-content\/uploads\/2023\/09\/2009_konf.jpg\",\"datePublished\":\"2023-09-20T17:23:32+00:00\",\"dateModified\":\"2023-09-20T17:23:32+00:00\",\"breadcrumb\":{\"@id\":\"https:\/\/tuzlainfo.ba\/index.php\/novosti\/item\/217449-od-njegovog-osnivanja-vlada-tk-sistemski-podrzava-rad-memorijalnog-centra-u-potocarima\/#breadcrumb\"},\"inLanguage\":\"bs-BA\",\"potentialAction\":[{\"@type\":\"ReadAction\",\"target\":[\"https:\/\/tuzlainfo.ba\/index.php\/novosti\/item\/217449-od-njegovog-osnivanja-vlada-tk-sistemski-podrzava-rad-memorijalnog-centra-u-potocarima\/\"]}]},{\"@type\":\"ImageObject\",\"inLanguage\":\"bs-BA\",\"@id\":\"https:\/\/tuzlainfo.ba\/index.php\/novosti\/item\/217449-od-njegovog-osnivanja-vlada-tk-sistemski-podrzava-rad-memorijalnog-centra-u-potocarima\/#primaryimage\",\"url\":\"https:\/\/tuzlainfo.ba\/wp-content\/uploads\/2023\/09\/2009_konf.jpg\",\"contentUrl\":\"https:\/\/tuzlainfo.ba\/wp-content\/uploads\/2023\/09\/2009_konf.jpg\",\"width\":1000,\"height\":750},{\"@type\":\"BreadcrumbList\",\"@id\":\"https:\/\/tuzlainfo.ba\/index.php\/novosti\/item\/217449-od-njegovog-osnivanja-vlada-tk-sistemski-podrzava-rad-memorijalnog-centra-u-potocarima\/#breadcrumb\",\"itemListElement\":[{\"@type\":\"ListItem\",\"position\":1,\"name\":\"Home\",\"item\":\"https:\/\/tuzlainfo.ba\/\"},{\"@type\":\"ListItem\",\"position\":2,\"name\":\"Od njegovog osnivanja: Vlada TK sistemski podr\u017eava rad Memorijalnog centra u Poto\u010darima\"}]},{\"@type\":\"WebSite\",\"@id\":\"https:\/\/tuzlainfo.ba\/#website\",\"url\":\"https:\/\/tuzlainfo.ba\/\",\"name\":\"TuzlaInfo.ba\",\"description\":\"Tuzla info, gradski informator - Tuzla na dlanu\",\"publisher\":{\"@id\":\"https:\/\/tuzlainfo.ba\/#organization\"},\"potentialAction\":[{\"@type\":\"SearchAction\",\"target\":{\"@type\":\"EntryPoint\",\"urlTemplate\":\"https:\/\/tuzlainfo.ba\/?s={search_term_string}\"},\"query-input\":{\"@type\":\"PropertyValueSpecification\",\"valueRequired\":true,\"valueName\":\"search_term_string\"}}],\"inLanguage\":\"bs-BA\"},{\"@type\":\"Organization\",\"@id\":\"https:\/\/tuzlainfo.ba\/#organization\",\"name\":\"TuzlaInfo.ba\",\"url\":\"https:\/\/tuzlainfo.ba\/\",\"logo\":{\"@type\":\"ImageObject\",\"inLanguage\":\"bs-BA\",\"@id\":\"https:\/\/tuzlainfo.ba\/#\/schema\/logo\/image\/\",\"url\":\"https:\/\/tuzlainfo.ba\/wp-content\/uploads\/2021\/03\/logo-ver-3-1.png\",\"contentUrl\":\"https:\/\/tuzlainfo.ba\/wp-content\/uploads\/2021\/03\/logo-ver-3-1.png\",\"width\":350,\"height\":95,\"caption\":\"TuzlaInfo.ba\"},\"image\":{\"@id\":\"https:\/\/tuzlainfo.ba\/#\/schema\/logo\/image\/\"},\"sameAs\":[\"https:\/\/www.facebook.com\/tuzlainfo.ba\/\"]},{\"@type\":\"Person\",\"@id\":\"https:\/\/tuzlainfo.ba\/#\/schema\/person\/f434e20dc27ea133923aab08451b7f7f\",\"name\":\"nedim\",\"image\":{\"@type\":\"ImageObject\",\"inLanguage\":\"bs-BA\",\"@id\":\"https:\/\/tuzlainfo.ba\/#\/schema\/person\/image\/\",\"url\":\"https:\/\/tuzlainfo.ba\/wp-content\/litespeed\/avatar\/aabad687af24844af817603ac1cbdc4f.jpg?ver=1777306975\",\"contentUrl\":\"https:\/\/tuzlainfo.ba\/wp-content\/litespeed\/avatar\/aabad687af24844af817603ac1cbdc4f.jpg?ver=1777306975\",\"caption\":\"nedim\"},\"description\":\"Tuzlainfo.ba pratite na dru\u0161tvenim mre\u017eama: Facebook, Instagram i Youtube. Svoje pri\u010de, upite i fotografije \u0161aljite na na\u0161u e-mail adresu.\"}]}<\/script>\n<!-- \/ Yoast SEO plugin. -->","yoast_head_json":{"title":"Od njegovog osnivanja: Vlada TK sistemski podr\u017eava rad Memorijalnog centra u Poto\u010darima - TuzlaInfo.ba","robots":{"index":"index","follow":"follow","max-snippet":"max-snippet:-1","max-image-preview":"max-image-preview:large","max-video-preview":"max-video-preview:-1"},"canonical":"https:\/\/tuzlainfo.ba\/index.php\/novosti\/item\/217449-od-njegovog-osnivanja-vlada-tk-sistemski-podrzava-rad-memorijalnog-centra-u-potocarima\/","og_locale":"bs_BA","og_type":"article","og_title":"Od njegovog osnivanja: Vlada TK sistemski podr\u017eava rad Memorijalnog centra u Poto\u010darima - TuzlaInfo.ba","og_description":"Prije 20 godina otvoren je Memorijalni centar u Poto\u010darima kod Srebrenice. Dana\u0161njem obilje\u017eavanju ovog jubileja&hellip;","og_url":"https:\/\/tuzlainfo.ba\/index.php\/novosti\/item\/217449-od-njegovog-osnivanja-vlada-tk-sistemski-podrzava-rad-memorijalnog-centra-u-potocarima\/","og_site_name":"TuzlaInfo.ba","article_publisher":"https:\/\/www.facebook.com\/tuzlainfo.ba\/","article_published_time":"2023-09-20T17:23:32+00:00","og_image":[{"width":1000,"height":750,"url":"https:\/\/tuzlainfo.ba\/wp-content\/uploads\/2023\/09\/2009_konf.jpg","type":"image\/jpeg"}],"author":"nedim","twitter_card":"summary_large_image","twitter_misc":{"Written by":"nedim","Est. reading time":"2 minute"},"schema":{"@context":"https:\/\/schema.org","@graph":[{"@type":"Article","@id":"https:\/\/tuzlainfo.ba\/index.php\/novosti\/item\/217449-od-njegovog-osnivanja-vlada-tk-sistemski-podrzava-rad-memorijalnog-centra-u-potocarima\/#article","isPartOf":{"@id":"https:\/\/tuzlainfo.ba\/index.php\/novosti\/item\/217449-od-njegovog-osnivanja-vlada-tk-sistemski-podrzava-rad-memorijalnog-centra-u-potocarima\/"},"author":{"name":"nedim","@id":"https:\/\/tuzlainfo.ba\/#\/schema\/person\/f434e20dc27ea133923aab08451b7f7f"},"headline":"Od njegovog osnivanja: Vlada TK sistemski podr\u017eava rad Memorijalnog centra u Poto\u010darima","datePublished":"2023-09-20T17:23:32+00:00","dateModified":"2023-09-20T17:23:32+00:00","mainEntityOfPage":{"@id":"https:\/\/tuzlainfo.ba\/index.php\/novosti\/item\/217449-od-njegovog-osnivanja-vlada-tk-sistemski-podrzava-rad-memorijalnog-centra-u-potocarima\/"},"wordCount":487,"commentCount":0,"publisher":{"@id":"https:\/\/tuzlainfo.ba\/#organization"},"image":{"@id":"https:\/\/tuzlainfo.ba\/index.php\/novosti\/item\/217449-od-njegovog-osnivanja-vlada-tk-sistemski-podrzava-rad-memorijalnog-centra-u-potocarima\/#primaryimage"},"thumbnailUrl":"https:\/\/tuzlainfo.ba\/wp-content\/uploads\/2023\/09\/2009_konf.jpg","keywords":["memorijalni centar srebrenica","vlada tk"],"articleSection":["Novosti"],"inLanguage":"bs-BA"},{"@type":"WebPage","@id":"https:\/\/tuzlainfo.ba\/index.php\/novosti\/item\/217449-od-njegovog-osnivanja-vlada-tk-sistemski-podrzava-rad-memorijalnog-centra-u-potocarima\/","url":"https:\/\/tuzlainfo.ba\/index.php\/novosti\/item\/217449-od-njegovog-osnivanja-vlada-tk-sistemski-podrzava-rad-memorijalnog-centra-u-potocarima\/","name":"Od njegovog osnivanja: Vlada TK sistemski podr\u017eava rad Memorijalnog centra u Poto\u010darima - TuzlaInfo.ba","isPartOf":{"@id":"https:\/\/tuzlainfo.ba\/#website"},"primaryImageOfPage":{"@id":"https:\/\/tuzlainfo.ba\/index.php\/novosti\/item\/217449-od-njegovog-osnivanja-vlada-tk-sistemski-podrzava-rad-memorijalnog-centra-u-potocarima\/#primaryimage"},"image":{"@id":"https:\/\/tuzlainfo.ba\/index.php\/novosti\/item\/217449-od-njegovog-osnivanja-vlada-tk-sistemski-podrzava-rad-memorijalnog-centra-u-potocarima\/#primaryimage"},"thumbnailUrl":"https:\/\/tuzlainfo.ba\/wp-content\/uploads\/2023\/09\/2009_konf.jpg","datePublished":"2023-09-20T17:23:32+00:00","dateModified":"2023-09-20T17:23:32+00:00","breadcrumb":{"@id":"https:\/\/tuzlainfo.ba\/index.php\/novosti\/item\/217449-od-njegovog-osnivanja-vlada-tk-sistemski-podrzava-rad-memorijalnog-centra-u-potocarima\/#breadcrumb"},"inLanguage":"bs-BA","potentialAction":[{"@type":"ReadAction","target":["https:\/\/tuzlainfo.ba\/index.php\/novosti\/item\/217449-od-njegovog-osnivanja-vlada-tk-sistemski-podrzava-rad-memorijalnog-centra-u-potocarima\/"]}]},{"@type":"ImageObject","inLanguage":"bs-BA","@id":"https:\/\/tuzlainfo.ba\/index.php\/novosti\/item\/217449-od-njegovog-osnivanja-vlada-tk-sistemski-podrzava-rad-memorijalnog-centra-u-potocarima\/#primaryimage","url":"https:\/\/tuzlainfo.ba\/wp-content\/uploads\/2023\/09\/2009_konf.jpg","contentUrl":"https:\/\/tuzlainfo.ba\/wp-content\/uploads\/2023\/09\/2009_konf.jpg","width":1000,"height":750},{"@type":"BreadcrumbList","@id":"https:\/\/tuzlainfo.ba\/index.php\/novosti\/item\/217449-od-njegovog-osnivanja-vlada-tk-sistemski-podrzava-rad-memorijalnog-centra-u-potocarima\/#breadcrumb","itemListElement":[{"@type":"ListItem","position":1,"name":"Home","item":"https:\/\/tuzlainfo.ba\/"},{"@type":"ListItem","position":2,"name":"Od njegovog osnivanja: Vlada TK sistemski podr\u017eava rad Memorijalnog centra u Poto\u010darima"}]},{"@type":"WebSite","@id":"https:\/\/tuzlainfo.ba\/#website","url":"https:\/\/tuzlainfo.ba\/","name":"TuzlaInfo.ba","description":"Tuzla info, gradski informator - Tuzla na dlanu","publisher":{"@id":"https:\/\/tuzlainfo.ba\/#organization"},"potentialAction":[{"@type":"SearchAction","target":{"@type":"EntryPoint","urlTemplate":"https:\/\/tuzlainfo.ba\/?s={search_term_string}"},"query-input":{"@type":"PropertyValueSpecification","valueRequired":true,"valueName":"search_term_string"}}],"inLanguage":"bs-BA"},{"@type":"Organization","@id":"https:\/\/tuzlainfo.ba\/#organization","name":"TuzlaInfo.ba","url":"https:\/\/tuzlainfo.ba\/","logo":{"@type":"ImageObject","inLanguage":"bs-BA","@id":"https:\/\/tuzlainfo.ba\/#\/schema\/logo\/image\/","url":"https:\/\/tuzlainfo.ba\/wp-content\/uploads\/2021\/03\/logo-ver-3-1.png","contentUrl":"https:\/\/tuzlainfo.ba\/wp-content\/uploads\/2021\/03\/logo-ver-3-1.png","width":350,"height":95,"caption":"TuzlaInfo.ba"},"image":{"@id":"https:\/\/tuzlainfo.ba\/#\/schema\/logo\/image\/"},"sameAs":["https:\/\/www.facebook.com\/tuzlainfo.ba\/"]},{"@type":"Person","@id":"https:\/\/tuzlainfo.ba\/#\/schema\/person\/f434e20dc27ea133923aab08451b7f7f","name":"nedim","image":{"@type":"ImageObject","inLanguage":"bs-BA","@id":"https:\/\/tuzlainfo.ba\/#\/schema\/person\/image\/","url":"https:\/\/tuzlainfo.ba\/wp-content\/litespeed\/avatar\/aabad687af24844af817603ac1cbdc4f.jpg?ver=1777306975","contentUrl":"https:\/\/tuzlainfo.ba\/wp-content\/litespeed\/avatar\/aabad687af24844af817603ac1cbdc4f.jpg?ver=1777306975","caption":"nedim"},"description":"Tuzlainfo.ba pratite na dru\u0161tvenim mre\u017eama: Facebook, Instagram i Youtube. Svoje pri\u010de, upite i fotografije \u0161aljite na na\u0161u e-mail adresu."}]}},"_links":{"self":[{"href":"https:\/\/tuzlainfo.ba\/index.php\/wp-json\/wp\/v2\/posts\/217449"}],"collection":[{"href":"https:\/\/tuzlainfo.ba\/index.php\/wp-json\/wp\/v2\/posts"}],"about":[{"href":"https:\/\/tuzlainfo.ba\/index.php\/wp-json\/wp\/v2\/types\/post"}],"author":[{"embeddable":true,"href":"https:\/\/tuzlainfo.ba\/index.php\/wp-json\/wp\/v2\/users\/2"}],"replies":[{"embeddable":true,"href":"https:\/\/tuzlainfo.ba\/index.php\/wp-json\/wp\/v2\/comments?post=217449"}],"version-history":[{"count":1,"href":"https:\/\/tuzlainfo.ba\/index.php\/wp-json\/wp\/v2\/posts\/217449\/revisions"}],"predecessor-version":[{"id":217451,"href":"https:\/\/tuzlainfo.ba\/index.php\/wp-json\/wp\/v2\/posts\/217449\/revisions\/217451"}],"wp:featuredmedia":[{"embeddable":true,"href":"https:\/\/tuzlainfo.ba\/index.php\/wp-json\/wp\/v2\/media\/217450"}],"wp:attachment":[{"href":"https:\/\/tuzlainfo.ba\/index.php\/wp-json\/wp\/v2\/media?parent=217449"}],"wp:term":[{"taxonomy":"category","embeddable":true,"href":"https:\/\/tuzlainfo.ba\/index.php\/wp-json\/wp\/v2\/categories?post=217449"},{"taxonomy":"post_tag","embeddable":true,"href":"https:\/\/tuzlainfo.ba\/index.php\/wp-json\/wp\/v2\/tags?post=217449"}],"curies":[{"name":"wp","href":"https:\/\/api.w.org\/{rel}","templated":true}]}}