{"id":217307,"date":"2023-09-19T17:08:16","date_gmt":"2023-09-19T15:08:16","guid":{"rendered":"https:\/\/tuzlainfo.ba\/?p=217307"},"modified":"2023-09-19T14:01:25","modified_gmt":"2023-09-19T12:01:25","slug":"brojne-aktivnosti-povodom-2-oktobra-najavljen-i-koncert-tuzli-s-ljubavlju","status":"publish","type":"post","link":"https:\/\/tuzlainfo.ba\/index.php\/uncategorized\/item\/217307-brojne-aktivnosti-povodom-2-oktobra-najavljen-i-koncert-tuzli-s-ljubavlju\/","title":{"rendered":"Brojne aktivnosti povodom 2. oktobra, najavljen i koncert \u201cTuzli s ljubavlju\u201d"},"content":{"rendered":"<p>U povodu obilje\u017eavanja Drugog oktobra i 80. godi\u0161njice oslobo\u0111enja Tuzle, ju\u010der je u Gradskoj upravi Tuzle odr\u017ean sastanak Organizacionog odbora, koji je okupio predstavnike preduze\u0107a, ustanova, institucija i udru\u017eenja, anga\u017eovanih u organizaciji ovog zna\u010dajnog doga\u0111aja. Drugi oktobar \u0107e zauvijek ostati duboko urezan u kolektivno pam\u0107enje Tuzle, jer je upravo tog dana 1943. godine, Tuzla postala prvi oslobo\u0111eni grad u porobljenoj Evropi.<\/p>\n<p>Na sastanku Organizacionog odbora, razgovaralo se o nizu aktivnosti koje \u0107e se realizovati u povodu obilje\u017eavanja Dana oslobo\u0111enja grada, koje su planirane za prvi i drugi oktobar ove godine. Pored u\u010de\u0161\u0107a gra\u0111ana i gra\u0111anki Tuzle i susjednih gradova i op\u0107ina, te predstavnika lokalnih i vi\u0161ih nivoa vlasti, o\u010dekuje se i dolazak brojnih delegacija iz gradova prijatelja Grada Tuzle iz drugih zemalja, kao i iz Bosne i Hercegovine.<\/p>\n<p>Programom obilje\u017eavanja je ve\u0107 prvog oktobra planiran je niz aktivnosti, a najva\u017eniji doga\u0111aj bit \u0107e sve\u010dano otvorenje Spomen-parka branilaca grada i spomenika braniocima Tuzle i BiH \u2013 15. maj, na Br\u010danskoj Malti (Ul \u00a0Armije RBiH) u 11.00 sati.<\/p>\n<p>Gradona\u010delnik Tuzle Zijad Lugavi\u0107, prezentovao je \u010dlanovima Organizacionog odbora i ostale planirane aktivnosti tokom ova dva dana, kao \u0161to su polaganje cvije\u0107a i odavanje po\u010dasti \u017ertvama na Kapiji i obilazak grada sa delegacijama i gostima.<\/p>\n<p>Posebno je istaknuta organizacija koncerta \u201cTuzli s ljubavlju\u201d, na kojem \u0107e nastupiti brojni tuzlanski umjetnici koji su opjevali Tuzlu u svojim pjesmama. Koncert \u201cTuzli s ljubavlju\u201d \u0107e biti organizovan u nedjelju, 1.10. na Trgu slobode, sa po\u010detkom u 19.30 sati. Gradona\u010delnik se ovom prilikom zahvalio svim muzi\u010dkim umjetnicima koji su u zadnjih nekoliko decenija svoju ljubav prema Tuzli preto\u010dili u pjesme i koji su se rado odazvali da nastupe na koncertu i zajedno sa gra\u0111anima Tuzle proslave Dan oslobo\u0111enja.<\/p>\n<p>U ponedjeljak, drugog oktobra \u0107e se odvijati protokolarne aktivnosti, \u00a0polaganje cvije\u0107a i odavanje po\u0161tovanja braniocima Tuzle i BiH i civilnim \u017ertvama rata, u 11.00 sati na Slanoj banji, te Sve\u010dana sjednica Gradskog vije\u0107a Grada Tuzle, u 12.00 satu u Narodnom pozori\u0161tu Tuzla.<\/p>\n<p>\u010clanovi Organizacionog odbora, na \u010delu sa gradona\u010delnikom Lugavi\u0107em, istakli su va\u017enost o\u010duvanja sje\u0107anja na ovaj va\u017ean doga\u0111aj iz historije grada Tuzle te naglasili da \u0107e manifestacija biti prilika za oda\u0161iljanje poruka mira, solidarnosti i zajedni\u0161tva, kako me\u0111u gra\u0111anima Tuzle, tako i me\u0111u svim posjetiocima koji \u0107e se pridru\u017eiti u obilje\u017eavanju ovog va\u017enog jubileja grada Tuzle.<\/p>\n<p>Gradona\u010delnik Lugavi\u0107 je pozvao gra\u0111ane da se pridru\u017ee svim aktivnostima iz programa obilje\u017eavanja Dana oslobo\u0111enja, uz zelju da zajedni\u010dki proslavimo jedan od najva\u017enijih doga\u0111aja iz historije grada Tuzle.<\/p>\n","protected":false},"excerpt":{"rendered":"<p>U povodu obilje\u017eavanja Drugog oktobra i 80. godi\u0161njice oslobo\u0111enja Tuzle, ju\u010der je u Gradskoj upravi Tuzle odr\u017ean sastanak Organizacionog odbora, koji je okupio predstavnike preduze\u0107a, ustanova, institucija i udru\u017eenja, anga\u017eovanih u organizaciji ovog zna\u010dajnog doga\u0111aja. Drugi oktobar \u0107e zauvijek ostati duboko urezan u kolektivno pam\u0107enje Tuzle, jer je upravo tog dana 1943. godine, Tuzla postala [&hellip;]<\/p>\n","protected":false},"author":4,"featured_media":217308,"comment_status":"open","ping_status":"closed","sticky":false,"template":"","format":"standard","meta":{"footnotes":""},"categories":[1],"tags":[2826],"class_list":["post-217307","post","type-post","status-publish","format-standard","has-post-thumbnail","hentry","category-uncategorized","tag-2-oktobar"],"yoast_head":"<!-- This site is optimized with the Yoast SEO plugin v28.4 - https:\/\/yoast.com\/product\/yoast-seo-wordpress\/ -->\n<title>Brojne aktivnosti povodom 2. oktobra, najavljen i koncert \u201cTuzli s ljubavlju\u201d<\/title>\n<meta name=\"robots\" content=\"index, follow, max-snippet:-1, max-image-preview:large, max-video-preview:-1\" \/>\n<link rel=\"canonical\" href=\"https:\/\/tuzlainfo.ba\/index.php\/uncategorized\/item\/217307-brojne-aktivnosti-povodom-2-oktobra-najavljen-i-koncert-tuzli-s-ljubavlju\/\" \/>\n<meta property=\"og:locale\" content=\"bs_BA\" \/>\n<meta property=\"og:type\" content=\"article\" \/>\n<meta property=\"og:title\" content=\"Brojne aktivnosti povodom 2. oktobra, najavljen i koncert \u201cTuzli s ljubavlju\u201d\" \/>\n<meta property=\"og:description\" content=\"U povodu obilje\u017eavanja Drugog oktobra i 80. godi\u0161njice oslobo\u0111enja Tuzle, ju\u010der je u Gradskoj upravi Tuzle odr\u017ean sastanak Organizacionog odbora, koji je okupio predstavnike preduze\u0107a, ustanova, institucija i udru\u017eenja, anga\u017eovanih u organizaciji ovog zna\u010dajnog doga\u0111aja. Drugi oktobar \u0107e zauvijek ostati duboko urezan u kolektivno pam\u0107enje Tuzle, jer je upravo tog dana 1943. godine, Tuzla postala [&hellip;]\" \/>\n<meta property=\"og:url\" content=\"https:\/\/tuzlainfo.ba\/index.php\/uncategorized\/item\/217307-brojne-aktivnosti-povodom-2-oktobra-najavljen-i-koncert-tuzli-s-ljubavlju\/\" \/>\n<meta property=\"og:site_name\" content=\"TuzlaInfo.ba\" \/>\n<meta property=\"article:publisher\" content=\"https:\/\/www.facebook.com\/tuzlainfo.ba\/\" \/>\n<meta property=\"article:published_time\" content=\"2023-09-19T15:08:16+00:00\" \/>\n<meta property=\"og:image\" content=\"https:\/\/tuzlainfo.ba\/wp-content\/uploads\/2023\/09\/2_oktobar.jpg\" \/>\n\t<meta property=\"og:image:width\" content=\"1181\" \/>\n\t<meta property=\"og:image:height\" content=\"884\" \/>\n\t<meta property=\"og:image:type\" content=\"image\/jpeg\" \/>\n<meta name=\"author\" content=\"Tuzla Info\" \/>\n<meta name=\"twitter:card\" content=\"summary_large_image\" \/>\n<meta name=\"twitter:label1\" content=\"Written by\" \/>\n\t<meta name=\"twitter:data1\" content=\"Tuzla Info\" \/>\n\t<meta name=\"twitter:label2\" content=\"Est. reading time\" \/>\n\t<meta name=\"twitter:data2\" content=\"2 minute\" \/>\n<script type=\"application\/ld+json\" class=\"yoast-schema-graph\">{\"@context\":\"https:\\\/\\\/schema.org\",\"@graph\":[{\"@type\":\"Article\",\"@id\":\"https:\\\/\\\/tuzlainfo.ba\\\/index.php\\\/uncategorized\\\/item\\\/217307-brojne-aktivnosti-povodom-2-oktobra-najavljen-i-koncert-tuzli-s-ljubavlju\\\/#article\",\"isPartOf\":{\"@id\":\"https:\\\/\\\/tuzlainfo.ba\\\/index.php\\\/uncategorized\\\/item\\\/217307-brojne-aktivnosti-povodom-2-oktobra-najavljen-i-koncert-tuzli-s-ljubavlju\\\/\"},\"author\":{\"name\":\"Tuzla Info\",\"@id\":\"https:\\\/\\\/tuzlainfo.ba\\\/#\\\/schema\\\/person\\\/46cad4c57790cbc50781edd14870825a\"},\"headline\":\"Brojne aktivnosti povodom 2. oktobra, najavljen i koncert \u201cTuzli s ljubavlju\u201d\",\"datePublished\":\"2023-09-19T15:08:16+00:00\",\"mainEntityOfPage\":{\"@id\":\"https:\\\/\\\/tuzlainfo.ba\\\/index.php\\\/uncategorized\\\/item\\\/217307-brojne-aktivnosti-povodom-2-oktobra-najavljen-i-koncert-tuzli-s-ljubavlju\\\/\"},\"wordCount\":469,\"commentCount\":0,\"publisher\":{\"@id\":\"https:\\\/\\\/tuzlainfo.ba\\\/#organization\"},\"image\":{\"@id\":\"https:\\\/\\\/tuzlainfo.ba\\\/index.php\\\/uncategorized\\\/item\\\/217307-brojne-aktivnosti-povodom-2-oktobra-najavljen-i-koncert-tuzli-s-ljubavlju\\\/#primaryimage\"},\"thumbnailUrl\":\"https:\\\/\\\/tuzlainfo.ba\\\/wp-content\\\/uploads\\\/2023\\\/09\\\/2_oktobar.jpg\",\"keywords\":[\"2. Oktobar\"],\"articleSection\":[\"Uncategorized\"],\"inLanguage\":\"bs-BA\",\"copyrightYear\":\"2023\",\"copyrightHolder\":{\"@id\":\"https:\\\/\\\/tuzlainfo.ba\\\/#organization\"}},{\"@type\":\"WebPage\",\"@id\":\"https:\\\/\\\/tuzlainfo.ba\\\/index.php\\\/uncategorized\\\/item\\\/217307-brojne-aktivnosti-povodom-2-oktobra-najavljen-i-koncert-tuzli-s-ljubavlju\\\/\",\"url\":\"https:\\\/\\\/tuzlainfo.ba\\\/index.php\\\/uncategorized\\\/item\\\/217307-brojne-aktivnosti-povodom-2-oktobra-najavljen-i-koncert-tuzli-s-ljubavlju\\\/\",\"name\":\"Brojne aktivnosti povodom 2. oktobra, najavljen i koncert \u201cTuzli s ljubavlju\u201d\",\"isPartOf\":{\"@id\":\"https:\\\/\\\/tuzlainfo.ba\\\/#website\"},\"primaryImageOfPage\":{\"@id\":\"https:\\\/\\\/tuzlainfo.ba\\\/index.php\\\/uncategorized\\\/item\\\/217307-brojne-aktivnosti-povodom-2-oktobra-najavljen-i-koncert-tuzli-s-ljubavlju\\\/#primaryimage\"},\"image\":{\"@id\":\"https:\\\/\\\/tuzlainfo.ba\\\/index.php\\\/uncategorized\\\/item\\\/217307-brojne-aktivnosti-povodom-2-oktobra-najavljen-i-koncert-tuzli-s-ljubavlju\\\/#primaryimage\"},\"thumbnailUrl\":\"https:\\\/\\\/tuzlainfo.ba\\\/wp-content\\\/uploads\\\/2023\\\/09\\\/2_oktobar.jpg\",\"datePublished\":\"2023-09-19T15:08:16+00:00\",\"breadcrumb\":{\"@id\":\"https:\\\/\\\/tuzlainfo.ba\\\/index.php\\\/uncategorized\\\/item\\\/217307-brojne-aktivnosti-povodom-2-oktobra-najavljen-i-koncert-tuzli-s-ljubavlju\\\/#breadcrumb\"},\"inLanguage\":\"bs-BA\",\"potentialAction\":[{\"@type\":\"ReadAction\",\"target\":[\"https:\\\/\\\/tuzlainfo.ba\\\/index.php\\\/uncategorized\\\/item\\\/217307-brojne-aktivnosti-povodom-2-oktobra-najavljen-i-koncert-tuzli-s-ljubavlju\\\/\"]}]},{\"@type\":\"ImageObject\",\"inLanguage\":\"bs-BA\",\"@id\":\"https:\\\/\\\/tuzlainfo.ba\\\/index.php\\\/uncategorized\\\/item\\\/217307-brojne-aktivnosti-povodom-2-oktobra-najavljen-i-koncert-tuzli-s-ljubavlju\\\/#primaryimage\",\"url\":\"https:\\\/\\\/tuzlainfo.ba\\\/wp-content\\\/uploads\\\/2023\\\/09\\\/2_oktobar.jpg\",\"contentUrl\":\"https:\\\/\\\/tuzlainfo.ba\\\/wp-content\\\/uploads\\\/2023\\\/09\\\/2_oktobar.jpg\",\"width\":1181,\"height\":884},{\"@type\":\"BreadcrumbList\",\"@id\":\"https:\\\/\\\/tuzlainfo.ba\\\/index.php\\\/uncategorized\\\/item\\\/217307-brojne-aktivnosti-povodom-2-oktobra-najavljen-i-koncert-tuzli-s-ljubavlju\\\/#breadcrumb\",\"itemListElement\":[{\"@type\":\"ListItem\",\"position\":1,\"name\":\"Home\",\"item\":\"https:\\\/\\\/tuzlainfo.ba\\\/\"},{\"@type\":\"ListItem\",\"position\":2,\"name\":\"Brojne aktivnosti povodom 2. oktobra, najavljen i koncert \u201cTuzli s ljubavlju\u201d\"}]},{\"@type\":\"WebSite\",\"@id\":\"https:\\\/\\\/tuzlainfo.ba\\\/#website\",\"url\":\"https:\\\/\\\/tuzlainfo.ba\\\/\",\"name\":\"TuzlaInfo.ba\",\"description\":\"Tuzla info, gradski informator - Tuzla na dlanu\",\"publisher\":{\"@id\":\"https:\\\/\\\/tuzlainfo.ba\\\/#organization\"},\"potentialAction\":[{\"@type\":\"SearchAction\",\"target\":{\"@type\":\"EntryPoint\",\"urlTemplate\":\"https:\\\/\\\/tuzlainfo.ba\\\/?s={search_term_string}\"},\"query-input\":{\"@type\":\"PropertyValueSpecification\",\"valueRequired\":true,\"valueName\":\"search_term_string\"}}],\"inLanguage\":\"bs-BA\"},{\"@type\":\"Organization\",\"@id\":\"https:\\\/\\\/tuzlainfo.ba\\\/#organization\",\"name\":\"TuzlaInfo.ba\",\"url\":\"https:\\\/\\\/tuzlainfo.ba\\\/\",\"logo\":{\"@type\":\"ImageObject\",\"inLanguage\":\"bs-BA\",\"@id\":\"https:\\\/\\\/tuzlainfo.ba\\\/#\\\/schema\\\/logo\\\/image\\\/\",\"url\":\"https:\\\/\\\/tuzlainfo.ba\\\/wp-content\\\/uploads\\\/2021\\\/03\\\/logo-ver-3-1.png\",\"contentUrl\":\"https:\\\/\\\/tuzlainfo.ba\\\/wp-content\\\/uploads\\\/2021\\\/03\\\/logo-ver-3-1.png\",\"width\":350,\"height\":95,\"caption\":\"TuzlaInfo.ba\"},\"image\":{\"@id\":\"https:\\\/\\\/tuzlainfo.ba\\\/#\\\/schema\\\/logo\\\/image\\\/\"},\"sameAs\":[\"https:\\\/\\\/www.facebook.com\\\/tuzlainfo.ba\\\/\"]},{\"@type\":\"Person\",\"@id\":\"https:\\\/\\\/tuzlainfo.ba\\\/#\\\/schema\\\/person\\\/46cad4c57790cbc50781edd14870825a\",\"name\":\"Tuzla Info\",\"image\":{\"@type\":\"ImageObject\",\"inLanguage\":\"bs-BA\",\"@id\":\"https:\\\/\\\/secure.gravatar.com\\\/avatar\\\/e980921b00fa2e552723a2386544734ce6885d2b2304ccca3f45186f9ca4031d?s=96&d=mm&r=g\",\"url\":\"https:\\\/\\\/secure.gravatar.com\\\/avatar\\\/e980921b00fa2e552723a2386544734ce6885d2b2304ccca3f45186f9ca4031d?s=96&d=mm&r=g\",\"contentUrl\":\"https:\\\/\\\/secure.gravatar.com\\\/avatar\\\/e980921b00fa2e552723a2386544734ce6885d2b2304ccca3f45186f9ca4031d?s=96&d=mm&r=g\",\"caption\":\"Tuzla Info\"}}]}<\/script>\n<!-- \/ Yoast SEO plugin. -->","yoast_head_json":{"title":"Brojne aktivnosti povodom 2. oktobra, najavljen i koncert \u201cTuzli s ljubavlju\u201d","robots":{"index":"index","follow":"follow","max-snippet":"max-snippet:-1","max-image-preview":"max-image-preview:large","max-video-preview":"max-video-preview:-1"},"canonical":"https:\/\/tuzlainfo.ba\/index.php\/uncategorized\/item\/217307-brojne-aktivnosti-povodom-2-oktobra-najavljen-i-koncert-tuzli-s-ljubavlju\/","og_locale":"bs_BA","og_type":"article","og_title":"Brojne aktivnosti povodom 2. oktobra, najavljen i koncert \u201cTuzli s ljubavlju\u201d","og_description":"U povodu obilje\u017eavanja Drugog oktobra i 80. godi\u0161njice oslobo\u0111enja Tuzle, ju\u010der je u Gradskoj upravi Tuzle odr\u017ean sastanak Organizacionog odbora, koji je okupio predstavnike preduze\u0107a, ustanova, institucija i udru\u017eenja, anga\u017eovanih u organizaciji ovog zna\u010dajnog doga\u0111aja. Drugi oktobar \u0107e zauvijek ostati duboko urezan u kolektivno pam\u0107enje Tuzle, jer je upravo tog dana 1943. godine, Tuzla postala [&hellip;]","og_url":"https:\/\/tuzlainfo.ba\/index.php\/uncategorized\/item\/217307-brojne-aktivnosti-povodom-2-oktobra-najavljen-i-koncert-tuzli-s-ljubavlju\/","og_site_name":"TuzlaInfo.ba","article_publisher":"https:\/\/www.facebook.com\/tuzlainfo.ba\/","article_published_time":"2023-09-19T15:08:16+00:00","og_image":[{"width":1181,"height":884,"url":"https:\/\/tuzlainfo.ba\/wp-content\/uploads\/2023\/09\/2_oktobar.jpg","type":"image\/jpeg"}],"author":"Tuzla Info","twitter_card":"summary_large_image","twitter_misc":{"Written by":"Tuzla Info","Est. reading time":"2 minute"},"schema":{"@context":"https:\/\/schema.org","@graph":[{"@type":"Article","@id":"https:\/\/tuzlainfo.ba\/index.php\/uncategorized\/item\/217307-brojne-aktivnosti-povodom-2-oktobra-najavljen-i-koncert-tuzli-s-ljubavlju\/#article","isPartOf":{"@id":"https:\/\/tuzlainfo.ba\/index.php\/uncategorized\/item\/217307-brojne-aktivnosti-povodom-2-oktobra-najavljen-i-koncert-tuzli-s-ljubavlju\/"},"author":{"name":"Tuzla Info","@id":"https:\/\/tuzlainfo.ba\/#\/schema\/person\/46cad4c57790cbc50781edd14870825a"},"headline":"Brojne aktivnosti povodom 2. oktobra, najavljen i koncert \u201cTuzli s ljubavlju\u201d","datePublished":"2023-09-19T15:08:16+00:00","mainEntityOfPage":{"@id":"https:\/\/tuzlainfo.ba\/index.php\/uncategorized\/item\/217307-brojne-aktivnosti-povodom-2-oktobra-najavljen-i-koncert-tuzli-s-ljubavlju\/"},"wordCount":469,"commentCount":0,"publisher":{"@id":"https:\/\/tuzlainfo.ba\/#organization"},"image":{"@id":"https:\/\/tuzlainfo.ba\/index.php\/uncategorized\/item\/217307-brojne-aktivnosti-povodom-2-oktobra-najavljen-i-koncert-tuzli-s-ljubavlju\/#primaryimage"},"thumbnailUrl":"https:\/\/tuzlainfo.ba\/wp-content\/uploads\/2023\/09\/2_oktobar.jpg","keywords":["2. Oktobar"],"articleSection":["Uncategorized"],"inLanguage":"bs-BA","copyrightYear":"2023","copyrightHolder":{"@id":"https:\/\/tuzlainfo.ba\/#organization"}},{"@type":"WebPage","@id":"https:\/\/tuzlainfo.ba\/index.php\/uncategorized\/item\/217307-brojne-aktivnosti-povodom-2-oktobra-najavljen-i-koncert-tuzli-s-ljubavlju\/","url":"https:\/\/tuzlainfo.ba\/index.php\/uncategorized\/item\/217307-brojne-aktivnosti-povodom-2-oktobra-najavljen-i-koncert-tuzli-s-ljubavlju\/","name":"Brojne aktivnosti povodom 2. oktobra, najavljen i koncert \u201cTuzli s ljubavlju\u201d","isPartOf":{"@id":"https:\/\/tuzlainfo.ba\/#website"},"primaryImageOfPage":{"@id":"https:\/\/tuzlainfo.ba\/index.php\/uncategorized\/item\/217307-brojne-aktivnosti-povodom-2-oktobra-najavljen-i-koncert-tuzli-s-ljubavlju\/#primaryimage"},"image":{"@id":"https:\/\/tuzlainfo.ba\/index.php\/uncategorized\/item\/217307-brojne-aktivnosti-povodom-2-oktobra-najavljen-i-koncert-tuzli-s-ljubavlju\/#primaryimage"},"thumbnailUrl":"https:\/\/tuzlainfo.ba\/wp-content\/uploads\/2023\/09\/2_oktobar.jpg","datePublished":"2023-09-19T15:08:16+00:00","breadcrumb":{"@id":"https:\/\/tuzlainfo.ba\/index.php\/uncategorized\/item\/217307-brojne-aktivnosti-povodom-2-oktobra-najavljen-i-koncert-tuzli-s-ljubavlju\/#breadcrumb"},"inLanguage":"bs-BA","potentialAction":[{"@type":"ReadAction","target":["https:\/\/tuzlainfo.ba\/index.php\/uncategorized\/item\/217307-brojne-aktivnosti-povodom-2-oktobra-najavljen-i-koncert-tuzli-s-ljubavlju\/"]}]},{"@type":"ImageObject","inLanguage":"bs-BA","@id":"https:\/\/tuzlainfo.ba\/index.php\/uncategorized\/item\/217307-brojne-aktivnosti-povodom-2-oktobra-najavljen-i-koncert-tuzli-s-ljubavlju\/#primaryimage","url":"https:\/\/tuzlainfo.ba\/wp-content\/uploads\/2023\/09\/2_oktobar.jpg","contentUrl":"https:\/\/tuzlainfo.ba\/wp-content\/uploads\/2023\/09\/2_oktobar.jpg","width":1181,"height":884},{"@type":"BreadcrumbList","@id":"https:\/\/tuzlainfo.ba\/index.php\/uncategorized\/item\/217307-brojne-aktivnosti-povodom-2-oktobra-najavljen-i-koncert-tuzli-s-ljubavlju\/#breadcrumb","itemListElement":[{"@type":"ListItem","position":1,"name":"Home","item":"https:\/\/tuzlainfo.ba\/"},{"@type":"ListItem","position":2,"name":"Brojne aktivnosti povodom 2. oktobra, najavljen i koncert \u201cTuzli s ljubavlju\u201d"}]},{"@type":"WebSite","@id":"https:\/\/tuzlainfo.ba\/#website","url":"https:\/\/tuzlainfo.ba\/","name":"TuzlaInfo.ba","description":"Tuzla info, gradski informator - Tuzla na dlanu","publisher":{"@id":"https:\/\/tuzlainfo.ba\/#organization"},"potentialAction":[{"@type":"SearchAction","target":{"@type":"EntryPoint","urlTemplate":"https:\/\/tuzlainfo.ba\/?s={search_term_string}"},"query-input":{"@type":"PropertyValueSpecification","valueRequired":true,"valueName":"search_term_string"}}],"inLanguage":"bs-BA"},{"@type":"Organization","@id":"https:\/\/tuzlainfo.ba\/#organization","name":"TuzlaInfo.ba","url":"https:\/\/tuzlainfo.ba\/","logo":{"@type":"ImageObject","inLanguage":"bs-BA","@id":"https:\/\/tuzlainfo.ba\/#\/schema\/logo\/image\/","url":"https:\/\/tuzlainfo.ba\/wp-content\/uploads\/2021\/03\/logo-ver-3-1.png","contentUrl":"https:\/\/tuzlainfo.ba\/wp-content\/uploads\/2021\/03\/logo-ver-3-1.png","width":350,"height":95,"caption":"TuzlaInfo.ba"},"image":{"@id":"https:\/\/tuzlainfo.ba\/#\/schema\/logo\/image\/"},"sameAs":["https:\/\/www.facebook.com\/tuzlainfo.ba\/"]},{"@type":"Person","@id":"https:\/\/tuzlainfo.ba\/#\/schema\/person\/46cad4c57790cbc50781edd14870825a","name":"Tuzla Info","image":{"@type":"ImageObject","inLanguage":"bs-BA","@id":"https:\/\/secure.gravatar.com\/avatar\/e980921b00fa2e552723a2386544734ce6885d2b2304ccca3f45186f9ca4031d?s=96&d=mm&r=g","url":"https:\/\/secure.gravatar.com\/avatar\/e980921b00fa2e552723a2386544734ce6885d2b2304ccca3f45186f9ca4031d?s=96&d=mm&r=g","contentUrl":"https:\/\/secure.gravatar.com\/avatar\/e980921b00fa2e552723a2386544734ce6885d2b2304ccca3f45186f9ca4031d?s=96&d=mm&r=g","caption":"Tuzla Info"}}]}},"_links":{"self":[{"href":"https:\/\/tuzlainfo.ba\/index.php\/wp-json\/wp\/v2\/posts\/217307","targetHints":{"allow":["GET"]}}],"collection":[{"href":"https:\/\/tuzlainfo.ba\/index.php\/wp-json\/wp\/v2\/posts"}],"about":[{"href":"https:\/\/tuzlainfo.ba\/index.php\/wp-json\/wp\/v2\/types\/post"}],"author":[{"embeddable":true,"href":"https:\/\/tuzlainfo.ba\/index.php\/wp-json\/wp\/v2\/users\/4"}],"replies":[{"embeddable":true,"href":"https:\/\/tuzlainfo.ba\/index.php\/wp-json\/wp\/v2\/comments?post=217307"}],"version-history":[{"count":1,"href":"https:\/\/tuzlainfo.ba\/index.php\/wp-json\/wp\/v2\/posts\/217307\/revisions"}],"predecessor-version":[{"id":217309,"href":"https:\/\/tuzlainfo.ba\/index.php\/wp-json\/wp\/v2\/posts\/217307\/revisions\/217309"}],"wp:featuredmedia":[{"embeddable":true,"href":"https:\/\/tuzlainfo.ba\/index.php\/wp-json\/wp\/v2\/media\/217308"}],"wp:attachment":[{"href":"https:\/\/tuzlainfo.ba\/index.php\/wp-json\/wp\/v2\/media?parent=217307"}],"wp:term":[{"taxonomy":"category","embeddable":true,"href":"https:\/\/tuzlainfo.ba\/index.php\/wp-json\/wp\/v2\/categories?post=217307"},{"taxonomy":"post_tag","embeddable":true,"href":"https:\/\/tuzlainfo.ba\/index.php\/wp-json\/wp\/v2\/tags?post=217307"}],"curies":[{"name":"wp","href":"https:\/\/api.w.org\/{rel}","templated":true}]}}