{"id":217279,"date":"2023-09-19T08:49:39","date_gmt":"2023-09-19T06:49:39","guid":{"rendered":"https:\/\/tuzlainfo.ba\/?p=217279"},"modified":"2023-09-19T08:49:39","modified_gmt":"2023-09-19T06:49:39","slug":"grlic-radman-u-new-yorku-trazi-podrsku-za-otvaranje-pregovora-bih-s-eu-do-kraja-godine","status":"publish","type":"post","link":"https:\/\/tuzlainfo.ba\/index.php\/bosna-i-hercegovina\/item\/217279-grlic-radman-u-new-yorku-trazi-podrsku-za-otvaranje-pregovora-bih-s-eu-do-kraja-godine\/","title":{"rendered":"Grli\u0107 Radman u New Yorku: Tra\u017ei podr\u0161ku za otvaranje pregovora BiH s EU do kraja godine"},"content":{"rendered":"<p>Hrvatski ministar vanjskih i europskih poslova Gordan Grli\u0107 Radman rekao je u ponedjeljak u New Yorku da je pozvao kolege iz Italije i Slovenije da se &#8220;sna\u017eno zalo\u017ee&#8221; za skoro otvaranje pristupnih pregovora Bosne i Hercegovine s Europskom unijom.<\/p>\n<p>Na marginama zasjedanja Op\u0107e skup\u0161tine UN-a odr\u017eana je trilaterala ministara vanjskih poslova Hrvatske, Slovenije i Italije koji su se sastali i s kolegama sa zapadnog Balkana.<\/p>\n<p>&#8220;Zamolio sam talijanskog kolegu (Antonia Tajanija) i\u00a0slovensku kolegicu (Tanju Fajon) da se sna\u017eno zalo\u017eimo za otvaranje pristupnih pregovora s Bosnom i Hercegovinom\u00a0krajem ove ili po\u010detkom idu\u0107e godine&#8221;, rekao je Grli\u0107 Radman, javlja Hina.<\/p>\n<p>Rekao je i da se zalo\u017eio &#8220;za \u0161to skorije \u010dlanstvo zapadnog Balkana u EU-u, ali temeljem vlastitih postignu\u0107a, kriterija o pro\u0161irenju&#8221;.<\/p>\n<p>\u0160ef hrvatske diplomacije isti\u010de da se &#8220;sve zemlje zapadnog Balkana moraju priklju\u010diti zajedni\u010dkoj vanjskoj i sigurnosnoj politici&#8221;.<\/p>\n","protected":false},"excerpt":{"rendered":"<p>Hrvatski ministar vanjskih i europskih poslova Gordan Grli\u0107 Radman rekao je u ponedjeljak u New&hellip;<\/p>\n","protected":false},"author":3,"featured_media":142749,"comment_status":"open","ping_status":"closed","sticky":false,"template":"","format":"standard","meta":{"_acf_changed":false,"footnotes":""},"categories":[291],"tags":[2043],"acf":[],"yoast_head":"<!-- This site is optimized with the Yoast SEO plugin v23.5 - https:\/\/yoast.com\/wordpress\/plugins\/seo\/ -->\n<title>Grli\u0107 Radman u New Yorku: Tra\u017ei podr\u0161ku za otvaranje pregovora BiH s EU do kraja godine - TuzlaInfo.ba<\/title>\n<meta name=\"robots\" content=\"index, follow, max-snippet:-1, max-image-preview:large, max-video-preview:-1\" \/>\n<link rel=\"canonical\" href=\"https:\/\/tuzlainfo.ba\/index.php\/bosna-i-hercegovina\/item\/217279-grlic-radman-u-new-yorku-trazi-podrsku-za-otvaranje-pregovora-bih-s-eu-do-kraja-godine\/\" \/>\n<meta property=\"og:locale\" content=\"bs_BA\" \/>\n<meta property=\"og:type\" content=\"article\" \/>\n<meta property=\"og:title\" content=\"Grli\u0107 Radman u New Yorku: Tra\u017ei podr\u0161ku za otvaranje pregovora BiH s EU do kraja godine - TuzlaInfo.ba\" \/>\n<meta property=\"og:description\" content=\"Hrvatski ministar vanjskih i europskih poslova Gordan Grli\u0107 Radman rekao je u ponedjeljak u New&hellip;\" \/>\n<meta property=\"og:url\" content=\"https:\/\/tuzlainfo.ba\/index.php\/bosna-i-hercegovina\/item\/217279-grlic-radman-u-new-yorku-trazi-podrsku-za-otvaranje-pregovora-bih-s-eu-do-kraja-godine\/\" \/>\n<meta property=\"og:site_name\" content=\"TuzlaInfo.ba\" \/>\n<meta property=\"article:publisher\" content=\"https:\/\/www.facebook.com\/tuzlainfo.ba\/\" \/>\n<meta property=\"article:published_time\" content=\"2023-09-19T06:49:39+00:00\" \/>\n<meta property=\"og:image\" content=\"https:\/\/tuzlainfo.ba\/wp-content\/uploads\/2021\/07\/2307_grlic-radman.jpg\" \/>\n\t<meta property=\"og:image:width\" content=\"864\" \/>\n\t<meta property=\"og:image:height\" content=\"486\" \/>\n\t<meta property=\"og:image:type\" content=\"image\/jpeg\" \/>\n<meta name=\"author\" content=\"admin2\" \/>\n<meta name=\"twitter:card\" content=\"summary_large_image\" \/>\n<meta name=\"twitter:label1\" content=\"Written by\" \/>\n\t<meta name=\"twitter:data1\" content=\"admin2\" \/>\n\t<meta name=\"twitter:label2\" content=\"Est. reading time\" \/>\n\t<meta name=\"twitter:data2\" content=\"1 minuta\" \/>\n<script type=\"application\/ld+json\" class=\"yoast-schema-graph\">{\"@context\":\"https:\/\/schema.org\",\"@graph\":[{\"@type\":\"Article\",\"@id\":\"https:\/\/tuzlainfo.ba\/index.php\/bosna-i-hercegovina\/item\/217279-grlic-radman-u-new-yorku-trazi-podrsku-za-otvaranje-pregovora-bih-s-eu-do-kraja-godine\/#article\",\"isPartOf\":{\"@id\":\"https:\/\/tuzlainfo.ba\/index.php\/bosna-i-hercegovina\/item\/217279-grlic-radman-u-new-yorku-trazi-podrsku-za-otvaranje-pregovora-bih-s-eu-do-kraja-godine\/\"},\"author\":{\"name\":\"admin2\",\"@id\":\"https:\/\/tuzlainfo.ba\/#\/schema\/person\/f4ebe4fff27e68efb65fa7e18f8af372\"},\"headline\":\"Grli\u0107 Radman u New Yorku: Tra\u017ei podr\u0161ku za otvaranje pregovora BiH s EU do kraja godine\",\"datePublished\":\"2023-09-19T06:49:39+00:00\",\"dateModified\":\"2023-09-19T06:49:39+00:00\",\"mainEntityOfPage\":{\"@id\":\"https:\/\/tuzlainfo.ba\/index.php\/bosna-i-hercegovina\/item\/217279-grlic-radman-u-new-yorku-trazi-podrsku-za-otvaranje-pregovora-bih-s-eu-do-kraja-godine\/\"},\"wordCount\":171,\"commentCount\":0,\"publisher\":{\"@id\":\"https:\/\/tuzlainfo.ba\/#organization\"},\"image\":{\"@id\":\"https:\/\/tuzlainfo.ba\/index.php\/bosna-i-hercegovina\/item\/217279-grlic-radman-u-new-yorku-trazi-podrsku-za-otvaranje-pregovora-bih-s-eu-do-kraja-godine\/#primaryimage\"},\"thumbnailUrl\":\"https:\/\/tuzlainfo.ba\/wp-content\/uploads\/2021\/07\/2307_grlic-radman.jpg\",\"keywords\":[\"grli\u0107-radman\"],\"articleSection\":[\"Bosna i Hercegovina\"],\"inLanguage\":\"bs-BA\"},{\"@type\":\"WebPage\",\"@id\":\"https:\/\/tuzlainfo.ba\/index.php\/bosna-i-hercegovina\/item\/217279-grlic-radman-u-new-yorku-trazi-podrsku-za-otvaranje-pregovora-bih-s-eu-do-kraja-godine\/\",\"url\":\"https:\/\/tuzlainfo.ba\/index.php\/bosna-i-hercegovina\/item\/217279-grlic-radman-u-new-yorku-trazi-podrsku-za-otvaranje-pregovora-bih-s-eu-do-kraja-godine\/\",\"name\":\"Grli\u0107 Radman u New Yorku: Tra\u017ei podr\u0161ku za otvaranje pregovora BiH s EU do kraja godine - TuzlaInfo.ba\",\"isPartOf\":{\"@id\":\"https:\/\/tuzlainfo.ba\/#website\"},\"primaryImageOfPage\":{\"@id\":\"https:\/\/tuzlainfo.ba\/index.php\/bosna-i-hercegovina\/item\/217279-grlic-radman-u-new-yorku-trazi-podrsku-za-otvaranje-pregovora-bih-s-eu-do-kraja-godine\/#primaryimage\"},\"image\":{\"@id\":\"https:\/\/tuzlainfo.ba\/index.php\/bosna-i-hercegovina\/item\/217279-grlic-radman-u-new-yorku-trazi-podrsku-za-otvaranje-pregovora-bih-s-eu-do-kraja-godine\/#primaryimage\"},\"thumbnailUrl\":\"https:\/\/tuzlainfo.ba\/wp-content\/uploads\/2021\/07\/2307_grlic-radman.jpg\",\"datePublished\":\"2023-09-19T06:49:39+00:00\",\"dateModified\":\"2023-09-19T06:49:39+00:00\",\"breadcrumb\":{\"@id\":\"https:\/\/tuzlainfo.ba\/index.php\/bosna-i-hercegovina\/item\/217279-grlic-radman-u-new-yorku-trazi-podrsku-za-otvaranje-pregovora-bih-s-eu-do-kraja-godine\/#breadcrumb\"},\"inLanguage\":\"bs-BA\",\"potentialAction\":[{\"@type\":\"ReadAction\",\"target\":[\"https:\/\/tuzlainfo.ba\/index.php\/bosna-i-hercegovina\/item\/217279-grlic-radman-u-new-yorku-trazi-podrsku-za-otvaranje-pregovora-bih-s-eu-do-kraja-godine\/\"]}]},{\"@type\":\"ImageObject\",\"inLanguage\":\"bs-BA\",\"@id\":\"https:\/\/tuzlainfo.ba\/index.php\/bosna-i-hercegovina\/item\/217279-grlic-radman-u-new-yorku-trazi-podrsku-za-otvaranje-pregovora-bih-s-eu-do-kraja-godine\/#primaryimage\",\"url\":\"https:\/\/tuzlainfo.ba\/wp-content\/uploads\/2021\/07\/2307_grlic-radman.jpg\",\"contentUrl\":\"https:\/\/tuzlainfo.ba\/wp-content\/uploads\/2021\/07\/2307_grlic-radman.jpg\",\"width\":864,\"height\":486},{\"@type\":\"BreadcrumbList\",\"@id\":\"https:\/\/tuzlainfo.ba\/index.php\/bosna-i-hercegovina\/item\/217279-grlic-radman-u-new-yorku-trazi-podrsku-za-otvaranje-pregovora-bih-s-eu-do-kraja-godine\/#breadcrumb\",\"itemListElement\":[{\"@type\":\"ListItem\",\"position\":1,\"name\":\"Home\",\"item\":\"https:\/\/tuzlainfo.ba\/\"},{\"@type\":\"ListItem\",\"position\":2,\"name\":\"Grli\u0107 Radman u New Yorku: Tra\u017ei podr\u0161ku za otvaranje pregovora BiH s EU do kraja godine\"}]},{\"@type\":\"WebSite\",\"@id\":\"https:\/\/tuzlainfo.ba\/#website\",\"url\":\"https:\/\/tuzlainfo.ba\/\",\"name\":\"TuzlaInfo.ba\",\"description\":\"Tuzla info, gradski informator - Tuzla na dlanu\",\"publisher\":{\"@id\":\"https:\/\/tuzlainfo.ba\/#organization\"},\"potentialAction\":[{\"@type\":\"SearchAction\",\"target\":{\"@type\":\"EntryPoint\",\"urlTemplate\":\"https:\/\/tuzlainfo.ba\/?s={search_term_string}\"},\"query-input\":{\"@type\":\"PropertyValueSpecification\",\"valueRequired\":true,\"valueName\":\"search_term_string\"}}],\"inLanguage\":\"bs-BA\"},{\"@type\":\"Organization\",\"@id\":\"https:\/\/tuzlainfo.ba\/#organization\",\"name\":\"TuzlaInfo.ba\",\"url\":\"https:\/\/tuzlainfo.ba\/\",\"logo\":{\"@type\":\"ImageObject\",\"inLanguage\":\"bs-BA\",\"@id\":\"https:\/\/tuzlainfo.ba\/#\/schema\/logo\/image\/\",\"url\":\"https:\/\/tuzlainfo.ba\/wp-content\/uploads\/2021\/03\/logo-ver-3-1.png\",\"contentUrl\":\"https:\/\/tuzlainfo.ba\/wp-content\/uploads\/2021\/03\/logo-ver-3-1.png\",\"width\":350,\"height\":95,\"caption\":\"TuzlaInfo.ba\"},\"image\":{\"@id\":\"https:\/\/tuzlainfo.ba\/#\/schema\/logo\/image\/\"},\"sameAs\":[\"https:\/\/www.facebook.com\/tuzlainfo.ba\/\"]},{\"@type\":\"Person\",\"@id\":\"https:\/\/tuzlainfo.ba\/#\/schema\/person\/f4ebe4fff27e68efb65fa7e18f8af372\",\"name\":\"admin2\",\"image\":{\"@type\":\"ImageObject\",\"inLanguage\":\"bs-BA\",\"@id\":\"https:\/\/tuzlainfo.ba\/#\/schema\/person\/image\/\",\"url\":\"https:\/\/tuzlainfo.ba\/wp-content\/litespeed\/avatar\/8219eeb9a43cff2d096e773737736f62.jpg?ver=1776704580\",\"contentUrl\":\"https:\/\/tuzlainfo.ba\/wp-content\/litespeed\/avatar\/8219eeb9a43cff2d096e773737736f62.jpg?ver=1776704580\",\"caption\":\"admin2\"},\"description\":\"Tuzlainfo.ba pratite na dru\u0161tvenim mre\u017eama: Facebook, Instagram i Youtube. Svoje pri\u010de, upite i fotografije \u0161aljite na na\u0161u e-mail adresu.\",\"sameAs\":[\"admin\"]}]}<\/script>\n<!-- \/ Yoast SEO plugin. -->","yoast_head_json":{"title":"Grli\u0107 Radman u New Yorku: Tra\u017ei podr\u0161ku za otvaranje pregovora BiH s EU do kraja godine - TuzlaInfo.ba","robots":{"index":"index","follow":"follow","max-snippet":"max-snippet:-1","max-image-preview":"max-image-preview:large","max-video-preview":"max-video-preview:-1"},"canonical":"https:\/\/tuzlainfo.ba\/index.php\/bosna-i-hercegovina\/item\/217279-grlic-radman-u-new-yorku-trazi-podrsku-za-otvaranje-pregovora-bih-s-eu-do-kraja-godine\/","og_locale":"bs_BA","og_type":"article","og_title":"Grli\u0107 Radman u New Yorku: Tra\u017ei podr\u0161ku za otvaranje pregovora BiH s EU do kraja godine - TuzlaInfo.ba","og_description":"Hrvatski ministar vanjskih i europskih poslova Gordan Grli\u0107 Radman rekao je u ponedjeljak u New&hellip;","og_url":"https:\/\/tuzlainfo.ba\/index.php\/bosna-i-hercegovina\/item\/217279-grlic-radman-u-new-yorku-trazi-podrsku-za-otvaranje-pregovora-bih-s-eu-do-kraja-godine\/","og_site_name":"TuzlaInfo.ba","article_publisher":"https:\/\/www.facebook.com\/tuzlainfo.ba\/","article_published_time":"2023-09-19T06:49:39+00:00","og_image":[{"width":864,"height":486,"url":"https:\/\/tuzlainfo.ba\/wp-content\/uploads\/2021\/07\/2307_grlic-radman.jpg","type":"image\/jpeg"}],"author":"admin2","twitter_card":"summary_large_image","twitter_misc":{"Written by":"admin2","Est. reading time":"1 minuta"},"schema":{"@context":"https:\/\/schema.org","@graph":[{"@type":"Article","@id":"https:\/\/tuzlainfo.ba\/index.php\/bosna-i-hercegovina\/item\/217279-grlic-radman-u-new-yorku-trazi-podrsku-za-otvaranje-pregovora-bih-s-eu-do-kraja-godine\/#article","isPartOf":{"@id":"https:\/\/tuzlainfo.ba\/index.php\/bosna-i-hercegovina\/item\/217279-grlic-radman-u-new-yorku-trazi-podrsku-za-otvaranje-pregovora-bih-s-eu-do-kraja-godine\/"},"author":{"name":"admin2","@id":"https:\/\/tuzlainfo.ba\/#\/schema\/person\/f4ebe4fff27e68efb65fa7e18f8af372"},"headline":"Grli\u0107 Radman u New Yorku: Tra\u017ei podr\u0161ku za otvaranje pregovora BiH s EU do kraja godine","datePublished":"2023-09-19T06:49:39+00:00","dateModified":"2023-09-19T06:49:39+00:00","mainEntityOfPage":{"@id":"https:\/\/tuzlainfo.ba\/index.php\/bosna-i-hercegovina\/item\/217279-grlic-radman-u-new-yorku-trazi-podrsku-za-otvaranje-pregovora-bih-s-eu-do-kraja-godine\/"},"wordCount":171,"commentCount":0,"publisher":{"@id":"https:\/\/tuzlainfo.ba\/#organization"},"image":{"@id":"https:\/\/tuzlainfo.ba\/index.php\/bosna-i-hercegovina\/item\/217279-grlic-radman-u-new-yorku-trazi-podrsku-za-otvaranje-pregovora-bih-s-eu-do-kraja-godine\/#primaryimage"},"thumbnailUrl":"https:\/\/tuzlainfo.ba\/wp-content\/uploads\/2021\/07\/2307_grlic-radman.jpg","keywords":["grli\u0107-radman"],"articleSection":["Bosna i Hercegovina"],"inLanguage":"bs-BA"},{"@type":"WebPage","@id":"https:\/\/tuzlainfo.ba\/index.php\/bosna-i-hercegovina\/item\/217279-grlic-radman-u-new-yorku-trazi-podrsku-za-otvaranje-pregovora-bih-s-eu-do-kraja-godine\/","url":"https:\/\/tuzlainfo.ba\/index.php\/bosna-i-hercegovina\/item\/217279-grlic-radman-u-new-yorku-trazi-podrsku-za-otvaranje-pregovora-bih-s-eu-do-kraja-godine\/","name":"Grli\u0107 Radman u New Yorku: Tra\u017ei podr\u0161ku za otvaranje pregovora BiH s EU do kraja godine - TuzlaInfo.ba","isPartOf":{"@id":"https:\/\/tuzlainfo.ba\/#website"},"primaryImageOfPage":{"@id":"https:\/\/tuzlainfo.ba\/index.php\/bosna-i-hercegovina\/item\/217279-grlic-radman-u-new-yorku-trazi-podrsku-za-otvaranje-pregovora-bih-s-eu-do-kraja-godine\/#primaryimage"},"image":{"@id":"https:\/\/tuzlainfo.ba\/index.php\/bosna-i-hercegovina\/item\/217279-grlic-radman-u-new-yorku-trazi-podrsku-za-otvaranje-pregovora-bih-s-eu-do-kraja-godine\/#primaryimage"},"thumbnailUrl":"https:\/\/tuzlainfo.ba\/wp-content\/uploads\/2021\/07\/2307_grlic-radman.jpg","datePublished":"2023-09-19T06:49:39+00:00","dateModified":"2023-09-19T06:49:39+00:00","breadcrumb":{"@id":"https:\/\/tuzlainfo.ba\/index.php\/bosna-i-hercegovina\/item\/217279-grlic-radman-u-new-yorku-trazi-podrsku-za-otvaranje-pregovora-bih-s-eu-do-kraja-godine\/#breadcrumb"},"inLanguage":"bs-BA","potentialAction":[{"@type":"ReadAction","target":["https:\/\/tuzlainfo.ba\/index.php\/bosna-i-hercegovina\/item\/217279-grlic-radman-u-new-yorku-trazi-podrsku-za-otvaranje-pregovora-bih-s-eu-do-kraja-godine\/"]}]},{"@type":"ImageObject","inLanguage":"bs-BA","@id":"https:\/\/tuzlainfo.ba\/index.php\/bosna-i-hercegovina\/item\/217279-grlic-radman-u-new-yorku-trazi-podrsku-za-otvaranje-pregovora-bih-s-eu-do-kraja-godine\/#primaryimage","url":"https:\/\/tuzlainfo.ba\/wp-content\/uploads\/2021\/07\/2307_grlic-radman.jpg","contentUrl":"https:\/\/tuzlainfo.ba\/wp-content\/uploads\/2021\/07\/2307_grlic-radman.jpg","width":864,"height":486},{"@type":"BreadcrumbList","@id":"https:\/\/tuzlainfo.ba\/index.php\/bosna-i-hercegovina\/item\/217279-grlic-radman-u-new-yorku-trazi-podrsku-za-otvaranje-pregovora-bih-s-eu-do-kraja-godine\/#breadcrumb","itemListElement":[{"@type":"ListItem","position":1,"name":"Home","item":"https:\/\/tuzlainfo.ba\/"},{"@type":"ListItem","position":2,"name":"Grli\u0107 Radman u New Yorku: Tra\u017ei podr\u0161ku za otvaranje pregovora BiH s EU do kraja godine"}]},{"@type":"WebSite","@id":"https:\/\/tuzlainfo.ba\/#website","url":"https:\/\/tuzlainfo.ba\/","name":"TuzlaInfo.ba","description":"Tuzla info, gradski informator - Tuzla na dlanu","publisher":{"@id":"https:\/\/tuzlainfo.ba\/#organization"},"potentialAction":[{"@type":"SearchAction","target":{"@type":"EntryPoint","urlTemplate":"https:\/\/tuzlainfo.ba\/?s={search_term_string}"},"query-input":{"@type":"PropertyValueSpecification","valueRequired":true,"valueName":"search_term_string"}}],"inLanguage":"bs-BA"},{"@type":"Organization","@id":"https:\/\/tuzlainfo.ba\/#organization","name":"TuzlaInfo.ba","url":"https:\/\/tuzlainfo.ba\/","logo":{"@type":"ImageObject","inLanguage":"bs-BA","@id":"https:\/\/tuzlainfo.ba\/#\/schema\/logo\/image\/","url":"https:\/\/tuzlainfo.ba\/wp-content\/uploads\/2021\/03\/logo-ver-3-1.png","contentUrl":"https:\/\/tuzlainfo.ba\/wp-content\/uploads\/2021\/03\/logo-ver-3-1.png","width":350,"height":95,"caption":"TuzlaInfo.ba"},"image":{"@id":"https:\/\/tuzlainfo.ba\/#\/schema\/logo\/image\/"},"sameAs":["https:\/\/www.facebook.com\/tuzlainfo.ba\/"]},{"@type":"Person","@id":"https:\/\/tuzlainfo.ba\/#\/schema\/person\/f4ebe4fff27e68efb65fa7e18f8af372","name":"admin2","image":{"@type":"ImageObject","inLanguage":"bs-BA","@id":"https:\/\/tuzlainfo.ba\/#\/schema\/person\/image\/","url":"https:\/\/tuzlainfo.ba\/wp-content\/litespeed\/avatar\/8219eeb9a43cff2d096e773737736f62.jpg?ver=1776704580","contentUrl":"https:\/\/tuzlainfo.ba\/wp-content\/litespeed\/avatar\/8219eeb9a43cff2d096e773737736f62.jpg?ver=1776704580","caption":"admin2"},"description":"Tuzlainfo.ba pratite na dru\u0161tvenim mre\u017eama: Facebook, Instagram i Youtube. Svoje pri\u010de, upite i fotografije \u0161aljite na na\u0161u e-mail adresu.","sameAs":["admin"]}]}},"_links":{"self":[{"href":"https:\/\/tuzlainfo.ba\/index.php\/wp-json\/wp\/v2\/posts\/217279"}],"collection":[{"href":"https:\/\/tuzlainfo.ba\/index.php\/wp-json\/wp\/v2\/posts"}],"about":[{"href":"https:\/\/tuzlainfo.ba\/index.php\/wp-json\/wp\/v2\/types\/post"}],"author":[{"embeddable":true,"href":"https:\/\/tuzlainfo.ba\/index.php\/wp-json\/wp\/v2\/users\/3"}],"replies":[{"embeddable":true,"href":"https:\/\/tuzlainfo.ba\/index.php\/wp-json\/wp\/v2\/comments?post=217279"}],"version-history":[{"count":1,"href":"https:\/\/tuzlainfo.ba\/index.php\/wp-json\/wp\/v2\/posts\/217279\/revisions"}],"predecessor-version":[{"id":217280,"href":"https:\/\/tuzlainfo.ba\/index.php\/wp-json\/wp\/v2\/posts\/217279\/revisions\/217280"}],"wp:featuredmedia":[{"embeddable":true,"href":"https:\/\/tuzlainfo.ba\/index.php\/wp-json\/wp\/v2\/media\/142749"}],"wp:attachment":[{"href":"https:\/\/tuzlainfo.ba\/index.php\/wp-json\/wp\/v2\/media?parent=217279"}],"wp:term":[{"taxonomy":"category","embeddable":true,"href":"https:\/\/tuzlainfo.ba\/index.php\/wp-json\/wp\/v2\/categories?post=217279"},{"taxonomy":"post_tag","embeddable":true,"href":"https:\/\/tuzlainfo.ba\/index.php\/wp-json\/wp\/v2\/tags?post=217279"}],"curies":[{"name":"wp","href":"https:\/\/api.w.org\/{rel}","templated":true}]}}