{"id":217125,"date":"2023-09-17T21:06:15","date_gmt":"2023-09-17T19:06:15","guid":{"rendered":"https:\/\/tuzlainfo.ba\/?p=217125"},"modified":"2023-09-17T21:06:15","modified_gmt":"2023-09-17T19:06:15","slug":"video-ispovijesti-zatvorenica-u-tuzlanskom-zatvoru-tu-su-zbog-ubistva-cedomortstva-privrednog-kriminala","status":"publish","type":"post","link":"https:\/\/tuzlainfo.ba\/index.php\/novosti\/item\/217125-video-ispovijesti-zatvorenica-u-tuzlanskom-zatvoru-tu-su-zbog-ubistva-cedomortstva-privrednog-kriminala\/","title":{"rendered":"VIDEO \/ Ispovijesti zatvorenica u tuzlanskom zatvoru: Tu su zbog ubistva, \u010dedomortstva, privrednog kriminala&#8230;"},"content":{"rendered":"<p>Ekipa hrvatske TV emisije &#8220;Provjereno&#8221; oti\u0161la je na mjesto gdje televizijske kamere rijetko zalaze, a od same pomisli na njega mnoge prolazi jeza.<\/p>\n<p>KPZ Tuzla je jedini \u017eenski zatvor na teritoriji Federacije BiH. Osu\u0111enice odslu\u017euju kazne zbog razli\u010ditih krivi\u010dnih djela me\u0111u kojima su ubistva, \u010dedomortstva, privredni kriminal, ratni zlo\u010dini, droge&#8230;<\/p>\n<p>Sobe su otklju\u010dane od 6 ujutro do 22:00 sati nave\u010der, a u tom periodu mogu se slobodno kretati po zavodu, ulazak u zajedni\u010dke sobe je zabranjen ali zajedni\u010dke prostorije poput popularne &#8220;pu\u0161ione&#8221; mogu se koristiti. U zajedni\u010dkim prostorijama se dru\u017ei, pije kafa, igraju domine&#8230;<\/p>\n<p>Pored navedenog, vrijeme se mo\u017ee provoditi i u sobi za radnu terapiju a naj\u010de\u0161\u0107e se razgovara o slobodi koja ih \u010deka i stvarima koje \u0107e raditi kada napuste ustanovu.<\/p>\n<p>Zatvorenice tuzlanskog KPZ-a su ispri\u010dale svoja iskustva prilikom dolaska na odslu\u017eenje kazne:<\/p>\n<p>&#8211; Sva\u0161ta vam pro\u0111e kroz glavu, \u010dak i da ne\u0107ete pre\u017eivjeti, te\u0161ko je odvojiti se od porodice ali evo pro\u0161lo je osam godina od kako sam ovdje, navodi zatvorenica koja, kako ka\u017ee, kada se pogleda u ogledalo prvo vidi \u017eenu i majku ali i osobu li\u0161enu slobode.<\/p>\n<div id=\"pa_videoslider\">\n<p>O svom iskustvu u zatvorskoj \u0107eliji i razlozima za\u0161to je zavr\u0161ila u KPZ-u govorila je i Melina \u010covi\u0107: &#8220;Istra\u017eujem knji\u017eevnost, knji\u017eevnike, njihove \u017eivote, pi\u0161em knjigu, ne optere\u0107ujem se danima, vremenskim periodima, prihvatam uspone i padove. Vjerujem da nigdje ne bi mogla pro\u0107i kroz preobrazbu kakvu sam pro\u0161la ovdje, ka\u017ee 46-godi\u0161nja Melina \u010covi\u0107 kojoj je preostalo jo\u0161 pet mjeseci odslu\u017eenja kazne zatvora od ukupno 3,5 godine koliko je dobila zbog krivi\u010dnog djela zloupotreba polo\u017eaja, o \u010demu je otvoreno govorila:<\/p>\n<p>&#8211; U pitanju su nov\u010dani iznosi koji nisu knji\u017eeni, ve\u0107 prebacivani na razli\u010dita konta, tokom perioda od pet godina, ja sam tu bila \u010detvrta komponenta ali sam na kraju jedina odgovorna, navodi Melina.<\/p>\n<p>Unutar zidova tuzlanskog zatvora, ro\u0111eno je \u0161est beba. S majkom mogu biti do godine dana, uz molbu ministarstvu najdu\u017ee tri godine:<\/p>\n<p>&#8211; Djeci se poklanja puna pa\u017enja, sve stvari koje su potrebne za djecu u tom dobu su obezbje\u0111ene, pru\u017eamo koliko mo\u017eemo. Mnogo ve\u0107a pa\u017enja se poklanja majci osu\u0111enici u odnosu na druge osu\u0111enice, navodi direktor KPZ Tuzla Jasmin Omerbegovi\u0107.<\/p>\n<p>Osu\u0111enice vrijeme ne mogu vratiti. I to je najve\u0107a kazna koju su platile. Vrijeme sa svojom djecom, porodicama. \u017divot koji je tekao mimo njih.<\/p>\n<p><iframe style=\"border: none; overflow: hidden;\" src=\"https:\/\/www.facebook.com\/plugins\/video.php?href=https%3A%2F%2Fwww.facebook.com%2Fprovjereno%2Fvideos%2F1245281706039444%2F%3Fref%3Dembed_video&amp;show_text=0&amp;width=560\" width=\"560\" height=\"315\" frameborder=\"0\" scrolling=\"no\" allowfullscreen=\"allowfullscreen\"><\/iframe><\/p>\n<\/div>\n","protected":false},"excerpt":{"rendered":"<p>Ekipa hrvatske TV emisije &#8220;Provjereno&#8221; oti\u0161la je na mjesto gdje televizijske kamere rijetko zalaze, a od same pomisli na njega mnoge prolazi jeza. KPZ Tuzla je jedini \u017eenski zatvor na teritoriji Federacije BiH. Osu\u0111enice odslu\u017euju kazne zbog razli\u010ditih krivi\u010dnih djela me\u0111u kojima su ubistva, \u010dedomortstva, privredni kriminal, ratni zlo\u010dini, droge&#8230; Sobe su otklju\u010dane od 6 [&hellip;]<\/p>\n","protected":false},"author":2,"featured_media":217126,"comment_status":"open","ping_status":"closed","sticky":false,"template":"","format":"standard","meta":{"footnotes":""},"categories":[304,12],"tags":[1239,8248],"class_list":["post-217125","post","type-post","status-publish","format-standard","has-post-thumbnail","hentry","category-istaknuto","category-novosti","tag-kpz-tuzla","tag-zenski-zatvor-tuzla"],"yoast_head":"<!-- This site is optimized with the Yoast SEO plugin v28.4 - https:\/\/yoast.com\/product\/yoast-seo-wordpress\/ -->\n<title>VIDEO \/ Ispovijesti zatvorenica u tuzlanskom zatvoru: Tu su zbog ubistva, \u010dedomortstva, privrednog kriminala...<\/title>\n<meta name=\"robots\" content=\"index, follow, max-snippet:-1, max-image-preview:large, max-video-preview:-1\" \/>\n<link rel=\"canonical\" href=\"https:\/\/tuzlainfo.ba\/index.php\/novosti\/item\/217125-video-ispovijesti-zatvorenica-u-tuzlanskom-zatvoru-tu-su-zbog-ubistva-cedomortstva-privrednog-kriminala\/\" \/>\n<meta property=\"og:locale\" content=\"bs_BA\" \/>\n<meta property=\"og:type\" content=\"article\" \/>\n<meta property=\"og:title\" content=\"VIDEO \/ Ispovijesti zatvorenica u tuzlanskom zatvoru: Tu su zbog ubistva, \u010dedomortstva, privrednog kriminala...\" \/>\n<meta property=\"og:description\" content=\"Ekipa hrvatske TV emisije &#8220;Provjereno&#8221; oti\u0161la je na mjesto gdje televizijske kamere rijetko zalaze, a od same pomisli na njega mnoge prolazi jeza. KPZ Tuzla je jedini \u017eenski zatvor na teritoriji Federacije BiH. Osu\u0111enice odslu\u017euju kazne zbog razli\u010ditih krivi\u010dnih djela me\u0111u kojima su ubistva, \u010dedomortstva, privredni kriminal, ratni zlo\u010dini, droge&#8230; Sobe su otklju\u010dane od 6 [&hellip;]\" \/>\n<meta property=\"og:url\" content=\"https:\/\/tuzlainfo.ba\/index.php\/novosti\/item\/217125-video-ispovijesti-zatvorenica-u-tuzlanskom-zatvoru-tu-su-zbog-ubistva-cedomortstva-privrednog-kriminala\/\" \/>\n<meta property=\"og:site_name\" content=\"TuzlaInfo.ba\" \/>\n<meta property=\"article:publisher\" content=\"https:\/\/www.facebook.com\/tuzlainfo.ba\/\" \/>\n<meta property=\"article:published_time\" content=\"2023-09-17T19:06:15+00:00\" \/>\n<meta property=\"og:image\" content=\"https:\/\/tuzlainfo.ba\/wp-content\/uploads\/2023\/09\/1709_kpztuzla_provjereno.jpg\" \/>\n\t<meta property=\"og:image:width\" content=\"1024\" \/>\n\t<meta property=\"og:image:height\" content=\"665\" \/>\n\t<meta property=\"og:image:type\" content=\"image\/jpeg\" \/>\n<meta name=\"author\" content=\"nedim\" \/>\n<meta name=\"twitter:card\" content=\"summary_large_image\" \/>\n<meta name=\"twitter:label1\" content=\"Written by\" \/>\n\t<meta name=\"twitter:data1\" content=\"nedim\" \/>\n\t<meta name=\"twitter:label2\" content=\"Est. reading time\" \/>\n\t<meta name=\"twitter:data2\" content=\"2 minute\" \/>\n<script type=\"application\/ld+json\" class=\"yoast-schema-graph\">{\"@context\":\"https:\\\/\\\/schema.org\",\"@graph\":[{\"@type\":\"Article\",\"@id\":\"https:\\\/\\\/tuzlainfo.ba\\\/index.php\\\/novosti\\\/item\\\/217125-video-ispovijesti-zatvorenica-u-tuzlanskom-zatvoru-tu-su-zbog-ubistva-cedomortstva-privrednog-kriminala\\\/#article\",\"isPartOf\":{\"@id\":\"https:\\\/\\\/tuzlainfo.ba\\\/index.php\\\/novosti\\\/item\\\/217125-video-ispovijesti-zatvorenica-u-tuzlanskom-zatvoru-tu-su-zbog-ubistva-cedomortstva-privrednog-kriminala\\\/\"},\"author\":{\"name\":\"nedim\",\"@id\":\"https:\\\/\\\/tuzlainfo.ba\\\/#\\\/schema\\\/person\\\/f434e20dc27ea133923aab08451b7f7f\"},\"headline\":\"VIDEO \\\/ Ispovijesti zatvorenica u tuzlanskom zatvoru: Tu su zbog ubistva, \u010dedomortstva, privrednog kriminala&#8230;\",\"datePublished\":\"2023-09-17T19:06:15+00:00\",\"mainEntityOfPage\":{\"@id\":\"https:\\\/\\\/tuzlainfo.ba\\\/index.php\\\/novosti\\\/item\\\/217125-video-ispovijesti-zatvorenica-u-tuzlanskom-zatvoru-tu-su-zbog-ubistva-cedomortstva-privrednog-kriminala\\\/\"},\"wordCount\":443,\"commentCount\":0,\"publisher\":{\"@id\":\"https:\\\/\\\/tuzlainfo.ba\\\/#organization\"},\"image\":{\"@id\":\"https:\\\/\\\/tuzlainfo.ba\\\/index.php\\\/novosti\\\/item\\\/217125-video-ispovijesti-zatvorenica-u-tuzlanskom-zatvoru-tu-su-zbog-ubistva-cedomortstva-privrednog-kriminala\\\/#primaryimage\"},\"thumbnailUrl\":\"https:\\\/\\\/tuzlainfo.ba\\\/wp-content\\\/uploads\\\/2023\\\/09\\\/1709_kpztuzla_provjereno.jpg\",\"keywords\":[\"KPZ Tuzla\",\"\u017eenski zatvor tuzla\"],\"articleSection\":[\"Istaknuto\",\"Novosti\"],\"inLanguage\":\"bs-BA\",\"copyrightYear\":\"2023\",\"copyrightHolder\":{\"@id\":\"https:\\\/\\\/tuzlainfo.ba\\\/#organization\"}},{\"@type\":\"WebPage\",\"@id\":\"https:\\\/\\\/tuzlainfo.ba\\\/index.php\\\/novosti\\\/item\\\/217125-video-ispovijesti-zatvorenica-u-tuzlanskom-zatvoru-tu-su-zbog-ubistva-cedomortstva-privrednog-kriminala\\\/\",\"url\":\"https:\\\/\\\/tuzlainfo.ba\\\/index.php\\\/novosti\\\/item\\\/217125-video-ispovijesti-zatvorenica-u-tuzlanskom-zatvoru-tu-su-zbog-ubistva-cedomortstva-privrednog-kriminala\\\/\",\"name\":\"VIDEO \\\/ Ispovijesti zatvorenica u tuzlanskom zatvoru: Tu su zbog ubistva, \u010dedomortstva, privrednog kriminala...\",\"isPartOf\":{\"@id\":\"https:\\\/\\\/tuzlainfo.ba\\\/#website\"},\"primaryImageOfPage\":{\"@id\":\"https:\\\/\\\/tuzlainfo.ba\\\/index.php\\\/novosti\\\/item\\\/217125-video-ispovijesti-zatvorenica-u-tuzlanskom-zatvoru-tu-su-zbog-ubistva-cedomortstva-privrednog-kriminala\\\/#primaryimage\"},\"image\":{\"@id\":\"https:\\\/\\\/tuzlainfo.ba\\\/index.php\\\/novosti\\\/item\\\/217125-video-ispovijesti-zatvorenica-u-tuzlanskom-zatvoru-tu-su-zbog-ubistva-cedomortstva-privrednog-kriminala\\\/#primaryimage\"},\"thumbnailUrl\":\"https:\\\/\\\/tuzlainfo.ba\\\/wp-content\\\/uploads\\\/2023\\\/09\\\/1709_kpztuzla_provjereno.jpg\",\"datePublished\":\"2023-09-17T19:06:15+00:00\",\"breadcrumb\":{\"@id\":\"https:\\\/\\\/tuzlainfo.ba\\\/index.php\\\/novosti\\\/item\\\/217125-video-ispovijesti-zatvorenica-u-tuzlanskom-zatvoru-tu-su-zbog-ubistva-cedomortstva-privrednog-kriminala\\\/#breadcrumb\"},\"inLanguage\":\"bs-BA\",\"potentialAction\":[{\"@type\":\"ReadAction\",\"target\":[\"https:\\\/\\\/tuzlainfo.ba\\\/index.php\\\/novosti\\\/item\\\/217125-video-ispovijesti-zatvorenica-u-tuzlanskom-zatvoru-tu-su-zbog-ubistva-cedomortstva-privrednog-kriminala\\\/\"]}]},{\"@type\":\"ImageObject\",\"inLanguage\":\"bs-BA\",\"@id\":\"https:\\\/\\\/tuzlainfo.ba\\\/index.php\\\/novosti\\\/item\\\/217125-video-ispovijesti-zatvorenica-u-tuzlanskom-zatvoru-tu-su-zbog-ubistva-cedomortstva-privrednog-kriminala\\\/#primaryimage\",\"url\":\"https:\\\/\\\/tuzlainfo.ba\\\/wp-content\\\/uploads\\\/2023\\\/09\\\/1709_kpztuzla_provjereno.jpg\",\"contentUrl\":\"https:\\\/\\\/tuzlainfo.ba\\\/wp-content\\\/uploads\\\/2023\\\/09\\\/1709_kpztuzla_provjereno.jpg\",\"width\":1024,\"height\":665,\"caption\":\"Foto: Provjereno NOVA TV\"},{\"@type\":\"BreadcrumbList\",\"@id\":\"https:\\\/\\\/tuzlainfo.ba\\\/index.php\\\/novosti\\\/item\\\/217125-video-ispovijesti-zatvorenica-u-tuzlanskom-zatvoru-tu-su-zbog-ubistva-cedomortstva-privrednog-kriminala\\\/#breadcrumb\",\"itemListElement\":[{\"@type\":\"ListItem\",\"position\":1,\"name\":\"Home\",\"item\":\"https:\\\/\\\/tuzlainfo.ba\\\/\"},{\"@type\":\"ListItem\",\"position\":2,\"name\":\"VIDEO \\\/ Ispovijesti zatvorenica u tuzlanskom zatvoru: Tu su zbog ubistva, \u010dedomortstva, privrednog kriminala&#8230;\"}]},{\"@type\":\"WebSite\",\"@id\":\"https:\\\/\\\/tuzlainfo.ba\\\/#website\",\"url\":\"https:\\\/\\\/tuzlainfo.ba\\\/\",\"name\":\"TuzlaInfo.ba\",\"description\":\"Tuzla info, gradski informator - Tuzla na dlanu\",\"publisher\":{\"@id\":\"https:\\\/\\\/tuzlainfo.ba\\\/#organization\"},\"potentialAction\":[{\"@type\":\"SearchAction\",\"target\":{\"@type\":\"EntryPoint\",\"urlTemplate\":\"https:\\\/\\\/tuzlainfo.ba\\\/?s={search_term_string}\"},\"query-input\":{\"@type\":\"PropertyValueSpecification\",\"valueRequired\":true,\"valueName\":\"search_term_string\"}}],\"inLanguage\":\"bs-BA\"},{\"@type\":\"Organization\",\"@id\":\"https:\\\/\\\/tuzlainfo.ba\\\/#organization\",\"name\":\"TuzlaInfo.ba\",\"url\":\"https:\\\/\\\/tuzlainfo.ba\\\/\",\"logo\":{\"@type\":\"ImageObject\",\"inLanguage\":\"bs-BA\",\"@id\":\"https:\\\/\\\/tuzlainfo.ba\\\/#\\\/schema\\\/logo\\\/image\\\/\",\"url\":\"https:\\\/\\\/tuzlainfo.ba\\\/wp-content\\\/uploads\\\/2021\\\/03\\\/logo-ver-3-1.png\",\"contentUrl\":\"https:\\\/\\\/tuzlainfo.ba\\\/wp-content\\\/uploads\\\/2021\\\/03\\\/logo-ver-3-1.png\",\"width\":350,\"height\":95,\"caption\":\"TuzlaInfo.ba\"},\"image\":{\"@id\":\"https:\\\/\\\/tuzlainfo.ba\\\/#\\\/schema\\\/logo\\\/image\\\/\"},\"sameAs\":[\"https:\\\/\\\/www.facebook.com\\\/tuzlainfo.ba\\\/\"]},{\"@type\":\"Person\",\"@id\":\"https:\\\/\\\/tuzlainfo.ba\\\/#\\\/schema\\\/person\\\/f434e20dc27ea133923aab08451b7f7f\",\"name\":\"nedim\",\"image\":{\"@type\":\"ImageObject\",\"inLanguage\":\"bs-BA\",\"@id\":\"https:\\\/\\\/secure.gravatar.com\\\/avatar\\\/5b928a2e7e70a54208d2eb6c1edcb75a5350d6ae97d5f0a701203d456823f6f3?s=96&d=mm&r=g\",\"url\":\"https:\\\/\\\/secure.gravatar.com\\\/avatar\\\/5b928a2e7e70a54208d2eb6c1edcb75a5350d6ae97d5f0a701203d456823f6f3?s=96&d=mm&r=g\",\"contentUrl\":\"https:\\\/\\\/secure.gravatar.com\\\/avatar\\\/5b928a2e7e70a54208d2eb6c1edcb75a5350d6ae97d5f0a701203d456823f6f3?s=96&d=mm&r=g\",\"caption\":\"nedim\"},\"description\":\"Tuzlainfo.ba pratite na dru\u0161tvenim mre\u017eama: Facebook, Instagram i Youtube. Svoje pri\u010de, upite i fotografije \u0161aljite na na\u0161u e-mail adresu.\"}]}<\/script>\n<!-- \/ Yoast SEO plugin. -->","yoast_head_json":{"title":"VIDEO \/ Ispovijesti zatvorenica u tuzlanskom zatvoru: Tu su zbog ubistva, \u010dedomortstva, privrednog kriminala...","robots":{"index":"index","follow":"follow","max-snippet":"max-snippet:-1","max-image-preview":"max-image-preview:large","max-video-preview":"max-video-preview:-1"},"canonical":"https:\/\/tuzlainfo.ba\/index.php\/novosti\/item\/217125-video-ispovijesti-zatvorenica-u-tuzlanskom-zatvoru-tu-su-zbog-ubistva-cedomortstva-privrednog-kriminala\/","og_locale":"bs_BA","og_type":"article","og_title":"VIDEO \/ Ispovijesti zatvorenica u tuzlanskom zatvoru: Tu su zbog ubistva, \u010dedomortstva, privrednog kriminala...","og_description":"Ekipa hrvatske TV emisije &#8220;Provjereno&#8221; oti\u0161la je na mjesto gdje televizijske kamere rijetko zalaze, a od same pomisli na njega mnoge prolazi jeza. KPZ Tuzla je jedini \u017eenski zatvor na teritoriji Federacije BiH. Osu\u0111enice odslu\u017euju kazne zbog razli\u010ditih krivi\u010dnih djela me\u0111u kojima su ubistva, \u010dedomortstva, privredni kriminal, ratni zlo\u010dini, droge&#8230; Sobe su otklju\u010dane od 6 [&hellip;]","og_url":"https:\/\/tuzlainfo.ba\/index.php\/novosti\/item\/217125-video-ispovijesti-zatvorenica-u-tuzlanskom-zatvoru-tu-su-zbog-ubistva-cedomortstva-privrednog-kriminala\/","og_site_name":"TuzlaInfo.ba","article_publisher":"https:\/\/www.facebook.com\/tuzlainfo.ba\/","article_published_time":"2023-09-17T19:06:15+00:00","og_image":[{"width":1024,"height":665,"url":"https:\/\/tuzlainfo.ba\/wp-content\/uploads\/2023\/09\/1709_kpztuzla_provjereno.jpg","type":"image\/jpeg"}],"author":"nedim","twitter_card":"summary_large_image","twitter_misc":{"Written by":"nedim","Est. reading time":"2 minute"},"schema":{"@context":"https:\/\/schema.org","@graph":[{"@type":"Article","@id":"https:\/\/tuzlainfo.ba\/index.php\/novosti\/item\/217125-video-ispovijesti-zatvorenica-u-tuzlanskom-zatvoru-tu-su-zbog-ubistva-cedomortstva-privrednog-kriminala\/#article","isPartOf":{"@id":"https:\/\/tuzlainfo.ba\/index.php\/novosti\/item\/217125-video-ispovijesti-zatvorenica-u-tuzlanskom-zatvoru-tu-su-zbog-ubistva-cedomortstva-privrednog-kriminala\/"},"author":{"name":"nedim","@id":"https:\/\/tuzlainfo.ba\/#\/schema\/person\/f434e20dc27ea133923aab08451b7f7f"},"headline":"VIDEO \/ Ispovijesti zatvorenica u tuzlanskom zatvoru: Tu su zbog ubistva, \u010dedomortstva, privrednog kriminala&#8230;","datePublished":"2023-09-17T19:06:15+00:00","mainEntityOfPage":{"@id":"https:\/\/tuzlainfo.ba\/index.php\/novosti\/item\/217125-video-ispovijesti-zatvorenica-u-tuzlanskom-zatvoru-tu-su-zbog-ubistva-cedomortstva-privrednog-kriminala\/"},"wordCount":443,"commentCount":0,"publisher":{"@id":"https:\/\/tuzlainfo.ba\/#organization"},"image":{"@id":"https:\/\/tuzlainfo.ba\/index.php\/novosti\/item\/217125-video-ispovijesti-zatvorenica-u-tuzlanskom-zatvoru-tu-su-zbog-ubistva-cedomortstva-privrednog-kriminala\/#primaryimage"},"thumbnailUrl":"https:\/\/tuzlainfo.ba\/wp-content\/uploads\/2023\/09\/1709_kpztuzla_provjereno.jpg","keywords":["KPZ Tuzla","\u017eenski zatvor tuzla"],"articleSection":["Istaknuto","Novosti"],"inLanguage":"bs-BA","copyrightYear":"2023","copyrightHolder":{"@id":"https:\/\/tuzlainfo.ba\/#organization"}},{"@type":"WebPage","@id":"https:\/\/tuzlainfo.ba\/index.php\/novosti\/item\/217125-video-ispovijesti-zatvorenica-u-tuzlanskom-zatvoru-tu-su-zbog-ubistva-cedomortstva-privrednog-kriminala\/","url":"https:\/\/tuzlainfo.ba\/index.php\/novosti\/item\/217125-video-ispovijesti-zatvorenica-u-tuzlanskom-zatvoru-tu-su-zbog-ubistva-cedomortstva-privrednog-kriminala\/","name":"VIDEO \/ Ispovijesti zatvorenica u tuzlanskom zatvoru: Tu su zbog ubistva, \u010dedomortstva, privrednog kriminala...","isPartOf":{"@id":"https:\/\/tuzlainfo.ba\/#website"},"primaryImageOfPage":{"@id":"https:\/\/tuzlainfo.ba\/index.php\/novosti\/item\/217125-video-ispovijesti-zatvorenica-u-tuzlanskom-zatvoru-tu-su-zbog-ubistva-cedomortstva-privrednog-kriminala\/#primaryimage"},"image":{"@id":"https:\/\/tuzlainfo.ba\/index.php\/novosti\/item\/217125-video-ispovijesti-zatvorenica-u-tuzlanskom-zatvoru-tu-su-zbog-ubistva-cedomortstva-privrednog-kriminala\/#primaryimage"},"thumbnailUrl":"https:\/\/tuzlainfo.ba\/wp-content\/uploads\/2023\/09\/1709_kpztuzla_provjereno.jpg","datePublished":"2023-09-17T19:06:15+00:00","breadcrumb":{"@id":"https:\/\/tuzlainfo.ba\/index.php\/novosti\/item\/217125-video-ispovijesti-zatvorenica-u-tuzlanskom-zatvoru-tu-su-zbog-ubistva-cedomortstva-privrednog-kriminala\/#breadcrumb"},"inLanguage":"bs-BA","potentialAction":[{"@type":"ReadAction","target":["https:\/\/tuzlainfo.ba\/index.php\/novosti\/item\/217125-video-ispovijesti-zatvorenica-u-tuzlanskom-zatvoru-tu-su-zbog-ubistva-cedomortstva-privrednog-kriminala\/"]}]},{"@type":"ImageObject","inLanguage":"bs-BA","@id":"https:\/\/tuzlainfo.ba\/index.php\/novosti\/item\/217125-video-ispovijesti-zatvorenica-u-tuzlanskom-zatvoru-tu-su-zbog-ubistva-cedomortstva-privrednog-kriminala\/#primaryimage","url":"https:\/\/tuzlainfo.ba\/wp-content\/uploads\/2023\/09\/1709_kpztuzla_provjereno.jpg","contentUrl":"https:\/\/tuzlainfo.ba\/wp-content\/uploads\/2023\/09\/1709_kpztuzla_provjereno.jpg","width":1024,"height":665,"caption":"Foto: Provjereno NOVA TV"},{"@type":"BreadcrumbList","@id":"https:\/\/tuzlainfo.ba\/index.php\/novosti\/item\/217125-video-ispovijesti-zatvorenica-u-tuzlanskom-zatvoru-tu-su-zbog-ubistva-cedomortstva-privrednog-kriminala\/#breadcrumb","itemListElement":[{"@type":"ListItem","position":1,"name":"Home","item":"https:\/\/tuzlainfo.ba\/"},{"@type":"ListItem","position":2,"name":"VIDEO \/ Ispovijesti zatvorenica u tuzlanskom zatvoru: Tu su zbog ubistva, \u010dedomortstva, privrednog kriminala&#8230;"}]},{"@type":"WebSite","@id":"https:\/\/tuzlainfo.ba\/#website","url":"https:\/\/tuzlainfo.ba\/","name":"TuzlaInfo.ba","description":"Tuzla info, gradski informator - Tuzla na dlanu","publisher":{"@id":"https:\/\/tuzlainfo.ba\/#organization"},"potentialAction":[{"@type":"SearchAction","target":{"@type":"EntryPoint","urlTemplate":"https:\/\/tuzlainfo.ba\/?s={search_term_string}"},"query-input":{"@type":"PropertyValueSpecification","valueRequired":true,"valueName":"search_term_string"}}],"inLanguage":"bs-BA"},{"@type":"Organization","@id":"https:\/\/tuzlainfo.ba\/#organization","name":"TuzlaInfo.ba","url":"https:\/\/tuzlainfo.ba\/","logo":{"@type":"ImageObject","inLanguage":"bs-BA","@id":"https:\/\/tuzlainfo.ba\/#\/schema\/logo\/image\/","url":"https:\/\/tuzlainfo.ba\/wp-content\/uploads\/2021\/03\/logo-ver-3-1.png","contentUrl":"https:\/\/tuzlainfo.ba\/wp-content\/uploads\/2021\/03\/logo-ver-3-1.png","width":350,"height":95,"caption":"TuzlaInfo.ba"},"image":{"@id":"https:\/\/tuzlainfo.ba\/#\/schema\/logo\/image\/"},"sameAs":["https:\/\/www.facebook.com\/tuzlainfo.ba\/"]},{"@type":"Person","@id":"https:\/\/tuzlainfo.ba\/#\/schema\/person\/f434e20dc27ea133923aab08451b7f7f","name":"nedim","image":{"@type":"ImageObject","inLanguage":"bs-BA","@id":"https:\/\/secure.gravatar.com\/avatar\/5b928a2e7e70a54208d2eb6c1edcb75a5350d6ae97d5f0a701203d456823f6f3?s=96&d=mm&r=g","url":"https:\/\/secure.gravatar.com\/avatar\/5b928a2e7e70a54208d2eb6c1edcb75a5350d6ae97d5f0a701203d456823f6f3?s=96&d=mm&r=g","contentUrl":"https:\/\/secure.gravatar.com\/avatar\/5b928a2e7e70a54208d2eb6c1edcb75a5350d6ae97d5f0a701203d456823f6f3?s=96&d=mm&r=g","caption":"nedim"},"description":"Tuzlainfo.ba pratite na dru\u0161tvenim mre\u017eama: Facebook, Instagram i Youtube. Svoje pri\u010de, upite i fotografije \u0161aljite na na\u0161u e-mail adresu."}]}},"_links":{"self":[{"href":"https:\/\/tuzlainfo.ba\/index.php\/wp-json\/wp\/v2\/posts\/217125","targetHints":{"allow":["GET"]}}],"collection":[{"href":"https:\/\/tuzlainfo.ba\/index.php\/wp-json\/wp\/v2\/posts"}],"about":[{"href":"https:\/\/tuzlainfo.ba\/index.php\/wp-json\/wp\/v2\/types\/post"}],"author":[{"embeddable":true,"href":"https:\/\/tuzlainfo.ba\/index.php\/wp-json\/wp\/v2\/users\/2"}],"replies":[{"embeddable":true,"href":"https:\/\/tuzlainfo.ba\/index.php\/wp-json\/wp\/v2\/comments?post=217125"}],"version-history":[{"count":1,"href":"https:\/\/tuzlainfo.ba\/index.php\/wp-json\/wp\/v2\/posts\/217125\/revisions"}],"predecessor-version":[{"id":217127,"href":"https:\/\/tuzlainfo.ba\/index.php\/wp-json\/wp\/v2\/posts\/217125\/revisions\/217127"}],"wp:featuredmedia":[{"embeddable":true,"href":"https:\/\/tuzlainfo.ba\/index.php\/wp-json\/wp\/v2\/media\/217126"}],"wp:attachment":[{"href":"https:\/\/tuzlainfo.ba\/index.php\/wp-json\/wp\/v2\/media?parent=217125"}],"wp:term":[{"taxonomy":"category","embeddable":true,"href":"https:\/\/tuzlainfo.ba\/index.php\/wp-json\/wp\/v2\/categories?post=217125"},{"taxonomy":"post_tag","embeddable":true,"href":"https:\/\/tuzlainfo.ba\/index.php\/wp-json\/wp\/v2\/tags?post=217125"}],"curies":[{"name":"wp","href":"https:\/\/api.w.org\/{rel}","templated":true}]}}