{"id":216848,"date":"2023-09-14T10:56:43","date_gmt":"2023-09-14T08:56:43","guid":{"rendered":"https:\/\/tuzlainfo.ba\/?p=216848"},"modified":"2023-09-14T10:56:43","modified_gmt":"2023-09-14T08:56:43","slug":"sezona-gotova-a-para-nema-booking-mnogim-vlasnicima-apartmana-u-hrvatskoj-nije-platio","status":"publish","type":"post","link":"https:\/\/tuzlainfo.ba\/index.php\/clanci\/sa-svih-strana\/item\/216848-sezona-gotova-a-para-nema-booking-mnogim-vlasnicima-apartmana-u-hrvatskoj-nije-platio\/","title":{"rendered":"Sezona gotova, a para nema: Booking mnogim vlasnicima apartmana u Hrvatskoj nije platio"},"content":{"rendered":"<p>&#8220;Sna\u017eno \u0107emo stati iza svojih \u010dlanova ukoliko problem s tvrtkom Booking.com i dalje ostane nerije\u0161en. Stoga pozivamo sve koji imaju neispla\u0107ene transakcije da nam se jave na info@huos.org kako bi prikupili podatke i mogli br\u017ee djelovati u ostvarenju njihovog prava na hitnu isplatu\u201d, kazala je Barbara Markovi\u0107, predsjednica Hrvatske udruge obiteljskog smje\u0161taja, referiraju\u0107i se na niz pritu\u017ebi tamo\u0161njih iznajmljiva\u010da kojima popularna online platforma duguje novac za cijelu sezonu ili im je u proteklih nekoliko mjeseci krivo obra\u010dunavala isplate i zakinula ih za odre\u0111ene svote. Nekima duguje na hiljade, a druge su, prema dosada\u0161njim saznanjima u udruzi, zakinuli za stotine ili vi\u0161e eura. Nakon \u0161to je objavljen tekst o Makarki S. R., kojoj Booking.com od 22. juna nije uplatio ni centa, a apartman joj je cijelo ljeto bio pun gostiju koji su rezervirali smje\u0161taj putem te platforme, po\u010deli su se javljati i drugi o\u0161te\u0107eni iznajmljiva\u010di.<\/p>\n<p>\u201cHrvatska udruga obiteljskog smje\u0161taja zadnjih dana prima iznimno veliki broj poziva od \u010dlanova i ostalih iznajmljiva\u010da koje je neugodno zatekla \u010dinjenica kako kroz platformu Booking.com nisu zaprimili novce. Jedan dio iznajmljiva\u010da prijavljuje kako od juna uop\u0107e nisu primili nikakvu isplatu, a dio njih prijavljuje nesrazmjer izme\u0111u faktura i ispla\u0107enog\u201d, ka\u017ee Barbara Markovi\u0107, koja je u ime udruge zatra\u017eila i slu\u017ebeno o\u010ditovanje nadle\u017enih u Booking.com-u.<\/p>\n<p>Poznato im je i kako velik dio iznajmljiva\u010da ima problem koji se nije rije\u0161io mjesecima, uprkos njihovim samostalnim naporima, pa u nekom od sljede\u0107ih koraka (\u201cu Booking.com-u nam tvrde kako rade sve \u0161to mogu kako bi svi u \u0161to kra\u0107em roku zaprimili svoje novce od rezervacija\u201d), ne\u0107e prezati i od posezanja za pravnom za\u0161titom svog \u010dlanstva po pitanju rje\u0161avanja ovog problema.<\/p>\n<p>Hrvatska udruga obiteljskog smje\u0161taja je od hrvatske podru\u017enice Booking.com-a na svoj upit primila o\u010ditovanje\u00a0\u010diji je sadr\u017eaj uglavnom ve\u0107 poznat javnosti iz medija.<\/p>\n<p>\u201cOd srpnja 2023. vr\u0161ili smo planirano globalno odr\u017eavanje sustava na\u0161e financijske platforme, o \u010demu smo unaprijed obavijestili sve na\u0161e partnere.\u00a0Ve\u0107ina isplata na\u0161im partnerima ve\u0107 se nastavila odvijati prema redovnom rasporedu, no u malom broju slu\u010dajeva do\u0161lo je do nepredvi\u0111enih tehni\u010dkih pote\u0161ko\u0107a koje su onemogu\u0107ile redovnu isplatu te radimo na tome da ih \u0161to prije otklonimo.<\/p>\n<p>Pozivamo sve partnere koji smatraju da imaju problem s isplatom da kontaktiraju na\u0161u Slu\u017ebu za korisnike ili svog account managera kako bi poduzeli odgovaraju\u0107e korake \u0161to prije. Svjesni smo da je ovo ka\u0161njenje uzrokovalo zna\u010dajne te\u0161ko\u0107e i zabrinutost te se iskreno ispri\u010davamo. Iako je bilo nu\u017eno provesti ovo odr\u017eavanje, priznajemo da ovo nije iskustvo kakvo \u017eelimo pru\u017eati i nastavljamo \u017eurno raditi na tome da se redovna usluga ponovno omogu\u0107i svim partnerima\u201d, stoji u o\u010ditovanju.<\/p>\n<p>No, Booking.com ni Hrvatskoj udruzi obiteljskog smje\u0161taja nije odgovorio na upit u kojem vremenskom roku o\u010dekuju rje\u0161avanje problema niti na koji na\u010din namjeravaju obe\u0161tetiti iznajmljiva\u010de \u010diji novac ve\u0107 mjesecima dr\u017ee kod sebe.<\/p>\n<p>&nbsp;<\/p>\n","protected":false},"excerpt":{"rendered":"<p>&#8220;Sna\u017eno \u0107emo stati iza svojih \u010dlanova ukoliko problem s tvrtkom Booking.com i dalje ostane nerije\u0161en.&hellip;<\/p>\n","protected":false},"author":3,"featured_media":82110,"comment_status":"open","ping_status":"closed","sticky":false,"template":"","format":"standard","meta":{"_acf_changed":false,"footnotes":""},"categories":[16],"tags":[8224,8223],"acf":[],"yoast_head":"<!-- This site is optimized with the Yoast SEO plugin v23.5 - https:\/\/yoast.com\/wordpress\/plugins\/seo\/ -->\n<title>Sezona gotova, a para nema: Booking mnogim vlasnicima apartmana u Hrvatskoj nije platio - TuzlaInfo.ba<\/title>\n<meta name=\"robots\" content=\"index, follow, max-snippet:-1, max-image-preview:large, max-video-preview:-1\" \/>\n<link rel=\"canonical\" href=\"https:\/\/tuzlainfo.ba\/index.php\/clanci\/sa-svih-strana\/item\/216848-sezona-gotova-a-para-nema-booking-mnogim-vlasnicima-apartmana-u-hrvatskoj-nije-platio\/\" \/>\n<meta property=\"og:locale\" content=\"bs_BA\" \/>\n<meta property=\"og:type\" content=\"article\" \/>\n<meta property=\"og:title\" content=\"Sezona gotova, a para nema: Booking mnogim vlasnicima apartmana u Hrvatskoj nije platio - TuzlaInfo.ba\" \/>\n<meta property=\"og:description\" content=\"&#8220;Sna\u017eno \u0107emo stati iza svojih \u010dlanova ukoliko problem s tvrtkom Booking.com i dalje ostane nerije\u0161en.&hellip;\" \/>\n<meta property=\"og:url\" content=\"https:\/\/tuzlainfo.ba\/index.php\/clanci\/sa-svih-strana\/item\/216848-sezona-gotova-a-para-nema-booking-mnogim-vlasnicima-apartmana-u-hrvatskoj-nije-platio\/\" \/>\n<meta property=\"og:site_name\" content=\"TuzlaInfo.ba\" \/>\n<meta property=\"article:publisher\" content=\"https:\/\/www.facebook.com\/tuzlainfo.ba\/\" \/>\n<meta property=\"article:published_time\" content=\"2023-09-14T08:56:43+00:00\" \/>\n<meta property=\"og:image\" content=\"https:\/\/tuzlainfo.ba\/wp-content\/uploads\/2020\/08\/sadrzaj_2020_20200801_2608_makarska.jpg\" \/>\n\t<meta property=\"og:image:width\" content=\"770\" \/>\n\t<meta property=\"og:image:height\" content=\"578\" \/>\n\t<meta property=\"og:image:type\" content=\"image\/jpeg\" \/>\n<meta name=\"author\" content=\"admin2\" \/>\n<meta name=\"twitter:card\" content=\"summary_large_image\" \/>\n<meta name=\"twitter:label1\" content=\"Written by\" \/>\n\t<meta name=\"twitter:data1\" content=\"admin2\" \/>\n\t<meta name=\"twitter:label2\" content=\"Est. reading time\" \/>\n\t<meta name=\"twitter:data2\" content=\"3 minute\" \/>\n<script type=\"application\/ld+json\" class=\"yoast-schema-graph\">{\"@context\":\"https:\/\/schema.org\",\"@graph\":[{\"@type\":\"Article\",\"@id\":\"https:\/\/tuzlainfo.ba\/index.php\/clanci\/sa-svih-strana\/item\/216848-sezona-gotova-a-para-nema-booking-mnogim-vlasnicima-apartmana-u-hrvatskoj-nije-platio\/#article\",\"isPartOf\":{\"@id\":\"https:\/\/tuzlainfo.ba\/index.php\/clanci\/sa-svih-strana\/item\/216848-sezona-gotova-a-para-nema-booking-mnogim-vlasnicima-apartmana-u-hrvatskoj-nije-platio\/\"},\"author\":{\"name\":\"admin2\",\"@id\":\"https:\/\/tuzlainfo.ba\/#\/schema\/person\/f4ebe4fff27e68efb65fa7e18f8af372\"},\"headline\":\"Sezona gotova, a para nema: Booking mnogim vlasnicima apartmana u Hrvatskoj nije platio\",\"datePublished\":\"2023-09-14T08:56:43+00:00\",\"dateModified\":\"2023-09-14T08:56:43+00:00\",\"mainEntityOfPage\":{\"@id\":\"https:\/\/tuzlainfo.ba\/index.php\/clanci\/sa-svih-strana\/item\/216848-sezona-gotova-a-para-nema-booking-mnogim-vlasnicima-apartmana-u-hrvatskoj-nije-platio\/\"},\"wordCount\":548,\"commentCount\":0,\"publisher\":{\"@id\":\"https:\/\/tuzlainfo.ba\/#organization\"},\"image\":{\"@id\":\"https:\/\/tuzlainfo.ba\/index.php\/clanci\/sa-svih-strana\/item\/216848-sezona-gotova-a-para-nema-booking-mnogim-vlasnicima-apartmana-u-hrvatskoj-nije-platio\/#primaryimage\"},\"thumbnailUrl\":\"https:\/\/tuzlainfo.ba\/wp-content\/uploads\/2020\/08\/sadrzaj_2020_20200801_2608_makarska.jpg\",\"keywords\":[\"booking\",\"sezona u hrvatskoj\"],\"articleSection\":[\"Sa svih strana\"],\"inLanguage\":\"bs-BA\"},{\"@type\":\"WebPage\",\"@id\":\"https:\/\/tuzlainfo.ba\/index.php\/clanci\/sa-svih-strana\/item\/216848-sezona-gotova-a-para-nema-booking-mnogim-vlasnicima-apartmana-u-hrvatskoj-nije-platio\/\",\"url\":\"https:\/\/tuzlainfo.ba\/index.php\/clanci\/sa-svih-strana\/item\/216848-sezona-gotova-a-para-nema-booking-mnogim-vlasnicima-apartmana-u-hrvatskoj-nije-platio\/\",\"name\":\"Sezona gotova, a para nema: Booking mnogim vlasnicima apartmana u Hrvatskoj nije platio - TuzlaInfo.ba\",\"isPartOf\":{\"@id\":\"https:\/\/tuzlainfo.ba\/#website\"},\"primaryImageOfPage\":{\"@id\":\"https:\/\/tuzlainfo.ba\/index.php\/clanci\/sa-svih-strana\/item\/216848-sezona-gotova-a-para-nema-booking-mnogim-vlasnicima-apartmana-u-hrvatskoj-nije-platio\/#primaryimage\"},\"image\":{\"@id\":\"https:\/\/tuzlainfo.ba\/index.php\/clanci\/sa-svih-strana\/item\/216848-sezona-gotova-a-para-nema-booking-mnogim-vlasnicima-apartmana-u-hrvatskoj-nije-platio\/#primaryimage\"},\"thumbnailUrl\":\"https:\/\/tuzlainfo.ba\/wp-content\/uploads\/2020\/08\/sadrzaj_2020_20200801_2608_makarska.jpg\",\"datePublished\":\"2023-09-14T08:56:43+00:00\",\"dateModified\":\"2023-09-14T08:56:43+00:00\",\"breadcrumb\":{\"@id\":\"https:\/\/tuzlainfo.ba\/index.php\/clanci\/sa-svih-strana\/item\/216848-sezona-gotova-a-para-nema-booking-mnogim-vlasnicima-apartmana-u-hrvatskoj-nije-platio\/#breadcrumb\"},\"inLanguage\":\"bs-BA\",\"potentialAction\":[{\"@type\":\"ReadAction\",\"target\":[\"https:\/\/tuzlainfo.ba\/index.php\/clanci\/sa-svih-strana\/item\/216848-sezona-gotova-a-para-nema-booking-mnogim-vlasnicima-apartmana-u-hrvatskoj-nije-platio\/\"]}]},{\"@type\":\"ImageObject\",\"inLanguage\":\"bs-BA\",\"@id\":\"https:\/\/tuzlainfo.ba\/index.php\/clanci\/sa-svih-strana\/item\/216848-sezona-gotova-a-para-nema-booking-mnogim-vlasnicima-apartmana-u-hrvatskoj-nije-platio\/#primaryimage\",\"url\":\"https:\/\/tuzlainfo.ba\/wp-content\/uploads\/2020\/08\/sadrzaj_2020_20200801_2608_makarska.jpg\",\"contentUrl\":\"https:\/\/tuzlainfo.ba\/wp-content\/uploads\/2020\/08\/sadrzaj_2020_20200801_2608_makarska.jpg\",\"width\":770,\"height\":578,\"caption\":\"2608 makarska\"},{\"@type\":\"BreadcrumbList\",\"@id\":\"https:\/\/tuzlainfo.ba\/index.php\/clanci\/sa-svih-strana\/item\/216848-sezona-gotova-a-para-nema-booking-mnogim-vlasnicima-apartmana-u-hrvatskoj-nije-platio\/#breadcrumb\",\"itemListElement\":[{\"@type\":\"ListItem\",\"position\":1,\"name\":\"Home\",\"item\":\"https:\/\/tuzlainfo.ba\/\"},{\"@type\":\"ListItem\",\"position\":2,\"name\":\"Sezona gotova, a para nema: Booking mnogim vlasnicima apartmana u Hrvatskoj nije platio\"}]},{\"@type\":\"WebSite\",\"@id\":\"https:\/\/tuzlainfo.ba\/#website\",\"url\":\"https:\/\/tuzlainfo.ba\/\",\"name\":\"TuzlaInfo.ba\",\"description\":\"Tuzla info, gradski informator - Tuzla na dlanu\",\"publisher\":{\"@id\":\"https:\/\/tuzlainfo.ba\/#organization\"},\"potentialAction\":[{\"@type\":\"SearchAction\",\"target\":{\"@type\":\"EntryPoint\",\"urlTemplate\":\"https:\/\/tuzlainfo.ba\/?s={search_term_string}\"},\"query-input\":{\"@type\":\"PropertyValueSpecification\",\"valueRequired\":true,\"valueName\":\"search_term_string\"}}],\"inLanguage\":\"bs-BA\"},{\"@type\":\"Organization\",\"@id\":\"https:\/\/tuzlainfo.ba\/#organization\",\"name\":\"TuzlaInfo.ba\",\"url\":\"https:\/\/tuzlainfo.ba\/\",\"logo\":{\"@type\":\"ImageObject\",\"inLanguage\":\"bs-BA\",\"@id\":\"https:\/\/tuzlainfo.ba\/#\/schema\/logo\/image\/\",\"url\":\"https:\/\/tuzlainfo.ba\/wp-content\/uploads\/2021\/03\/logo-ver-3-1.png\",\"contentUrl\":\"https:\/\/tuzlainfo.ba\/wp-content\/uploads\/2021\/03\/logo-ver-3-1.png\",\"width\":350,\"height\":95,\"caption\":\"TuzlaInfo.ba\"},\"image\":{\"@id\":\"https:\/\/tuzlainfo.ba\/#\/schema\/logo\/image\/\"},\"sameAs\":[\"https:\/\/www.facebook.com\/tuzlainfo.ba\/\"]},{\"@type\":\"Person\",\"@id\":\"https:\/\/tuzlainfo.ba\/#\/schema\/person\/f4ebe4fff27e68efb65fa7e18f8af372\",\"name\":\"admin2\",\"image\":{\"@type\":\"ImageObject\",\"inLanguage\":\"bs-BA\",\"@id\":\"https:\/\/tuzlainfo.ba\/#\/schema\/person\/image\/\",\"url\":\"https:\/\/tuzlainfo.ba\/wp-content\/litespeed\/avatar\/8219eeb9a43cff2d096e773737736f62.jpg?ver=1777309398\",\"contentUrl\":\"https:\/\/tuzlainfo.ba\/wp-content\/litespeed\/avatar\/8219eeb9a43cff2d096e773737736f62.jpg?ver=1777309398\",\"caption\":\"admin2\"},\"description\":\"Tuzlainfo.ba pratite na dru\u0161tvenim mre\u017eama: Facebook, Instagram i Youtube. Svoje pri\u010de, upite i fotografije \u0161aljite na na\u0161u e-mail adresu.\",\"sameAs\":[\"admin\"]}]}<\/script>\n<!-- \/ Yoast SEO plugin. -->","yoast_head_json":{"title":"Sezona gotova, a para nema: Booking mnogim vlasnicima apartmana u Hrvatskoj nije platio - TuzlaInfo.ba","robots":{"index":"index","follow":"follow","max-snippet":"max-snippet:-1","max-image-preview":"max-image-preview:large","max-video-preview":"max-video-preview:-1"},"canonical":"https:\/\/tuzlainfo.ba\/index.php\/clanci\/sa-svih-strana\/item\/216848-sezona-gotova-a-para-nema-booking-mnogim-vlasnicima-apartmana-u-hrvatskoj-nije-platio\/","og_locale":"bs_BA","og_type":"article","og_title":"Sezona gotova, a para nema: Booking mnogim vlasnicima apartmana u Hrvatskoj nije platio - TuzlaInfo.ba","og_description":"&#8220;Sna\u017eno \u0107emo stati iza svojih \u010dlanova ukoliko problem s tvrtkom Booking.com i dalje ostane nerije\u0161en.&hellip;","og_url":"https:\/\/tuzlainfo.ba\/index.php\/clanci\/sa-svih-strana\/item\/216848-sezona-gotova-a-para-nema-booking-mnogim-vlasnicima-apartmana-u-hrvatskoj-nije-platio\/","og_site_name":"TuzlaInfo.ba","article_publisher":"https:\/\/www.facebook.com\/tuzlainfo.ba\/","article_published_time":"2023-09-14T08:56:43+00:00","og_image":[{"width":770,"height":578,"url":"https:\/\/tuzlainfo.ba\/wp-content\/uploads\/2020\/08\/sadrzaj_2020_20200801_2608_makarska.jpg","type":"image\/jpeg"}],"author":"admin2","twitter_card":"summary_large_image","twitter_misc":{"Written by":"admin2","Est. reading time":"3 minute"},"schema":{"@context":"https:\/\/schema.org","@graph":[{"@type":"Article","@id":"https:\/\/tuzlainfo.ba\/index.php\/clanci\/sa-svih-strana\/item\/216848-sezona-gotova-a-para-nema-booking-mnogim-vlasnicima-apartmana-u-hrvatskoj-nije-platio\/#article","isPartOf":{"@id":"https:\/\/tuzlainfo.ba\/index.php\/clanci\/sa-svih-strana\/item\/216848-sezona-gotova-a-para-nema-booking-mnogim-vlasnicima-apartmana-u-hrvatskoj-nije-platio\/"},"author":{"name":"admin2","@id":"https:\/\/tuzlainfo.ba\/#\/schema\/person\/f4ebe4fff27e68efb65fa7e18f8af372"},"headline":"Sezona gotova, a para nema: Booking mnogim vlasnicima apartmana u Hrvatskoj nije platio","datePublished":"2023-09-14T08:56:43+00:00","dateModified":"2023-09-14T08:56:43+00:00","mainEntityOfPage":{"@id":"https:\/\/tuzlainfo.ba\/index.php\/clanci\/sa-svih-strana\/item\/216848-sezona-gotova-a-para-nema-booking-mnogim-vlasnicima-apartmana-u-hrvatskoj-nije-platio\/"},"wordCount":548,"commentCount":0,"publisher":{"@id":"https:\/\/tuzlainfo.ba\/#organization"},"image":{"@id":"https:\/\/tuzlainfo.ba\/index.php\/clanci\/sa-svih-strana\/item\/216848-sezona-gotova-a-para-nema-booking-mnogim-vlasnicima-apartmana-u-hrvatskoj-nije-platio\/#primaryimage"},"thumbnailUrl":"https:\/\/tuzlainfo.ba\/wp-content\/uploads\/2020\/08\/sadrzaj_2020_20200801_2608_makarska.jpg","keywords":["booking","sezona u hrvatskoj"],"articleSection":["Sa svih strana"],"inLanguage":"bs-BA"},{"@type":"WebPage","@id":"https:\/\/tuzlainfo.ba\/index.php\/clanci\/sa-svih-strana\/item\/216848-sezona-gotova-a-para-nema-booking-mnogim-vlasnicima-apartmana-u-hrvatskoj-nije-platio\/","url":"https:\/\/tuzlainfo.ba\/index.php\/clanci\/sa-svih-strana\/item\/216848-sezona-gotova-a-para-nema-booking-mnogim-vlasnicima-apartmana-u-hrvatskoj-nije-platio\/","name":"Sezona gotova, a para nema: Booking mnogim vlasnicima apartmana u Hrvatskoj nije platio - TuzlaInfo.ba","isPartOf":{"@id":"https:\/\/tuzlainfo.ba\/#website"},"primaryImageOfPage":{"@id":"https:\/\/tuzlainfo.ba\/index.php\/clanci\/sa-svih-strana\/item\/216848-sezona-gotova-a-para-nema-booking-mnogim-vlasnicima-apartmana-u-hrvatskoj-nije-platio\/#primaryimage"},"image":{"@id":"https:\/\/tuzlainfo.ba\/index.php\/clanci\/sa-svih-strana\/item\/216848-sezona-gotova-a-para-nema-booking-mnogim-vlasnicima-apartmana-u-hrvatskoj-nije-platio\/#primaryimage"},"thumbnailUrl":"https:\/\/tuzlainfo.ba\/wp-content\/uploads\/2020\/08\/sadrzaj_2020_20200801_2608_makarska.jpg","datePublished":"2023-09-14T08:56:43+00:00","dateModified":"2023-09-14T08:56:43+00:00","breadcrumb":{"@id":"https:\/\/tuzlainfo.ba\/index.php\/clanci\/sa-svih-strana\/item\/216848-sezona-gotova-a-para-nema-booking-mnogim-vlasnicima-apartmana-u-hrvatskoj-nije-platio\/#breadcrumb"},"inLanguage":"bs-BA","potentialAction":[{"@type":"ReadAction","target":["https:\/\/tuzlainfo.ba\/index.php\/clanci\/sa-svih-strana\/item\/216848-sezona-gotova-a-para-nema-booking-mnogim-vlasnicima-apartmana-u-hrvatskoj-nije-platio\/"]}]},{"@type":"ImageObject","inLanguage":"bs-BA","@id":"https:\/\/tuzlainfo.ba\/index.php\/clanci\/sa-svih-strana\/item\/216848-sezona-gotova-a-para-nema-booking-mnogim-vlasnicima-apartmana-u-hrvatskoj-nije-platio\/#primaryimage","url":"https:\/\/tuzlainfo.ba\/wp-content\/uploads\/2020\/08\/sadrzaj_2020_20200801_2608_makarska.jpg","contentUrl":"https:\/\/tuzlainfo.ba\/wp-content\/uploads\/2020\/08\/sadrzaj_2020_20200801_2608_makarska.jpg","width":770,"height":578,"caption":"2608 makarska"},{"@type":"BreadcrumbList","@id":"https:\/\/tuzlainfo.ba\/index.php\/clanci\/sa-svih-strana\/item\/216848-sezona-gotova-a-para-nema-booking-mnogim-vlasnicima-apartmana-u-hrvatskoj-nije-platio\/#breadcrumb","itemListElement":[{"@type":"ListItem","position":1,"name":"Home","item":"https:\/\/tuzlainfo.ba\/"},{"@type":"ListItem","position":2,"name":"Sezona gotova, a para nema: Booking mnogim vlasnicima apartmana u Hrvatskoj nije platio"}]},{"@type":"WebSite","@id":"https:\/\/tuzlainfo.ba\/#website","url":"https:\/\/tuzlainfo.ba\/","name":"TuzlaInfo.ba","description":"Tuzla info, gradski informator - Tuzla na dlanu","publisher":{"@id":"https:\/\/tuzlainfo.ba\/#organization"},"potentialAction":[{"@type":"SearchAction","target":{"@type":"EntryPoint","urlTemplate":"https:\/\/tuzlainfo.ba\/?s={search_term_string}"},"query-input":{"@type":"PropertyValueSpecification","valueRequired":true,"valueName":"search_term_string"}}],"inLanguage":"bs-BA"},{"@type":"Organization","@id":"https:\/\/tuzlainfo.ba\/#organization","name":"TuzlaInfo.ba","url":"https:\/\/tuzlainfo.ba\/","logo":{"@type":"ImageObject","inLanguage":"bs-BA","@id":"https:\/\/tuzlainfo.ba\/#\/schema\/logo\/image\/","url":"https:\/\/tuzlainfo.ba\/wp-content\/uploads\/2021\/03\/logo-ver-3-1.png","contentUrl":"https:\/\/tuzlainfo.ba\/wp-content\/uploads\/2021\/03\/logo-ver-3-1.png","width":350,"height":95,"caption":"TuzlaInfo.ba"},"image":{"@id":"https:\/\/tuzlainfo.ba\/#\/schema\/logo\/image\/"},"sameAs":["https:\/\/www.facebook.com\/tuzlainfo.ba\/"]},{"@type":"Person","@id":"https:\/\/tuzlainfo.ba\/#\/schema\/person\/f4ebe4fff27e68efb65fa7e18f8af372","name":"admin2","image":{"@type":"ImageObject","inLanguage":"bs-BA","@id":"https:\/\/tuzlainfo.ba\/#\/schema\/person\/image\/","url":"https:\/\/tuzlainfo.ba\/wp-content\/litespeed\/avatar\/8219eeb9a43cff2d096e773737736f62.jpg?ver=1777309398","contentUrl":"https:\/\/tuzlainfo.ba\/wp-content\/litespeed\/avatar\/8219eeb9a43cff2d096e773737736f62.jpg?ver=1777309398","caption":"admin2"},"description":"Tuzlainfo.ba pratite na dru\u0161tvenim mre\u017eama: Facebook, Instagram i Youtube. Svoje pri\u010de, upite i fotografije \u0161aljite na na\u0161u e-mail adresu.","sameAs":["admin"]}]}},"_links":{"self":[{"href":"https:\/\/tuzlainfo.ba\/index.php\/wp-json\/wp\/v2\/posts\/216848"}],"collection":[{"href":"https:\/\/tuzlainfo.ba\/index.php\/wp-json\/wp\/v2\/posts"}],"about":[{"href":"https:\/\/tuzlainfo.ba\/index.php\/wp-json\/wp\/v2\/types\/post"}],"author":[{"embeddable":true,"href":"https:\/\/tuzlainfo.ba\/index.php\/wp-json\/wp\/v2\/users\/3"}],"replies":[{"embeddable":true,"href":"https:\/\/tuzlainfo.ba\/index.php\/wp-json\/wp\/v2\/comments?post=216848"}],"version-history":[{"count":1,"href":"https:\/\/tuzlainfo.ba\/index.php\/wp-json\/wp\/v2\/posts\/216848\/revisions"}],"predecessor-version":[{"id":216849,"href":"https:\/\/tuzlainfo.ba\/index.php\/wp-json\/wp\/v2\/posts\/216848\/revisions\/216849"}],"wp:featuredmedia":[{"embeddable":true,"href":"https:\/\/tuzlainfo.ba\/index.php\/wp-json\/wp\/v2\/media\/82110"}],"wp:attachment":[{"href":"https:\/\/tuzlainfo.ba\/index.php\/wp-json\/wp\/v2\/media?parent=216848"}],"wp:term":[{"taxonomy":"category","embeddable":true,"href":"https:\/\/tuzlainfo.ba\/index.php\/wp-json\/wp\/v2\/categories?post=216848"},{"taxonomy":"post_tag","embeddable":true,"href":"https:\/\/tuzlainfo.ba\/index.php\/wp-json\/wp\/v2\/tags?post=216848"}],"curies":[{"name":"wp","href":"https:\/\/api.w.org\/{rel}","templated":true}]}}