{"id":216442,"date":"2023-09-10T10:50:33","date_gmt":"2023-09-10T08:50:33","guid":{"rendered":"https:\/\/tuzlainfo.ba\/?p=216442"},"modified":"2023-09-10T10:18:15","modified_gmt":"2023-09-10T08:18:15","slug":"danas-zadnji-dan-sajma-medena-tuzla-2023-jucer-uruce-nagrade-i-priznanja","status":"publish","type":"post","link":"https:\/\/tuzlainfo.ba\/index.php\/novosti\/item\/216442-danas-zadnji-dan-sajma-medena-tuzla-2023-jucer-uruce-nagrade-i-priznanja\/","title":{"rendered":"Danas zadnji dan Sajma &#8220;Medena Tuzla 2023&#8221;, ju\u010der uru\u010de nagrade i priznanja"},"content":{"rendered":"<p>P\u010delarsko dru\u0161tvo \u201eNektar\u201c Tuzla i ove godine uspje\u0111no je organizovao\u00a0 Sajam \u201cMedena Tuzla 2023\u201d koji se na Trgu slobode odr\u017eava od 8 \u2013 10. septembra.<\/p>\n<p>U sklopu sajamske manifestacije predstavljeni su p\u010delinji proizvodi brojnih p\u010delara iz BiH i inostranstva, kao i doma\u0107i proizvodi od ljekovitog bilja, vo\u0107a i povr\u0107a, rukotvorine i sli\u010dno.<\/p>\n<p>Podr\u0161ku sajmu i ove godine je dao Grad Tuzla i Turisti\u010dka zajednica Grada Tuzle.<\/p>\n<div id=\"penci-post-gallery__4675\" class=\"penci-post-gallery-container masonry grid column-3\" data-height=\"150\" data-margin=\"3\"><div class=\"inner-gallery-masonry-container\"><div class=\"item-gallery-masonry grid\"><a class=\"\" href=\"https:\/\/tuzlainfo.ba\/wp-content\/uploads\/2023\/09\/1009_sajammed-1.jpg\"><div class=\"inner-item-masonry-gallery\"><img decoding=\"async\" src=\"https:\/\/tuzlainfo.ba\/wp-content\/uploads\/2023\/09\/1009_sajammed-1-585x390.jpg\" alt=\"\" title=\"1009_sajammed (1)\"><\/div><\/a><\/div><div class=\"item-gallery-masonry grid\"><a class=\"\" href=\"https:\/\/tuzlainfo.ba\/wp-content\/uploads\/2023\/09\/1009_sajammed-3.jpg\"><div class=\"inner-item-masonry-gallery\"><img decoding=\"async\" src=\"https:\/\/tuzlainfo.ba\/wp-content\/uploads\/2023\/09\/1009_sajammed-3-585x390.jpg\" alt=\"\" title=\"1009_sajammed (3)\"><\/div><\/a><\/div><div class=\"item-gallery-masonry grid\"><a class=\"\" href=\"https:\/\/tuzlainfo.ba\/wp-content\/uploads\/2023\/09\/1009_sajammed-2.jpg\"><div class=\"inner-item-masonry-gallery\"><img decoding=\"async\" src=\"https:\/\/tuzlainfo.ba\/wp-content\/uploads\/2023\/09\/1009_sajammed-2-585x390.jpg\" alt=\"\" title=\"1009_sajammed (2)\"><\/div><\/a><\/div><\/div><\/div>\n<p>Sve\u010dano otvorenje sajma uprili\u010deno je ju\u010der uz prisustvo gradona\u010delnika Tuzle Zijada Lugavi\u0107a i ambasadora R. Slovenije Nj. E. Damjan Sedar, kada su dodijeljene i nagrade za najkvalitetnije proizvode.<\/p>\n<p>Sajam zavr\u0161ava danas u 18 sati.<\/p>\n","protected":false},"excerpt":{"rendered":"<p>P\u010delarsko dru\u0161tvo \u201eNektar\u201c Tuzla i ove godine uspje\u0111no je organizovao\u00a0 Sajam \u201cMedena Tuzla 2023\u201d koji&hellip;<\/p>\n","protected":false},"author":2,"featured_media":216267,"comment_status":"open","ping_status":"closed","sticky":false,"template":"","format":"standard","meta":{"_acf_changed":false,"footnotes":""},"categories":[304,12],"tags":[8182],"acf":[],"yoast_head":"<!-- This site is optimized with the Yoast SEO plugin v23.5 - https:\/\/yoast.com\/wordpress\/plugins\/seo\/ -->\n<title>Danas zadnji dan Sajma &quot;Medena Tuzla 2023&quot;, ju\u010der uru\u010de nagrade i priznanja - TuzlaInfo.ba<\/title>\n<meta name=\"robots\" content=\"index, follow, max-snippet:-1, max-image-preview:large, max-video-preview:-1\" \/>\n<link rel=\"canonical\" href=\"https:\/\/tuzlainfo.ba\/index.php\/novosti\/item\/216442-danas-zadnji-dan-sajma-medena-tuzla-2023-jucer-uruce-nagrade-i-priznanja\/\" \/>\n<meta property=\"og:locale\" content=\"bs_BA\" \/>\n<meta property=\"og:type\" content=\"article\" \/>\n<meta property=\"og:title\" content=\"Danas zadnji dan Sajma &quot;Medena Tuzla 2023&quot;, ju\u010der uru\u010de nagrade i priznanja - TuzlaInfo.ba\" \/>\n<meta property=\"og:description\" content=\"P\u010delarsko dru\u0161tvo \u201eNektar\u201c Tuzla i ove godine uspje\u0111no je organizovao\u00a0 Sajam \u201cMedena Tuzla 2023\u201d koji&hellip;\" \/>\n<meta property=\"og:url\" content=\"https:\/\/tuzlainfo.ba\/index.php\/novosti\/item\/216442-danas-zadnji-dan-sajma-medena-tuzla-2023-jucer-uruce-nagrade-i-priznanja\/\" \/>\n<meta property=\"og:site_name\" content=\"TuzlaInfo.ba\" \/>\n<meta property=\"article:publisher\" content=\"https:\/\/www.facebook.com\/tuzlainfo.ba\/\" \/>\n<meta property=\"article:published_time\" content=\"2023-09-10T08:50:33+00:00\" \/>\n<meta property=\"article:modified_time\" content=\"2023-09-10T08:18:15+00:00\" \/>\n<meta property=\"og:image\" content=\"https:\/\/tuzlainfo.ba\/wp-content\/uploads\/2023\/09\/0809_sajam_meda-5.jpg\" \/>\n\t<meta property=\"og:image:width\" content=\"1600\" \/>\n\t<meta property=\"og:image:height\" content=\"1200\" \/>\n\t<meta property=\"og:image:type\" content=\"image\/jpeg\" \/>\n<meta name=\"author\" content=\"nedim\" \/>\n<meta name=\"twitter:card\" content=\"summary_large_image\" \/>\n<meta name=\"twitter:label1\" content=\"Written by\" \/>\n\t<meta name=\"twitter:data1\" content=\"nedim\" \/>\n\t<meta name=\"twitter:label2\" content=\"Est. reading time\" \/>\n\t<meta name=\"twitter:data2\" content=\"1 minuta\" \/>\n<script type=\"application\/ld+json\" class=\"yoast-schema-graph\">{\"@context\":\"https:\/\/schema.org\",\"@graph\":[{\"@type\":\"Article\",\"@id\":\"https:\/\/tuzlainfo.ba\/index.php\/novosti\/item\/216442-danas-zadnji-dan-sajma-medena-tuzla-2023-jucer-uruce-nagrade-i-priznanja\/#article\",\"isPartOf\":{\"@id\":\"https:\/\/tuzlainfo.ba\/index.php\/novosti\/item\/216442-danas-zadnji-dan-sajma-medena-tuzla-2023-jucer-uruce-nagrade-i-priznanja\/\"},\"author\":{\"name\":\"nedim\",\"@id\":\"https:\/\/tuzlainfo.ba\/#\/schema\/person\/f434e20dc27ea133923aab08451b7f7f\"},\"headline\":\"Danas zadnji dan Sajma &#8220;Medena Tuzla 2023&#8221;, ju\u010der uru\u010de nagrade i priznanja\",\"datePublished\":\"2023-09-10T08:50:33+00:00\",\"dateModified\":\"2023-09-10T08:18:15+00:00\",\"mainEntityOfPage\":{\"@id\":\"https:\/\/tuzlainfo.ba\/index.php\/novosti\/item\/216442-danas-zadnji-dan-sajma-medena-tuzla-2023-jucer-uruce-nagrade-i-priznanja\/\"},\"wordCount\":130,\"commentCount\":0,\"publisher\":{\"@id\":\"https:\/\/tuzlainfo.ba\/#organization\"},\"image\":{\"@id\":\"https:\/\/tuzlainfo.ba\/index.php\/novosti\/item\/216442-danas-zadnji-dan-sajma-medena-tuzla-2023-jucer-uruce-nagrade-i-priznanja\/#primaryimage\"},\"thumbnailUrl\":\"https:\/\/tuzlainfo.ba\/wp-content\/uploads\/2023\/09\/0809_sajam_meda-5.jpg\",\"keywords\":[\"sajam medena\"],\"articleSection\":[\"Istaknuto\",\"Novosti\"],\"inLanguage\":\"bs-BA\"},{\"@type\":\"WebPage\",\"@id\":\"https:\/\/tuzlainfo.ba\/index.php\/novosti\/item\/216442-danas-zadnji-dan-sajma-medena-tuzla-2023-jucer-uruce-nagrade-i-priznanja\/\",\"url\":\"https:\/\/tuzlainfo.ba\/index.php\/novosti\/item\/216442-danas-zadnji-dan-sajma-medena-tuzla-2023-jucer-uruce-nagrade-i-priznanja\/\",\"name\":\"Danas zadnji dan Sajma \\\"Medena Tuzla 2023\\\", ju\u010der uru\u010de nagrade i priznanja - TuzlaInfo.ba\",\"isPartOf\":{\"@id\":\"https:\/\/tuzlainfo.ba\/#website\"},\"primaryImageOfPage\":{\"@id\":\"https:\/\/tuzlainfo.ba\/index.php\/novosti\/item\/216442-danas-zadnji-dan-sajma-medena-tuzla-2023-jucer-uruce-nagrade-i-priznanja\/#primaryimage\"},\"image\":{\"@id\":\"https:\/\/tuzlainfo.ba\/index.php\/novosti\/item\/216442-danas-zadnji-dan-sajma-medena-tuzla-2023-jucer-uruce-nagrade-i-priznanja\/#primaryimage\"},\"thumbnailUrl\":\"https:\/\/tuzlainfo.ba\/wp-content\/uploads\/2023\/09\/0809_sajam_meda-5.jpg\",\"datePublished\":\"2023-09-10T08:50:33+00:00\",\"dateModified\":\"2023-09-10T08:18:15+00:00\",\"breadcrumb\":{\"@id\":\"https:\/\/tuzlainfo.ba\/index.php\/novosti\/item\/216442-danas-zadnji-dan-sajma-medena-tuzla-2023-jucer-uruce-nagrade-i-priznanja\/#breadcrumb\"},\"inLanguage\":\"bs-BA\",\"potentialAction\":[{\"@type\":\"ReadAction\",\"target\":[\"https:\/\/tuzlainfo.ba\/index.php\/novosti\/item\/216442-danas-zadnji-dan-sajma-medena-tuzla-2023-jucer-uruce-nagrade-i-priznanja\/\"]}]},{\"@type\":\"ImageObject\",\"inLanguage\":\"bs-BA\",\"@id\":\"https:\/\/tuzlainfo.ba\/index.php\/novosti\/item\/216442-danas-zadnji-dan-sajma-medena-tuzla-2023-jucer-uruce-nagrade-i-priznanja\/#primaryimage\",\"url\":\"https:\/\/tuzlainfo.ba\/wp-content\/uploads\/2023\/09\/0809_sajam_meda-5.jpg\",\"contentUrl\":\"https:\/\/tuzlainfo.ba\/wp-content\/uploads\/2023\/09\/0809_sajam_meda-5.jpg\",\"width\":1600,\"height\":1200},{\"@type\":\"BreadcrumbList\",\"@id\":\"https:\/\/tuzlainfo.ba\/index.php\/novosti\/item\/216442-danas-zadnji-dan-sajma-medena-tuzla-2023-jucer-uruce-nagrade-i-priznanja\/#breadcrumb\",\"itemListElement\":[{\"@type\":\"ListItem\",\"position\":1,\"name\":\"Home\",\"item\":\"https:\/\/tuzlainfo.ba\/\"},{\"@type\":\"ListItem\",\"position\":2,\"name\":\"Danas zadnji dan Sajma &#8220;Medena Tuzla 2023&#8221;, ju\u010der uru\u010de nagrade i priznanja\"}]},{\"@type\":\"WebSite\",\"@id\":\"https:\/\/tuzlainfo.ba\/#website\",\"url\":\"https:\/\/tuzlainfo.ba\/\",\"name\":\"TuzlaInfo.ba\",\"description\":\"Tuzla info, gradski informator - Tuzla na dlanu\",\"publisher\":{\"@id\":\"https:\/\/tuzlainfo.ba\/#organization\"},\"potentialAction\":[{\"@type\":\"SearchAction\",\"target\":{\"@type\":\"EntryPoint\",\"urlTemplate\":\"https:\/\/tuzlainfo.ba\/?s={search_term_string}\"},\"query-input\":{\"@type\":\"PropertyValueSpecification\",\"valueRequired\":true,\"valueName\":\"search_term_string\"}}],\"inLanguage\":\"bs-BA\"},{\"@type\":\"Organization\",\"@id\":\"https:\/\/tuzlainfo.ba\/#organization\",\"name\":\"TuzlaInfo.ba\",\"url\":\"https:\/\/tuzlainfo.ba\/\",\"logo\":{\"@type\":\"ImageObject\",\"inLanguage\":\"bs-BA\",\"@id\":\"https:\/\/tuzlainfo.ba\/#\/schema\/logo\/image\/\",\"url\":\"https:\/\/tuzlainfo.ba\/wp-content\/uploads\/2021\/03\/logo-ver-3-1.png\",\"contentUrl\":\"https:\/\/tuzlainfo.ba\/wp-content\/uploads\/2021\/03\/logo-ver-3-1.png\",\"width\":350,\"height\":95,\"caption\":\"TuzlaInfo.ba\"},\"image\":{\"@id\":\"https:\/\/tuzlainfo.ba\/#\/schema\/logo\/image\/\"},\"sameAs\":[\"https:\/\/www.facebook.com\/tuzlainfo.ba\/\"]},{\"@type\":\"Person\",\"@id\":\"https:\/\/tuzlainfo.ba\/#\/schema\/person\/f434e20dc27ea133923aab08451b7f7f\",\"name\":\"nedim\",\"image\":{\"@type\":\"ImageObject\",\"inLanguage\":\"bs-BA\",\"@id\":\"https:\/\/tuzlainfo.ba\/#\/schema\/person\/image\/\",\"url\":\"https:\/\/tuzlainfo.ba\/wp-content\/litespeed\/avatar\/aabad687af24844af817603ac1cbdc4f.jpg?ver=1777306975\",\"contentUrl\":\"https:\/\/tuzlainfo.ba\/wp-content\/litespeed\/avatar\/aabad687af24844af817603ac1cbdc4f.jpg?ver=1777306975\",\"caption\":\"nedim\"},\"description\":\"Tuzlainfo.ba pratite na dru\u0161tvenim mre\u017eama: Facebook, Instagram i Youtube. Svoje pri\u010de, upite i fotografije \u0161aljite na na\u0161u e-mail adresu.\"}]}<\/script>\n<!-- \/ Yoast SEO plugin. -->","yoast_head_json":{"title":"Danas zadnji dan Sajma \"Medena Tuzla 2023\", ju\u010der uru\u010de nagrade i priznanja - TuzlaInfo.ba","robots":{"index":"index","follow":"follow","max-snippet":"max-snippet:-1","max-image-preview":"max-image-preview:large","max-video-preview":"max-video-preview:-1"},"canonical":"https:\/\/tuzlainfo.ba\/index.php\/novosti\/item\/216442-danas-zadnji-dan-sajma-medena-tuzla-2023-jucer-uruce-nagrade-i-priznanja\/","og_locale":"bs_BA","og_type":"article","og_title":"Danas zadnji dan Sajma \"Medena Tuzla 2023\", ju\u010der uru\u010de nagrade i priznanja - TuzlaInfo.ba","og_description":"P\u010delarsko dru\u0161tvo \u201eNektar\u201c Tuzla i ove godine uspje\u0111no je organizovao\u00a0 Sajam \u201cMedena Tuzla 2023\u201d koji&hellip;","og_url":"https:\/\/tuzlainfo.ba\/index.php\/novosti\/item\/216442-danas-zadnji-dan-sajma-medena-tuzla-2023-jucer-uruce-nagrade-i-priznanja\/","og_site_name":"TuzlaInfo.ba","article_publisher":"https:\/\/www.facebook.com\/tuzlainfo.ba\/","article_published_time":"2023-09-10T08:50:33+00:00","article_modified_time":"2023-09-10T08:18:15+00:00","og_image":[{"width":1600,"height":1200,"url":"https:\/\/tuzlainfo.ba\/wp-content\/uploads\/2023\/09\/0809_sajam_meda-5.jpg","type":"image\/jpeg"}],"author":"nedim","twitter_card":"summary_large_image","twitter_misc":{"Written by":"nedim","Est. reading time":"1 minuta"},"schema":{"@context":"https:\/\/schema.org","@graph":[{"@type":"Article","@id":"https:\/\/tuzlainfo.ba\/index.php\/novosti\/item\/216442-danas-zadnji-dan-sajma-medena-tuzla-2023-jucer-uruce-nagrade-i-priznanja\/#article","isPartOf":{"@id":"https:\/\/tuzlainfo.ba\/index.php\/novosti\/item\/216442-danas-zadnji-dan-sajma-medena-tuzla-2023-jucer-uruce-nagrade-i-priznanja\/"},"author":{"name":"nedim","@id":"https:\/\/tuzlainfo.ba\/#\/schema\/person\/f434e20dc27ea133923aab08451b7f7f"},"headline":"Danas zadnji dan Sajma &#8220;Medena Tuzla 2023&#8221;, ju\u010der uru\u010de nagrade i priznanja","datePublished":"2023-09-10T08:50:33+00:00","dateModified":"2023-09-10T08:18:15+00:00","mainEntityOfPage":{"@id":"https:\/\/tuzlainfo.ba\/index.php\/novosti\/item\/216442-danas-zadnji-dan-sajma-medena-tuzla-2023-jucer-uruce-nagrade-i-priznanja\/"},"wordCount":130,"commentCount":0,"publisher":{"@id":"https:\/\/tuzlainfo.ba\/#organization"},"image":{"@id":"https:\/\/tuzlainfo.ba\/index.php\/novosti\/item\/216442-danas-zadnji-dan-sajma-medena-tuzla-2023-jucer-uruce-nagrade-i-priznanja\/#primaryimage"},"thumbnailUrl":"https:\/\/tuzlainfo.ba\/wp-content\/uploads\/2023\/09\/0809_sajam_meda-5.jpg","keywords":["sajam medena"],"articleSection":["Istaknuto","Novosti"],"inLanguage":"bs-BA"},{"@type":"WebPage","@id":"https:\/\/tuzlainfo.ba\/index.php\/novosti\/item\/216442-danas-zadnji-dan-sajma-medena-tuzla-2023-jucer-uruce-nagrade-i-priznanja\/","url":"https:\/\/tuzlainfo.ba\/index.php\/novosti\/item\/216442-danas-zadnji-dan-sajma-medena-tuzla-2023-jucer-uruce-nagrade-i-priznanja\/","name":"Danas zadnji dan Sajma \"Medena Tuzla 2023\", ju\u010der uru\u010de nagrade i priznanja - TuzlaInfo.ba","isPartOf":{"@id":"https:\/\/tuzlainfo.ba\/#website"},"primaryImageOfPage":{"@id":"https:\/\/tuzlainfo.ba\/index.php\/novosti\/item\/216442-danas-zadnji-dan-sajma-medena-tuzla-2023-jucer-uruce-nagrade-i-priznanja\/#primaryimage"},"image":{"@id":"https:\/\/tuzlainfo.ba\/index.php\/novosti\/item\/216442-danas-zadnji-dan-sajma-medena-tuzla-2023-jucer-uruce-nagrade-i-priznanja\/#primaryimage"},"thumbnailUrl":"https:\/\/tuzlainfo.ba\/wp-content\/uploads\/2023\/09\/0809_sajam_meda-5.jpg","datePublished":"2023-09-10T08:50:33+00:00","dateModified":"2023-09-10T08:18:15+00:00","breadcrumb":{"@id":"https:\/\/tuzlainfo.ba\/index.php\/novosti\/item\/216442-danas-zadnji-dan-sajma-medena-tuzla-2023-jucer-uruce-nagrade-i-priznanja\/#breadcrumb"},"inLanguage":"bs-BA","potentialAction":[{"@type":"ReadAction","target":["https:\/\/tuzlainfo.ba\/index.php\/novosti\/item\/216442-danas-zadnji-dan-sajma-medena-tuzla-2023-jucer-uruce-nagrade-i-priznanja\/"]}]},{"@type":"ImageObject","inLanguage":"bs-BA","@id":"https:\/\/tuzlainfo.ba\/index.php\/novosti\/item\/216442-danas-zadnji-dan-sajma-medena-tuzla-2023-jucer-uruce-nagrade-i-priznanja\/#primaryimage","url":"https:\/\/tuzlainfo.ba\/wp-content\/uploads\/2023\/09\/0809_sajam_meda-5.jpg","contentUrl":"https:\/\/tuzlainfo.ba\/wp-content\/uploads\/2023\/09\/0809_sajam_meda-5.jpg","width":1600,"height":1200},{"@type":"BreadcrumbList","@id":"https:\/\/tuzlainfo.ba\/index.php\/novosti\/item\/216442-danas-zadnji-dan-sajma-medena-tuzla-2023-jucer-uruce-nagrade-i-priznanja\/#breadcrumb","itemListElement":[{"@type":"ListItem","position":1,"name":"Home","item":"https:\/\/tuzlainfo.ba\/"},{"@type":"ListItem","position":2,"name":"Danas zadnji dan Sajma &#8220;Medena Tuzla 2023&#8221;, ju\u010der uru\u010de nagrade i priznanja"}]},{"@type":"WebSite","@id":"https:\/\/tuzlainfo.ba\/#website","url":"https:\/\/tuzlainfo.ba\/","name":"TuzlaInfo.ba","description":"Tuzla info, gradski informator - Tuzla na dlanu","publisher":{"@id":"https:\/\/tuzlainfo.ba\/#organization"},"potentialAction":[{"@type":"SearchAction","target":{"@type":"EntryPoint","urlTemplate":"https:\/\/tuzlainfo.ba\/?s={search_term_string}"},"query-input":{"@type":"PropertyValueSpecification","valueRequired":true,"valueName":"search_term_string"}}],"inLanguage":"bs-BA"},{"@type":"Organization","@id":"https:\/\/tuzlainfo.ba\/#organization","name":"TuzlaInfo.ba","url":"https:\/\/tuzlainfo.ba\/","logo":{"@type":"ImageObject","inLanguage":"bs-BA","@id":"https:\/\/tuzlainfo.ba\/#\/schema\/logo\/image\/","url":"https:\/\/tuzlainfo.ba\/wp-content\/uploads\/2021\/03\/logo-ver-3-1.png","contentUrl":"https:\/\/tuzlainfo.ba\/wp-content\/uploads\/2021\/03\/logo-ver-3-1.png","width":350,"height":95,"caption":"TuzlaInfo.ba"},"image":{"@id":"https:\/\/tuzlainfo.ba\/#\/schema\/logo\/image\/"},"sameAs":["https:\/\/www.facebook.com\/tuzlainfo.ba\/"]},{"@type":"Person","@id":"https:\/\/tuzlainfo.ba\/#\/schema\/person\/f434e20dc27ea133923aab08451b7f7f","name":"nedim","image":{"@type":"ImageObject","inLanguage":"bs-BA","@id":"https:\/\/tuzlainfo.ba\/#\/schema\/person\/image\/","url":"https:\/\/tuzlainfo.ba\/wp-content\/litespeed\/avatar\/aabad687af24844af817603ac1cbdc4f.jpg?ver=1777306975","contentUrl":"https:\/\/tuzlainfo.ba\/wp-content\/litespeed\/avatar\/aabad687af24844af817603ac1cbdc4f.jpg?ver=1777306975","caption":"nedim"},"description":"Tuzlainfo.ba pratite na dru\u0161tvenim mre\u017eama: Facebook, Instagram i Youtube. Svoje pri\u010de, upite i fotografije \u0161aljite na na\u0161u e-mail adresu."}]}},"_links":{"self":[{"href":"https:\/\/tuzlainfo.ba\/index.php\/wp-json\/wp\/v2\/posts\/216442"}],"collection":[{"href":"https:\/\/tuzlainfo.ba\/index.php\/wp-json\/wp\/v2\/posts"}],"about":[{"href":"https:\/\/tuzlainfo.ba\/index.php\/wp-json\/wp\/v2\/types\/post"}],"author":[{"embeddable":true,"href":"https:\/\/tuzlainfo.ba\/index.php\/wp-json\/wp\/v2\/users\/2"}],"replies":[{"embeddable":true,"href":"https:\/\/tuzlainfo.ba\/index.php\/wp-json\/wp\/v2\/comments?post=216442"}],"version-history":[{"count":1,"href":"https:\/\/tuzlainfo.ba\/index.php\/wp-json\/wp\/v2\/posts\/216442\/revisions"}],"predecessor-version":[{"id":216446,"href":"https:\/\/tuzlainfo.ba\/index.php\/wp-json\/wp\/v2\/posts\/216442\/revisions\/216446"}],"wp:featuredmedia":[{"embeddable":true,"href":"https:\/\/tuzlainfo.ba\/index.php\/wp-json\/wp\/v2\/media\/216267"}],"wp:attachment":[{"href":"https:\/\/tuzlainfo.ba\/index.php\/wp-json\/wp\/v2\/media?parent=216442"}],"wp:term":[{"taxonomy":"category","embeddable":true,"href":"https:\/\/tuzlainfo.ba\/index.php\/wp-json\/wp\/v2\/categories?post=216442"},{"taxonomy":"post_tag","embeddable":true,"href":"https:\/\/tuzlainfo.ba\/index.php\/wp-json\/wp\/v2\/tags?post=216442"}],"curies":[{"name":"wp","href":"https:\/\/api.w.org\/{rel}","templated":true}]}}