{"id":216420,"date":"2023-09-09T20:14:43","date_gmt":"2023-09-09T18:14:43","guid":{"rendered":"https:\/\/tuzlainfo.ba\/?p=216420"},"modified":"2023-09-09T20:20:03","modified_gmt":"2023-09-09T18:20:03","slug":"video-bike-fest-stotine-motorista-ucestvovalo-u-defileu-tuzlom","status":"publish","type":"post","link":"https:\/\/tuzlainfo.ba\/index.php\/novosti\/item\/216420-video-bike-fest-stotine-motorista-ucestvovalo-u-defileu-tuzlom\/","title":{"rendered":"VIDEO \/ Bike Fest: Stotine motorista u\u010destvovalo u defileu Tuzlom"},"content":{"rendered":"<p>Defileom u\u010desnika i gostiju iz regiona i Evrope, nastavljen je dana\u0161nji program jednih od najve\u0107ih moto susreta u na\u0161oj dr\u017eavi \u201dBIKE FEST PANONIKA 2023 \u201d, koji se organizuju u predivnom ambijentu kompleksa slanih Panonskih jezera u Tuzli.<\/p>\n<p>Ulicama Tuzle tako je ve\u010deras prodefilovalo na stotine motorista, koji su o\u010dekivano izazvali pa\u017enju gra\u0111ana.<\/p>\n<p><iframe title=\"Defile motorista, Tuzla, Bike Fest 2023\" width=\"1170\" height=\"658\" src=\"https:\/\/www.youtube.com\/embed\/hyuSfaDZ1JM?feature=oembed\" frameborder=\"0\" allow=\"accelerometer; autoplay; clipboard-write; encrypted-media; gyroscope; picture-in-picture; web-share\" allowfullscreen><\/iframe><\/p>\n<p>Podsje\u0107amo ljubitelji motociklizma, dobre zabave i dobre muzike od ju\u010der u Tuzli imaju priliku u\u017eivati u jednoj od najve\u0107ih internacionalnih moto manifestacija u Bosni i Hercegovini.<\/p>\n<p>Susreti su po\u010deli ju\u010der muzi\u010dkim programom u kojem su nastupili Lavirint, Amel \u0106uri\u0107 (R&amp;R night) i Infuzija, a nastavljeni dana se danas nizom programa od kojih je prvi bio Stunt Show, koji je odr\u017ean na Trgu slobode.<\/p>\n<p>Kako je bilo i proteklih godina, taj dio manifestacije privukao veliku pa\u017enju gra\u0111ana u centru Tuzle koji su imali priliku u\u017eivati u vratolomijama Dejana \u0160poljara, vrhunskog stunt ridera.<\/p>\n<p><a href=\"https:\/\/tuzlainfo.ba\/index.php\/novosti\/item\/216378-stunt-show-na-trgu-slobode-u-tuzli-mastralni-dejan-spoljar-nagradjen-ovacijama-i-aplauzima\/\">Stunt Show na Trgu slobode u Tuzli: Marstralni Dejan \u0160poljar nagra\u0111en ovacijama i aplauzima \u2013 TuzlaInfo.ba<\/a><\/p>\n<p>Program Bike Festa se nastavio DJ Pjena party-em uz bikini bike wash, bajkerske igre i takmi\u010denja, zatim podjelu nagrada i zahvalnica, bukom motora protiv ALS-a, kao podr\u0161ci za Udrugi \u201cNeuron\u201d uz grmljavinu iz auspuha, te spomenutim defileom kroz grad koji je po\u010deo u 19 sati.<\/p>\n<p><a href=\"https:\/\/tuzlainfo.ba\/index.php\/novosti\/item\/216417-video-bajkersko-vjecanje-u-tuzli-uz-miris-guma-i-turiranje-motora\/\">VIDEO \/ Bajkersko vje\u010danje u Tuzli uz miris guma i turiranje motora \u2013 TuzlaInfo.ba<\/a><\/p>\n<p>Dana\u0161nji program bit \u0107e zavr\u0161en koncertom u kojem nastupaju KillerFace, Van Gogh i Generacija bez kompasa.<\/p>\n<p><iframe title=\"Defile motorista u\u010desnika \u201cBike Festa 2023.\u201d (Tuzla, 09.09.2023.)\" width=\"1170\" height=\"658\" src=\"https:\/\/www.youtube.com\/embed\/iiuCqvMN2IQ?start=5&#038;feature=oembed\" frameborder=\"0\" allow=\"accelerometer; autoplay; clipboard-write; encrypted-media; gyroscope; picture-in-picture; web-share\" allowfullscreen><\/iframe><\/p>\n<p>Organizatori susreta koji zavr\u0161avaju sutra su UG Moto klub \u201dTUZLA \u201d i JKP Pannonice doo Tuzla, uz podr\u0161ku Grada Tuzle i Turisti\u010dke zajednice Grada Tuzle.<\/p>\n<p>Na ovogodi\u0161njim susretima, o\u010dekuje se posjeta vi\u0161e hiljada motorista, \u010dlanova preko 400 klubova iz cijele BiH, regiona i Europe, \u010dime se Bike Fest Panonika u Tuzli svrstava u jedne od najve\u0107ih moto susreta u na\u0161oj zemlji i regiji.<strong>\/Tuzlainfo\/<\/strong><\/p>\n","protected":false},"excerpt":{"rendered":"<p>Defileom u\u010desnika i gostiju iz regiona i Evrope, nastavljen je dana\u0161nji program jednih od najve\u0107ih&hellip;<\/p>\n","protected":false},"author":2,"featured_media":216421,"comment_status":"open","ping_status":"closed","sticky":false,"template":"","format":"standard","meta":{"_acf_changed":false,"footnotes":""},"categories":[304,12],"tags":[5280,8181],"acf":[],"yoast_head":"<!-- This site is optimized with the Yoast SEO plugin v23.5 - https:\/\/yoast.com\/wordpress\/plugins\/seo\/ -->\n<title>VIDEO \/ Bike Fest: Stotine motorista u\u010destvovalo u defileu Tuzlom - TuzlaInfo.ba<\/title>\n<meta name=\"robots\" content=\"index, follow, max-snippet:-1, max-image-preview:large, max-video-preview:-1\" \/>\n<link rel=\"canonical\" href=\"https:\/\/tuzlainfo.ba\/index.php\/novosti\/item\/216420-video-bike-fest-stotine-motorista-ucestvovalo-u-defileu-tuzlom\/\" \/>\n<meta property=\"og:locale\" content=\"bs_BA\" \/>\n<meta property=\"og:type\" content=\"article\" \/>\n<meta property=\"og:title\" content=\"VIDEO \/ Bike Fest: Stotine motorista u\u010destvovalo u defileu Tuzlom - TuzlaInfo.ba\" \/>\n<meta property=\"og:description\" content=\"Defileom u\u010desnika i gostiju iz regiona i Evrope, nastavljen je dana\u0161nji program jednih od najve\u0107ih&hellip;\" \/>\n<meta property=\"og:url\" content=\"https:\/\/tuzlainfo.ba\/index.php\/novosti\/item\/216420-video-bike-fest-stotine-motorista-ucestvovalo-u-defileu-tuzlom\/\" \/>\n<meta property=\"og:site_name\" content=\"TuzlaInfo.ba\" \/>\n<meta property=\"article:publisher\" content=\"https:\/\/www.facebook.com\/tuzlainfo.ba\/\" \/>\n<meta property=\"article:published_time\" content=\"2023-09-09T18:14:43+00:00\" \/>\n<meta property=\"article:modified_time\" content=\"2023-09-09T18:20:03+00:00\" \/>\n<meta property=\"og:image\" content=\"https:\/\/tuzlainfo.ba\/wp-content\/uploads\/2023\/09\/0909_defile.jpg\" \/>\n\t<meta property=\"og:image:width\" content=\"1000\" \/>\n\t<meta property=\"og:image:height\" content=\"486\" \/>\n\t<meta property=\"og:image:type\" content=\"image\/jpeg\" \/>\n<meta name=\"author\" content=\"nedim\" \/>\n<meta name=\"twitter:card\" content=\"summary_large_image\" \/>\n<meta name=\"twitter:label1\" content=\"Written by\" \/>\n\t<meta name=\"twitter:data1\" content=\"nedim\" \/>\n\t<meta name=\"twitter:label2\" content=\"Est. reading time\" \/>\n\t<meta name=\"twitter:data2\" content=\"2 minute\" \/>\n<script type=\"application\/ld+json\" class=\"yoast-schema-graph\">{\"@context\":\"https:\/\/schema.org\",\"@graph\":[{\"@type\":\"Article\",\"@id\":\"https:\/\/tuzlainfo.ba\/index.php\/novosti\/item\/216420-video-bike-fest-stotine-motorista-ucestvovalo-u-defileu-tuzlom\/#article\",\"isPartOf\":{\"@id\":\"https:\/\/tuzlainfo.ba\/index.php\/novosti\/item\/216420-video-bike-fest-stotine-motorista-ucestvovalo-u-defileu-tuzlom\/\"},\"author\":{\"name\":\"nedim\",\"@id\":\"https:\/\/tuzlainfo.ba\/#\/schema\/person\/f434e20dc27ea133923aab08451b7f7f\"},\"headline\":\"VIDEO \/ Bike Fest: Stotine motorista u\u010destvovalo u defileu Tuzlom\",\"datePublished\":\"2023-09-09T18:14:43+00:00\",\"dateModified\":\"2023-09-09T18:20:03+00:00\",\"mainEntityOfPage\":{\"@id\":\"https:\/\/tuzlainfo.ba\/index.php\/novosti\/item\/216420-video-bike-fest-stotine-motorista-ucestvovalo-u-defileu-tuzlom\/\"},\"wordCount\":358,\"commentCount\":0,\"publisher\":{\"@id\":\"https:\/\/tuzlainfo.ba\/#organization\"},\"image\":{\"@id\":\"https:\/\/tuzlainfo.ba\/index.php\/novosti\/item\/216420-video-bike-fest-stotine-motorista-ucestvovalo-u-defileu-tuzlom\/#primaryimage\"},\"thumbnailUrl\":\"https:\/\/tuzlainfo.ba\/wp-content\/uploads\/2023\/09\/0909_defile.jpg\",\"keywords\":[\"bike fest\",\"defile motorista\"],\"articleSection\":[\"Istaknuto\",\"Novosti\"],\"inLanguage\":\"bs-BA\"},{\"@type\":\"WebPage\",\"@id\":\"https:\/\/tuzlainfo.ba\/index.php\/novosti\/item\/216420-video-bike-fest-stotine-motorista-ucestvovalo-u-defileu-tuzlom\/\",\"url\":\"https:\/\/tuzlainfo.ba\/index.php\/novosti\/item\/216420-video-bike-fest-stotine-motorista-ucestvovalo-u-defileu-tuzlom\/\",\"name\":\"VIDEO \/ Bike Fest: Stotine motorista u\u010destvovalo u defileu Tuzlom - TuzlaInfo.ba\",\"isPartOf\":{\"@id\":\"https:\/\/tuzlainfo.ba\/#website\"},\"primaryImageOfPage\":{\"@id\":\"https:\/\/tuzlainfo.ba\/index.php\/novosti\/item\/216420-video-bike-fest-stotine-motorista-ucestvovalo-u-defileu-tuzlom\/#primaryimage\"},\"image\":{\"@id\":\"https:\/\/tuzlainfo.ba\/index.php\/novosti\/item\/216420-video-bike-fest-stotine-motorista-ucestvovalo-u-defileu-tuzlom\/#primaryimage\"},\"thumbnailUrl\":\"https:\/\/tuzlainfo.ba\/wp-content\/uploads\/2023\/09\/0909_defile.jpg\",\"datePublished\":\"2023-09-09T18:14:43+00:00\",\"dateModified\":\"2023-09-09T18:20:03+00:00\",\"breadcrumb\":{\"@id\":\"https:\/\/tuzlainfo.ba\/index.php\/novosti\/item\/216420-video-bike-fest-stotine-motorista-ucestvovalo-u-defileu-tuzlom\/#breadcrumb\"},\"inLanguage\":\"bs-BA\",\"potentialAction\":[{\"@type\":\"ReadAction\",\"target\":[\"https:\/\/tuzlainfo.ba\/index.php\/novosti\/item\/216420-video-bike-fest-stotine-motorista-ucestvovalo-u-defileu-tuzlom\/\"]}]},{\"@type\":\"ImageObject\",\"inLanguage\":\"bs-BA\",\"@id\":\"https:\/\/tuzlainfo.ba\/index.php\/novosti\/item\/216420-video-bike-fest-stotine-motorista-ucestvovalo-u-defileu-tuzlom\/#primaryimage\",\"url\":\"https:\/\/tuzlainfo.ba\/wp-content\/uploads\/2023\/09\/0909_defile.jpg\",\"contentUrl\":\"https:\/\/tuzlainfo.ba\/wp-content\/uploads\/2023\/09\/0909_defile.jpg\",\"width\":1000,\"height\":486},{\"@type\":\"BreadcrumbList\",\"@id\":\"https:\/\/tuzlainfo.ba\/index.php\/novosti\/item\/216420-video-bike-fest-stotine-motorista-ucestvovalo-u-defileu-tuzlom\/#breadcrumb\",\"itemListElement\":[{\"@type\":\"ListItem\",\"position\":1,\"name\":\"Home\",\"item\":\"https:\/\/tuzlainfo.ba\/\"},{\"@type\":\"ListItem\",\"position\":2,\"name\":\"VIDEO \/ Bike Fest: Stotine motorista u\u010destvovalo u defileu Tuzlom\"}]},{\"@type\":\"WebSite\",\"@id\":\"https:\/\/tuzlainfo.ba\/#website\",\"url\":\"https:\/\/tuzlainfo.ba\/\",\"name\":\"TuzlaInfo.ba\",\"description\":\"Tuzla info, gradski informator - Tuzla na dlanu\",\"publisher\":{\"@id\":\"https:\/\/tuzlainfo.ba\/#organization\"},\"potentialAction\":[{\"@type\":\"SearchAction\",\"target\":{\"@type\":\"EntryPoint\",\"urlTemplate\":\"https:\/\/tuzlainfo.ba\/?s={search_term_string}\"},\"query-input\":{\"@type\":\"PropertyValueSpecification\",\"valueRequired\":true,\"valueName\":\"search_term_string\"}}],\"inLanguage\":\"bs-BA\"},{\"@type\":\"Organization\",\"@id\":\"https:\/\/tuzlainfo.ba\/#organization\",\"name\":\"TuzlaInfo.ba\",\"url\":\"https:\/\/tuzlainfo.ba\/\",\"logo\":{\"@type\":\"ImageObject\",\"inLanguage\":\"bs-BA\",\"@id\":\"https:\/\/tuzlainfo.ba\/#\/schema\/logo\/image\/\",\"url\":\"https:\/\/tuzlainfo.ba\/wp-content\/uploads\/2021\/03\/logo-ver-3-1.png\",\"contentUrl\":\"https:\/\/tuzlainfo.ba\/wp-content\/uploads\/2021\/03\/logo-ver-3-1.png\",\"width\":350,\"height\":95,\"caption\":\"TuzlaInfo.ba\"},\"image\":{\"@id\":\"https:\/\/tuzlainfo.ba\/#\/schema\/logo\/image\/\"},\"sameAs\":[\"https:\/\/www.facebook.com\/tuzlainfo.ba\/\"]},{\"@type\":\"Person\",\"@id\":\"https:\/\/tuzlainfo.ba\/#\/schema\/person\/f434e20dc27ea133923aab08451b7f7f\",\"name\":\"nedim\",\"image\":{\"@type\":\"ImageObject\",\"inLanguage\":\"bs-BA\",\"@id\":\"https:\/\/tuzlainfo.ba\/#\/schema\/person\/image\/\",\"url\":\"https:\/\/tuzlainfo.ba\/wp-content\/litespeed\/avatar\/aabad687af24844af817603ac1cbdc4f.jpg?ver=1776702173\",\"contentUrl\":\"https:\/\/tuzlainfo.ba\/wp-content\/litespeed\/avatar\/aabad687af24844af817603ac1cbdc4f.jpg?ver=1776702173\",\"caption\":\"nedim\"},\"description\":\"Tuzlainfo.ba pratite na dru\u0161tvenim mre\u017eama: Facebook, Instagram i Youtube. Svoje pri\u010de, upite i fotografije \u0161aljite na na\u0161u e-mail adresu.\"}]}<\/script>\n<!-- \/ Yoast SEO plugin. -->","yoast_head_json":{"title":"VIDEO \/ Bike Fest: Stotine motorista u\u010destvovalo u defileu Tuzlom - TuzlaInfo.ba","robots":{"index":"index","follow":"follow","max-snippet":"max-snippet:-1","max-image-preview":"max-image-preview:large","max-video-preview":"max-video-preview:-1"},"canonical":"https:\/\/tuzlainfo.ba\/index.php\/novosti\/item\/216420-video-bike-fest-stotine-motorista-ucestvovalo-u-defileu-tuzlom\/","og_locale":"bs_BA","og_type":"article","og_title":"VIDEO \/ Bike Fest: Stotine motorista u\u010destvovalo u defileu Tuzlom - TuzlaInfo.ba","og_description":"Defileom u\u010desnika i gostiju iz regiona i Evrope, nastavljen je dana\u0161nji program jednih od najve\u0107ih&hellip;","og_url":"https:\/\/tuzlainfo.ba\/index.php\/novosti\/item\/216420-video-bike-fest-stotine-motorista-ucestvovalo-u-defileu-tuzlom\/","og_site_name":"TuzlaInfo.ba","article_publisher":"https:\/\/www.facebook.com\/tuzlainfo.ba\/","article_published_time":"2023-09-09T18:14:43+00:00","article_modified_time":"2023-09-09T18:20:03+00:00","og_image":[{"width":1000,"height":486,"url":"https:\/\/tuzlainfo.ba\/wp-content\/uploads\/2023\/09\/0909_defile.jpg","type":"image\/jpeg"}],"author":"nedim","twitter_card":"summary_large_image","twitter_misc":{"Written by":"nedim","Est. reading time":"2 minute"},"schema":{"@context":"https:\/\/schema.org","@graph":[{"@type":"Article","@id":"https:\/\/tuzlainfo.ba\/index.php\/novosti\/item\/216420-video-bike-fest-stotine-motorista-ucestvovalo-u-defileu-tuzlom\/#article","isPartOf":{"@id":"https:\/\/tuzlainfo.ba\/index.php\/novosti\/item\/216420-video-bike-fest-stotine-motorista-ucestvovalo-u-defileu-tuzlom\/"},"author":{"name":"nedim","@id":"https:\/\/tuzlainfo.ba\/#\/schema\/person\/f434e20dc27ea133923aab08451b7f7f"},"headline":"VIDEO \/ Bike Fest: Stotine motorista u\u010destvovalo u defileu Tuzlom","datePublished":"2023-09-09T18:14:43+00:00","dateModified":"2023-09-09T18:20:03+00:00","mainEntityOfPage":{"@id":"https:\/\/tuzlainfo.ba\/index.php\/novosti\/item\/216420-video-bike-fest-stotine-motorista-ucestvovalo-u-defileu-tuzlom\/"},"wordCount":358,"commentCount":0,"publisher":{"@id":"https:\/\/tuzlainfo.ba\/#organization"},"image":{"@id":"https:\/\/tuzlainfo.ba\/index.php\/novosti\/item\/216420-video-bike-fest-stotine-motorista-ucestvovalo-u-defileu-tuzlom\/#primaryimage"},"thumbnailUrl":"https:\/\/tuzlainfo.ba\/wp-content\/uploads\/2023\/09\/0909_defile.jpg","keywords":["bike fest","defile motorista"],"articleSection":["Istaknuto","Novosti"],"inLanguage":"bs-BA"},{"@type":"WebPage","@id":"https:\/\/tuzlainfo.ba\/index.php\/novosti\/item\/216420-video-bike-fest-stotine-motorista-ucestvovalo-u-defileu-tuzlom\/","url":"https:\/\/tuzlainfo.ba\/index.php\/novosti\/item\/216420-video-bike-fest-stotine-motorista-ucestvovalo-u-defileu-tuzlom\/","name":"VIDEO \/ Bike Fest: Stotine motorista u\u010destvovalo u defileu Tuzlom - TuzlaInfo.ba","isPartOf":{"@id":"https:\/\/tuzlainfo.ba\/#website"},"primaryImageOfPage":{"@id":"https:\/\/tuzlainfo.ba\/index.php\/novosti\/item\/216420-video-bike-fest-stotine-motorista-ucestvovalo-u-defileu-tuzlom\/#primaryimage"},"image":{"@id":"https:\/\/tuzlainfo.ba\/index.php\/novosti\/item\/216420-video-bike-fest-stotine-motorista-ucestvovalo-u-defileu-tuzlom\/#primaryimage"},"thumbnailUrl":"https:\/\/tuzlainfo.ba\/wp-content\/uploads\/2023\/09\/0909_defile.jpg","datePublished":"2023-09-09T18:14:43+00:00","dateModified":"2023-09-09T18:20:03+00:00","breadcrumb":{"@id":"https:\/\/tuzlainfo.ba\/index.php\/novosti\/item\/216420-video-bike-fest-stotine-motorista-ucestvovalo-u-defileu-tuzlom\/#breadcrumb"},"inLanguage":"bs-BA","potentialAction":[{"@type":"ReadAction","target":["https:\/\/tuzlainfo.ba\/index.php\/novosti\/item\/216420-video-bike-fest-stotine-motorista-ucestvovalo-u-defileu-tuzlom\/"]}]},{"@type":"ImageObject","inLanguage":"bs-BA","@id":"https:\/\/tuzlainfo.ba\/index.php\/novosti\/item\/216420-video-bike-fest-stotine-motorista-ucestvovalo-u-defileu-tuzlom\/#primaryimage","url":"https:\/\/tuzlainfo.ba\/wp-content\/uploads\/2023\/09\/0909_defile.jpg","contentUrl":"https:\/\/tuzlainfo.ba\/wp-content\/uploads\/2023\/09\/0909_defile.jpg","width":1000,"height":486},{"@type":"BreadcrumbList","@id":"https:\/\/tuzlainfo.ba\/index.php\/novosti\/item\/216420-video-bike-fest-stotine-motorista-ucestvovalo-u-defileu-tuzlom\/#breadcrumb","itemListElement":[{"@type":"ListItem","position":1,"name":"Home","item":"https:\/\/tuzlainfo.ba\/"},{"@type":"ListItem","position":2,"name":"VIDEO \/ Bike Fest: Stotine motorista u\u010destvovalo u defileu Tuzlom"}]},{"@type":"WebSite","@id":"https:\/\/tuzlainfo.ba\/#website","url":"https:\/\/tuzlainfo.ba\/","name":"TuzlaInfo.ba","description":"Tuzla info, gradski informator - Tuzla na dlanu","publisher":{"@id":"https:\/\/tuzlainfo.ba\/#organization"},"potentialAction":[{"@type":"SearchAction","target":{"@type":"EntryPoint","urlTemplate":"https:\/\/tuzlainfo.ba\/?s={search_term_string}"},"query-input":{"@type":"PropertyValueSpecification","valueRequired":true,"valueName":"search_term_string"}}],"inLanguage":"bs-BA"},{"@type":"Organization","@id":"https:\/\/tuzlainfo.ba\/#organization","name":"TuzlaInfo.ba","url":"https:\/\/tuzlainfo.ba\/","logo":{"@type":"ImageObject","inLanguage":"bs-BA","@id":"https:\/\/tuzlainfo.ba\/#\/schema\/logo\/image\/","url":"https:\/\/tuzlainfo.ba\/wp-content\/uploads\/2021\/03\/logo-ver-3-1.png","contentUrl":"https:\/\/tuzlainfo.ba\/wp-content\/uploads\/2021\/03\/logo-ver-3-1.png","width":350,"height":95,"caption":"TuzlaInfo.ba"},"image":{"@id":"https:\/\/tuzlainfo.ba\/#\/schema\/logo\/image\/"},"sameAs":["https:\/\/www.facebook.com\/tuzlainfo.ba\/"]},{"@type":"Person","@id":"https:\/\/tuzlainfo.ba\/#\/schema\/person\/f434e20dc27ea133923aab08451b7f7f","name":"nedim","image":{"@type":"ImageObject","inLanguage":"bs-BA","@id":"https:\/\/tuzlainfo.ba\/#\/schema\/person\/image\/","url":"https:\/\/tuzlainfo.ba\/wp-content\/litespeed\/avatar\/aabad687af24844af817603ac1cbdc4f.jpg?ver=1776702173","contentUrl":"https:\/\/tuzlainfo.ba\/wp-content\/litespeed\/avatar\/aabad687af24844af817603ac1cbdc4f.jpg?ver=1776702173","caption":"nedim"},"description":"Tuzlainfo.ba pratite na dru\u0161tvenim mre\u017eama: Facebook, Instagram i Youtube. Svoje pri\u010de, upite i fotografije \u0161aljite na na\u0161u e-mail adresu."}]}},"_links":{"self":[{"href":"https:\/\/tuzlainfo.ba\/index.php\/wp-json\/wp\/v2\/posts\/216420"}],"collection":[{"href":"https:\/\/tuzlainfo.ba\/index.php\/wp-json\/wp\/v2\/posts"}],"about":[{"href":"https:\/\/tuzlainfo.ba\/index.php\/wp-json\/wp\/v2\/types\/post"}],"author":[{"embeddable":true,"href":"https:\/\/tuzlainfo.ba\/index.php\/wp-json\/wp\/v2\/users\/2"}],"replies":[{"embeddable":true,"href":"https:\/\/tuzlainfo.ba\/index.php\/wp-json\/wp\/v2\/comments?post=216420"}],"version-history":[{"count":3,"href":"https:\/\/tuzlainfo.ba\/index.php\/wp-json\/wp\/v2\/posts\/216420\/revisions"}],"predecessor-version":[{"id":216424,"href":"https:\/\/tuzlainfo.ba\/index.php\/wp-json\/wp\/v2\/posts\/216420\/revisions\/216424"}],"wp:featuredmedia":[{"embeddable":true,"href":"https:\/\/tuzlainfo.ba\/index.php\/wp-json\/wp\/v2\/media\/216421"}],"wp:attachment":[{"href":"https:\/\/tuzlainfo.ba\/index.php\/wp-json\/wp\/v2\/media?parent=216420"}],"wp:term":[{"taxonomy":"category","embeddable":true,"href":"https:\/\/tuzlainfo.ba\/index.php\/wp-json\/wp\/v2\/categories?post=216420"},{"taxonomy":"post_tag","embeddable":true,"href":"https:\/\/tuzlainfo.ba\/index.php\/wp-json\/wp\/v2\/tags?post=216420"}],"curies":[{"name":"wp","href":"https:\/\/api.w.org\/{rel}","templated":true}]}}