{"id":216359,"date":"2023-09-09T11:04:35","date_gmt":"2023-09-09T09:04:35","guid":{"rendered":"https:\/\/tuzlainfo.ba\/?p=216359"},"modified":"2023-09-09T10:13:31","modified_gmt":"2023-09-09T08:13:31","slug":"foto-ime-mi-je-osveta-u-lukavcu-promovisana-knjiga-belme-sakic","status":"publish","type":"post","link":"https:\/\/tuzlainfo.ba\/index.php\/novosti\/item\/216359-foto-ime-mi-je-osveta-u-lukavcu-promovisana-knjiga-belme-sakic\/","title":{"rendered":"FOTO \/ &#8220;Ime mi je osveta&#8221;: U Lukavcu promovisana knjiga Belme Saki\u0107"},"content":{"rendered":"<p>Centar za kulturu Lukavac u saradnji sa Bosanskom medijskom grupom, u petak je u prelijepom ambijentu vili &#8220;Solvay&#8221; u Lukavcu organizovao promociju knjige mlade Lukav\u010danke Belme Saki\u0107.<\/p>\n<p>Rije\u010d je o prvijencu poznate kantautorice pod nazivom \u201eIme mi je osveta\u201c.<\/p>\n<p>&#8211; Rije\u010d je o mojoj prvoj knjizi i prvoj promociji, a presretna sam zbog velikog odziva publike. U pitanju je zapravo roman koji sam davno po\u010dela da pi\u0161em i nisam imala u planu da to objavim. Me\u0111utim, nakon izvjesnog vremena kada sam vidjela \u0161ta sam zapravo uradila i koliko toga sam napisala, shvatila sam koliko je to sve lijepo i da je \u0161teta da se ne objavi, pri\u010da za Tuzlainfo. ba Belma.<\/p>\n<p>Roman je napisan u formi dnevnika, dodaje autorica.<\/p>\n<p>&#8211; U romanu je opisana \u017eena koja je se vra\u0107a u svojoj rodno mjesto sa \u017eeljom da &#8220;poravna&#8221; ra\u010dune i da svima nama da jednu lijepu pri\u010du sa jakom porukom, ka\u017ee Belma.<\/p>\n<div id=\"penci-post-gallery__59975\" class=\"penci-post-gallery-container masonry grid column-3\" data-height=\"150\" data-margin=\"3\"><div class=\"inner-gallery-masonry-container\"><div class=\"item-gallery-masonry grid\"><a class=\"\" href=\"https:\/\/tuzlainfo.ba\/wp-content\/uploads\/2023\/09\/0909_belma_sakic-2.jpg\"><div class=\"inner-item-masonry-gallery\"><img decoding=\"async\" src=\"https:\/\/tuzlainfo.ba\/wp-content\/uploads\/2023\/09\/0909_belma_sakic-2-585x390.jpg\" alt=\"\" title=\"0909_belma_sakic (2)\"><\/div><\/a><\/div><div class=\"item-gallery-masonry grid\"><a class=\"\" href=\"https:\/\/tuzlainfo.ba\/wp-content\/uploads\/2023\/09\/0909_belma_sakic-3.jpg\"><div class=\"inner-item-masonry-gallery\"><img decoding=\"async\" src=\"https:\/\/tuzlainfo.ba\/wp-content\/uploads\/2023\/09\/0909_belma_sakic-3-585x390.jpg\" alt=\"\" title=\"0909_belma_sakic (3)\"><\/div><\/a><\/div><div class=\"item-gallery-masonry grid\"><a class=\"\" href=\"https:\/\/tuzlainfo.ba\/wp-content\/uploads\/2023\/09\/0909_belma_sakic-4.jpg\"><div class=\"inner-item-masonry-gallery\"><img decoding=\"async\" src=\"https:\/\/tuzlainfo.ba\/wp-content\/uploads\/2023\/09\/0909_belma_sakic-4-585x390.jpg\" alt=\"\" title=\"0909_belma_sakic (4)\"><\/div><\/a><\/div><div class=\"item-gallery-masonry grid\"><a class=\"\" href=\"https:\/\/tuzlainfo.ba\/wp-content\/uploads\/2023\/09\/0909_belma_sakic-5.jpg\"><div class=\"inner-item-masonry-gallery\"><img decoding=\"async\" src=\"https:\/\/tuzlainfo.ba\/wp-content\/uploads\/2023\/09\/0909_belma_sakic-5-585x390.jpg\" alt=\"\" title=\"0909_belma_sakic (5)\"><\/div><\/a><\/div><div class=\"item-gallery-masonry grid\"><a class=\"\" href=\"https:\/\/tuzlainfo.ba\/wp-content\/uploads\/2023\/09\/0909_belma_sakic-6.jpg\"><div class=\"inner-item-masonry-gallery\"><img decoding=\"async\" src=\"https:\/\/tuzlainfo.ba\/wp-content\/uploads\/2023\/09\/0909_belma_sakic-6-585x390.jpg\" alt=\"\" title=\"0909_belma_sakic (6)\"><\/div><\/a><\/div><div class=\"item-gallery-masonry grid\"><a class=\"\" href=\"https:\/\/tuzlainfo.ba\/wp-content\/uploads\/2023\/09\/0909_belma_sakic-7.jpg\"><div class=\"inner-item-masonry-gallery\"><img decoding=\"async\" src=\"https:\/\/tuzlainfo.ba\/wp-content\/uploads\/2023\/09\/0909_belma_sakic-7-585x390.jpg\" alt=\"\" title=\"0909_belma_sakic (7)\"><\/div><\/a><\/div><div class=\"item-gallery-masonry grid\"><a class=\"\" href=\"https:\/\/tuzlainfo.ba\/wp-content\/uploads\/2023\/09\/0909_belma_sakic-8.jpg\"><div class=\"inner-item-masonry-gallery\"><img decoding=\"async\" src=\"https:\/\/tuzlainfo.ba\/wp-content\/uploads\/2023\/09\/0909_belma_sakic-8-585x390.jpg\" alt=\"\" title=\"0909_belma_sakic (8)\"><\/div><\/a><\/div><div class=\"item-gallery-masonry grid\"><a class=\"\" href=\"https:\/\/tuzlainfo.ba\/wp-content\/uploads\/2023\/09\/0909_belma_sakic-9.jpg\"><div class=\"inner-item-masonry-gallery\"><img decoding=\"async\" src=\"https:\/\/tuzlainfo.ba\/wp-content\/uploads\/2023\/09\/0909_belma_sakic-9-585x390.jpg\" alt=\"\" title=\"0909_belma_sakic (9)\"><\/div><\/a><\/div><div class=\"item-gallery-masonry grid\"><a class=\"\" href=\"https:\/\/tuzlainfo.ba\/wp-content\/uploads\/2023\/09\/0909_belma_sakic-10.jpg\"><div class=\"inner-item-masonry-gallery\"><img decoding=\"async\" src=\"https:\/\/tuzlainfo.ba\/wp-content\/uploads\/2023\/09\/0909_belma_sakic-10-585x390.jpg\" alt=\"\" title=\"0909_belma_sakic (10)\"><\/div><\/a><\/div><\/div><\/div>\n<p>&nbsp;<\/p>\n<p>Promotor romana bio je knji\u017eevnik i novinar Mehmed Me\u0161a Pargan.<\/p>\n<p>&#8211; Belma Saki\u0107 je novo ime na na\u0161oj knji\u017eevnoj sceni. Njen roman je zapravo jedan zahtjevan tekst u smislu autorskog pisanja s jedne strane, a s druge strane radi se o tekstu koji je veoma lagan za \u010ditanje. Ovaj tekst \u0107e imati \u0161iroku publiku s obzirom da ima dva nivoa na kojem funkcionira. Prvi dio, zasnovan na jakoj fabuli, donosi jednu kriminalisti\u010dku pri\u010du gdje Elizabeth poku\u0161ava da na\u0111e svoje mjesto u dru\u0161tvu. Drugi sloj na kojem ova knjiga funkcionira jeste da je ideja u jednom dru\u0161tvu zasnovana na identitetu. Ljudi ukoliko provode svoje identitet u onom dru\u0161tvu u kojem \u017eive, oni mogu u tom dru\u0161tvu da naprave prosperitet, istakao je Pargan opisuju\u0107i sadr\u017eaj ovog romana.<\/p>\n<p>Ina\u010de, Belma Saki\u0107 je \u0161iroj javnosti poznata kao mlada kantautorica koja godinama pi\u0161e i stvara muziku, prepoznatljiva po gitari od koje se u svojim nastupima ne odvaja. Uz navedeno, Belma je i uspje\u0161na studentica Edukacijsko-rehabilitacijskog fakulteta Univerziteta u Tuzli.<strong>\/S.P.\/<\/strong><\/p>\n","protected":false},"excerpt":{"rendered":"<p>Centar za kulturu Lukavac u saradnji sa Bosanskom medijskom grupom, u petak je u prelijepom&hellip;<\/p>\n","protected":false},"author":2,"featured_media":216369,"comment_status":"open","ping_status":"closed","sticky":false,"template":"","format":"standard","meta":{"_acf_changed":false,"footnotes":""},"categories":[304,12],"tags":[8173,461,1486,8172],"acf":[],"yoast_head":"<!-- This site is optimized with the Yoast SEO plugin v23.5 - https:\/\/yoast.com\/wordpress\/plugins\/seo\/ -->\n<title>FOTO \/ &quot;Ime mi je osveta&quot;: U Lukavcu promovisana knjiga Belme Saki\u0107 - TuzlaInfo.ba<\/title>\n<meta name=\"robots\" content=\"index, follow, max-snippet:-1, max-image-preview:large, max-video-preview:-1\" \/>\n<link rel=\"canonical\" href=\"https:\/\/tuzlainfo.ba\/index.php\/novosti\/item\/216359-foto-ime-mi-je-osveta-u-lukavcu-promovisana-knjiga-belme-sakic\/\" \/>\n<meta property=\"og:locale\" content=\"bs_BA\" \/>\n<meta property=\"og:type\" content=\"article\" \/>\n<meta property=\"og:title\" content=\"FOTO \/ &quot;Ime mi je osveta&quot;: U Lukavcu promovisana knjiga Belme Saki\u0107 - TuzlaInfo.ba\" \/>\n<meta property=\"og:description\" content=\"Centar za kulturu Lukavac u saradnji sa Bosanskom medijskom grupom, u petak je u prelijepom&hellip;\" \/>\n<meta property=\"og:url\" content=\"https:\/\/tuzlainfo.ba\/index.php\/novosti\/item\/216359-foto-ime-mi-je-osveta-u-lukavcu-promovisana-knjiga-belme-sakic\/\" \/>\n<meta property=\"og:site_name\" content=\"TuzlaInfo.ba\" \/>\n<meta property=\"article:publisher\" content=\"https:\/\/www.facebook.com\/tuzlainfo.ba\/\" \/>\n<meta property=\"article:published_time\" content=\"2023-09-09T09:04:35+00:00\" \/>\n<meta property=\"article:modified_time\" content=\"2023-09-09T08:13:31+00:00\" \/>\n<meta property=\"og:image\" content=\"https:\/\/tuzlainfo.ba\/wp-content\/uploads\/2023\/09\/0909_belma_sakic-1.jpg\" \/>\n\t<meta property=\"og:image:width\" content=\"1200\" \/>\n\t<meta property=\"og:image:height\" content=\"900\" \/>\n\t<meta property=\"og:image:type\" content=\"image\/jpeg\" \/>\n<meta name=\"author\" content=\"nedim\" \/>\n<meta name=\"twitter:card\" content=\"summary_large_image\" \/>\n<meta name=\"twitter:label1\" content=\"Written by\" \/>\n\t<meta name=\"twitter:data1\" content=\"nedim\" \/>\n\t<meta name=\"twitter:label2\" content=\"Est. reading time\" \/>\n\t<meta name=\"twitter:data2\" content=\"2 minute\" \/>\n<script type=\"application\/ld+json\" class=\"yoast-schema-graph\">{\"@context\":\"https:\/\/schema.org\",\"@graph\":[{\"@type\":\"Article\",\"@id\":\"https:\/\/tuzlainfo.ba\/index.php\/novosti\/item\/216359-foto-ime-mi-je-osveta-u-lukavcu-promovisana-knjiga-belme-sakic\/#article\",\"isPartOf\":{\"@id\":\"https:\/\/tuzlainfo.ba\/index.php\/novosti\/item\/216359-foto-ime-mi-je-osveta-u-lukavcu-promovisana-knjiga-belme-sakic\/\"},\"author\":{\"name\":\"nedim\",\"@id\":\"https:\/\/tuzlainfo.ba\/#\/schema\/person\/f434e20dc27ea133923aab08451b7f7f\"},\"headline\":\"FOTO \/ &#8220;Ime mi je osveta&#8221;: U Lukavcu promovisana knjiga Belme Saki\u0107\",\"datePublished\":\"2023-09-09T09:04:35+00:00\",\"dateModified\":\"2023-09-09T08:13:31+00:00\",\"mainEntityOfPage\":{\"@id\":\"https:\/\/tuzlainfo.ba\/index.php\/novosti\/item\/216359-foto-ime-mi-je-osveta-u-lukavcu-promovisana-knjiga-belme-sakic\/\"},\"wordCount\":360,\"commentCount\":0,\"publisher\":{\"@id\":\"https:\/\/tuzlainfo.ba\/#organization\"},\"image\":{\"@id\":\"https:\/\/tuzlainfo.ba\/index.php\/novosti\/item\/216359-foto-ime-mi-je-osveta-u-lukavcu-promovisana-knjiga-belme-sakic\/#primaryimage\"},\"thumbnailUrl\":\"https:\/\/tuzlainfo.ba\/wp-content\/uploads\/2023\/09\/0909_belma_sakic-1.jpg\",\"keywords\":[\"belma saki\u0107\",\"lukavac\",\"promocija knjige\",\"vila solvay\"],\"articleSection\":[\"Istaknuto\",\"Novosti\"],\"inLanguage\":\"bs-BA\"},{\"@type\":\"WebPage\",\"@id\":\"https:\/\/tuzlainfo.ba\/index.php\/novosti\/item\/216359-foto-ime-mi-je-osveta-u-lukavcu-promovisana-knjiga-belme-sakic\/\",\"url\":\"https:\/\/tuzlainfo.ba\/index.php\/novosti\/item\/216359-foto-ime-mi-je-osveta-u-lukavcu-promovisana-knjiga-belme-sakic\/\",\"name\":\"FOTO \/ \\\"Ime mi je osveta\\\": U Lukavcu promovisana knjiga Belme Saki\u0107 - TuzlaInfo.ba\",\"isPartOf\":{\"@id\":\"https:\/\/tuzlainfo.ba\/#website\"},\"primaryImageOfPage\":{\"@id\":\"https:\/\/tuzlainfo.ba\/index.php\/novosti\/item\/216359-foto-ime-mi-je-osveta-u-lukavcu-promovisana-knjiga-belme-sakic\/#primaryimage\"},\"image\":{\"@id\":\"https:\/\/tuzlainfo.ba\/index.php\/novosti\/item\/216359-foto-ime-mi-je-osveta-u-lukavcu-promovisana-knjiga-belme-sakic\/#primaryimage\"},\"thumbnailUrl\":\"https:\/\/tuzlainfo.ba\/wp-content\/uploads\/2023\/09\/0909_belma_sakic-1.jpg\",\"datePublished\":\"2023-09-09T09:04:35+00:00\",\"dateModified\":\"2023-09-09T08:13:31+00:00\",\"breadcrumb\":{\"@id\":\"https:\/\/tuzlainfo.ba\/index.php\/novosti\/item\/216359-foto-ime-mi-je-osveta-u-lukavcu-promovisana-knjiga-belme-sakic\/#breadcrumb\"},\"inLanguage\":\"bs-BA\",\"potentialAction\":[{\"@type\":\"ReadAction\",\"target\":[\"https:\/\/tuzlainfo.ba\/index.php\/novosti\/item\/216359-foto-ime-mi-je-osveta-u-lukavcu-promovisana-knjiga-belme-sakic\/\"]}]},{\"@type\":\"ImageObject\",\"inLanguage\":\"bs-BA\",\"@id\":\"https:\/\/tuzlainfo.ba\/index.php\/novosti\/item\/216359-foto-ime-mi-je-osveta-u-lukavcu-promovisana-knjiga-belme-sakic\/#primaryimage\",\"url\":\"https:\/\/tuzlainfo.ba\/wp-content\/uploads\/2023\/09\/0909_belma_sakic-1.jpg\",\"contentUrl\":\"https:\/\/tuzlainfo.ba\/wp-content\/uploads\/2023\/09\/0909_belma_sakic-1.jpg\",\"width\":1200,\"height\":900},{\"@type\":\"BreadcrumbList\",\"@id\":\"https:\/\/tuzlainfo.ba\/index.php\/novosti\/item\/216359-foto-ime-mi-je-osveta-u-lukavcu-promovisana-knjiga-belme-sakic\/#breadcrumb\",\"itemListElement\":[{\"@type\":\"ListItem\",\"position\":1,\"name\":\"Home\",\"item\":\"https:\/\/tuzlainfo.ba\/\"},{\"@type\":\"ListItem\",\"position\":2,\"name\":\"FOTO \/ &#8220;Ime mi je osveta&#8221;: U Lukavcu promovisana knjiga Belme Saki\u0107\"}]},{\"@type\":\"WebSite\",\"@id\":\"https:\/\/tuzlainfo.ba\/#website\",\"url\":\"https:\/\/tuzlainfo.ba\/\",\"name\":\"TuzlaInfo.ba\",\"description\":\"Tuzla info, gradski informator - Tuzla na dlanu\",\"publisher\":{\"@id\":\"https:\/\/tuzlainfo.ba\/#organization\"},\"potentialAction\":[{\"@type\":\"SearchAction\",\"target\":{\"@type\":\"EntryPoint\",\"urlTemplate\":\"https:\/\/tuzlainfo.ba\/?s={search_term_string}\"},\"query-input\":{\"@type\":\"PropertyValueSpecification\",\"valueRequired\":true,\"valueName\":\"search_term_string\"}}],\"inLanguage\":\"bs-BA\"},{\"@type\":\"Organization\",\"@id\":\"https:\/\/tuzlainfo.ba\/#organization\",\"name\":\"TuzlaInfo.ba\",\"url\":\"https:\/\/tuzlainfo.ba\/\",\"logo\":{\"@type\":\"ImageObject\",\"inLanguage\":\"bs-BA\",\"@id\":\"https:\/\/tuzlainfo.ba\/#\/schema\/logo\/image\/\",\"url\":\"https:\/\/tuzlainfo.ba\/wp-content\/uploads\/2021\/03\/logo-ver-3-1.png\",\"contentUrl\":\"https:\/\/tuzlainfo.ba\/wp-content\/uploads\/2021\/03\/logo-ver-3-1.png\",\"width\":350,\"height\":95,\"caption\":\"TuzlaInfo.ba\"},\"image\":{\"@id\":\"https:\/\/tuzlainfo.ba\/#\/schema\/logo\/image\/\"},\"sameAs\":[\"https:\/\/www.facebook.com\/tuzlainfo.ba\/\"]},{\"@type\":\"Person\",\"@id\":\"https:\/\/tuzlainfo.ba\/#\/schema\/person\/f434e20dc27ea133923aab08451b7f7f\",\"name\":\"nedim\",\"image\":{\"@type\":\"ImageObject\",\"inLanguage\":\"bs-BA\",\"@id\":\"https:\/\/tuzlainfo.ba\/#\/schema\/person\/image\/\",\"url\":\"https:\/\/tuzlainfo.ba\/wp-content\/litespeed\/avatar\/aabad687af24844af817603ac1cbdc4f.jpg?ver=1777306975\",\"contentUrl\":\"https:\/\/tuzlainfo.ba\/wp-content\/litespeed\/avatar\/aabad687af24844af817603ac1cbdc4f.jpg?ver=1777306975\",\"caption\":\"nedim\"},\"description\":\"Tuzlainfo.ba pratite na dru\u0161tvenim mre\u017eama: Facebook, Instagram i Youtube. Svoje pri\u010de, upite i fotografije \u0161aljite na na\u0161u e-mail adresu.\"}]}<\/script>\n<!-- \/ Yoast SEO plugin. -->","yoast_head_json":{"title":"FOTO \/ \"Ime mi je osveta\": U Lukavcu promovisana knjiga Belme Saki\u0107 - TuzlaInfo.ba","robots":{"index":"index","follow":"follow","max-snippet":"max-snippet:-1","max-image-preview":"max-image-preview:large","max-video-preview":"max-video-preview:-1"},"canonical":"https:\/\/tuzlainfo.ba\/index.php\/novosti\/item\/216359-foto-ime-mi-je-osveta-u-lukavcu-promovisana-knjiga-belme-sakic\/","og_locale":"bs_BA","og_type":"article","og_title":"FOTO \/ \"Ime mi je osveta\": U Lukavcu promovisana knjiga Belme Saki\u0107 - TuzlaInfo.ba","og_description":"Centar za kulturu Lukavac u saradnji sa Bosanskom medijskom grupom, u petak je u prelijepom&hellip;","og_url":"https:\/\/tuzlainfo.ba\/index.php\/novosti\/item\/216359-foto-ime-mi-je-osveta-u-lukavcu-promovisana-knjiga-belme-sakic\/","og_site_name":"TuzlaInfo.ba","article_publisher":"https:\/\/www.facebook.com\/tuzlainfo.ba\/","article_published_time":"2023-09-09T09:04:35+00:00","article_modified_time":"2023-09-09T08:13:31+00:00","og_image":[{"width":1200,"height":900,"url":"https:\/\/tuzlainfo.ba\/wp-content\/uploads\/2023\/09\/0909_belma_sakic-1.jpg","type":"image\/jpeg"}],"author":"nedim","twitter_card":"summary_large_image","twitter_misc":{"Written by":"nedim","Est. reading time":"2 minute"},"schema":{"@context":"https:\/\/schema.org","@graph":[{"@type":"Article","@id":"https:\/\/tuzlainfo.ba\/index.php\/novosti\/item\/216359-foto-ime-mi-je-osveta-u-lukavcu-promovisana-knjiga-belme-sakic\/#article","isPartOf":{"@id":"https:\/\/tuzlainfo.ba\/index.php\/novosti\/item\/216359-foto-ime-mi-je-osveta-u-lukavcu-promovisana-knjiga-belme-sakic\/"},"author":{"name":"nedim","@id":"https:\/\/tuzlainfo.ba\/#\/schema\/person\/f434e20dc27ea133923aab08451b7f7f"},"headline":"FOTO \/ &#8220;Ime mi je osveta&#8221;: U Lukavcu promovisana knjiga Belme Saki\u0107","datePublished":"2023-09-09T09:04:35+00:00","dateModified":"2023-09-09T08:13:31+00:00","mainEntityOfPage":{"@id":"https:\/\/tuzlainfo.ba\/index.php\/novosti\/item\/216359-foto-ime-mi-je-osveta-u-lukavcu-promovisana-knjiga-belme-sakic\/"},"wordCount":360,"commentCount":0,"publisher":{"@id":"https:\/\/tuzlainfo.ba\/#organization"},"image":{"@id":"https:\/\/tuzlainfo.ba\/index.php\/novosti\/item\/216359-foto-ime-mi-je-osveta-u-lukavcu-promovisana-knjiga-belme-sakic\/#primaryimage"},"thumbnailUrl":"https:\/\/tuzlainfo.ba\/wp-content\/uploads\/2023\/09\/0909_belma_sakic-1.jpg","keywords":["belma saki\u0107","lukavac","promocija knjige","vila solvay"],"articleSection":["Istaknuto","Novosti"],"inLanguage":"bs-BA"},{"@type":"WebPage","@id":"https:\/\/tuzlainfo.ba\/index.php\/novosti\/item\/216359-foto-ime-mi-je-osveta-u-lukavcu-promovisana-knjiga-belme-sakic\/","url":"https:\/\/tuzlainfo.ba\/index.php\/novosti\/item\/216359-foto-ime-mi-je-osveta-u-lukavcu-promovisana-knjiga-belme-sakic\/","name":"FOTO \/ \"Ime mi je osveta\": U Lukavcu promovisana knjiga Belme Saki\u0107 - TuzlaInfo.ba","isPartOf":{"@id":"https:\/\/tuzlainfo.ba\/#website"},"primaryImageOfPage":{"@id":"https:\/\/tuzlainfo.ba\/index.php\/novosti\/item\/216359-foto-ime-mi-je-osveta-u-lukavcu-promovisana-knjiga-belme-sakic\/#primaryimage"},"image":{"@id":"https:\/\/tuzlainfo.ba\/index.php\/novosti\/item\/216359-foto-ime-mi-je-osveta-u-lukavcu-promovisana-knjiga-belme-sakic\/#primaryimage"},"thumbnailUrl":"https:\/\/tuzlainfo.ba\/wp-content\/uploads\/2023\/09\/0909_belma_sakic-1.jpg","datePublished":"2023-09-09T09:04:35+00:00","dateModified":"2023-09-09T08:13:31+00:00","breadcrumb":{"@id":"https:\/\/tuzlainfo.ba\/index.php\/novosti\/item\/216359-foto-ime-mi-je-osveta-u-lukavcu-promovisana-knjiga-belme-sakic\/#breadcrumb"},"inLanguage":"bs-BA","potentialAction":[{"@type":"ReadAction","target":["https:\/\/tuzlainfo.ba\/index.php\/novosti\/item\/216359-foto-ime-mi-je-osveta-u-lukavcu-promovisana-knjiga-belme-sakic\/"]}]},{"@type":"ImageObject","inLanguage":"bs-BA","@id":"https:\/\/tuzlainfo.ba\/index.php\/novosti\/item\/216359-foto-ime-mi-je-osveta-u-lukavcu-promovisana-knjiga-belme-sakic\/#primaryimage","url":"https:\/\/tuzlainfo.ba\/wp-content\/uploads\/2023\/09\/0909_belma_sakic-1.jpg","contentUrl":"https:\/\/tuzlainfo.ba\/wp-content\/uploads\/2023\/09\/0909_belma_sakic-1.jpg","width":1200,"height":900},{"@type":"BreadcrumbList","@id":"https:\/\/tuzlainfo.ba\/index.php\/novosti\/item\/216359-foto-ime-mi-je-osveta-u-lukavcu-promovisana-knjiga-belme-sakic\/#breadcrumb","itemListElement":[{"@type":"ListItem","position":1,"name":"Home","item":"https:\/\/tuzlainfo.ba\/"},{"@type":"ListItem","position":2,"name":"FOTO \/ &#8220;Ime mi je osveta&#8221;: U Lukavcu promovisana knjiga Belme Saki\u0107"}]},{"@type":"WebSite","@id":"https:\/\/tuzlainfo.ba\/#website","url":"https:\/\/tuzlainfo.ba\/","name":"TuzlaInfo.ba","description":"Tuzla info, gradski informator - Tuzla na dlanu","publisher":{"@id":"https:\/\/tuzlainfo.ba\/#organization"},"potentialAction":[{"@type":"SearchAction","target":{"@type":"EntryPoint","urlTemplate":"https:\/\/tuzlainfo.ba\/?s={search_term_string}"},"query-input":{"@type":"PropertyValueSpecification","valueRequired":true,"valueName":"search_term_string"}}],"inLanguage":"bs-BA"},{"@type":"Organization","@id":"https:\/\/tuzlainfo.ba\/#organization","name":"TuzlaInfo.ba","url":"https:\/\/tuzlainfo.ba\/","logo":{"@type":"ImageObject","inLanguage":"bs-BA","@id":"https:\/\/tuzlainfo.ba\/#\/schema\/logo\/image\/","url":"https:\/\/tuzlainfo.ba\/wp-content\/uploads\/2021\/03\/logo-ver-3-1.png","contentUrl":"https:\/\/tuzlainfo.ba\/wp-content\/uploads\/2021\/03\/logo-ver-3-1.png","width":350,"height":95,"caption":"TuzlaInfo.ba"},"image":{"@id":"https:\/\/tuzlainfo.ba\/#\/schema\/logo\/image\/"},"sameAs":["https:\/\/www.facebook.com\/tuzlainfo.ba\/"]},{"@type":"Person","@id":"https:\/\/tuzlainfo.ba\/#\/schema\/person\/f434e20dc27ea133923aab08451b7f7f","name":"nedim","image":{"@type":"ImageObject","inLanguage":"bs-BA","@id":"https:\/\/tuzlainfo.ba\/#\/schema\/person\/image\/","url":"https:\/\/tuzlainfo.ba\/wp-content\/litespeed\/avatar\/aabad687af24844af817603ac1cbdc4f.jpg?ver=1777306975","contentUrl":"https:\/\/tuzlainfo.ba\/wp-content\/litespeed\/avatar\/aabad687af24844af817603ac1cbdc4f.jpg?ver=1777306975","caption":"nedim"},"description":"Tuzlainfo.ba pratite na dru\u0161tvenim mre\u017eama: Facebook, Instagram i Youtube. Svoje pri\u010de, upite i fotografije \u0161aljite na na\u0161u e-mail adresu."}]}},"_links":{"self":[{"href":"https:\/\/tuzlainfo.ba\/index.php\/wp-json\/wp\/v2\/posts\/216359"}],"collection":[{"href":"https:\/\/tuzlainfo.ba\/index.php\/wp-json\/wp\/v2\/posts"}],"about":[{"href":"https:\/\/tuzlainfo.ba\/index.php\/wp-json\/wp\/v2\/types\/post"}],"author":[{"embeddable":true,"href":"https:\/\/tuzlainfo.ba\/index.php\/wp-json\/wp\/v2\/users\/2"}],"replies":[{"embeddable":true,"href":"https:\/\/tuzlainfo.ba\/index.php\/wp-json\/wp\/v2\/comments?post=216359"}],"version-history":[{"count":1,"href":"https:\/\/tuzlainfo.ba\/index.php\/wp-json\/wp\/v2\/posts\/216359\/revisions"}],"predecessor-version":[{"id":216370,"href":"https:\/\/tuzlainfo.ba\/index.php\/wp-json\/wp\/v2\/posts\/216359\/revisions\/216370"}],"wp:featuredmedia":[{"embeddable":true,"href":"https:\/\/tuzlainfo.ba\/index.php\/wp-json\/wp\/v2\/media\/216369"}],"wp:attachment":[{"href":"https:\/\/tuzlainfo.ba\/index.php\/wp-json\/wp\/v2\/media?parent=216359"}],"wp:term":[{"taxonomy":"category","embeddable":true,"href":"https:\/\/tuzlainfo.ba\/index.php\/wp-json\/wp\/v2\/categories?post=216359"},{"taxonomy":"post_tag","embeddable":true,"href":"https:\/\/tuzlainfo.ba\/index.php\/wp-json\/wp\/v2\/tags?post=216359"}],"curies":[{"name":"wp","href":"https:\/\/api.w.org\/{rel}","templated":true}]}}