{"id":216325,"date":"2023-09-09T16:05:40","date_gmt":"2023-09-09T14:05:40","guid":{"rendered":"https:\/\/tuzlainfo.ba\/?p=216325"},"modified":"2023-09-09T13:46:03","modified_gmt":"2023-09-09T11:46:03","slug":"grad-srebrenik-osigurao-besplatne-clanarine-za-sve-ucenike-i-studente-u-gradskoj-biblioteci","status":"publish","type":"post","link":"https:\/\/tuzlainfo.ba\/index.php\/novosti\/item\/216325-grad-srebrenik-osigurao-besplatne-clanarine-za-sve-ucenike-i-studente-u-gradskoj-biblioteci\/","title":{"rendered":"Grad Srebrenik osigurao besplatne \u010dlanarine za sve u\u010denike i studente u Gradskoj biblioteci"},"content":{"rendered":"<p>Grad Srebrenik danas mo\u017ee biti jedan od primjera kada je u pitanju podr\u0161ka radu Gradske biblioteke, koja djeluje u okviru JU Centar za kulturu i informisanje Srebrenik. Ovakve aktivnosti obe\u0107avaju svijetlu budu\u0107nost kulturnih i obrazovnih aktivnosti u ovom bosanskohercegova\u010dkom gradu.<\/p>\n<p>&nbsp;<\/p>\n<p>Gradona\u010delnik Adnan Bjeli\u0107, koji ve\u0107 postaje prepoznatljiv po naporima za unapre\u0111enje stanja u oblasti lokalne kulture i obrazovanja, susreo se sa zaposlenicima biblioteke ali i predsjednikom aktiva direktora \u0161kola na podru\u010dju Srebrenika, kako bi razgovarao o me\u0111usobnoj saradnji i budu\u0107im projektima. Centralna ta\u010dka razgovora bila je srebreni\u010dki Centar za kulturu, koji je nedavno pro\u0161ao kroz temeljitu rekonstrukciju i sada pru\u017ea znatno bolji i ugodniji ambijent za kulturne i obrazovne doga\u0111aje.<\/p>\n<p>U narednom periodu, kako je re\u010deno, posebna pa\u017enja bit \u0107e posve\u0107ena djeci i u\u010denicima kao i kreiranju sadr\u017eaja za sve uzraste. Gradona\u010delnik je najavio saradnju Centra za kulturu sa svim osnovnim \u0161kolama u Srebreniku kako bi omogu\u0107ili \u0161to ve\u0107em broju djece prisustvovanje pozori\u0161nim predstavama i filmskim projekcijama prilago\u0111enim njihovom uzrastu. Ova inicijativa ima za cilj obogatiti kulturnu ponudu grada i pru\u017eiti mladima priliku da se bolje upoznaju sa umjetno\u0161\u0107u.<\/p>\n<p>Gradona\u010delnik je govorio i o aktivnostima na realizaciji projekta simboli\u010dno nazvanog &#8220;Uvedimo svako dijete u biblioteku&#8221;. Ovaj projekt ima za cilj promovirati \u010ditanje me\u0111u mladim generacijama. StogaGrad Srebrenik je obezbijedio finansijska sredstva kako bi pokrio \u010dlanarine za sve u\u010denike i studente koji \u017eive na podru\u010dju Srebrenika. Ovaj potez je doveo do zna\u010dajnog pove\u0107anja broja u\u010dlanjenih u biblioteci, koja sada broji preko 36.000 knjiga. Podr\u0161kom u\u010denicima i studentima putem besplatnih \u010dlanarina, Grad \u017eeli potaknuti i razviti naviku \u010ditanja me\u0111u mladima, \u010dine\u0107i \u010ditanje dostupnim i besplatnim za sve.<\/p>\n<p>Ovaj abiciozni projekt \u0107e ne samo obogatiti kulturni \u017eivot Srebrenika ve\u0107 i pru\u017eiti mladim generacijama priliku da se bolje pove\u017eu s knjigama i obogate svoje znanje. Gradona\u010delnik Grada Srebrenik nastavlja svoj trud u unapre\u0111enju kulture i obrazovanja u zajednici, \u0161to \u010dini grad jo\u0161 privla\u010dnijim mjestom za \u017eivot i razvoj.<\/p>\n<p>Gradona\u010delnik je na ovom sastanku iskazao ambiciju i za nabavku bibliomobila koji bi dodatno obogatio kulturnu ponudu grada i pribli\u017eio knjige svim gra\u0111anima, bez obzira na njihovu lokaciju. Bibliomobil bi omogu\u0107io ljudima u svim mjesnim podru\u010djima da pristupe bogatom fundusu biblioteke i da se uklju\u010de u \u010ditanje i obrazovanje.<\/p>\n<p>&#8211; Realizacijom nabavke bibliomobila bi dodatno promovisali kulturu \u010ditanja, ali i doprinijeli \u0161irenju znanja i promociji obrazovanja \u0161irom grada, \u0161to bi nam u kona\u010dnici omogu\u0107ilo ravnomjeran razvoj svih mjesnih podru\u010dja &#8211; kazao je gradona\u010delnik Bjeli\u0107.<\/p>\n","protected":false},"excerpt":{"rendered":"<p>Grad Srebrenik danas mo\u017ee biti jedan od primjera kada je u pitanju podr\u0161ka radu Gradske&hellip;<\/p>\n","protected":false},"author":4,"featured_media":76756,"comment_status":"open","ping_status":"closed","sticky":false,"template":"","format":"standard","meta":{"_acf_changed":false,"footnotes":""},"categories":[304,12],"tags":[21,2506,559],"acf":[],"yoast_head":"<!-- This site is optimized with the Yoast SEO plugin v23.5 - https:\/\/yoast.com\/wordpress\/plugins\/seo\/ -->\n<title>Grad Srebrenik osigurao besplatne \u010dlanarine za sve u\u010denike i studente u Gradskoj biblioteci - TuzlaInfo.ba<\/title>\n<meta name=\"robots\" content=\"index, follow, max-snippet:-1, max-image-preview:large, max-video-preview:-1\" \/>\n<link rel=\"canonical\" href=\"https:\/\/tuzlainfo.ba\/index.php\/novosti\/item\/216325-grad-srebrenik-osigurao-besplatne-clanarine-za-sve-ucenike-i-studente-u-gradskoj-biblioteci\/\" \/>\n<meta property=\"og:locale\" content=\"bs_BA\" \/>\n<meta property=\"og:type\" content=\"article\" \/>\n<meta property=\"og:title\" content=\"Grad Srebrenik osigurao besplatne \u010dlanarine za sve u\u010denike i studente u Gradskoj biblioteci - TuzlaInfo.ba\" \/>\n<meta property=\"og:description\" content=\"Grad Srebrenik danas mo\u017ee biti jedan od primjera kada je u pitanju podr\u0161ka radu Gradske&hellip;\" \/>\n<meta property=\"og:url\" content=\"https:\/\/tuzlainfo.ba\/index.php\/novosti\/item\/216325-grad-srebrenik-osigurao-besplatne-clanarine-za-sve-ucenike-i-studente-u-gradskoj-biblioteci\/\" \/>\n<meta property=\"og:site_name\" content=\"TuzlaInfo.ba\" \/>\n<meta property=\"article:publisher\" content=\"https:\/\/www.facebook.com\/tuzlainfo.ba\/\" \/>\n<meta property=\"article:published_time\" content=\"2023-09-09T14:05:40+00:00\" \/>\n<meta property=\"article:modified_time\" content=\"2023-09-09T11:46:03+00:00\" \/>\n<meta property=\"og:image\" content=\"https:\/\/tuzlainfo.ba\/wp-content\/uploads\/2020\/02\/sadrzaj_2020_20200201_0702_knjige.jpg\" \/>\n\t<meta property=\"og:image:width\" content=\"770\" \/>\n\t<meta property=\"og:image:height\" content=\"606\" \/>\n\t<meta property=\"og:image:type\" content=\"image\/jpeg\" \/>\n<meta name=\"author\" content=\"Tuzla Info\" \/>\n<meta name=\"twitter:card\" content=\"summary_large_image\" \/>\n<meta name=\"twitter:label1\" content=\"Written by\" \/>\n\t<meta name=\"twitter:data1\" content=\"Tuzla Info\" \/>\n\t<meta name=\"twitter:label2\" content=\"Est. reading time\" \/>\n\t<meta name=\"twitter:data2\" content=\"2 minute\" \/>\n<script type=\"application\/ld+json\" class=\"yoast-schema-graph\">{\"@context\":\"https:\/\/schema.org\",\"@graph\":[{\"@type\":\"Article\",\"@id\":\"https:\/\/tuzlainfo.ba\/index.php\/novosti\/item\/216325-grad-srebrenik-osigurao-besplatne-clanarine-za-sve-ucenike-i-studente-u-gradskoj-biblioteci\/#article\",\"isPartOf\":{\"@id\":\"https:\/\/tuzlainfo.ba\/index.php\/novosti\/item\/216325-grad-srebrenik-osigurao-besplatne-clanarine-za-sve-ucenike-i-studente-u-gradskoj-biblioteci\/\"},\"author\":{\"name\":\"Tuzla Info\",\"@id\":\"https:\/\/tuzlainfo.ba\/#\/schema\/person\/46cad4c57790cbc50781edd14870825a\"},\"headline\":\"Grad Srebrenik osigurao besplatne \u010dlanarine za sve u\u010denike i studente u Gradskoj biblioteci\",\"datePublished\":\"2023-09-09T14:05:40+00:00\",\"dateModified\":\"2023-09-09T11:46:03+00:00\",\"mainEntityOfPage\":{\"@id\":\"https:\/\/tuzlainfo.ba\/index.php\/novosti\/item\/216325-grad-srebrenik-osigurao-besplatne-clanarine-za-sve-ucenike-i-studente-u-gradskoj-biblioteci\/\"},\"wordCount\":466,\"commentCount\":0,\"publisher\":{\"@id\":\"https:\/\/tuzlainfo.ba\/#organization\"},\"image\":{\"@id\":\"https:\/\/tuzlainfo.ba\/index.php\/novosti\/item\/216325-grad-srebrenik-osigurao-besplatne-clanarine-za-sve-ucenike-i-studente-u-gradskoj-biblioteci\/#primaryimage\"},\"thumbnailUrl\":\"https:\/\/tuzlainfo.ba\/wp-content\/uploads\/2020\/02\/sadrzaj_2020_20200201_0702_knjige.jpg\",\"keywords\":[\"biblioteka\",\"Knjige\",\"srebrenik\"],\"articleSection\":[\"Istaknuto\",\"Novosti\"],\"inLanguage\":\"bs-BA\"},{\"@type\":\"WebPage\",\"@id\":\"https:\/\/tuzlainfo.ba\/index.php\/novosti\/item\/216325-grad-srebrenik-osigurao-besplatne-clanarine-za-sve-ucenike-i-studente-u-gradskoj-biblioteci\/\",\"url\":\"https:\/\/tuzlainfo.ba\/index.php\/novosti\/item\/216325-grad-srebrenik-osigurao-besplatne-clanarine-za-sve-ucenike-i-studente-u-gradskoj-biblioteci\/\",\"name\":\"Grad Srebrenik osigurao besplatne \u010dlanarine za sve u\u010denike i studente u Gradskoj biblioteci - TuzlaInfo.ba\",\"isPartOf\":{\"@id\":\"https:\/\/tuzlainfo.ba\/#website\"},\"primaryImageOfPage\":{\"@id\":\"https:\/\/tuzlainfo.ba\/index.php\/novosti\/item\/216325-grad-srebrenik-osigurao-besplatne-clanarine-za-sve-ucenike-i-studente-u-gradskoj-biblioteci\/#primaryimage\"},\"image\":{\"@id\":\"https:\/\/tuzlainfo.ba\/index.php\/novosti\/item\/216325-grad-srebrenik-osigurao-besplatne-clanarine-za-sve-ucenike-i-studente-u-gradskoj-biblioteci\/#primaryimage\"},\"thumbnailUrl\":\"https:\/\/tuzlainfo.ba\/wp-content\/uploads\/2020\/02\/sadrzaj_2020_20200201_0702_knjige.jpg\",\"datePublished\":\"2023-09-09T14:05:40+00:00\",\"dateModified\":\"2023-09-09T11:46:03+00:00\",\"breadcrumb\":{\"@id\":\"https:\/\/tuzlainfo.ba\/index.php\/novosti\/item\/216325-grad-srebrenik-osigurao-besplatne-clanarine-za-sve-ucenike-i-studente-u-gradskoj-biblioteci\/#breadcrumb\"},\"inLanguage\":\"bs-BA\",\"potentialAction\":[{\"@type\":\"ReadAction\",\"target\":[\"https:\/\/tuzlainfo.ba\/index.php\/novosti\/item\/216325-grad-srebrenik-osigurao-besplatne-clanarine-za-sve-ucenike-i-studente-u-gradskoj-biblioteci\/\"]}]},{\"@type\":\"ImageObject\",\"inLanguage\":\"bs-BA\",\"@id\":\"https:\/\/tuzlainfo.ba\/index.php\/novosti\/item\/216325-grad-srebrenik-osigurao-besplatne-clanarine-za-sve-ucenike-i-studente-u-gradskoj-biblioteci\/#primaryimage\",\"url\":\"https:\/\/tuzlainfo.ba\/wp-content\/uploads\/2020\/02\/sadrzaj_2020_20200201_0702_knjige.jpg\",\"contentUrl\":\"https:\/\/tuzlainfo.ba\/wp-content\/uploads\/2020\/02\/sadrzaj_2020_20200201_0702_knjige.jpg\",\"width\":770,\"height\":606,\"caption\":\"0702 knjige\"},{\"@type\":\"BreadcrumbList\",\"@id\":\"https:\/\/tuzlainfo.ba\/index.php\/novosti\/item\/216325-grad-srebrenik-osigurao-besplatne-clanarine-za-sve-ucenike-i-studente-u-gradskoj-biblioteci\/#breadcrumb\",\"itemListElement\":[{\"@type\":\"ListItem\",\"position\":1,\"name\":\"Home\",\"item\":\"https:\/\/tuzlainfo.ba\/\"},{\"@type\":\"ListItem\",\"position\":2,\"name\":\"Grad Srebrenik osigurao besplatne \u010dlanarine za sve u\u010denike i studente u Gradskoj biblioteci\"}]},{\"@type\":\"WebSite\",\"@id\":\"https:\/\/tuzlainfo.ba\/#website\",\"url\":\"https:\/\/tuzlainfo.ba\/\",\"name\":\"TuzlaInfo.ba\",\"description\":\"Tuzla info, gradski informator - Tuzla na dlanu\",\"publisher\":{\"@id\":\"https:\/\/tuzlainfo.ba\/#organization\"},\"potentialAction\":[{\"@type\":\"SearchAction\",\"target\":{\"@type\":\"EntryPoint\",\"urlTemplate\":\"https:\/\/tuzlainfo.ba\/?s={search_term_string}\"},\"query-input\":{\"@type\":\"PropertyValueSpecification\",\"valueRequired\":true,\"valueName\":\"search_term_string\"}}],\"inLanguage\":\"bs-BA\"},{\"@type\":\"Organization\",\"@id\":\"https:\/\/tuzlainfo.ba\/#organization\",\"name\":\"TuzlaInfo.ba\",\"url\":\"https:\/\/tuzlainfo.ba\/\",\"logo\":{\"@type\":\"ImageObject\",\"inLanguage\":\"bs-BA\",\"@id\":\"https:\/\/tuzlainfo.ba\/#\/schema\/logo\/image\/\",\"url\":\"https:\/\/tuzlainfo.ba\/wp-content\/uploads\/2021\/03\/logo-ver-3-1.png\",\"contentUrl\":\"https:\/\/tuzlainfo.ba\/wp-content\/uploads\/2021\/03\/logo-ver-3-1.png\",\"width\":350,\"height\":95,\"caption\":\"TuzlaInfo.ba\"},\"image\":{\"@id\":\"https:\/\/tuzlainfo.ba\/#\/schema\/logo\/image\/\"},\"sameAs\":[\"https:\/\/www.facebook.com\/tuzlainfo.ba\/\"]},{\"@type\":\"Person\",\"@id\":\"https:\/\/tuzlainfo.ba\/#\/schema\/person\/46cad4c57790cbc50781edd14870825a\",\"name\":\"Tuzla Info\",\"image\":{\"@type\":\"ImageObject\",\"inLanguage\":\"bs-BA\",\"@id\":\"https:\/\/tuzlainfo.ba\/#\/schema\/person\/image\/\",\"url\":\"https:\/\/tuzlainfo.ba\/wp-content\/litespeed\/avatar\/b6c453a6c38e3654f2e4416c643fc25c.jpg?ver=1777051911\",\"contentUrl\":\"https:\/\/tuzlainfo.ba\/wp-content\/litespeed\/avatar\/b6c453a6c38e3654f2e4416c643fc25c.jpg?ver=1777051911\",\"caption\":\"Tuzla Info\"}}]}<\/script>\n<!-- \/ Yoast SEO plugin. -->","yoast_head_json":{"title":"Grad Srebrenik osigurao besplatne \u010dlanarine za sve u\u010denike i studente u Gradskoj biblioteci - TuzlaInfo.ba","robots":{"index":"index","follow":"follow","max-snippet":"max-snippet:-1","max-image-preview":"max-image-preview:large","max-video-preview":"max-video-preview:-1"},"canonical":"https:\/\/tuzlainfo.ba\/index.php\/novosti\/item\/216325-grad-srebrenik-osigurao-besplatne-clanarine-za-sve-ucenike-i-studente-u-gradskoj-biblioteci\/","og_locale":"bs_BA","og_type":"article","og_title":"Grad Srebrenik osigurao besplatne \u010dlanarine za sve u\u010denike i studente u Gradskoj biblioteci - TuzlaInfo.ba","og_description":"Grad Srebrenik danas mo\u017ee biti jedan od primjera kada je u pitanju podr\u0161ka radu Gradske&hellip;","og_url":"https:\/\/tuzlainfo.ba\/index.php\/novosti\/item\/216325-grad-srebrenik-osigurao-besplatne-clanarine-za-sve-ucenike-i-studente-u-gradskoj-biblioteci\/","og_site_name":"TuzlaInfo.ba","article_publisher":"https:\/\/www.facebook.com\/tuzlainfo.ba\/","article_published_time":"2023-09-09T14:05:40+00:00","article_modified_time":"2023-09-09T11:46:03+00:00","og_image":[{"width":770,"height":606,"url":"https:\/\/tuzlainfo.ba\/wp-content\/uploads\/2020\/02\/sadrzaj_2020_20200201_0702_knjige.jpg","type":"image\/jpeg"}],"author":"Tuzla Info","twitter_card":"summary_large_image","twitter_misc":{"Written by":"Tuzla Info","Est. reading time":"2 minute"},"schema":{"@context":"https:\/\/schema.org","@graph":[{"@type":"Article","@id":"https:\/\/tuzlainfo.ba\/index.php\/novosti\/item\/216325-grad-srebrenik-osigurao-besplatne-clanarine-za-sve-ucenike-i-studente-u-gradskoj-biblioteci\/#article","isPartOf":{"@id":"https:\/\/tuzlainfo.ba\/index.php\/novosti\/item\/216325-grad-srebrenik-osigurao-besplatne-clanarine-za-sve-ucenike-i-studente-u-gradskoj-biblioteci\/"},"author":{"name":"Tuzla Info","@id":"https:\/\/tuzlainfo.ba\/#\/schema\/person\/46cad4c57790cbc50781edd14870825a"},"headline":"Grad Srebrenik osigurao besplatne \u010dlanarine za sve u\u010denike i studente u Gradskoj biblioteci","datePublished":"2023-09-09T14:05:40+00:00","dateModified":"2023-09-09T11:46:03+00:00","mainEntityOfPage":{"@id":"https:\/\/tuzlainfo.ba\/index.php\/novosti\/item\/216325-grad-srebrenik-osigurao-besplatne-clanarine-za-sve-ucenike-i-studente-u-gradskoj-biblioteci\/"},"wordCount":466,"commentCount":0,"publisher":{"@id":"https:\/\/tuzlainfo.ba\/#organization"},"image":{"@id":"https:\/\/tuzlainfo.ba\/index.php\/novosti\/item\/216325-grad-srebrenik-osigurao-besplatne-clanarine-za-sve-ucenike-i-studente-u-gradskoj-biblioteci\/#primaryimage"},"thumbnailUrl":"https:\/\/tuzlainfo.ba\/wp-content\/uploads\/2020\/02\/sadrzaj_2020_20200201_0702_knjige.jpg","keywords":["biblioteka","Knjige","srebrenik"],"articleSection":["Istaknuto","Novosti"],"inLanguage":"bs-BA"},{"@type":"WebPage","@id":"https:\/\/tuzlainfo.ba\/index.php\/novosti\/item\/216325-grad-srebrenik-osigurao-besplatne-clanarine-za-sve-ucenike-i-studente-u-gradskoj-biblioteci\/","url":"https:\/\/tuzlainfo.ba\/index.php\/novosti\/item\/216325-grad-srebrenik-osigurao-besplatne-clanarine-za-sve-ucenike-i-studente-u-gradskoj-biblioteci\/","name":"Grad Srebrenik osigurao besplatne \u010dlanarine za sve u\u010denike i studente u Gradskoj biblioteci - TuzlaInfo.ba","isPartOf":{"@id":"https:\/\/tuzlainfo.ba\/#website"},"primaryImageOfPage":{"@id":"https:\/\/tuzlainfo.ba\/index.php\/novosti\/item\/216325-grad-srebrenik-osigurao-besplatne-clanarine-za-sve-ucenike-i-studente-u-gradskoj-biblioteci\/#primaryimage"},"image":{"@id":"https:\/\/tuzlainfo.ba\/index.php\/novosti\/item\/216325-grad-srebrenik-osigurao-besplatne-clanarine-za-sve-ucenike-i-studente-u-gradskoj-biblioteci\/#primaryimage"},"thumbnailUrl":"https:\/\/tuzlainfo.ba\/wp-content\/uploads\/2020\/02\/sadrzaj_2020_20200201_0702_knjige.jpg","datePublished":"2023-09-09T14:05:40+00:00","dateModified":"2023-09-09T11:46:03+00:00","breadcrumb":{"@id":"https:\/\/tuzlainfo.ba\/index.php\/novosti\/item\/216325-grad-srebrenik-osigurao-besplatne-clanarine-za-sve-ucenike-i-studente-u-gradskoj-biblioteci\/#breadcrumb"},"inLanguage":"bs-BA","potentialAction":[{"@type":"ReadAction","target":["https:\/\/tuzlainfo.ba\/index.php\/novosti\/item\/216325-grad-srebrenik-osigurao-besplatne-clanarine-za-sve-ucenike-i-studente-u-gradskoj-biblioteci\/"]}]},{"@type":"ImageObject","inLanguage":"bs-BA","@id":"https:\/\/tuzlainfo.ba\/index.php\/novosti\/item\/216325-grad-srebrenik-osigurao-besplatne-clanarine-za-sve-ucenike-i-studente-u-gradskoj-biblioteci\/#primaryimage","url":"https:\/\/tuzlainfo.ba\/wp-content\/uploads\/2020\/02\/sadrzaj_2020_20200201_0702_knjige.jpg","contentUrl":"https:\/\/tuzlainfo.ba\/wp-content\/uploads\/2020\/02\/sadrzaj_2020_20200201_0702_knjige.jpg","width":770,"height":606,"caption":"0702 knjige"},{"@type":"BreadcrumbList","@id":"https:\/\/tuzlainfo.ba\/index.php\/novosti\/item\/216325-grad-srebrenik-osigurao-besplatne-clanarine-za-sve-ucenike-i-studente-u-gradskoj-biblioteci\/#breadcrumb","itemListElement":[{"@type":"ListItem","position":1,"name":"Home","item":"https:\/\/tuzlainfo.ba\/"},{"@type":"ListItem","position":2,"name":"Grad Srebrenik osigurao besplatne \u010dlanarine za sve u\u010denike i studente u Gradskoj biblioteci"}]},{"@type":"WebSite","@id":"https:\/\/tuzlainfo.ba\/#website","url":"https:\/\/tuzlainfo.ba\/","name":"TuzlaInfo.ba","description":"Tuzla info, gradski informator - Tuzla na dlanu","publisher":{"@id":"https:\/\/tuzlainfo.ba\/#organization"},"potentialAction":[{"@type":"SearchAction","target":{"@type":"EntryPoint","urlTemplate":"https:\/\/tuzlainfo.ba\/?s={search_term_string}"},"query-input":{"@type":"PropertyValueSpecification","valueRequired":true,"valueName":"search_term_string"}}],"inLanguage":"bs-BA"},{"@type":"Organization","@id":"https:\/\/tuzlainfo.ba\/#organization","name":"TuzlaInfo.ba","url":"https:\/\/tuzlainfo.ba\/","logo":{"@type":"ImageObject","inLanguage":"bs-BA","@id":"https:\/\/tuzlainfo.ba\/#\/schema\/logo\/image\/","url":"https:\/\/tuzlainfo.ba\/wp-content\/uploads\/2021\/03\/logo-ver-3-1.png","contentUrl":"https:\/\/tuzlainfo.ba\/wp-content\/uploads\/2021\/03\/logo-ver-3-1.png","width":350,"height":95,"caption":"TuzlaInfo.ba"},"image":{"@id":"https:\/\/tuzlainfo.ba\/#\/schema\/logo\/image\/"},"sameAs":["https:\/\/www.facebook.com\/tuzlainfo.ba\/"]},{"@type":"Person","@id":"https:\/\/tuzlainfo.ba\/#\/schema\/person\/46cad4c57790cbc50781edd14870825a","name":"Tuzla Info","image":{"@type":"ImageObject","inLanguage":"bs-BA","@id":"https:\/\/tuzlainfo.ba\/#\/schema\/person\/image\/","url":"https:\/\/tuzlainfo.ba\/wp-content\/litespeed\/avatar\/b6c453a6c38e3654f2e4416c643fc25c.jpg?ver=1777051911","contentUrl":"https:\/\/tuzlainfo.ba\/wp-content\/litespeed\/avatar\/b6c453a6c38e3654f2e4416c643fc25c.jpg?ver=1777051911","caption":"Tuzla Info"}}]}},"_links":{"self":[{"href":"https:\/\/tuzlainfo.ba\/index.php\/wp-json\/wp\/v2\/posts\/216325"}],"collection":[{"href":"https:\/\/tuzlainfo.ba\/index.php\/wp-json\/wp\/v2\/posts"}],"about":[{"href":"https:\/\/tuzlainfo.ba\/index.php\/wp-json\/wp\/v2\/types\/post"}],"author":[{"embeddable":true,"href":"https:\/\/tuzlainfo.ba\/index.php\/wp-json\/wp\/v2\/users\/4"}],"replies":[{"embeddable":true,"href":"https:\/\/tuzlainfo.ba\/index.php\/wp-json\/wp\/v2\/comments?post=216325"}],"version-history":[{"count":1,"href":"https:\/\/tuzlainfo.ba\/index.php\/wp-json\/wp\/v2\/posts\/216325\/revisions"}],"predecessor-version":[{"id":216326,"href":"https:\/\/tuzlainfo.ba\/index.php\/wp-json\/wp\/v2\/posts\/216325\/revisions\/216326"}],"wp:featuredmedia":[{"embeddable":true,"href":"https:\/\/tuzlainfo.ba\/index.php\/wp-json\/wp\/v2\/media\/76756"}],"wp:attachment":[{"href":"https:\/\/tuzlainfo.ba\/index.php\/wp-json\/wp\/v2\/media?parent=216325"}],"wp:term":[{"taxonomy":"category","embeddable":true,"href":"https:\/\/tuzlainfo.ba\/index.php\/wp-json\/wp\/v2\/categories?post=216325"},{"taxonomy":"post_tag","embeddable":true,"href":"https:\/\/tuzlainfo.ba\/index.php\/wp-json\/wp\/v2\/tags?post=216325"}],"curies":[{"name":"wp","href":"https:\/\/api.w.org\/{rel}","templated":true}]}}