{"id":216089,"date":"2023-09-06T20:12:18","date_gmt":"2023-09-06T18:12:18","guid":{"rendered":"https:\/\/tuzlainfo.ba\/?p=216089"},"modified":"2023-09-06T20:12:18","modified_gmt":"2023-09-06T18:12:18","slug":"dodatno-pojasnjenje-iz-nfsbih-na-ciji-zahtjev-je-suspendovan-anel-ahmedhodzic","status":"publish","type":"post","link":"https:\/\/tuzlainfo.ba\/index.php\/bosna-i-hercegovina\/item\/216089-dodatno-pojasnjenje-iz-nfsbih-na-ciji-zahtjev-je-suspendovan-anel-ahmedhodzic\/","title":{"rendered":"Dodatno poja\u0161njenje iz NFSBiH: Na \u010diji zahtjev je suspendovan Anel Ahmedhod\u017ei\u0107?"},"content":{"rendered":"<p>Nogometni savez Bosne i Hercegovine ponovo se oglasio i pojasnio slu\u010daj u kojem je suspendovan stoper Sheffield Uniteda Anel Ahmedhod\u017ei\u0107.<\/p>\n<p>\u201cNakon brojnih upita na adresu NS\/FS BiH, a vezano za suspenziju Anela Ahmedhod\u017ei\u0107a, dali su dodatno poja\u0161njenje.<\/p>\n<p>Postupak suspenzije Anela Ahmedhod\u017ei\u0107a je pokrenut na zahtjev selektora Mehe Kodre i direktora reprezentacije Zvjezdana Misimovi\u0107a. Anel Ahmedhod\u017ei\u0107 je prekr\u0161io odredbe Pravilnika o reprezentacijama, te \u0107e isti biti adekvatno sankcionisan. Disciplinski postupak se provodi u skladu sa Disciplinskim pravilnikom NS\/FS BiH i sve dalje pojedinosti u vezi sa ovim slu\u010dajem bi\u0107e objavljene na zvani\u010dnoj web stranici Saveza\u201d, saop\u0107eno je iz Saveza.<\/p>\n<p>Podsje\u0107amo, nakon \u0161to su poslani pozivi igra\u010dima povodom narednih kvalifikacionih utakmica UEFA za Evropsko prvenstvo 2024. protiv Lihten\u0161tajna i Islanda, pojavili su se prvi problemi sa povredama nekoliko igra\u010da sa zvani\u010dnog spiska \u201eA\u201c reprezentacije. Anel Ahmedhod\u017ei\u0107 se nije pojavio na okupljanju u zakazano vrijeme, iako je od strane njegovog kluba Sheffield Uniteda dostavljen medicinski izvje\u0161taj koji potvr\u0111uje da njegova povreda nije ozbiljnije prirode.<\/p>\n<p>Kako su naveli iz NFSBiH, \u010dlanovi stru\u010dnog \u0161taba i medicinskog tima su bezuspje\u0161no poku\u0161ali stupiti u kontakt sa Ahmedhod\u017ei\u0107em. Niti jedan igra\u010d nije izuzet od odgovornosti dolaska na pripreme reprezentacije, osim kada se radi o objektivnim okolnostima i sportskoj povredi. Kako se ovdje ne radi o sportskoj povredi koja sprje\u010dava njegov dolazak i boravak na pripremama u Sarajevu, Anel Ahmedhod\u017ei\u0107 je suspendovan do daljnjeg i protiv njega \u0107e biti pokrenut disciplinski postupak u skladu sa va\u017ee\u0107im propisima NS\/FS BiH i Pravilnika o reprezentacijama NS\/FS BiH.<\/p>\n<p>&nbsp;<\/p>\n<p>&nbsp;<\/p>\n","protected":false},"excerpt":{"rendered":"<p>Nogometni savez Bosne i Hercegovine ponovo se oglasio i pojasnio slu\u010daj u kojem je suspendovan&hellip;<\/p>\n","protected":false},"author":2,"featured_media":216090,"comment_status":"open","ping_status":"closed","sticky":false,"template":"","format":"standard","meta":{"_acf_changed":false,"footnotes":""},"categories":[291],"tags":[7118,2530,915],"acf":[],"yoast_head":"<!-- This site is optimized with the Yoast SEO plugin v23.5 - https:\/\/yoast.com\/wordpress\/plugins\/seo\/ -->\n<title>Dodatno poja\u0161njenje iz NFSBiH: Na \u010diji zahtjev je suspendovan Anel Ahmedhod\u017ei\u0107? - TuzlaInfo.ba<\/title>\n<meta name=\"robots\" content=\"index, follow, max-snippet:-1, max-image-preview:large, max-video-preview:-1\" \/>\n<link rel=\"canonical\" href=\"https:\/\/tuzlainfo.ba\/index.php\/bosna-i-hercegovina\/item\/216089-dodatno-pojasnjenje-iz-nfsbih-na-ciji-zahtjev-je-suspendovan-anel-ahmedhodzic\/\" \/>\n<meta property=\"og:locale\" content=\"bs_BA\" \/>\n<meta property=\"og:type\" content=\"article\" \/>\n<meta property=\"og:title\" content=\"Dodatno poja\u0161njenje iz NFSBiH: Na \u010diji zahtjev je suspendovan Anel Ahmedhod\u017ei\u0107? - TuzlaInfo.ba\" \/>\n<meta property=\"og:description\" content=\"Nogometni savez Bosne i Hercegovine ponovo se oglasio i pojasnio slu\u010daj u kojem je suspendovan&hellip;\" \/>\n<meta property=\"og:url\" content=\"https:\/\/tuzlainfo.ba\/index.php\/bosna-i-hercegovina\/item\/216089-dodatno-pojasnjenje-iz-nfsbih-na-ciji-zahtjev-je-suspendovan-anel-ahmedhodzic\/\" \/>\n<meta property=\"og:site_name\" content=\"TuzlaInfo.ba\" \/>\n<meta property=\"article:publisher\" content=\"https:\/\/www.facebook.com\/tuzlainfo.ba\/\" \/>\n<meta property=\"article:published_time\" content=\"2023-09-06T18:12:18+00:00\" \/>\n<meta property=\"og:image\" content=\"https:\/\/tuzlainfo.ba\/wp-content\/uploads\/2023\/09\/0609_anel_ahmethodzic.jpg\" \/>\n\t<meta property=\"og:image:width\" content=\"1024\" \/>\n\t<meta property=\"og:image:height\" content=\"682\" \/>\n\t<meta property=\"og:image:type\" content=\"image\/jpeg\" \/>\n<meta name=\"author\" content=\"nedim\" \/>\n<meta name=\"twitter:card\" content=\"summary_large_image\" \/>\n<meta name=\"twitter:label1\" content=\"Written by\" \/>\n\t<meta name=\"twitter:data1\" content=\"nedim\" \/>\n\t<meta name=\"twitter:label2\" content=\"Est. reading time\" \/>\n\t<meta name=\"twitter:data2\" content=\"1 minuta\" \/>\n<script type=\"application\/ld+json\" class=\"yoast-schema-graph\">{\"@context\":\"https:\/\/schema.org\",\"@graph\":[{\"@type\":\"Article\",\"@id\":\"https:\/\/tuzlainfo.ba\/index.php\/bosna-i-hercegovina\/item\/216089-dodatno-pojasnjenje-iz-nfsbih-na-ciji-zahtjev-je-suspendovan-anel-ahmedhodzic\/#article\",\"isPartOf\":{\"@id\":\"https:\/\/tuzlainfo.ba\/index.php\/bosna-i-hercegovina\/item\/216089-dodatno-pojasnjenje-iz-nfsbih-na-ciji-zahtjev-je-suspendovan-anel-ahmedhodzic\/\"},\"author\":{\"name\":\"nedim\",\"@id\":\"https:\/\/tuzlainfo.ba\/#\/schema\/person\/f434e20dc27ea133923aab08451b7f7f\"},\"headline\":\"Dodatno poja\u0161njenje iz NFSBiH: Na \u010diji zahtjev je suspendovan Anel Ahmedhod\u017ei\u0107?\",\"datePublished\":\"2023-09-06T18:12:18+00:00\",\"dateModified\":\"2023-09-06T18:12:18+00:00\",\"mainEntityOfPage\":{\"@id\":\"https:\/\/tuzlainfo.ba\/index.php\/bosna-i-hercegovina\/item\/216089-dodatno-pojasnjenje-iz-nfsbih-na-ciji-zahtjev-je-suspendovan-anel-ahmedhodzic\/\"},\"wordCount\":295,\"commentCount\":0,\"publisher\":{\"@id\":\"https:\/\/tuzlainfo.ba\/#organization\"},\"image\":{\"@id\":\"https:\/\/tuzlainfo.ba\/index.php\/bosna-i-hercegovina\/item\/216089-dodatno-pojasnjenje-iz-nfsbih-na-ciji-zahtjev-je-suspendovan-anel-ahmedhodzic\/#primaryimage\"},\"thumbnailUrl\":\"https:\/\/tuzlainfo.ba\/wp-content\/uploads\/2023\/09\/0609_anel_ahmethodzic.jpg\",\"keywords\":[\"anel ahmethod\u017ei\u0107\",\"NFSBiH\",\"sport\"],\"articleSection\":[\"Bosna i Hercegovina\"],\"inLanguage\":\"bs-BA\"},{\"@type\":\"WebPage\",\"@id\":\"https:\/\/tuzlainfo.ba\/index.php\/bosna-i-hercegovina\/item\/216089-dodatno-pojasnjenje-iz-nfsbih-na-ciji-zahtjev-je-suspendovan-anel-ahmedhodzic\/\",\"url\":\"https:\/\/tuzlainfo.ba\/index.php\/bosna-i-hercegovina\/item\/216089-dodatno-pojasnjenje-iz-nfsbih-na-ciji-zahtjev-je-suspendovan-anel-ahmedhodzic\/\",\"name\":\"Dodatno poja\u0161njenje iz NFSBiH: Na \u010diji zahtjev je suspendovan Anel Ahmedhod\u017ei\u0107? - TuzlaInfo.ba\",\"isPartOf\":{\"@id\":\"https:\/\/tuzlainfo.ba\/#website\"},\"primaryImageOfPage\":{\"@id\":\"https:\/\/tuzlainfo.ba\/index.php\/bosna-i-hercegovina\/item\/216089-dodatno-pojasnjenje-iz-nfsbih-na-ciji-zahtjev-je-suspendovan-anel-ahmedhodzic\/#primaryimage\"},\"image\":{\"@id\":\"https:\/\/tuzlainfo.ba\/index.php\/bosna-i-hercegovina\/item\/216089-dodatno-pojasnjenje-iz-nfsbih-na-ciji-zahtjev-je-suspendovan-anel-ahmedhodzic\/#primaryimage\"},\"thumbnailUrl\":\"https:\/\/tuzlainfo.ba\/wp-content\/uploads\/2023\/09\/0609_anel_ahmethodzic.jpg\",\"datePublished\":\"2023-09-06T18:12:18+00:00\",\"dateModified\":\"2023-09-06T18:12:18+00:00\",\"breadcrumb\":{\"@id\":\"https:\/\/tuzlainfo.ba\/index.php\/bosna-i-hercegovina\/item\/216089-dodatno-pojasnjenje-iz-nfsbih-na-ciji-zahtjev-je-suspendovan-anel-ahmedhodzic\/#breadcrumb\"},\"inLanguage\":\"bs-BA\",\"potentialAction\":[{\"@type\":\"ReadAction\",\"target\":[\"https:\/\/tuzlainfo.ba\/index.php\/bosna-i-hercegovina\/item\/216089-dodatno-pojasnjenje-iz-nfsbih-na-ciji-zahtjev-je-suspendovan-anel-ahmedhodzic\/\"]}]},{\"@type\":\"ImageObject\",\"inLanguage\":\"bs-BA\",\"@id\":\"https:\/\/tuzlainfo.ba\/index.php\/bosna-i-hercegovina\/item\/216089-dodatno-pojasnjenje-iz-nfsbih-na-ciji-zahtjev-je-suspendovan-anel-ahmedhodzic\/#primaryimage\",\"url\":\"https:\/\/tuzlainfo.ba\/wp-content\/uploads\/2023\/09\/0609_anel_ahmethodzic.jpg\",\"contentUrl\":\"https:\/\/tuzlainfo.ba\/wp-content\/uploads\/2023\/09\/0609_anel_ahmethodzic.jpg\",\"width\":1024,\"height\":682},{\"@type\":\"BreadcrumbList\",\"@id\":\"https:\/\/tuzlainfo.ba\/index.php\/bosna-i-hercegovina\/item\/216089-dodatno-pojasnjenje-iz-nfsbih-na-ciji-zahtjev-je-suspendovan-anel-ahmedhodzic\/#breadcrumb\",\"itemListElement\":[{\"@type\":\"ListItem\",\"position\":1,\"name\":\"Home\",\"item\":\"https:\/\/tuzlainfo.ba\/\"},{\"@type\":\"ListItem\",\"position\":2,\"name\":\"Dodatno poja\u0161njenje iz NFSBiH: Na \u010diji zahtjev je suspendovan Anel Ahmedhod\u017ei\u0107?\"}]},{\"@type\":\"WebSite\",\"@id\":\"https:\/\/tuzlainfo.ba\/#website\",\"url\":\"https:\/\/tuzlainfo.ba\/\",\"name\":\"TuzlaInfo.ba\",\"description\":\"Tuzla info, gradski informator - Tuzla na dlanu\",\"publisher\":{\"@id\":\"https:\/\/tuzlainfo.ba\/#organization\"},\"potentialAction\":[{\"@type\":\"SearchAction\",\"target\":{\"@type\":\"EntryPoint\",\"urlTemplate\":\"https:\/\/tuzlainfo.ba\/?s={search_term_string}\"},\"query-input\":{\"@type\":\"PropertyValueSpecification\",\"valueRequired\":true,\"valueName\":\"search_term_string\"}}],\"inLanguage\":\"bs-BA\"},{\"@type\":\"Organization\",\"@id\":\"https:\/\/tuzlainfo.ba\/#organization\",\"name\":\"TuzlaInfo.ba\",\"url\":\"https:\/\/tuzlainfo.ba\/\",\"logo\":{\"@type\":\"ImageObject\",\"inLanguage\":\"bs-BA\",\"@id\":\"https:\/\/tuzlainfo.ba\/#\/schema\/logo\/image\/\",\"url\":\"https:\/\/tuzlainfo.ba\/wp-content\/uploads\/2021\/03\/logo-ver-3-1.png\",\"contentUrl\":\"https:\/\/tuzlainfo.ba\/wp-content\/uploads\/2021\/03\/logo-ver-3-1.png\",\"width\":350,\"height\":95,\"caption\":\"TuzlaInfo.ba\"},\"image\":{\"@id\":\"https:\/\/tuzlainfo.ba\/#\/schema\/logo\/image\/\"},\"sameAs\":[\"https:\/\/www.facebook.com\/tuzlainfo.ba\/\"]},{\"@type\":\"Person\",\"@id\":\"https:\/\/tuzlainfo.ba\/#\/schema\/person\/f434e20dc27ea133923aab08451b7f7f\",\"name\":\"nedim\",\"image\":{\"@type\":\"ImageObject\",\"inLanguage\":\"bs-BA\",\"@id\":\"https:\/\/tuzlainfo.ba\/#\/schema\/person\/image\/\",\"url\":\"https:\/\/tuzlainfo.ba\/wp-content\/litespeed\/avatar\/aabad687af24844af817603ac1cbdc4f.jpg?ver=1776702173\",\"contentUrl\":\"https:\/\/tuzlainfo.ba\/wp-content\/litespeed\/avatar\/aabad687af24844af817603ac1cbdc4f.jpg?ver=1776702173\",\"caption\":\"nedim\"},\"description\":\"Tuzlainfo.ba pratite na dru\u0161tvenim mre\u017eama: Facebook, Instagram i Youtube. Svoje pri\u010de, upite i fotografije \u0161aljite na na\u0161u e-mail adresu.\"}]}<\/script>\n<!-- \/ Yoast SEO plugin. -->","yoast_head_json":{"title":"Dodatno poja\u0161njenje iz NFSBiH: Na \u010diji zahtjev je suspendovan Anel Ahmedhod\u017ei\u0107? - TuzlaInfo.ba","robots":{"index":"index","follow":"follow","max-snippet":"max-snippet:-1","max-image-preview":"max-image-preview:large","max-video-preview":"max-video-preview:-1"},"canonical":"https:\/\/tuzlainfo.ba\/index.php\/bosna-i-hercegovina\/item\/216089-dodatno-pojasnjenje-iz-nfsbih-na-ciji-zahtjev-je-suspendovan-anel-ahmedhodzic\/","og_locale":"bs_BA","og_type":"article","og_title":"Dodatno poja\u0161njenje iz NFSBiH: Na \u010diji zahtjev je suspendovan Anel Ahmedhod\u017ei\u0107? - TuzlaInfo.ba","og_description":"Nogometni savez Bosne i Hercegovine ponovo se oglasio i pojasnio slu\u010daj u kojem je suspendovan&hellip;","og_url":"https:\/\/tuzlainfo.ba\/index.php\/bosna-i-hercegovina\/item\/216089-dodatno-pojasnjenje-iz-nfsbih-na-ciji-zahtjev-je-suspendovan-anel-ahmedhodzic\/","og_site_name":"TuzlaInfo.ba","article_publisher":"https:\/\/www.facebook.com\/tuzlainfo.ba\/","article_published_time":"2023-09-06T18:12:18+00:00","og_image":[{"width":1024,"height":682,"url":"https:\/\/tuzlainfo.ba\/wp-content\/uploads\/2023\/09\/0609_anel_ahmethodzic.jpg","type":"image\/jpeg"}],"author":"nedim","twitter_card":"summary_large_image","twitter_misc":{"Written by":"nedim","Est. reading time":"1 minuta"},"schema":{"@context":"https:\/\/schema.org","@graph":[{"@type":"Article","@id":"https:\/\/tuzlainfo.ba\/index.php\/bosna-i-hercegovina\/item\/216089-dodatno-pojasnjenje-iz-nfsbih-na-ciji-zahtjev-je-suspendovan-anel-ahmedhodzic\/#article","isPartOf":{"@id":"https:\/\/tuzlainfo.ba\/index.php\/bosna-i-hercegovina\/item\/216089-dodatno-pojasnjenje-iz-nfsbih-na-ciji-zahtjev-je-suspendovan-anel-ahmedhodzic\/"},"author":{"name":"nedim","@id":"https:\/\/tuzlainfo.ba\/#\/schema\/person\/f434e20dc27ea133923aab08451b7f7f"},"headline":"Dodatno poja\u0161njenje iz NFSBiH: Na \u010diji zahtjev je suspendovan Anel Ahmedhod\u017ei\u0107?","datePublished":"2023-09-06T18:12:18+00:00","dateModified":"2023-09-06T18:12:18+00:00","mainEntityOfPage":{"@id":"https:\/\/tuzlainfo.ba\/index.php\/bosna-i-hercegovina\/item\/216089-dodatno-pojasnjenje-iz-nfsbih-na-ciji-zahtjev-je-suspendovan-anel-ahmedhodzic\/"},"wordCount":295,"commentCount":0,"publisher":{"@id":"https:\/\/tuzlainfo.ba\/#organization"},"image":{"@id":"https:\/\/tuzlainfo.ba\/index.php\/bosna-i-hercegovina\/item\/216089-dodatno-pojasnjenje-iz-nfsbih-na-ciji-zahtjev-je-suspendovan-anel-ahmedhodzic\/#primaryimage"},"thumbnailUrl":"https:\/\/tuzlainfo.ba\/wp-content\/uploads\/2023\/09\/0609_anel_ahmethodzic.jpg","keywords":["anel ahmethod\u017ei\u0107","NFSBiH","sport"],"articleSection":["Bosna i Hercegovina"],"inLanguage":"bs-BA"},{"@type":"WebPage","@id":"https:\/\/tuzlainfo.ba\/index.php\/bosna-i-hercegovina\/item\/216089-dodatno-pojasnjenje-iz-nfsbih-na-ciji-zahtjev-je-suspendovan-anel-ahmedhodzic\/","url":"https:\/\/tuzlainfo.ba\/index.php\/bosna-i-hercegovina\/item\/216089-dodatno-pojasnjenje-iz-nfsbih-na-ciji-zahtjev-je-suspendovan-anel-ahmedhodzic\/","name":"Dodatno poja\u0161njenje iz NFSBiH: Na \u010diji zahtjev je suspendovan Anel Ahmedhod\u017ei\u0107? - TuzlaInfo.ba","isPartOf":{"@id":"https:\/\/tuzlainfo.ba\/#website"},"primaryImageOfPage":{"@id":"https:\/\/tuzlainfo.ba\/index.php\/bosna-i-hercegovina\/item\/216089-dodatno-pojasnjenje-iz-nfsbih-na-ciji-zahtjev-je-suspendovan-anel-ahmedhodzic\/#primaryimage"},"image":{"@id":"https:\/\/tuzlainfo.ba\/index.php\/bosna-i-hercegovina\/item\/216089-dodatno-pojasnjenje-iz-nfsbih-na-ciji-zahtjev-je-suspendovan-anel-ahmedhodzic\/#primaryimage"},"thumbnailUrl":"https:\/\/tuzlainfo.ba\/wp-content\/uploads\/2023\/09\/0609_anel_ahmethodzic.jpg","datePublished":"2023-09-06T18:12:18+00:00","dateModified":"2023-09-06T18:12:18+00:00","breadcrumb":{"@id":"https:\/\/tuzlainfo.ba\/index.php\/bosna-i-hercegovina\/item\/216089-dodatno-pojasnjenje-iz-nfsbih-na-ciji-zahtjev-je-suspendovan-anel-ahmedhodzic\/#breadcrumb"},"inLanguage":"bs-BA","potentialAction":[{"@type":"ReadAction","target":["https:\/\/tuzlainfo.ba\/index.php\/bosna-i-hercegovina\/item\/216089-dodatno-pojasnjenje-iz-nfsbih-na-ciji-zahtjev-je-suspendovan-anel-ahmedhodzic\/"]}]},{"@type":"ImageObject","inLanguage":"bs-BA","@id":"https:\/\/tuzlainfo.ba\/index.php\/bosna-i-hercegovina\/item\/216089-dodatno-pojasnjenje-iz-nfsbih-na-ciji-zahtjev-je-suspendovan-anel-ahmedhodzic\/#primaryimage","url":"https:\/\/tuzlainfo.ba\/wp-content\/uploads\/2023\/09\/0609_anel_ahmethodzic.jpg","contentUrl":"https:\/\/tuzlainfo.ba\/wp-content\/uploads\/2023\/09\/0609_anel_ahmethodzic.jpg","width":1024,"height":682},{"@type":"BreadcrumbList","@id":"https:\/\/tuzlainfo.ba\/index.php\/bosna-i-hercegovina\/item\/216089-dodatno-pojasnjenje-iz-nfsbih-na-ciji-zahtjev-je-suspendovan-anel-ahmedhodzic\/#breadcrumb","itemListElement":[{"@type":"ListItem","position":1,"name":"Home","item":"https:\/\/tuzlainfo.ba\/"},{"@type":"ListItem","position":2,"name":"Dodatno poja\u0161njenje iz NFSBiH: Na \u010diji zahtjev je suspendovan Anel Ahmedhod\u017ei\u0107?"}]},{"@type":"WebSite","@id":"https:\/\/tuzlainfo.ba\/#website","url":"https:\/\/tuzlainfo.ba\/","name":"TuzlaInfo.ba","description":"Tuzla info, gradski informator - Tuzla na dlanu","publisher":{"@id":"https:\/\/tuzlainfo.ba\/#organization"},"potentialAction":[{"@type":"SearchAction","target":{"@type":"EntryPoint","urlTemplate":"https:\/\/tuzlainfo.ba\/?s={search_term_string}"},"query-input":{"@type":"PropertyValueSpecification","valueRequired":true,"valueName":"search_term_string"}}],"inLanguage":"bs-BA"},{"@type":"Organization","@id":"https:\/\/tuzlainfo.ba\/#organization","name":"TuzlaInfo.ba","url":"https:\/\/tuzlainfo.ba\/","logo":{"@type":"ImageObject","inLanguage":"bs-BA","@id":"https:\/\/tuzlainfo.ba\/#\/schema\/logo\/image\/","url":"https:\/\/tuzlainfo.ba\/wp-content\/uploads\/2021\/03\/logo-ver-3-1.png","contentUrl":"https:\/\/tuzlainfo.ba\/wp-content\/uploads\/2021\/03\/logo-ver-3-1.png","width":350,"height":95,"caption":"TuzlaInfo.ba"},"image":{"@id":"https:\/\/tuzlainfo.ba\/#\/schema\/logo\/image\/"},"sameAs":["https:\/\/www.facebook.com\/tuzlainfo.ba\/"]},{"@type":"Person","@id":"https:\/\/tuzlainfo.ba\/#\/schema\/person\/f434e20dc27ea133923aab08451b7f7f","name":"nedim","image":{"@type":"ImageObject","inLanguage":"bs-BA","@id":"https:\/\/tuzlainfo.ba\/#\/schema\/person\/image\/","url":"https:\/\/tuzlainfo.ba\/wp-content\/litespeed\/avatar\/aabad687af24844af817603ac1cbdc4f.jpg?ver=1776702173","contentUrl":"https:\/\/tuzlainfo.ba\/wp-content\/litespeed\/avatar\/aabad687af24844af817603ac1cbdc4f.jpg?ver=1776702173","caption":"nedim"},"description":"Tuzlainfo.ba pratite na dru\u0161tvenim mre\u017eama: Facebook, Instagram i Youtube. Svoje pri\u010de, upite i fotografije \u0161aljite na na\u0161u e-mail adresu."}]}},"_links":{"self":[{"href":"https:\/\/tuzlainfo.ba\/index.php\/wp-json\/wp\/v2\/posts\/216089"}],"collection":[{"href":"https:\/\/tuzlainfo.ba\/index.php\/wp-json\/wp\/v2\/posts"}],"about":[{"href":"https:\/\/tuzlainfo.ba\/index.php\/wp-json\/wp\/v2\/types\/post"}],"author":[{"embeddable":true,"href":"https:\/\/tuzlainfo.ba\/index.php\/wp-json\/wp\/v2\/users\/2"}],"replies":[{"embeddable":true,"href":"https:\/\/tuzlainfo.ba\/index.php\/wp-json\/wp\/v2\/comments?post=216089"}],"version-history":[{"count":1,"href":"https:\/\/tuzlainfo.ba\/index.php\/wp-json\/wp\/v2\/posts\/216089\/revisions"}],"predecessor-version":[{"id":216091,"href":"https:\/\/tuzlainfo.ba\/index.php\/wp-json\/wp\/v2\/posts\/216089\/revisions\/216091"}],"wp:featuredmedia":[{"embeddable":true,"href":"https:\/\/tuzlainfo.ba\/index.php\/wp-json\/wp\/v2\/media\/216090"}],"wp:attachment":[{"href":"https:\/\/tuzlainfo.ba\/index.php\/wp-json\/wp\/v2\/media?parent=216089"}],"wp:term":[{"taxonomy":"category","embeddable":true,"href":"https:\/\/tuzlainfo.ba\/index.php\/wp-json\/wp\/v2\/categories?post=216089"},{"taxonomy":"post_tag","embeddable":true,"href":"https:\/\/tuzlainfo.ba\/index.php\/wp-json\/wp\/v2\/tags?post=216089"}],"curies":[{"name":"wp","href":"https:\/\/api.w.org\/{rel}","templated":true}]}}