{"id":216042,"date":"2023-09-06T09:49:59","date_gmt":"2023-09-06T07:49:59","guid":{"rendered":"https:\/\/tuzlainfo.ba\/?p=216042"},"modified":"2023-09-06T09:49:59","modified_gmt":"2023-09-06T07:49:59","slug":"radnik-s-himalaja-zaradjuje-1-800-km-u-sarajevu-i-ne-krije-zadovoljstvo-vecinu-plate-saljem-kuci","status":"publish","type":"post","link":"https:\/\/tuzlainfo.ba\/index.php\/bosna-i-hercegovina\/item\/216042-radnik-s-himalaja-zaradjuje-1-800-km-u-sarajevu-i-ne-krije-zadovoljstvo-vecinu-plate-saljem-kuci\/","title":{"rendered":"Radnik s Himalaja zara\u0111uje 1.800 KM u Sarajevu i ne krije zadovoljstvo: \u201cVe\u0107inu plate \u0161aljem ku\u0107i\u201d"},"content":{"rendered":"<p>Ashok Tamang se prije godinu i po dana oprostio od supruge, 14-ogodi\u0161nje k\u0107erke i tek ro\u0111enog sina, kako bi do\u0161ao da radi kao gra\u0111evinac u Bosni i Hercegovini.<\/p>\n<p>U Sarajevo je stigao iz Nepala, dr\u017eave u podno\u017eju najvi\u0161eg svjetskog planinskog masiva Himalaja.<\/p>\n<p>Tamang je jedan od oko 5.000 stranih radnika u Bosni i Hercegovini, \u010diji broj se skoro udvostru\u010dio od 2020. godine, pokazuju podaci entitetskih zavoda za zapo\u0161ljavanje, pi\u0161e <a href=\"https:\/\/www.slobodnaevropa.org\/a\/strani-radnici-radne-dozvole-trziste-rada-posao-bosna-hercegovina\/32577903.html\"><strong><em>RSG<\/em><\/strong><\/a>.<\/p>\n<p>Najvi\u0161e ih je ove godine do\u0161lo iz Turske, Srbije, Banglade\u0161a, Kuvajta i Hrvatske, pokazuju isti podaci.<\/p>\n<p>Doma\u0107i poslodavci bi mogli zaposliti na desetine hiljada stranih radnika, jer radne snage ve\u0107 godinama nedostaje u mnogim industrijskim granama.<\/p>\n<p>U tome ih sprije\u010dava sporost administracije, ka\u017eu iz entitetskih udru\u017eenja poslodavaca. Navode da je izdavanje radne dozvole strancima &#8220;neizvjestan proces, koji \u010desto traje i do godinu dana&#8221;.<\/p>\n<p>Vije\u0107e ministara Bosne i Hercegovine svake godine utvr\u0111uje kvotu za uvoz stranih radnika, na osnovu informacija entitetskih zavoda za zapo\u0161ljavanje. Ove godine su poslodavci dobili dozvolu da zaposle skoro 4.000 radnika.<\/p>\n<p>Nepal i BiH sli\u010dni po prirodnim ljepotama i migraciji radnika<\/p>\n<p>Tamang ka\u017ee da je iz Katmandua, prijestolnice Nepala, do\u0161ao da radi u sarajevskoj gra\u0111evinskoj firmi &#8220;Omega Group&#8221;, kako bi sebi i porodici obezbijedio bolji \u017eivot.<\/p>\n<p>On je, uz jo\u0161 jedanaest zemljaka iz Nepala, u BiH do\u0161ao posredstvom nepalske agencije za posredovanje pri zapo\u0161ljavanju. Trebalo mu je, ka\u017ee, vi\u0161e od tri mjeseca da prikupi sve potrebne dokumente, jer gra\u0111anima Nepala nije lako dobiti vizu za evropske zemlje.<\/p>\n<p>Dodaje da je radio na gradili\u0161tima u Prijedoru i drugim gradovima, te da je zadovoljan uslovima rada i smje\u0161taja.<\/p>\n<p>Uz platu od 1.800 maraka (oko 900 eura), Tamang ima pla\u0107en smje\u0161taj i tri obroka dnevno. Stoga ve\u0107inu zarade mo\u017ee poslati u Nepal, gdje mjese\u010dne plate \u010desto iznose samo par stotina ameri\u010dkih dolara.<\/p>\n<p>&#8211; Nisam jo\u0161 i\u0161ao ku\u0107i. Planiramo sad da idemo u narednih \u0161est mjeseci i nadam se da \u0107u ih vidjeti \u0161to prije. Razgovaramo \u010desto putem interneta, jer mi jako nedostaju &#8211; ka\u017ee Tamang, jedan od oko 80 gra\u0111ana Nepala zaposlenih u BiH.<\/p>\n<p>&nbsp;<\/p>\n","protected":false},"excerpt":{"rendered":"<p>Ashok Tamang se prije godinu i po dana oprostio od supruge, 14-ogodi\u0161nje k\u0107erke i tek&hellip;<\/p>\n","protected":false},"author":3,"featured_media":59231,"comment_status":"open","ping_status":"closed","sticky":false,"template":"","format":"standard","meta":{"_acf_changed":false,"footnotes":""},"categories":[291],"tags":[8143],"acf":[],"yoast_head":"<!-- This site is optimized with the Yoast SEO plugin v23.5 - https:\/\/yoast.com\/wordpress\/plugins\/seo\/ -->\n<title>Radnik s Himalaja zara\u0111uje 1.800 KM u Sarajevu i ne krije zadovoljstvo: \u201cVe\u0107inu plate \u0161aljem ku\u0107i\u201d - TuzlaInfo.ba<\/title>\n<meta name=\"robots\" content=\"index, follow, max-snippet:-1, max-image-preview:large, max-video-preview:-1\" \/>\n<link rel=\"canonical\" href=\"https:\/\/tuzlainfo.ba\/index.php\/bosna-i-hercegovina\/item\/216042-radnik-s-himalaja-zaradjuje-1-800-km-u-sarajevu-i-ne-krije-zadovoljstvo-vecinu-plate-saljem-kuci\/\" \/>\n<meta property=\"og:locale\" content=\"bs_BA\" \/>\n<meta property=\"og:type\" content=\"article\" \/>\n<meta property=\"og:title\" content=\"Radnik s Himalaja zara\u0111uje 1.800 KM u Sarajevu i ne krije zadovoljstvo: \u201cVe\u0107inu plate \u0161aljem ku\u0107i\u201d - TuzlaInfo.ba\" \/>\n<meta property=\"og:description\" content=\"Ashok Tamang se prije godinu i po dana oprostio od supruge, 14-ogodi\u0161nje k\u0107erke i tek&hellip;\" \/>\n<meta property=\"og:url\" content=\"https:\/\/tuzlainfo.ba\/index.php\/bosna-i-hercegovina\/item\/216042-radnik-s-himalaja-zaradjuje-1-800-km-u-sarajevu-i-ne-krije-zadovoljstvo-vecinu-plate-saljem-kuci\/\" \/>\n<meta property=\"og:site_name\" content=\"TuzlaInfo.ba\" \/>\n<meta property=\"article:publisher\" content=\"https:\/\/www.facebook.com\/tuzlainfo.ba\/\" \/>\n<meta property=\"article:published_time\" content=\"2023-09-06T07:49:59+00:00\" \/>\n<meta property=\"og:image\" content=\"https:\/\/tuzlainfo.ba\/wp-content\/uploads\/2017\/11\/sadrzaj_2017_20171101_0711_radnici.jpg\" \/>\n\t<meta property=\"og:image:width\" content=\"770\" \/>\n\t<meta property=\"og:image:height\" content=\"375\" \/>\n\t<meta property=\"og:image:type\" content=\"image\/jpeg\" \/>\n<meta name=\"author\" content=\"admin2\" \/>\n<meta name=\"twitter:card\" content=\"summary_large_image\" \/>\n<meta name=\"twitter:label1\" content=\"Written by\" \/>\n\t<meta name=\"twitter:data1\" content=\"admin2\" \/>\n\t<meta name=\"twitter:label2\" content=\"Est. reading time\" \/>\n\t<meta name=\"twitter:data2\" content=\"2 minute\" \/>\n<script type=\"application\/ld+json\" class=\"yoast-schema-graph\">{\"@context\":\"https:\/\/schema.org\",\"@graph\":[{\"@type\":\"Article\",\"@id\":\"https:\/\/tuzlainfo.ba\/index.php\/bosna-i-hercegovina\/item\/216042-radnik-s-himalaja-zaradjuje-1-800-km-u-sarajevu-i-ne-krije-zadovoljstvo-vecinu-plate-saljem-kuci\/#article\",\"isPartOf\":{\"@id\":\"https:\/\/tuzlainfo.ba\/index.php\/bosna-i-hercegovina\/item\/216042-radnik-s-himalaja-zaradjuje-1-800-km-u-sarajevu-i-ne-krije-zadovoljstvo-vecinu-plate-saljem-kuci\/\"},\"author\":{\"name\":\"admin2\",\"@id\":\"https:\/\/tuzlainfo.ba\/#\/schema\/person\/f4ebe4fff27e68efb65fa7e18f8af372\"},\"headline\":\"Radnik s Himalaja zara\u0111uje 1.800 KM u Sarajevu i ne krije zadovoljstvo: \u201cVe\u0107inu plate \u0161aljem ku\u0107i\u201d\",\"datePublished\":\"2023-09-06T07:49:59+00:00\",\"dateModified\":\"2023-09-06T07:49:59+00:00\",\"mainEntityOfPage\":{\"@id\":\"https:\/\/tuzlainfo.ba\/index.php\/bosna-i-hercegovina\/item\/216042-radnik-s-himalaja-zaradjuje-1-800-km-u-sarajevu-i-ne-krije-zadovoljstvo-vecinu-plate-saljem-kuci\/\"},\"wordCount\":389,\"commentCount\":0,\"publisher\":{\"@id\":\"https:\/\/tuzlainfo.ba\/#organization\"},\"image\":{\"@id\":\"https:\/\/tuzlainfo.ba\/index.php\/bosna-i-hercegovina\/item\/216042-radnik-s-himalaja-zaradjuje-1-800-km-u-sarajevu-i-ne-krije-zadovoljstvo-vecinu-plate-saljem-kuci\/#primaryimage\"},\"thumbnailUrl\":\"https:\/\/tuzlainfo.ba\/wp-content\/uploads\/2017\/11\/sadrzaj_2017_20171101_0711_radnici.jpg\",\"keywords\":[\"radnik sa himalaja zaradjuje u bih\"],\"articleSection\":[\"Bosna i Hercegovina\"],\"inLanguage\":\"bs-BA\"},{\"@type\":\"WebPage\",\"@id\":\"https:\/\/tuzlainfo.ba\/index.php\/bosna-i-hercegovina\/item\/216042-radnik-s-himalaja-zaradjuje-1-800-km-u-sarajevu-i-ne-krije-zadovoljstvo-vecinu-plate-saljem-kuci\/\",\"url\":\"https:\/\/tuzlainfo.ba\/index.php\/bosna-i-hercegovina\/item\/216042-radnik-s-himalaja-zaradjuje-1-800-km-u-sarajevu-i-ne-krije-zadovoljstvo-vecinu-plate-saljem-kuci\/\",\"name\":\"Radnik s Himalaja zara\u0111uje 1.800 KM u Sarajevu i ne krije zadovoljstvo: \u201cVe\u0107inu plate \u0161aljem ku\u0107i\u201d - TuzlaInfo.ba\",\"isPartOf\":{\"@id\":\"https:\/\/tuzlainfo.ba\/#website\"},\"primaryImageOfPage\":{\"@id\":\"https:\/\/tuzlainfo.ba\/index.php\/bosna-i-hercegovina\/item\/216042-radnik-s-himalaja-zaradjuje-1-800-km-u-sarajevu-i-ne-krije-zadovoljstvo-vecinu-plate-saljem-kuci\/#primaryimage\"},\"image\":{\"@id\":\"https:\/\/tuzlainfo.ba\/index.php\/bosna-i-hercegovina\/item\/216042-radnik-s-himalaja-zaradjuje-1-800-km-u-sarajevu-i-ne-krije-zadovoljstvo-vecinu-plate-saljem-kuci\/#primaryimage\"},\"thumbnailUrl\":\"https:\/\/tuzlainfo.ba\/wp-content\/uploads\/2017\/11\/sadrzaj_2017_20171101_0711_radnici.jpg\",\"datePublished\":\"2023-09-06T07:49:59+00:00\",\"dateModified\":\"2023-09-06T07:49:59+00:00\",\"breadcrumb\":{\"@id\":\"https:\/\/tuzlainfo.ba\/index.php\/bosna-i-hercegovina\/item\/216042-radnik-s-himalaja-zaradjuje-1-800-km-u-sarajevu-i-ne-krije-zadovoljstvo-vecinu-plate-saljem-kuci\/#breadcrumb\"},\"inLanguage\":\"bs-BA\",\"potentialAction\":[{\"@type\":\"ReadAction\",\"target\":[\"https:\/\/tuzlainfo.ba\/index.php\/bosna-i-hercegovina\/item\/216042-radnik-s-himalaja-zaradjuje-1-800-km-u-sarajevu-i-ne-krije-zadovoljstvo-vecinu-plate-saljem-kuci\/\"]}]},{\"@type\":\"ImageObject\",\"inLanguage\":\"bs-BA\",\"@id\":\"https:\/\/tuzlainfo.ba\/index.php\/bosna-i-hercegovina\/item\/216042-radnik-s-himalaja-zaradjuje-1-800-km-u-sarajevu-i-ne-krije-zadovoljstvo-vecinu-plate-saljem-kuci\/#primaryimage\",\"url\":\"https:\/\/tuzlainfo.ba\/wp-content\/uploads\/2017\/11\/sadrzaj_2017_20171101_0711_radnici.jpg\",\"contentUrl\":\"https:\/\/tuzlainfo.ba\/wp-content\/uploads\/2017\/11\/sadrzaj_2017_20171101_0711_radnici.jpg\",\"width\":770,\"height\":375,\"caption\":\"0711 radnici\"},{\"@type\":\"BreadcrumbList\",\"@id\":\"https:\/\/tuzlainfo.ba\/index.php\/bosna-i-hercegovina\/item\/216042-radnik-s-himalaja-zaradjuje-1-800-km-u-sarajevu-i-ne-krije-zadovoljstvo-vecinu-plate-saljem-kuci\/#breadcrumb\",\"itemListElement\":[{\"@type\":\"ListItem\",\"position\":1,\"name\":\"Home\",\"item\":\"https:\/\/tuzlainfo.ba\/\"},{\"@type\":\"ListItem\",\"position\":2,\"name\":\"Radnik s Himalaja zara\u0111uje 1.800 KM u Sarajevu i ne krije zadovoljstvo: \u201cVe\u0107inu plate \u0161aljem ku\u0107i\u201d\"}]},{\"@type\":\"WebSite\",\"@id\":\"https:\/\/tuzlainfo.ba\/#website\",\"url\":\"https:\/\/tuzlainfo.ba\/\",\"name\":\"TuzlaInfo.ba\",\"description\":\"Tuzla info, gradski informator - Tuzla na dlanu\",\"publisher\":{\"@id\":\"https:\/\/tuzlainfo.ba\/#organization\"},\"potentialAction\":[{\"@type\":\"SearchAction\",\"target\":{\"@type\":\"EntryPoint\",\"urlTemplate\":\"https:\/\/tuzlainfo.ba\/?s={search_term_string}\"},\"query-input\":{\"@type\":\"PropertyValueSpecification\",\"valueRequired\":true,\"valueName\":\"search_term_string\"}}],\"inLanguage\":\"bs-BA\"},{\"@type\":\"Organization\",\"@id\":\"https:\/\/tuzlainfo.ba\/#organization\",\"name\":\"TuzlaInfo.ba\",\"url\":\"https:\/\/tuzlainfo.ba\/\",\"logo\":{\"@type\":\"ImageObject\",\"inLanguage\":\"bs-BA\",\"@id\":\"https:\/\/tuzlainfo.ba\/#\/schema\/logo\/image\/\",\"url\":\"https:\/\/tuzlainfo.ba\/wp-content\/uploads\/2021\/03\/logo-ver-3-1.png\",\"contentUrl\":\"https:\/\/tuzlainfo.ba\/wp-content\/uploads\/2021\/03\/logo-ver-3-1.png\",\"width\":350,\"height\":95,\"caption\":\"TuzlaInfo.ba\"},\"image\":{\"@id\":\"https:\/\/tuzlainfo.ba\/#\/schema\/logo\/image\/\"},\"sameAs\":[\"https:\/\/www.facebook.com\/tuzlainfo.ba\/\"]},{\"@type\":\"Person\",\"@id\":\"https:\/\/tuzlainfo.ba\/#\/schema\/person\/f4ebe4fff27e68efb65fa7e18f8af372\",\"name\":\"admin2\",\"image\":{\"@type\":\"ImageObject\",\"inLanguage\":\"bs-BA\",\"@id\":\"https:\/\/tuzlainfo.ba\/#\/schema\/person\/image\/\",\"url\":\"https:\/\/tuzlainfo.ba\/wp-content\/litespeed\/avatar\/8219eeb9a43cff2d096e773737736f62.jpg?ver=1777309398\",\"contentUrl\":\"https:\/\/tuzlainfo.ba\/wp-content\/litespeed\/avatar\/8219eeb9a43cff2d096e773737736f62.jpg?ver=1777309398\",\"caption\":\"admin2\"},\"description\":\"Tuzlainfo.ba pratite na dru\u0161tvenim mre\u017eama: Facebook, Instagram i Youtube. Svoje pri\u010de, upite i fotografije \u0161aljite na na\u0161u e-mail adresu.\",\"sameAs\":[\"admin\"]}]}<\/script>\n<!-- \/ Yoast SEO plugin. -->","yoast_head_json":{"title":"Radnik s Himalaja zara\u0111uje 1.800 KM u Sarajevu i ne krije zadovoljstvo: \u201cVe\u0107inu plate \u0161aljem ku\u0107i\u201d - TuzlaInfo.ba","robots":{"index":"index","follow":"follow","max-snippet":"max-snippet:-1","max-image-preview":"max-image-preview:large","max-video-preview":"max-video-preview:-1"},"canonical":"https:\/\/tuzlainfo.ba\/index.php\/bosna-i-hercegovina\/item\/216042-radnik-s-himalaja-zaradjuje-1-800-km-u-sarajevu-i-ne-krije-zadovoljstvo-vecinu-plate-saljem-kuci\/","og_locale":"bs_BA","og_type":"article","og_title":"Radnik s Himalaja zara\u0111uje 1.800 KM u Sarajevu i ne krije zadovoljstvo: \u201cVe\u0107inu plate \u0161aljem ku\u0107i\u201d - TuzlaInfo.ba","og_description":"Ashok Tamang se prije godinu i po dana oprostio od supruge, 14-ogodi\u0161nje k\u0107erke i tek&hellip;","og_url":"https:\/\/tuzlainfo.ba\/index.php\/bosna-i-hercegovina\/item\/216042-radnik-s-himalaja-zaradjuje-1-800-km-u-sarajevu-i-ne-krije-zadovoljstvo-vecinu-plate-saljem-kuci\/","og_site_name":"TuzlaInfo.ba","article_publisher":"https:\/\/www.facebook.com\/tuzlainfo.ba\/","article_published_time":"2023-09-06T07:49:59+00:00","og_image":[{"width":770,"height":375,"url":"https:\/\/tuzlainfo.ba\/wp-content\/uploads\/2017\/11\/sadrzaj_2017_20171101_0711_radnici.jpg","type":"image\/jpeg"}],"author":"admin2","twitter_card":"summary_large_image","twitter_misc":{"Written by":"admin2","Est. reading time":"2 minute"},"schema":{"@context":"https:\/\/schema.org","@graph":[{"@type":"Article","@id":"https:\/\/tuzlainfo.ba\/index.php\/bosna-i-hercegovina\/item\/216042-radnik-s-himalaja-zaradjuje-1-800-km-u-sarajevu-i-ne-krije-zadovoljstvo-vecinu-plate-saljem-kuci\/#article","isPartOf":{"@id":"https:\/\/tuzlainfo.ba\/index.php\/bosna-i-hercegovina\/item\/216042-radnik-s-himalaja-zaradjuje-1-800-km-u-sarajevu-i-ne-krije-zadovoljstvo-vecinu-plate-saljem-kuci\/"},"author":{"name":"admin2","@id":"https:\/\/tuzlainfo.ba\/#\/schema\/person\/f4ebe4fff27e68efb65fa7e18f8af372"},"headline":"Radnik s Himalaja zara\u0111uje 1.800 KM u Sarajevu i ne krije zadovoljstvo: \u201cVe\u0107inu plate \u0161aljem ku\u0107i\u201d","datePublished":"2023-09-06T07:49:59+00:00","dateModified":"2023-09-06T07:49:59+00:00","mainEntityOfPage":{"@id":"https:\/\/tuzlainfo.ba\/index.php\/bosna-i-hercegovina\/item\/216042-radnik-s-himalaja-zaradjuje-1-800-km-u-sarajevu-i-ne-krije-zadovoljstvo-vecinu-plate-saljem-kuci\/"},"wordCount":389,"commentCount":0,"publisher":{"@id":"https:\/\/tuzlainfo.ba\/#organization"},"image":{"@id":"https:\/\/tuzlainfo.ba\/index.php\/bosna-i-hercegovina\/item\/216042-radnik-s-himalaja-zaradjuje-1-800-km-u-sarajevu-i-ne-krije-zadovoljstvo-vecinu-plate-saljem-kuci\/#primaryimage"},"thumbnailUrl":"https:\/\/tuzlainfo.ba\/wp-content\/uploads\/2017\/11\/sadrzaj_2017_20171101_0711_radnici.jpg","keywords":["radnik sa himalaja zaradjuje u bih"],"articleSection":["Bosna i Hercegovina"],"inLanguage":"bs-BA"},{"@type":"WebPage","@id":"https:\/\/tuzlainfo.ba\/index.php\/bosna-i-hercegovina\/item\/216042-radnik-s-himalaja-zaradjuje-1-800-km-u-sarajevu-i-ne-krije-zadovoljstvo-vecinu-plate-saljem-kuci\/","url":"https:\/\/tuzlainfo.ba\/index.php\/bosna-i-hercegovina\/item\/216042-radnik-s-himalaja-zaradjuje-1-800-km-u-sarajevu-i-ne-krije-zadovoljstvo-vecinu-plate-saljem-kuci\/","name":"Radnik s Himalaja zara\u0111uje 1.800 KM u Sarajevu i ne krije zadovoljstvo: \u201cVe\u0107inu plate \u0161aljem ku\u0107i\u201d - TuzlaInfo.ba","isPartOf":{"@id":"https:\/\/tuzlainfo.ba\/#website"},"primaryImageOfPage":{"@id":"https:\/\/tuzlainfo.ba\/index.php\/bosna-i-hercegovina\/item\/216042-radnik-s-himalaja-zaradjuje-1-800-km-u-sarajevu-i-ne-krije-zadovoljstvo-vecinu-plate-saljem-kuci\/#primaryimage"},"image":{"@id":"https:\/\/tuzlainfo.ba\/index.php\/bosna-i-hercegovina\/item\/216042-radnik-s-himalaja-zaradjuje-1-800-km-u-sarajevu-i-ne-krije-zadovoljstvo-vecinu-plate-saljem-kuci\/#primaryimage"},"thumbnailUrl":"https:\/\/tuzlainfo.ba\/wp-content\/uploads\/2017\/11\/sadrzaj_2017_20171101_0711_radnici.jpg","datePublished":"2023-09-06T07:49:59+00:00","dateModified":"2023-09-06T07:49:59+00:00","breadcrumb":{"@id":"https:\/\/tuzlainfo.ba\/index.php\/bosna-i-hercegovina\/item\/216042-radnik-s-himalaja-zaradjuje-1-800-km-u-sarajevu-i-ne-krije-zadovoljstvo-vecinu-plate-saljem-kuci\/#breadcrumb"},"inLanguage":"bs-BA","potentialAction":[{"@type":"ReadAction","target":["https:\/\/tuzlainfo.ba\/index.php\/bosna-i-hercegovina\/item\/216042-radnik-s-himalaja-zaradjuje-1-800-km-u-sarajevu-i-ne-krije-zadovoljstvo-vecinu-plate-saljem-kuci\/"]}]},{"@type":"ImageObject","inLanguage":"bs-BA","@id":"https:\/\/tuzlainfo.ba\/index.php\/bosna-i-hercegovina\/item\/216042-radnik-s-himalaja-zaradjuje-1-800-km-u-sarajevu-i-ne-krije-zadovoljstvo-vecinu-plate-saljem-kuci\/#primaryimage","url":"https:\/\/tuzlainfo.ba\/wp-content\/uploads\/2017\/11\/sadrzaj_2017_20171101_0711_radnici.jpg","contentUrl":"https:\/\/tuzlainfo.ba\/wp-content\/uploads\/2017\/11\/sadrzaj_2017_20171101_0711_radnici.jpg","width":770,"height":375,"caption":"0711 radnici"},{"@type":"BreadcrumbList","@id":"https:\/\/tuzlainfo.ba\/index.php\/bosna-i-hercegovina\/item\/216042-radnik-s-himalaja-zaradjuje-1-800-km-u-sarajevu-i-ne-krije-zadovoljstvo-vecinu-plate-saljem-kuci\/#breadcrumb","itemListElement":[{"@type":"ListItem","position":1,"name":"Home","item":"https:\/\/tuzlainfo.ba\/"},{"@type":"ListItem","position":2,"name":"Radnik s Himalaja zara\u0111uje 1.800 KM u Sarajevu i ne krije zadovoljstvo: \u201cVe\u0107inu plate \u0161aljem ku\u0107i\u201d"}]},{"@type":"WebSite","@id":"https:\/\/tuzlainfo.ba\/#website","url":"https:\/\/tuzlainfo.ba\/","name":"TuzlaInfo.ba","description":"Tuzla info, gradski informator - Tuzla na dlanu","publisher":{"@id":"https:\/\/tuzlainfo.ba\/#organization"},"potentialAction":[{"@type":"SearchAction","target":{"@type":"EntryPoint","urlTemplate":"https:\/\/tuzlainfo.ba\/?s={search_term_string}"},"query-input":{"@type":"PropertyValueSpecification","valueRequired":true,"valueName":"search_term_string"}}],"inLanguage":"bs-BA"},{"@type":"Organization","@id":"https:\/\/tuzlainfo.ba\/#organization","name":"TuzlaInfo.ba","url":"https:\/\/tuzlainfo.ba\/","logo":{"@type":"ImageObject","inLanguage":"bs-BA","@id":"https:\/\/tuzlainfo.ba\/#\/schema\/logo\/image\/","url":"https:\/\/tuzlainfo.ba\/wp-content\/uploads\/2021\/03\/logo-ver-3-1.png","contentUrl":"https:\/\/tuzlainfo.ba\/wp-content\/uploads\/2021\/03\/logo-ver-3-1.png","width":350,"height":95,"caption":"TuzlaInfo.ba"},"image":{"@id":"https:\/\/tuzlainfo.ba\/#\/schema\/logo\/image\/"},"sameAs":["https:\/\/www.facebook.com\/tuzlainfo.ba\/"]},{"@type":"Person","@id":"https:\/\/tuzlainfo.ba\/#\/schema\/person\/f4ebe4fff27e68efb65fa7e18f8af372","name":"admin2","image":{"@type":"ImageObject","inLanguage":"bs-BA","@id":"https:\/\/tuzlainfo.ba\/#\/schema\/person\/image\/","url":"https:\/\/tuzlainfo.ba\/wp-content\/litespeed\/avatar\/8219eeb9a43cff2d096e773737736f62.jpg?ver=1777309398","contentUrl":"https:\/\/tuzlainfo.ba\/wp-content\/litespeed\/avatar\/8219eeb9a43cff2d096e773737736f62.jpg?ver=1777309398","caption":"admin2"},"description":"Tuzlainfo.ba pratite na dru\u0161tvenim mre\u017eama: Facebook, Instagram i Youtube. Svoje pri\u010de, upite i fotografije \u0161aljite na na\u0161u e-mail adresu.","sameAs":["admin"]}]}},"_links":{"self":[{"href":"https:\/\/tuzlainfo.ba\/index.php\/wp-json\/wp\/v2\/posts\/216042"}],"collection":[{"href":"https:\/\/tuzlainfo.ba\/index.php\/wp-json\/wp\/v2\/posts"}],"about":[{"href":"https:\/\/tuzlainfo.ba\/index.php\/wp-json\/wp\/v2\/types\/post"}],"author":[{"embeddable":true,"href":"https:\/\/tuzlainfo.ba\/index.php\/wp-json\/wp\/v2\/users\/3"}],"replies":[{"embeddable":true,"href":"https:\/\/tuzlainfo.ba\/index.php\/wp-json\/wp\/v2\/comments?post=216042"}],"version-history":[{"count":1,"href":"https:\/\/tuzlainfo.ba\/index.php\/wp-json\/wp\/v2\/posts\/216042\/revisions"}],"predecessor-version":[{"id":216043,"href":"https:\/\/tuzlainfo.ba\/index.php\/wp-json\/wp\/v2\/posts\/216042\/revisions\/216043"}],"wp:featuredmedia":[{"embeddable":true,"href":"https:\/\/tuzlainfo.ba\/index.php\/wp-json\/wp\/v2\/media\/59231"}],"wp:attachment":[{"href":"https:\/\/tuzlainfo.ba\/index.php\/wp-json\/wp\/v2\/media?parent=216042"}],"wp:term":[{"taxonomy":"category","embeddable":true,"href":"https:\/\/tuzlainfo.ba\/index.php\/wp-json\/wp\/v2\/categories?post=216042"},{"taxonomy":"post_tag","embeddable":true,"href":"https:\/\/tuzlainfo.ba\/index.php\/wp-json\/wp\/v2\/tags?post=216042"}],"curies":[{"name":"wp","href":"https:\/\/api.w.org\/{rel}","templated":true}]}}