{"id":216008,"date":"2023-09-05T21:11:03","date_gmt":"2023-09-05T19:11:03","guid":{"rendered":"https:\/\/tuzlainfo.ba\/?p=216008"},"modified":"2023-09-06T17:21:41","modified_gmt":"2023-09-06T15:21:41","slug":"slijedeceg-vikenda-bike-fest-panonika-2023-u-tuzlu-stize-4-000-motorista","status":"publish","type":"post","link":"https:\/\/tuzlainfo.ba\/index.php\/najava-dogadaja-2\/item\/216008-slijedeceg-vikenda-bike-fest-panonika-2023-u-tuzlu-stize-4-000-motorista\/","title":{"rendered":"Slijede\u0107eg vikenda &#8220;Bike fest Panonika 2023&#8221;: U Tuzlu sti\u017ee 4.000 motorista"},"content":{"rendered":"<p>Od 08. do 10. septembra 2023. godine, svi ljubitelji motociklizma, dobre zabave i dobre muzike mo\u0107i \u0107e u\u017eivati u jednoj od najve\u0107ih tradicionalnih turisti\u010dkih manifestacija na\u0161eg grada, internacionalnim moto susretima &#8221;BIKE FEST PANONIKA 2023 &#8221;, koji se organizuju u predivnom ambijentu kompleksa slanih Panonskih jezera u Tuzli.<\/p>\n<p>Organizatori susreta su UG Moto klub &#8221;TUZLA &#8221; i JKP Pannonice doo Tuzla, uz podr\u0161ku Grada Tuzle i Turisti\u010dke zajednice Grada Tuzle.<\/p>\n<p>Na ovogodi\u0161njim susretima, o\u010dekuje se posjeta od preko 4.000 motorista, \u010dlanova preko 400 klubova iz cijele BiH, regiona i Europe, \u010dime se Bike Fest Panonika u Tuzli svrstava u jedne od najve\u0107ih moto susreta u na\u0161oj zemlji i regiji.<\/p>\n<p><strong>Program:<\/strong><\/p>\n<div class=\"x11i5rnm xat24cr x1mh8g0r x1vvkbs xtlvy1s\"><strong>Petak 08.09.2023.<\/strong><\/div>\n<div><\/div>\n<div class=\"x11i5rnm xat24cr x1mh8g0r x1vvkbs xtlvy1s\">12:00 otvaranje kampa i do\u010dek gostiju, kupanje na jezerima i dru\u017eenje uz hladni Tuzlanski Pilsner<\/div>\n<div><\/div>\n<div class=\"x11i5rnm xat24cr x1mh8g0r x1vvkbs xtlvy1s\">Muzi\u010dki program &#8211; 20:00 h:<br \/>\n\u2013 Lavirint<br \/>\n\u2013 AMEL \u0106URI\u0106 (R&amp;R night)<br \/>\n\u2013 Infuzija<br \/>\nGO GO DANCE<\/div>\n<div class=\"x11i5rnm xat24cr x1mh8g0r x1vvkbs xtlvy1s\"><\/div>\n<div class=\"x11i5rnm xat24cr x1mh8g0r x1vvkbs xtlvy1s\"><strong>Subota: 09.09.2023.<\/strong><\/div>\n<div><\/div>\n<div class=\"x11i5rnm xat24cr x1mh8g0r x1vvkbs xtlvy1s\">10:00 Doru\u010dak za bajkere, dru\u017eenje i kupanje na jezerima.<br \/>\n12:00 \u2013 13:30 Stunt Show na Trgu Sloboda uz kratku vo\u017enju kroz Grad.<\/div>\n<div class=\"x11i5rnm xat24cr x1mh8g0r x1vvkbs xtlvy1s\">14:00 \u2013 18:00 DJ Pjena party \u2013 bikini bike wash, bajkerske igre i takmi\u010denja.<br \/>\n18:00 \u2013 18:30 podjela nagrada i zahvalnica.<br \/>\n15:00 \u2013 17:00 Ru\u010dak za bajkere<\/div>\n<div class=\"x11i5rnm xat24cr x1mh8g0r x1vvkbs xtlvy1s\">18:55 BUKOM MOTORA PROTIV TI\u0160INE ALS-a (kao podr\u0161ka Udrugi \u201cNeuron\u201d i na dan borbe protiv ove opake bolesti di\u017eemo svoj glas odnosno grmljavinu iz auspuha)<br \/>\n19:00 DEFILE KROZ GRAD sa Stunterom<\/div>\n<div><\/div>\n<div class=\"x11i5rnm xat24cr x1mh8g0r x1vvkbs xtlvy1s\">Muzi\u010dki program &#8211; 20:00 h:<br \/>\n\u2013 KillerFace<br \/>\n\u2013 VAN GOGH<br \/>\n\u2013 Generacija Bez Kompasa<\/div>\n<div class=\"x11i5rnm xat24cr x1mh8g0r x1vvkbs xtlvy1s\">GO GO DANCE<\/div>\n<div>\n<div class=\"x11i5rnm xat24cr x1mh8g0r x1vvkbs xtlvy1s\">Vatromet<\/div>\n<div><\/div>\n<div class=\"x11i5rnm xat24cr x1mh8g0r x1vvkbs xtlvy1s\">Nedelja 10.09. 2023.<\/div>\n<div><\/div>\n<div class=\"x11i5rnm xat24cr x1mh8g0r x1vvkbs xtlvy1s\">09:00 Doru\u010dak za bajkere i ispra\u0107aj gostiju.<\/div>\n<div><\/div>\n<div class=\"x11i5rnm xat24cr x1mh8g0r x1vvkbs xtlvy1s\">Kao i do sada doma\u0107ini su se potrudili da uz pomo\u0107 sponzora i iz vlastitih sredstava obezbjede besplatan ulaz za bajkere i gratis obroke kao i mnogobrojne vrijedne nagrade za pobjednike u bajkerskim igrama (ljetovanje 7 dana na Jadranu ) i za najudaljeniji i najbrojniji klub kao i za najstarijeg bajkera (dokaz voza\u010dka sa A kat) i prvu bajkericu koja u\u0111e motorom u kamp.<\/div>\n<div class=\"x11i5rnm xat24cr x1mh8g0r x1vvkbs xtlvy1s\">Ulaz za gra\u0111anstvo je na ju\u017enu kapiju Panonike (pje\u0161a\u010dki prelaz iz gradskog parka) i zapadni ulaz Lovac.<\/div>\n<\/div>\n","protected":false},"excerpt":{"rendered":"<p>Od 08. do 10. septembra 2023. godine, svi ljubitelji motociklizma, dobre zabave i dobre muzike&hellip;<\/p>\n","protected":false},"author":2,"featured_media":216084,"comment_status":"open","ping_status":"closed","sticky":false,"template":"","format":"standard","meta":{"_acf_changed":false,"footnotes":""},"categories":[11],"tags":[5280,3121],"acf":[],"yoast_head":"<!-- This site is optimized with the Yoast SEO plugin v23.5 - https:\/\/yoast.com\/wordpress\/plugins\/seo\/ -->\n<title>Slijede\u0107eg vikenda &quot;Bike fest Panonika 2023&quot;: U Tuzlu sti\u017ee 4.000 motorista - TuzlaInfo.ba<\/title>\n<meta name=\"robots\" content=\"index, follow, max-snippet:-1, max-image-preview:large, max-video-preview:-1\" \/>\n<link rel=\"canonical\" href=\"https:\/\/tuzlainfo.ba\/index.php\/najava-dogadaja-2\/item\/216008-slijedeceg-vikenda-bike-fest-panonika-2023-u-tuzlu-stize-4-000-motorista\/\" \/>\n<meta property=\"og:locale\" content=\"bs_BA\" \/>\n<meta property=\"og:type\" content=\"article\" \/>\n<meta property=\"og:title\" content=\"Slijede\u0107eg vikenda &quot;Bike fest Panonika 2023&quot;: U Tuzlu sti\u017ee 4.000 motorista - TuzlaInfo.ba\" \/>\n<meta property=\"og:description\" content=\"Od 08. do 10. septembra 2023. godine, svi ljubitelji motociklizma, dobre zabave i dobre muzike&hellip;\" \/>\n<meta property=\"og:url\" content=\"https:\/\/tuzlainfo.ba\/index.php\/najava-dogadaja-2\/item\/216008-slijedeceg-vikenda-bike-fest-panonika-2023-u-tuzlu-stize-4-000-motorista\/\" \/>\n<meta property=\"og:site_name\" content=\"TuzlaInfo.ba\" \/>\n<meta property=\"article:publisher\" content=\"https:\/\/www.facebook.com\/tuzlainfo.ba\/\" \/>\n<meta property=\"article:published_time\" content=\"2023-09-05T19:11:03+00:00\" \/>\n<meta property=\"article:modified_time\" content=\"2023-09-06T15:21:41+00:00\" \/>\n<meta property=\"og:image\" content=\"https:\/\/tuzlainfo.ba\/wp-content\/uploads\/2023\/09\/IMG_7033.png\" \/>\n\t<meta property=\"og:image:width\" content=\"875\" \/>\n\t<meta property=\"og:image:height\" content=\"419\" \/>\n\t<meta property=\"og:image:type\" content=\"image\/png\" \/>\n<meta name=\"author\" content=\"nedim\" \/>\n<meta name=\"twitter:card\" content=\"summary_large_image\" \/>\n<meta name=\"twitter:label1\" content=\"Written by\" \/>\n\t<meta name=\"twitter:data1\" content=\"nedim\" \/>\n\t<meta name=\"twitter:label2\" content=\"Est. reading time\" \/>\n\t<meta name=\"twitter:data2\" content=\"2 minute\" \/>\n<script type=\"application\/ld+json\" class=\"yoast-schema-graph\">{\"@context\":\"https:\/\/schema.org\",\"@graph\":[{\"@type\":\"Article\",\"@id\":\"https:\/\/tuzlainfo.ba\/index.php\/najava-dogadaja-2\/item\/216008-slijedeceg-vikenda-bike-fest-panonika-2023-u-tuzlu-stize-4-000-motorista\/#article\",\"isPartOf\":{\"@id\":\"https:\/\/tuzlainfo.ba\/index.php\/najava-dogadaja-2\/item\/216008-slijedeceg-vikenda-bike-fest-panonika-2023-u-tuzlu-stize-4-000-motorista\/\"},\"author\":{\"name\":\"nedim\",\"@id\":\"https:\/\/tuzlainfo.ba\/#\/schema\/person\/f434e20dc27ea133923aab08451b7f7f\"},\"headline\":\"Slijede\u0107eg vikenda &#8220;Bike fest Panonika 2023&#8221;: U Tuzlu sti\u017ee 4.000 motorista\",\"datePublished\":\"2023-09-05T19:11:03+00:00\",\"dateModified\":\"2023-09-06T15:21:41+00:00\",\"mainEntityOfPage\":{\"@id\":\"https:\/\/tuzlainfo.ba\/index.php\/najava-dogadaja-2\/item\/216008-slijedeceg-vikenda-bike-fest-panonika-2023-u-tuzlu-stize-4-000-motorista\/\"},\"wordCount\":339,\"commentCount\":0,\"publisher\":{\"@id\":\"https:\/\/tuzlainfo.ba\/#organization\"},\"image\":{\"@id\":\"https:\/\/tuzlainfo.ba\/index.php\/najava-dogadaja-2\/item\/216008-slijedeceg-vikenda-bike-fest-panonika-2023-u-tuzlu-stize-4-000-motorista\/#primaryimage\"},\"thumbnailUrl\":\"https:\/\/tuzlainfo.ba\/wp-content\/uploads\/2023\/09\/IMG_7033.png\",\"keywords\":[\"bike fest\",\"JKP Panonika\"],\"articleSection\":[\"Najave i doga\u0111aji\"],\"inLanguage\":\"bs-BA\"},{\"@type\":\"WebPage\",\"@id\":\"https:\/\/tuzlainfo.ba\/index.php\/najava-dogadaja-2\/item\/216008-slijedeceg-vikenda-bike-fest-panonika-2023-u-tuzlu-stize-4-000-motorista\/\",\"url\":\"https:\/\/tuzlainfo.ba\/index.php\/najava-dogadaja-2\/item\/216008-slijedeceg-vikenda-bike-fest-panonika-2023-u-tuzlu-stize-4-000-motorista\/\",\"name\":\"Slijede\u0107eg vikenda \\\"Bike fest Panonika 2023\\\": U Tuzlu sti\u017ee 4.000 motorista - TuzlaInfo.ba\",\"isPartOf\":{\"@id\":\"https:\/\/tuzlainfo.ba\/#website\"},\"primaryImageOfPage\":{\"@id\":\"https:\/\/tuzlainfo.ba\/index.php\/najava-dogadaja-2\/item\/216008-slijedeceg-vikenda-bike-fest-panonika-2023-u-tuzlu-stize-4-000-motorista\/#primaryimage\"},\"image\":{\"@id\":\"https:\/\/tuzlainfo.ba\/index.php\/najava-dogadaja-2\/item\/216008-slijedeceg-vikenda-bike-fest-panonika-2023-u-tuzlu-stize-4-000-motorista\/#primaryimage\"},\"thumbnailUrl\":\"https:\/\/tuzlainfo.ba\/wp-content\/uploads\/2023\/09\/IMG_7033.png\",\"datePublished\":\"2023-09-05T19:11:03+00:00\",\"dateModified\":\"2023-09-06T15:21:41+00:00\",\"breadcrumb\":{\"@id\":\"https:\/\/tuzlainfo.ba\/index.php\/najava-dogadaja-2\/item\/216008-slijedeceg-vikenda-bike-fest-panonika-2023-u-tuzlu-stize-4-000-motorista\/#breadcrumb\"},\"inLanguage\":\"bs-BA\",\"potentialAction\":[{\"@type\":\"ReadAction\",\"target\":[\"https:\/\/tuzlainfo.ba\/index.php\/najava-dogadaja-2\/item\/216008-slijedeceg-vikenda-bike-fest-panonika-2023-u-tuzlu-stize-4-000-motorista\/\"]}]},{\"@type\":\"ImageObject\",\"inLanguage\":\"bs-BA\",\"@id\":\"https:\/\/tuzlainfo.ba\/index.php\/najava-dogadaja-2\/item\/216008-slijedeceg-vikenda-bike-fest-panonika-2023-u-tuzlu-stize-4-000-motorista\/#primaryimage\",\"url\":\"https:\/\/tuzlainfo.ba\/wp-content\/uploads\/2023\/09\/IMG_7033.png\",\"contentUrl\":\"https:\/\/tuzlainfo.ba\/wp-content\/uploads\/2023\/09\/IMG_7033.png\",\"width\":875,\"height\":419},{\"@type\":\"BreadcrumbList\",\"@id\":\"https:\/\/tuzlainfo.ba\/index.php\/najava-dogadaja-2\/item\/216008-slijedeceg-vikenda-bike-fest-panonika-2023-u-tuzlu-stize-4-000-motorista\/#breadcrumb\",\"itemListElement\":[{\"@type\":\"ListItem\",\"position\":1,\"name\":\"Home\",\"item\":\"https:\/\/tuzlainfo.ba\/\"},{\"@type\":\"ListItem\",\"position\":2,\"name\":\"Slijede\u0107eg vikenda &#8220;Bike fest Panonika 2023&#8221;: U Tuzlu sti\u017ee 4.000 motorista\"}]},{\"@type\":\"WebSite\",\"@id\":\"https:\/\/tuzlainfo.ba\/#website\",\"url\":\"https:\/\/tuzlainfo.ba\/\",\"name\":\"TuzlaInfo.ba\",\"description\":\"Tuzla info, gradski informator - Tuzla na dlanu\",\"publisher\":{\"@id\":\"https:\/\/tuzlainfo.ba\/#organization\"},\"potentialAction\":[{\"@type\":\"SearchAction\",\"target\":{\"@type\":\"EntryPoint\",\"urlTemplate\":\"https:\/\/tuzlainfo.ba\/?s={search_term_string}\"},\"query-input\":{\"@type\":\"PropertyValueSpecification\",\"valueRequired\":true,\"valueName\":\"search_term_string\"}}],\"inLanguage\":\"bs-BA\"},{\"@type\":\"Organization\",\"@id\":\"https:\/\/tuzlainfo.ba\/#organization\",\"name\":\"TuzlaInfo.ba\",\"url\":\"https:\/\/tuzlainfo.ba\/\",\"logo\":{\"@type\":\"ImageObject\",\"inLanguage\":\"bs-BA\",\"@id\":\"https:\/\/tuzlainfo.ba\/#\/schema\/logo\/image\/\",\"url\":\"https:\/\/tuzlainfo.ba\/wp-content\/uploads\/2021\/03\/logo-ver-3-1.png\",\"contentUrl\":\"https:\/\/tuzlainfo.ba\/wp-content\/uploads\/2021\/03\/logo-ver-3-1.png\",\"width\":350,\"height\":95,\"caption\":\"TuzlaInfo.ba\"},\"image\":{\"@id\":\"https:\/\/tuzlainfo.ba\/#\/schema\/logo\/image\/\"},\"sameAs\":[\"https:\/\/www.facebook.com\/tuzlainfo.ba\/\"]},{\"@type\":\"Person\",\"@id\":\"https:\/\/tuzlainfo.ba\/#\/schema\/person\/f434e20dc27ea133923aab08451b7f7f\",\"name\":\"nedim\",\"image\":{\"@type\":\"ImageObject\",\"inLanguage\":\"bs-BA\",\"@id\":\"https:\/\/tuzlainfo.ba\/#\/schema\/person\/image\/\",\"url\":\"https:\/\/tuzlainfo.ba\/wp-content\/litespeed\/avatar\/aabad687af24844af817603ac1cbdc4f.jpg?ver=1776702173\",\"contentUrl\":\"https:\/\/tuzlainfo.ba\/wp-content\/litespeed\/avatar\/aabad687af24844af817603ac1cbdc4f.jpg?ver=1776702173\",\"caption\":\"nedim\"},\"description\":\"Tuzlainfo.ba pratite na dru\u0161tvenim mre\u017eama: Facebook, Instagram i Youtube. Svoje pri\u010de, upite i fotografije \u0161aljite na na\u0161u e-mail adresu.\"}]}<\/script>\n<!-- \/ Yoast SEO plugin. -->","yoast_head_json":{"title":"Slijede\u0107eg vikenda \"Bike fest Panonika 2023\": U Tuzlu sti\u017ee 4.000 motorista - TuzlaInfo.ba","robots":{"index":"index","follow":"follow","max-snippet":"max-snippet:-1","max-image-preview":"max-image-preview:large","max-video-preview":"max-video-preview:-1"},"canonical":"https:\/\/tuzlainfo.ba\/index.php\/najava-dogadaja-2\/item\/216008-slijedeceg-vikenda-bike-fest-panonika-2023-u-tuzlu-stize-4-000-motorista\/","og_locale":"bs_BA","og_type":"article","og_title":"Slijede\u0107eg vikenda \"Bike fest Panonika 2023\": U Tuzlu sti\u017ee 4.000 motorista - TuzlaInfo.ba","og_description":"Od 08. do 10. septembra 2023. godine, svi ljubitelji motociklizma, dobre zabave i dobre muzike&hellip;","og_url":"https:\/\/tuzlainfo.ba\/index.php\/najava-dogadaja-2\/item\/216008-slijedeceg-vikenda-bike-fest-panonika-2023-u-tuzlu-stize-4-000-motorista\/","og_site_name":"TuzlaInfo.ba","article_publisher":"https:\/\/www.facebook.com\/tuzlainfo.ba\/","article_published_time":"2023-09-05T19:11:03+00:00","article_modified_time":"2023-09-06T15:21:41+00:00","og_image":[{"width":875,"height":419,"url":"https:\/\/tuzlainfo.ba\/wp-content\/uploads\/2023\/09\/IMG_7033.png","type":"image\/png"}],"author":"nedim","twitter_card":"summary_large_image","twitter_misc":{"Written by":"nedim","Est. reading time":"2 minute"},"schema":{"@context":"https:\/\/schema.org","@graph":[{"@type":"Article","@id":"https:\/\/tuzlainfo.ba\/index.php\/najava-dogadaja-2\/item\/216008-slijedeceg-vikenda-bike-fest-panonika-2023-u-tuzlu-stize-4-000-motorista\/#article","isPartOf":{"@id":"https:\/\/tuzlainfo.ba\/index.php\/najava-dogadaja-2\/item\/216008-slijedeceg-vikenda-bike-fest-panonika-2023-u-tuzlu-stize-4-000-motorista\/"},"author":{"name":"nedim","@id":"https:\/\/tuzlainfo.ba\/#\/schema\/person\/f434e20dc27ea133923aab08451b7f7f"},"headline":"Slijede\u0107eg vikenda &#8220;Bike fest Panonika 2023&#8221;: U Tuzlu sti\u017ee 4.000 motorista","datePublished":"2023-09-05T19:11:03+00:00","dateModified":"2023-09-06T15:21:41+00:00","mainEntityOfPage":{"@id":"https:\/\/tuzlainfo.ba\/index.php\/najava-dogadaja-2\/item\/216008-slijedeceg-vikenda-bike-fest-panonika-2023-u-tuzlu-stize-4-000-motorista\/"},"wordCount":339,"commentCount":0,"publisher":{"@id":"https:\/\/tuzlainfo.ba\/#organization"},"image":{"@id":"https:\/\/tuzlainfo.ba\/index.php\/najava-dogadaja-2\/item\/216008-slijedeceg-vikenda-bike-fest-panonika-2023-u-tuzlu-stize-4-000-motorista\/#primaryimage"},"thumbnailUrl":"https:\/\/tuzlainfo.ba\/wp-content\/uploads\/2023\/09\/IMG_7033.png","keywords":["bike fest","JKP Panonika"],"articleSection":["Najave i doga\u0111aji"],"inLanguage":"bs-BA"},{"@type":"WebPage","@id":"https:\/\/tuzlainfo.ba\/index.php\/najava-dogadaja-2\/item\/216008-slijedeceg-vikenda-bike-fest-panonika-2023-u-tuzlu-stize-4-000-motorista\/","url":"https:\/\/tuzlainfo.ba\/index.php\/najava-dogadaja-2\/item\/216008-slijedeceg-vikenda-bike-fest-panonika-2023-u-tuzlu-stize-4-000-motorista\/","name":"Slijede\u0107eg vikenda \"Bike fest Panonika 2023\": U Tuzlu sti\u017ee 4.000 motorista - TuzlaInfo.ba","isPartOf":{"@id":"https:\/\/tuzlainfo.ba\/#website"},"primaryImageOfPage":{"@id":"https:\/\/tuzlainfo.ba\/index.php\/najava-dogadaja-2\/item\/216008-slijedeceg-vikenda-bike-fest-panonika-2023-u-tuzlu-stize-4-000-motorista\/#primaryimage"},"image":{"@id":"https:\/\/tuzlainfo.ba\/index.php\/najava-dogadaja-2\/item\/216008-slijedeceg-vikenda-bike-fest-panonika-2023-u-tuzlu-stize-4-000-motorista\/#primaryimage"},"thumbnailUrl":"https:\/\/tuzlainfo.ba\/wp-content\/uploads\/2023\/09\/IMG_7033.png","datePublished":"2023-09-05T19:11:03+00:00","dateModified":"2023-09-06T15:21:41+00:00","breadcrumb":{"@id":"https:\/\/tuzlainfo.ba\/index.php\/najava-dogadaja-2\/item\/216008-slijedeceg-vikenda-bike-fest-panonika-2023-u-tuzlu-stize-4-000-motorista\/#breadcrumb"},"inLanguage":"bs-BA","potentialAction":[{"@type":"ReadAction","target":["https:\/\/tuzlainfo.ba\/index.php\/najava-dogadaja-2\/item\/216008-slijedeceg-vikenda-bike-fest-panonika-2023-u-tuzlu-stize-4-000-motorista\/"]}]},{"@type":"ImageObject","inLanguage":"bs-BA","@id":"https:\/\/tuzlainfo.ba\/index.php\/najava-dogadaja-2\/item\/216008-slijedeceg-vikenda-bike-fest-panonika-2023-u-tuzlu-stize-4-000-motorista\/#primaryimage","url":"https:\/\/tuzlainfo.ba\/wp-content\/uploads\/2023\/09\/IMG_7033.png","contentUrl":"https:\/\/tuzlainfo.ba\/wp-content\/uploads\/2023\/09\/IMG_7033.png","width":875,"height":419},{"@type":"BreadcrumbList","@id":"https:\/\/tuzlainfo.ba\/index.php\/najava-dogadaja-2\/item\/216008-slijedeceg-vikenda-bike-fest-panonika-2023-u-tuzlu-stize-4-000-motorista\/#breadcrumb","itemListElement":[{"@type":"ListItem","position":1,"name":"Home","item":"https:\/\/tuzlainfo.ba\/"},{"@type":"ListItem","position":2,"name":"Slijede\u0107eg vikenda &#8220;Bike fest Panonika 2023&#8221;: U Tuzlu sti\u017ee 4.000 motorista"}]},{"@type":"WebSite","@id":"https:\/\/tuzlainfo.ba\/#website","url":"https:\/\/tuzlainfo.ba\/","name":"TuzlaInfo.ba","description":"Tuzla info, gradski informator - Tuzla na dlanu","publisher":{"@id":"https:\/\/tuzlainfo.ba\/#organization"},"potentialAction":[{"@type":"SearchAction","target":{"@type":"EntryPoint","urlTemplate":"https:\/\/tuzlainfo.ba\/?s={search_term_string}"},"query-input":{"@type":"PropertyValueSpecification","valueRequired":true,"valueName":"search_term_string"}}],"inLanguage":"bs-BA"},{"@type":"Organization","@id":"https:\/\/tuzlainfo.ba\/#organization","name":"TuzlaInfo.ba","url":"https:\/\/tuzlainfo.ba\/","logo":{"@type":"ImageObject","inLanguage":"bs-BA","@id":"https:\/\/tuzlainfo.ba\/#\/schema\/logo\/image\/","url":"https:\/\/tuzlainfo.ba\/wp-content\/uploads\/2021\/03\/logo-ver-3-1.png","contentUrl":"https:\/\/tuzlainfo.ba\/wp-content\/uploads\/2021\/03\/logo-ver-3-1.png","width":350,"height":95,"caption":"TuzlaInfo.ba"},"image":{"@id":"https:\/\/tuzlainfo.ba\/#\/schema\/logo\/image\/"},"sameAs":["https:\/\/www.facebook.com\/tuzlainfo.ba\/"]},{"@type":"Person","@id":"https:\/\/tuzlainfo.ba\/#\/schema\/person\/f434e20dc27ea133923aab08451b7f7f","name":"nedim","image":{"@type":"ImageObject","inLanguage":"bs-BA","@id":"https:\/\/tuzlainfo.ba\/#\/schema\/person\/image\/","url":"https:\/\/tuzlainfo.ba\/wp-content\/litespeed\/avatar\/aabad687af24844af817603ac1cbdc4f.jpg?ver=1776702173","contentUrl":"https:\/\/tuzlainfo.ba\/wp-content\/litespeed\/avatar\/aabad687af24844af817603ac1cbdc4f.jpg?ver=1776702173","caption":"nedim"},"description":"Tuzlainfo.ba pratite na dru\u0161tvenim mre\u017eama: Facebook, Instagram i Youtube. Svoje pri\u010de, upite i fotografije \u0161aljite na na\u0161u e-mail adresu."}]}},"_links":{"self":[{"href":"https:\/\/tuzlainfo.ba\/index.php\/wp-json\/wp\/v2\/posts\/216008"}],"collection":[{"href":"https:\/\/tuzlainfo.ba\/index.php\/wp-json\/wp\/v2\/posts"}],"about":[{"href":"https:\/\/tuzlainfo.ba\/index.php\/wp-json\/wp\/v2\/types\/post"}],"author":[{"embeddable":true,"href":"https:\/\/tuzlainfo.ba\/index.php\/wp-json\/wp\/v2\/users\/2"}],"replies":[{"embeddable":true,"href":"https:\/\/tuzlainfo.ba\/index.php\/wp-json\/wp\/v2\/comments?post=216008"}],"version-history":[{"count":2,"href":"https:\/\/tuzlainfo.ba\/index.php\/wp-json\/wp\/v2\/posts\/216008\/revisions"}],"predecessor-version":[{"id":216010,"href":"https:\/\/tuzlainfo.ba\/index.php\/wp-json\/wp\/v2\/posts\/216008\/revisions\/216010"}],"wp:featuredmedia":[{"embeddable":true,"href":"https:\/\/tuzlainfo.ba\/index.php\/wp-json\/wp\/v2\/media\/216084"}],"wp:attachment":[{"href":"https:\/\/tuzlainfo.ba\/index.php\/wp-json\/wp\/v2\/media?parent=216008"}],"wp:term":[{"taxonomy":"category","embeddable":true,"href":"https:\/\/tuzlainfo.ba\/index.php\/wp-json\/wp\/v2\/categories?post=216008"},{"taxonomy":"post_tag","embeddable":true,"href":"https:\/\/tuzlainfo.ba\/index.php\/wp-json\/wp\/v2\/tags?post=216008"}],"curies":[{"name":"wp","href":"https:\/\/api.w.org\/{rel}","templated":true}]}}