{"id":215876,"date":"2023-09-04T16:00:05","date_gmt":"2023-09-04T14:00:05","guid":{"rendered":"https:\/\/tuzlainfo.ba\/?p=215876"},"modified":"2023-09-04T15:29:49","modified_gmt":"2023-09-04T13:29:49","slug":"osnovcima-u-tk-uz-udzbenike-obezbijedjene-i-besplatne-radne-sveske","status":"publish","type":"post","link":"https:\/\/tuzlainfo.ba\/index.php\/novosti\/item\/215876-osnovcima-u-tk-uz-udzbenike-obezbijedjene-i-besplatne-radne-sveske\/","title":{"rendered":"Osnovcima u TK uz ud\u017ebenike obezbije\u0111ene i besplatne radne sveske"},"content":{"rendered":"<p>Ministarstvo obrazovanja i nauke Tuzlanskog kantona finalizira postupke nabavke ud\u017ebenika i radnih sveski za u\u010denike osnovnih \u0161kola. Ove je godine pro\u0161irena nabavka ud\u017ebenika za engleski jezik i vjeronauke, te radnih sveski\/zbirki zadataka sa Spiska odobrenih ud\u017ebenika i radnih listova Federalnog ministarstva obrazovanja i nauke.<\/p>\n<p>\u0160kolama \u0107e po\u010detkom naredne \u0161kolske godine biti distribuirani i nedostaju\u0107i ud\u017ebenici \u00a0koji se zbog o\u0161te\u0107enja ne mogu koristiti, a bili su predmet pro\u0161logodi\u0161nje nabavke.<\/p>\n<p>U cilju informisanja javnosti, ud\u017ebenici koji su bili predmet pro\u0161logodi\u0161nje nabavke, a koji su vra\u0107eni u \u0161kole bez o\u0161te\u0107enja, koristit \u0107e se i u narednoj \u0161kolskoj godini. Tako \u0107e se svim osnovcima za sve nastavne predmete osigurati besplatni ud\u017ebenici, te radne sveske.<\/p>\n<p><a href=\"https:\/\/montk.gov.ba\/wp-content\/uploads\/2023\/08\/spisak-besplatnih-udzbenika.pdf\">Spisak besplatnih ud\u017ebenika radnih ud\u017ebenika koji su predmet nabavke u osnovnim \u0161kolama \u010diji je osniva\u010d Skup\u0161tina Tuzlanskog kantona<\/a><\/p>\n<p><a href=\"https:\/\/montk.gov.ba\/wp-content\/uploads\/2023\/08\/Spisak-radnih-sveski.pdf\">Spisak radnih sveski\/zbirki zadataka koji su predmet nabavke za \u0161kolsku 2023\/2024. godinu<\/a><\/p>\n","protected":false},"excerpt":{"rendered":"<p>Ministarstvo obrazovanja i nauke Tuzlanskog kantona finalizira postupke nabavke ud\u017ebenika i radnih sveski za u\u010denike&hellip;<\/p>\n","protected":false},"author":4,"featured_media":215877,"comment_status":"open","ping_status":"closed","sticky":false,"template":"","format":"standard","meta":{"_acf_changed":false,"footnotes":""},"categories":[304,12],"tags":[1416,527,1784],"acf":[],"yoast_head":"<!-- This site is optimized with the Yoast SEO plugin v23.5 - https:\/\/yoast.com\/wordpress\/plugins\/seo\/ -->\n<title>Osnovcima u TK uz ud\u017ebenike obezbije\u0111ene i besplatne radne sveske - TuzlaInfo.ba<\/title>\n<meta name=\"robots\" content=\"index, follow, max-snippet:-1, max-image-preview:large, max-video-preview:-1\" \/>\n<link rel=\"canonical\" href=\"https:\/\/tuzlainfo.ba\/index.php\/novosti\/item\/215876-osnovcima-u-tk-uz-udzbenike-obezbijedjene-i-besplatne-radne-sveske\/\" \/>\n<meta property=\"og:locale\" content=\"bs_BA\" \/>\n<meta property=\"og:type\" content=\"article\" \/>\n<meta property=\"og:title\" content=\"Osnovcima u TK uz ud\u017ebenike obezbije\u0111ene i besplatne radne sveske - TuzlaInfo.ba\" \/>\n<meta property=\"og:description\" content=\"Ministarstvo obrazovanja i nauke Tuzlanskog kantona finalizira postupke nabavke ud\u017ebenika i radnih sveski za u\u010denike&hellip;\" \/>\n<meta property=\"og:url\" content=\"https:\/\/tuzlainfo.ba\/index.php\/novosti\/item\/215876-osnovcima-u-tk-uz-udzbenike-obezbijedjene-i-besplatne-radne-sveske\/\" \/>\n<meta property=\"og:site_name\" content=\"TuzlaInfo.ba\" \/>\n<meta property=\"article:publisher\" content=\"https:\/\/www.facebook.com\/tuzlainfo.ba\/\" \/>\n<meta property=\"article:published_time\" content=\"2023-09-04T14:00:05+00:00\" \/>\n<meta property=\"article:modified_time\" content=\"2023-09-04T13:29:49+00:00\" \/>\n<meta property=\"og:image\" content=\"https:\/\/tuzlainfo.ba\/wp-content\/uploads\/2023\/09\/udzbenici-tk.jpg\" \/>\n\t<meta property=\"og:image:width\" content=\"2048\" \/>\n\t<meta property=\"og:image:height\" content=\"1537\" \/>\n\t<meta property=\"og:image:type\" content=\"image\/jpeg\" \/>\n<meta name=\"author\" content=\"Tuzla Info\" \/>\n<meta name=\"twitter:card\" content=\"summary_large_image\" \/>\n<meta name=\"twitter:label1\" content=\"Written by\" \/>\n\t<meta name=\"twitter:data1\" content=\"Tuzla Info\" \/>\n\t<meta name=\"twitter:label2\" content=\"Est. reading time\" \/>\n\t<meta name=\"twitter:data2\" content=\"1 minuta\" \/>\n<script type=\"application\/ld+json\" class=\"yoast-schema-graph\">{\"@context\":\"https:\/\/schema.org\",\"@graph\":[{\"@type\":\"Article\",\"@id\":\"https:\/\/tuzlainfo.ba\/index.php\/novosti\/item\/215876-osnovcima-u-tk-uz-udzbenike-obezbijedjene-i-besplatne-radne-sveske\/#article\",\"isPartOf\":{\"@id\":\"https:\/\/tuzlainfo.ba\/index.php\/novosti\/item\/215876-osnovcima-u-tk-uz-udzbenike-obezbijedjene-i-besplatne-radne-sveske\/\"},\"author\":{\"name\":\"Tuzla Info\",\"@id\":\"https:\/\/tuzlainfo.ba\/#\/schema\/person\/46cad4c57790cbc50781edd14870825a\"},\"headline\":\"Osnovcima u TK uz ud\u017ebenike obezbije\u0111ene i besplatne radne sveske\",\"datePublished\":\"2023-09-04T14:00:05+00:00\",\"dateModified\":\"2023-09-04T13:29:49+00:00\",\"mainEntityOfPage\":{\"@id\":\"https:\/\/tuzlainfo.ba\/index.php\/novosti\/item\/215876-osnovcima-u-tk-uz-udzbenike-obezbijedjene-i-besplatne-radne-sveske\/\"},\"wordCount\":175,\"commentCount\":0,\"publisher\":{\"@id\":\"https:\/\/tuzlainfo.ba\/#organization\"},\"image\":{\"@id\":\"https:\/\/tuzlainfo.ba\/index.php\/novosti\/item\/215876-osnovcima-u-tk-uz-udzbenike-obezbijedjene-i-besplatne-radne-sveske\/#primaryimage\"},\"thumbnailUrl\":\"https:\/\/tuzlainfo.ba\/wp-content\/uploads\/2023\/09\/udzbenici-tk.jpg\",\"keywords\":[\"\u0161kole\",\"tk\",\"ud\u017ebenici\"],\"articleSection\":[\"Istaknuto\",\"Novosti\"],\"inLanguage\":\"bs-BA\"},{\"@type\":\"WebPage\",\"@id\":\"https:\/\/tuzlainfo.ba\/index.php\/novosti\/item\/215876-osnovcima-u-tk-uz-udzbenike-obezbijedjene-i-besplatne-radne-sveske\/\",\"url\":\"https:\/\/tuzlainfo.ba\/index.php\/novosti\/item\/215876-osnovcima-u-tk-uz-udzbenike-obezbijedjene-i-besplatne-radne-sveske\/\",\"name\":\"Osnovcima u TK uz ud\u017ebenike obezbije\u0111ene i besplatne radne sveske - TuzlaInfo.ba\",\"isPartOf\":{\"@id\":\"https:\/\/tuzlainfo.ba\/#website\"},\"primaryImageOfPage\":{\"@id\":\"https:\/\/tuzlainfo.ba\/index.php\/novosti\/item\/215876-osnovcima-u-tk-uz-udzbenike-obezbijedjene-i-besplatne-radne-sveske\/#primaryimage\"},\"image\":{\"@id\":\"https:\/\/tuzlainfo.ba\/index.php\/novosti\/item\/215876-osnovcima-u-tk-uz-udzbenike-obezbijedjene-i-besplatne-radne-sveske\/#primaryimage\"},\"thumbnailUrl\":\"https:\/\/tuzlainfo.ba\/wp-content\/uploads\/2023\/09\/udzbenici-tk.jpg\",\"datePublished\":\"2023-09-04T14:00:05+00:00\",\"dateModified\":\"2023-09-04T13:29:49+00:00\",\"breadcrumb\":{\"@id\":\"https:\/\/tuzlainfo.ba\/index.php\/novosti\/item\/215876-osnovcima-u-tk-uz-udzbenike-obezbijedjene-i-besplatne-radne-sveske\/#breadcrumb\"},\"inLanguage\":\"bs-BA\",\"potentialAction\":[{\"@type\":\"ReadAction\",\"target\":[\"https:\/\/tuzlainfo.ba\/index.php\/novosti\/item\/215876-osnovcima-u-tk-uz-udzbenike-obezbijedjene-i-besplatne-radne-sveske\/\"]}]},{\"@type\":\"ImageObject\",\"inLanguage\":\"bs-BA\",\"@id\":\"https:\/\/tuzlainfo.ba\/index.php\/novosti\/item\/215876-osnovcima-u-tk-uz-udzbenike-obezbijedjene-i-besplatne-radne-sveske\/#primaryimage\",\"url\":\"https:\/\/tuzlainfo.ba\/wp-content\/uploads\/2023\/09\/udzbenici-tk.jpg\",\"contentUrl\":\"https:\/\/tuzlainfo.ba\/wp-content\/uploads\/2023\/09\/udzbenici-tk.jpg\",\"width\":2048,\"height\":1537},{\"@type\":\"BreadcrumbList\",\"@id\":\"https:\/\/tuzlainfo.ba\/index.php\/novosti\/item\/215876-osnovcima-u-tk-uz-udzbenike-obezbijedjene-i-besplatne-radne-sveske\/#breadcrumb\",\"itemListElement\":[{\"@type\":\"ListItem\",\"position\":1,\"name\":\"Home\",\"item\":\"https:\/\/tuzlainfo.ba\/\"},{\"@type\":\"ListItem\",\"position\":2,\"name\":\"Osnovcima u TK uz ud\u017ebenike obezbije\u0111ene i besplatne radne sveske\"}]},{\"@type\":\"WebSite\",\"@id\":\"https:\/\/tuzlainfo.ba\/#website\",\"url\":\"https:\/\/tuzlainfo.ba\/\",\"name\":\"TuzlaInfo.ba\",\"description\":\"Tuzla info, gradski informator - Tuzla na dlanu\",\"publisher\":{\"@id\":\"https:\/\/tuzlainfo.ba\/#organization\"},\"potentialAction\":[{\"@type\":\"SearchAction\",\"target\":{\"@type\":\"EntryPoint\",\"urlTemplate\":\"https:\/\/tuzlainfo.ba\/?s={search_term_string}\"},\"query-input\":{\"@type\":\"PropertyValueSpecification\",\"valueRequired\":true,\"valueName\":\"search_term_string\"}}],\"inLanguage\":\"bs-BA\"},{\"@type\":\"Organization\",\"@id\":\"https:\/\/tuzlainfo.ba\/#organization\",\"name\":\"TuzlaInfo.ba\",\"url\":\"https:\/\/tuzlainfo.ba\/\",\"logo\":{\"@type\":\"ImageObject\",\"inLanguage\":\"bs-BA\",\"@id\":\"https:\/\/tuzlainfo.ba\/#\/schema\/logo\/image\/\",\"url\":\"https:\/\/tuzlainfo.ba\/wp-content\/uploads\/2021\/03\/logo-ver-3-1.png\",\"contentUrl\":\"https:\/\/tuzlainfo.ba\/wp-content\/uploads\/2021\/03\/logo-ver-3-1.png\",\"width\":350,\"height\":95,\"caption\":\"TuzlaInfo.ba\"},\"image\":{\"@id\":\"https:\/\/tuzlainfo.ba\/#\/schema\/logo\/image\/\"},\"sameAs\":[\"https:\/\/www.facebook.com\/tuzlainfo.ba\/\"]},{\"@type\":\"Person\",\"@id\":\"https:\/\/tuzlainfo.ba\/#\/schema\/person\/46cad4c57790cbc50781edd14870825a\",\"name\":\"Tuzla Info\",\"image\":{\"@type\":\"ImageObject\",\"inLanguage\":\"bs-BA\",\"@id\":\"https:\/\/tuzlainfo.ba\/#\/schema\/person\/image\/\",\"url\":\"https:\/\/tuzlainfo.ba\/wp-content\/litespeed\/avatar\/b6c453a6c38e3654f2e4416c643fc25c.jpg?ver=1777051911\",\"contentUrl\":\"https:\/\/tuzlainfo.ba\/wp-content\/litespeed\/avatar\/b6c453a6c38e3654f2e4416c643fc25c.jpg?ver=1777051911\",\"caption\":\"Tuzla Info\"}}]}<\/script>\n<!-- \/ Yoast SEO plugin. -->","yoast_head_json":{"title":"Osnovcima u TK uz ud\u017ebenike obezbije\u0111ene i besplatne radne sveske - TuzlaInfo.ba","robots":{"index":"index","follow":"follow","max-snippet":"max-snippet:-1","max-image-preview":"max-image-preview:large","max-video-preview":"max-video-preview:-1"},"canonical":"https:\/\/tuzlainfo.ba\/index.php\/novosti\/item\/215876-osnovcima-u-tk-uz-udzbenike-obezbijedjene-i-besplatne-radne-sveske\/","og_locale":"bs_BA","og_type":"article","og_title":"Osnovcima u TK uz ud\u017ebenike obezbije\u0111ene i besplatne radne sveske - TuzlaInfo.ba","og_description":"Ministarstvo obrazovanja i nauke Tuzlanskog kantona finalizira postupke nabavke ud\u017ebenika i radnih sveski za u\u010denike&hellip;","og_url":"https:\/\/tuzlainfo.ba\/index.php\/novosti\/item\/215876-osnovcima-u-tk-uz-udzbenike-obezbijedjene-i-besplatne-radne-sveske\/","og_site_name":"TuzlaInfo.ba","article_publisher":"https:\/\/www.facebook.com\/tuzlainfo.ba\/","article_published_time":"2023-09-04T14:00:05+00:00","article_modified_time":"2023-09-04T13:29:49+00:00","og_image":[{"width":2048,"height":1537,"url":"https:\/\/tuzlainfo.ba\/wp-content\/uploads\/2023\/09\/udzbenici-tk.jpg","type":"image\/jpeg"}],"author":"Tuzla Info","twitter_card":"summary_large_image","twitter_misc":{"Written by":"Tuzla Info","Est. reading time":"1 minuta"},"schema":{"@context":"https:\/\/schema.org","@graph":[{"@type":"Article","@id":"https:\/\/tuzlainfo.ba\/index.php\/novosti\/item\/215876-osnovcima-u-tk-uz-udzbenike-obezbijedjene-i-besplatne-radne-sveske\/#article","isPartOf":{"@id":"https:\/\/tuzlainfo.ba\/index.php\/novosti\/item\/215876-osnovcima-u-tk-uz-udzbenike-obezbijedjene-i-besplatne-radne-sveske\/"},"author":{"name":"Tuzla Info","@id":"https:\/\/tuzlainfo.ba\/#\/schema\/person\/46cad4c57790cbc50781edd14870825a"},"headline":"Osnovcima u TK uz ud\u017ebenike obezbije\u0111ene i besplatne radne sveske","datePublished":"2023-09-04T14:00:05+00:00","dateModified":"2023-09-04T13:29:49+00:00","mainEntityOfPage":{"@id":"https:\/\/tuzlainfo.ba\/index.php\/novosti\/item\/215876-osnovcima-u-tk-uz-udzbenike-obezbijedjene-i-besplatne-radne-sveske\/"},"wordCount":175,"commentCount":0,"publisher":{"@id":"https:\/\/tuzlainfo.ba\/#organization"},"image":{"@id":"https:\/\/tuzlainfo.ba\/index.php\/novosti\/item\/215876-osnovcima-u-tk-uz-udzbenike-obezbijedjene-i-besplatne-radne-sveske\/#primaryimage"},"thumbnailUrl":"https:\/\/tuzlainfo.ba\/wp-content\/uploads\/2023\/09\/udzbenici-tk.jpg","keywords":["\u0161kole","tk","ud\u017ebenici"],"articleSection":["Istaknuto","Novosti"],"inLanguage":"bs-BA"},{"@type":"WebPage","@id":"https:\/\/tuzlainfo.ba\/index.php\/novosti\/item\/215876-osnovcima-u-tk-uz-udzbenike-obezbijedjene-i-besplatne-radne-sveske\/","url":"https:\/\/tuzlainfo.ba\/index.php\/novosti\/item\/215876-osnovcima-u-tk-uz-udzbenike-obezbijedjene-i-besplatne-radne-sveske\/","name":"Osnovcima u TK uz ud\u017ebenike obezbije\u0111ene i besplatne radne sveske - TuzlaInfo.ba","isPartOf":{"@id":"https:\/\/tuzlainfo.ba\/#website"},"primaryImageOfPage":{"@id":"https:\/\/tuzlainfo.ba\/index.php\/novosti\/item\/215876-osnovcima-u-tk-uz-udzbenike-obezbijedjene-i-besplatne-radne-sveske\/#primaryimage"},"image":{"@id":"https:\/\/tuzlainfo.ba\/index.php\/novosti\/item\/215876-osnovcima-u-tk-uz-udzbenike-obezbijedjene-i-besplatne-radne-sveske\/#primaryimage"},"thumbnailUrl":"https:\/\/tuzlainfo.ba\/wp-content\/uploads\/2023\/09\/udzbenici-tk.jpg","datePublished":"2023-09-04T14:00:05+00:00","dateModified":"2023-09-04T13:29:49+00:00","breadcrumb":{"@id":"https:\/\/tuzlainfo.ba\/index.php\/novosti\/item\/215876-osnovcima-u-tk-uz-udzbenike-obezbijedjene-i-besplatne-radne-sveske\/#breadcrumb"},"inLanguage":"bs-BA","potentialAction":[{"@type":"ReadAction","target":["https:\/\/tuzlainfo.ba\/index.php\/novosti\/item\/215876-osnovcima-u-tk-uz-udzbenike-obezbijedjene-i-besplatne-radne-sveske\/"]}]},{"@type":"ImageObject","inLanguage":"bs-BA","@id":"https:\/\/tuzlainfo.ba\/index.php\/novosti\/item\/215876-osnovcima-u-tk-uz-udzbenike-obezbijedjene-i-besplatne-radne-sveske\/#primaryimage","url":"https:\/\/tuzlainfo.ba\/wp-content\/uploads\/2023\/09\/udzbenici-tk.jpg","contentUrl":"https:\/\/tuzlainfo.ba\/wp-content\/uploads\/2023\/09\/udzbenici-tk.jpg","width":2048,"height":1537},{"@type":"BreadcrumbList","@id":"https:\/\/tuzlainfo.ba\/index.php\/novosti\/item\/215876-osnovcima-u-tk-uz-udzbenike-obezbijedjene-i-besplatne-radne-sveske\/#breadcrumb","itemListElement":[{"@type":"ListItem","position":1,"name":"Home","item":"https:\/\/tuzlainfo.ba\/"},{"@type":"ListItem","position":2,"name":"Osnovcima u TK uz ud\u017ebenike obezbije\u0111ene i besplatne radne sveske"}]},{"@type":"WebSite","@id":"https:\/\/tuzlainfo.ba\/#website","url":"https:\/\/tuzlainfo.ba\/","name":"TuzlaInfo.ba","description":"Tuzla info, gradski informator - Tuzla na dlanu","publisher":{"@id":"https:\/\/tuzlainfo.ba\/#organization"},"potentialAction":[{"@type":"SearchAction","target":{"@type":"EntryPoint","urlTemplate":"https:\/\/tuzlainfo.ba\/?s={search_term_string}"},"query-input":{"@type":"PropertyValueSpecification","valueRequired":true,"valueName":"search_term_string"}}],"inLanguage":"bs-BA"},{"@type":"Organization","@id":"https:\/\/tuzlainfo.ba\/#organization","name":"TuzlaInfo.ba","url":"https:\/\/tuzlainfo.ba\/","logo":{"@type":"ImageObject","inLanguage":"bs-BA","@id":"https:\/\/tuzlainfo.ba\/#\/schema\/logo\/image\/","url":"https:\/\/tuzlainfo.ba\/wp-content\/uploads\/2021\/03\/logo-ver-3-1.png","contentUrl":"https:\/\/tuzlainfo.ba\/wp-content\/uploads\/2021\/03\/logo-ver-3-1.png","width":350,"height":95,"caption":"TuzlaInfo.ba"},"image":{"@id":"https:\/\/tuzlainfo.ba\/#\/schema\/logo\/image\/"},"sameAs":["https:\/\/www.facebook.com\/tuzlainfo.ba\/"]},{"@type":"Person","@id":"https:\/\/tuzlainfo.ba\/#\/schema\/person\/46cad4c57790cbc50781edd14870825a","name":"Tuzla Info","image":{"@type":"ImageObject","inLanguage":"bs-BA","@id":"https:\/\/tuzlainfo.ba\/#\/schema\/person\/image\/","url":"https:\/\/tuzlainfo.ba\/wp-content\/litespeed\/avatar\/b6c453a6c38e3654f2e4416c643fc25c.jpg?ver=1777051911","contentUrl":"https:\/\/tuzlainfo.ba\/wp-content\/litespeed\/avatar\/b6c453a6c38e3654f2e4416c643fc25c.jpg?ver=1777051911","caption":"Tuzla Info"}}]}},"_links":{"self":[{"href":"https:\/\/tuzlainfo.ba\/index.php\/wp-json\/wp\/v2\/posts\/215876"}],"collection":[{"href":"https:\/\/tuzlainfo.ba\/index.php\/wp-json\/wp\/v2\/posts"}],"about":[{"href":"https:\/\/tuzlainfo.ba\/index.php\/wp-json\/wp\/v2\/types\/post"}],"author":[{"embeddable":true,"href":"https:\/\/tuzlainfo.ba\/index.php\/wp-json\/wp\/v2\/users\/4"}],"replies":[{"embeddable":true,"href":"https:\/\/tuzlainfo.ba\/index.php\/wp-json\/wp\/v2\/comments?post=215876"}],"version-history":[{"count":1,"href":"https:\/\/tuzlainfo.ba\/index.php\/wp-json\/wp\/v2\/posts\/215876\/revisions"}],"predecessor-version":[{"id":215878,"href":"https:\/\/tuzlainfo.ba\/index.php\/wp-json\/wp\/v2\/posts\/215876\/revisions\/215878"}],"wp:featuredmedia":[{"embeddable":true,"href":"https:\/\/tuzlainfo.ba\/index.php\/wp-json\/wp\/v2\/media\/215877"}],"wp:attachment":[{"href":"https:\/\/tuzlainfo.ba\/index.php\/wp-json\/wp\/v2\/media?parent=215876"}],"wp:term":[{"taxonomy":"category","embeddable":true,"href":"https:\/\/tuzlainfo.ba\/index.php\/wp-json\/wp\/v2\/categories?post=215876"},{"taxonomy":"post_tag","embeddable":true,"href":"https:\/\/tuzlainfo.ba\/index.php\/wp-json\/wp\/v2\/tags?post=215876"}],"curies":[{"name":"wp","href":"https:\/\/api.w.org\/{rel}","templated":true}]}}