{"id":215831,"date":"2023-09-04T08:47:31","date_gmt":"2023-09-04T06:47:31","guid":{"rendered":"https:\/\/tuzlainfo.ba\/?p=215831"},"modified":"2023-09-04T08:47:31","modified_gmt":"2023-09-04T06:47:31","slug":"denis-becirovic-posjetio-bosansku-dolinu-piramida","status":"publish","type":"post","link":"https:\/\/tuzlainfo.ba\/index.php\/bosna-i-hercegovina\/item\/215831-denis-becirovic-posjetio-bosansku-dolinu-piramida\/","title":{"rendered":"Denis Be\u0107irovi\u0107 posjetio Bosansku dolinu piramida"},"content":{"rendered":"<p>\u010clan Predsjedni\u0161tva Bosne i Hercegovine Denis Be\u0107irovi\u0107 posjetio je u nedjelju Bosansku dolinu piramida u Visokom. Be\u0107irovi\u0107 je na lokacijama Fondacije \u201cArheolo\u0161ki park: Bosanska piramida Sunca\u201d, ta\u010dnije u Kompleksu Ravne boravio u posjeti sa svojim saradnicima. Be\u0107irovi\u0107 je tokom posjete obi\u0161ao Muzej Fondacije, Prahistorijski podzemni kompleks tunela Ravne, najposje\u0107eniju turisti\u010dku lokaciju u Visokom i ZDK, a u\u017eivao je i u obilasku parka \u201cRavne 2\u201d.<\/p>\n<p>Doma\u0107in je bio osniva\u010d Fondacije i pronalaza\u010d bosanskih piramida dr. Semir Osmanagi\u0107 koji je \u010dlan Predsjedni\u0161tva BiH proveo kroz lokacije, te mu pojasnio kompletan historijat Bosanske doline piramida, od otkri\u0107a piramide i tunela, do dana\u0161njeg dana.<\/p>\n<p>Posebno je zanimljivo bilo u parku \u201cRavne 2\u201d gdje su se Be\u0107irovi\u0107 i Osmanagi\u0107 oku\u0161ali u sportskim vje\u0161tinama.\u00a0Osmanagi\u0107 je slavio u tenisu, dok se Be\u0107irovi\u0107 revan\u0161irao u ko\u0161arci.<\/p>\n<p>Nakon posjete \u010dlan Predsjedni\u0161tva je kazao kako je odu\u0161evljen vremenom provedenim u Visokom i obilaskom sjajnih lokacija u Bosanskoj dolini piramida.<\/p>\n<p>\u2013 Ljudi \u010desto vole puno da pri\u010daju, a mislim da je dobra komunikacija kad ljudi u\u010de da slu\u0161aju.\u00a0Ja sam danas pa\u017eljivo slu\u0161ao i odu\u0161evljen sam.\u00a0Sve ovo \u0161to sam vidio ovdje u Visokom rezultat je \u010dovjeka koji ima znanje, viziju i nevjerovatnu sigurnost i \u010dvrstu volju.\u00a0Simbiozom te \u010detiri karakteristike imamo ne\u0161to s \u010dim se mo\u017eemo pohvaliti u cijeloj BiH i regiji.\u00a0Nastavit \u0107emo suradnju, nadam se u narednoj godini da bi Predsjedni\u0161tvo ili barem jedan \u010dlan mogao biti pokrovitelj neke od manifestacija ovdje.\u00a0U ovoj zemlji moramo otkrivati \u200b\u200bpozitivne ljude i pri\u010de, ovo je iznimno pozitivna pri\u010da koja zaslu\u017euje podr\u0161ku dr\u017eave do lokalne zajednice\u00a0\u2013 kazao je Be\u0107irovi\u0107 nakon posjete.<\/p>\n<p>Dr.\u00a0Osmanagi\u0107 je bio zadovoljan ovom posjetom, kazav\u0161i kako je ovo tre\u0107i posjet nekog od \u010dlanova Predsjedni\u0161tva BiH Bosanskoj dolini piramide, a ranije su dolazili Haris Silajd\u017ei\u0107 i rahmetli Sulejman Tihi\u0107.<\/p>\n<p>\u2013 Ove posjete nam mnogo zna\u010de, govore o legitimnosti projekta i interesu najvi\u0161ih politi\u010dkih du\u017enosnika zemlje, ali govore io njihovoj podr\u0161ci jednom pozitivnom projektu. Denis je vidio punu ozbiljnost na\u0161eg projekta, obi\u0161ao lokacije i izrazio \u017eelju da bude pokrovitelj neke od na\u0161ih manifestacija. Mnogo smo govorili i o svrsi ovog mjesta, gdje dolaze ljudi iz cijelog svijeta, iz svih zemalja biv\u0161e Jugoslavije, gdje se osje\u0107a da je ovo mjesto bez diskriminacije, mjesto gdje se ljudi osje\u0107aju kao kod svoje ku\u0107e \u2013 kazao je Osmanagi\u0107, saop\u0107eno je iz Fondacije\u201d Arheolo\u0161ki park: Bosanska piramida Sunca\u201c.<\/p>\n<p>&nbsp;<\/p>\n","protected":false},"excerpt":{"rendered":"<p>\u010clan Predsjedni\u0161tva Bosne i Hercegovine Denis Be\u0107irovi\u0107 posjetio je u nedjelju Bosansku dolinu piramida u&hellip;<\/p>\n","protected":false},"author":3,"featured_media":215833,"comment_status":"open","ping_status":"closed","sticky":false,"template":"","format":"standard","meta":{"_acf_changed":false,"footnotes":""},"categories":[291],"tags":[8128,7513],"acf":[],"yoast_head":"<!-- This site is optimized with the Yoast SEO plugin v23.5 - https:\/\/yoast.com\/wordpress\/plugins\/seo\/ -->\n<title>Denis Be\u0107irovi\u0107 posjetio Bosansku dolinu piramida - TuzlaInfo.ba<\/title>\n<meta name=\"robots\" content=\"index, follow, max-snippet:-1, max-image-preview:large, max-video-preview:-1\" \/>\n<link rel=\"canonical\" href=\"https:\/\/tuzlainfo.ba\/index.php\/bosna-i-hercegovina\/item\/215831-denis-becirovic-posjetio-bosansku-dolinu-piramida\/\" \/>\n<meta property=\"og:locale\" content=\"bs_BA\" \/>\n<meta property=\"og:type\" content=\"article\" \/>\n<meta property=\"og:title\" content=\"Denis Be\u0107irovi\u0107 posjetio Bosansku dolinu piramida - TuzlaInfo.ba\" \/>\n<meta property=\"og:description\" content=\"\u010clan Predsjedni\u0161tva Bosne i Hercegovine Denis Be\u0107irovi\u0107 posjetio je u nedjelju Bosansku dolinu piramida u&hellip;\" \/>\n<meta property=\"og:url\" content=\"https:\/\/tuzlainfo.ba\/index.php\/bosna-i-hercegovina\/item\/215831-denis-becirovic-posjetio-bosansku-dolinu-piramida\/\" \/>\n<meta property=\"og:site_name\" content=\"TuzlaInfo.ba\" \/>\n<meta property=\"article:publisher\" content=\"https:\/\/www.facebook.com\/tuzlainfo.ba\/\" \/>\n<meta property=\"article:published_time\" content=\"2023-09-04T06:47:31+00:00\" \/>\n<meta property=\"og:image\" content=\"https:\/\/tuzlainfo.ba\/wp-content\/uploads\/2023\/09\/0409_denis_piramida.jpg\" \/>\n\t<meta property=\"og:image:width\" content=\"1024\" \/>\n\t<meta property=\"og:image:height\" content=\"684\" \/>\n\t<meta property=\"og:image:type\" content=\"image\/jpeg\" \/>\n<meta name=\"author\" content=\"admin2\" \/>\n<meta name=\"twitter:card\" content=\"summary_large_image\" \/>\n<meta name=\"twitter:label1\" content=\"Written by\" \/>\n\t<meta name=\"twitter:data1\" content=\"admin2\" \/>\n\t<meta name=\"twitter:label2\" content=\"Est. reading time\" \/>\n\t<meta name=\"twitter:data2\" content=\"2 minute\" \/>\n<script type=\"application\/ld+json\" class=\"yoast-schema-graph\">{\"@context\":\"https:\/\/schema.org\",\"@graph\":[{\"@type\":\"Article\",\"@id\":\"https:\/\/tuzlainfo.ba\/index.php\/bosna-i-hercegovina\/item\/215831-denis-becirovic-posjetio-bosansku-dolinu-piramida\/#article\",\"isPartOf\":{\"@id\":\"https:\/\/tuzlainfo.ba\/index.php\/bosna-i-hercegovina\/item\/215831-denis-becirovic-posjetio-bosansku-dolinu-piramida\/\"},\"author\":{\"name\":\"admin2\",\"@id\":\"https:\/\/tuzlainfo.ba\/#\/schema\/person\/f4ebe4fff27e68efb65fa7e18f8af372\"},\"headline\":\"Denis Be\u0107irovi\u0107 posjetio Bosansku dolinu piramida\",\"datePublished\":\"2023-09-04T06:47:31+00:00\",\"dateModified\":\"2023-09-04T06:47:31+00:00\",\"mainEntityOfPage\":{\"@id\":\"https:\/\/tuzlainfo.ba\/index.php\/bosna-i-hercegovina\/item\/215831-denis-becirovic-posjetio-bosansku-dolinu-piramida\/\"},\"wordCount\":443,\"commentCount\":0,\"publisher\":{\"@id\":\"https:\/\/tuzlainfo.ba\/#organization\"},\"image\":{\"@id\":\"https:\/\/tuzlainfo.ba\/index.php\/bosna-i-hercegovina\/item\/215831-denis-becirovic-posjetio-bosansku-dolinu-piramida\/#primaryimage\"},\"thumbnailUrl\":\"https:\/\/tuzlainfo.ba\/wp-content\/uploads\/2023\/09\/0409_denis_piramida.jpg\",\"keywords\":[\"bosanska dolina piramida\",\"denis becirevic\"],\"articleSection\":[\"Bosna i Hercegovina\"],\"inLanguage\":\"bs-BA\"},{\"@type\":\"WebPage\",\"@id\":\"https:\/\/tuzlainfo.ba\/index.php\/bosna-i-hercegovina\/item\/215831-denis-becirovic-posjetio-bosansku-dolinu-piramida\/\",\"url\":\"https:\/\/tuzlainfo.ba\/index.php\/bosna-i-hercegovina\/item\/215831-denis-becirovic-posjetio-bosansku-dolinu-piramida\/\",\"name\":\"Denis Be\u0107irovi\u0107 posjetio Bosansku dolinu piramida - TuzlaInfo.ba\",\"isPartOf\":{\"@id\":\"https:\/\/tuzlainfo.ba\/#website\"},\"primaryImageOfPage\":{\"@id\":\"https:\/\/tuzlainfo.ba\/index.php\/bosna-i-hercegovina\/item\/215831-denis-becirovic-posjetio-bosansku-dolinu-piramida\/#primaryimage\"},\"image\":{\"@id\":\"https:\/\/tuzlainfo.ba\/index.php\/bosna-i-hercegovina\/item\/215831-denis-becirovic-posjetio-bosansku-dolinu-piramida\/#primaryimage\"},\"thumbnailUrl\":\"https:\/\/tuzlainfo.ba\/wp-content\/uploads\/2023\/09\/0409_denis_piramida.jpg\",\"datePublished\":\"2023-09-04T06:47:31+00:00\",\"dateModified\":\"2023-09-04T06:47:31+00:00\",\"breadcrumb\":{\"@id\":\"https:\/\/tuzlainfo.ba\/index.php\/bosna-i-hercegovina\/item\/215831-denis-becirovic-posjetio-bosansku-dolinu-piramida\/#breadcrumb\"},\"inLanguage\":\"bs-BA\",\"potentialAction\":[{\"@type\":\"ReadAction\",\"target\":[\"https:\/\/tuzlainfo.ba\/index.php\/bosna-i-hercegovina\/item\/215831-denis-becirovic-posjetio-bosansku-dolinu-piramida\/\"]}]},{\"@type\":\"ImageObject\",\"inLanguage\":\"bs-BA\",\"@id\":\"https:\/\/tuzlainfo.ba\/index.php\/bosna-i-hercegovina\/item\/215831-denis-becirovic-posjetio-bosansku-dolinu-piramida\/#primaryimage\",\"url\":\"https:\/\/tuzlainfo.ba\/wp-content\/uploads\/2023\/09\/0409_denis_piramida.jpg\",\"contentUrl\":\"https:\/\/tuzlainfo.ba\/wp-content\/uploads\/2023\/09\/0409_denis_piramida.jpg\",\"width\":1024,\"height\":684},{\"@type\":\"BreadcrumbList\",\"@id\":\"https:\/\/tuzlainfo.ba\/index.php\/bosna-i-hercegovina\/item\/215831-denis-becirovic-posjetio-bosansku-dolinu-piramida\/#breadcrumb\",\"itemListElement\":[{\"@type\":\"ListItem\",\"position\":1,\"name\":\"Home\",\"item\":\"https:\/\/tuzlainfo.ba\/\"},{\"@type\":\"ListItem\",\"position\":2,\"name\":\"Denis Be\u0107irovi\u0107 posjetio Bosansku dolinu piramida\"}]},{\"@type\":\"WebSite\",\"@id\":\"https:\/\/tuzlainfo.ba\/#website\",\"url\":\"https:\/\/tuzlainfo.ba\/\",\"name\":\"TuzlaInfo.ba\",\"description\":\"Tuzla info, gradski informator - Tuzla na dlanu\",\"publisher\":{\"@id\":\"https:\/\/tuzlainfo.ba\/#organization\"},\"potentialAction\":[{\"@type\":\"SearchAction\",\"target\":{\"@type\":\"EntryPoint\",\"urlTemplate\":\"https:\/\/tuzlainfo.ba\/?s={search_term_string}\"},\"query-input\":{\"@type\":\"PropertyValueSpecification\",\"valueRequired\":true,\"valueName\":\"search_term_string\"}}],\"inLanguage\":\"bs-BA\"},{\"@type\":\"Organization\",\"@id\":\"https:\/\/tuzlainfo.ba\/#organization\",\"name\":\"TuzlaInfo.ba\",\"url\":\"https:\/\/tuzlainfo.ba\/\",\"logo\":{\"@type\":\"ImageObject\",\"inLanguage\":\"bs-BA\",\"@id\":\"https:\/\/tuzlainfo.ba\/#\/schema\/logo\/image\/\",\"url\":\"https:\/\/tuzlainfo.ba\/wp-content\/uploads\/2021\/03\/logo-ver-3-1.png\",\"contentUrl\":\"https:\/\/tuzlainfo.ba\/wp-content\/uploads\/2021\/03\/logo-ver-3-1.png\",\"width\":350,\"height\":95,\"caption\":\"TuzlaInfo.ba\"},\"image\":{\"@id\":\"https:\/\/tuzlainfo.ba\/#\/schema\/logo\/image\/\"},\"sameAs\":[\"https:\/\/www.facebook.com\/tuzlainfo.ba\/\"]},{\"@type\":\"Person\",\"@id\":\"https:\/\/tuzlainfo.ba\/#\/schema\/person\/f4ebe4fff27e68efb65fa7e18f8af372\",\"name\":\"admin2\",\"image\":{\"@type\":\"ImageObject\",\"inLanguage\":\"bs-BA\",\"@id\":\"https:\/\/tuzlainfo.ba\/#\/schema\/person\/image\/\",\"url\":\"https:\/\/tuzlainfo.ba\/wp-content\/litespeed\/avatar\/8219eeb9a43cff2d096e773737736f62.jpg?ver=1776704580\",\"contentUrl\":\"https:\/\/tuzlainfo.ba\/wp-content\/litespeed\/avatar\/8219eeb9a43cff2d096e773737736f62.jpg?ver=1776704580\",\"caption\":\"admin2\"},\"description\":\"Tuzlainfo.ba pratite na dru\u0161tvenim mre\u017eama: Facebook, Instagram i Youtube. Svoje pri\u010de, upite i fotografije \u0161aljite na na\u0161u e-mail adresu.\",\"sameAs\":[\"admin\"]}]}<\/script>\n<!-- \/ Yoast SEO plugin. -->","yoast_head_json":{"title":"Denis Be\u0107irovi\u0107 posjetio Bosansku dolinu piramida - TuzlaInfo.ba","robots":{"index":"index","follow":"follow","max-snippet":"max-snippet:-1","max-image-preview":"max-image-preview:large","max-video-preview":"max-video-preview:-1"},"canonical":"https:\/\/tuzlainfo.ba\/index.php\/bosna-i-hercegovina\/item\/215831-denis-becirovic-posjetio-bosansku-dolinu-piramida\/","og_locale":"bs_BA","og_type":"article","og_title":"Denis Be\u0107irovi\u0107 posjetio Bosansku dolinu piramida - TuzlaInfo.ba","og_description":"\u010clan Predsjedni\u0161tva Bosne i Hercegovine Denis Be\u0107irovi\u0107 posjetio je u nedjelju Bosansku dolinu piramida u&hellip;","og_url":"https:\/\/tuzlainfo.ba\/index.php\/bosna-i-hercegovina\/item\/215831-denis-becirovic-posjetio-bosansku-dolinu-piramida\/","og_site_name":"TuzlaInfo.ba","article_publisher":"https:\/\/www.facebook.com\/tuzlainfo.ba\/","article_published_time":"2023-09-04T06:47:31+00:00","og_image":[{"width":1024,"height":684,"url":"https:\/\/tuzlainfo.ba\/wp-content\/uploads\/2023\/09\/0409_denis_piramida.jpg","type":"image\/jpeg"}],"author":"admin2","twitter_card":"summary_large_image","twitter_misc":{"Written by":"admin2","Est. reading time":"2 minute"},"schema":{"@context":"https:\/\/schema.org","@graph":[{"@type":"Article","@id":"https:\/\/tuzlainfo.ba\/index.php\/bosna-i-hercegovina\/item\/215831-denis-becirovic-posjetio-bosansku-dolinu-piramida\/#article","isPartOf":{"@id":"https:\/\/tuzlainfo.ba\/index.php\/bosna-i-hercegovina\/item\/215831-denis-becirovic-posjetio-bosansku-dolinu-piramida\/"},"author":{"name":"admin2","@id":"https:\/\/tuzlainfo.ba\/#\/schema\/person\/f4ebe4fff27e68efb65fa7e18f8af372"},"headline":"Denis Be\u0107irovi\u0107 posjetio Bosansku dolinu piramida","datePublished":"2023-09-04T06:47:31+00:00","dateModified":"2023-09-04T06:47:31+00:00","mainEntityOfPage":{"@id":"https:\/\/tuzlainfo.ba\/index.php\/bosna-i-hercegovina\/item\/215831-denis-becirovic-posjetio-bosansku-dolinu-piramida\/"},"wordCount":443,"commentCount":0,"publisher":{"@id":"https:\/\/tuzlainfo.ba\/#organization"},"image":{"@id":"https:\/\/tuzlainfo.ba\/index.php\/bosna-i-hercegovina\/item\/215831-denis-becirovic-posjetio-bosansku-dolinu-piramida\/#primaryimage"},"thumbnailUrl":"https:\/\/tuzlainfo.ba\/wp-content\/uploads\/2023\/09\/0409_denis_piramida.jpg","keywords":["bosanska dolina piramida","denis becirevic"],"articleSection":["Bosna i Hercegovina"],"inLanguage":"bs-BA"},{"@type":"WebPage","@id":"https:\/\/tuzlainfo.ba\/index.php\/bosna-i-hercegovina\/item\/215831-denis-becirovic-posjetio-bosansku-dolinu-piramida\/","url":"https:\/\/tuzlainfo.ba\/index.php\/bosna-i-hercegovina\/item\/215831-denis-becirovic-posjetio-bosansku-dolinu-piramida\/","name":"Denis Be\u0107irovi\u0107 posjetio Bosansku dolinu piramida - TuzlaInfo.ba","isPartOf":{"@id":"https:\/\/tuzlainfo.ba\/#website"},"primaryImageOfPage":{"@id":"https:\/\/tuzlainfo.ba\/index.php\/bosna-i-hercegovina\/item\/215831-denis-becirovic-posjetio-bosansku-dolinu-piramida\/#primaryimage"},"image":{"@id":"https:\/\/tuzlainfo.ba\/index.php\/bosna-i-hercegovina\/item\/215831-denis-becirovic-posjetio-bosansku-dolinu-piramida\/#primaryimage"},"thumbnailUrl":"https:\/\/tuzlainfo.ba\/wp-content\/uploads\/2023\/09\/0409_denis_piramida.jpg","datePublished":"2023-09-04T06:47:31+00:00","dateModified":"2023-09-04T06:47:31+00:00","breadcrumb":{"@id":"https:\/\/tuzlainfo.ba\/index.php\/bosna-i-hercegovina\/item\/215831-denis-becirovic-posjetio-bosansku-dolinu-piramida\/#breadcrumb"},"inLanguage":"bs-BA","potentialAction":[{"@type":"ReadAction","target":["https:\/\/tuzlainfo.ba\/index.php\/bosna-i-hercegovina\/item\/215831-denis-becirovic-posjetio-bosansku-dolinu-piramida\/"]}]},{"@type":"ImageObject","inLanguage":"bs-BA","@id":"https:\/\/tuzlainfo.ba\/index.php\/bosna-i-hercegovina\/item\/215831-denis-becirovic-posjetio-bosansku-dolinu-piramida\/#primaryimage","url":"https:\/\/tuzlainfo.ba\/wp-content\/uploads\/2023\/09\/0409_denis_piramida.jpg","contentUrl":"https:\/\/tuzlainfo.ba\/wp-content\/uploads\/2023\/09\/0409_denis_piramida.jpg","width":1024,"height":684},{"@type":"BreadcrumbList","@id":"https:\/\/tuzlainfo.ba\/index.php\/bosna-i-hercegovina\/item\/215831-denis-becirovic-posjetio-bosansku-dolinu-piramida\/#breadcrumb","itemListElement":[{"@type":"ListItem","position":1,"name":"Home","item":"https:\/\/tuzlainfo.ba\/"},{"@type":"ListItem","position":2,"name":"Denis Be\u0107irovi\u0107 posjetio Bosansku dolinu piramida"}]},{"@type":"WebSite","@id":"https:\/\/tuzlainfo.ba\/#website","url":"https:\/\/tuzlainfo.ba\/","name":"TuzlaInfo.ba","description":"Tuzla info, gradski informator - Tuzla na dlanu","publisher":{"@id":"https:\/\/tuzlainfo.ba\/#organization"},"potentialAction":[{"@type":"SearchAction","target":{"@type":"EntryPoint","urlTemplate":"https:\/\/tuzlainfo.ba\/?s={search_term_string}"},"query-input":{"@type":"PropertyValueSpecification","valueRequired":true,"valueName":"search_term_string"}}],"inLanguage":"bs-BA"},{"@type":"Organization","@id":"https:\/\/tuzlainfo.ba\/#organization","name":"TuzlaInfo.ba","url":"https:\/\/tuzlainfo.ba\/","logo":{"@type":"ImageObject","inLanguage":"bs-BA","@id":"https:\/\/tuzlainfo.ba\/#\/schema\/logo\/image\/","url":"https:\/\/tuzlainfo.ba\/wp-content\/uploads\/2021\/03\/logo-ver-3-1.png","contentUrl":"https:\/\/tuzlainfo.ba\/wp-content\/uploads\/2021\/03\/logo-ver-3-1.png","width":350,"height":95,"caption":"TuzlaInfo.ba"},"image":{"@id":"https:\/\/tuzlainfo.ba\/#\/schema\/logo\/image\/"},"sameAs":["https:\/\/www.facebook.com\/tuzlainfo.ba\/"]},{"@type":"Person","@id":"https:\/\/tuzlainfo.ba\/#\/schema\/person\/f4ebe4fff27e68efb65fa7e18f8af372","name":"admin2","image":{"@type":"ImageObject","inLanguage":"bs-BA","@id":"https:\/\/tuzlainfo.ba\/#\/schema\/person\/image\/","url":"https:\/\/tuzlainfo.ba\/wp-content\/litespeed\/avatar\/8219eeb9a43cff2d096e773737736f62.jpg?ver=1776704580","contentUrl":"https:\/\/tuzlainfo.ba\/wp-content\/litespeed\/avatar\/8219eeb9a43cff2d096e773737736f62.jpg?ver=1776704580","caption":"admin2"},"description":"Tuzlainfo.ba pratite na dru\u0161tvenim mre\u017eama: Facebook, Instagram i Youtube. Svoje pri\u010de, upite i fotografije \u0161aljite na na\u0161u e-mail adresu.","sameAs":["admin"]}]}},"_links":{"self":[{"href":"https:\/\/tuzlainfo.ba\/index.php\/wp-json\/wp\/v2\/posts\/215831"}],"collection":[{"href":"https:\/\/tuzlainfo.ba\/index.php\/wp-json\/wp\/v2\/posts"}],"about":[{"href":"https:\/\/tuzlainfo.ba\/index.php\/wp-json\/wp\/v2\/types\/post"}],"author":[{"embeddable":true,"href":"https:\/\/tuzlainfo.ba\/index.php\/wp-json\/wp\/v2\/users\/3"}],"replies":[{"embeddable":true,"href":"https:\/\/tuzlainfo.ba\/index.php\/wp-json\/wp\/v2\/comments?post=215831"}],"version-history":[{"count":1,"href":"https:\/\/tuzlainfo.ba\/index.php\/wp-json\/wp\/v2\/posts\/215831\/revisions"}],"predecessor-version":[{"id":215834,"href":"https:\/\/tuzlainfo.ba\/index.php\/wp-json\/wp\/v2\/posts\/215831\/revisions\/215834"}],"wp:featuredmedia":[{"embeddable":true,"href":"https:\/\/tuzlainfo.ba\/index.php\/wp-json\/wp\/v2\/media\/215833"}],"wp:attachment":[{"href":"https:\/\/tuzlainfo.ba\/index.php\/wp-json\/wp\/v2\/media?parent=215831"}],"wp:term":[{"taxonomy":"category","embeddable":true,"href":"https:\/\/tuzlainfo.ba\/index.php\/wp-json\/wp\/v2\/categories?post=215831"},{"taxonomy":"post_tag","embeddable":true,"href":"https:\/\/tuzlainfo.ba\/index.php\/wp-json\/wp\/v2\/tags?post=215831"}],"curies":[{"name":"wp","href":"https:\/\/api.w.org\/{rel}","templated":true}]}}