{"id":215508,"date":"2023-09-01T10:00:33","date_gmt":"2023-09-01T08:00:33","guid":{"rendered":"https:\/\/tuzlainfo.ba\/?p=215508"},"modified":"2023-09-01T09:25:57","modified_gmt":"2023-09-01T07:25:57","slug":"u-pretresima-u-lukavcu-i-celiu-pronadjeno-razlicito-oruzje","status":"publish","type":"post","link":"https:\/\/tuzlainfo.ba\/index.php\/novosti\/item\/215508-u-pretresima-u-lukavcu-i-celiu-pronadjeno-razlicito-oruzje\/","title":{"rendered":"U pretresima u Lukavcu i \u010celi\u0107u prona\u0111eno razli\u010dito oru\u017eje"},"content":{"rendered":"<p>U prethodna tri dana, policija u TK je izvr\u0161ila pretrese na podru\u010dju Lukavca i op\u0107ine \u010celi\u0107. U pretresima je prona\u0111eno i oduzeto razli\u010dito oru\u017eje.<\/p>\n<p>&#8220;Policijski slu\u017ebenici Uprave policije MUP TK-a, Sektora kriminalisti\u010dke policije, Odsjek za borbu protiv zloupotrebe opojnih droga i\u00a0 policijski slu\u017ebenici PU Tuzla, PS \u010celi\u0107 su u dane 29.08. i 30.08.2023.godine provode\u0107i redovne aktivnosti na spre\u010davanju najte\u017eih oblika kriminaliteta, a naro\u010dito zloupotrebe opojnih droga i nelegalnog dr\u017eanja oru\u017eja i eksplozivnih sredstava, postupaju\u0107i po naredbama nadle\u017enih sudova. a pod nadzorom postupaju\u0107ih Tu\u017eilaca Kantonalnog tu\u017eila\u0161tva Tuzlanskog kantona, u okviru svojih mjesnih nadle\u017enosti, izvr\u0161ili pretresanje na lokacijama Lukavac i Drijen\u010da, kojom prilikom su prona\u0111eni predmeti koji se dovode u vezu sa izvr\u0161enjem krivi\u010dnih djela.<\/p>\n<p>Pretresanjem porodi\u010dne ku\u0107e, prate\u0107ih objekta\u00a0 i vozila vlasni\u0161tvo E.V. (1975) iz Lukavca, prona\u0111eno\u00a0 je i privremeno oduzeto pi\u0161tolj marke &#8220;Magnum&#8221; kalibra 9 mm sa pripadaju\u0107im okvirom kao i vazdu\u0161na pu\u0161ka sa optikom.<\/p>\n<p>U pretresu ku\u0107e i pomo\u0107nih objekata vlasni\u0161tvo M. N (1950.) u naselju Drijen\u010da prona\u0111eno i privremeno oduzeto: pi\u0161tolj marke &#8220;CZ M 57&#8221;, okvir za pi\u0161tolj i tri komada municije za pi\u0161tolj kalibra 7,62 mm, lova\u010daka pu\u0161ka &#8220;TOZ34P&#8221;\u00a0 kalibra 12\/70, deset sa\u010dmi kalibra 12 mm, pet komada municije za pi\u0161tolj kalibra 7,65 mm, 22 komada municije za gasni pi\u0161tolj kalibra 9X27 mm, i okvir sa pet komada municije calibra 7,62&#8221; &#8211; saop\u0107eno je iz Uprave policije MUP-a TK.<\/p>\n<p>Rad na ovim predmetima bi\u0107e nastavljen, te \u0107e nakon kompletiranja dokaza Tu\u017eila\u0161tvu biti dostavljen odgovaraju\u0107i Izvje\u0161taj, stoji u saop\u0107enju.<\/p>\n","protected":false},"excerpt":{"rendered":"<p>U prethodna tri dana, policija u TK je izvr\u0161ila pretrese na podru\u010dju Lukavca i op\u0107ine \u010celi\u0107. U pretresima je prona\u0111eno i oduzeto razli\u010dito oru\u017eje. &#8220;Policijski slu\u017ebenici Uprave policije MUP TK-a, Sektora kriminalisti\u010dke policije, Odsjek za borbu protiv zloupotrebe opojnih droga i\u00a0 policijski slu\u017ebenici PU Tuzla, PS \u010celi\u0107 su u dane 29.08. i 30.08.2023.godine provode\u0107i redovne [&hellip;]<\/p>\n","protected":false},"author":4,"featured_media":215509,"comment_status":"open","ping_status":"closed","sticky":false,"template":"","format":"standard","meta":{"footnotes":""},"categories":[304,12],"tags":[482,779],"class_list":["post-215508","post","type-post","status-publish","format-standard","has-post-thumbnail","hentry","category-istaknuto","category-novosti","tag-mup-tk","tag-pretresi"],"yoast_head":"<!-- This site is optimized with the Yoast SEO plugin v28.4 - https:\/\/yoast.com\/product\/yoast-seo-wordpress\/ -->\n<title>U pretresima u Lukavcu i \u010celi\u0107u prona\u0111eno razli\u010dito oru\u017eje<\/title>\n<meta name=\"robots\" content=\"index, follow, max-snippet:-1, max-image-preview:large, max-video-preview:-1\" \/>\n<link rel=\"canonical\" href=\"https:\/\/tuzlainfo.ba\/index.php\/novosti\/item\/215508-u-pretresima-u-lukavcu-i-celiu-pronadjeno-razlicito-oruzje\/\" \/>\n<meta property=\"og:locale\" content=\"bs_BA\" \/>\n<meta property=\"og:type\" content=\"article\" \/>\n<meta property=\"og:title\" content=\"U pretresima u Lukavcu i \u010celi\u0107u prona\u0111eno razli\u010dito oru\u017eje\" \/>\n<meta property=\"og:description\" content=\"U prethodna tri dana, policija u TK je izvr\u0161ila pretrese na podru\u010dju Lukavca i op\u0107ine \u010celi\u0107. U pretresima je prona\u0111eno i oduzeto razli\u010dito oru\u017eje. &#8220;Policijski slu\u017ebenici Uprave policije MUP TK-a, Sektora kriminalisti\u010dke policije, Odsjek za borbu protiv zloupotrebe opojnih droga i\u00a0 policijski slu\u017ebenici PU Tuzla, PS \u010celi\u0107 su u dane 29.08. i 30.08.2023.godine provode\u0107i redovne [&hellip;]\" \/>\n<meta property=\"og:url\" content=\"https:\/\/tuzlainfo.ba\/index.php\/novosti\/item\/215508-u-pretresima-u-lukavcu-i-celiu-pronadjeno-razlicito-oruzje\/\" \/>\n<meta property=\"og:site_name\" content=\"TuzlaInfo.ba\" \/>\n<meta property=\"article:publisher\" content=\"https:\/\/www.facebook.com\/tuzlainfo.ba\/\" \/>\n<meta property=\"article:published_time\" content=\"2023-09-01T08:00:33+00:00\" \/>\n<meta property=\"og:image\" content=\"https:\/\/tuzlainfo.ba\/wp-content\/uploads\/2023\/09\/Celic-1.jpg\" \/>\n\t<meta property=\"og:image:width\" content=\"1024\" \/>\n\t<meta property=\"og:image:height\" content=\"613\" \/>\n\t<meta property=\"og:image:type\" content=\"image\/jpeg\" \/>\n<meta name=\"author\" content=\"Tuzla Info\" \/>\n<meta name=\"twitter:card\" content=\"summary_large_image\" \/>\n<meta name=\"twitter:label1\" content=\"Written by\" \/>\n\t<meta name=\"twitter:data1\" content=\"Tuzla Info\" \/>\n\t<meta name=\"twitter:label2\" content=\"Est. reading time\" \/>\n\t<meta name=\"twitter:data2\" content=\"1 minuta\" \/>\n<script type=\"application\/ld+json\" class=\"yoast-schema-graph\">{\"@context\":\"https:\\\/\\\/schema.org\",\"@graph\":[{\"@type\":\"Article\",\"@id\":\"https:\\\/\\\/tuzlainfo.ba\\\/index.php\\\/novosti\\\/item\\\/215508-u-pretresima-u-lukavcu-i-celiu-pronadjeno-razlicito-oruzje\\\/#article\",\"isPartOf\":{\"@id\":\"https:\\\/\\\/tuzlainfo.ba\\\/index.php\\\/novosti\\\/item\\\/215508-u-pretresima-u-lukavcu-i-celiu-pronadjeno-razlicito-oruzje\\\/\"},\"author\":{\"name\":\"Tuzla Info\",\"@id\":\"https:\\\/\\\/tuzlainfo.ba\\\/#\\\/schema\\\/person\\\/46cad4c57790cbc50781edd14870825a\"},\"headline\":\"U pretresima u Lukavcu i \u010celi\u0107u prona\u0111eno razli\u010dito oru\u017eje\",\"datePublished\":\"2023-09-01T08:00:33+00:00\",\"mainEntityOfPage\":{\"@id\":\"https:\\\/\\\/tuzlainfo.ba\\\/index.php\\\/novosti\\\/item\\\/215508-u-pretresima-u-lukavcu-i-celiu-pronadjeno-razlicito-oruzje\\\/\"},\"wordCount\":301,\"commentCount\":0,\"publisher\":{\"@id\":\"https:\\\/\\\/tuzlainfo.ba\\\/#organization\"},\"image\":{\"@id\":\"https:\\\/\\\/tuzlainfo.ba\\\/index.php\\\/novosti\\\/item\\\/215508-u-pretresima-u-lukavcu-i-celiu-pronadjeno-razlicito-oruzje\\\/#primaryimage\"},\"thumbnailUrl\":\"https:\\\/\\\/tuzlainfo.ba\\\/wp-content\\\/uploads\\\/2023\\\/09\\\/Celic-1.jpg\",\"keywords\":[\"mup tk\",\"pretresi\"],\"articleSection\":[\"Istaknuto\",\"Novosti\"],\"inLanguage\":\"bs-BA\",\"copyrightYear\":\"2023\",\"copyrightHolder\":{\"@id\":\"https:\\\/\\\/tuzlainfo.ba\\\/#organization\"}},{\"@type\":\"WebPage\",\"@id\":\"https:\\\/\\\/tuzlainfo.ba\\\/index.php\\\/novosti\\\/item\\\/215508-u-pretresima-u-lukavcu-i-celiu-pronadjeno-razlicito-oruzje\\\/\",\"url\":\"https:\\\/\\\/tuzlainfo.ba\\\/index.php\\\/novosti\\\/item\\\/215508-u-pretresima-u-lukavcu-i-celiu-pronadjeno-razlicito-oruzje\\\/\",\"name\":\"U pretresima u Lukavcu i \u010celi\u0107u prona\u0111eno razli\u010dito oru\u017eje\",\"isPartOf\":{\"@id\":\"https:\\\/\\\/tuzlainfo.ba\\\/#website\"},\"primaryImageOfPage\":{\"@id\":\"https:\\\/\\\/tuzlainfo.ba\\\/index.php\\\/novosti\\\/item\\\/215508-u-pretresima-u-lukavcu-i-celiu-pronadjeno-razlicito-oruzje\\\/#primaryimage\"},\"image\":{\"@id\":\"https:\\\/\\\/tuzlainfo.ba\\\/index.php\\\/novosti\\\/item\\\/215508-u-pretresima-u-lukavcu-i-celiu-pronadjeno-razlicito-oruzje\\\/#primaryimage\"},\"thumbnailUrl\":\"https:\\\/\\\/tuzlainfo.ba\\\/wp-content\\\/uploads\\\/2023\\\/09\\\/Celic-1.jpg\",\"datePublished\":\"2023-09-01T08:00:33+00:00\",\"breadcrumb\":{\"@id\":\"https:\\\/\\\/tuzlainfo.ba\\\/index.php\\\/novosti\\\/item\\\/215508-u-pretresima-u-lukavcu-i-celiu-pronadjeno-razlicito-oruzje\\\/#breadcrumb\"},\"inLanguage\":\"bs-BA\",\"potentialAction\":[{\"@type\":\"ReadAction\",\"target\":[\"https:\\\/\\\/tuzlainfo.ba\\\/index.php\\\/novosti\\\/item\\\/215508-u-pretresima-u-lukavcu-i-celiu-pronadjeno-razlicito-oruzje\\\/\"]}]},{\"@type\":\"ImageObject\",\"inLanguage\":\"bs-BA\",\"@id\":\"https:\\\/\\\/tuzlainfo.ba\\\/index.php\\\/novosti\\\/item\\\/215508-u-pretresima-u-lukavcu-i-celiu-pronadjeno-razlicito-oruzje\\\/#primaryimage\",\"url\":\"https:\\\/\\\/tuzlainfo.ba\\\/wp-content\\\/uploads\\\/2023\\\/09\\\/Celic-1.jpg\",\"contentUrl\":\"https:\\\/\\\/tuzlainfo.ba\\\/wp-content\\\/uploads\\\/2023\\\/09\\\/Celic-1.jpg\",\"width\":1024,\"height\":613},{\"@type\":\"BreadcrumbList\",\"@id\":\"https:\\\/\\\/tuzlainfo.ba\\\/index.php\\\/novosti\\\/item\\\/215508-u-pretresima-u-lukavcu-i-celiu-pronadjeno-razlicito-oruzje\\\/#breadcrumb\",\"itemListElement\":[{\"@type\":\"ListItem\",\"position\":1,\"name\":\"Home\",\"item\":\"https:\\\/\\\/tuzlainfo.ba\\\/\"},{\"@type\":\"ListItem\",\"position\":2,\"name\":\"U pretresima u Lukavcu i \u010celi\u0107u prona\u0111eno razli\u010dito oru\u017eje\"}]},{\"@type\":\"WebSite\",\"@id\":\"https:\\\/\\\/tuzlainfo.ba\\\/#website\",\"url\":\"https:\\\/\\\/tuzlainfo.ba\\\/\",\"name\":\"TuzlaInfo.ba\",\"description\":\"Tuzla info, gradski informator - Tuzla na dlanu\",\"publisher\":{\"@id\":\"https:\\\/\\\/tuzlainfo.ba\\\/#organization\"},\"potentialAction\":[{\"@type\":\"SearchAction\",\"target\":{\"@type\":\"EntryPoint\",\"urlTemplate\":\"https:\\\/\\\/tuzlainfo.ba\\\/?s={search_term_string}\"},\"query-input\":{\"@type\":\"PropertyValueSpecification\",\"valueRequired\":true,\"valueName\":\"search_term_string\"}}],\"inLanguage\":\"bs-BA\"},{\"@type\":\"Organization\",\"@id\":\"https:\\\/\\\/tuzlainfo.ba\\\/#organization\",\"name\":\"TuzlaInfo.ba\",\"url\":\"https:\\\/\\\/tuzlainfo.ba\\\/\",\"logo\":{\"@type\":\"ImageObject\",\"inLanguage\":\"bs-BA\",\"@id\":\"https:\\\/\\\/tuzlainfo.ba\\\/#\\\/schema\\\/logo\\\/image\\\/\",\"url\":\"https:\\\/\\\/tuzlainfo.ba\\\/wp-content\\\/uploads\\\/2021\\\/03\\\/logo-ver-3-1.png\",\"contentUrl\":\"https:\\\/\\\/tuzlainfo.ba\\\/wp-content\\\/uploads\\\/2021\\\/03\\\/logo-ver-3-1.png\",\"width\":350,\"height\":95,\"caption\":\"TuzlaInfo.ba\"},\"image\":{\"@id\":\"https:\\\/\\\/tuzlainfo.ba\\\/#\\\/schema\\\/logo\\\/image\\\/\"},\"sameAs\":[\"https:\\\/\\\/www.facebook.com\\\/tuzlainfo.ba\\\/\"]},{\"@type\":\"Person\",\"@id\":\"https:\\\/\\\/tuzlainfo.ba\\\/#\\\/schema\\\/person\\\/46cad4c57790cbc50781edd14870825a\",\"name\":\"Tuzla Info\",\"image\":{\"@type\":\"ImageObject\",\"inLanguage\":\"bs-BA\",\"@id\":\"https:\\\/\\\/secure.gravatar.com\\\/avatar\\\/e980921b00fa2e552723a2386544734ce6885d2b2304ccca3f45186f9ca4031d?s=96&d=mm&r=g\",\"url\":\"https:\\\/\\\/secure.gravatar.com\\\/avatar\\\/e980921b00fa2e552723a2386544734ce6885d2b2304ccca3f45186f9ca4031d?s=96&d=mm&r=g\",\"contentUrl\":\"https:\\\/\\\/secure.gravatar.com\\\/avatar\\\/e980921b00fa2e552723a2386544734ce6885d2b2304ccca3f45186f9ca4031d?s=96&d=mm&r=g\",\"caption\":\"Tuzla Info\"}}]}<\/script>\n<!-- \/ Yoast SEO plugin. -->","yoast_head_json":{"title":"U pretresima u Lukavcu i \u010celi\u0107u prona\u0111eno razli\u010dito oru\u017eje","robots":{"index":"index","follow":"follow","max-snippet":"max-snippet:-1","max-image-preview":"max-image-preview:large","max-video-preview":"max-video-preview:-1"},"canonical":"https:\/\/tuzlainfo.ba\/index.php\/novosti\/item\/215508-u-pretresima-u-lukavcu-i-celiu-pronadjeno-razlicito-oruzje\/","og_locale":"bs_BA","og_type":"article","og_title":"U pretresima u Lukavcu i \u010celi\u0107u prona\u0111eno razli\u010dito oru\u017eje","og_description":"U prethodna tri dana, policija u TK je izvr\u0161ila pretrese na podru\u010dju Lukavca i op\u0107ine \u010celi\u0107. U pretresima je prona\u0111eno i oduzeto razli\u010dito oru\u017eje. &#8220;Policijski slu\u017ebenici Uprave policije MUP TK-a, Sektora kriminalisti\u010dke policije, Odsjek za borbu protiv zloupotrebe opojnih droga i\u00a0 policijski slu\u017ebenici PU Tuzla, PS \u010celi\u0107 su u dane 29.08. i 30.08.2023.godine provode\u0107i redovne [&hellip;]","og_url":"https:\/\/tuzlainfo.ba\/index.php\/novosti\/item\/215508-u-pretresima-u-lukavcu-i-celiu-pronadjeno-razlicito-oruzje\/","og_site_name":"TuzlaInfo.ba","article_publisher":"https:\/\/www.facebook.com\/tuzlainfo.ba\/","article_published_time":"2023-09-01T08:00:33+00:00","og_image":[{"width":1024,"height":613,"url":"https:\/\/tuzlainfo.ba\/wp-content\/uploads\/2023\/09\/Celic-1.jpg","type":"image\/jpeg"}],"author":"Tuzla Info","twitter_card":"summary_large_image","twitter_misc":{"Written by":"Tuzla Info","Est. reading time":"1 minuta"},"schema":{"@context":"https:\/\/schema.org","@graph":[{"@type":"Article","@id":"https:\/\/tuzlainfo.ba\/index.php\/novosti\/item\/215508-u-pretresima-u-lukavcu-i-celiu-pronadjeno-razlicito-oruzje\/#article","isPartOf":{"@id":"https:\/\/tuzlainfo.ba\/index.php\/novosti\/item\/215508-u-pretresima-u-lukavcu-i-celiu-pronadjeno-razlicito-oruzje\/"},"author":{"name":"Tuzla Info","@id":"https:\/\/tuzlainfo.ba\/#\/schema\/person\/46cad4c57790cbc50781edd14870825a"},"headline":"U pretresima u Lukavcu i \u010celi\u0107u prona\u0111eno razli\u010dito oru\u017eje","datePublished":"2023-09-01T08:00:33+00:00","mainEntityOfPage":{"@id":"https:\/\/tuzlainfo.ba\/index.php\/novosti\/item\/215508-u-pretresima-u-lukavcu-i-celiu-pronadjeno-razlicito-oruzje\/"},"wordCount":301,"commentCount":0,"publisher":{"@id":"https:\/\/tuzlainfo.ba\/#organization"},"image":{"@id":"https:\/\/tuzlainfo.ba\/index.php\/novosti\/item\/215508-u-pretresima-u-lukavcu-i-celiu-pronadjeno-razlicito-oruzje\/#primaryimage"},"thumbnailUrl":"https:\/\/tuzlainfo.ba\/wp-content\/uploads\/2023\/09\/Celic-1.jpg","keywords":["mup tk","pretresi"],"articleSection":["Istaknuto","Novosti"],"inLanguage":"bs-BA","copyrightYear":"2023","copyrightHolder":{"@id":"https:\/\/tuzlainfo.ba\/#organization"}},{"@type":"WebPage","@id":"https:\/\/tuzlainfo.ba\/index.php\/novosti\/item\/215508-u-pretresima-u-lukavcu-i-celiu-pronadjeno-razlicito-oruzje\/","url":"https:\/\/tuzlainfo.ba\/index.php\/novosti\/item\/215508-u-pretresima-u-lukavcu-i-celiu-pronadjeno-razlicito-oruzje\/","name":"U pretresima u Lukavcu i \u010celi\u0107u prona\u0111eno razli\u010dito oru\u017eje","isPartOf":{"@id":"https:\/\/tuzlainfo.ba\/#website"},"primaryImageOfPage":{"@id":"https:\/\/tuzlainfo.ba\/index.php\/novosti\/item\/215508-u-pretresima-u-lukavcu-i-celiu-pronadjeno-razlicito-oruzje\/#primaryimage"},"image":{"@id":"https:\/\/tuzlainfo.ba\/index.php\/novosti\/item\/215508-u-pretresima-u-lukavcu-i-celiu-pronadjeno-razlicito-oruzje\/#primaryimage"},"thumbnailUrl":"https:\/\/tuzlainfo.ba\/wp-content\/uploads\/2023\/09\/Celic-1.jpg","datePublished":"2023-09-01T08:00:33+00:00","breadcrumb":{"@id":"https:\/\/tuzlainfo.ba\/index.php\/novosti\/item\/215508-u-pretresima-u-lukavcu-i-celiu-pronadjeno-razlicito-oruzje\/#breadcrumb"},"inLanguage":"bs-BA","potentialAction":[{"@type":"ReadAction","target":["https:\/\/tuzlainfo.ba\/index.php\/novosti\/item\/215508-u-pretresima-u-lukavcu-i-celiu-pronadjeno-razlicito-oruzje\/"]}]},{"@type":"ImageObject","inLanguage":"bs-BA","@id":"https:\/\/tuzlainfo.ba\/index.php\/novosti\/item\/215508-u-pretresima-u-lukavcu-i-celiu-pronadjeno-razlicito-oruzje\/#primaryimage","url":"https:\/\/tuzlainfo.ba\/wp-content\/uploads\/2023\/09\/Celic-1.jpg","contentUrl":"https:\/\/tuzlainfo.ba\/wp-content\/uploads\/2023\/09\/Celic-1.jpg","width":1024,"height":613},{"@type":"BreadcrumbList","@id":"https:\/\/tuzlainfo.ba\/index.php\/novosti\/item\/215508-u-pretresima-u-lukavcu-i-celiu-pronadjeno-razlicito-oruzje\/#breadcrumb","itemListElement":[{"@type":"ListItem","position":1,"name":"Home","item":"https:\/\/tuzlainfo.ba\/"},{"@type":"ListItem","position":2,"name":"U pretresima u Lukavcu i \u010celi\u0107u prona\u0111eno razli\u010dito oru\u017eje"}]},{"@type":"WebSite","@id":"https:\/\/tuzlainfo.ba\/#website","url":"https:\/\/tuzlainfo.ba\/","name":"TuzlaInfo.ba","description":"Tuzla info, gradski informator - Tuzla na dlanu","publisher":{"@id":"https:\/\/tuzlainfo.ba\/#organization"},"potentialAction":[{"@type":"SearchAction","target":{"@type":"EntryPoint","urlTemplate":"https:\/\/tuzlainfo.ba\/?s={search_term_string}"},"query-input":{"@type":"PropertyValueSpecification","valueRequired":true,"valueName":"search_term_string"}}],"inLanguage":"bs-BA"},{"@type":"Organization","@id":"https:\/\/tuzlainfo.ba\/#organization","name":"TuzlaInfo.ba","url":"https:\/\/tuzlainfo.ba\/","logo":{"@type":"ImageObject","inLanguage":"bs-BA","@id":"https:\/\/tuzlainfo.ba\/#\/schema\/logo\/image\/","url":"https:\/\/tuzlainfo.ba\/wp-content\/uploads\/2021\/03\/logo-ver-3-1.png","contentUrl":"https:\/\/tuzlainfo.ba\/wp-content\/uploads\/2021\/03\/logo-ver-3-1.png","width":350,"height":95,"caption":"TuzlaInfo.ba"},"image":{"@id":"https:\/\/tuzlainfo.ba\/#\/schema\/logo\/image\/"},"sameAs":["https:\/\/www.facebook.com\/tuzlainfo.ba\/"]},{"@type":"Person","@id":"https:\/\/tuzlainfo.ba\/#\/schema\/person\/46cad4c57790cbc50781edd14870825a","name":"Tuzla Info","image":{"@type":"ImageObject","inLanguage":"bs-BA","@id":"https:\/\/secure.gravatar.com\/avatar\/e980921b00fa2e552723a2386544734ce6885d2b2304ccca3f45186f9ca4031d?s=96&d=mm&r=g","url":"https:\/\/secure.gravatar.com\/avatar\/e980921b00fa2e552723a2386544734ce6885d2b2304ccca3f45186f9ca4031d?s=96&d=mm&r=g","contentUrl":"https:\/\/secure.gravatar.com\/avatar\/e980921b00fa2e552723a2386544734ce6885d2b2304ccca3f45186f9ca4031d?s=96&d=mm&r=g","caption":"Tuzla Info"}}]}},"_links":{"self":[{"href":"https:\/\/tuzlainfo.ba\/index.php\/wp-json\/wp\/v2\/posts\/215508","targetHints":{"allow":["GET"]}}],"collection":[{"href":"https:\/\/tuzlainfo.ba\/index.php\/wp-json\/wp\/v2\/posts"}],"about":[{"href":"https:\/\/tuzlainfo.ba\/index.php\/wp-json\/wp\/v2\/types\/post"}],"author":[{"embeddable":true,"href":"https:\/\/tuzlainfo.ba\/index.php\/wp-json\/wp\/v2\/users\/4"}],"replies":[{"embeddable":true,"href":"https:\/\/tuzlainfo.ba\/index.php\/wp-json\/wp\/v2\/comments?post=215508"}],"version-history":[{"count":0,"href":"https:\/\/tuzlainfo.ba\/index.php\/wp-json\/wp\/v2\/posts\/215508\/revisions"}],"wp:featuredmedia":[{"embeddable":true,"href":"https:\/\/tuzlainfo.ba\/index.php\/wp-json\/wp\/v2\/media\/215509"}],"wp:attachment":[{"href":"https:\/\/tuzlainfo.ba\/index.php\/wp-json\/wp\/v2\/media?parent=215508"}],"wp:term":[{"taxonomy":"category","embeddable":true,"href":"https:\/\/tuzlainfo.ba\/index.php\/wp-json\/wp\/v2\/categories?post=215508"},{"taxonomy":"post_tag","embeddable":true,"href":"https:\/\/tuzlainfo.ba\/index.php\/wp-json\/wp\/v2\/tags?post=215508"}],"curies":[{"name":"wp","href":"https:\/\/api.w.org\/{rel}","templated":true}]}}