{"id":215361,"date":"2023-08-30T18:08:35","date_gmt":"2023-08-30T16:08:35","guid":{"rendered":"https:\/\/tuzlainfo.ba\/?p=215361"},"modified":"2023-08-30T18:08:35","modified_gmt":"2023-08-30T16:08:35","slug":"dodik-poziva-u-pomoc-hns-u-borbi-protiv-presuda-evropskog-suda-u-strasburu","status":"publish","type":"post","link":"https:\/\/tuzlainfo.ba\/index.php\/bosna-i-hercegovina\/item\/215361-dodik-poziva-u-pomoc-hns-u-borbi-protiv-presuda-evropskog-suda-u-strasburu\/","title":{"rendered":"Dodik poziva u pomo\u0107 HNS u borbi protiv presuda Evropskog suda u Strasburu"},"content":{"rendered":"<p>Milorad Dodik, predsjednik entiteta RS rekao je da sumnjiva i spekulativna presuda navodnog\/fantomskog suda u Strazburu nije legalna, te da presuda ima za cilj da se obra\u010duna sa konstitutivno\u0161\u0107u naroda i u cjelosti odbaci dijelove Dejtonskog mirovnog sporazuma.<\/p>\n<p>Dodik je najavio da \u0107e predlo\u017eiti da Narodna skup\u0161tina RS usvoji odluke koji odbacuju sve preporuke Evropskog suda za ljudska prava iz Strazbura po pitanju presude u slu\u010daju \u201cSlaven Kova\u010devi\u0107 protiv BiH\u201c te da \u0107e tra\u017eiti da Narodna skup\u0161tina odbaci \u201covo sme\u0107e od preporuka\u201c.<\/p>\n<p>\u201cTu su vi\u0161e preporuke nego obavezuju\u0107a stvar. To su stvari koje podrivaju BiH i mislim da oni nisu ni svjesni da to zaustavlja BIH u procesima ka EU\u201c, kazao je Dodik.<\/p>\n<p>On je istakao da ovim potezima propadju svi napori da se sa\u010duva Dejton, te da se radi o diletantskim igrama od strane ljudi koji su donijelu spornu presudu.<\/p>\n<p>\u201cOni sada kreiraju novo stanje da nametnu ne\u0161to obavezuju\u0107im. BiH ne mo\u017ee opstati na gra\u0111anskom principu. To nije mogla ni Jugoslavija, ni Belgija sada. Ovo za Srpsku nije iznena\u0111enje. Mi nismo iznena\u0111eni ovim pona\u0161anjem i inicira\u0107emo sjednicu Narodne skup\u0161tine RS koja \u0107e se odr\u017eati u skorije vrijeme. Drago mi je da su srpski predstavnici energi\u010dno odbacili ovakvu presudu, koja je samo trajno podijelila BIH\u201c, naveo je Dodik, te dodao:<\/p>\n<p>\u201cNa sjednici treba da se potvrdi da je presuda lo\u0161a i da je grupa sudija oti\u0161la van okvira svog djelovanja dono\u0161enjem ovakve kvazi odluke. Predlo\u017ei\u0107u da NS RS odbaci preporuke ovog suda. Ovo je pravno nedopustiva i sistemski razaraju\u0107a odluka. Predlo\u017ei\u0107u da NS predlo\u017ei organima BiH da se odluka proglasi ni\u0161tavnom i to \u0107emo mi odmah predlo\u017eiti na sjednici Doma naroda BiH, da se to odbaci kao sme\u0107e\u201c.<\/p>\n<p>Predsjednik Republike Srpske tako\u0111e je naveo da \u0107e poku\u0161ati odbraniti konstitutivnost naroda u BIH zajedno sa predstavnicima hrvatskog naroda.<\/p>\n<p>\u201cPredlo\u017ei\u0107emo da zajedno sa Hrvatskim narodnim saborom izradimo koncept odbrane konstitutivnosti naroda. Sad se vidjelo ko ru\u0161i a ko brani Dejton. Svako potezanje ove pri\u010de BiH \u0107e jo\u0161 vi\u0161e udaljiti od EU\u201c, istakao je Dodik.<\/p>\n","protected":false},"excerpt":{"rendered":"<p>Milorad Dodik, predsjednik entiteta RS rekao je da sumnjiva i spekulativna presuda navodnog\/fantomskog suda u&hellip;<\/p>\n","protected":false},"author":2,"featured_media":145494,"comment_status":"open","ping_status":"closed","sticky":false,"template":"","format":"standard","meta":{"_acf_changed":false,"footnotes":""},"categories":[291],"tags":[7364,1507,535],"acf":[],"yoast_head":"<!-- This site is optimized with the Yoast SEO plugin v23.5 - https:\/\/yoast.com\/wordpress\/plugins\/seo\/ -->\n<title>Dodik poziva u pomo\u0107 HNS u borbi protiv presuda Evropskog suda u Strasburu - TuzlaInfo.ba<\/title>\n<meta name=\"robots\" content=\"index, follow, max-snippet:-1, max-image-preview:large, max-video-preview:-1\" \/>\n<link rel=\"canonical\" href=\"https:\/\/tuzlainfo.ba\/index.php\/bosna-i-hercegovina\/item\/215361-dodik-poziva-u-pomoc-hns-u-borbi-protiv-presuda-evropskog-suda-u-strasburu\/\" \/>\n<meta property=\"og:locale\" content=\"bs_BA\" \/>\n<meta property=\"og:type\" content=\"article\" \/>\n<meta property=\"og:title\" content=\"Dodik poziva u pomo\u0107 HNS u borbi protiv presuda Evropskog suda u Strasburu - TuzlaInfo.ba\" \/>\n<meta property=\"og:description\" content=\"Milorad Dodik, predsjednik entiteta RS rekao je da sumnjiva i spekulativna presuda navodnog\/fantomskog suda u&hellip;\" \/>\n<meta property=\"og:url\" content=\"https:\/\/tuzlainfo.ba\/index.php\/bosna-i-hercegovina\/item\/215361-dodik-poziva-u-pomoc-hns-u-borbi-protiv-presuda-evropskog-suda-u-strasburu\/\" \/>\n<meta property=\"og:site_name\" content=\"TuzlaInfo.ba\" \/>\n<meta property=\"article:publisher\" content=\"https:\/\/www.facebook.com\/tuzlainfo.ba\/\" \/>\n<meta property=\"article:published_time\" content=\"2023-08-30T16:08:35+00:00\" \/>\n<meta property=\"og:image\" content=\"https:\/\/tuzlainfo.ba\/wp-content\/uploads\/2021\/08\/2008_covic_dodik.jpg\" \/>\n\t<meta property=\"og:image:width\" content=\"1179\" \/>\n\t<meta property=\"og:image:height\" content=\"793\" \/>\n\t<meta property=\"og:image:type\" content=\"image\/jpeg\" \/>\n<meta name=\"author\" content=\"nedim\" \/>\n<meta name=\"twitter:card\" content=\"summary_large_image\" \/>\n<meta name=\"twitter:label1\" content=\"Written by\" \/>\n\t<meta name=\"twitter:data1\" content=\"nedim\" \/>\n\t<meta name=\"twitter:label2\" content=\"Est. reading time\" \/>\n\t<meta name=\"twitter:data2\" content=\"2 minute\" \/>\n<script type=\"application\/ld+json\" class=\"yoast-schema-graph\">{\"@context\":\"https:\/\/schema.org\",\"@graph\":[{\"@type\":\"Article\",\"@id\":\"https:\/\/tuzlainfo.ba\/index.php\/bosna-i-hercegovina\/item\/215361-dodik-poziva-u-pomoc-hns-u-borbi-protiv-presuda-evropskog-suda-u-strasburu\/#article\",\"isPartOf\":{\"@id\":\"https:\/\/tuzlainfo.ba\/index.php\/bosna-i-hercegovina\/item\/215361-dodik-poziva-u-pomoc-hns-u-borbi-protiv-presuda-evropskog-suda-u-strasburu\/\"},\"author\":{\"name\":\"nedim\",\"@id\":\"https:\/\/tuzlainfo.ba\/#\/schema\/person\/f434e20dc27ea133923aab08451b7f7f\"},\"headline\":\"Dodik poziva u pomo\u0107 HNS u borbi protiv presuda Evropskog suda u Strasburu\",\"datePublished\":\"2023-08-30T16:08:35+00:00\",\"dateModified\":\"2023-08-30T16:08:35+00:00\",\"mainEntityOfPage\":{\"@id\":\"https:\/\/tuzlainfo.ba\/index.php\/bosna-i-hercegovina\/item\/215361-dodik-poziva-u-pomoc-hns-u-borbi-protiv-presuda-evropskog-suda-u-strasburu\/\"},\"wordCount\":388,\"commentCount\":0,\"publisher\":{\"@id\":\"https:\/\/tuzlainfo.ba\/#organization\"},\"image\":{\"@id\":\"https:\/\/tuzlainfo.ba\/index.php\/bosna-i-hercegovina\/item\/215361-dodik-poziva-u-pomoc-hns-u-borbi-protiv-presuda-evropskog-suda-u-strasburu\/#primaryimage\"},\"thumbnailUrl\":\"https:\/\/tuzlainfo.ba\/wp-content\/uploads\/2021\/08\/2008_covic_dodik.jpg\",\"keywords\":[\"Evropski sud za ljudska prava\",\"HNS\",\"milorad dodik\"],\"articleSection\":[\"Bosna i Hercegovina\"],\"inLanguage\":\"bs-BA\"},{\"@type\":\"WebPage\",\"@id\":\"https:\/\/tuzlainfo.ba\/index.php\/bosna-i-hercegovina\/item\/215361-dodik-poziva-u-pomoc-hns-u-borbi-protiv-presuda-evropskog-suda-u-strasburu\/\",\"url\":\"https:\/\/tuzlainfo.ba\/index.php\/bosna-i-hercegovina\/item\/215361-dodik-poziva-u-pomoc-hns-u-borbi-protiv-presuda-evropskog-suda-u-strasburu\/\",\"name\":\"Dodik poziva u pomo\u0107 HNS u borbi protiv presuda Evropskog suda u Strasburu - TuzlaInfo.ba\",\"isPartOf\":{\"@id\":\"https:\/\/tuzlainfo.ba\/#website\"},\"primaryImageOfPage\":{\"@id\":\"https:\/\/tuzlainfo.ba\/index.php\/bosna-i-hercegovina\/item\/215361-dodik-poziva-u-pomoc-hns-u-borbi-protiv-presuda-evropskog-suda-u-strasburu\/#primaryimage\"},\"image\":{\"@id\":\"https:\/\/tuzlainfo.ba\/index.php\/bosna-i-hercegovina\/item\/215361-dodik-poziva-u-pomoc-hns-u-borbi-protiv-presuda-evropskog-suda-u-strasburu\/#primaryimage\"},\"thumbnailUrl\":\"https:\/\/tuzlainfo.ba\/wp-content\/uploads\/2021\/08\/2008_covic_dodik.jpg\",\"datePublished\":\"2023-08-30T16:08:35+00:00\",\"dateModified\":\"2023-08-30T16:08:35+00:00\",\"breadcrumb\":{\"@id\":\"https:\/\/tuzlainfo.ba\/index.php\/bosna-i-hercegovina\/item\/215361-dodik-poziva-u-pomoc-hns-u-borbi-protiv-presuda-evropskog-suda-u-strasburu\/#breadcrumb\"},\"inLanguage\":\"bs-BA\",\"potentialAction\":[{\"@type\":\"ReadAction\",\"target\":[\"https:\/\/tuzlainfo.ba\/index.php\/bosna-i-hercegovina\/item\/215361-dodik-poziva-u-pomoc-hns-u-borbi-protiv-presuda-evropskog-suda-u-strasburu\/\"]}]},{\"@type\":\"ImageObject\",\"inLanguage\":\"bs-BA\",\"@id\":\"https:\/\/tuzlainfo.ba\/index.php\/bosna-i-hercegovina\/item\/215361-dodik-poziva-u-pomoc-hns-u-borbi-protiv-presuda-evropskog-suda-u-strasburu\/#primaryimage\",\"url\":\"https:\/\/tuzlainfo.ba\/wp-content\/uploads\/2021\/08\/2008_covic_dodik.jpg\",\"contentUrl\":\"https:\/\/tuzlainfo.ba\/wp-content\/uploads\/2021\/08\/2008_covic_dodik.jpg\",\"width\":1179,\"height\":793},{\"@type\":\"BreadcrumbList\",\"@id\":\"https:\/\/tuzlainfo.ba\/index.php\/bosna-i-hercegovina\/item\/215361-dodik-poziva-u-pomoc-hns-u-borbi-protiv-presuda-evropskog-suda-u-strasburu\/#breadcrumb\",\"itemListElement\":[{\"@type\":\"ListItem\",\"position\":1,\"name\":\"Home\",\"item\":\"https:\/\/tuzlainfo.ba\/\"},{\"@type\":\"ListItem\",\"position\":2,\"name\":\"Dodik poziva u pomo\u0107 HNS u borbi protiv presuda Evropskog suda u Strasburu\"}]},{\"@type\":\"WebSite\",\"@id\":\"https:\/\/tuzlainfo.ba\/#website\",\"url\":\"https:\/\/tuzlainfo.ba\/\",\"name\":\"TuzlaInfo.ba\",\"description\":\"Tuzla info, gradski informator - Tuzla na dlanu\",\"publisher\":{\"@id\":\"https:\/\/tuzlainfo.ba\/#organization\"},\"potentialAction\":[{\"@type\":\"SearchAction\",\"target\":{\"@type\":\"EntryPoint\",\"urlTemplate\":\"https:\/\/tuzlainfo.ba\/?s={search_term_string}\"},\"query-input\":{\"@type\":\"PropertyValueSpecification\",\"valueRequired\":true,\"valueName\":\"search_term_string\"}}],\"inLanguage\":\"bs-BA\"},{\"@type\":\"Organization\",\"@id\":\"https:\/\/tuzlainfo.ba\/#organization\",\"name\":\"TuzlaInfo.ba\",\"url\":\"https:\/\/tuzlainfo.ba\/\",\"logo\":{\"@type\":\"ImageObject\",\"inLanguage\":\"bs-BA\",\"@id\":\"https:\/\/tuzlainfo.ba\/#\/schema\/logo\/image\/\",\"url\":\"https:\/\/tuzlainfo.ba\/wp-content\/uploads\/2021\/03\/logo-ver-3-1.png\",\"contentUrl\":\"https:\/\/tuzlainfo.ba\/wp-content\/uploads\/2021\/03\/logo-ver-3-1.png\",\"width\":350,\"height\":95,\"caption\":\"TuzlaInfo.ba\"},\"image\":{\"@id\":\"https:\/\/tuzlainfo.ba\/#\/schema\/logo\/image\/\"},\"sameAs\":[\"https:\/\/www.facebook.com\/tuzlainfo.ba\/\"]},{\"@type\":\"Person\",\"@id\":\"https:\/\/tuzlainfo.ba\/#\/schema\/person\/f434e20dc27ea133923aab08451b7f7f\",\"name\":\"nedim\",\"image\":{\"@type\":\"ImageObject\",\"inLanguage\":\"bs-BA\",\"@id\":\"https:\/\/tuzlainfo.ba\/#\/schema\/person\/image\/\",\"url\":\"https:\/\/tuzlainfo.ba\/wp-content\/litespeed\/avatar\/aabad687af24844af817603ac1cbdc4f.jpg?ver=1777306975\",\"contentUrl\":\"https:\/\/tuzlainfo.ba\/wp-content\/litespeed\/avatar\/aabad687af24844af817603ac1cbdc4f.jpg?ver=1777306975\",\"caption\":\"nedim\"},\"description\":\"Tuzlainfo.ba pratite na dru\u0161tvenim mre\u017eama: Facebook, Instagram i Youtube. Svoje pri\u010de, upite i fotografije \u0161aljite na na\u0161u e-mail adresu.\"}]}<\/script>\n<!-- \/ Yoast SEO plugin. -->","yoast_head_json":{"title":"Dodik poziva u pomo\u0107 HNS u borbi protiv presuda Evropskog suda u Strasburu - TuzlaInfo.ba","robots":{"index":"index","follow":"follow","max-snippet":"max-snippet:-1","max-image-preview":"max-image-preview:large","max-video-preview":"max-video-preview:-1"},"canonical":"https:\/\/tuzlainfo.ba\/index.php\/bosna-i-hercegovina\/item\/215361-dodik-poziva-u-pomoc-hns-u-borbi-protiv-presuda-evropskog-suda-u-strasburu\/","og_locale":"bs_BA","og_type":"article","og_title":"Dodik poziva u pomo\u0107 HNS u borbi protiv presuda Evropskog suda u Strasburu - TuzlaInfo.ba","og_description":"Milorad Dodik, predsjednik entiteta RS rekao je da sumnjiva i spekulativna presuda navodnog\/fantomskog suda u&hellip;","og_url":"https:\/\/tuzlainfo.ba\/index.php\/bosna-i-hercegovina\/item\/215361-dodik-poziva-u-pomoc-hns-u-borbi-protiv-presuda-evropskog-suda-u-strasburu\/","og_site_name":"TuzlaInfo.ba","article_publisher":"https:\/\/www.facebook.com\/tuzlainfo.ba\/","article_published_time":"2023-08-30T16:08:35+00:00","og_image":[{"width":1179,"height":793,"url":"https:\/\/tuzlainfo.ba\/wp-content\/uploads\/2021\/08\/2008_covic_dodik.jpg","type":"image\/jpeg"}],"author":"nedim","twitter_card":"summary_large_image","twitter_misc":{"Written by":"nedim","Est. reading time":"2 minute"},"schema":{"@context":"https:\/\/schema.org","@graph":[{"@type":"Article","@id":"https:\/\/tuzlainfo.ba\/index.php\/bosna-i-hercegovina\/item\/215361-dodik-poziva-u-pomoc-hns-u-borbi-protiv-presuda-evropskog-suda-u-strasburu\/#article","isPartOf":{"@id":"https:\/\/tuzlainfo.ba\/index.php\/bosna-i-hercegovina\/item\/215361-dodik-poziva-u-pomoc-hns-u-borbi-protiv-presuda-evropskog-suda-u-strasburu\/"},"author":{"name":"nedim","@id":"https:\/\/tuzlainfo.ba\/#\/schema\/person\/f434e20dc27ea133923aab08451b7f7f"},"headline":"Dodik poziva u pomo\u0107 HNS u borbi protiv presuda Evropskog suda u Strasburu","datePublished":"2023-08-30T16:08:35+00:00","dateModified":"2023-08-30T16:08:35+00:00","mainEntityOfPage":{"@id":"https:\/\/tuzlainfo.ba\/index.php\/bosna-i-hercegovina\/item\/215361-dodik-poziva-u-pomoc-hns-u-borbi-protiv-presuda-evropskog-suda-u-strasburu\/"},"wordCount":388,"commentCount":0,"publisher":{"@id":"https:\/\/tuzlainfo.ba\/#organization"},"image":{"@id":"https:\/\/tuzlainfo.ba\/index.php\/bosna-i-hercegovina\/item\/215361-dodik-poziva-u-pomoc-hns-u-borbi-protiv-presuda-evropskog-suda-u-strasburu\/#primaryimage"},"thumbnailUrl":"https:\/\/tuzlainfo.ba\/wp-content\/uploads\/2021\/08\/2008_covic_dodik.jpg","keywords":["Evropski sud za ljudska prava","HNS","milorad dodik"],"articleSection":["Bosna i Hercegovina"],"inLanguage":"bs-BA"},{"@type":"WebPage","@id":"https:\/\/tuzlainfo.ba\/index.php\/bosna-i-hercegovina\/item\/215361-dodik-poziva-u-pomoc-hns-u-borbi-protiv-presuda-evropskog-suda-u-strasburu\/","url":"https:\/\/tuzlainfo.ba\/index.php\/bosna-i-hercegovina\/item\/215361-dodik-poziva-u-pomoc-hns-u-borbi-protiv-presuda-evropskog-suda-u-strasburu\/","name":"Dodik poziva u pomo\u0107 HNS u borbi protiv presuda Evropskog suda u Strasburu - TuzlaInfo.ba","isPartOf":{"@id":"https:\/\/tuzlainfo.ba\/#website"},"primaryImageOfPage":{"@id":"https:\/\/tuzlainfo.ba\/index.php\/bosna-i-hercegovina\/item\/215361-dodik-poziva-u-pomoc-hns-u-borbi-protiv-presuda-evropskog-suda-u-strasburu\/#primaryimage"},"image":{"@id":"https:\/\/tuzlainfo.ba\/index.php\/bosna-i-hercegovina\/item\/215361-dodik-poziva-u-pomoc-hns-u-borbi-protiv-presuda-evropskog-suda-u-strasburu\/#primaryimage"},"thumbnailUrl":"https:\/\/tuzlainfo.ba\/wp-content\/uploads\/2021\/08\/2008_covic_dodik.jpg","datePublished":"2023-08-30T16:08:35+00:00","dateModified":"2023-08-30T16:08:35+00:00","breadcrumb":{"@id":"https:\/\/tuzlainfo.ba\/index.php\/bosna-i-hercegovina\/item\/215361-dodik-poziva-u-pomoc-hns-u-borbi-protiv-presuda-evropskog-suda-u-strasburu\/#breadcrumb"},"inLanguage":"bs-BA","potentialAction":[{"@type":"ReadAction","target":["https:\/\/tuzlainfo.ba\/index.php\/bosna-i-hercegovina\/item\/215361-dodik-poziva-u-pomoc-hns-u-borbi-protiv-presuda-evropskog-suda-u-strasburu\/"]}]},{"@type":"ImageObject","inLanguage":"bs-BA","@id":"https:\/\/tuzlainfo.ba\/index.php\/bosna-i-hercegovina\/item\/215361-dodik-poziva-u-pomoc-hns-u-borbi-protiv-presuda-evropskog-suda-u-strasburu\/#primaryimage","url":"https:\/\/tuzlainfo.ba\/wp-content\/uploads\/2021\/08\/2008_covic_dodik.jpg","contentUrl":"https:\/\/tuzlainfo.ba\/wp-content\/uploads\/2021\/08\/2008_covic_dodik.jpg","width":1179,"height":793},{"@type":"BreadcrumbList","@id":"https:\/\/tuzlainfo.ba\/index.php\/bosna-i-hercegovina\/item\/215361-dodik-poziva-u-pomoc-hns-u-borbi-protiv-presuda-evropskog-suda-u-strasburu\/#breadcrumb","itemListElement":[{"@type":"ListItem","position":1,"name":"Home","item":"https:\/\/tuzlainfo.ba\/"},{"@type":"ListItem","position":2,"name":"Dodik poziva u pomo\u0107 HNS u borbi protiv presuda Evropskog suda u Strasburu"}]},{"@type":"WebSite","@id":"https:\/\/tuzlainfo.ba\/#website","url":"https:\/\/tuzlainfo.ba\/","name":"TuzlaInfo.ba","description":"Tuzla info, gradski informator - Tuzla na dlanu","publisher":{"@id":"https:\/\/tuzlainfo.ba\/#organization"},"potentialAction":[{"@type":"SearchAction","target":{"@type":"EntryPoint","urlTemplate":"https:\/\/tuzlainfo.ba\/?s={search_term_string}"},"query-input":{"@type":"PropertyValueSpecification","valueRequired":true,"valueName":"search_term_string"}}],"inLanguage":"bs-BA"},{"@type":"Organization","@id":"https:\/\/tuzlainfo.ba\/#organization","name":"TuzlaInfo.ba","url":"https:\/\/tuzlainfo.ba\/","logo":{"@type":"ImageObject","inLanguage":"bs-BA","@id":"https:\/\/tuzlainfo.ba\/#\/schema\/logo\/image\/","url":"https:\/\/tuzlainfo.ba\/wp-content\/uploads\/2021\/03\/logo-ver-3-1.png","contentUrl":"https:\/\/tuzlainfo.ba\/wp-content\/uploads\/2021\/03\/logo-ver-3-1.png","width":350,"height":95,"caption":"TuzlaInfo.ba"},"image":{"@id":"https:\/\/tuzlainfo.ba\/#\/schema\/logo\/image\/"},"sameAs":["https:\/\/www.facebook.com\/tuzlainfo.ba\/"]},{"@type":"Person","@id":"https:\/\/tuzlainfo.ba\/#\/schema\/person\/f434e20dc27ea133923aab08451b7f7f","name":"nedim","image":{"@type":"ImageObject","inLanguage":"bs-BA","@id":"https:\/\/tuzlainfo.ba\/#\/schema\/person\/image\/","url":"https:\/\/tuzlainfo.ba\/wp-content\/litespeed\/avatar\/aabad687af24844af817603ac1cbdc4f.jpg?ver=1777306975","contentUrl":"https:\/\/tuzlainfo.ba\/wp-content\/litespeed\/avatar\/aabad687af24844af817603ac1cbdc4f.jpg?ver=1777306975","caption":"nedim"},"description":"Tuzlainfo.ba pratite na dru\u0161tvenim mre\u017eama: Facebook, Instagram i Youtube. Svoje pri\u010de, upite i fotografije \u0161aljite na na\u0161u e-mail adresu."}]}},"_links":{"self":[{"href":"https:\/\/tuzlainfo.ba\/index.php\/wp-json\/wp\/v2\/posts\/215361"}],"collection":[{"href":"https:\/\/tuzlainfo.ba\/index.php\/wp-json\/wp\/v2\/posts"}],"about":[{"href":"https:\/\/tuzlainfo.ba\/index.php\/wp-json\/wp\/v2\/types\/post"}],"author":[{"embeddable":true,"href":"https:\/\/tuzlainfo.ba\/index.php\/wp-json\/wp\/v2\/users\/2"}],"replies":[{"embeddable":true,"href":"https:\/\/tuzlainfo.ba\/index.php\/wp-json\/wp\/v2\/comments?post=215361"}],"version-history":[{"count":0,"href":"https:\/\/tuzlainfo.ba\/index.php\/wp-json\/wp\/v2\/posts\/215361\/revisions"}],"wp:featuredmedia":[{"embeddable":true,"href":"https:\/\/tuzlainfo.ba\/index.php\/wp-json\/wp\/v2\/media\/145494"}],"wp:attachment":[{"href":"https:\/\/tuzlainfo.ba\/index.php\/wp-json\/wp\/v2\/media?parent=215361"}],"wp:term":[{"taxonomy":"category","embeddable":true,"href":"https:\/\/tuzlainfo.ba\/index.php\/wp-json\/wp\/v2\/categories?post=215361"},{"taxonomy":"post_tag","embeddable":true,"href":"https:\/\/tuzlainfo.ba\/index.php\/wp-json\/wp\/v2\/tags?post=215361"}],"curies":[{"name":"wp","href":"https:\/\/api.w.org\/{rel}","templated":true}]}}