{"id":215344,"date":"2023-08-30T17:02:32","date_gmt":"2023-08-30T15:02:32","guid":{"rendered":"https:\/\/tuzlainfo.ba\/?p=215344"},"modified":"2023-08-30T14:38:13","modified_gmt":"2023-08-30T12:38:13","slug":"mjestani-plana-zele-prikljucenje-na-gradsko-grijanje-pokrecu-inicijativu-prema-gradskom-vijecu-tuzla","status":"publish","type":"post","link":"https:\/\/tuzlainfo.ba\/index.php\/novosti\/item\/215344-mjestani-plana-zele-prikljucenje-na-gradsko-grijanje-pokrecu-inicijativu-prema-gradskom-vijecu-tuzla\/","title":{"rendered":"Mje\u0161tani Plana \u017eele priklju\u010denje na gradsko grijanje, pokre\u0107u inicijativu prema Gradskom vije\u0107u Tuzla"},"content":{"rendered":"<p>Iako su dio Mjesne zajednici \u0160i\u0107ki Brod koja je direktno izlo\u017eena \u0161tetnom djelovanju Termoelektrane Tuzla, naselje Plane za razliku od naselja \u0160i\u0107ki Brod nije toplifikovano. Plane se ne nalaze ni u planiranim zonama toplifikacije na koje \u0107e se grijanje \u0161iriti u narednom periodu.<\/p>\n<p>Kako bi to promijenili i dobili centralno grijanje mje\u0161tani Plana su se samoorganizovali i pokrenuli u akciji za priklju\u010denje na mre\u017eu centralnog grijanja. Sino\u0107 je u Planama u organizaciji mje\u0161tana odr\u017ean zbor gra\u0111ana kao formalna aktivnost u pokretanju gra\u0111anske inicijative za pro\u0161irenje zona toplifikacije na Plane.<\/p>\n<p>Zbor je organizirao Savjet mjesne zajednice \u0160i\u0107ki Brod. Vo\u0111en je zapisnik, a na kraju zbora gra\u0111ani su jednoglasno usvojili zaklju\u010dke o prikupljanju potpisa i formiranju radne grupe za provo\u0111enje aktivnosti.<\/p>\n<p>Cilj gra\u0111ana je prikupiti 10 posto potpisa gra\u0111ana ove mjesne zajednice i predati ih Gradskom vije\u0107u Tuzla. Time bi Gradsko vije\u0107e u skladu sa zakonom bilo prisiljeno sazvati posebnu sjednicu o ovom pitanju na kojoj mje\u0161tani Plana \u017eele da se zone toplifikacije pro\u0161ire i na njihovo naselje.<\/p>\n<p>Na zboru su mje\u0161tani istakli kako se osje\u0107aju zapostavljeno te kao gra\u0111ani drugog reda jer \u017eive neposredno uz termoelektranu, najugro\u017eeniji su njenim radom, a nemaju centralno grijanje.\u00a0 Izrazili su optimizam da \u0107e njihovi zahtjevi biti usvojeni. U suprotnom su najavili mirne proteste ispred Gradske uprave Tuzla.<\/p>\n<p>Prikupljanje potpisa zapo\u010deto je odmah, gra\u0111ani su dogovorili rokove, izabrali radnu grupu i zadu\u017eili Savjet mjesne zajednice da ih pismenim putem informi\u0161e o provedenim aktivnostima kako bi se akcija nastavila i provela do kraja.<\/p>\n<p>Zbor u Planama spontano je proiza\u0161ao iz aktivnosti Udru\u017eenja gra\u0111ana Front slobode koje je do sada na podru\u010dju Grada Tuzla organiziralo devet zborova gra\u0111ana o komunalnim problemima. Potaknuti zborom u \u0160i\u0107kom Brodu koji je organizirao Front Slobode, mje\u0161tani Plana su se samoorganizovali i odlu\u010dili pokrenuti gra\u0111ansku inicijativu u \u010demu su im aktivisti Fronta slobode pru\u017eili potrebnu administrativnu podr\u0161ku, saop\u0161teno je iz Fronta slobode.<\/p>\n","protected":false},"excerpt":{"rendered":"<p>Iako su dio Mjesne zajednici \u0160i\u0107ki Brod koja je direktno izlo\u017eena \u0161tetnom djelovanju Termoelektrane Tuzla,&hellip;<\/p>\n","protected":false},"author":2,"featured_media":215345,"comment_status":"open","ping_status":"closed","sticky":false,"template":"","format":"standard","meta":{"_acf_changed":false,"footnotes":""},"categories":[304,12],"tags":[2902,8105,1827,5742],"acf":[],"yoast_head":"<!-- This site is optimized with the Yoast SEO plugin v23.5 - https:\/\/yoast.com\/wordpress\/plugins\/seo\/ -->\n<title>Mje\u0161tani Plana \u017eele priklju\u010denje na gradsko grijanje, pokre\u0107u inicijativu prema Gradskom vije\u0107u Tuzla - TuzlaInfo.ba<\/title>\n<meta name=\"robots\" content=\"index, follow, max-snippet:-1, max-image-preview:large, max-video-preview:-1\" \/>\n<link rel=\"canonical\" href=\"https:\/\/tuzlainfo.ba\/index.php\/novosti\/item\/215344-mjestani-plana-zele-prikljucenje-na-gradsko-grijanje-pokrecu-inicijativu-prema-gradskom-vijecu-tuzla\/\" \/>\n<meta property=\"og:locale\" content=\"bs_BA\" \/>\n<meta property=\"og:type\" content=\"article\" \/>\n<meta property=\"og:title\" content=\"Mje\u0161tani Plana \u017eele priklju\u010denje na gradsko grijanje, pokre\u0107u inicijativu prema Gradskom vije\u0107u Tuzla - TuzlaInfo.ba\" \/>\n<meta property=\"og:description\" content=\"Iako su dio Mjesne zajednici \u0160i\u0107ki Brod koja je direktno izlo\u017eena \u0161tetnom djelovanju Termoelektrane Tuzla,&hellip;\" \/>\n<meta property=\"og:url\" content=\"https:\/\/tuzlainfo.ba\/index.php\/novosti\/item\/215344-mjestani-plana-zele-prikljucenje-na-gradsko-grijanje-pokrecu-inicijativu-prema-gradskom-vijecu-tuzla\/\" \/>\n<meta property=\"og:site_name\" content=\"TuzlaInfo.ba\" \/>\n<meta property=\"article:publisher\" content=\"https:\/\/www.facebook.com\/tuzlainfo.ba\/\" \/>\n<meta property=\"article:published_time\" content=\"2023-08-30T15:02:32+00:00\" \/>\n<meta property=\"article:modified_time\" content=\"2023-08-30T12:38:13+00:00\" \/>\n<meta property=\"og:image\" content=\"https:\/\/tuzlainfo.ba\/wp-content\/uploads\/2023\/08\/3008_zbor_plane.jpg\" \/>\n\t<meta property=\"og:image:width\" content=\"1000\" \/>\n\t<meta property=\"og:image:height\" content=\"750\" \/>\n\t<meta property=\"og:image:type\" content=\"image\/jpeg\" \/>\n<meta name=\"author\" content=\"nedim\" \/>\n<meta name=\"twitter:card\" content=\"summary_large_image\" \/>\n<meta name=\"twitter:label1\" content=\"Written by\" \/>\n\t<meta name=\"twitter:data1\" content=\"nedim\" \/>\n\t<meta name=\"twitter:label2\" content=\"Est. reading time\" \/>\n\t<meta name=\"twitter:data2\" content=\"2 minute\" \/>\n<script type=\"application\/ld+json\" class=\"yoast-schema-graph\">{\"@context\":\"https:\/\/schema.org\",\"@graph\":[{\"@type\":\"Article\",\"@id\":\"https:\/\/tuzlainfo.ba\/index.php\/novosti\/item\/215344-mjestani-plana-zele-prikljucenje-na-gradsko-grijanje-pokrecu-inicijativu-prema-gradskom-vijecu-tuzla\/#article\",\"isPartOf\":{\"@id\":\"https:\/\/tuzlainfo.ba\/index.php\/novosti\/item\/215344-mjestani-plana-zele-prikljucenje-na-gradsko-grijanje-pokrecu-inicijativu-prema-gradskom-vijecu-tuzla\/\"},\"author\":{\"name\":\"nedim\",\"@id\":\"https:\/\/tuzlainfo.ba\/#\/schema\/person\/f434e20dc27ea133923aab08451b7f7f\"},\"headline\":\"Mje\u0161tani Plana \u017eele priklju\u010denje na gradsko grijanje, pokre\u0107u inicijativu prema Gradskom vije\u0107u Tuzla\",\"datePublished\":\"2023-08-30T15:02:32+00:00\",\"dateModified\":\"2023-08-30T12:38:13+00:00\",\"mainEntityOfPage\":{\"@id\":\"https:\/\/tuzlainfo.ba\/index.php\/novosti\/item\/215344-mjestani-plana-zele-prikljucenje-na-gradsko-grijanje-pokrecu-inicijativu-prema-gradskom-vijecu-tuzla\/\"},\"wordCount\":367,\"commentCount\":0,\"publisher\":{\"@id\":\"https:\/\/tuzlainfo.ba\/#organization\"},\"image\":{\"@id\":\"https:\/\/tuzlainfo.ba\/index.php\/novosti\/item\/215344-mjestani-plana-zele-prikljucenje-na-gradsko-grijanje-pokrecu-inicijativu-prema-gradskom-vijecu-tuzla\/#primaryimage\"},\"thumbnailUrl\":\"https:\/\/tuzlainfo.ba\/wp-content\/uploads\/2023\/08\/3008_zbor_plane.jpg\",\"keywords\":[\"grijanje tuzla\",\"plane\",\"toplifikacija\",\"zbor gra\u0111ana\"],\"articleSection\":[\"Istaknuto\",\"Novosti\"],\"inLanguage\":\"bs-BA\"},{\"@type\":\"WebPage\",\"@id\":\"https:\/\/tuzlainfo.ba\/index.php\/novosti\/item\/215344-mjestani-plana-zele-prikljucenje-na-gradsko-grijanje-pokrecu-inicijativu-prema-gradskom-vijecu-tuzla\/\",\"url\":\"https:\/\/tuzlainfo.ba\/index.php\/novosti\/item\/215344-mjestani-plana-zele-prikljucenje-na-gradsko-grijanje-pokrecu-inicijativu-prema-gradskom-vijecu-tuzla\/\",\"name\":\"Mje\u0161tani Plana \u017eele priklju\u010denje na gradsko grijanje, pokre\u0107u inicijativu prema Gradskom vije\u0107u Tuzla - TuzlaInfo.ba\",\"isPartOf\":{\"@id\":\"https:\/\/tuzlainfo.ba\/#website\"},\"primaryImageOfPage\":{\"@id\":\"https:\/\/tuzlainfo.ba\/index.php\/novosti\/item\/215344-mjestani-plana-zele-prikljucenje-na-gradsko-grijanje-pokrecu-inicijativu-prema-gradskom-vijecu-tuzla\/#primaryimage\"},\"image\":{\"@id\":\"https:\/\/tuzlainfo.ba\/index.php\/novosti\/item\/215344-mjestani-plana-zele-prikljucenje-na-gradsko-grijanje-pokrecu-inicijativu-prema-gradskom-vijecu-tuzla\/#primaryimage\"},\"thumbnailUrl\":\"https:\/\/tuzlainfo.ba\/wp-content\/uploads\/2023\/08\/3008_zbor_plane.jpg\",\"datePublished\":\"2023-08-30T15:02:32+00:00\",\"dateModified\":\"2023-08-30T12:38:13+00:00\",\"breadcrumb\":{\"@id\":\"https:\/\/tuzlainfo.ba\/index.php\/novosti\/item\/215344-mjestani-plana-zele-prikljucenje-na-gradsko-grijanje-pokrecu-inicijativu-prema-gradskom-vijecu-tuzla\/#breadcrumb\"},\"inLanguage\":\"bs-BA\",\"potentialAction\":[{\"@type\":\"ReadAction\",\"target\":[\"https:\/\/tuzlainfo.ba\/index.php\/novosti\/item\/215344-mjestani-plana-zele-prikljucenje-na-gradsko-grijanje-pokrecu-inicijativu-prema-gradskom-vijecu-tuzla\/\"]}]},{\"@type\":\"ImageObject\",\"inLanguage\":\"bs-BA\",\"@id\":\"https:\/\/tuzlainfo.ba\/index.php\/novosti\/item\/215344-mjestani-plana-zele-prikljucenje-na-gradsko-grijanje-pokrecu-inicijativu-prema-gradskom-vijecu-tuzla\/#primaryimage\",\"url\":\"https:\/\/tuzlainfo.ba\/wp-content\/uploads\/2023\/08\/3008_zbor_plane.jpg\",\"contentUrl\":\"https:\/\/tuzlainfo.ba\/wp-content\/uploads\/2023\/08\/3008_zbor_plane.jpg\",\"width\":1000,\"height\":750},{\"@type\":\"BreadcrumbList\",\"@id\":\"https:\/\/tuzlainfo.ba\/index.php\/novosti\/item\/215344-mjestani-plana-zele-prikljucenje-na-gradsko-grijanje-pokrecu-inicijativu-prema-gradskom-vijecu-tuzla\/#breadcrumb\",\"itemListElement\":[{\"@type\":\"ListItem\",\"position\":1,\"name\":\"Home\",\"item\":\"https:\/\/tuzlainfo.ba\/\"},{\"@type\":\"ListItem\",\"position\":2,\"name\":\"Mje\u0161tani Plana \u017eele priklju\u010denje na gradsko grijanje, pokre\u0107u inicijativu prema Gradskom vije\u0107u Tuzla\"}]},{\"@type\":\"WebSite\",\"@id\":\"https:\/\/tuzlainfo.ba\/#website\",\"url\":\"https:\/\/tuzlainfo.ba\/\",\"name\":\"TuzlaInfo.ba\",\"description\":\"Tuzla info, gradski informator - Tuzla na dlanu\",\"publisher\":{\"@id\":\"https:\/\/tuzlainfo.ba\/#organization\"},\"potentialAction\":[{\"@type\":\"SearchAction\",\"target\":{\"@type\":\"EntryPoint\",\"urlTemplate\":\"https:\/\/tuzlainfo.ba\/?s={search_term_string}\"},\"query-input\":{\"@type\":\"PropertyValueSpecification\",\"valueRequired\":true,\"valueName\":\"search_term_string\"}}],\"inLanguage\":\"bs-BA\"},{\"@type\":\"Organization\",\"@id\":\"https:\/\/tuzlainfo.ba\/#organization\",\"name\":\"TuzlaInfo.ba\",\"url\":\"https:\/\/tuzlainfo.ba\/\",\"logo\":{\"@type\":\"ImageObject\",\"inLanguage\":\"bs-BA\",\"@id\":\"https:\/\/tuzlainfo.ba\/#\/schema\/logo\/image\/\",\"url\":\"https:\/\/tuzlainfo.ba\/wp-content\/uploads\/2021\/03\/logo-ver-3-1.png\",\"contentUrl\":\"https:\/\/tuzlainfo.ba\/wp-content\/uploads\/2021\/03\/logo-ver-3-1.png\",\"width\":350,\"height\":95,\"caption\":\"TuzlaInfo.ba\"},\"image\":{\"@id\":\"https:\/\/tuzlainfo.ba\/#\/schema\/logo\/image\/\"},\"sameAs\":[\"https:\/\/www.facebook.com\/tuzlainfo.ba\/\"]},{\"@type\":\"Person\",\"@id\":\"https:\/\/tuzlainfo.ba\/#\/schema\/person\/f434e20dc27ea133923aab08451b7f7f\",\"name\":\"nedim\",\"image\":{\"@type\":\"ImageObject\",\"inLanguage\":\"bs-BA\",\"@id\":\"https:\/\/tuzlainfo.ba\/#\/schema\/person\/image\/\",\"url\":\"https:\/\/tuzlainfo.ba\/wp-content\/litespeed\/avatar\/aabad687af24844af817603ac1cbdc4f.jpg?ver=1777306975\",\"contentUrl\":\"https:\/\/tuzlainfo.ba\/wp-content\/litespeed\/avatar\/aabad687af24844af817603ac1cbdc4f.jpg?ver=1777306975\",\"caption\":\"nedim\"},\"description\":\"Tuzlainfo.ba pratite na dru\u0161tvenim mre\u017eama: Facebook, Instagram i Youtube. Svoje pri\u010de, upite i fotografije \u0161aljite na na\u0161u e-mail adresu.\"}]}<\/script>\n<!-- \/ Yoast SEO plugin. -->","yoast_head_json":{"title":"Mje\u0161tani Plana \u017eele priklju\u010denje na gradsko grijanje, pokre\u0107u inicijativu prema Gradskom vije\u0107u Tuzla - TuzlaInfo.ba","robots":{"index":"index","follow":"follow","max-snippet":"max-snippet:-1","max-image-preview":"max-image-preview:large","max-video-preview":"max-video-preview:-1"},"canonical":"https:\/\/tuzlainfo.ba\/index.php\/novosti\/item\/215344-mjestani-plana-zele-prikljucenje-na-gradsko-grijanje-pokrecu-inicijativu-prema-gradskom-vijecu-tuzla\/","og_locale":"bs_BA","og_type":"article","og_title":"Mje\u0161tani Plana \u017eele priklju\u010denje na gradsko grijanje, pokre\u0107u inicijativu prema Gradskom vije\u0107u Tuzla - TuzlaInfo.ba","og_description":"Iako su dio Mjesne zajednici \u0160i\u0107ki Brod koja je direktno izlo\u017eena \u0161tetnom djelovanju Termoelektrane Tuzla,&hellip;","og_url":"https:\/\/tuzlainfo.ba\/index.php\/novosti\/item\/215344-mjestani-plana-zele-prikljucenje-na-gradsko-grijanje-pokrecu-inicijativu-prema-gradskom-vijecu-tuzla\/","og_site_name":"TuzlaInfo.ba","article_publisher":"https:\/\/www.facebook.com\/tuzlainfo.ba\/","article_published_time":"2023-08-30T15:02:32+00:00","article_modified_time":"2023-08-30T12:38:13+00:00","og_image":[{"width":1000,"height":750,"url":"https:\/\/tuzlainfo.ba\/wp-content\/uploads\/2023\/08\/3008_zbor_plane.jpg","type":"image\/jpeg"}],"author":"nedim","twitter_card":"summary_large_image","twitter_misc":{"Written by":"nedim","Est. reading time":"2 minute"},"schema":{"@context":"https:\/\/schema.org","@graph":[{"@type":"Article","@id":"https:\/\/tuzlainfo.ba\/index.php\/novosti\/item\/215344-mjestani-plana-zele-prikljucenje-na-gradsko-grijanje-pokrecu-inicijativu-prema-gradskom-vijecu-tuzla\/#article","isPartOf":{"@id":"https:\/\/tuzlainfo.ba\/index.php\/novosti\/item\/215344-mjestani-plana-zele-prikljucenje-na-gradsko-grijanje-pokrecu-inicijativu-prema-gradskom-vijecu-tuzla\/"},"author":{"name":"nedim","@id":"https:\/\/tuzlainfo.ba\/#\/schema\/person\/f434e20dc27ea133923aab08451b7f7f"},"headline":"Mje\u0161tani Plana \u017eele priklju\u010denje na gradsko grijanje, pokre\u0107u inicijativu prema Gradskom vije\u0107u Tuzla","datePublished":"2023-08-30T15:02:32+00:00","dateModified":"2023-08-30T12:38:13+00:00","mainEntityOfPage":{"@id":"https:\/\/tuzlainfo.ba\/index.php\/novosti\/item\/215344-mjestani-plana-zele-prikljucenje-na-gradsko-grijanje-pokrecu-inicijativu-prema-gradskom-vijecu-tuzla\/"},"wordCount":367,"commentCount":0,"publisher":{"@id":"https:\/\/tuzlainfo.ba\/#organization"},"image":{"@id":"https:\/\/tuzlainfo.ba\/index.php\/novosti\/item\/215344-mjestani-plana-zele-prikljucenje-na-gradsko-grijanje-pokrecu-inicijativu-prema-gradskom-vijecu-tuzla\/#primaryimage"},"thumbnailUrl":"https:\/\/tuzlainfo.ba\/wp-content\/uploads\/2023\/08\/3008_zbor_plane.jpg","keywords":["grijanje tuzla","plane","toplifikacija","zbor gra\u0111ana"],"articleSection":["Istaknuto","Novosti"],"inLanguage":"bs-BA"},{"@type":"WebPage","@id":"https:\/\/tuzlainfo.ba\/index.php\/novosti\/item\/215344-mjestani-plana-zele-prikljucenje-na-gradsko-grijanje-pokrecu-inicijativu-prema-gradskom-vijecu-tuzla\/","url":"https:\/\/tuzlainfo.ba\/index.php\/novosti\/item\/215344-mjestani-plana-zele-prikljucenje-na-gradsko-grijanje-pokrecu-inicijativu-prema-gradskom-vijecu-tuzla\/","name":"Mje\u0161tani Plana \u017eele priklju\u010denje na gradsko grijanje, pokre\u0107u inicijativu prema Gradskom vije\u0107u Tuzla - TuzlaInfo.ba","isPartOf":{"@id":"https:\/\/tuzlainfo.ba\/#website"},"primaryImageOfPage":{"@id":"https:\/\/tuzlainfo.ba\/index.php\/novosti\/item\/215344-mjestani-plana-zele-prikljucenje-na-gradsko-grijanje-pokrecu-inicijativu-prema-gradskom-vijecu-tuzla\/#primaryimage"},"image":{"@id":"https:\/\/tuzlainfo.ba\/index.php\/novosti\/item\/215344-mjestani-plana-zele-prikljucenje-na-gradsko-grijanje-pokrecu-inicijativu-prema-gradskom-vijecu-tuzla\/#primaryimage"},"thumbnailUrl":"https:\/\/tuzlainfo.ba\/wp-content\/uploads\/2023\/08\/3008_zbor_plane.jpg","datePublished":"2023-08-30T15:02:32+00:00","dateModified":"2023-08-30T12:38:13+00:00","breadcrumb":{"@id":"https:\/\/tuzlainfo.ba\/index.php\/novosti\/item\/215344-mjestani-plana-zele-prikljucenje-na-gradsko-grijanje-pokrecu-inicijativu-prema-gradskom-vijecu-tuzla\/#breadcrumb"},"inLanguage":"bs-BA","potentialAction":[{"@type":"ReadAction","target":["https:\/\/tuzlainfo.ba\/index.php\/novosti\/item\/215344-mjestani-plana-zele-prikljucenje-na-gradsko-grijanje-pokrecu-inicijativu-prema-gradskom-vijecu-tuzla\/"]}]},{"@type":"ImageObject","inLanguage":"bs-BA","@id":"https:\/\/tuzlainfo.ba\/index.php\/novosti\/item\/215344-mjestani-plana-zele-prikljucenje-na-gradsko-grijanje-pokrecu-inicijativu-prema-gradskom-vijecu-tuzla\/#primaryimage","url":"https:\/\/tuzlainfo.ba\/wp-content\/uploads\/2023\/08\/3008_zbor_plane.jpg","contentUrl":"https:\/\/tuzlainfo.ba\/wp-content\/uploads\/2023\/08\/3008_zbor_plane.jpg","width":1000,"height":750},{"@type":"BreadcrumbList","@id":"https:\/\/tuzlainfo.ba\/index.php\/novosti\/item\/215344-mjestani-plana-zele-prikljucenje-na-gradsko-grijanje-pokrecu-inicijativu-prema-gradskom-vijecu-tuzla\/#breadcrumb","itemListElement":[{"@type":"ListItem","position":1,"name":"Home","item":"https:\/\/tuzlainfo.ba\/"},{"@type":"ListItem","position":2,"name":"Mje\u0161tani Plana \u017eele priklju\u010denje na gradsko grijanje, pokre\u0107u inicijativu prema Gradskom vije\u0107u Tuzla"}]},{"@type":"WebSite","@id":"https:\/\/tuzlainfo.ba\/#website","url":"https:\/\/tuzlainfo.ba\/","name":"TuzlaInfo.ba","description":"Tuzla info, gradski informator - Tuzla na dlanu","publisher":{"@id":"https:\/\/tuzlainfo.ba\/#organization"},"potentialAction":[{"@type":"SearchAction","target":{"@type":"EntryPoint","urlTemplate":"https:\/\/tuzlainfo.ba\/?s={search_term_string}"},"query-input":{"@type":"PropertyValueSpecification","valueRequired":true,"valueName":"search_term_string"}}],"inLanguage":"bs-BA"},{"@type":"Organization","@id":"https:\/\/tuzlainfo.ba\/#organization","name":"TuzlaInfo.ba","url":"https:\/\/tuzlainfo.ba\/","logo":{"@type":"ImageObject","inLanguage":"bs-BA","@id":"https:\/\/tuzlainfo.ba\/#\/schema\/logo\/image\/","url":"https:\/\/tuzlainfo.ba\/wp-content\/uploads\/2021\/03\/logo-ver-3-1.png","contentUrl":"https:\/\/tuzlainfo.ba\/wp-content\/uploads\/2021\/03\/logo-ver-3-1.png","width":350,"height":95,"caption":"TuzlaInfo.ba"},"image":{"@id":"https:\/\/tuzlainfo.ba\/#\/schema\/logo\/image\/"},"sameAs":["https:\/\/www.facebook.com\/tuzlainfo.ba\/"]},{"@type":"Person","@id":"https:\/\/tuzlainfo.ba\/#\/schema\/person\/f434e20dc27ea133923aab08451b7f7f","name":"nedim","image":{"@type":"ImageObject","inLanguage":"bs-BA","@id":"https:\/\/tuzlainfo.ba\/#\/schema\/person\/image\/","url":"https:\/\/tuzlainfo.ba\/wp-content\/litespeed\/avatar\/aabad687af24844af817603ac1cbdc4f.jpg?ver=1777306975","contentUrl":"https:\/\/tuzlainfo.ba\/wp-content\/litespeed\/avatar\/aabad687af24844af817603ac1cbdc4f.jpg?ver=1777306975","caption":"nedim"},"description":"Tuzlainfo.ba pratite na dru\u0161tvenim mre\u017eama: Facebook, Instagram i Youtube. Svoje pri\u010de, upite i fotografije \u0161aljite na na\u0161u e-mail adresu."}]}},"_links":{"self":[{"href":"https:\/\/tuzlainfo.ba\/index.php\/wp-json\/wp\/v2\/posts\/215344"}],"collection":[{"href":"https:\/\/tuzlainfo.ba\/index.php\/wp-json\/wp\/v2\/posts"}],"about":[{"href":"https:\/\/tuzlainfo.ba\/index.php\/wp-json\/wp\/v2\/types\/post"}],"author":[{"embeddable":true,"href":"https:\/\/tuzlainfo.ba\/index.php\/wp-json\/wp\/v2\/users\/2"}],"replies":[{"embeddable":true,"href":"https:\/\/tuzlainfo.ba\/index.php\/wp-json\/wp\/v2\/comments?post=215344"}],"version-history":[{"count":0,"href":"https:\/\/tuzlainfo.ba\/index.php\/wp-json\/wp\/v2\/posts\/215344\/revisions"}],"wp:featuredmedia":[{"embeddable":true,"href":"https:\/\/tuzlainfo.ba\/index.php\/wp-json\/wp\/v2\/media\/215345"}],"wp:attachment":[{"href":"https:\/\/tuzlainfo.ba\/index.php\/wp-json\/wp\/v2\/media?parent=215344"}],"wp:term":[{"taxonomy":"category","embeddable":true,"href":"https:\/\/tuzlainfo.ba\/index.php\/wp-json\/wp\/v2\/categories?post=215344"},{"taxonomy":"post_tag","embeddable":true,"href":"https:\/\/tuzlainfo.ba\/index.php\/wp-json\/wp\/v2\/tags?post=215344"}],"curies":[{"name":"wp","href":"https:\/\/api.w.org\/{rel}","templated":true}]}}