{"id":214996,"date":"2023-08-26T21:00:41","date_gmt":"2023-08-26T19:00:41","guid":{"rendered":"https:\/\/tuzlainfo.ba\/?p=214996"},"modified":"2023-08-27T09:28:55","modified_gmt":"2023-08-27T07:28:55","slug":"tuzla-iz-kpz-a-pobjegao-zatvorenik-jake-policijske-snage-tragaju-za-njim","status":"publish","type":"post","link":"https:\/\/tuzlainfo.ba\/index.php\/novosti\/item\/214996-tuzla-iz-kpz-a-pobjegao-zatvorenik-jake-policijske-snage-tragaju-za-njim\/","title":{"rendered":"Tuzla: Iz KPZ-a pobjegao zatvorenik, jake policijske snage tragaju za njim"},"content":{"rendered":"<p>U popodnevnim satima u Tuzli dogodio se filmski bijeg iz Kazneno \u2013 popravnog zavoda Tuzla \u2013 Odjeljenje Kozlovac.<\/p>\n<p>Iz zatvora je, kako pi\u0161e <a href=\"https:\/\/tuzlapress.ba\/filmske-scene-u-tuzli-zatvorenik-pobjegao-iz-kpz-tuzla-na-kozlovcu\/\"><strong>Tuzlapress.ba<\/strong><\/a>,, pobjegao zatvorenik inicijala S.A. Informacija vezanih za okolnosti njegovog bijega za sada nema.<\/p>\n<p>Kako pi\u0161e Tuzlapress ve\u010d su anga\u017eovane jake policijske snage u traganju za njim.<\/p>\n<p>O doga\u0111aju je upoznat i de\u017eurni tu\u017eitelj Kantonalnog tu\u017eila\u0161tva TK.<\/p>\n","protected":false},"excerpt":{"rendered":"<p>U popodnevnim satima u Tuzli dogodio se filmski bijeg iz Kazneno \u2013 popravnog zavoda Tuzla \u2013 Odjeljenje Kozlovac. Iz zatvora je, kako pi\u0161e Tuzlapress.ba,, pobjegao zatvorenik inicijala S.A. Informacija vezanih za okolnosti njegovog bijega za sada nema. Kako pi\u0161e Tuzlapress ve\u010d su anga\u017eovane jake policijske snage u traganju za njim. O doga\u0111aju je upoznat i [&hellip;]<\/p>\n","protected":false},"author":2,"featured_media":214997,"comment_status":"open","ping_status":"closed","sticky":false,"template":"","format":"standard","meta":{"footnotes":""},"categories":[304,12,306],"tags":[6676,1239],"class_list":["post-214996","post","type-post","status-publish","format-standard","has-post-thumbnail","hentry","category-istaknuto","category-novosti","category-preporucujemo","tag-kozlovac","tag-kpz-tuzla"],"yoast_head":"<!-- This site is optimized with the Yoast SEO plugin v28.4 - https:\/\/yoast.com\/product\/yoast-seo-wordpress\/ -->\n<title>Tuzla: Iz KPZ-a pobjegao zatvorenik, jake policijske snage tragaju za njim<\/title>\n<meta name=\"robots\" content=\"index, follow, max-snippet:-1, max-image-preview:large, max-video-preview:-1\" \/>\n<link rel=\"canonical\" href=\"https:\/\/tuzlainfo.ba\/index.php\/novosti\/item\/214996-tuzla-iz-kpz-a-pobjegao-zatvorenik-jake-policijske-snage-tragaju-za-njim\/\" \/>\n<meta property=\"og:locale\" content=\"bs_BA\" \/>\n<meta property=\"og:type\" content=\"article\" \/>\n<meta property=\"og:title\" content=\"Tuzla: Iz KPZ-a pobjegao zatvorenik, jake policijske snage tragaju za njim\" \/>\n<meta property=\"og:description\" content=\"U popodnevnim satima u Tuzli dogodio se filmski bijeg iz Kazneno \u2013 popravnog zavoda Tuzla \u2013 Odjeljenje Kozlovac. Iz zatvora je, kako pi\u0161e Tuzlapress.ba,, pobjegao zatvorenik inicijala S.A. Informacija vezanih za okolnosti njegovog bijega za sada nema. Kako pi\u0161e Tuzlapress ve\u010d su anga\u017eovane jake policijske snage u traganju za njim. O doga\u0111aju je upoznat i [&hellip;]\" \/>\n<meta property=\"og:url\" content=\"https:\/\/tuzlainfo.ba\/index.php\/novosti\/item\/214996-tuzla-iz-kpz-a-pobjegao-zatvorenik-jake-policijske-snage-tragaju-za-njim\/\" \/>\n<meta property=\"og:site_name\" content=\"TuzlaInfo.ba\" \/>\n<meta property=\"article:publisher\" content=\"https:\/\/www.facebook.com\/tuzlainfo.ba\/\" \/>\n<meta property=\"article:published_time\" content=\"2023-08-26T19:00:41+00:00\" \/>\n<meta property=\"article:modified_time\" content=\"2023-08-27T07:28:55+00:00\" \/>\n<meta property=\"og:image\" content=\"https:\/\/tuzlainfo.ba\/wp-content\/uploads\/2023\/08\/2608_kpz_kozlovac.jpg\" \/>\n\t<meta property=\"og:image:width\" content=\"1000\" \/>\n\t<meta property=\"og:image:height\" content=\"750\" \/>\n\t<meta property=\"og:image:type\" content=\"image\/jpeg\" \/>\n<meta name=\"author\" content=\"nedim\" \/>\n<meta name=\"twitter:card\" content=\"summary_large_image\" \/>\n<meta name=\"twitter:label1\" content=\"Written by\" \/>\n\t<meta name=\"twitter:data1\" content=\"nedim\" \/>\n<script type=\"application\/ld+json\" class=\"yoast-schema-graph\">{\"@context\":\"https:\\\/\\\/schema.org\",\"@graph\":[{\"@type\":\"Article\",\"@id\":\"https:\\\/\\\/tuzlainfo.ba\\\/index.php\\\/novosti\\\/item\\\/214996-tuzla-iz-kpz-a-pobjegao-zatvorenik-jake-policijske-snage-tragaju-za-njim\\\/#article\",\"isPartOf\":{\"@id\":\"https:\\\/\\\/tuzlainfo.ba\\\/index.php\\\/novosti\\\/item\\\/214996-tuzla-iz-kpz-a-pobjegao-zatvorenik-jake-policijske-snage-tragaju-za-njim\\\/\"},\"author\":{\"name\":\"nedim\",\"@id\":\"https:\\\/\\\/tuzlainfo.ba\\\/#\\\/schema\\\/person\\\/f434e20dc27ea133923aab08451b7f7f\"},\"headline\":\"Tuzla: Iz KPZ-a pobjegao zatvorenik, jake policijske snage tragaju za njim\",\"datePublished\":\"2023-08-26T19:00:41+00:00\",\"dateModified\":\"2023-08-27T07:28:55+00:00\",\"mainEntityOfPage\":{\"@id\":\"https:\\\/\\\/tuzlainfo.ba\\\/index.php\\\/novosti\\\/item\\\/214996-tuzla-iz-kpz-a-pobjegao-zatvorenik-jake-policijske-snage-tragaju-za-njim\\\/\"},\"wordCount\":79,\"commentCount\":0,\"publisher\":{\"@id\":\"https:\\\/\\\/tuzlainfo.ba\\\/#organization\"},\"image\":{\"@id\":\"https:\\\/\\\/tuzlainfo.ba\\\/index.php\\\/novosti\\\/item\\\/214996-tuzla-iz-kpz-a-pobjegao-zatvorenik-jake-policijske-snage-tragaju-za-njim\\\/#primaryimage\"},\"thumbnailUrl\":\"https:\\\/\\\/tuzlainfo.ba\\\/wp-content\\\/uploads\\\/2023\\\/08\\\/2608_kpz_kozlovac.jpg\",\"keywords\":[\"kozlovac\",\"KPZ Tuzla\"],\"articleSection\":[\"Istaknuto\",\"Novosti\",\"Preporu\u010dujemo\"],\"inLanguage\":\"bs-BA\",\"copyrightYear\":\"2023\",\"copyrightHolder\":{\"@id\":\"https:\\\/\\\/tuzlainfo.ba\\\/#organization\"}},{\"@type\":\"WebPage\",\"@id\":\"https:\\\/\\\/tuzlainfo.ba\\\/index.php\\\/novosti\\\/item\\\/214996-tuzla-iz-kpz-a-pobjegao-zatvorenik-jake-policijske-snage-tragaju-za-njim\\\/\",\"url\":\"https:\\\/\\\/tuzlainfo.ba\\\/index.php\\\/novosti\\\/item\\\/214996-tuzla-iz-kpz-a-pobjegao-zatvorenik-jake-policijske-snage-tragaju-za-njim\\\/\",\"name\":\"Tuzla: Iz KPZ-a pobjegao zatvorenik, jake policijske snage tragaju za njim\",\"isPartOf\":{\"@id\":\"https:\\\/\\\/tuzlainfo.ba\\\/#website\"},\"primaryImageOfPage\":{\"@id\":\"https:\\\/\\\/tuzlainfo.ba\\\/index.php\\\/novosti\\\/item\\\/214996-tuzla-iz-kpz-a-pobjegao-zatvorenik-jake-policijske-snage-tragaju-za-njim\\\/#primaryimage\"},\"image\":{\"@id\":\"https:\\\/\\\/tuzlainfo.ba\\\/index.php\\\/novosti\\\/item\\\/214996-tuzla-iz-kpz-a-pobjegao-zatvorenik-jake-policijske-snage-tragaju-za-njim\\\/#primaryimage\"},\"thumbnailUrl\":\"https:\\\/\\\/tuzlainfo.ba\\\/wp-content\\\/uploads\\\/2023\\\/08\\\/2608_kpz_kozlovac.jpg\",\"datePublished\":\"2023-08-26T19:00:41+00:00\",\"dateModified\":\"2023-08-27T07:28:55+00:00\",\"breadcrumb\":{\"@id\":\"https:\\\/\\\/tuzlainfo.ba\\\/index.php\\\/novosti\\\/item\\\/214996-tuzla-iz-kpz-a-pobjegao-zatvorenik-jake-policijske-snage-tragaju-za-njim\\\/#breadcrumb\"},\"inLanguage\":\"bs-BA\",\"potentialAction\":[{\"@type\":\"ReadAction\",\"target\":[\"https:\\\/\\\/tuzlainfo.ba\\\/index.php\\\/novosti\\\/item\\\/214996-tuzla-iz-kpz-a-pobjegao-zatvorenik-jake-policijske-snage-tragaju-za-njim\\\/\"]}]},{\"@type\":\"ImageObject\",\"inLanguage\":\"bs-BA\",\"@id\":\"https:\\\/\\\/tuzlainfo.ba\\\/index.php\\\/novosti\\\/item\\\/214996-tuzla-iz-kpz-a-pobjegao-zatvorenik-jake-policijske-snage-tragaju-za-njim\\\/#primaryimage\",\"url\":\"https:\\\/\\\/tuzlainfo.ba\\\/wp-content\\\/uploads\\\/2023\\\/08\\\/2608_kpz_kozlovac.jpg\",\"contentUrl\":\"https:\\\/\\\/tuzlainfo.ba\\\/wp-content\\\/uploads\\\/2023\\\/08\\\/2608_kpz_kozlovac.jpg\",\"width\":1000,\"height\":750},{\"@type\":\"BreadcrumbList\",\"@id\":\"https:\\\/\\\/tuzlainfo.ba\\\/index.php\\\/novosti\\\/item\\\/214996-tuzla-iz-kpz-a-pobjegao-zatvorenik-jake-policijske-snage-tragaju-za-njim\\\/#breadcrumb\",\"itemListElement\":[{\"@type\":\"ListItem\",\"position\":1,\"name\":\"Home\",\"item\":\"https:\\\/\\\/tuzlainfo.ba\\\/\"},{\"@type\":\"ListItem\",\"position\":2,\"name\":\"Tuzla: Iz KPZ-a pobjegao zatvorenik, jake policijske snage tragaju za njim\"}]},{\"@type\":\"WebSite\",\"@id\":\"https:\\\/\\\/tuzlainfo.ba\\\/#website\",\"url\":\"https:\\\/\\\/tuzlainfo.ba\\\/\",\"name\":\"TuzlaInfo.ba\",\"description\":\"Tuzla info, gradski informator - Tuzla na dlanu\",\"publisher\":{\"@id\":\"https:\\\/\\\/tuzlainfo.ba\\\/#organization\"},\"potentialAction\":[{\"@type\":\"SearchAction\",\"target\":{\"@type\":\"EntryPoint\",\"urlTemplate\":\"https:\\\/\\\/tuzlainfo.ba\\\/?s={search_term_string}\"},\"query-input\":{\"@type\":\"PropertyValueSpecification\",\"valueRequired\":true,\"valueName\":\"search_term_string\"}}],\"inLanguage\":\"bs-BA\"},{\"@type\":\"Organization\",\"@id\":\"https:\\\/\\\/tuzlainfo.ba\\\/#organization\",\"name\":\"TuzlaInfo.ba\",\"url\":\"https:\\\/\\\/tuzlainfo.ba\\\/\",\"logo\":{\"@type\":\"ImageObject\",\"inLanguage\":\"bs-BA\",\"@id\":\"https:\\\/\\\/tuzlainfo.ba\\\/#\\\/schema\\\/logo\\\/image\\\/\",\"url\":\"https:\\\/\\\/tuzlainfo.ba\\\/wp-content\\\/uploads\\\/2021\\\/03\\\/logo-ver-3-1.png\",\"contentUrl\":\"https:\\\/\\\/tuzlainfo.ba\\\/wp-content\\\/uploads\\\/2021\\\/03\\\/logo-ver-3-1.png\",\"width\":350,\"height\":95,\"caption\":\"TuzlaInfo.ba\"},\"image\":{\"@id\":\"https:\\\/\\\/tuzlainfo.ba\\\/#\\\/schema\\\/logo\\\/image\\\/\"},\"sameAs\":[\"https:\\\/\\\/www.facebook.com\\\/tuzlainfo.ba\\\/\"]},{\"@type\":\"Person\",\"@id\":\"https:\\\/\\\/tuzlainfo.ba\\\/#\\\/schema\\\/person\\\/f434e20dc27ea133923aab08451b7f7f\",\"name\":\"nedim\",\"image\":{\"@type\":\"ImageObject\",\"inLanguage\":\"bs-BA\",\"@id\":\"https:\\\/\\\/secure.gravatar.com\\\/avatar\\\/5b928a2e7e70a54208d2eb6c1edcb75a5350d6ae97d5f0a701203d456823f6f3?s=96&d=mm&r=g\",\"url\":\"https:\\\/\\\/secure.gravatar.com\\\/avatar\\\/5b928a2e7e70a54208d2eb6c1edcb75a5350d6ae97d5f0a701203d456823f6f3?s=96&d=mm&r=g\",\"contentUrl\":\"https:\\\/\\\/secure.gravatar.com\\\/avatar\\\/5b928a2e7e70a54208d2eb6c1edcb75a5350d6ae97d5f0a701203d456823f6f3?s=96&d=mm&r=g\",\"caption\":\"nedim\"},\"description\":\"Tuzlainfo.ba pratite na dru\u0161tvenim mre\u017eama: Facebook, Instagram i Youtube. Svoje pri\u010de, upite i fotografije \u0161aljite na na\u0161u e-mail adresu.\"}]}<\/script>\n<!-- \/ Yoast SEO plugin. -->","yoast_head_json":{"title":"Tuzla: Iz KPZ-a pobjegao zatvorenik, jake policijske snage tragaju za njim","robots":{"index":"index","follow":"follow","max-snippet":"max-snippet:-1","max-image-preview":"max-image-preview:large","max-video-preview":"max-video-preview:-1"},"canonical":"https:\/\/tuzlainfo.ba\/index.php\/novosti\/item\/214996-tuzla-iz-kpz-a-pobjegao-zatvorenik-jake-policijske-snage-tragaju-za-njim\/","og_locale":"bs_BA","og_type":"article","og_title":"Tuzla: Iz KPZ-a pobjegao zatvorenik, jake policijske snage tragaju za njim","og_description":"U popodnevnim satima u Tuzli dogodio se filmski bijeg iz Kazneno \u2013 popravnog zavoda Tuzla \u2013 Odjeljenje Kozlovac. Iz zatvora je, kako pi\u0161e Tuzlapress.ba,, pobjegao zatvorenik inicijala S.A. Informacija vezanih za okolnosti njegovog bijega za sada nema. Kako pi\u0161e Tuzlapress ve\u010d su anga\u017eovane jake policijske snage u traganju za njim. O doga\u0111aju je upoznat i [&hellip;]","og_url":"https:\/\/tuzlainfo.ba\/index.php\/novosti\/item\/214996-tuzla-iz-kpz-a-pobjegao-zatvorenik-jake-policijske-snage-tragaju-za-njim\/","og_site_name":"TuzlaInfo.ba","article_publisher":"https:\/\/www.facebook.com\/tuzlainfo.ba\/","article_published_time":"2023-08-26T19:00:41+00:00","article_modified_time":"2023-08-27T07:28:55+00:00","og_image":[{"width":1000,"height":750,"url":"https:\/\/tuzlainfo.ba\/wp-content\/uploads\/2023\/08\/2608_kpz_kozlovac.jpg","type":"image\/jpeg"}],"author":"nedim","twitter_card":"summary_large_image","twitter_misc":{"Written by":"nedim"},"schema":{"@context":"https:\/\/schema.org","@graph":[{"@type":"Article","@id":"https:\/\/tuzlainfo.ba\/index.php\/novosti\/item\/214996-tuzla-iz-kpz-a-pobjegao-zatvorenik-jake-policijske-snage-tragaju-za-njim\/#article","isPartOf":{"@id":"https:\/\/tuzlainfo.ba\/index.php\/novosti\/item\/214996-tuzla-iz-kpz-a-pobjegao-zatvorenik-jake-policijske-snage-tragaju-za-njim\/"},"author":{"name":"nedim","@id":"https:\/\/tuzlainfo.ba\/#\/schema\/person\/f434e20dc27ea133923aab08451b7f7f"},"headline":"Tuzla: Iz KPZ-a pobjegao zatvorenik, jake policijske snage tragaju za njim","datePublished":"2023-08-26T19:00:41+00:00","dateModified":"2023-08-27T07:28:55+00:00","mainEntityOfPage":{"@id":"https:\/\/tuzlainfo.ba\/index.php\/novosti\/item\/214996-tuzla-iz-kpz-a-pobjegao-zatvorenik-jake-policijske-snage-tragaju-za-njim\/"},"wordCount":79,"commentCount":0,"publisher":{"@id":"https:\/\/tuzlainfo.ba\/#organization"},"image":{"@id":"https:\/\/tuzlainfo.ba\/index.php\/novosti\/item\/214996-tuzla-iz-kpz-a-pobjegao-zatvorenik-jake-policijske-snage-tragaju-za-njim\/#primaryimage"},"thumbnailUrl":"https:\/\/tuzlainfo.ba\/wp-content\/uploads\/2023\/08\/2608_kpz_kozlovac.jpg","keywords":["kozlovac","KPZ Tuzla"],"articleSection":["Istaknuto","Novosti","Preporu\u010dujemo"],"inLanguage":"bs-BA","copyrightYear":"2023","copyrightHolder":{"@id":"https:\/\/tuzlainfo.ba\/#organization"}},{"@type":"WebPage","@id":"https:\/\/tuzlainfo.ba\/index.php\/novosti\/item\/214996-tuzla-iz-kpz-a-pobjegao-zatvorenik-jake-policijske-snage-tragaju-za-njim\/","url":"https:\/\/tuzlainfo.ba\/index.php\/novosti\/item\/214996-tuzla-iz-kpz-a-pobjegao-zatvorenik-jake-policijske-snage-tragaju-za-njim\/","name":"Tuzla: Iz KPZ-a pobjegao zatvorenik, jake policijske snage tragaju za njim","isPartOf":{"@id":"https:\/\/tuzlainfo.ba\/#website"},"primaryImageOfPage":{"@id":"https:\/\/tuzlainfo.ba\/index.php\/novosti\/item\/214996-tuzla-iz-kpz-a-pobjegao-zatvorenik-jake-policijske-snage-tragaju-za-njim\/#primaryimage"},"image":{"@id":"https:\/\/tuzlainfo.ba\/index.php\/novosti\/item\/214996-tuzla-iz-kpz-a-pobjegao-zatvorenik-jake-policijske-snage-tragaju-za-njim\/#primaryimage"},"thumbnailUrl":"https:\/\/tuzlainfo.ba\/wp-content\/uploads\/2023\/08\/2608_kpz_kozlovac.jpg","datePublished":"2023-08-26T19:00:41+00:00","dateModified":"2023-08-27T07:28:55+00:00","breadcrumb":{"@id":"https:\/\/tuzlainfo.ba\/index.php\/novosti\/item\/214996-tuzla-iz-kpz-a-pobjegao-zatvorenik-jake-policijske-snage-tragaju-za-njim\/#breadcrumb"},"inLanguage":"bs-BA","potentialAction":[{"@type":"ReadAction","target":["https:\/\/tuzlainfo.ba\/index.php\/novosti\/item\/214996-tuzla-iz-kpz-a-pobjegao-zatvorenik-jake-policijske-snage-tragaju-za-njim\/"]}]},{"@type":"ImageObject","inLanguage":"bs-BA","@id":"https:\/\/tuzlainfo.ba\/index.php\/novosti\/item\/214996-tuzla-iz-kpz-a-pobjegao-zatvorenik-jake-policijske-snage-tragaju-za-njim\/#primaryimage","url":"https:\/\/tuzlainfo.ba\/wp-content\/uploads\/2023\/08\/2608_kpz_kozlovac.jpg","contentUrl":"https:\/\/tuzlainfo.ba\/wp-content\/uploads\/2023\/08\/2608_kpz_kozlovac.jpg","width":1000,"height":750},{"@type":"BreadcrumbList","@id":"https:\/\/tuzlainfo.ba\/index.php\/novosti\/item\/214996-tuzla-iz-kpz-a-pobjegao-zatvorenik-jake-policijske-snage-tragaju-za-njim\/#breadcrumb","itemListElement":[{"@type":"ListItem","position":1,"name":"Home","item":"https:\/\/tuzlainfo.ba\/"},{"@type":"ListItem","position":2,"name":"Tuzla: Iz KPZ-a pobjegao zatvorenik, jake policijske snage tragaju za njim"}]},{"@type":"WebSite","@id":"https:\/\/tuzlainfo.ba\/#website","url":"https:\/\/tuzlainfo.ba\/","name":"TuzlaInfo.ba","description":"Tuzla info, gradski informator - Tuzla na dlanu","publisher":{"@id":"https:\/\/tuzlainfo.ba\/#organization"},"potentialAction":[{"@type":"SearchAction","target":{"@type":"EntryPoint","urlTemplate":"https:\/\/tuzlainfo.ba\/?s={search_term_string}"},"query-input":{"@type":"PropertyValueSpecification","valueRequired":true,"valueName":"search_term_string"}}],"inLanguage":"bs-BA"},{"@type":"Organization","@id":"https:\/\/tuzlainfo.ba\/#organization","name":"TuzlaInfo.ba","url":"https:\/\/tuzlainfo.ba\/","logo":{"@type":"ImageObject","inLanguage":"bs-BA","@id":"https:\/\/tuzlainfo.ba\/#\/schema\/logo\/image\/","url":"https:\/\/tuzlainfo.ba\/wp-content\/uploads\/2021\/03\/logo-ver-3-1.png","contentUrl":"https:\/\/tuzlainfo.ba\/wp-content\/uploads\/2021\/03\/logo-ver-3-1.png","width":350,"height":95,"caption":"TuzlaInfo.ba"},"image":{"@id":"https:\/\/tuzlainfo.ba\/#\/schema\/logo\/image\/"},"sameAs":["https:\/\/www.facebook.com\/tuzlainfo.ba\/"]},{"@type":"Person","@id":"https:\/\/tuzlainfo.ba\/#\/schema\/person\/f434e20dc27ea133923aab08451b7f7f","name":"nedim","image":{"@type":"ImageObject","inLanguage":"bs-BA","@id":"https:\/\/secure.gravatar.com\/avatar\/5b928a2e7e70a54208d2eb6c1edcb75a5350d6ae97d5f0a701203d456823f6f3?s=96&d=mm&r=g","url":"https:\/\/secure.gravatar.com\/avatar\/5b928a2e7e70a54208d2eb6c1edcb75a5350d6ae97d5f0a701203d456823f6f3?s=96&d=mm&r=g","contentUrl":"https:\/\/secure.gravatar.com\/avatar\/5b928a2e7e70a54208d2eb6c1edcb75a5350d6ae97d5f0a701203d456823f6f3?s=96&d=mm&r=g","caption":"nedim"},"description":"Tuzlainfo.ba pratite na dru\u0161tvenim mre\u017eama: Facebook, Instagram i Youtube. Svoje pri\u010de, upite i fotografije \u0161aljite na na\u0161u e-mail adresu."}]}},"_links":{"self":[{"href":"https:\/\/tuzlainfo.ba\/index.php\/wp-json\/wp\/v2\/posts\/214996","targetHints":{"allow":["GET"]}}],"collection":[{"href":"https:\/\/tuzlainfo.ba\/index.php\/wp-json\/wp\/v2\/posts"}],"about":[{"href":"https:\/\/tuzlainfo.ba\/index.php\/wp-json\/wp\/v2\/types\/post"}],"author":[{"embeddable":true,"href":"https:\/\/tuzlainfo.ba\/index.php\/wp-json\/wp\/v2\/users\/2"}],"replies":[{"embeddable":true,"href":"https:\/\/tuzlainfo.ba\/index.php\/wp-json\/wp\/v2\/comments?post=214996"}],"version-history":[{"count":0,"href":"https:\/\/tuzlainfo.ba\/index.php\/wp-json\/wp\/v2\/posts\/214996\/revisions"}],"wp:featuredmedia":[{"embeddable":true,"href":"https:\/\/tuzlainfo.ba\/index.php\/wp-json\/wp\/v2\/media\/214997"}],"wp:attachment":[{"href":"https:\/\/tuzlainfo.ba\/index.php\/wp-json\/wp\/v2\/media?parent=214996"}],"wp:term":[{"taxonomy":"category","embeddable":true,"href":"https:\/\/tuzlainfo.ba\/index.php\/wp-json\/wp\/v2\/categories?post=214996"},{"taxonomy":"post_tag","embeddable":true,"href":"https:\/\/tuzlainfo.ba\/index.php\/wp-json\/wp\/v2\/tags?post=214996"}],"curies":[{"name":"wp","href":"https:\/\/api.w.org\/{rel}","templated":true}]}}