{"id":214939,"date":"2023-08-26T10:38:17","date_gmt":"2023-08-26T08:38:17","guid":{"rendered":"https:\/\/tuzlainfo.ba\/?p=214939"},"modified":"2023-08-26T10:38:17","modified_gmt":"2023-08-26T08:38:17","slug":"bivsa-clanica-sda-alma-colo-kada-vidim-kako-rade-druge-politicke-partije-sda-je-za-njih-masina","status":"publish","type":"post","link":"https:\/\/tuzlainfo.ba\/index.php\/bosna-i-hercegovina\/item\/214939-bivsa-clanica-sda-alma-colo-kada-vidim-kako-rade-druge-politicke-partije-sda-je-za-njih-masina\/","title":{"rendered":"Biv\u0161a \u010dlanica SDA Alma \u010colo: Kada vidim kako rade druge politi\u010dke partije SDA je za njih ma\u0161ina"},"content":{"rendered":"<p><strong>Alma \u010colo, diplomirana pravnica i bi\u0161a \u010dlanica SDA, govorila je za televiziju N1 o problemima u toj stranci, ali i lideru Bakiru Izetbegovi\u0107u.<\/strong> \u201cPotrebno je najmanje godinu dana da vidimo efekte rada. \u010cini mi se da ova vlast dosta grije\u0161i. Pogre\u0161no je procijenila koalicione partnere. Nisu imali iskustva sa Dodikom i \u010covi\u0107em. SDA je imala puno vi\u0161e iskustva sa njima. Grije\u0161e prvenstveno prilikom podjele kadrova i raspodjele pozicija\u201d, kazala je \u010colo.<\/p>\n<p><strong>\u201cSDA je ma\u0161ina za njih\u201d<\/strong><\/p>\n<p>\u201cSvaka nova vlast nalazi gre\u0161ke prethodne vlasti. Politi\u010dke stranke nisu te koje trebaju da sude da li se radi o kriminalu. To je na pravosudnim organima\u201d, rekla je \u010colo i dodala: \u201cZnam sve nedostatke SDA, ali kada vidim kako rade druge politi\u010dke partije SDA je za njih ma\u0161ina. Ne\u0107u se vra\u0107ati u SDA i politiku, mada te\u0161ko je biti apoliti\u010dan.\u201d<\/p>\n<p>Isti\u010de da je SDA lo\u0161a kao opozicija.<\/p>\n<p>\u201cSamo govore o izdaji i ne prave nikakve konkretne poteze da djeluju kao konstruktivna opozicija. SDA bi mogla biti bolja i aktivnija opozicija\u201d, smatra \u010colo.<\/p>\n<p>\u010colo je poslala i poruku lideru SDA, Bakiru Izetbegovi\u0107u.<\/p>\n<p>\u201cIzborna borba u SDA po\u010dela davno. Osim \u0160emsudina Mehmedovi\u0107a ne vidim drugu opasnost za Bakira Izetbegovi\u0107a. SDA je autokratska stranka. Bakir \u017eeli jo\u0161 jedan mandat po svaku cijenu. Svako ko se osmjeli da stane uz Mehmedovi\u0107a bit \u0107e pometen iz stranke i sa funkcija. Ako Bakir voli svoju \u017eenu vi\u0161e od SDA neka joj da poziciju predsjednika. Neka mu daju do\u017eivotni mandat. Ljudi oko Bakira nemaju hrabrosti da mu ka\u017eu da grije\u0161i. Predsjednik SDA \u0107e biti Izetbegovi\u0107. Ve\u0107 odra\u0111uje posao na terenu. Alija Izetbegovi\u0107 nam je govorio da ne biramo one koji po svaku cijenu \u017eele vlast\u201d, kazala je.<\/p>\n<p>Smatra kako SDA i dalje poku\u0161ava sru\u0161iti Trojku koju je optu\u017eila za davanje previ\u0161e finansijskih pozicija Srbima i Hrvatima.<\/p>\n<p>\u201cTo me tjera da sumnjam u njihovo znanje i upu\u0107enost u procese u BiH, u patriotizam ne sumnjam. Trojkini kolacioni partneri su jako namazani. Imam sumnju da raspodjela PDV-a mo\u017ee biti ugro\u017eena, jer nemamo kontrolu bo\u0161nja\u010dkih predstavnika. Mislim da Konakovi\u0107 i Nik\u0161i\u0107 vole ovu zemlju i ne bi radili ni\u0161ta protiv nje. Voljela bih da postoji vi\u0161e opreza kod njih. Forto nije dorastao svojoj poziciji ministra i ne znam kakvo je njegovo znanje kada je u pitanju dr\u017eava\u201d, navela je \u010colo.<\/p>\n<p><strong>\u201cIzetbegovi\u0107 bio dobar predsjednik sve dok se nije htio ograditi\u201d<\/strong><\/p>\n<p>Za biv\u0161eg strana\u010dkog \u0161efa kazala je kako je \u201czaokupiran svojim kongresnim uspjehom\u201d.<\/p>\n<p>\u201c\u017deli da pobjedi na Kongresu i sve aktivnosti su mu usmjerene na to. Bakir je bio dobar predsjednik SDA do momenta kad nije htio da se ogradi od svih koruptivnih afera.\u00a0Konakovi\u0107 je govorio da \u0107e Sebiju prvu smijeniti. Mo\u017eda su se uvjerili da ima diplomu. Moraju biti dosljedni\u201d, navela je.<\/p>\n<p>Smatra kako je \u201cindikativno da je predmet protiv Dodika dodijeljen tu\u017eiocu koji nema iskustva\u201d.<\/p>\n<p>\u201cMo\u017eda mu je predmet dodjeljen CMS-om, a mo\u017eda mu je to dodijelio Kajgani\u0107 svjesno. Imam nadu da \u0107e biti procesuiran. Dodik bi mogao biti procesuiran. Mo\u017ee biti ka\u017enjen kaznom zatvora od 6 mjeseci do 5 godina, ali mo\u017ee mu se izre\u0107i i uslovna ili nov\u010dana kazna. Dodik nema imunitet. Prema mom mi\u0161ljenju Dodik je izvr\u0161io napad na ustavni poredak BiH. Tu\u017eilac je trebao da ga tu\u017ei i za to krivi\u010dno djelo\u201d, navela je.<\/p>\n<p>Pozvala je SDA da, ako ve\u0107 ne mo\u017ee da ih smijeni, pomogne Trojci u napredovanju BiH ka EU.<\/p>\n<p>&nbsp;<\/p>\n","protected":false},"excerpt":{"rendered":"<p>Alma \u010colo, diplomirana pravnica i bi\u0161a \u010dlanica SDA, govorila je za televiziju N1 o problemima u toj stranci, ali i lideru Bakiru Izetbegovi\u0107u. \u201cPotrebno je najmanje godinu dana da vidimo efekte rada. \u010cini mi se da ova vlast dosta grije\u0161i. Pogre\u0161no je procijenila koalicione partnere. Nisu imali iskustva sa Dodikom i \u010covi\u0107em. SDA je imala [&hellip;]<\/p>\n","protected":false},"author":3,"featured_media":181040,"comment_status":"open","ping_status":"closed","sticky":false,"template":"","format":"standard","meta":{"footnotes":""},"categories":[291],"tags":[5261],"class_list":["post-214939","post","type-post","status-publish","format-standard","has-post-thumbnail","hentry","category-bosna-i-hercegovina","tag-alma-colo"],"yoast_head":"<!-- This site is optimized with the Yoast SEO plugin v28.3 - https:\/\/yoast.com\/product\/yoast-seo-wordpress\/ -->\n<title>Biv\u0161a \u010dlanica SDA Alma \u010colo: Kada vidim kako rade druge politi\u010dke partije SDA je za njih ma\u0161ina<\/title>\n<meta name=\"robots\" content=\"index, follow, max-snippet:-1, max-image-preview:large, max-video-preview:-1\" \/>\n<link rel=\"canonical\" href=\"https:\/\/tuzlainfo.ba\/index.php\/bosna-i-hercegovina\/item\/214939-bivsa-clanica-sda-alma-colo-kada-vidim-kako-rade-druge-politicke-partije-sda-je-za-njih-masina\/\" \/>\n<meta property=\"og:locale\" content=\"bs_BA\" \/>\n<meta property=\"og:type\" content=\"article\" \/>\n<meta property=\"og:title\" content=\"Biv\u0161a \u010dlanica SDA Alma \u010colo: Kada vidim kako rade druge politi\u010dke partije SDA je za njih ma\u0161ina\" \/>\n<meta property=\"og:description\" content=\"Alma \u010colo, diplomirana pravnica i bi\u0161a \u010dlanica SDA, govorila je za televiziju N1 o problemima u toj stranci, ali i lideru Bakiru Izetbegovi\u0107u. \u201cPotrebno je najmanje godinu dana da vidimo efekte rada. \u010cini mi se da ova vlast dosta grije\u0161i. Pogre\u0161no je procijenila koalicione partnere. Nisu imali iskustva sa Dodikom i \u010covi\u0107em. SDA je imala [&hellip;]\" \/>\n<meta property=\"og:url\" content=\"https:\/\/tuzlainfo.ba\/index.php\/bosna-i-hercegovina\/item\/214939-bivsa-clanica-sda-alma-colo-kada-vidim-kako-rade-druge-politicke-partije-sda-je-za-njih-masina\/\" \/>\n<meta property=\"og:site_name\" content=\"TuzlaInfo.ba\" \/>\n<meta property=\"article:publisher\" content=\"https:\/\/www.facebook.com\/tuzlainfo.ba\/\" \/>\n<meta property=\"article:published_time\" content=\"2023-08-26T08:38:17+00:00\" \/>\n<meta property=\"og:image\" content=\"https:\/\/tuzlainfo.ba\/wp-content\/uploads\/2022\/08\/1208_alma_colo.jpg\" \/>\n\t<meta property=\"og:image:width\" content=\"800\" \/>\n\t<meta property=\"og:image:height\" content=\"540\" \/>\n\t<meta property=\"og:image:type\" content=\"image\/jpeg\" \/>\n<meta name=\"author\" content=\"admin2\" \/>\n<meta name=\"twitter:card\" content=\"summary_large_image\" \/>\n<meta name=\"twitter:label1\" content=\"Written by\" \/>\n\t<meta name=\"twitter:data1\" content=\"admin2\" \/>\n\t<meta name=\"twitter:label2\" content=\"Est. reading time\" \/>\n\t<meta name=\"twitter:data2\" content=\"3 minute\" \/>\n<script type=\"application\/ld+json\" class=\"yoast-schema-graph\">{\"@context\":\"https:\\\/\\\/schema.org\",\"@graph\":[{\"@type\":\"Article\",\"@id\":\"https:\\\/\\\/tuzlainfo.ba\\\/index.php\\\/bosna-i-hercegovina\\\/item\\\/214939-bivsa-clanica-sda-alma-colo-kada-vidim-kako-rade-druge-politicke-partije-sda-je-za-njih-masina\\\/#article\",\"isPartOf\":{\"@id\":\"https:\\\/\\\/tuzlainfo.ba\\\/index.php\\\/bosna-i-hercegovina\\\/item\\\/214939-bivsa-clanica-sda-alma-colo-kada-vidim-kako-rade-druge-politicke-partije-sda-je-za-njih-masina\\\/\"},\"author\":{\"name\":\"admin2\",\"@id\":\"https:\\\/\\\/tuzlainfo.ba\\\/#\\\/schema\\\/person\\\/f4ebe4fff27e68efb65fa7e18f8af372\"},\"headline\":\"Biv\u0161a \u010dlanica SDA Alma \u010colo: Kada vidim kako rade druge politi\u010dke partije SDA je za njih ma\u0161ina\",\"datePublished\":\"2023-08-26T08:38:17+00:00\",\"mainEntityOfPage\":{\"@id\":\"https:\\\/\\\/tuzlainfo.ba\\\/index.php\\\/bosna-i-hercegovina\\\/item\\\/214939-bivsa-clanica-sda-alma-colo-kada-vidim-kako-rade-druge-politicke-partije-sda-je-za-njih-masina\\\/\"},\"wordCount\":631,\"commentCount\":0,\"publisher\":{\"@id\":\"https:\\\/\\\/tuzlainfo.ba\\\/#organization\"},\"image\":{\"@id\":\"https:\\\/\\\/tuzlainfo.ba\\\/index.php\\\/bosna-i-hercegovina\\\/item\\\/214939-bivsa-clanica-sda-alma-colo-kada-vidim-kako-rade-druge-politicke-partije-sda-je-za-njih-masina\\\/#primaryimage\"},\"thumbnailUrl\":\"https:\\\/\\\/tuzlainfo.ba\\\/wp-content\\\/uploads\\\/2022\\\/08\\\/1208_alma_colo.jpg\",\"keywords\":[\"alma \u010dolo\"],\"articleSection\":[\"Bosna i Hercegovina\"],\"inLanguage\":\"bs-BA\",\"copyrightYear\":\"2023\",\"copyrightHolder\":{\"@id\":\"https:\\\/\\\/tuzlainfo.ba\\\/#organization\"}},{\"@type\":\"WebPage\",\"@id\":\"https:\\\/\\\/tuzlainfo.ba\\\/index.php\\\/bosna-i-hercegovina\\\/item\\\/214939-bivsa-clanica-sda-alma-colo-kada-vidim-kako-rade-druge-politicke-partije-sda-je-za-njih-masina\\\/\",\"url\":\"https:\\\/\\\/tuzlainfo.ba\\\/index.php\\\/bosna-i-hercegovina\\\/item\\\/214939-bivsa-clanica-sda-alma-colo-kada-vidim-kako-rade-druge-politicke-partije-sda-je-za-njih-masina\\\/\",\"name\":\"Biv\u0161a \u010dlanica SDA Alma \u010colo: Kada vidim kako rade druge politi\u010dke partije SDA je za njih ma\u0161ina\",\"isPartOf\":{\"@id\":\"https:\\\/\\\/tuzlainfo.ba\\\/#website\"},\"primaryImageOfPage\":{\"@id\":\"https:\\\/\\\/tuzlainfo.ba\\\/index.php\\\/bosna-i-hercegovina\\\/item\\\/214939-bivsa-clanica-sda-alma-colo-kada-vidim-kako-rade-druge-politicke-partije-sda-je-za-njih-masina\\\/#primaryimage\"},\"image\":{\"@id\":\"https:\\\/\\\/tuzlainfo.ba\\\/index.php\\\/bosna-i-hercegovina\\\/item\\\/214939-bivsa-clanica-sda-alma-colo-kada-vidim-kako-rade-druge-politicke-partije-sda-je-za-njih-masina\\\/#primaryimage\"},\"thumbnailUrl\":\"https:\\\/\\\/tuzlainfo.ba\\\/wp-content\\\/uploads\\\/2022\\\/08\\\/1208_alma_colo.jpg\",\"datePublished\":\"2023-08-26T08:38:17+00:00\",\"breadcrumb\":{\"@id\":\"https:\\\/\\\/tuzlainfo.ba\\\/index.php\\\/bosna-i-hercegovina\\\/item\\\/214939-bivsa-clanica-sda-alma-colo-kada-vidim-kako-rade-druge-politicke-partije-sda-je-za-njih-masina\\\/#breadcrumb\"},\"inLanguage\":\"bs-BA\",\"potentialAction\":[{\"@type\":\"ReadAction\",\"target\":[\"https:\\\/\\\/tuzlainfo.ba\\\/index.php\\\/bosna-i-hercegovina\\\/item\\\/214939-bivsa-clanica-sda-alma-colo-kada-vidim-kako-rade-druge-politicke-partije-sda-je-za-njih-masina\\\/\"]}]},{\"@type\":\"ImageObject\",\"inLanguage\":\"bs-BA\",\"@id\":\"https:\\\/\\\/tuzlainfo.ba\\\/index.php\\\/bosna-i-hercegovina\\\/item\\\/214939-bivsa-clanica-sda-alma-colo-kada-vidim-kako-rade-druge-politicke-partije-sda-je-za-njih-masina\\\/#primaryimage\",\"url\":\"https:\\\/\\\/tuzlainfo.ba\\\/wp-content\\\/uploads\\\/2022\\\/08\\\/1208_alma_colo.jpg\",\"contentUrl\":\"https:\\\/\\\/tuzlainfo.ba\\\/wp-content\\\/uploads\\\/2022\\\/08\\\/1208_alma_colo.jpg\",\"width\":800,\"height\":540},{\"@type\":\"BreadcrumbList\",\"@id\":\"https:\\\/\\\/tuzlainfo.ba\\\/index.php\\\/bosna-i-hercegovina\\\/item\\\/214939-bivsa-clanica-sda-alma-colo-kada-vidim-kako-rade-druge-politicke-partije-sda-je-za-njih-masina\\\/#breadcrumb\",\"itemListElement\":[{\"@type\":\"ListItem\",\"position\":1,\"name\":\"Home\",\"item\":\"https:\\\/\\\/tuzlainfo.ba\\\/\"},{\"@type\":\"ListItem\",\"position\":2,\"name\":\"Biv\u0161a \u010dlanica SDA Alma \u010colo: Kada vidim kako rade druge politi\u010dke partije SDA je za njih ma\u0161ina\"}]},{\"@type\":\"WebSite\",\"@id\":\"https:\\\/\\\/tuzlainfo.ba\\\/#website\",\"url\":\"https:\\\/\\\/tuzlainfo.ba\\\/\",\"name\":\"TuzlaInfo.ba\",\"description\":\"Tuzla info, gradski informator - Tuzla na dlanu\",\"publisher\":{\"@id\":\"https:\\\/\\\/tuzlainfo.ba\\\/#organization\"},\"potentialAction\":[{\"@type\":\"SearchAction\",\"target\":{\"@type\":\"EntryPoint\",\"urlTemplate\":\"https:\\\/\\\/tuzlainfo.ba\\\/?s={search_term_string}\"},\"query-input\":{\"@type\":\"PropertyValueSpecification\",\"valueRequired\":true,\"valueName\":\"search_term_string\"}}],\"inLanguage\":\"bs-BA\"},{\"@type\":\"Organization\",\"@id\":\"https:\\\/\\\/tuzlainfo.ba\\\/#organization\",\"name\":\"TuzlaInfo.ba\",\"url\":\"https:\\\/\\\/tuzlainfo.ba\\\/\",\"logo\":{\"@type\":\"ImageObject\",\"inLanguage\":\"bs-BA\",\"@id\":\"https:\\\/\\\/tuzlainfo.ba\\\/#\\\/schema\\\/logo\\\/image\\\/\",\"url\":\"https:\\\/\\\/tuzlainfo.ba\\\/wp-content\\\/uploads\\\/2021\\\/03\\\/logo-ver-3-1.png\",\"contentUrl\":\"https:\\\/\\\/tuzlainfo.ba\\\/wp-content\\\/uploads\\\/2021\\\/03\\\/logo-ver-3-1.png\",\"width\":350,\"height\":95,\"caption\":\"TuzlaInfo.ba\"},\"image\":{\"@id\":\"https:\\\/\\\/tuzlainfo.ba\\\/#\\\/schema\\\/logo\\\/image\\\/\"},\"sameAs\":[\"https:\\\/\\\/www.facebook.com\\\/tuzlainfo.ba\\\/\"]},{\"@type\":\"Person\",\"@id\":\"https:\\\/\\\/tuzlainfo.ba\\\/#\\\/schema\\\/person\\\/f4ebe4fff27e68efb65fa7e18f8af372\",\"name\":\"admin2\",\"image\":{\"@type\":\"ImageObject\",\"inLanguage\":\"bs-BA\",\"@id\":\"https:\\\/\\\/secure.gravatar.com\\\/avatar\\\/6474d9b45292367fa11d981175d83642ccdae059a6b7eabe5fed313d54ead5cb?s=96&d=mm&r=g\",\"url\":\"https:\\\/\\\/secure.gravatar.com\\\/avatar\\\/6474d9b45292367fa11d981175d83642ccdae059a6b7eabe5fed313d54ead5cb?s=96&d=mm&r=g\",\"contentUrl\":\"https:\\\/\\\/secure.gravatar.com\\\/avatar\\\/6474d9b45292367fa11d981175d83642ccdae059a6b7eabe5fed313d54ead5cb?s=96&d=mm&r=g\",\"caption\":\"admin2\"},\"description\":\"Tuzlainfo.ba pratite na dru\u0161tvenim mre\u017eama: Facebook, Instagram i Youtube. Svoje pri\u010de, upite i fotografije \u0161aljite na na\u0161u e-mail adresu.\",\"sameAs\":[\"admin\"]}]}<\/script>\n<!-- \/ Yoast SEO plugin. -->","yoast_head_json":{"title":"Biv\u0161a \u010dlanica SDA Alma \u010colo: Kada vidim kako rade druge politi\u010dke partije SDA je za njih ma\u0161ina","robots":{"index":"index","follow":"follow","max-snippet":"max-snippet:-1","max-image-preview":"max-image-preview:large","max-video-preview":"max-video-preview:-1"},"canonical":"https:\/\/tuzlainfo.ba\/index.php\/bosna-i-hercegovina\/item\/214939-bivsa-clanica-sda-alma-colo-kada-vidim-kako-rade-druge-politicke-partije-sda-je-za-njih-masina\/","og_locale":"bs_BA","og_type":"article","og_title":"Biv\u0161a \u010dlanica SDA Alma \u010colo: Kada vidim kako rade druge politi\u010dke partije SDA je za njih ma\u0161ina","og_description":"Alma \u010colo, diplomirana pravnica i bi\u0161a \u010dlanica SDA, govorila je za televiziju N1 o problemima u toj stranci, ali i lideru Bakiru Izetbegovi\u0107u. \u201cPotrebno je najmanje godinu dana da vidimo efekte rada. \u010cini mi se da ova vlast dosta grije\u0161i. Pogre\u0161no je procijenila koalicione partnere. Nisu imali iskustva sa Dodikom i \u010covi\u0107em. SDA je imala [&hellip;]","og_url":"https:\/\/tuzlainfo.ba\/index.php\/bosna-i-hercegovina\/item\/214939-bivsa-clanica-sda-alma-colo-kada-vidim-kako-rade-druge-politicke-partije-sda-je-za-njih-masina\/","og_site_name":"TuzlaInfo.ba","article_publisher":"https:\/\/www.facebook.com\/tuzlainfo.ba\/","article_published_time":"2023-08-26T08:38:17+00:00","og_image":[{"width":800,"height":540,"url":"https:\/\/tuzlainfo.ba\/wp-content\/uploads\/2022\/08\/1208_alma_colo.jpg","type":"image\/jpeg"}],"author":"admin2","twitter_card":"summary_large_image","twitter_misc":{"Written by":"admin2","Est. reading time":"3 minute"},"schema":{"@context":"https:\/\/schema.org","@graph":[{"@type":"Article","@id":"https:\/\/tuzlainfo.ba\/index.php\/bosna-i-hercegovina\/item\/214939-bivsa-clanica-sda-alma-colo-kada-vidim-kako-rade-druge-politicke-partije-sda-je-za-njih-masina\/#article","isPartOf":{"@id":"https:\/\/tuzlainfo.ba\/index.php\/bosna-i-hercegovina\/item\/214939-bivsa-clanica-sda-alma-colo-kada-vidim-kako-rade-druge-politicke-partije-sda-je-za-njih-masina\/"},"author":{"name":"admin2","@id":"https:\/\/tuzlainfo.ba\/#\/schema\/person\/f4ebe4fff27e68efb65fa7e18f8af372"},"headline":"Biv\u0161a \u010dlanica SDA Alma \u010colo: Kada vidim kako rade druge politi\u010dke partije SDA je za njih ma\u0161ina","datePublished":"2023-08-26T08:38:17+00:00","mainEntityOfPage":{"@id":"https:\/\/tuzlainfo.ba\/index.php\/bosna-i-hercegovina\/item\/214939-bivsa-clanica-sda-alma-colo-kada-vidim-kako-rade-druge-politicke-partije-sda-je-za-njih-masina\/"},"wordCount":631,"commentCount":0,"publisher":{"@id":"https:\/\/tuzlainfo.ba\/#organization"},"image":{"@id":"https:\/\/tuzlainfo.ba\/index.php\/bosna-i-hercegovina\/item\/214939-bivsa-clanica-sda-alma-colo-kada-vidim-kako-rade-druge-politicke-partije-sda-je-za-njih-masina\/#primaryimage"},"thumbnailUrl":"https:\/\/tuzlainfo.ba\/wp-content\/uploads\/2022\/08\/1208_alma_colo.jpg","keywords":["alma \u010dolo"],"articleSection":["Bosna i Hercegovina"],"inLanguage":"bs-BA","copyrightYear":"2023","copyrightHolder":{"@id":"https:\/\/tuzlainfo.ba\/#organization"}},{"@type":"WebPage","@id":"https:\/\/tuzlainfo.ba\/index.php\/bosna-i-hercegovina\/item\/214939-bivsa-clanica-sda-alma-colo-kada-vidim-kako-rade-druge-politicke-partije-sda-je-za-njih-masina\/","url":"https:\/\/tuzlainfo.ba\/index.php\/bosna-i-hercegovina\/item\/214939-bivsa-clanica-sda-alma-colo-kada-vidim-kako-rade-druge-politicke-partije-sda-je-za-njih-masina\/","name":"Biv\u0161a \u010dlanica SDA Alma \u010colo: Kada vidim kako rade druge politi\u010dke partije SDA je za njih ma\u0161ina","isPartOf":{"@id":"https:\/\/tuzlainfo.ba\/#website"},"primaryImageOfPage":{"@id":"https:\/\/tuzlainfo.ba\/index.php\/bosna-i-hercegovina\/item\/214939-bivsa-clanica-sda-alma-colo-kada-vidim-kako-rade-druge-politicke-partije-sda-je-za-njih-masina\/#primaryimage"},"image":{"@id":"https:\/\/tuzlainfo.ba\/index.php\/bosna-i-hercegovina\/item\/214939-bivsa-clanica-sda-alma-colo-kada-vidim-kako-rade-druge-politicke-partije-sda-je-za-njih-masina\/#primaryimage"},"thumbnailUrl":"https:\/\/tuzlainfo.ba\/wp-content\/uploads\/2022\/08\/1208_alma_colo.jpg","datePublished":"2023-08-26T08:38:17+00:00","breadcrumb":{"@id":"https:\/\/tuzlainfo.ba\/index.php\/bosna-i-hercegovina\/item\/214939-bivsa-clanica-sda-alma-colo-kada-vidim-kako-rade-druge-politicke-partije-sda-je-za-njih-masina\/#breadcrumb"},"inLanguage":"bs-BA","potentialAction":[{"@type":"ReadAction","target":["https:\/\/tuzlainfo.ba\/index.php\/bosna-i-hercegovina\/item\/214939-bivsa-clanica-sda-alma-colo-kada-vidim-kako-rade-druge-politicke-partije-sda-je-za-njih-masina\/"]}]},{"@type":"ImageObject","inLanguage":"bs-BA","@id":"https:\/\/tuzlainfo.ba\/index.php\/bosna-i-hercegovina\/item\/214939-bivsa-clanica-sda-alma-colo-kada-vidim-kako-rade-druge-politicke-partije-sda-je-za-njih-masina\/#primaryimage","url":"https:\/\/tuzlainfo.ba\/wp-content\/uploads\/2022\/08\/1208_alma_colo.jpg","contentUrl":"https:\/\/tuzlainfo.ba\/wp-content\/uploads\/2022\/08\/1208_alma_colo.jpg","width":800,"height":540},{"@type":"BreadcrumbList","@id":"https:\/\/tuzlainfo.ba\/index.php\/bosna-i-hercegovina\/item\/214939-bivsa-clanica-sda-alma-colo-kada-vidim-kako-rade-druge-politicke-partije-sda-je-za-njih-masina\/#breadcrumb","itemListElement":[{"@type":"ListItem","position":1,"name":"Home","item":"https:\/\/tuzlainfo.ba\/"},{"@type":"ListItem","position":2,"name":"Biv\u0161a \u010dlanica SDA Alma \u010colo: Kada vidim kako rade druge politi\u010dke partije SDA je za njih ma\u0161ina"}]},{"@type":"WebSite","@id":"https:\/\/tuzlainfo.ba\/#website","url":"https:\/\/tuzlainfo.ba\/","name":"TuzlaInfo.ba","description":"Tuzla info, gradski informator - Tuzla na dlanu","publisher":{"@id":"https:\/\/tuzlainfo.ba\/#organization"},"potentialAction":[{"@type":"SearchAction","target":{"@type":"EntryPoint","urlTemplate":"https:\/\/tuzlainfo.ba\/?s={search_term_string}"},"query-input":{"@type":"PropertyValueSpecification","valueRequired":true,"valueName":"search_term_string"}}],"inLanguage":"bs-BA"},{"@type":"Organization","@id":"https:\/\/tuzlainfo.ba\/#organization","name":"TuzlaInfo.ba","url":"https:\/\/tuzlainfo.ba\/","logo":{"@type":"ImageObject","inLanguage":"bs-BA","@id":"https:\/\/tuzlainfo.ba\/#\/schema\/logo\/image\/","url":"https:\/\/tuzlainfo.ba\/wp-content\/uploads\/2021\/03\/logo-ver-3-1.png","contentUrl":"https:\/\/tuzlainfo.ba\/wp-content\/uploads\/2021\/03\/logo-ver-3-1.png","width":350,"height":95,"caption":"TuzlaInfo.ba"},"image":{"@id":"https:\/\/tuzlainfo.ba\/#\/schema\/logo\/image\/"},"sameAs":["https:\/\/www.facebook.com\/tuzlainfo.ba\/"]},{"@type":"Person","@id":"https:\/\/tuzlainfo.ba\/#\/schema\/person\/f4ebe4fff27e68efb65fa7e18f8af372","name":"admin2","image":{"@type":"ImageObject","inLanguage":"bs-BA","@id":"https:\/\/secure.gravatar.com\/avatar\/6474d9b45292367fa11d981175d83642ccdae059a6b7eabe5fed313d54ead5cb?s=96&d=mm&r=g","url":"https:\/\/secure.gravatar.com\/avatar\/6474d9b45292367fa11d981175d83642ccdae059a6b7eabe5fed313d54ead5cb?s=96&d=mm&r=g","contentUrl":"https:\/\/secure.gravatar.com\/avatar\/6474d9b45292367fa11d981175d83642ccdae059a6b7eabe5fed313d54ead5cb?s=96&d=mm&r=g","caption":"admin2"},"description":"Tuzlainfo.ba pratite na dru\u0161tvenim mre\u017eama: Facebook, Instagram i Youtube. Svoje pri\u010de, upite i fotografije \u0161aljite na na\u0161u e-mail adresu.","sameAs":["admin"]}]}},"_links":{"self":[{"href":"https:\/\/tuzlainfo.ba\/index.php\/wp-json\/wp\/v2\/posts\/214939","targetHints":{"allow":["GET"]}}],"collection":[{"href":"https:\/\/tuzlainfo.ba\/index.php\/wp-json\/wp\/v2\/posts"}],"about":[{"href":"https:\/\/tuzlainfo.ba\/index.php\/wp-json\/wp\/v2\/types\/post"}],"author":[{"embeddable":true,"href":"https:\/\/tuzlainfo.ba\/index.php\/wp-json\/wp\/v2\/users\/3"}],"replies":[{"embeddable":true,"href":"https:\/\/tuzlainfo.ba\/index.php\/wp-json\/wp\/v2\/comments?post=214939"}],"version-history":[{"count":0,"href":"https:\/\/tuzlainfo.ba\/index.php\/wp-json\/wp\/v2\/posts\/214939\/revisions"}],"wp:featuredmedia":[{"embeddable":true,"href":"https:\/\/tuzlainfo.ba\/index.php\/wp-json\/wp\/v2\/media\/181040"}],"wp:attachment":[{"href":"https:\/\/tuzlainfo.ba\/index.php\/wp-json\/wp\/v2\/media?parent=214939"}],"wp:term":[{"taxonomy":"category","embeddable":true,"href":"https:\/\/tuzlainfo.ba\/index.php\/wp-json\/wp\/v2\/categories?post=214939"},{"taxonomy":"post_tag","embeddable":true,"href":"https:\/\/tuzlainfo.ba\/index.php\/wp-json\/wp\/v2\/tags?post=214939"}],"curies":[{"name":"wp","href":"https:\/\/api.w.org\/{rel}","templated":true}]}}