{"id":214925,"date":"2023-08-26T13:31:54","date_gmt":"2023-08-26T11:31:54","guid":{"rendered":"https:\/\/tuzlainfo.ba\/?p=214925"},"modified":"2023-08-26T12:31:59","modified_gmt":"2023-08-26T10:31:59","slug":"delegacija-ambasade-ir-iran-u-posjetila-biblioteku-dervis-susic-tuzla","status":"publish","type":"post","link":"https:\/\/tuzlainfo.ba\/index.php\/novosti\/item\/214925-delegacija-ambasade-ir-iran-u-posjetila-biblioteku-dervis-susic-tuzla\/","title":{"rendered":"Delegacija Ambasade IR Iran u posjetila Biblioteku \u201cDervi\u0161 Su\u0161i\u0107\u201d Tuzla"},"content":{"rendered":"<p>Nedugo nakon pro\u0161losedmi\u010dne posjete Muhammeda Huseina Ansarija, konzula za kulturu Ambasade Islamske Republike Iran, delegacija na \u010delu sa \u0161efom misije Ambasade IR Iran, Mashallahom Shakerijem, posjetila je Narodnu i univerzitetsku biblioteku\u201c Dervi\u0161 Su\u0161i\u0107\u201c Tuzla.<\/p>\n<p>U razgovoru sa vr\u0161iocem du\u017enosti direktorice ove ustanove Sanjom Duki\u0107 i predsjednikom Upravnog odbora Biblioteke D\u017eevadom Me\u0161anovi\u0107em, dogovoreni su konkretni koraci u o\u017eivljavanju aktivnosti Iranske biblioteke. Tako se ve\u0107 u septembru o\u010dekuje promocija vrijednih izdanja koje je podr\u017eao Iranski kulturni centar u Bosni i Hercegovini, a utvr\u0111ene su pojedinosti kojima \u0107e se potencijalnim studentima &#8211; stipendistima iz Bosne i Hercegovine, pomo\u0107i pri procesu izbora studija i apliciranja na neki od iranskih univerziteta.<\/p>\n<p>U narednom periodu u Narodnoj i univerzitetskoj biblioteci \u201cDervi\u0161 Su\u0161i\u0107\u201d Tuzla zainteresirane o\u010dekuje prikazivanje filmova koji promovi\u0161u kulturno bogatstvo Irana, namijenjenih djeci i mladima, izlo\u017eba kaligrafije, promocija izdanja najnovijih prevoda sa perzijskog jezika, poha\u0111anje online kurseva perzijskog jezika, kao i mogu\u0107nost virtualnog putovanja Iranom i upoznavanje sa kulturnim bogatstvom ove zemlje.<\/p>\n<p>Prilikom ove posjete uru\u010deni su vrijedni naslovi izdanja Iranskog kulturnog centra, a posebno je bitno naglasiti da je stigla donacija u vidu ve\u0107eg broja slika kojima \u0107e se osvje\u017eiti ambijent Iranske biblioteke.<\/p>\n<p>Iranska biblioteka oformljena je 1998. godine, kao zajedni\u010dki projekat Biblioteke i Iranskog kulturnog centra u Sarajevu, koji djeluje pri Ambasadi Islamske Republike Iran u Bosni i Hercegovini. \u010citaocima je na raspolaganju oko 500 knjiga o orijentalnoj kulturi i civilizaciji, na \u010detiri jezika: perzijskom, arapskom, engleskom i bosanskom. Iranski kulturni centar nastoji da fond pro\u0161iruje djelima prevedenim na bosanski jezik, kako bi gra\u0111a bila dostupna \u0161irem krugu \u010ditalaca. Knjige iranskih pisaca i na bosanskom jeziku \u010dlanovi biblioteke mogu na\u0107i i na Odjeljenju za odrasle, u bogatoj zbirci naslova orijentalnih pisaca.<\/p>\n","protected":false},"excerpt":{"rendered":"<p>Nedugo nakon pro\u0161losedmi\u010dne posjete Muhammeda Huseina Ansarija, konzula za kulturu Ambasade Islamske Republike Iran, delegacija&hellip;<\/p>\n","protected":false},"author":2,"featured_media":214928,"comment_status":"open","ping_status":"closed","sticky":false,"template":"","format":"standard","meta":{"_acf_changed":false,"footnotes":""},"categories":[304,12],"tags":[7998,1593,42],"acf":[],"yoast_head":"<!-- This site is optimized with the Yoast SEO plugin v23.5 - https:\/\/yoast.com\/wordpress\/plugins\/seo\/ -->\n<title>Delegacija Ambasade IR Iran u posjetila Biblioteku \u201cDervi\u0161 Su\u0161i\u0107\u201d Tuzla - TuzlaInfo.ba<\/title>\n<meta name=\"robots\" content=\"index, follow, max-snippet:-1, max-image-preview:large, max-video-preview:-1\" \/>\n<link rel=\"canonical\" href=\"https:\/\/tuzlainfo.ba\/index.php\/novosti\/item\/214925-delegacija-ambasade-ir-iran-u-posjetila-biblioteku-dervis-susic-tuzla\/\" \/>\n<meta property=\"og:locale\" content=\"bs_BA\" \/>\n<meta property=\"og:type\" content=\"article\" \/>\n<meta property=\"og:title\" content=\"Delegacija Ambasade IR Iran u posjetila Biblioteku \u201cDervi\u0161 Su\u0161i\u0107\u201d Tuzla - TuzlaInfo.ba\" \/>\n<meta property=\"og:description\" content=\"Nedugo nakon pro\u0161losedmi\u010dne posjete Muhammeda Huseina Ansarija, konzula za kulturu Ambasade Islamske Republike Iran, delegacija&hellip;\" \/>\n<meta property=\"og:url\" content=\"https:\/\/tuzlainfo.ba\/index.php\/novosti\/item\/214925-delegacija-ambasade-ir-iran-u-posjetila-biblioteku-dervis-susic-tuzla\/\" \/>\n<meta property=\"og:site_name\" content=\"TuzlaInfo.ba\" \/>\n<meta property=\"article:publisher\" content=\"https:\/\/www.facebook.com\/tuzlainfo.ba\/\" \/>\n<meta property=\"article:published_time\" content=\"2023-08-26T11:31:54+00:00\" \/>\n<meta property=\"article:modified_time\" content=\"2023-08-26T10:31:59+00:00\" \/>\n<meta property=\"og:image\" content=\"https:\/\/tuzlainfo.ba\/wp-content\/uploads\/2023\/08\/2608_biblio_ira.jpg\" \/>\n\t<meta property=\"og:image:width\" content=\"1000\" \/>\n\t<meta property=\"og:image:height\" content=\"636\" \/>\n\t<meta property=\"og:image:type\" content=\"image\/jpeg\" \/>\n<meta name=\"author\" content=\"nedim\" \/>\n<meta name=\"twitter:card\" content=\"summary_large_image\" \/>\n<meta name=\"twitter:label1\" content=\"Written by\" \/>\n\t<meta name=\"twitter:data1\" content=\"nedim\" \/>\n\t<meta name=\"twitter:label2\" content=\"Est. reading time\" \/>\n\t<meta name=\"twitter:data2\" content=\"2 minute\" \/>\n<script type=\"application\/ld+json\" class=\"yoast-schema-graph\">{\"@context\":\"https:\/\/schema.org\",\"@graph\":[{\"@type\":\"Article\",\"@id\":\"https:\/\/tuzlainfo.ba\/index.php\/novosti\/item\/214925-delegacija-ambasade-ir-iran-u-posjetila-biblioteku-dervis-susic-tuzla\/#article\",\"isPartOf\":{\"@id\":\"https:\/\/tuzlainfo.ba\/index.php\/novosti\/item\/214925-delegacija-ambasade-ir-iran-u-posjetila-biblioteku-dervis-susic-tuzla\/\"},\"author\":{\"name\":\"nedim\",\"@id\":\"https:\/\/tuzlainfo.ba\/#\/schema\/person\/f434e20dc27ea133923aab08451b7f7f\"},\"headline\":\"Delegacija Ambasade IR Iran u posjetila Biblioteku \u201cDervi\u0161 Su\u0161i\u0107\u201d Tuzla\",\"datePublished\":\"2023-08-26T11:31:54+00:00\",\"dateModified\":\"2023-08-26T10:31:59+00:00\",\"mainEntityOfPage\":{\"@id\":\"https:\/\/tuzlainfo.ba\/index.php\/novosti\/item\/214925-delegacija-ambasade-ir-iran-u-posjetila-biblioteku-dervis-susic-tuzla\/\"},\"wordCount\":313,\"commentCount\":0,\"publisher\":{\"@id\":\"https:\/\/tuzlainfo.ba\/#organization\"},\"image\":{\"@id\":\"https:\/\/tuzlainfo.ba\/index.php\/novosti\/item\/214925-delegacija-ambasade-ir-iran-u-posjetila-biblioteku-dervis-susic-tuzla\/#primaryimage\"},\"thumbnailUrl\":\"https:\/\/tuzlainfo.ba\/wp-content\/uploads\/2023\/08\/2608_biblio_ira.jpg\",\"keywords\":[\"Ambasada Islamske Republike Iran\",\"biblioteka dervi\u0161 su\u0161i\u0107\",\"tuzla\"],\"articleSection\":[\"Istaknuto\",\"Novosti\"],\"inLanguage\":\"bs-BA\"},{\"@type\":\"WebPage\",\"@id\":\"https:\/\/tuzlainfo.ba\/index.php\/novosti\/item\/214925-delegacija-ambasade-ir-iran-u-posjetila-biblioteku-dervis-susic-tuzla\/\",\"url\":\"https:\/\/tuzlainfo.ba\/index.php\/novosti\/item\/214925-delegacija-ambasade-ir-iran-u-posjetila-biblioteku-dervis-susic-tuzla\/\",\"name\":\"Delegacija Ambasade IR Iran u posjetila Biblioteku \u201cDervi\u0161 Su\u0161i\u0107\u201d Tuzla - TuzlaInfo.ba\",\"isPartOf\":{\"@id\":\"https:\/\/tuzlainfo.ba\/#website\"},\"primaryImageOfPage\":{\"@id\":\"https:\/\/tuzlainfo.ba\/index.php\/novosti\/item\/214925-delegacija-ambasade-ir-iran-u-posjetila-biblioteku-dervis-susic-tuzla\/#primaryimage\"},\"image\":{\"@id\":\"https:\/\/tuzlainfo.ba\/index.php\/novosti\/item\/214925-delegacija-ambasade-ir-iran-u-posjetila-biblioteku-dervis-susic-tuzla\/#primaryimage\"},\"thumbnailUrl\":\"https:\/\/tuzlainfo.ba\/wp-content\/uploads\/2023\/08\/2608_biblio_ira.jpg\",\"datePublished\":\"2023-08-26T11:31:54+00:00\",\"dateModified\":\"2023-08-26T10:31:59+00:00\",\"breadcrumb\":{\"@id\":\"https:\/\/tuzlainfo.ba\/index.php\/novosti\/item\/214925-delegacija-ambasade-ir-iran-u-posjetila-biblioteku-dervis-susic-tuzla\/#breadcrumb\"},\"inLanguage\":\"bs-BA\",\"potentialAction\":[{\"@type\":\"ReadAction\",\"target\":[\"https:\/\/tuzlainfo.ba\/index.php\/novosti\/item\/214925-delegacija-ambasade-ir-iran-u-posjetila-biblioteku-dervis-susic-tuzla\/\"]}]},{\"@type\":\"ImageObject\",\"inLanguage\":\"bs-BA\",\"@id\":\"https:\/\/tuzlainfo.ba\/index.php\/novosti\/item\/214925-delegacija-ambasade-ir-iran-u-posjetila-biblioteku-dervis-susic-tuzla\/#primaryimage\",\"url\":\"https:\/\/tuzlainfo.ba\/wp-content\/uploads\/2023\/08\/2608_biblio_ira.jpg\",\"contentUrl\":\"https:\/\/tuzlainfo.ba\/wp-content\/uploads\/2023\/08\/2608_biblio_ira.jpg\",\"width\":1000,\"height\":636},{\"@type\":\"BreadcrumbList\",\"@id\":\"https:\/\/tuzlainfo.ba\/index.php\/novosti\/item\/214925-delegacija-ambasade-ir-iran-u-posjetila-biblioteku-dervis-susic-tuzla\/#breadcrumb\",\"itemListElement\":[{\"@type\":\"ListItem\",\"position\":1,\"name\":\"Home\",\"item\":\"https:\/\/tuzlainfo.ba\/\"},{\"@type\":\"ListItem\",\"position\":2,\"name\":\"Delegacija Ambasade IR Iran u posjetila Biblioteku \u201cDervi\u0161 Su\u0161i\u0107\u201d Tuzla\"}]},{\"@type\":\"WebSite\",\"@id\":\"https:\/\/tuzlainfo.ba\/#website\",\"url\":\"https:\/\/tuzlainfo.ba\/\",\"name\":\"TuzlaInfo.ba\",\"description\":\"Tuzla info, gradski informator - Tuzla na dlanu\",\"publisher\":{\"@id\":\"https:\/\/tuzlainfo.ba\/#organization\"},\"potentialAction\":[{\"@type\":\"SearchAction\",\"target\":{\"@type\":\"EntryPoint\",\"urlTemplate\":\"https:\/\/tuzlainfo.ba\/?s={search_term_string}\"},\"query-input\":{\"@type\":\"PropertyValueSpecification\",\"valueRequired\":true,\"valueName\":\"search_term_string\"}}],\"inLanguage\":\"bs-BA\"},{\"@type\":\"Organization\",\"@id\":\"https:\/\/tuzlainfo.ba\/#organization\",\"name\":\"TuzlaInfo.ba\",\"url\":\"https:\/\/tuzlainfo.ba\/\",\"logo\":{\"@type\":\"ImageObject\",\"inLanguage\":\"bs-BA\",\"@id\":\"https:\/\/tuzlainfo.ba\/#\/schema\/logo\/image\/\",\"url\":\"https:\/\/tuzlainfo.ba\/wp-content\/uploads\/2021\/03\/logo-ver-3-1.png\",\"contentUrl\":\"https:\/\/tuzlainfo.ba\/wp-content\/uploads\/2021\/03\/logo-ver-3-1.png\",\"width\":350,\"height\":95,\"caption\":\"TuzlaInfo.ba\"},\"image\":{\"@id\":\"https:\/\/tuzlainfo.ba\/#\/schema\/logo\/image\/\"},\"sameAs\":[\"https:\/\/www.facebook.com\/tuzlainfo.ba\/\"]},{\"@type\":\"Person\",\"@id\":\"https:\/\/tuzlainfo.ba\/#\/schema\/person\/f434e20dc27ea133923aab08451b7f7f\",\"name\":\"nedim\",\"image\":{\"@type\":\"ImageObject\",\"inLanguage\":\"bs-BA\",\"@id\":\"https:\/\/tuzlainfo.ba\/#\/schema\/person\/image\/\",\"url\":\"https:\/\/tuzlainfo.ba\/wp-content\/litespeed\/avatar\/aabad687af24844af817603ac1cbdc4f.jpg?ver=1777306975\",\"contentUrl\":\"https:\/\/tuzlainfo.ba\/wp-content\/litespeed\/avatar\/aabad687af24844af817603ac1cbdc4f.jpg?ver=1777306975\",\"caption\":\"nedim\"},\"description\":\"Tuzlainfo.ba pratite na dru\u0161tvenim mre\u017eama: Facebook, Instagram i Youtube. Svoje pri\u010de, upite i fotografije \u0161aljite na na\u0161u e-mail adresu.\"}]}<\/script>\n<!-- \/ Yoast SEO plugin. -->","yoast_head_json":{"title":"Delegacija Ambasade IR Iran u posjetila Biblioteku \u201cDervi\u0161 Su\u0161i\u0107\u201d Tuzla - TuzlaInfo.ba","robots":{"index":"index","follow":"follow","max-snippet":"max-snippet:-1","max-image-preview":"max-image-preview:large","max-video-preview":"max-video-preview:-1"},"canonical":"https:\/\/tuzlainfo.ba\/index.php\/novosti\/item\/214925-delegacija-ambasade-ir-iran-u-posjetila-biblioteku-dervis-susic-tuzla\/","og_locale":"bs_BA","og_type":"article","og_title":"Delegacija Ambasade IR Iran u posjetila Biblioteku \u201cDervi\u0161 Su\u0161i\u0107\u201d Tuzla - TuzlaInfo.ba","og_description":"Nedugo nakon pro\u0161losedmi\u010dne posjete Muhammeda Huseina Ansarija, konzula za kulturu Ambasade Islamske Republike Iran, delegacija&hellip;","og_url":"https:\/\/tuzlainfo.ba\/index.php\/novosti\/item\/214925-delegacija-ambasade-ir-iran-u-posjetila-biblioteku-dervis-susic-tuzla\/","og_site_name":"TuzlaInfo.ba","article_publisher":"https:\/\/www.facebook.com\/tuzlainfo.ba\/","article_published_time":"2023-08-26T11:31:54+00:00","article_modified_time":"2023-08-26T10:31:59+00:00","og_image":[{"width":1000,"height":636,"url":"https:\/\/tuzlainfo.ba\/wp-content\/uploads\/2023\/08\/2608_biblio_ira.jpg","type":"image\/jpeg"}],"author":"nedim","twitter_card":"summary_large_image","twitter_misc":{"Written by":"nedim","Est. reading time":"2 minute"},"schema":{"@context":"https:\/\/schema.org","@graph":[{"@type":"Article","@id":"https:\/\/tuzlainfo.ba\/index.php\/novosti\/item\/214925-delegacija-ambasade-ir-iran-u-posjetila-biblioteku-dervis-susic-tuzla\/#article","isPartOf":{"@id":"https:\/\/tuzlainfo.ba\/index.php\/novosti\/item\/214925-delegacija-ambasade-ir-iran-u-posjetila-biblioteku-dervis-susic-tuzla\/"},"author":{"name":"nedim","@id":"https:\/\/tuzlainfo.ba\/#\/schema\/person\/f434e20dc27ea133923aab08451b7f7f"},"headline":"Delegacija Ambasade IR Iran u posjetila Biblioteku \u201cDervi\u0161 Su\u0161i\u0107\u201d Tuzla","datePublished":"2023-08-26T11:31:54+00:00","dateModified":"2023-08-26T10:31:59+00:00","mainEntityOfPage":{"@id":"https:\/\/tuzlainfo.ba\/index.php\/novosti\/item\/214925-delegacija-ambasade-ir-iran-u-posjetila-biblioteku-dervis-susic-tuzla\/"},"wordCount":313,"commentCount":0,"publisher":{"@id":"https:\/\/tuzlainfo.ba\/#organization"},"image":{"@id":"https:\/\/tuzlainfo.ba\/index.php\/novosti\/item\/214925-delegacija-ambasade-ir-iran-u-posjetila-biblioteku-dervis-susic-tuzla\/#primaryimage"},"thumbnailUrl":"https:\/\/tuzlainfo.ba\/wp-content\/uploads\/2023\/08\/2608_biblio_ira.jpg","keywords":["Ambasada Islamske Republike Iran","biblioteka dervi\u0161 su\u0161i\u0107","tuzla"],"articleSection":["Istaknuto","Novosti"],"inLanguage":"bs-BA"},{"@type":"WebPage","@id":"https:\/\/tuzlainfo.ba\/index.php\/novosti\/item\/214925-delegacija-ambasade-ir-iran-u-posjetila-biblioteku-dervis-susic-tuzla\/","url":"https:\/\/tuzlainfo.ba\/index.php\/novosti\/item\/214925-delegacija-ambasade-ir-iran-u-posjetila-biblioteku-dervis-susic-tuzla\/","name":"Delegacija Ambasade IR Iran u posjetila Biblioteku \u201cDervi\u0161 Su\u0161i\u0107\u201d Tuzla - TuzlaInfo.ba","isPartOf":{"@id":"https:\/\/tuzlainfo.ba\/#website"},"primaryImageOfPage":{"@id":"https:\/\/tuzlainfo.ba\/index.php\/novosti\/item\/214925-delegacija-ambasade-ir-iran-u-posjetila-biblioteku-dervis-susic-tuzla\/#primaryimage"},"image":{"@id":"https:\/\/tuzlainfo.ba\/index.php\/novosti\/item\/214925-delegacija-ambasade-ir-iran-u-posjetila-biblioteku-dervis-susic-tuzla\/#primaryimage"},"thumbnailUrl":"https:\/\/tuzlainfo.ba\/wp-content\/uploads\/2023\/08\/2608_biblio_ira.jpg","datePublished":"2023-08-26T11:31:54+00:00","dateModified":"2023-08-26T10:31:59+00:00","breadcrumb":{"@id":"https:\/\/tuzlainfo.ba\/index.php\/novosti\/item\/214925-delegacija-ambasade-ir-iran-u-posjetila-biblioteku-dervis-susic-tuzla\/#breadcrumb"},"inLanguage":"bs-BA","potentialAction":[{"@type":"ReadAction","target":["https:\/\/tuzlainfo.ba\/index.php\/novosti\/item\/214925-delegacija-ambasade-ir-iran-u-posjetila-biblioteku-dervis-susic-tuzla\/"]}]},{"@type":"ImageObject","inLanguage":"bs-BA","@id":"https:\/\/tuzlainfo.ba\/index.php\/novosti\/item\/214925-delegacija-ambasade-ir-iran-u-posjetila-biblioteku-dervis-susic-tuzla\/#primaryimage","url":"https:\/\/tuzlainfo.ba\/wp-content\/uploads\/2023\/08\/2608_biblio_ira.jpg","contentUrl":"https:\/\/tuzlainfo.ba\/wp-content\/uploads\/2023\/08\/2608_biblio_ira.jpg","width":1000,"height":636},{"@type":"BreadcrumbList","@id":"https:\/\/tuzlainfo.ba\/index.php\/novosti\/item\/214925-delegacija-ambasade-ir-iran-u-posjetila-biblioteku-dervis-susic-tuzla\/#breadcrumb","itemListElement":[{"@type":"ListItem","position":1,"name":"Home","item":"https:\/\/tuzlainfo.ba\/"},{"@type":"ListItem","position":2,"name":"Delegacija Ambasade IR Iran u posjetila Biblioteku \u201cDervi\u0161 Su\u0161i\u0107\u201d Tuzla"}]},{"@type":"WebSite","@id":"https:\/\/tuzlainfo.ba\/#website","url":"https:\/\/tuzlainfo.ba\/","name":"TuzlaInfo.ba","description":"Tuzla info, gradski informator - Tuzla na dlanu","publisher":{"@id":"https:\/\/tuzlainfo.ba\/#organization"},"potentialAction":[{"@type":"SearchAction","target":{"@type":"EntryPoint","urlTemplate":"https:\/\/tuzlainfo.ba\/?s={search_term_string}"},"query-input":{"@type":"PropertyValueSpecification","valueRequired":true,"valueName":"search_term_string"}}],"inLanguage":"bs-BA"},{"@type":"Organization","@id":"https:\/\/tuzlainfo.ba\/#organization","name":"TuzlaInfo.ba","url":"https:\/\/tuzlainfo.ba\/","logo":{"@type":"ImageObject","inLanguage":"bs-BA","@id":"https:\/\/tuzlainfo.ba\/#\/schema\/logo\/image\/","url":"https:\/\/tuzlainfo.ba\/wp-content\/uploads\/2021\/03\/logo-ver-3-1.png","contentUrl":"https:\/\/tuzlainfo.ba\/wp-content\/uploads\/2021\/03\/logo-ver-3-1.png","width":350,"height":95,"caption":"TuzlaInfo.ba"},"image":{"@id":"https:\/\/tuzlainfo.ba\/#\/schema\/logo\/image\/"},"sameAs":["https:\/\/www.facebook.com\/tuzlainfo.ba\/"]},{"@type":"Person","@id":"https:\/\/tuzlainfo.ba\/#\/schema\/person\/f434e20dc27ea133923aab08451b7f7f","name":"nedim","image":{"@type":"ImageObject","inLanguage":"bs-BA","@id":"https:\/\/tuzlainfo.ba\/#\/schema\/person\/image\/","url":"https:\/\/tuzlainfo.ba\/wp-content\/litespeed\/avatar\/aabad687af24844af817603ac1cbdc4f.jpg?ver=1777306975","contentUrl":"https:\/\/tuzlainfo.ba\/wp-content\/litespeed\/avatar\/aabad687af24844af817603ac1cbdc4f.jpg?ver=1777306975","caption":"nedim"},"description":"Tuzlainfo.ba pratite na dru\u0161tvenim mre\u017eama: Facebook, Instagram i Youtube. Svoje pri\u010de, upite i fotografije \u0161aljite na na\u0161u e-mail adresu."}]}},"_links":{"self":[{"href":"https:\/\/tuzlainfo.ba\/index.php\/wp-json\/wp\/v2\/posts\/214925"}],"collection":[{"href":"https:\/\/tuzlainfo.ba\/index.php\/wp-json\/wp\/v2\/posts"}],"about":[{"href":"https:\/\/tuzlainfo.ba\/index.php\/wp-json\/wp\/v2\/types\/post"}],"author":[{"embeddable":true,"href":"https:\/\/tuzlainfo.ba\/index.php\/wp-json\/wp\/v2\/users\/2"}],"replies":[{"embeddable":true,"href":"https:\/\/tuzlainfo.ba\/index.php\/wp-json\/wp\/v2\/comments?post=214925"}],"version-history":[{"count":0,"href":"https:\/\/tuzlainfo.ba\/index.php\/wp-json\/wp\/v2\/posts\/214925\/revisions"}],"wp:featuredmedia":[{"embeddable":true,"href":"https:\/\/tuzlainfo.ba\/index.php\/wp-json\/wp\/v2\/media\/214928"}],"wp:attachment":[{"href":"https:\/\/tuzlainfo.ba\/index.php\/wp-json\/wp\/v2\/media?parent=214925"}],"wp:term":[{"taxonomy":"category","embeddable":true,"href":"https:\/\/tuzlainfo.ba\/index.php\/wp-json\/wp\/v2\/categories?post=214925"},{"taxonomy":"post_tag","embeddable":true,"href":"https:\/\/tuzlainfo.ba\/index.php\/wp-json\/wp\/v2\/tags?post=214925"}],"curies":[{"name":"wp","href":"https:\/\/api.w.org\/{rel}","templated":true}]}}