{"id":214886,"date":"2023-08-25T17:07:31","date_gmt":"2023-08-25T15:07:31","guid":{"rendered":"https:\/\/tuzlainfo.ba\/?p=214886"},"modified":"2023-08-25T15:34:37","modified_gmt":"2023-08-25T13:34:37","slug":"tk-ministarstvo-obrazovanja-organizuje-seminare-u-cilju-jacanja-kompetencija-kod-nastavnika","status":"publish","type":"post","link":"https:\/\/tuzlainfo.ba\/index.php\/novosti\/item\/214886-tk-ministarstvo-obrazovanja-organizuje-seminare-u-cilju-jacanja-kompetencija-kod-nastavnika\/","title":{"rendered":"TK: Ministarstvo obrazovanja organizuje seminare u cilju ja\u010danja kompetencija kod nastavnika"},"content":{"rendered":"<p>Ministarstvo obrazovanja i nauke Tuzlanskog kantona prezentovalo je niz stru\u010dnih usavr\u0161avanja za direktore, pedagoge i predsjednike stru\u010dnih aktiva osnovnih i srednjih \u0161kola, koje realiziraju Pedago\u0161ki zavod i Dru\u0161tvo pedagoga i psihologa TK.<\/p>\n<p>Seminari su, po rije\u010dima ministra obrazovanja i nauke TK Ahmeda Omerovi\u0107a, samo jedan od segmenata kojim Vlada Tuzlanskog kantona i resorno ministarstvo \u017eele oja\u010dati sigurnosno okru\u017eenje za u\u010denike, roditelje i zaposlenike u \u0161kolama.<\/p>\n<p>&#8211; Mi smo donijeli propis i osigurat \u0107emo sredstva da imamo fizi\u010dko i tehni\u010dko osiguranje u \u0161kolama. Drugi segment je izmjena niza propisa kao \u0161to je ku\u0107ni red u \u0161kolama, pravilnik o disciplinskoj odgovornosti, eti\u010dki kodeks. Sve \u0107emo to promijeniti i usvojiti u toku septembra \u2013 kazao je Omerovi\u0107.<\/p>\n<p>Tre\u0107i segment, dodao je, jeste ja\u010danje kompetencija kod nastavnika s ciljem prevencije neprihvatljivih pona\u0161anja kod u\u010denika. Ovo je nu\u017eno kako bismo imali kvalitetnije sigurnosno okru\u017eenje.<\/p>\n<p>Da je pred svim u\u010desnicima u obrazovnom procesu daleko ve\u0107i zadatak od prevencije, mi\u0161ljenja je pomo\u0107nik direktora Pedago\u0161kog zova TK Izet Numanovi\u0107.<\/p>\n<p>&#8211; Moramo u\u0107i i u podru\u010dje promjene paradigme kompletne kulturolo\u0161ke slike pona\u0161anja, ne samo u \u0161koli nego i u dru\u0161tvu &#8211; ka\u017ee Numanovi\u0107, fokusiraju\u0107i se na odnos po\u0161tovanja.<\/p>\n<p>Do kraja augusta, najavio je, u op\u0107inama i gradovima na podru\u010dju TK bit \u0107e organizovane obuke u \u0161kolama, a drugi set seminara uslijedit \u0107e krajem septembra.<\/p>\n<p>Tematski blokovi, odnose se na rad sa u\u010denicima, na me\u0111uljudske odnose u \u0161kolama, ja\u010danje tzv. didakti\u010dkog trokuta u\u010denik-nastavnik-roditelj, fer i korektnim odnosima u smislu razmjene informacija, komunikacije, obra\u0107anja od strane nastavnika i roditelja sa velikom dozom empatije, po\u0161tivanja i uva\u017eavanja jer se radi o partnerima u obrazovanju.<\/p>\n<p>Dogovoreno je da \u0107e biti ra\u0111ene i povratne evaluacije o seminarima kako bi se vidjelo \u0161ta je jo\u0161 prema mi\u0161ljenju nastavnika potrebno uraditi u \u0161kolama, kao orijentacija za budu\u0107e djelovanje, saop\u0107eno je iz Vlade TK.<\/p>\n","protected":false},"excerpt":{"rendered":"<p>Ministarstvo obrazovanja i nauke Tuzlanskog kantona prezentovalo je niz stru\u010dnih usavr\u0161avanja za direktore, pedagoge i&hellip;<\/p>\n","protected":false},"author":4,"featured_media":214887,"comment_status":"open","ping_status":"closed","sticky":false,"template":"","format":"standard","meta":{"_acf_changed":false,"footnotes":""},"categories":[12],"tags":[6800,8070,336],"acf":[],"yoast_head":"<!-- This site is optimized with the Yoast SEO plugin v23.5 - https:\/\/yoast.com\/wordpress\/plugins\/seo\/ -->\n<title>TK: Ministarstvo obrazovanja organizuje seminare u cilju ja\u010danja kompetencija kod nastavnika - TuzlaInfo.ba<\/title>\n<meta name=\"robots\" content=\"index, follow, max-snippet:-1, max-image-preview:large, max-video-preview:-1\" \/>\n<link rel=\"canonical\" href=\"https:\/\/tuzlainfo.ba\/index.php\/novosti\/item\/214886-tk-ministarstvo-obrazovanja-organizuje-seminare-u-cilju-jacanja-kompetencija-kod-nastavnika\/\" \/>\n<meta property=\"og:locale\" content=\"bs_BA\" \/>\n<meta property=\"og:type\" content=\"article\" \/>\n<meta property=\"og:title\" content=\"TK: Ministarstvo obrazovanja organizuje seminare u cilju ja\u010danja kompetencija kod nastavnika - TuzlaInfo.ba\" \/>\n<meta property=\"og:description\" content=\"Ministarstvo obrazovanja i nauke Tuzlanskog kantona prezentovalo je niz stru\u010dnih usavr\u0161avanja za direktore, pedagoge i&hellip;\" \/>\n<meta property=\"og:url\" content=\"https:\/\/tuzlainfo.ba\/index.php\/novosti\/item\/214886-tk-ministarstvo-obrazovanja-organizuje-seminare-u-cilju-jacanja-kompetencija-kod-nastavnika\/\" \/>\n<meta property=\"og:site_name\" content=\"TuzlaInfo.ba\" \/>\n<meta property=\"article:publisher\" content=\"https:\/\/www.facebook.com\/tuzlainfo.ba\/\" \/>\n<meta property=\"article:published_time\" content=\"2023-08-25T15:07:31+00:00\" \/>\n<meta property=\"article:modified_time\" content=\"2023-08-25T13:34:37+00:00\" \/>\n<meta property=\"og:image\" content=\"https:\/\/tuzlainfo.ba\/wp-content\/uploads\/2023\/08\/IMG_2026.jpg\" \/>\n\t<meta property=\"og:image:width\" content=\"1800\" \/>\n\t<meta property=\"og:image:height\" content=\"1350\" \/>\n\t<meta property=\"og:image:type\" content=\"image\/jpeg\" \/>\n<meta name=\"author\" content=\"Tuzla Info\" \/>\n<meta name=\"twitter:card\" content=\"summary_large_image\" \/>\n<meta name=\"twitter:label1\" content=\"Written by\" \/>\n\t<meta name=\"twitter:data1\" content=\"Tuzla Info\" \/>\n\t<meta name=\"twitter:label2\" content=\"Est. reading time\" \/>\n\t<meta name=\"twitter:data2\" content=\"2 minute\" \/>\n<script type=\"application\/ld+json\" class=\"yoast-schema-graph\">{\"@context\":\"https:\/\/schema.org\",\"@graph\":[{\"@type\":\"Article\",\"@id\":\"https:\/\/tuzlainfo.ba\/index.php\/novosti\/item\/214886-tk-ministarstvo-obrazovanja-organizuje-seminare-u-cilju-jacanja-kompetencija-kod-nastavnika\/#article\",\"isPartOf\":{\"@id\":\"https:\/\/tuzlainfo.ba\/index.php\/novosti\/item\/214886-tk-ministarstvo-obrazovanja-organizuje-seminare-u-cilju-jacanja-kompetencija-kod-nastavnika\/\"},\"author\":{\"name\":\"Tuzla Info\",\"@id\":\"https:\/\/tuzlainfo.ba\/#\/schema\/person\/46cad4c57790cbc50781edd14870825a\"},\"headline\":\"TK: Ministarstvo obrazovanja organizuje seminare u cilju ja\u010danja kompetencija kod nastavnika\",\"datePublished\":\"2023-08-25T15:07:31+00:00\",\"dateModified\":\"2023-08-25T13:34:37+00:00\",\"mainEntityOfPage\":{\"@id\":\"https:\/\/tuzlainfo.ba\/index.php\/novosti\/item\/214886-tk-ministarstvo-obrazovanja-organizuje-seminare-u-cilju-jacanja-kompetencija-kod-nastavnika\/\"},\"wordCount\":355,\"commentCount\":0,\"publisher\":{\"@id\":\"https:\/\/tuzlainfo.ba\/#organization\"},\"image\":{\"@id\":\"https:\/\/tuzlainfo.ba\/index.php\/novosti\/item\/214886-tk-ministarstvo-obrazovanja-organizuje-seminare-u-cilju-jacanja-kompetencija-kod-nastavnika\/#primaryimage\"},\"thumbnailUrl\":\"https:\/\/tuzlainfo.ba\/wp-content\/uploads\/2023\/08\/IMG_2026.jpg\",\"keywords\":[\"nastavnici\",\"seminari\",\"vlada tk\"],\"articleSection\":[\"Novosti\"],\"inLanguage\":\"bs-BA\"},{\"@type\":\"WebPage\",\"@id\":\"https:\/\/tuzlainfo.ba\/index.php\/novosti\/item\/214886-tk-ministarstvo-obrazovanja-organizuje-seminare-u-cilju-jacanja-kompetencija-kod-nastavnika\/\",\"url\":\"https:\/\/tuzlainfo.ba\/index.php\/novosti\/item\/214886-tk-ministarstvo-obrazovanja-organizuje-seminare-u-cilju-jacanja-kompetencija-kod-nastavnika\/\",\"name\":\"TK: Ministarstvo obrazovanja organizuje seminare u cilju ja\u010danja kompetencija kod nastavnika - TuzlaInfo.ba\",\"isPartOf\":{\"@id\":\"https:\/\/tuzlainfo.ba\/#website\"},\"primaryImageOfPage\":{\"@id\":\"https:\/\/tuzlainfo.ba\/index.php\/novosti\/item\/214886-tk-ministarstvo-obrazovanja-organizuje-seminare-u-cilju-jacanja-kompetencija-kod-nastavnika\/#primaryimage\"},\"image\":{\"@id\":\"https:\/\/tuzlainfo.ba\/index.php\/novosti\/item\/214886-tk-ministarstvo-obrazovanja-organizuje-seminare-u-cilju-jacanja-kompetencija-kod-nastavnika\/#primaryimage\"},\"thumbnailUrl\":\"https:\/\/tuzlainfo.ba\/wp-content\/uploads\/2023\/08\/IMG_2026.jpg\",\"datePublished\":\"2023-08-25T15:07:31+00:00\",\"dateModified\":\"2023-08-25T13:34:37+00:00\",\"breadcrumb\":{\"@id\":\"https:\/\/tuzlainfo.ba\/index.php\/novosti\/item\/214886-tk-ministarstvo-obrazovanja-organizuje-seminare-u-cilju-jacanja-kompetencija-kod-nastavnika\/#breadcrumb\"},\"inLanguage\":\"bs-BA\",\"potentialAction\":[{\"@type\":\"ReadAction\",\"target\":[\"https:\/\/tuzlainfo.ba\/index.php\/novosti\/item\/214886-tk-ministarstvo-obrazovanja-organizuje-seminare-u-cilju-jacanja-kompetencija-kod-nastavnika\/\"]}]},{\"@type\":\"ImageObject\",\"inLanguage\":\"bs-BA\",\"@id\":\"https:\/\/tuzlainfo.ba\/index.php\/novosti\/item\/214886-tk-ministarstvo-obrazovanja-organizuje-seminare-u-cilju-jacanja-kompetencija-kod-nastavnika\/#primaryimage\",\"url\":\"https:\/\/tuzlainfo.ba\/wp-content\/uploads\/2023\/08\/IMG_2026.jpg\",\"contentUrl\":\"https:\/\/tuzlainfo.ba\/wp-content\/uploads\/2023\/08\/IMG_2026.jpg\",\"width\":1800,\"height\":1350},{\"@type\":\"BreadcrumbList\",\"@id\":\"https:\/\/tuzlainfo.ba\/index.php\/novosti\/item\/214886-tk-ministarstvo-obrazovanja-organizuje-seminare-u-cilju-jacanja-kompetencija-kod-nastavnika\/#breadcrumb\",\"itemListElement\":[{\"@type\":\"ListItem\",\"position\":1,\"name\":\"Home\",\"item\":\"https:\/\/tuzlainfo.ba\/\"},{\"@type\":\"ListItem\",\"position\":2,\"name\":\"TK: Ministarstvo obrazovanja organizuje seminare u cilju ja\u010danja kompetencija kod nastavnika\"}]},{\"@type\":\"WebSite\",\"@id\":\"https:\/\/tuzlainfo.ba\/#website\",\"url\":\"https:\/\/tuzlainfo.ba\/\",\"name\":\"TuzlaInfo.ba\",\"description\":\"Tuzla info, gradski informator - Tuzla na dlanu\",\"publisher\":{\"@id\":\"https:\/\/tuzlainfo.ba\/#organization\"},\"potentialAction\":[{\"@type\":\"SearchAction\",\"target\":{\"@type\":\"EntryPoint\",\"urlTemplate\":\"https:\/\/tuzlainfo.ba\/?s={search_term_string}\"},\"query-input\":{\"@type\":\"PropertyValueSpecification\",\"valueRequired\":true,\"valueName\":\"search_term_string\"}}],\"inLanguage\":\"bs-BA\"},{\"@type\":\"Organization\",\"@id\":\"https:\/\/tuzlainfo.ba\/#organization\",\"name\":\"TuzlaInfo.ba\",\"url\":\"https:\/\/tuzlainfo.ba\/\",\"logo\":{\"@type\":\"ImageObject\",\"inLanguage\":\"bs-BA\",\"@id\":\"https:\/\/tuzlainfo.ba\/#\/schema\/logo\/image\/\",\"url\":\"https:\/\/tuzlainfo.ba\/wp-content\/uploads\/2021\/03\/logo-ver-3-1.png\",\"contentUrl\":\"https:\/\/tuzlainfo.ba\/wp-content\/uploads\/2021\/03\/logo-ver-3-1.png\",\"width\":350,\"height\":95,\"caption\":\"TuzlaInfo.ba\"},\"image\":{\"@id\":\"https:\/\/tuzlainfo.ba\/#\/schema\/logo\/image\/\"},\"sameAs\":[\"https:\/\/www.facebook.com\/tuzlainfo.ba\/\"]},{\"@type\":\"Person\",\"@id\":\"https:\/\/tuzlainfo.ba\/#\/schema\/person\/46cad4c57790cbc50781edd14870825a\",\"name\":\"Tuzla Info\",\"image\":{\"@type\":\"ImageObject\",\"inLanguage\":\"bs-BA\",\"@id\":\"https:\/\/tuzlainfo.ba\/#\/schema\/person\/image\/\",\"url\":\"https:\/\/tuzlainfo.ba\/wp-content\/litespeed\/avatar\/b6c453a6c38e3654f2e4416c643fc25c.jpg?ver=1777656712\",\"contentUrl\":\"https:\/\/tuzlainfo.ba\/wp-content\/litespeed\/avatar\/b6c453a6c38e3654f2e4416c643fc25c.jpg?ver=1777656712\",\"caption\":\"Tuzla Info\"}}]}<\/script>\n<!-- \/ Yoast SEO plugin. -->","yoast_head_json":{"title":"TK: Ministarstvo obrazovanja organizuje seminare u cilju ja\u010danja kompetencija kod nastavnika - TuzlaInfo.ba","robots":{"index":"index","follow":"follow","max-snippet":"max-snippet:-1","max-image-preview":"max-image-preview:large","max-video-preview":"max-video-preview:-1"},"canonical":"https:\/\/tuzlainfo.ba\/index.php\/novosti\/item\/214886-tk-ministarstvo-obrazovanja-organizuje-seminare-u-cilju-jacanja-kompetencija-kod-nastavnika\/","og_locale":"bs_BA","og_type":"article","og_title":"TK: Ministarstvo obrazovanja organizuje seminare u cilju ja\u010danja kompetencija kod nastavnika - TuzlaInfo.ba","og_description":"Ministarstvo obrazovanja i nauke Tuzlanskog kantona prezentovalo je niz stru\u010dnih usavr\u0161avanja za direktore, pedagoge i&hellip;","og_url":"https:\/\/tuzlainfo.ba\/index.php\/novosti\/item\/214886-tk-ministarstvo-obrazovanja-organizuje-seminare-u-cilju-jacanja-kompetencija-kod-nastavnika\/","og_site_name":"TuzlaInfo.ba","article_publisher":"https:\/\/www.facebook.com\/tuzlainfo.ba\/","article_published_time":"2023-08-25T15:07:31+00:00","article_modified_time":"2023-08-25T13:34:37+00:00","og_image":[{"width":1800,"height":1350,"url":"https:\/\/tuzlainfo.ba\/wp-content\/uploads\/2023\/08\/IMG_2026.jpg","type":"image\/jpeg"}],"author":"Tuzla Info","twitter_card":"summary_large_image","twitter_misc":{"Written by":"Tuzla Info","Est. reading time":"2 minute"},"schema":{"@context":"https:\/\/schema.org","@graph":[{"@type":"Article","@id":"https:\/\/tuzlainfo.ba\/index.php\/novosti\/item\/214886-tk-ministarstvo-obrazovanja-organizuje-seminare-u-cilju-jacanja-kompetencija-kod-nastavnika\/#article","isPartOf":{"@id":"https:\/\/tuzlainfo.ba\/index.php\/novosti\/item\/214886-tk-ministarstvo-obrazovanja-organizuje-seminare-u-cilju-jacanja-kompetencija-kod-nastavnika\/"},"author":{"name":"Tuzla Info","@id":"https:\/\/tuzlainfo.ba\/#\/schema\/person\/46cad4c57790cbc50781edd14870825a"},"headline":"TK: Ministarstvo obrazovanja organizuje seminare u cilju ja\u010danja kompetencija kod nastavnika","datePublished":"2023-08-25T15:07:31+00:00","dateModified":"2023-08-25T13:34:37+00:00","mainEntityOfPage":{"@id":"https:\/\/tuzlainfo.ba\/index.php\/novosti\/item\/214886-tk-ministarstvo-obrazovanja-organizuje-seminare-u-cilju-jacanja-kompetencija-kod-nastavnika\/"},"wordCount":355,"commentCount":0,"publisher":{"@id":"https:\/\/tuzlainfo.ba\/#organization"},"image":{"@id":"https:\/\/tuzlainfo.ba\/index.php\/novosti\/item\/214886-tk-ministarstvo-obrazovanja-organizuje-seminare-u-cilju-jacanja-kompetencija-kod-nastavnika\/#primaryimage"},"thumbnailUrl":"https:\/\/tuzlainfo.ba\/wp-content\/uploads\/2023\/08\/IMG_2026.jpg","keywords":["nastavnici","seminari","vlada tk"],"articleSection":["Novosti"],"inLanguage":"bs-BA"},{"@type":"WebPage","@id":"https:\/\/tuzlainfo.ba\/index.php\/novosti\/item\/214886-tk-ministarstvo-obrazovanja-organizuje-seminare-u-cilju-jacanja-kompetencija-kod-nastavnika\/","url":"https:\/\/tuzlainfo.ba\/index.php\/novosti\/item\/214886-tk-ministarstvo-obrazovanja-organizuje-seminare-u-cilju-jacanja-kompetencija-kod-nastavnika\/","name":"TK: Ministarstvo obrazovanja organizuje seminare u cilju ja\u010danja kompetencija kod nastavnika - TuzlaInfo.ba","isPartOf":{"@id":"https:\/\/tuzlainfo.ba\/#website"},"primaryImageOfPage":{"@id":"https:\/\/tuzlainfo.ba\/index.php\/novosti\/item\/214886-tk-ministarstvo-obrazovanja-organizuje-seminare-u-cilju-jacanja-kompetencija-kod-nastavnika\/#primaryimage"},"image":{"@id":"https:\/\/tuzlainfo.ba\/index.php\/novosti\/item\/214886-tk-ministarstvo-obrazovanja-organizuje-seminare-u-cilju-jacanja-kompetencija-kod-nastavnika\/#primaryimage"},"thumbnailUrl":"https:\/\/tuzlainfo.ba\/wp-content\/uploads\/2023\/08\/IMG_2026.jpg","datePublished":"2023-08-25T15:07:31+00:00","dateModified":"2023-08-25T13:34:37+00:00","breadcrumb":{"@id":"https:\/\/tuzlainfo.ba\/index.php\/novosti\/item\/214886-tk-ministarstvo-obrazovanja-organizuje-seminare-u-cilju-jacanja-kompetencija-kod-nastavnika\/#breadcrumb"},"inLanguage":"bs-BA","potentialAction":[{"@type":"ReadAction","target":["https:\/\/tuzlainfo.ba\/index.php\/novosti\/item\/214886-tk-ministarstvo-obrazovanja-organizuje-seminare-u-cilju-jacanja-kompetencija-kod-nastavnika\/"]}]},{"@type":"ImageObject","inLanguage":"bs-BA","@id":"https:\/\/tuzlainfo.ba\/index.php\/novosti\/item\/214886-tk-ministarstvo-obrazovanja-organizuje-seminare-u-cilju-jacanja-kompetencija-kod-nastavnika\/#primaryimage","url":"https:\/\/tuzlainfo.ba\/wp-content\/uploads\/2023\/08\/IMG_2026.jpg","contentUrl":"https:\/\/tuzlainfo.ba\/wp-content\/uploads\/2023\/08\/IMG_2026.jpg","width":1800,"height":1350},{"@type":"BreadcrumbList","@id":"https:\/\/tuzlainfo.ba\/index.php\/novosti\/item\/214886-tk-ministarstvo-obrazovanja-organizuje-seminare-u-cilju-jacanja-kompetencija-kod-nastavnika\/#breadcrumb","itemListElement":[{"@type":"ListItem","position":1,"name":"Home","item":"https:\/\/tuzlainfo.ba\/"},{"@type":"ListItem","position":2,"name":"TK: Ministarstvo obrazovanja organizuje seminare u cilju ja\u010danja kompetencija kod nastavnika"}]},{"@type":"WebSite","@id":"https:\/\/tuzlainfo.ba\/#website","url":"https:\/\/tuzlainfo.ba\/","name":"TuzlaInfo.ba","description":"Tuzla info, gradski informator - Tuzla na dlanu","publisher":{"@id":"https:\/\/tuzlainfo.ba\/#organization"},"potentialAction":[{"@type":"SearchAction","target":{"@type":"EntryPoint","urlTemplate":"https:\/\/tuzlainfo.ba\/?s={search_term_string}"},"query-input":{"@type":"PropertyValueSpecification","valueRequired":true,"valueName":"search_term_string"}}],"inLanguage":"bs-BA"},{"@type":"Organization","@id":"https:\/\/tuzlainfo.ba\/#organization","name":"TuzlaInfo.ba","url":"https:\/\/tuzlainfo.ba\/","logo":{"@type":"ImageObject","inLanguage":"bs-BA","@id":"https:\/\/tuzlainfo.ba\/#\/schema\/logo\/image\/","url":"https:\/\/tuzlainfo.ba\/wp-content\/uploads\/2021\/03\/logo-ver-3-1.png","contentUrl":"https:\/\/tuzlainfo.ba\/wp-content\/uploads\/2021\/03\/logo-ver-3-1.png","width":350,"height":95,"caption":"TuzlaInfo.ba"},"image":{"@id":"https:\/\/tuzlainfo.ba\/#\/schema\/logo\/image\/"},"sameAs":["https:\/\/www.facebook.com\/tuzlainfo.ba\/"]},{"@type":"Person","@id":"https:\/\/tuzlainfo.ba\/#\/schema\/person\/46cad4c57790cbc50781edd14870825a","name":"Tuzla Info","image":{"@type":"ImageObject","inLanguage":"bs-BA","@id":"https:\/\/tuzlainfo.ba\/#\/schema\/person\/image\/","url":"https:\/\/tuzlainfo.ba\/wp-content\/litespeed\/avatar\/b6c453a6c38e3654f2e4416c643fc25c.jpg?ver=1777656712","contentUrl":"https:\/\/tuzlainfo.ba\/wp-content\/litespeed\/avatar\/b6c453a6c38e3654f2e4416c643fc25c.jpg?ver=1777656712","caption":"Tuzla Info"}}]}},"_links":{"self":[{"href":"https:\/\/tuzlainfo.ba\/index.php\/wp-json\/wp\/v2\/posts\/214886"}],"collection":[{"href":"https:\/\/tuzlainfo.ba\/index.php\/wp-json\/wp\/v2\/posts"}],"about":[{"href":"https:\/\/tuzlainfo.ba\/index.php\/wp-json\/wp\/v2\/types\/post"}],"author":[{"embeddable":true,"href":"https:\/\/tuzlainfo.ba\/index.php\/wp-json\/wp\/v2\/users\/4"}],"replies":[{"embeddable":true,"href":"https:\/\/tuzlainfo.ba\/index.php\/wp-json\/wp\/v2\/comments?post=214886"}],"version-history":[{"count":0,"href":"https:\/\/tuzlainfo.ba\/index.php\/wp-json\/wp\/v2\/posts\/214886\/revisions"}],"wp:featuredmedia":[{"embeddable":true,"href":"https:\/\/tuzlainfo.ba\/index.php\/wp-json\/wp\/v2\/media\/214887"}],"wp:attachment":[{"href":"https:\/\/tuzlainfo.ba\/index.php\/wp-json\/wp\/v2\/media?parent=214886"}],"wp:term":[{"taxonomy":"category","embeddable":true,"href":"https:\/\/tuzlainfo.ba\/index.php\/wp-json\/wp\/v2\/categories?post=214886"},{"taxonomy":"post_tag","embeddable":true,"href":"https:\/\/tuzlainfo.ba\/index.php\/wp-json\/wp\/v2\/tags?post=214886"}],"curies":[{"name":"wp","href":"https:\/\/api.w.org\/{rel}","templated":true}]}}