{"id":214864,"date":"2023-08-25T12:38:05","date_gmt":"2023-08-25T10:38:05","guid":{"rendered":"https:\/\/tuzlainfo.ba\/?p=214864"},"modified":"2023-08-25T12:38:05","modified_gmt":"2023-08-25T10:38:05","slug":"niksic-politika-dijaloga-je-pocela-da-daje-rezultat","status":"publish","type":"post","link":"https:\/\/tuzlainfo.ba\/index.php\/bosna-i-hercegovina\/item\/214864-niksic-politika-dijaloga-je-pocela-da-daje-rezultat\/","title":{"rendered":"Nik\u0161i\u0107: Politika dijaloga je po\u010dela da daje rezultat"},"content":{"rendered":"<p>Lider SDP-a i premijer FBiH Nermin Nik\u0161i\u0107 danas je na konferenciji za medije kazao da su lideri Trojke samo u jednoj od dr\u017eavnih agencija zatekli veliki haos, o \u010demu \u0107e biti rije\u010di narednih dana posebno. Kako je istakao Nik\u0161i\u0107, prona\u0161li su &#8220;tami\u0107&#8221; materijala. \u201cKoncept Trojke je potpuno jasan od ranije i mi ne odustajemo od njega. Potpuno smo svjesni da smo u situaciji gdje se nije ni\u0161ta de\u0161avalo, da se nisu donosili zakoni, da su bile blokade, gdje smo i mi svjesni da kada bi se i mi tako pona\u0161ali, tuk na utuk, na kraju od toga sigurno gra\u0111ani ne bi imali nikakve koristi. Na\u0161e opredijeljenje je da smo svjesni odgovornosti, da \u017eelimo raditi, u vlast smo u\u0161li ne da bi ne\u0161to blokirali nego da poku\u0161amo raditi na rje\u0161avaju evropske perspektive BiH\u201c, kazao je Nik\u0161i\u0107 na po\u010detku konferencije za medije.<\/p>\n<p>\u201cInteresantno je da se svaki put o\u010di tih sastanaka postavlja pitanje za\u0161to, kako i gdje? Nema nikakvog razloga ni za euforiju, ni za likovanje, vidite i sami da smo napadnuti od opozicije u FBiH, tako je i Dodik napadnut u RS. To pokazuje da razgovori podrazumijevaju da svako ne\u0161to daje, odrekne se ne\u010dega ali i dobije. Nama je cilj da gra\u0111ani BiH osjete perspektivu da budu punopravna \u010dlanica EU\u201d, dodao je u obra\u0107anju.<\/p>\n<p>Potom je dodao da su politike dijaloga po\u010dele davati rezultata.<\/p>\n<p>\u201cUsvojena su tri zakona od 2019. godine, nijedan iskorak nije napravljen osim \u0161to smo predali onu aplikaciju. Sada ovakve politike razgovora po\u010dinju davati odre\u0111ene rezultati. Jo\u0161 smo daleko od cilja, ali svaki put kre\u0107e nekim korakom. Na tom putu dajemo doprinos svi oni koji u\u010destvuju u tome. Primjetili ste da u posljednje vrijeme nestaje argumenata o izdaji, o prodaju interesa. Sada govore \u201cdat \u0107emo\u201d, ali sigurni smo da kada god postignemo dogovor od toga korist imaju svi gra\u0111ani BiH\u201c, kazao je Nik\u0161i\u0107.<\/p>\n<p>\u201cSve ta\u010dke donosimo jednoglasno, i tu radimo, pripremamo se kako bismo do\u0161li do rezultata\u201d, istakao je on.<\/p>\n<p>Kazao je i da je u pripremi set fiskalnih zakona.<\/p>\n<p>\u201cPred nama kao kona\u010dni zadatak je usvajanje zakona o fiskalnoj reformi, zakon o minimalnoj plati i naravno online fiskalizacija BiH. To je sve u pripremi, ovaj set fiskalnih zakona kroz grupu koja radi finalizaciju bi trebao biti zavr\u0161en\u201c.<\/p>\n<p>\u201cKlju\u010dna stvar je borba protiv korupcije i kriminala\u201d.<\/p>\n<p>Potom je naveo, kako isti\u010de, samo jedan primjer \u201cmalverzacija\u201d koje su se de\u0161avale.<\/p>\n<p>\u201cJa \u0107u se zadr\u017eati na jednom primjeru. Agencija koja bi trebala da provodi zakon. U Agenciji koja bi trebala upravljati nezakonito oduzetom imovinom smo zatekli haos. Tu ima materijala jedan \u201ctami\u0107\u201d, da vidite kako se upravljalo imovinom koja je oduzeta pravosna\u017enim presudama od onih ljudi koji su je stekli krivi\u010dnim djelom. Ovih dana se to dokumentuje i bit \u0107e predato nadle\u017enim organima. Nismo mi ti koji sudimo, istra\u017eujemo, ali \u0107emo sva saznanja slati. Drago mi je da gra\u0111ani prepoznaju na\u0161u spremnost da se uhvatimo u ko\u0161tac sa kriminalom i korupcijom\u201c.<\/p>\n<p>&nbsp;<\/p>\n","protected":false},"excerpt":{"rendered":"<p>Lider SDP-a i premijer FBiH Nermin Nik\u0161i\u0107 danas je na konferenciji za medije kazao da&hellip;<\/p>\n","protected":false},"author":3,"featured_media":153953,"comment_status":"open","ping_status":"closed","sticky":false,"template":"","format":"standard","meta":{"_acf_changed":false,"footnotes":""},"categories":[291],"tags":[8068],"acf":[],"yoast_head":"<!-- This site is optimized with the Yoast SEO plugin v23.5 - https:\/\/yoast.com\/wordpress\/plugins\/seo\/ -->\n<title>Nik\u0161i\u0107: Politika dijaloga je po\u010dela da daje rezultat - TuzlaInfo.ba<\/title>\n<meta name=\"robots\" content=\"index, follow, max-snippet:-1, max-image-preview:large, max-video-preview:-1\" \/>\n<link rel=\"canonical\" href=\"https:\/\/tuzlainfo.ba\/index.php\/bosna-i-hercegovina\/item\/214864-niksic-politika-dijaloga-je-pocela-da-daje-rezultat\/\" \/>\n<meta property=\"og:locale\" content=\"bs_BA\" \/>\n<meta property=\"og:type\" content=\"article\" \/>\n<meta property=\"og:title\" content=\"Nik\u0161i\u0107: Politika dijaloga je po\u010dela da daje rezultat - TuzlaInfo.ba\" \/>\n<meta property=\"og:description\" content=\"Lider SDP-a i premijer FBiH Nermin Nik\u0161i\u0107 danas je na konferenciji za medije kazao da&hellip;\" \/>\n<meta property=\"og:url\" content=\"https:\/\/tuzlainfo.ba\/index.php\/bosna-i-hercegovina\/item\/214864-niksic-politika-dijaloga-je-pocela-da-daje-rezultat\/\" \/>\n<meta property=\"og:site_name\" content=\"TuzlaInfo.ba\" \/>\n<meta property=\"article:publisher\" content=\"https:\/\/www.facebook.com\/tuzlainfo.ba\/\" \/>\n<meta property=\"article:published_time\" content=\"2023-08-25T10:38:05+00:00\" \/>\n<meta property=\"og:image\" content=\"https:\/\/tuzlainfo.ba\/wp-content\/uploads\/2021\/11\/1011_nermin_niksic.jpg\" \/>\n\t<meta property=\"og:image:width\" content=\"1336\" \/>\n\t<meta property=\"og:image:height\" content=\"1180\" \/>\n\t<meta property=\"og:image:type\" content=\"image\/jpeg\" \/>\n<meta name=\"author\" content=\"admin2\" \/>\n<meta name=\"twitter:card\" content=\"summary_large_image\" \/>\n<meta name=\"twitter:label1\" content=\"Written by\" \/>\n\t<meta name=\"twitter:data1\" content=\"admin2\" \/>\n\t<meta name=\"twitter:label2\" content=\"Est. reading time\" \/>\n\t<meta name=\"twitter:data2\" content=\"3 minute\" \/>\n<script type=\"application\/ld+json\" class=\"yoast-schema-graph\">{\"@context\":\"https:\/\/schema.org\",\"@graph\":[{\"@type\":\"Article\",\"@id\":\"https:\/\/tuzlainfo.ba\/index.php\/bosna-i-hercegovina\/item\/214864-niksic-politika-dijaloga-je-pocela-da-daje-rezultat\/#article\",\"isPartOf\":{\"@id\":\"https:\/\/tuzlainfo.ba\/index.php\/bosna-i-hercegovina\/item\/214864-niksic-politika-dijaloga-je-pocela-da-daje-rezultat\/\"},\"author\":{\"name\":\"admin2\",\"@id\":\"https:\/\/tuzlainfo.ba\/#\/schema\/person\/f4ebe4fff27e68efb65fa7e18f8af372\"},\"headline\":\"Nik\u0161i\u0107: Politika dijaloga je po\u010dela da daje rezultat\",\"datePublished\":\"2023-08-25T10:38:05+00:00\",\"dateModified\":\"2023-08-25T10:38:05+00:00\",\"mainEntityOfPage\":{\"@id\":\"https:\/\/tuzlainfo.ba\/index.php\/bosna-i-hercegovina\/item\/214864-niksic-politika-dijaloga-je-pocela-da-daje-rezultat\/\"},\"wordCount\":535,\"commentCount\":0,\"publisher\":{\"@id\":\"https:\/\/tuzlainfo.ba\/#organization\"},\"image\":{\"@id\":\"https:\/\/tuzlainfo.ba\/index.php\/bosna-i-hercegovina\/item\/214864-niksic-politika-dijaloga-je-pocela-da-daje-rezultat\/#primaryimage\"},\"thumbnailUrl\":\"https:\/\/tuzlainfo.ba\/wp-content\/uploads\/2021\/11\/1011_nermin_niksic.jpg\",\"keywords\":[\"nik\u0161i\u0107 nermin\"],\"articleSection\":[\"Bosna i Hercegovina\"],\"inLanguage\":\"bs-BA\"},{\"@type\":\"WebPage\",\"@id\":\"https:\/\/tuzlainfo.ba\/index.php\/bosna-i-hercegovina\/item\/214864-niksic-politika-dijaloga-je-pocela-da-daje-rezultat\/\",\"url\":\"https:\/\/tuzlainfo.ba\/index.php\/bosna-i-hercegovina\/item\/214864-niksic-politika-dijaloga-je-pocela-da-daje-rezultat\/\",\"name\":\"Nik\u0161i\u0107: Politika dijaloga je po\u010dela da daje rezultat - TuzlaInfo.ba\",\"isPartOf\":{\"@id\":\"https:\/\/tuzlainfo.ba\/#website\"},\"primaryImageOfPage\":{\"@id\":\"https:\/\/tuzlainfo.ba\/index.php\/bosna-i-hercegovina\/item\/214864-niksic-politika-dijaloga-je-pocela-da-daje-rezultat\/#primaryimage\"},\"image\":{\"@id\":\"https:\/\/tuzlainfo.ba\/index.php\/bosna-i-hercegovina\/item\/214864-niksic-politika-dijaloga-je-pocela-da-daje-rezultat\/#primaryimage\"},\"thumbnailUrl\":\"https:\/\/tuzlainfo.ba\/wp-content\/uploads\/2021\/11\/1011_nermin_niksic.jpg\",\"datePublished\":\"2023-08-25T10:38:05+00:00\",\"dateModified\":\"2023-08-25T10:38:05+00:00\",\"breadcrumb\":{\"@id\":\"https:\/\/tuzlainfo.ba\/index.php\/bosna-i-hercegovina\/item\/214864-niksic-politika-dijaloga-je-pocela-da-daje-rezultat\/#breadcrumb\"},\"inLanguage\":\"bs-BA\",\"potentialAction\":[{\"@type\":\"ReadAction\",\"target\":[\"https:\/\/tuzlainfo.ba\/index.php\/bosna-i-hercegovina\/item\/214864-niksic-politika-dijaloga-je-pocela-da-daje-rezultat\/\"]}]},{\"@type\":\"ImageObject\",\"inLanguage\":\"bs-BA\",\"@id\":\"https:\/\/tuzlainfo.ba\/index.php\/bosna-i-hercegovina\/item\/214864-niksic-politika-dijaloga-je-pocela-da-daje-rezultat\/#primaryimage\",\"url\":\"https:\/\/tuzlainfo.ba\/wp-content\/uploads\/2021\/11\/1011_nermin_niksic.jpg\",\"contentUrl\":\"https:\/\/tuzlainfo.ba\/wp-content\/uploads\/2021\/11\/1011_nermin_niksic.jpg\",\"width\":1336,\"height\":1180},{\"@type\":\"BreadcrumbList\",\"@id\":\"https:\/\/tuzlainfo.ba\/index.php\/bosna-i-hercegovina\/item\/214864-niksic-politika-dijaloga-je-pocela-da-daje-rezultat\/#breadcrumb\",\"itemListElement\":[{\"@type\":\"ListItem\",\"position\":1,\"name\":\"Home\",\"item\":\"https:\/\/tuzlainfo.ba\/\"},{\"@type\":\"ListItem\",\"position\":2,\"name\":\"Nik\u0161i\u0107: Politika dijaloga je po\u010dela da daje rezultat\"}]},{\"@type\":\"WebSite\",\"@id\":\"https:\/\/tuzlainfo.ba\/#website\",\"url\":\"https:\/\/tuzlainfo.ba\/\",\"name\":\"TuzlaInfo.ba\",\"description\":\"Tuzla info, gradski informator - Tuzla na dlanu\",\"publisher\":{\"@id\":\"https:\/\/tuzlainfo.ba\/#organization\"},\"potentialAction\":[{\"@type\":\"SearchAction\",\"target\":{\"@type\":\"EntryPoint\",\"urlTemplate\":\"https:\/\/tuzlainfo.ba\/?s={search_term_string}\"},\"query-input\":{\"@type\":\"PropertyValueSpecification\",\"valueRequired\":true,\"valueName\":\"search_term_string\"}}],\"inLanguage\":\"bs-BA\"},{\"@type\":\"Organization\",\"@id\":\"https:\/\/tuzlainfo.ba\/#organization\",\"name\":\"TuzlaInfo.ba\",\"url\":\"https:\/\/tuzlainfo.ba\/\",\"logo\":{\"@type\":\"ImageObject\",\"inLanguage\":\"bs-BA\",\"@id\":\"https:\/\/tuzlainfo.ba\/#\/schema\/logo\/image\/\",\"url\":\"https:\/\/tuzlainfo.ba\/wp-content\/uploads\/2021\/03\/logo-ver-3-1.png\",\"contentUrl\":\"https:\/\/tuzlainfo.ba\/wp-content\/uploads\/2021\/03\/logo-ver-3-1.png\",\"width\":350,\"height\":95,\"caption\":\"TuzlaInfo.ba\"},\"image\":{\"@id\":\"https:\/\/tuzlainfo.ba\/#\/schema\/logo\/image\/\"},\"sameAs\":[\"https:\/\/www.facebook.com\/tuzlainfo.ba\/\"]},{\"@type\":\"Person\",\"@id\":\"https:\/\/tuzlainfo.ba\/#\/schema\/person\/f4ebe4fff27e68efb65fa7e18f8af372\",\"name\":\"admin2\",\"image\":{\"@type\":\"ImageObject\",\"inLanguage\":\"bs-BA\",\"@id\":\"https:\/\/tuzlainfo.ba\/#\/schema\/person\/image\/\",\"url\":\"https:\/\/tuzlainfo.ba\/wp-content\/litespeed\/avatar\/8219eeb9a43cff2d096e773737736f62.jpg?ver=1777309398\",\"contentUrl\":\"https:\/\/tuzlainfo.ba\/wp-content\/litespeed\/avatar\/8219eeb9a43cff2d096e773737736f62.jpg?ver=1777309398\",\"caption\":\"admin2\"},\"description\":\"Tuzlainfo.ba pratite na dru\u0161tvenim mre\u017eama: Facebook, Instagram i Youtube. Svoje pri\u010de, upite i fotografije \u0161aljite na na\u0161u e-mail adresu.\",\"sameAs\":[\"admin\"]}]}<\/script>\n<!-- \/ Yoast SEO plugin. -->","yoast_head_json":{"title":"Nik\u0161i\u0107: Politika dijaloga je po\u010dela da daje rezultat - TuzlaInfo.ba","robots":{"index":"index","follow":"follow","max-snippet":"max-snippet:-1","max-image-preview":"max-image-preview:large","max-video-preview":"max-video-preview:-1"},"canonical":"https:\/\/tuzlainfo.ba\/index.php\/bosna-i-hercegovina\/item\/214864-niksic-politika-dijaloga-je-pocela-da-daje-rezultat\/","og_locale":"bs_BA","og_type":"article","og_title":"Nik\u0161i\u0107: Politika dijaloga je po\u010dela da daje rezultat - TuzlaInfo.ba","og_description":"Lider SDP-a i premijer FBiH Nermin Nik\u0161i\u0107 danas je na konferenciji za medije kazao da&hellip;","og_url":"https:\/\/tuzlainfo.ba\/index.php\/bosna-i-hercegovina\/item\/214864-niksic-politika-dijaloga-je-pocela-da-daje-rezultat\/","og_site_name":"TuzlaInfo.ba","article_publisher":"https:\/\/www.facebook.com\/tuzlainfo.ba\/","article_published_time":"2023-08-25T10:38:05+00:00","og_image":[{"width":1336,"height":1180,"url":"https:\/\/tuzlainfo.ba\/wp-content\/uploads\/2021\/11\/1011_nermin_niksic.jpg","type":"image\/jpeg"}],"author":"admin2","twitter_card":"summary_large_image","twitter_misc":{"Written by":"admin2","Est. reading time":"3 minute"},"schema":{"@context":"https:\/\/schema.org","@graph":[{"@type":"Article","@id":"https:\/\/tuzlainfo.ba\/index.php\/bosna-i-hercegovina\/item\/214864-niksic-politika-dijaloga-je-pocela-da-daje-rezultat\/#article","isPartOf":{"@id":"https:\/\/tuzlainfo.ba\/index.php\/bosna-i-hercegovina\/item\/214864-niksic-politika-dijaloga-je-pocela-da-daje-rezultat\/"},"author":{"name":"admin2","@id":"https:\/\/tuzlainfo.ba\/#\/schema\/person\/f4ebe4fff27e68efb65fa7e18f8af372"},"headline":"Nik\u0161i\u0107: Politika dijaloga je po\u010dela da daje rezultat","datePublished":"2023-08-25T10:38:05+00:00","dateModified":"2023-08-25T10:38:05+00:00","mainEntityOfPage":{"@id":"https:\/\/tuzlainfo.ba\/index.php\/bosna-i-hercegovina\/item\/214864-niksic-politika-dijaloga-je-pocela-da-daje-rezultat\/"},"wordCount":535,"commentCount":0,"publisher":{"@id":"https:\/\/tuzlainfo.ba\/#organization"},"image":{"@id":"https:\/\/tuzlainfo.ba\/index.php\/bosna-i-hercegovina\/item\/214864-niksic-politika-dijaloga-je-pocela-da-daje-rezultat\/#primaryimage"},"thumbnailUrl":"https:\/\/tuzlainfo.ba\/wp-content\/uploads\/2021\/11\/1011_nermin_niksic.jpg","keywords":["nik\u0161i\u0107 nermin"],"articleSection":["Bosna i Hercegovina"],"inLanguage":"bs-BA"},{"@type":"WebPage","@id":"https:\/\/tuzlainfo.ba\/index.php\/bosna-i-hercegovina\/item\/214864-niksic-politika-dijaloga-je-pocela-da-daje-rezultat\/","url":"https:\/\/tuzlainfo.ba\/index.php\/bosna-i-hercegovina\/item\/214864-niksic-politika-dijaloga-je-pocela-da-daje-rezultat\/","name":"Nik\u0161i\u0107: Politika dijaloga je po\u010dela da daje rezultat - TuzlaInfo.ba","isPartOf":{"@id":"https:\/\/tuzlainfo.ba\/#website"},"primaryImageOfPage":{"@id":"https:\/\/tuzlainfo.ba\/index.php\/bosna-i-hercegovina\/item\/214864-niksic-politika-dijaloga-je-pocela-da-daje-rezultat\/#primaryimage"},"image":{"@id":"https:\/\/tuzlainfo.ba\/index.php\/bosna-i-hercegovina\/item\/214864-niksic-politika-dijaloga-je-pocela-da-daje-rezultat\/#primaryimage"},"thumbnailUrl":"https:\/\/tuzlainfo.ba\/wp-content\/uploads\/2021\/11\/1011_nermin_niksic.jpg","datePublished":"2023-08-25T10:38:05+00:00","dateModified":"2023-08-25T10:38:05+00:00","breadcrumb":{"@id":"https:\/\/tuzlainfo.ba\/index.php\/bosna-i-hercegovina\/item\/214864-niksic-politika-dijaloga-je-pocela-da-daje-rezultat\/#breadcrumb"},"inLanguage":"bs-BA","potentialAction":[{"@type":"ReadAction","target":["https:\/\/tuzlainfo.ba\/index.php\/bosna-i-hercegovina\/item\/214864-niksic-politika-dijaloga-je-pocela-da-daje-rezultat\/"]}]},{"@type":"ImageObject","inLanguage":"bs-BA","@id":"https:\/\/tuzlainfo.ba\/index.php\/bosna-i-hercegovina\/item\/214864-niksic-politika-dijaloga-je-pocela-da-daje-rezultat\/#primaryimage","url":"https:\/\/tuzlainfo.ba\/wp-content\/uploads\/2021\/11\/1011_nermin_niksic.jpg","contentUrl":"https:\/\/tuzlainfo.ba\/wp-content\/uploads\/2021\/11\/1011_nermin_niksic.jpg","width":1336,"height":1180},{"@type":"BreadcrumbList","@id":"https:\/\/tuzlainfo.ba\/index.php\/bosna-i-hercegovina\/item\/214864-niksic-politika-dijaloga-je-pocela-da-daje-rezultat\/#breadcrumb","itemListElement":[{"@type":"ListItem","position":1,"name":"Home","item":"https:\/\/tuzlainfo.ba\/"},{"@type":"ListItem","position":2,"name":"Nik\u0161i\u0107: Politika dijaloga je po\u010dela da daje rezultat"}]},{"@type":"WebSite","@id":"https:\/\/tuzlainfo.ba\/#website","url":"https:\/\/tuzlainfo.ba\/","name":"TuzlaInfo.ba","description":"Tuzla info, gradski informator - Tuzla na dlanu","publisher":{"@id":"https:\/\/tuzlainfo.ba\/#organization"},"potentialAction":[{"@type":"SearchAction","target":{"@type":"EntryPoint","urlTemplate":"https:\/\/tuzlainfo.ba\/?s={search_term_string}"},"query-input":{"@type":"PropertyValueSpecification","valueRequired":true,"valueName":"search_term_string"}}],"inLanguage":"bs-BA"},{"@type":"Organization","@id":"https:\/\/tuzlainfo.ba\/#organization","name":"TuzlaInfo.ba","url":"https:\/\/tuzlainfo.ba\/","logo":{"@type":"ImageObject","inLanguage":"bs-BA","@id":"https:\/\/tuzlainfo.ba\/#\/schema\/logo\/image\/","url":"https:\/\/tuzlainfo.ba\/wp-content\/uploads\/2021\/03\/logo-ver-3-1.png","contentUrl":"https:\/\/tuzlainfo.ba\/wp-content\/uploads\/2021\/03\/logo-ver-3-1.png","width":350,"height":95,"caption":"TuzlaInfo.ba"},"image":{"@id":"https:\/\/tuzlainfo.ba\/#\/schema\/logo\/image\/"},"sameAs":["https:\/\/www.facebook.com\/tuzlainfo.ba\/"]},{"@type":"Person","@id":"https:\/\/tuzlainfo.ba\/#\/schema\/person\/f4ebe4fff27e68efb65fa7e18f8af372","name":"admin2","image":{"@type":"ImageObject","inLanguage":"bs-BA","@id":"https:\/\/tuzlainfo.ba\/#\/schema\/person\/image\/","url":"https:\/\/tuzlainfo.ba\/wp-content\/litespeed\/avatar\/8219eeb9a43cff2d096e773737736f62.jpg?ver=1777309398","contentUrl":"https:\/\/tuzlainfo.ba\/wp-content\/litespeed\/avatar\/8219eeb9a43cff2d096e773737736f62.jpg?ver=1777309398","caption":"admin2"},"description":"Tuzlainfo.ba pratite na dru\u0161tvenim mre\u017eama: Facebook, Instagram i Youtube. Svoje pri\u010de, upite i fotografije \u0161aljite na na\u0161u e-mail adresu.","sameAs":["admin"]}]}},"_links":{"self":[{"href":"https:\/\/tuzlainfo.ba\/index.php\/wp-json\/wp\/v2\/posts\/214864"}],"collection":[{"href":"https:\/\/tuzlainfo.ba\/index.php\/wp-json\/wp\/v2\/posts"}],"about":[{"href":"https:\/\/tuzlainfo.ba\/index.php\/wp-json\/wp\/v2\/types\/post"}],"author":[{"embeddable":true,"href":"https:\/\/tuzlainfo.ba\/index.php\/wp-json\/wp\/v2\/users\/3"}],"replies":[{"embeddable":true,"href":"https:\/\/tuzlainfo.ba\/index.php\/wp-json\/wp\/v2\/comments?post=214864"}],"version-history":[{"count":0,"href":"https:\/\/tuzlainfo.ba\/index.php\/wp-json\/wp\/v2\/posts\/214864\/revisions"}],"wp:featuredmedia":[{"embeddable":true,"href":"https:\/\/tuzlainfo.ba\/index.php\/wp-json\/wp\/v2\/media\/153953"}],"wp:attachment":[{"href":"https:\/\/tuzlainfo.ba\/index.php\/wp-json\/wp\/v2\/media?parent=214864"}],"wp:term":[{"taxonomy":"category","embeddable":true,"href":"https:\/\/tuzlainfo.ba\/index.php\/wp-json\/wp\/v2\/categories?post=214864"},{"taxonomy":"post_tag","embeddable":true,"href":"https:\/\/tuzlainfo.ba\/index.php\/wp-json\/wp\/v2\/tags?post=214864"}],"curies":[{"name":"wp","href":"https:\/\/api.w.org\/{rel}","templated":true}]}}