{"id":214483,"date":"2023-08-22T15:04:20","date_gmt":"2023-08-22T13:04:20","guid":{"rendered":"https:\/\/tuzlainfo.ba\/?p=214483"},"modified":"2023-08-22T12:46:33","modified_gmt":"2023-08-22T10:46:33","slug":"uio-protiv-pomjerenja-roka-za-naplatu-pdv-a","status":"publish","type":"post","link":"https:\/\/tuzlainfo.ba\/index.php\/bosna-i-hercegovina\/item\/214483-uio-protiv-pomjerenja-roka-za-naplatu-pdv-a\/","title":{"rendered":"UIO protiv pomjerenja roka za naplatu PDV-a"},"content":{"rendered":"<div>Uprava za indirektno oporezivanje BiH protiv je pomjeranja roka za naplatu PDV-a sa 10. u mjesecu na kraj mjeseca.<\/div>\n<div><\/div>\n<div>&#8211; Usvajanjem ovog prijedloga do\u0161lo bi do zna\u010dajnog pomijeranja (odgode) u naplati javnih prihoda &#8211; navedeno je u mi\u0161ljenju Uprave za indirektno oporezivanje BiH nakon \u0161to je Predstavni\u010dki dom Parlamentarne skup\u0161tine BiH usvojio prijedlog izmjena Zakona o PDV-u koji su predlo\u017eili Mladen Bosi\u0107 i Darko Babalj, poslanici SDS-a, pi\u0161e <a href=\"https:\/\/ba.ekapija.com\/news\/4344973\/uio-protiv-pomjerenja-roka-za-naplatu-pdv-a\">ekapija<\/a>.<\/div>\n<div><\/div>\n<div>Na toj sjednici usvojen je i zaklju\u010dak kojim se od UIO tra\u017ei da dostavi mi\u0161ljenje na mijenjanje Zakona o PDV, a u tom mi\u0161ljenju navodi se i da bi pomjeranje roka za naplatu PDV-a, uz obavezu UIO sa povratom obveznicima ugrozila stabilnost naplate javnih prihoda koja bi mogla biti ugro\u017eena.<\/div>\n<div><\/div>\n<div>&#8211; Prijedlogom da se rok za podno\u0161enje prijava sa 10. u mjesecu pomjeri za kraj mjeseca zanemaruje se to da se na taj na\u010din pomjera i rok za pla\u0107anje PDV-a. Usvajanjem ovog prijedloga do\u0161lo bi do zna\u010dajnog pomjeranja u naplati javnih prihoda, a kako odredba koja se odnosi na povrat PDV-a obveznicima ostaje nepromijenjena, povrat PDV-a i dalje bi bio 30 dana od dana podno\u0161enja prijave. Podaci pokazuju, da obveznici podnose prijave za povrat i prije 10. u mjesecu, te time dobijaju povrat ranije. Ovakav disbalans bi mogao dovesti do ote\u017eanog izvr\u0161enja zakonske obaveze povrata PDV-a obveznicima &#8211; navedeno je u mi\u0161ljenju UIO koje je na twiteru objavila Aleksandra Pandurevi\u0107 iz SDS-a.<\/div>\n<div class=\"interscrollerBanner\"><\/div>\n<div><\/div>\n<div>Babalj i Bosi\u0107 u svojoj inicijativi naveli su da postoje\u0107e zakonsko rje\u0161enje ne ostavlja dovoljno vremena poreskim obveznicima za podno\u0161enje PDV prijava te da su radnici u knjigovodstvu stavljeni pod veliki pritisak.<\/div>\n<p>&nbsp;<\/p>\n","protected":false},"excerpt":{"rendered":"<p>Uprava za indirektno oporezivanje BiH protiv je pomjeranja roka za naplatu PDV-a sa 10. u&hellip;<\/p>\n","protected":false},"author":4,"featured_media":82479,"comment_status":"open","ping_status":"closed","sticky":false,"template":"","format":"standard","meta":{"_acf_changed":false,"footnotes":""},"categories":[291],"tags":[3013,3928],"acf":[],"yoast_head":"<!-- This site is optimized with the Yoast SEO plugin v23.5 - https:\/\/yoast.com\/wordpress\/plugins\/seo\/ -->\n<title>UIO protiv pomjerenja roka za naplatu PDV-a - TuzlaInfo.ba<\/title>\n<meta name=\"robots\" content=\"index, follow, max-snippet:-1, max-image-preview:large, max-video-preview:-1\" \/>\n<link rel=\"canonical\" href=\"https:\/\/tuzlainfo.ba\/index.php\/bosna-i-hercegovina\/item\/214483-uio-protiv-pomjerenja-roka-za-naplatu-pdv-a\/\" \/>\n<meta property=\"og:locale\" content=\"bs_BA\" \/>\n<meta property=\"og:type\" content=\"article\" \/>\n<meta property=\"og:title\" content=\"UIO protiv pomjerenja roka za naplatu PDV-a - TuzlaInfo.ba\" \/>\n<meta property=\"og:description\" content=\"Uprava za indirektno oporezivanje BiH protiv je pomjeranja roka za naplatu PDV-a sa 10. u&hellip;\" \/>\n<meta property=\"og:url\" content=\"https:\/\/tuzlainfo.ba\/index.php\/bosna-i-hercegovina\/item\/214483-uio-protiv-pomjerenja-roka-za-naplatu-pdv-a\/\" \/>\n<meta property=\"og:site_name\" content=\"TuzlaInfo.ba\" \/>\n<meta property=\"article:publisher\" content=\"https:\/\/www.facebook.com\/tuzlainfo.ba\/\" \/>\n<meta property=\"article:published_time\" content=\"2023-08-22T13:04:20+00:00\" \/>\n<meta property=\"article:modified_time\" content=\"2023-08-22T10:46:33+00:00\" \/>\n<meta property=\"og:image\" content=\"https:\/\/tuzlainfo.ba\/wp-content\/uploads\/2020\/09\/sadrzaj_2020_20200901_0809_uio-bih.jpg\" \/>\n\t<meta property=\"og:image:width\" content=\"770\" \/>\n\t<meta property=\"og:image:height\" content=\"515\" \/>\n\t<meta property=\"og:image:type\" content=\"image\/jpeg\" \/>\n<meta name=\"author\" content=\"Tuzla Info\" \/>\n<meta name=\"twitter:card\" content=\"summary_large_image\" \/>\n<meta name=\"twitter:label1\" content=\"Written by\" \/>\n\t<meta name=\"twitter:data1\" content=\"Tuzla Info\" \/>\n\t<meta name=\"twitter:label2\" content=\"Est. reading time\" \/>\n\t<meta name=\"twitter:data2\" content=\"1 minuta\" \/>\n<script type=\"application\/ld+json\" class=\"yoast-schema-graph\">{\"@context\":\"https:\/\/schema.org\",\"@graph\":[{\"@type\":\"Article\",\"@id\":\"https:\/\/tuzlainfo.ba\/index.php\/bosna-i-hercegovina\/item\/214483-uio-protiv-pomjerenja-roka-za-naplatu-pdv-a\/#article\",\"isPartOf\":{\"@id\":\"https:\/\/tuzlainfo.ba\/index.php\/bosna-i-hercegovina\/item\/214483-uio-protiv-pomjerenja-roka-za-naplatu-pdv-a\/\"},\"author\":{\"name\":\"Tuzla Info\",\"@id\":\"https:\/\/tuzlainfo.ba\/#\/schema\/person\/46cad4c57790cbc50781edd14870825a\"},\"headline\":\"UIO protiv pomjerenja roka za naplatu PDV-a\",\"datePublished\":\"2023-08-22T13:04:20+00:00\",\"dateModified\":\"2023-08-22T10:46:33+00:00\",\"mainEntityOfPage\":{\"@id\":\"https:\/\/tuzlainfo.ba\/index.php\/bosna-i-hercegovina\/item\/214483-uio-protiv-pomjerenja-roka-za-naplatu-pdv-a\/\"},\"wordCount\":291,\"commentCount\":0,\"publisher\":{\"@id\":\"https:\/\/tuzlainfo.ba\/#organization\"},\"image\":{\"@id\":\"https:\/\/tuzlainfo.ba\/index.php\/bosna-i-hercegovina\/item\/214483-uio-protiv-pomjerenja-roka-za-naplatu-pdv-a\/#primaryimage\"},\"thumbnailUrl\":\"https:\/\/tuzlainfo.ba\/wp-content\/uploads\/2020\/09\/sadrzaj_2020_20200901_0809_uio-bih.jpg\",\"keywords\":[\"PDV\",\"Uprava za indirektno oporezivanje\"],\"articleSection\":[\"Bosna i Hercegovina\"],\"inLanguage\":\"bs-BA\"},{\"@type\":\"WebPage\",\"@id\":\"https:\/\/tuzlainfo.ba\/index.php\/bosna-i-hercegovina\/item\/214483-uio-protiv-pomjerenja-roka-za-naplatu-pdv-a\/\",\"url\":\"https:\/\/tuzlainfo.ba\/index.php\/bosna-i-hercegovina\/item\/214483-uio-protiv-pomjerenja-roka-za-naplatu-pdv-a\/\",\"name\":\"UIO protiv pomjerenja roka za naplatu PDV-a - TuzlaInfo.ba\",\"isPartOf\":{\"@id\":\"https:\/\/tuzlainfo.ba\/#website\"},\"primaryImageOfPage\":{\"@id\":\"https:\/\/tuzlainfo.ba\/index.php\/bosna-i-hercegovina\/item\/214483-uio-protiv-pomjerenja-roka-za-naplatu-pdv-a\/#primaryimage\"},\"image\":{\"@id\":\"https:\/\/tuzlainfo.ba\/index.php\/bosna-i-hercegovina\/item\/214483-uio-protiv-pomjerenja-roka-za-naplatu-pdv-a\/#primaryimage\"},\"thumbnailUrl\":\"https:\/\/tuzlainfo.ba\/wp-content\/uploads\/2020\/09\/sadrzaj_2020_20200901_0809_uio-bih.jpg\",\"datePublished\":\"2023-08-22T13:04:20+00:00\",\"dateModified\":\"2023-08-22T10:46:33+00:00\",\"breadcrumb\":{\"@id\":\"https:\/\/tuzlainfo.ba\/index.php\/bosna-i-hercegovina\/item\/214483-uio-protiv-pomjerenja-roka-za-naplatu-pdv-a\/#breadcrumb\"},\"inLanguage\":\"bs-BA\",\"potentialAction\":[{\"@type\":\"ReadAction\",\"target\":[\"https:\/\/tuzlainfo.ba\/index.php\/bosna-i-hercegovina\/item\/214483-uio-protiv-pomjerenja-roka-za-naplatu-pdv-a\/\"]}]},{\"@type\":\"ImageObject\",\"inLanguage\":\"bs-BA\",\"@id\":\"https:\/\/tuzlainfo.ba\/index.php\/bosna-i-hercegovina\/item\/214483-uio-protiv-pomjerenja-roka-za-naplatu-pdv-a\/#primaryimage\",\"url\":\"https:\/\/tuzlainfo.ba\/wp-content\/uploads\/2020\/09\/sadrzaj_2020_20200901_0809_uio-bih.jpg\",\"contentUrl\":\"https:\/\/tuzlainfo.ba\/wp-content\/uploads\/2020\/09\/sadrzaj_2020_20200901_0809_uio-bih.jpg\",\"width\":770,\"height\":515,\"caption\":\"0809 uio bih\"},{\"@type\":\"BreadcrumbList\",\"@id\":\"https:\/\/tuzlainfo.ba\/index.php\/bosna-i-hercegovina\/item\/214483-uio-protiv-pomjerenja-roka-za-naplatu-pdv-a\/#breadcrumb\",\"itemListElement\":[{\"@type\":\"ListItem\",\"position\":1,\"name\":\"Home\",\"item\":\"https:\/\/tuzlainfo.ba\/\"},{\"@type\":\"ListItem\",\"position\":2,\"name\":\"UIO protiv pomjerenja roka za naplatu PDV-a\"}]},{\"@type\":\"WebSite\",\"@id\":\"https:\/\/tuzlainfo.ba\/#website\",\"url\":\"https:\/\/tuzlainfo.ba\/\",\"name\":\"TuzlaInfo.ba\",\"description\":\"Tuzla info, gradski informator - Tuzla na dlanu\",\"publisher\":{\"@id\":\"https:\/\/tuzlainfo.ba\/#organization\"},\"potentialAction\":[{\"@type\":\"SearchAction\",\"target\":{\"@type\":\"EntryPoint\",\"urlTemplate\":\"https:\/\/tuzlainfo.ba\/?s={search_term_string}\"},\"query-input\":{\"@type\":\"PropertyValueSpecification\",\"valueRequired\":true,\"valueName\":\"search_term_string\"}}],\"inLanguage\":\"bs-BA\"},{\"@type\":\"Organization\",\"@id\":\"https:\/\/tuzlainfo.ba\/#organization\",\"name\":\"TuzlaInfo.ba\",\"url\":\"https:\/\/tuzlainfo.ba\/\",\"logo\":{\"@type\":\"ImageObject\",\"inLanguage\":\"bs-BA\",\"@id\":\"https:\/\/tuzlainfo.ba\/#\/schema\/logo\/image\/\",\"url\":\"https:\/\/tuzlainfo.ba\/wp-content\/uploads\/2021\/03\/logo-ver-3-1.png\",\"contentUrl\":\"https:\/\/tuzlainfo.ba\/wp-content\/uploads\/2021\/03\/logo-ver-3-1.png\",\"width\":350,\"height\":95,\"caption\":\"TuzlaInfo.ba\"},\"image\":{\"@id\":\"https:\/\/tuzlainfo.ba\/#\/schema\/logo\/image\/\"},\"sameAs\":[\"https:\/\/www.facebook.com\/tuzlainfo.ba\/\"]},{\"@type\":\"Person\",\"@id\":\"https:\/\/tuzlainfo.ba\/#\/schema\/person\/46cad4c57790cbc50781edd14870825a\",\"name\":\"Tuzla Info\",\"image\":{\"@type\":\"ImageObject\",\"inLanguage\":\"bs-BA\",\"@id\":\"https:\/\/tuzlainfo.ba\/#\/schema\/person\/image\/\",\"url\":\"https:\/\/tuzlainfo.ba\/wp-content\/litespeed\/avatar\/b6c453a6c38e3654f2e4416c643fc25c.jpg?ver=1777051911\",\"contentUrl\":\"https:\/\/tuzlainfo.ba\/wp-content\/litespeed\/avatar\/b6c453a6c38e3654f2e4416c643fc25c.jpg?ver=1777051911\",\"caption\":\"Tuzla Info\"}}]}<\/script>\n<!-- \/ Yoast SEO plugin. -->","yoast_head_json":{"title":"UIO protiv pomjerenja roka za naplatu PDV-a - TuzlaInfo.ba","robots":{"index":"index","follow":"follow","max-snippet":"max-snippet:-1","max-image-preview":"max-image-preview:large","max-video-preview":"max-video-preview:-1"},"canonical":"https:\/\/tuzlainfo.ba\/index.php\/bosna-i-hercegovina\/item\/214483-uio-protiv-pomjerenja-roka-za-naplatu-pdv-a\/","og_locale":"bs_BA","og_type":"article","og_title":"UIO protiv pomjerenja roka za naplatu PDV-a - TuzlaInfo.ba","og_description":"Uprava za indirektno oporezivanje BiH protiv je pomjeranja roka za naplatu PDV-a sa 10. u&hellip;","og_url":"https:\/\/tuzlainfo.ba\/index.php\/bosna-i-hercegovina\/item\/214483-uio-protiv-pomjerenja-roka-za-naplatu-pdv-a\/","og_site_name":"TuzlaInfo.ba","article_publisher":"https:\/\/www.facebook.com\/tuzlainfo.ba\/","article_published_time":"2023-08-22T13:04:20+00:00","article_modified_time":"2023-08-22T10:46:33+00:00","og_image":[{"width":770,"height":515,"url":"https:\/\/tuzlainfo.ba\/wp-content\/uploads\/2020\/09\/sadrzaj_2020_20200901_0809_uio-bih.jpg","type":"image\/jpeg"}],"author":"Tuzla Info","twitter_card":"summary_large_image","twitter_misc":{"Written by":"Tuzla Info","Est. reading time":"1 minuta"},"schema":{"@context":"https:\/\/schema.org","@graph":[{"@type":"Article","@id":"https:\/\/tuzlainfo.ba\/index.php\/bosna-i-hercegovina\/item\/214483-uio-protiv-pomjerenja-roka-za-naplatu-pdv-a\/#article","isPartOf":{"@id":"https:\/\/tuzlainfo.ba\/index.php\/bosna-i-hercegovina\/item\/214483-uio-protiv-pomjerenja-roka-za-naplatu-pdv-a\/"},"author":{"name":"Tuzla Info","@id":"https:\/\/tuzlainfo.ba\/#\/schema\/person\/46cad4c57790cbc50781edd14870825a"},"headline":"UIO protiv pomjerenja roka za naplatu PDV-a","datePublished":"2023-08-22T13:04:20+00:00","dateModified":"2023-08-22T10:46:33+00:00","mainEntityOfPage":{"@id":"https:\/\/tuzlainfo.ba\/index.php\/bosna-i-hercegovina\/item\/214483-uio-protiv-pomjerenja-roka-za-naplatu-pdv-a\/"},"wordCount":291,"commentCount":0,"publisher":{"@id":"https:\/\/tuzlainfo.ba\/#organization"},"image":{"@id":"https:\/\/tuzlainfo.ba\/index.php\/bosna-i-hercegovina\/item\/214483-uio-protiv-pomjerenja-roka-za-naplatu-pdv-a\/#primaryimage"},"thumbnailUrl":"https:\/\/tuzlainfo.ba\/wp-content\/uploads\/2020\/09\/sadrzaj_2020_20200901_0809_uio-bih.jpg","keywords":["PDV","Uprava za indirektno oporezivanje"],"articleSection":["Bosna i Hercegovina"],"inLanguage":"bs-BA"},{"@type":"WebPage","@id":"https:\/\/tuzlainfo.ba\/index.php\/bosna-i-hercegovina\/item\/214483-uio-protiv-pomjerenja-roka-za-naplatu-pdv-a\/","url":"https:\/\/tuzlainfo.ba\/index.php\/bosna-i-hercegovina\/item\/214483-uio-protiv-pomjerenja-roka-za-naplatu-pdv-a\/","name":"UIO protiv pomjerenja roka za naplatu PDV-a - TuzlaInfo.ba","isPartOf":{"@id":"https:\/\/tuzlainfo.ba\/#website"},"primaryImageOfPage":{"@id":"https:\/\/tuzlainfo.ba\/index.php\/bosna-i-hercegovina\/item\/214483-uio-protiv-pomjerenja-roka-za-naplatu-pdv-a\/#primaryimage"},"image":{"@id":"https:\/\/tuzlainfo.ba\/index.php\/bosna-i-hercegovina\/item\/214483-uio-protiv-pomjerenja-roka-za-naplatu-pdv-a\/#primaryimage"},"thumbnailUrl":"https:\/\/tuzlainfo.ba\/wp-content\/uploads\/2020\/09\/sadrzaj_2020_20200901_0809_uio-bih.jpg","datePublished":"2023-08-22T13:04:20+00:00","dateModified":"2023-08-22T10:46:33+00:00","breadcrumb":{"@id":"https:\/\/tuzlainfo.ba\/index.php\/bosna-i-hercegovina\/item\/214483-uio-protiv-pomjerenja-roka-za-naplatu-pdv-a\/#breadcrumb"},"inLanguage":"bs-BA","potentialAction":[{"@type":"ReadAction","target":["https:\/\/tuzlainfo.ba\/index.php\/bosna-i-hercegovina\/item\/214483-uio-protiv-pomjerenja-roka-za-naplatu-pdv-a\/"]}]},{"@type":"ImageObject","inLanguage":"bs-BA","@id":"https:\/\/tuzlainfo.ba\/index.php\/bosna-i-hercegovina\/item\/214483-uio-protiv-pomjerenja-roka-za-naplatu-pdv-a\/#primaryimage","url":"https:\/\/tuzlainfo.ba\/wp-content\/uploads\/2020\/09\/sadrzaj_2020_20200901_0809_uio-bih.jpg","contentUrl":"https:\/\/tuzlainfo.ba\/wp-content\/uploads\/2020\/09\/sadrzaj_2020_20200901_0809_uio-bih.jpg","width":770,"height":515,"caption":"0809 uio bih"},{"@type":"BreadcrumbList","@id":"https:\/\/tuzlainfo.ba\/index.php\/bosna-i-hercegovina\/item\/214483-uio-protiv-pomjerenja-roka-za-naplatu-pdv-a\/#breadcrumb","itemListElement":[{"@type":"ListItem","position":1,"name":"Home","item":"https:\/\/tuzlainfo.ba\/"},{"@type":"ListItem","position":2,"name":"UIO protiv pomjerenja roka za naplatu PDV-a"}]},{"@type":"WebSite","@id":"https:\/\/tuzlainfo.ba\/#website","url":"https:\/\/tuzlainfo.ba\/","name":"TuzlaInfo.ba","description":"Tuzla info, gradski informator - Tuzla na dlanu","publisher":{"@id":"https:\/\/tuzlainfo.ba\/#organization"},"potentialAction":[{"@type":"SearchAction","target":{"@type":"EntryPoint","urlTemplate":"https:\/\/tuzlainfo.ba\/?s={search_term_string}"},"query-input":{"@type":"PropertyValueSpecification","valueRequired":true,"valueName":"search_term_string"}}],"inLanguage":"bs-BA"},{"@type":"Organization","@id":"https:\/\/tuzlainfo.ba\/#organization","name":"TuzlaInfo.ba","url":"https:\/\/tuzlainfo.ba\/","logo":{"@type":"ImageObject","inLanguage":"bs-BA","@id":"https:\/\/tuzlainfo.ba\/#\/schema\/logo\/image\/","url":"https:\/\/tuzlainfo.ba\/wp-content\/uploads\/2021\/03\/logo-ver-3-1.png","contentUrl":"https:\/\/tuzlainfo.ba\/wp-content\/uploads\/2021\/03\/logo-ver-3-1.png","width":350,"height":95,"caption":"TuzlaInfo.ba"},"image":{"@id":"https:\/\/tuzlainfo.ba\/#\/schema\/logo\/image\/"},"sameAs":["https:\/\/www.facebook.com\/tuzlainfo.ba\/"]},{"@type":"Person","@id":"https:\/\/tuzlainfo.ba\/#\/schema\/person\/46cad4c57790cbc50781edd14870825a","name":"Tuzla Info","image":{"@type":"ImageObject","inLanguage":"bs-BA","@id":"https:\/\/tuzlainfo.ba\/#\/schema\/person\/image\/","url":"https:\/\/tuzlainfo.ba\/wp-content\/litespeed\/avatar\/b6c453a6c38e3654f2e4416c643fc25c.jpg?ver=1777051911","contentUrl":"https:\/\/tuzlainfo.ba\/wp-content\/litespeed\/avatar\/b6c453a6c38e3654f2e4416c643fc25c.jpg?ver=1777051911","caption":"Tuzla Info"}}]}},"_links":{"self":[{"href":"https:\/\/tuzlainfo.ba\/index.php\/wp-json\/wp\/v2\/posts\/214483"}],"collection":[{"href":"https:\/\/tuzlainfo.ba\/index.php\/wp-json\/wp\/v2\/posts"}],"about":[{"href":"https:\/\/tuzlainfo.ba\/index.php\/wp-json\/wp\/v2\/types\/post"}],"author":[{"embeddable":true,"href":"https:\/\/tuzlainfo.ba\/index.php\/wp-json\/wp\/v2\/users\/4"}],"replies":[{"embeddable":true,"href":"https:\/\/tuzlainfo.ba\/index.php\/wp-json\/wp\/v2\/comments?post=214483"}],"version-history":[{"count":0,"href":"https:\/\/tuzlainfo.ba\/index.php\/wp-json\/wp\/v2\/posts\/214483\/revisions"}],"wp:featuredmedia":[{"embeddable":true,"href":"https:\/\/tuzlainfo.ba\/index.php\/wp-json\/wp\/v2\/media\/82479"}],"wp:attachment":[{"href":"https:\/\/tuzlainfo.ba\/index.php\/wp-json\/wp\/v2\/media?parent=214483"}],"wp:term":[{"taxonomy":"category","embeddable":true,"href":"https:\/\/tuzlainfo.ba\/index.php\/wp-json\/wp\/v2\/categories?post=214483"},{"taxonomy":"post_tag","embeddable":true,"href":"https:\/\/tuzlainfo.ba\/index.php\/wp-json\/wp\/v2\/tags?post=214483"}],"curies":[{"name":"wp","href":"https:\/\/api.w.org\/{rel}","templated":true}]}}