{"id":214457,"date":"2023-08-21T14:48:18","date_gmt":"2023-08-21T12:48:18","guid":{"rendered":"https:\/\/tuzlainfo.ba\/?p=214457"},"modified":"2023-08-21T15:39:19","modified_gmt":"2023-08-21T13:39:19","slug":"ubistvo-i-samoubistvo-u-zivinicama-u-kuci-pronadjeno-i-dijete-ukazana-mu-pomoc","status":"publish","type":"post","link":"https:\/\/tuzlainfo.ba\/index.php\/novosti\/item\/214457-ubistvo-i-samoubistvo-u-zivinicama-u-kuci-pronadjeno-i-dijete-ukazana-mu-pomoc\/","title":{"rendered":"Ubistvo i samoubistvo u \u017divinicama: U ku\u0107i prona\u0111eno i dijete, ukazana mu pomo\u0107"},"content":{"rendered":"<p>Nakon ubistva i samoubistva u \u017eivini\u010dkom naselju Podgajevi, u ku\u0107i gdje su prona\u0111ena be\u017eivotna tijela \u017eene i mu\u0161karca, prona\u0111eno je i maloljetno dijete, kojem je ukazana pomo\u0107, te je ono izmje\u0161teno na sigurno.<\/p>\n<p>&#8220;Mo\u017eemo potvrditi da je u porodi\u010dnoj ku\u0107i gdje se desio doga\u0111aj zate\u010deno malodobno dijete, koje je u srodstvu sa postradalom \u017eenom, u rad je uklju\u010den i Centar za socijalni rad \u017divinice, djetetu je ukazana psiholo\u0161ka pomo\u0107, te je izmje\u0161teno na sigurno, do dolaska roditelja &#8211; staratelja, koji se nalazi na radu u inostranstvu&#8221; &#8211; kazala je glasnogovornica Uprave policije MUP-a TK, Adnana Spre\u010di\u0107.<\/p>\n<p>Dodala je i da je nare\u0111ena obudkcija, te provjera oru\u017eja.<\/p>\n<p>&#8220;Po ovla\u0161tenju KTTK-a: u cilju utvr\u0111ivanja svih okolnosti pod kojima se desio doga\u0111aj u Podgajevima, \u017divinice, postupaju\u0107i Tu\u017eilac KTTK-a izdao je naredbu za obdukciju tijela postradalih T.\u010c. i M.A. , te nalog za vr\u0161enje provjera vezano za vatreno oru\u017eje, kojim je djelo po\u010dinjeno, u smislu da li se radi o oru\u017eju za koje je izdata dozvola za dr\u017eanje i no\u0161enje oru\u017eja&#8221; &#8211; kazala je Spre\u010di\u0107.<\/p>\n","protected":false},"excerpt":{"rendered":"<p>Nakon ubistva i samoubistva u \u017eivini\u010dkom naselju Podgajevi, u ku\u0107i gdje su prona\u0111ena be\u017eivotna tijela&hellip;<\/p>\n","protected":false},"author":4,"featured_media":142394,"comment_status":"open","ping_status":"closed","sticky":false,"template":"","format":"standard","meta":{"_acf_changed":false,"footnotes":""},"categories":[304,12,306],"tags":[7931,847,1418,409],"acf":[],"yoast_head":"<!-- This site is optimized with the Yoast SEO plugin v23.5 - https:\/\/yoast.com\/wordpress\/plugins\/seo\/ -->\n<title>Ubistvo i samoubistvo u \u017divinicama: U ku\u0107i prona\u0111eno i dijete, ukazana mu pomo\u0107 - TuzlaInfo.ba<\/title>\n<meta name=\"robots\" content=\"index, follow, max-snippet:-1, max-image-preview:large, max-video-preview:-1\" \/>\n<link rel=\"canonical\" href=\"https:\/\/tuzlainfo.ba\/index.php\/novosti\/item\/214457-ubistvo-i-samoubistvo-u-zivinicama-u-kuci-pronadjeno-i-dijete-ukazana-mu-pomoc\/\" \/>\n<meta property=\"og:locale\" content=\"bs_BA\" \/>\n<meta property=\"og:type\" content=\"article\" \/>\n<meta property=\"og:title\" content=\"Ubistvo i samoubistvo u \u017divinicama: U ku\u0107i prona\u0111eno i dijete, ukazana mu pomo\u0107 - TuzlaInfo.ba\" \/>\n<meta property=\"og:description\" content=\"Nakon ubistva i samoubistva u \u017eivini\u010dkom naselju Podgajevi, u ku\u0107i gdje su prona\u0111ena be\u017eivotna tijela&hellip;\" \/>\n<meta property=\"og:url\" content=\"https:\/\/tuzlainfo.ba\/index.php\/novosti\/item\/214457-ubistvo-i-samoubistvo-u-zivinicama-u-kuci-pronadjeno-i-dijete-ukazana-mu-pomoc\/\" \/>\n<meta property=\"og:site_name\" content=\"TuzlaInfo.ba\" \/>\n<meta property=\"article:publisher\" content=\"https:\/\/www.facebook.com\/tuzlainfo.ba\/\" \/>\n<meta property=\"article:published_time\" content=\"2023-08-21T12:48:18+00:00\" \/>\n<meta property=\"article:modified_time\" content=\"2023-08-21T13:39:19+00:00\" \/>\n<meta property=\"og:image\" content=\"https:\/\/tuzlainfo.ba\/wp-content\/uploads\/2021\/07\/1907_policija_stop.jpg\" \/>\n\t<meta property=\"og:image:width\" content=\"718\" \/>\n\t<meta property=\"og:image:height\" content=\"446\" \/>\n\t<meta property=\"og:image:type\" content=\"image\/jpeg\" \/>\n<meta name=\"author\" content=\"Tuzla Info\" \/>\n<meta name=\"twitter:card\" content=\"summary_large_image\" \/>\n<meta name=\"twitter:label1\" content=\"Written by\" \/>\n\t<meta name=\"twitter:data1\" content=\"Tuzla Info\" \/>\n\t<meta name=\"twitter:label2\" content=\"Est. reading time\" \/>\n\t<meta name=\"twitter:data2\" content=\"1 minuta\" \/>\n<script type=\"application\/ld+json\" class=\"yoast-schema-graph\">{\"@context\":\"https:\/\/schema.org\",\"@graph\":[{\"@type\":\"Article\",\"@id\":\"https:\/\/tuzlainfo.ba\/index.php\/novosti\/item\/214457-ubistvo-i-samoubistvo-u-zivinicama-u-kuci-pronadjeno-i-dijete-ukazana-mu-pomoc\/#article\",\"isPartOf\":{\"@id\":\"https:\/\/tuzlainfo.ba\/index.php\/novosti\/item\/214457-ubistvo-i-samoubistvo-u-zivinicama-u-kuci-pronadjeno-i-dijete-ukazana-mu-pomoc\/\"},\"author\":{\"name\":\"Tuzla Info\",\"@id\":\"https:\/\/tuzlainfo.ba\/#\/schema\/person\/46cad4c57790cbc50781edd14870825a\"},\"headline\":\"Ubistvo i samoubistvo u \u017divinicama: U ku\u0107i prona\u0111eno i dijete, ukazana mu pomo\u0107\",\"datePublished\":\"2023-08-21T12:48:18+00:00\",\"dateModified\":\"2023-08-21T13:39:19+00:00\",\"mainEntityOfPage\":{\"@id\":\"https:\/\/tuzlainfo.ba\/index.php\/novosti\/item\/214457-ubistvo-i-samoubistvo-u-zivinicama-u-kuci-pronadjeno-i-dijete-ukazana-mu-pomoc\/\"},\"wordCount\":217,\"commentCount\":0,\"publisher\":{\"@id\":\"https:\/\/tuzlainfo.ba\/#organization\"},\"image\":{\"@id\":\"https:\/\/tuzlainfo.ba\/index.php\/novosti\/item\/214457-ubistvo-i-samoubistvo-u-zivinicama-u-kuci-pronadjeno-i-dijete-ukazana-mu-pomoc\/#primaryimage\"},\"thumbnailUrl\":\"https:\/\/tuzlainfo.ba\/wp-content\/uploads\/2021\/07\/1907_policija_stop.jpg\",\"keywords\":[\"femicid\",\"samoubistvo\",\"ubistvo\",\"\u017eivinice\"],\"articleSection\":[\"Istaknuto\",\"Novosti\",\"Preporu\u010dujemo\"],\"inLanguage\":\"bs-BA\"},{\"@type\":\"WebPage\",\"@id\":\"https:\/\/tuzlainfo.ba\/index.php\/novosti\/item\/214457-ubistvo-i-samoubistvo-u-zivinicama-u-kuci-pronadjeno-i-dijete-ukazana-mu-pomoc\/\",\"url\":\"https:\/\/tuzlainfo.ba\/index.php\/novosti\/item\/214457-ubistvo-i-samoubistvo-u-zivinicama-u-kuci-pronadjeno-i-dijete-ukazana-mu-pomoc\/\",\"name\":\"Ubistvo i samoubistvo u \u017divinicama: U ku\u0107i prona\u0111eno i dijete, ukazana mu pomo\u0107 - TuzlaInfo.ba\",\"isPartOf\":{\"@id\":\"https:\/\/tuzlainfo.ba\/#website\"},\"primaryImageOfPage\":{\"@id\":\"https:\/\/tuzlainfo.ba\/index.php\/novosti\/item\/214457-ubistvo-i-samoubistvo-u-zivinicama-u-kuci-pronadjeno-i-dijete-ukazana-mu-pomoc\/#primaryimage\"},\"image\":{\"@id\":\"https:\/\/tuzlainfo.ba\/index.php\/novosti\/item\/214457-ubistvo-i-samoubistvo-u-zivinicama-u-kuci-pronadjeno-i-dijete-ukazana-mu-pomoc\/#primaryimage\"},\"thumbnailUrl\":\"https:\/\/tuzlainfo.ba\/wp-content\/uploads\/2021\/07\/1907_policija_stop.jpg\",\"datePublished\":\"2023-08-21T12:48:18+00:00\",\"dateModified\":\"2023-08-21T13:39:19+00:00\",\"breadcrumb\":{\"@id\":\"https:\/\/tuzlainfo.ba\/index.php\/novosti\/item\/214457-ubistvo-i-samoubistvo-u-zivinicama-u-kuci-pronadjeno-i-dijete-ukazana-mu-pomoc\/#breadcrumb\"},\"inLanguage\":\"bs-BA\",\"potentialAction\":[{\"@type\":\"ReadAction\",\"target\":[\"https:\/\/tuzlainfo.ba\/index.php\/novosti\/item\/214457-ubistvo-i-samoubistvo-u-zivinicama-u-kuci-pronadjeno-i-dijete-ukazana-mu-pomoc\/\"]}]},{\"@type\":\"ImageObject\",\"inLanguage\":\"bs-BA\",\"@id\":\"https:\/\/tuzlainfo.ba\/index.php\/novosti\/item\/214457-ubistvo-i-samoubistvo-u-zivinicama-u-kuci-pronadjeno-i-dijete-ukazana-mu-pomoc\/#primaryimage\",\"url\":\"https:\/\/tuzlainfo.ba\/wp-content\/uploads\/2021\/07\/1907_policija_stop.jpg\",\"contentUrl\":\"https:\/\/tuzlainfo.ba\/wp-content\/uploads\/2021\/07\/1907_policija_stop.jpg\",\"width\":718,\"height\":446},{\"@type\":\"BreadcrumbList\",\"@id\":\"https:\/\/tuzlainfo.ba\/index.php\/novosti\/item\/214457-ubistvo-i-samoubistvo-u-zivinicama-u-kuci-pronadjeno-i-dijete-ukazana-mu-pomoc\/#breadcrumb\",\"itemListElement\":[{\"@type\":\"ListItem\",\"position\":1,\"name\":\"Home\",\"item\":\"https:\/\/tuzlainfo.ba\/\"},{\"@type\":\"ListItem\",\"position\":2,\"name\":\"Ubistvo i samoubistvo u \u017divinicama: U ku\u0107i prona\u0111eno i dijete, ukazana mu pomo\u0107\"}]},{\"@type\":\"WebSite\",\"@id\":\"https:\/\/tuzlainfo.ba\/#website\",\"url\":\"https:\/\/tuzlainfo.ba\/\",\"name\":\"TuzlaInfo.ba\",\"description\":\"Tuzla info, gradski informator - Tuzla na dlanu\",\"publisher\":{\"@id\":\"https:\/\/tuzlainfo.ba\/#organization\"},\"potentialAction\":[{\"@type\":\"SearchAction\",\"target\":{\"@type\":\"EntryPoint\",\"urlTemplate\":\"https:\/\/tuzlainfo.ba\/?s={search_term_string}\"},\"query-input\":{\"@type\":\"PropertyValueSpecification\",\"valueRequired\":true,\"valueName\":\"search_term_string\"}}],\"inLanguage\":\"bs-BA\"},{\"@type\":\"Organization\",\"@id\":\"https:\/\/tuzlainfo.ba\/#organization\",\"name\":\"TuzlaInfo.ba\",\"url\":\"https:\/\/tuzlainfo.ba\/\",\"logo\":{\"@type\":\"ImageObject\",\"inLanguage\":\"bs-BA\",\"@id\":\"https:\/\/tuzlainfo.ba\/#\/schema\/logo\/image\/\",\"url\":\"https:\/\/tuzlainfo.ba\/wp-content\/uploads\/2021\/03\/logo-ver-3-1.png\",\"contentUrl\":\"https:\/\/tuzlainfo.ba\/wp-content\/uploads\/2021\/03\/logo-ver-3-1.png\",\"width\":350,\"height\":95,\"caption\":\"TuzlaInfo.ba\"},\"image\":{\"@id\":\"https:\/\/tuzlainfo.ba\/#\/schema\/logo\/image\/\"},\"sameAs\":[\"https:\/\/www.facebook.com\/tuzlainfo.ba\/\"]},{\"@type\":\"Person\",\"@id\":\"https:\/\/tuzlainfo.ba\/#\/schema\/person\/46cad4c57790cbc50781edd14870825a\",\"name\":\"Tuzla Info\",\"image\":{\"@type\":\"ImageObject\",\"inLanguage\":\"bs-BA\",\"@id\":\"https:\/\/tuzlainfo.ba\/#\/schema\/person\/image\/\",\"url\":\"https:\/\/tuzlainfo.ba\/wp-content\/litespeed\/avatar\/b6c453a6c38e3654f2e4416c643fc25c.jpg?ver=1777051911\",\"contentUrl\":\"https:\/\/tuzlainfo.ba\/wp-content\/litespeed\/avatar\/b6c453a6c38e3654f2e4416c643fc25c.jpg?ver=1777051911\",\"caption\":\"Tuzla Info\"}}]}<\/script>\n<!-- \/ Yoast SEO plugin. -->","yoast_head_json":{"title":"Ubistvo i samoubistvo u \u017divinicama: U ku\u0107i prona\u0111eno i dijete, ukazana mu pomo\u0107 - TuzlaInfo.ba","robots":{"index":"index","follow":"follow","max-snippet":"max-snippet:-1","max-image-preview":"max-image-preview:large","max-video-preview":"max-video-preview:-1"},"canonical":"https:\/\/tuzlainfo.ba\/index.php\/novosti\/item\/214457-ubistvo-i-samoubistvo-u-zivinicama-u-kuci-pronadjeno-i-dijete-ukazana-mu-pomoc\/","og_locale":"bs_BA","og_type":"article","og_title":"Ubistvo i samoubistvo u \u017divinicama: U ku\u0107i prona\u0111eno i dijete, ukazana mu pomo\u0107 - TuzlaInfo.ba","og_description":"Nakon ubistva i samoubistva u \u017eivini\u010dkom naselju Podgajevi, u ku\u0107i gdje su prona\u0111ena be\u017eivotna tijela&hellip;","og_url":"https:\/\/tuzlainfo.ba\/index.php\/novosti\/item\/214457-ubistvo-i-samoubistvo-u-zivinicama-u-kuci-pronadjeno-i-dijete-ukazana-mu-pomoc\/","og_site_name":"TuzlaInfo.ba","article_publisher":"https:\/\/www.facebook.com\/tuzlainfo.ba\/","article_published_time":"2023-08-21T12:48:18+00:00","article_modified_time":"2023-08-21T13:39:19+00:00","og_image":[{"width":718,"height":446,"url":"https:\/\/tuzlainfo.ba\/wp-content\/uploads\/2021\/07\/1907_policija_stop.jpg","type":"image\/jpeg"}],"author":"Tuzla Info","twitter_card":"summary_large_image","twitter_misc":{"Written by":"Tuzla Info","Est. reading time":"1 minuta"},"schema":{"@context":"https:\/\/schema.org","@graph":[{"@type":"Article","@id":"https:\/\/tuzlainfo.ba\/index.php\/novosti\/item\/214457-ubistvo-i-samoubistvo-u-zivinicama-u-kuci-pronadjeno-i-dijete-ukazana-mu-pomoc\/#article","isPartOf":{"@id":"https:\/\/tuzlainfo.ba\/index.php\/novosti\/item\/214457-ubistvo-i-samoubistvo-u-zivinicama-u-kuci-pronadjeno-i-dijete-ukazana-mu-pomoc\/"},"author":{"name":"Tuzla Info","@id":"https:\/\/tuzlainfo.ba\/#\/schema\/person\/46cad4c57790cbc50781edd14870825a"},"headline":"Ubistvo i samoubistvo u \u017divinicama: U ku\u0107i prona\u0111eno i dijete, ukazana mu pomo\u0107","datePublished":"2023-08-21T12:48:18+00:00","dateModified":"2023-08-21T13:39:19+00:00","mainEntityOfPage":{"@id":"https:\/\/tuzlainfo.ba\/index.php\/novosti\/item\/214457-ubistvo-i-samoubistvo-u-zivinicama-u-kuci-pronadjeno-i-dijete-ukazana-mu-pomoc\/"},"wordCount":217,"commentCount":0,"publisher":{"@id":"https:\/\/tuzlainfo.ba\/#organization"},"image":{"@id":"https:\/\/tuzlainfo.ba\/index.php\/novosti\/item\/214457-ubistvo-i-samoubistvo-u-zivinicama-u-kuci-pronadjeno-i-dijete-ukazana-mu-pomoc\/#primaryimage"},"thumbnailUrl":"https:\/\/tuzlainfo.ba\/wp-content\/uploads\/2021\/07\/1907_policija_stop.jpg","keywords":["femicid","samoubistvo","ubistvo","\u017eivinice"],"articleSection":["Istaknuto","Novosti","Preporu\u010dujemo"],"inLanguage":"bs-BA"},{"@type":"WebPage","@id":"https:\/\/tuzlainfo.ba\/index.php\/novosti\/item\/214457-ubistvo-i-samoubistvo-u-zivinicama-u-kuci-pronadjeno-i-dijete-ukazana-mu-pomoc\/","url":"https:\/\/tuzlainfo.ba\/index.php\/novosti\/item\/214457-ubistvo-i-samoubistvo-u-zivinicama-u-kuci-pronadjeno-i-dijete-ukazana-mu-pomoc\/","name":"Ubistvo i samoubistvo u \u017divinicama: U ku\u0107i prona\u0111eno i dijete, ukazana mu pomo\u0107 - TuzlaInfo.ba","isPartOf":{"@id":"https:\/\/tuzlainfo.ba\/#website"},"primaryImageOfPage":{"@id":"https:\/\/tuzlainfo.ba\/index.php\/novosti\/item\/214457-ubistvo-i-samoubistvo-u-zivinicama-u-kuci-pronadjeno-i-dijete-ukazana-mu-pomoc\/#primaryimage"},"image":{"@id":"https:\/\/tuzlainfo.ba\/index.php\/novosti\/item\/214457-ubistvo-i-samoubistvo-u-zivinicama-u-kuci-pronadjeno-i-dijete-ukazana-mu-pomoc\/#primaryimage"},"thumbnailUrl":"https:\/\/tuzlainfo.ba\/wp-content\/uploads\/2021\/07\/1907_policija_stop.jpg","datePublished":"2023-08-21T12:48:18+00:00","dateModified":"2023-08-21T13:39:19+00:00","breadcrumb":{"@id":"https:\/\/tuzlainfo.ba\/index.php\/novosti\/item\/214457-ubistvo-i-samoubistvo-u-zivinicama-u-kuci-pronadjeno-i-dijete-ukazana-mu-pomoc\/#breadcrumb"},"inLanguage":"bs-BA","potentialAction":[{"@type":"ReadAction","target":["https:\/\/tuzlainfo.ba\/index.php\/novosti\/item\/214457-ubistvo-i-samoubistvo-u-zivinicama-u-kuci-pronadjeno-i-dijete-ukazana-mu-pomoc\/"]}]},{"@type":"ImageObject","inLanguage":"bs-BA","@id":"https:\/\/tuzlainfo.ba\/index.php\/novosti\/item\/214457-ubistvo-i-samoubistvo-u-zivinicama-u-kuci-pronadjeno-i-dijete-ukazana-mu-pomoc\/#primaryimage","url":"https:\/\/tuzlainfo.ba\/wp-content\/uploads\/2021\/07\/1907_policija_stop.jpg","contentUrl":"https:\/\/tuzlainfo.ba\/wp-content\/uploads\/2021\/07\/1907_policija_stop.jpg","width":718,"height":446},{"@type":"BreadcrumbList","@id":"https:\/\/tuzlainfo.ba\/index.php\/novosti\/item\/214457-ubistvo-i-samoubistvo-u-zivinicama-u-kuci-pronadjeno-i-dijete-ukazana-mu-pomoc\/#breadcrumb","itemListElement":[{"@type":"ListItem","position":1,"name":"Home","item":"https:\/\/tuzlainfo.ba\/"},{"@type":"ListItem","position":2,"name":"Ubistvo i samoubistvo u \u017divinicama: U ku\u0107i prona\u0111eno i dijete, ukazana mu pomo\u0107"}]},{"@type":"WebSite","@id":"https:\/\/tuzlainfo.ba\/#website","url":"https:\/\/tuzlainfo.ba\/","name":"TuzlaInfo.ba","description":"Tuzla info, gradski informator - Tuzla na dlanu","publisher":{"@id":"https:\/\/tuzlainfo.ba\/#organization"},"potentialAction":[{"@type":"SearchAction","target":{"@type":"EntryPoint","urlTemplate":"https:\/\/tuzlainfo.ba\/?s={search_term_string}"},"query-input":{"@type":"PropertyValueSpecification","valueRequired":true,"valueName":"search_term_string"}}],"inLanguage":"bs-BA"},{"@type":"Organization","@id":"https:\/\/tuzlainfo.ba\/#organization","name":"TuzlaInfo.ba","url":"https:\/\/tuzlainfo.ba\/","logo":{"@type":"ImageObject","inLanguage":"bs-BA","@id":"https:\/\/tuzlainfo.ba\/#\/schema\/logo\/image\/","url":"https:\/\/tuzlainfo.ba\/wp-content\/uploads\/2021\/03\/logo-ver-3-1.png","contentUrl":"https:\/\/tuzlainfo.ba\/wp-content\/uploads\/2021\/03\/logo-ver-3-1.png","width":350,"height":95,"caption":"TuzlaInfo.ba"},"image":{"@id":"https:\/\/tuzlainfo.ba\/#\/schema\/logo\/image\/"},"sameAs":["https:\/\/www.facebook.com\/tuzlainfo.ba\/"]},{"@type":"Person","@id":"https:\/\/tuzlainfo.ba\/#\/schema\/person\/46cad4c57790cbc50781edd14870825a","name":"Tuzla Info","image":{"@type":"ImageObject","inLanguage":"bs-BA","@id":"https:\/\/tuzlainfo.ba\/#\/schema\/person\/image\/","url":"https:\/\/tuzlainfo.ba\/wp-content\/litespeed\/avatar\/b6c453a6c38e3654f2e4416c643fc25c.jpg?ver=1777051911","contentUrl":"https:\/\/tuzlainfo.ba\/wp-content\/litespeed\/avatar\/b6c453a6c38e3654f2e4416c643fc25c.jpg?ver=1777051911","caption":"Tuzla Info"}}]}},"_links":{"self":[{"href":"https:\/\/tuzlainfo.ba\/index.php\/wp-json\/wp\/v2\/posts\/214457"}],"collection":[{"href":"https:\/\/tuzlainfo.ba\/index.php\/wp-json\/wp\/v2\/posts"}],"about":[{"href":"https:\/\/tuzlainfo.ba\/index.php\/wp-json\/wp\/v2\/types\/post"}],"author":[{"embeddable":true,"href":"https:\/\/tuzlainfo.ba\/index.php\/wp-json\/wp\/v2\/users\/4"}],"replies":[{"embeddable":true,"href":"https:\/\/tuzlainfo.ba\/index.php\/wp-json\/wp\/v2\/comments?post=214457"}],"version-history":[{"count":0,"href":"https:\/\/tuzlainfo.ba\/index.php\/wp-json\/wp\/v2\/posts\/214457\/revisions"}],"wp:featuredmedia":[{"embeddable":true,"href":"https:\/\/tuzlainfo.ba\/index.php\/wp-json\/wp\/v2\/media\/142394"}],"wp:attachment":[{"href":"https:\/\/tuzlainfo.ba\/index.php\/wp-json\/wp\/v2\/media?parent=214457"}],"wp:term":[{"taxonomy":"category","embeddable":true,"href":"https:\/\/tuzlainfo.ba\/index.php\/wp-json\/wp\/v2\/categories?post=214457"},{"taxonomy":"post_tag","embeddable":true,"href":"https:\/\/tuzlainfo.ba\/index.php\/wp-json\/wp\/v2\/tags?post=214457"}],"curies":[{"name":"wp","href":"https:\/\/api.w.org\/{rel}","templated":true}]}}