{"id":213901,"date":"2023-08-15T13:51:00","date_gmt":"2023-08-15T11:51:00","guid":{"rendered":"https:\/\/tuzlainfo.ba\/?p=213901"},"modified":"2023-08-15T13:51:00","modified_gmt":"2023-08-15T11:51:00","slug":"penzionisani-generali-i-oficiri-vrs-a-iz-srbije-najavili-dolazak-u-sarajevo-napadnuta-je-rs-i-srpski-narod","status":"publish","type":"post","link":"https:\/\/tuzlainfo.ba\/index.php\/bosna-i-hercegovina\/item\/213901-penzionisani-generali-i-oficiri-vrs-a-iz-srbije-najavili-dolazak-u-sarajevo-napadnuta-je-rs-i-srpski-narod\/","title":{"rendered":"Penzionisani generali i oficiri VRS-a iz Srbije najavili dolazak u Sarajevo: &#8220;Napadnuta je RS i srpski narod&#8221;"},"content":{"rendered":"<p>Udru\u017eenje \u010cast otad\u017ebine, zajedno sa udru\u017eenjima proisteklim iz &#8220;odbrambeno-otad\u017ebinskog&#8221; rata, zatra\u017eit \u0107e odr\u017eavanje protestnog skupa u Sarajevu, povodom podizanja optu\u017enice protiv predsjednika bh. entiteta Republika Srpska Milorada Dodika i v.d. direktora Slu\u017ebenog glasnika RS-a Milo\u0161a Luki\u0107a.<\/p>\n<div id=\"player\">Iz ovog udru\u017eenja navode da je &#8220;napadnuta Republika Srpska i srpski narod&#8221;.<\/div>\n<div class=\"post-content post-content-holder\">\n<p>&#8211; Na\u0161a borba nije zavr\u0161ena i danas moramo ponovo da formiramo front odbrane. Zajedno da stanemo na branik otad\u017ebine i ka\u017eemo &#8211; &#8220;dalje ne\u0107ete mo\u0107i&#8221;. Na\u0161i dana\u0161nji neprijatelji su podigli optu\u017enicu protiv predsjednika Republike Srpske koju su, po naredbi zapadnih centara mo\u0107i, potpisali ovda\u0161nji izdajnici &#8211; naveli su iz Udru\u017eenja \u010cast otad\u017ebine.<\/p>\n<p>Iz ovog udru\u017eenja ka\u017eu da preostaje samo jedan izbor &#8211; odbrana predstavnika institucija Republike Srpske. Zato su pozvali na okupljanje ispred zgrade Tu\u017eila\u0161tva i Suda Bosne i Hercegovine, koje nazivaju &#8220;ratnim mu\u010dili\u0161tem za Srbe&#8221;, da bi, kako ka\u017eu, svijetu poslali poruku da ne\u0107e uspjeti.<\/p>\n<p>&#8211; Ono \u0161to smo krvlju stvorili ne\u0107ete nikakvim prevarama i optu\u017enicama poni\u0161titi. Ukoliko nam sarajevska politi\u010dka \u010dar\u0161ija, naslonjena na Islamsku deklaraciju, ne odobri skup, neka bude sigurna da \u0107e srpski narod u skladu sa svojom slobodarskom tradicijom pokrenuti gra\u0111ansku neposlu\u0161nost prema svemu onome \u0161to predstavlja zajednicu BiH &#8211; naveli su iz Udru\u017eenja \u010cast otad\u017ebine.<\/p>\n<p><a href=\"https:\/\/castotadzbine.rs\/index.html\" target=\"_blank\" rel=\"noopener\">Udru\u017eenje \u010cast otad\u017ebine<\/a>, registrirano je na adresi Ljutice Bogdana 1a u elitnom dijelu Beograda, u zgradi Sportskog dru\u0161tva Crvena zvezda, a sebe predstavlja &#8220;ekskluzivnim za\u0161titnikom Republike Srpske&#8221;.<\/p>\n<p>Ovo udru\u017eenje \u010dine penzionisani generali i oficiri Vojske RS-a koji \u017eive u Srbiji.<\/p>\n<p>\u010clan ovog udru\u017eenja je Rajko Ku\u0161i\u0107, zapovjednik Rogati\u010dke brigade VRS-a koji se nalazi na potjernicama zbog po\u010dinjenih ratnih zlo\u010dina u isto\u010dnoj Bosni.<\/p>\n<p>Tu su jo\u0161 i penzionisani general-major Vojske Republike Srpske i ratni komandant Gata\u010dke brigade Rodoljub An\u0111i\u0107, penzionisani general Dragan Josipovi\u0107, Du\u0161an Kozi\u0107, Jovan N. \u0160ipovac, Mladen Vasiljevi\u0107, Branislav Okuka, Sa\u0161a Petkovi\u0107, Milanko Uji\u0107 i Mladen Bajagi\u0107\u2026<\/p>\n<\/div>\n","protected":false},"excerpt":{"rendered":"<p>Udru\u017eenje \u010cast otad\u017ebine, zajedno sa udru\u017eenjima proisteklim iz &#8220;odbrambeno-otad\u017ebinskog&#8221; rata, zatra\u017eit \u0107e odr\u017eavanje protestnog skupa&hellip;<\/p>\n","protected":false},"author":2,"featured_media":213902,"comment_status":"open","ping_status":"closed","sticky":false,"template":"","format":"standard","meta":{"_acf_changed":false,"footnotes":""},"categories":[291],"tags":[7973,3498],"acf":[],"yoast_head":"<!-- This site is optimized with the Yoast SEO plugin v23.5 - https:\/\/yoast.com\/wordpress\/plugins\/seo\/ -->\n<title>Penzionisani generali i oficiri VRS-a iz Srbije najavili dolazak u Sarajevo: &quot;Napadnuta je RS i srpski narod&quot; - TuzlaInfo.ba<\/title>\n<meta name=\"robots\" content=\"index, follow, max-snippet:-1, max-image-preview:large, max-video-preview:-1\" \/>\n<link rel=\"canonical\" href=\"https:\/\/tuzlainfo.ba\/index.php\/bosna-i-hercegovina\/item\/213901-penzionisani-generali-i-oficiri-vrs-a-iz-srbije-najavili-dolazak-u-sarajevo-napadnuta-je-rs-i-srpski-narod\/\" \/>\n<meta property=\"og:locale\" content=\"bs_BA\" \/>\n<meta property=\"og:type\" content=\"article\" \/>\n<meta property=\"og:title\" content=\"Penzionisani generali i oficiri VRS-a iz Srbije najavili dolazak u Sarajevo: &quot;Napadnuta je RS i srpski narod&quot; - TuzlaInfo.ba\" \/>\n<meta property=\"og:description\" content=\"Udru\u017eenje \u010cast otad\u017ebine, zajedno sa udru\u017eenjima proisteklim iz &#8220;odbrambeno-otad\u017ebinskog&#8221; rata, zatra\u017eit \u0107e odr\u017eavanje protestnog skupa&hellip;\" \/>\n<meta property=\"og:url\" content=\"https:\/\/tuzlainfo.ba\/index.php\/bosna-i-hercegovina\/item\/213901-penzionisani-generali-i-oficiri-vrs-a-iz-srbije-najavili-dolazak-u-sarajevo-napadnuta-je-rs-i-srpski-narod\/\" \/>\n<meta property=\"og:site_name\" content=\"TuzlaInfo.ba\" \/>\n<meta property=\"article:publisher\" content=\"https:\/\/www.facebook.com\/tuzlainfo.ba\/\" \/>\n<meta property=\"article:published_time\" content=\"2023-08-15T11:51:00+00:00\" \/>\n<meta property=\"og:image\" content=\"https:\/\/tuzlainfo.ba\/wp-content\/uploads\/2023\/08\/1508_cast_otadzbine.jpg\" \/>\n\t<meta property=\"og:image:width\" content=\"800\" \/>\n\t<meta property=\"og:image:height\" content=\"600\" \/>\n\t<meta property=\"og:image:type\" content=\"image\/jpeg\" \/>\n<meta name=\"author\" content=\"nedim\" \/>\n<meta name=\"twitter:card\" content=\"summary_large_image\" \/>\n<meta name=\"twitter:label1\" content=\"Written by\" \/>\n\t<meta name=\"twitter:data1\" content=\"nedim\" \/>\n\t<meta name=\"twitter:label2\" content=\"Est. reading time\" \/>\n\t<meta name=\"twitter:data2\" content=\"2 minute\" \/>\n<script type=\"application\/ld+json\" class=\"yoast-schema-graph\">{\"@context\":\"https:\/\/schema.org\",\"@graph\":[{\"@type\":\"Article\",\"@id\":\"https:\/\/tuzlainfo.ba\/index.php\/bosna-i-hercegovina\/item\/213901-penzionisani-generali-i-oficiri-vrs-a-iz-srbije-najavili-dolazak-u-sarajevo-napadnuta-je-rs-i-srpski-narod\/#article\",\"isPartOf\":{\"@id\":\"https:\/\/tuzlainfo.ba\/index.php\/bosna-i-hercegovina\/item\/213901-penzionisani-generali-i-oficiri-vrs-a-iz-srbije-najavili-dolazak-u-sarajevo-napadnuta-je-rs-i-srpski-narod\/\"},\"author\":{\"name\":\"nedim\",\"@id\":\"https:\/\/tuzlainfo.ba\/#\/schema\/person\/f434e20dc27ea133923aab08451b7f7f\"},\"headline\":\"Penzionisani generali i oficiri VRS-a iz Srbije najavili dolazak u Sarajevo: &#8220;Napadnuta je RS i srpski narod&#8221;\",\"datePublished\":\"2023-08-15T11:51:00+00:00\",\"dateModified\":\"2023-08-15T11:51:00+00:00\",\"mainEntityOfPage\":{\"@id\":\"https:\/\/tuzlainfo.ba\/index.php\/bosna-i-hercegovina\/item\/213901-penzionisani-generali-i-oficiri-vrs-a-iz-srbije-najavili-dolazak-u-sarajevo-napadnuta-je-rs-i-srpski-narod\/\"},\"wordCount\":370,\"commentCount\":0,\"publisher\":{\"@id\":\"https:\/\/tuzlainfo.ba\/#organization\"},\"image\":{\"@id\":\"https:\/\/tuzlainfo.ba\/index.php\/bosna-i-hercegovina\/item\/213901-penzionisani-generali-i-oficiri-vrs-a-iz-srbije-najavili-dolazak-u-sarajevo-napadnuta-je-rs-i-srpski-narod\/#primaryimage\"},\"thumbnailUrl\":\"https:\/\/tuzlainfo.ba\/wp-content\/uploads\/2023\/08\/1508_cast_otadzbine.jpg\",\"keywords\":[\"Udru\u017eenje \u010cast otad\u017ebine\",\"vojska RS\"],\"articleSection\":[\"Bosna i Hercegovina\"],\"inLanguage\":\"bs-BA\"},{\"@type\":\"WebPage\",\"@id\":\"https:\/\/tuzlainfo.ba\/index.php\/bosna-i-hercegovina\/item\/213901-penzionisani-generali-i-oficiri-vrs-a-iz-srbije-najavili-dolazak-u-sarajevo-napadnuta-je-rs-i-srpski-narod\/\",\"url\":\"https:\/\/tuzlainfo.ba\/index.php\/bosna-i-hercegovina\/item\/213901-penzionisani-generali-i-oficiri-vrs-a-iz-srbije-najavili-dolazak-u-sarajevo-napadnuta-je-rs-i-srpski-narod\/\",\"name\":\"Penzionisani generali i oficiri VRS-a iz Srbije najavili dolazak u Sarajevo: \\\"Napadnuta je RS i srpski narod\\\" - TuzlaInfo.ba\",\"isPartOf\":{\"@id\":\"https:\/\/tuzlainfo.ba\/#website\"},\"primaryImageOfPage\":{\"@id\":\"https:\/\/tuzlainfo.ba\/index.php\/bosna-i-hercegovina\/item\/213901-penzionisani-generali-i-oficiri-vrs-a-iz-srbije-najavili-dolazak-u-sarajevo-napadnuta-je-rs-i-srpski-narod\/#primaryimage\"},\"image\":{\"@id\":\"https:\/\/tuzlainfo.ba\/index.php\/bosna-i-hercegovina\/item\/213901-penzionisani-generali-i-oficiri-vrs-a-iz-srbije-najavili-dolazak-u-sarajevo-napadnuta-je-rs-i-srpski-narod\/#primaryimage\"},\"thumbnailUrl\":\"https:\/\/tuzlainfo.ba\/wp-content\/uploads\/2023\/08\/1508_cast_otadzbine.jpg\",\"datePublished\":\"2023-08-15T11:51:00+00:00\",\"dateModified\":\"2023-08-15T11:51:00+00:00\",\"breadcrumb\":{\"@id\":\"https:\/\/tuzlainfo.ba\/index.php\/bosna-i-hercegovina\/item\/213901-penzionisani-generali-i-oficiri-vrs-a-iz-srbije-najavili-dolazak-u-sarajevo-napadnuta-je-rs-i-srpski-narod\/#breadcrumb\"},\"inLanguage\":\"bs-BA\",\"potentialAction\":[{\"@type\":\"ReadAction\",\"target\":[\"https:\/\/tuzlainfo.ba\/index.php\/bosna-i-hercegovina\/item\/213901-penzionisani-generali-i-oficiri-vrs-a-iz-srbije-najavili-dolazak-u-sarajevo-napadnuta-je-rs-i-srpski-narod\/\"]}]},{\"@type\":\"ImageObject\",\"inLanguage\":\"bs-BA\",\"@id\":\"https:\/\/tuzlainfo.ba\/index.php\/bosna-i-hercegovina\/item\/213901-penzionisani-generali-i-oficiri-vrs-a-iz-srbije-najavili-dolazak-u-sarajevo-napadnuta-je-rs-i-srpski-narod\/#primaryimage\",\"url\":\"https:\/\/tuzlainfo.ba\/wp-content\/uploads\/2023\/08\/1508_cast_otadzbine.jpg\",\"contentUrl\":\"https:\/\/tuzlainfo.ba\/wp-content\/uploads\/2023\/08\/1508_cast_otadzbine.jpg\",\"width\":800,\"height\":600},{\"@type\":\"BreadcrumbList\",\"@id\":\"https:\/\/tuzlainfo.ba\/index.php\/bosna-i-hercegovina\/item\/213901-penzionisani-generali-i-oficiri-vrs-a-iz-srbije-najavili-dolazak-u-sarajevo-napadnuta-je-rs-i-srpski-narod\/#breadcrumb\",\"itemListElement\":[{\"@type\":\"ListItem\",\"position\":1,\"name\":\"Home\",\"item\":\"https:\/\/tuzlainfo.ba\/\"},{\"@type\":\"ListItem\",\"position\":2,\"name\":\"Penzionisani generali i oficiri VRS-a iz Srbije najavili dolazak u Sarajevo: &#8220;Napadnuta je RS i srpski narod&#8221;\"}]},{\"@type\":\"WebSite\",\"@id\":\"https:\/\/tuzlainfo.ba\/#website\",\"url\":\"https:\/\/tuzlainfo.ba\/\",\"name\":\"TuzlaInfo.ba\",\"description\":\"Tuzla info, gradski informator - Tuzla na dlanu\",\"publisher\":{\"@id\":\"https:\/\/tuzlainfo.ba\/#organization\"},\"potentialAction\":[{\"@type\":\"SearchAction\",\"target\":{\"@type\":\"EntryPoint\",\"urlTemplate\":\"https:\/\/tuzlainfo.ba\/?s={search_term_string}\"},\"query-input\":{\"@type\":\"PropertyValueSpecification\",\"valueRequired\":true,\"valueName\":\"search_term_string\"}}],\"inLanguage\":\"bs-BA\"},{\"@type\":\"Organization\",\"@id\":\"https:\/\/tuzlainfo.ba\/#organization\",\"name\":\"TuzlaInfo.ba\",\"url\":\"https:\/\/tuzlainfo.ba\/\",\"logo\":{\"@type\":\"ImageObject\",\"inLanguage\":\"bs-BA\",\"@id\":\"https:\/\/tuzlainfo.ba\/#\/schema\/logo\/image\/\",\"url\":\"https:\/\/tuzlainfo.ba\/wp-content\/uploads\/2021\/03\/logo-ver-3-1.png\",\"contentUrl\":\"https:\/\/tuzlainfo.ba\/wp-content\/uploads\/2021\/03\/logo-ver-3-1.png\",\"width\":350,\"height\":95,\"caption\":\"TuzlaInfo.ba\"},\"image\":{\"@id\":\"https:\/\/tuzlainfo.ba\/#\/schema\/logo\/image\/\"},\"sameAs\":[\"https:\/\/www.facebook.com\/tuzlainfo.ba\/\"]},{\"@type\":\"Person\",\"@id\":\"https:\/\/tuzlainfo.ba\/#\/schema\/person\/f434e20dc27ea133923aab08451b7f7f\",\"name\":\"nedim\",\"image\":{\"@type\":\"ImageObject\",\"inLanguage\":\"bs-BA\",\"@id\":\"https:\/\/tuzlainfo.ba\/#\/schema\/person\/image\/\",\"url\":\"https:\/\/tuzlainfo.ba\/wp-content\/litespeed\/avatar\/aabad687af24844af817603ac1cbdc4f.jpg?ver=1777306975\",\"contentUrl\":\"https:\/\/tuzlainfo.ba\/wp-content\/litespeed\/avatar\/aabad687af24844af817603ac1cbdc4f.jpg?ver=1777306975\",\"caption\":\"nedim\"},\"description\":\"Tuzlainfo.ba pratite na dru\u0161tvenim mre\u017eama: Facebook, Instagram i Youtube. Svoje pri\u010de, upite i fotografije \u0161aljite na na\u0161u e-mail adresu.\"}]}<\/script>\n<!-- \/ Yoast SEO plugin. -->","yoast_head_json":{"title":"Penzionisani generali i oficiri VRS-a iz Srbije najavili dolazak u Sarajevo: \"Napadnuta je RS i srpski narod\" - TuzlaInfo.ba","robots":{"index":"index","follow":"follow","max-snippet":"max-snippet:-1","max-image-preview":"max-image-preview:large","max-video-preview":"max-video-preview:-1"},"canonical":"https:\/\/tuzlainfo.ba\/index.php\/bosna-i-hercegovina\/item\/213901-penzionisani-generali-i-oficiri-vrs-a-iz-srbije-najavili-dolazak-u-sarajevo-napadnuta-je-rs-i-srpski-narod\/","og_locale":"bs_BA","og_type":"article","og_title":"Penzionisani generali i oficiri VRS-a iz Srbije najavili dolazak u Sarajevo: \"Napadnuta je RS i srpski narod\" - TuzlaInfo.ba","og_description":"Udru\u017eenje \u010cast otad\u017ebine, zajedno sa udru\u017eenjima proisteklim iz &#8220;odbrambeno-otad\u017ebinskog&#8221; rata, zatra\u017eit \u0107e odr\u017eavanje protestnog skupa&hellip;","og_url":"https:\/\/tuzlainfo.ba\/index.php\/bosna-i-hercegovina\/item\/213901-penzionisani-generali-i-oficiri-vrs-a-iz-srbije-najavili-dolazak-u-sarajevo-napadnuta-je-rs-i-srpski-narod\/","og_site_name":"TuzlaInfo.ba","article_publisher":"https:\/\/www.facebook.com\/tuzlainfo.ba\/","article_published_time":"2023-08-15T11:51:00+00:00","og_image":[{"width":800,"height":600,"url":"https:\/\/tuzlainfo.ba\/wp-content\/uploads\/2023\/08\/1508_cast_otadzbine.jpg","type":"image\/jpeg"}],"author":"nedim","twitter_card":"summary_large_image","twitter_misc":{"Written by":"nedim","Est. reading time":"2 minute"},"schema":{"@context":"https:\/\/schema.org","@graph":[{"@type":"Article","@id":"https:\/\/tuzlainfo.ba\/index.php\/bosna-i-hercegovina\/item\/213901-penzionisani-generali-i-oficiri-vrs-a-iz-srbije-najavili-dolazak-u-sarajevo-napadnuta-je-rs-i-srpski-narod\/#article","isPartOf":{"@id":"https:\/\/tuzlainfo.ba\/index.php\/bosna-i-hercegovina\/item\/213901-penzionisani-generali-i-oficiri-vrs-a-iz-srbije-najavili-dolazak-u-sarajevo-napadnuta-je-rs-i-srpski-narod\/"},"author":{"name":"nedim","@id":"https:\/\/tuzlainfo.ba\/#\/schema\/person\/f434e20dc27ea133923aab08451b7f7f"},"headline":"Penzionisani generali i oficiri VRS-a iz Srbije najavili dolazak u Sarajevo: &#8220;Napadnuta je RS i srpski narod&#8221;","datePublished":"2023-08-15T11:51:00+00:00","dateModified":"2023-08-15T11:51:00+00:00","mainEntityOfPage":{"@id":"https:\/\/tuzlainfo.ba\/index.php\/bosna-i-hercegovina\/item\/213901-penzionisani-generali-i-oficiri-vrs-a-iz-srbije-najavili-dolazak-u-sarajevo-napadnuta-je-rs-i-srpski-narod\/"},"wordCount":370,"commentCount":0,"publisher":{"@id":"https:\/\/tuzlainfo.ba\/#organization"},"image":{"@id":"https:\/\/tuzlainfo.ba\/index.php\/bosna-i-hercegovina\/item\/213901-penzionisani-generali-i-oficiri-vrs-a-iz-srbije-najavili-dolazak-u-sarajevo-napadnuta-je-rs-i-srpski-narod\/#primaryimage"},"thumbnailUrl":"https:\/\/tuzlainfo.ba\/wp-content\/uploads\/2023\/08\/1508_cast_otadzbine.jpg","keywords":["Udru\u017eenje \u010cast otad\u017ebine","vojska RS"],"articleSection":["Bosna i Hercegovina"],"inLanguage":"bs-BA"},{"@type":"WebPage","@id":"https:\/\/tuzlainfo.ba\/index.php\/bosna-i-hercegovina\/item\/213901-penzionisani-generali-i-oficiri-vrs-a-iz-srbije-najavili-dolazak-u-sarajevo-napadnuta-je-rs-i-srpski-narod\/","url":"https:\/\/tuzlainfo.ba\/index.php\/bosna-i-hercegovina\/item\/213901-penzionisani-generali-i-oficiri-vrs-a-iz-srbije-najavili-dolazak-u-sarajevo-napadnuta-je-rs-i-srpski-narod\/","name":"Penzionisani generali i oficiri VRS-a iz Srbije najavili dolazak u Sarajevo: \"Napadnuta je RS i srpski narod\" - TuzlaInfo.ba","isPartOf":{"@id":"https:\/\/tuzlainfo.ba\/#website"},"primaryImageOfPage":{"@id":"https:\/\/tuzlainfo.ba\/index.php\/bosna-i-hercegovina\/item\/213901-penzionisani-generali-i-oficiri-vrs-a-iz-srbije-najavili-dolazak-u-sarajevo-napadnuta-je-rs-i-srpski-narod\/#primaryimage"},"image":{"@id":"https:\/\/tuzlainfo.ba\/index.php\/bosna-i-hercegovina\/item\/213901-penzionisani-generali-i-oficiri-vrs-a-iz-srbije-najavili-dolazak-u-sarajevo-napadnuta-je-rs-i-srpski-narod\/#primaryimage"},"thumbnailUrl":"https:\/\/tuzlainfo.ba\/wp-content\/uploads\/2023\/08\/1508_cast_otadzbine.jpg","datePublished":"2023-08-15T11:51:00+00:00","dateModified":"2023-08-15T11:51:00+00:00","breadcrumb":{"@id":"https:\/\/tuzlainfo.ba\/index.php\/bosna-i-hercegovina\/item\/213901-penzionisani-generali-i-oficiri-vrs-a-iz-srbije-najavili-dolazak-u-sarajevo-napadnuta-je-rs-i-srpski-narod\/#breadcrumb"},"inLanguage":"bs-BA","potentialAction":[{"@type":"ReadAction","target":["https:\/\/tuzlainfo.ba\/index.php\/bosna-i-hercegovina\/item\/213901-penzionisani-generali-i-oficiri-vrs-a-iz-srbije-najavili-dolazak-u-sarajevo-napadnuta-je-rs-i-srpski-narod\/"]}]},{"@type":"ImageObject","inLanguage":"bs-BA","@id":"https:\/\/tuzlainfo.ba\/index.php\/bosna-i-hercegovina\/item\/213901-penzionisani-generali-i-oficiri-vrs-a-iz-srbije-najavili-dolazak-u-sarajevo-napadnuta-je-rs-i-srpski-narod\/#primaryimage","url":"https:\/\/tuzlainfo.ba\/wp-content\/uploads\/2023\/08\/1508_cast_otadzbine.jpg","contentUrl":"https:\/\/tuzlainfo.ba\/wp-content\/uploads\/2023\/08\/1508_cast_otadzbine.jpg","width":800,"height":600},{"@type":"BreadcrumbList","@id":"https:\/\/tuzlainfo.ba\/index.php\/bosna-i-hercegovina\/item\/213901-penzionisani-generali-i-oficiri-vrs-a-iz-srbije-najavili-dolazak-u-sarajevo-napadnuta-je-rs-i-srpski-narod\/#breadcrumb","itemListElement":[{"@type":"ListItem","position":1,"name":"Home","item":"https:\/\/tuzlainfo.ba\/"},{"@type":"ListItem","position":2,"name":"Penzionisani generali i oficiri VRS-a iz Srbije najavili dolazak u Sarajevo: &#8220;Napadnuta je RS i srpski narod&#8221;"}]},{"@type":"WebSite","@id":"https:\/\/tuzlainfo.ba\/#website","url":"https:\/\/tuzlainfo.ba\/","name":"TuzlaInfo.ba","description":"Tuzla info, gradski informator - Tuzla na dlanu","publisher":{"@id":"https:\/\/tuzlainfo.ba\/#organization"},"potentialAction":[{"@type":"SearchAction","target":{"@type":"EntryPoint","urlTemplate":"https:\/\/tuzlainfo.ba\/?s={search_term_string}"},"query-input":{"@type":"PropertyValueSpecification","valueRequired":true,"valueName":"search_term_string"}}],"inLanguage":"bs-BA"},{"@type":"Organization","@id":"https:\/\/tuzlainfo.ba\/#organization","name":"TuzlaInfo.ba","url":"https:\/\/tuzlainfo.ba\/","logo":{"@type":"ImageObject","inLanguage":"bs-BA","@id":"https:\/\/tuzlainfo.ba\/#\/schema\/logo\/image\/","url":"https:\/\/tuzlainfo.ba\/wp-content\/uploads\/2021\/03\/logo-ver-3-1.png","contentUrl":"https:\/\/tuzlainfo.ba\/wp-content\/uploads\/2021\/03\/logo-ver-3-1.png","width":350,"height":95,"caption":"TuzlaInfo.ba"},"image":{"@id":"https:\/\/tuzlainfo.ba\/#\/schema\/logo\/image\/"},"sameAs":["https:\/\/www.facebook.com\/tuzlainfo.ba\/"]},{"@type":"Person","@id":"https:\/\/tuzlainfo.ba\/#\/schema\/person\/f434e20dc27ea133923aab08451b7f7f","name":"nedim","image":{"@type":"ImageObject","inLanguage":"bs-BA","@id":"https:\/\/tuzlainfo.ba\/#\/schema\/person\/image\/","url":"https:\/\/tuzlainfo.ba\/wp-content\/litespeed\/avatar\/aabad687af24844af817603ac1cbdc4f.jpg?ver=1777306975","contentUrl":"https:\/\/tuzlainfo.ba\/wp-content\/litespeed\/avatar\/aabad687af24844af817603ac1cbdc4f.jpg?ver=1777306975","caption":"nedim"},"description":"Tuzlainfo.ba pratite na dru\u0161tvenim mre\u017eama: Facebook, Instagram i Youtube. Svoje pri\u010de, upite i fotografije \u0161aljite na na\u0161u e-mail adresu."}]}},"_links":{"self":[{"href":"https:\/\/tuzlainfo.ba\/index.php\/wp-json\/wp\/v2\/posts\/213901"}],"collection":[{"href":"https:\/\/tuzlainfo.ba\/index.php\/wp-json\/wp\/v2\/posts"}],"about":[{"href":"https:\/\/tuzlainfo.ba\/index.php\/wp-json\/wp\/v2\/types\/post"}],"author":[{"embeddable":true,"href":"https:\/\/tuzlainfo.ba\/index.php\/wp-json\/wp\/v2\/users\/2"}],"replies":[{"embeddable":true,"href":"https:\/\/tuzlainfo.ba\/index.php\/wp-json\/wp\/v2\/comments?post=213901"}],"version-history":[{"count":0,"href":"https:\/\/tuzlainfo.ba\/index.php\/wp-json\/wp\/v2\/posts\/213901\/revisions"}],"wp:featuredmedia":[{"embeddable":true,"href":"https:\/\/tuzlainfo.ba\/index.php\/wp-json\/wp\/v2\/media\/213902"}],"wp:attachment":[{"href":"https:\/\/tuzlainfo.ba\/index.php\/wp-json\/wp\/v2\/media?parent=213901"}],"wp:term":[{"taxonomy":"category","embeddable":true,"href":"https:\/\/tuzlainfo.ba\/index.php\/wp-json\/wp\/v2\/categories?post=213901"},{"taxonomy":"post_tag","embeddable":true,"href":"https:\/\/tuzlainfo.ba\/index.php\/wp-json\/wp\/v2\/tags?post=213901"}],"curies":[{"name":"wp","href":"https:\/\/api.w.org\/{rel}","templated":true}]}}