{"id":213712,"date":"2023-08-13T15:09:53","date_gmt":"2023-08-13T13:09:53","guid":{"rendered":"https:\/\/tuzlainfo.ba\/?p=213712"},"modified":"2023-08-13T15:09:53","modified_gmt":"2023-08-13T13:09:53","slug":"stravicna-nesreca-na-jadranskoj-magistrali-ucestvovala-cetiri-vozila-poginulo-dijete","status":"publish","type":"post","link":"https:\/\/tuzlainfo.ba\/index.php\/clanci\/sa-svih-strana\/item\/213712-stravicna-nesreca-na-jadranskoj-magistrali-ucestvovala-cetiri-vozila-poginulo-dijete\/","title":{"rendered":"Stravi\u010dna nesre\u0107a na Jadranskoj magistrali: U\u010destvovala \u010detiri vozila, poginulo dijete"},"content":{"rendered":"<p>U te\u0161koj nesre\u0107i koja se no\u0107as dogodila kod Dubrovnika u\u010destvovala su \u010detiri vozila, a poginulo je dijete.<\/p>\n<p>\u0160est osoba je te\u0161ko povrije\u0111eno.<\/p>\n<p>Kako je potvr\u0111eno u PU dubrova\u010dko-neretvanskoj, u nesre\u0107i je u\u010desvovalo vi\u0161e vozila, a radi se o stranim dr\u017eavljanima.<\/p>\n<p>Policija je ne\u0161to kasnije objavila i detalje ovog tragi\u010dnog doga\u0111aja.<\/p>\n<p>&#8220;Saobra\u0107ajnanesre\u0107a dogodila se ne\u0161to prije 3 sata, kada je 33-godi\u0161nji dr\u017eavljanin Albanije, upravljaju\u0107i vozilom italijanskih nacionalnih oznaka, kre\u0107u\u0107i se u smjeru Dubrovnika, pre\u0161ao na suprotnu kolovoznu traku i udario u osobno vozilo njema\u010dkih registarskih oznaka kojim je iz suprotnog smjera upravljao 20-godi\u0161nji dr\u017eavljanin Njema\u010dke, te je dalje u nekontrolisanom kretanju udario u vozilo slovena\u010dkih nacionalnih oznaka koje se kretalo iza vozila njema\u010dkih registarskih oznaka i kojim je upravljao 50-godi\u0161nji voza\u010d sa Kosova&#8221;, saop\u0161tila je policija.<\/p>\n<p>Nakon udara, vozilo njema\u010dkih nacionalnih oznaka udara u drugo vozilo, tako\u0111e njema\u010dkih nacionalnih oznaka, koje se kretalo suprotnom kolovoznom trakom u pravcu Dubrovnika, a kojim je upravljao voza\u010d sa Kosova star 29 godina.<\/p>\n<p>Voza\u010di sva \u010detiri vozila koja su u\u010destvovala u ovoj saobra\u0107ajnoj nesre\u0107i su alkotestirani i testovi su negativni.<\/p>\n<p>Na mjestu doga\u0111aja smrtno je stradalo maloljetno dijete, putnik vozila koje je skrivilo saobra\u0107ajnu nesre\u0107u, a troje putnika iz istog vozila zadobilo je te\u0161ke tjelesne povrede i svi su dr\u017eavljani Albanije.<\/p>\n<p>Osim njih, te\u0161ke povrde zadobio je voza\u010d vozila slovenena\u010dkih nacionalnih oznaka i dvoje putnika koji su se nalazili s njim u vozilu, od kojih je jedno maloljetno dijete, a svi su sa Kosova.<\/p>\n<p>Tijelo preminulog maloljetnog djeteta prevezeno je na Odjel patologije dubrova\u010dke bolnice gdje \u0107e se utvrditi ta\u010dan uzrok smrti, a povrije\u0111eni su prevezeni u dubrova\u010dku bolnicu gdje su zadr\u017eani na daljem lije\u010denju. Saobra\u0107aj t na ovom dijelu Jadranske magistrale bio je u cijelosti zatvoren, a u potpunosti je normaliziran u 6.40 .<\/p>\n","protected":false},"excerpt":{"rendered":"<p>U te\u0161koj nesre\u0107i koja se no\u0107as dogodila kod Dubrovnika u\u010destvovala su \u010detiri vozila, a poginulo&hellip;<\/p>\n","protected":false},"author":2,"featured_media":85891,"comment_status":"open","ping_status":"closed","sticky":false,"template":"","format":"standard","meta":{"_acf_changed":false,"footnotes":""},"categories":[16],"tags":[417,4489,7949],"acf":[],"yoast_head":"<!-- This site is optimized with the Yoast SEO plugin v23.5 - https:\/\/yoast.com\/wordpress\/plugins\/seo\/ -->\n<title>Stravi\u010dna nesre\u0107a na Jadranskoj magistrali: U\u010destvovala \u010detiri vozila, poginulo dijete - TuzlaInfo.ba<\/title>\n<meta name=\"robots\" content=\"index, follow, max-snippet:-1, max-image-preview:large, max-video-preview:-1\" \/>\n<link rel=\"canonical\" href=\"https:\/\/tuzlainfo.ba\/index.php\/clanci\/sa-svih-strana\/item\/213712-stravicna-nesreca-na-jadranskoj-magistrali-ucestvovala-cetiri-vozila-poginulo-dijete\/\" \/>\n<meta property=\"og:locale\" content=\"bs_BA\" \/>\n<meta property=\"og:type\" content=\"article\" \/>\n<meta property=\"og:title\" content=\"Stravi\u010dna nesre\u0107a na Jadranskoj magistrali: U\u010destvovala \u010detiri vozila, poginulo dijete - TuzlaInfo.ba\" \/>\n<meta property=\"og:description\" content=\"U te\u0161koj nesre\u0107i koja se no\u0107as dogodila kod Dubrovnika u\u010destvovala su \u010detiri vozila, a poginulo&hellip;\" \/>\n<meta property=\"og:url\" content=\"https:\/\/tuzlainfo.ba\/index.php\/clanci\/sa-svih-strana\/item\/213712-stravicna-nesreca-na-jadranskoj-magistrali-ucestvovala-cetiri-vozila-poginulo-dijete\/\" \/>\n<meta property=\"og:site_name\" content=\"TuzlaInfo.ba\" \/>\n<meta property=\"article:publisher\" content=\"https:\/\/www.facebook.com\/tuzlainfo.ba\/\" \/>\n<meta property=\"article:published_time\" content=\"2023-08-13T13:09:53+00:00\" \/>\n<meta property=\"og:image\" content=\"https:\/\/tuzlainfo.ba\/wp-content\/uploads\/2021\/01\/sadrzaj_2016_2016-crna_0101_policija_rotacija.jpg\" \/>\n\t<meta property=\"og:image:width\" content=\"770\" \/>\n\t<meta property=\"og:image:height\" content=\"513\" \/>\n\t<meta property=\"og:image:type\" content=\"image\/jpeg\" \/>\n<meta name=\"author\" content=\"nedim\" \/>\n<meta name=\"twitter:card\" content=\"summary_large_image\" \/>\n<meta name=\"twitter:label1\" content=\"Written by\" \/>\n\t<meta name=\"twitter:data1\" content=\"nedim\" \/>\n\t<meta name=\"twitter:label2\" content=\"Est. reading time\" \/>\n\t<meta name=\"twitter:data2\" content=\"2 minute\" \/>\n<script type=\"application\/ld+json\" class=\"yoast-schema-graph\">{\"@context\":\"https:\/\/schema.org\",\"@graph\":[{\"@type\":\"Article\",\"@id\":\"https:\/\/tuzlainfo.ba\/index.php\/clanci\/sa-svih-strana\/item\/213712-stravicna-nesreca-na-jadranskoj-magistrali-ucestvovala-cetiri-vozila-poginulo-dijete\/#article\",\"isPartOf\":{\"@id\":\"https:\/\/tuzlainfo.ba\/index.php\/clanci\/sa-svih-strana\/item\/213712-stravicna-nesreca-na-jadranskoj-magistrali-ucestvovala-cetiri-vozila-poginulo-dijete\/\"},\"author\":{\"name\":\"nedim\",\"@id\":\"https:\/\/tuzlainfo.ba\/#\/schema\/person\/f434e20dc27ea133923aab08451b7f7f\"},\"headline\":\"Stravi\u010dna nesre\u0107a na Jadranskoj magistrali: U\u010destvovala \u010detiri vozila, poginulo dijete\",\"datePublished\":\"2023-08-13T13:09:53+00:00\",\"dateModified\":\"2023-08-13T13:09:53+00:00\",\"mainEntityOfPage\":{\"@id\":\"https:\/\/tuzlainfo.ba\/index.php\/clanci\/sa-svih-strana\/item\/213712-stravicna-nesreca-na-jadranskoj-magistrali-ucestvovala-cetiri-vozila-poginulo-dijete\/\"},\"wordCount\":352,\"commentCount\":0,\"publisher\":{\"@id\":\"https:\/\/tuzlainfo.ba\/#organization\"},\"image\":{\"@id\":\"https:\/\/tuzlainfo.ba\/index.php\/clanci\/sa-svih-strana\/item\/213712-stravicna-nesreca-na-jadranskoj-magistrali-ucestvovala-cetiri-vozila-poginulo-dijete\/#primaryimage\"},\"thumbnailUrl\":\"https:\/\/tuzlainfo.ba\/wp-content\/uploads\/2021\/01\/sadrzaj_2016_2016-crna_0101_policija_rotacija.jpg\",\"keywords\":[\"crna hronika\",\"dubrovnik\",\"jadranska magistrala\"],\"articleSection\":[\"Sa svih strana\"],\"inLanguage\":\"bs-BA\"},{\"@type\":\"WebPage\",\"@id\":\"https:\/\/tuzlainfo.ba\/index.php\/clanci\/sa-svih-strana\/item\/213712-stravicna-nesreca-na-jadranskoj-magistrali-ucestvovala-cetiri-vozila-poginulo-dijete\/\",\"url\":\"https:\/\/tuzlainfo.ba\/index.php\/clanci\/sa-svih-strana\/item\/213712-stravicna-nesreca-na-jadranskoj-magistrali-ucestvovala-cetiri-vozila-poginulo-dijete\/\",\"name\":\"Stravi\u010dna nesre\u0107a na Jadranskoj magistrali: U\u010destvovala \u010detiri vozila, poginulo dijete - TuzlaInfo.ba\",\"isPartOf\":{\"@id\":\"https:\/\/tuzlainfo.ba\/#website\"},\"primaryImageOfPage\":{\"@id\":\"https:\/\/tuzlainfo.ba\/index.php\/clanci\/sa-svih-strana\/item\/213712-stravicna-nesreca-na-jadranskoj-magistrali-ucestvovala-cetiri-vozila-poginulo-dijete\/#primaryimage\"},\"image\":{\"@id\":\"https:\/\/tuzlainfo.ba\/index.php\/clanci\/sa-svih-strana\/item\/213712-stravicna-nesreca-na-jadranskoj-magistrali-ucestvovala-cetiri-vozila-poginulo-dijete\/#primaryimage\"},\"thumbnailUrl\":\"https:\/\/tuzlainfo.ba\/wp-content\/uploads\/2021\/01\/sadrzaj_2016_2016-crna_0101_policija_rotacija.jpg\",\"datePublished\":\"2023-08-13T13:09:53+00:00\",\"dateModified\":\"2023-08-13T13:09:53+00:00\",\"breadcrumb\":{\"@id\":\"https:\/\/tuzlainfo.ba\/index.php\/clanci\/sa-svih-strana\/item\/213712-stravicna-nesreca-na-jadranskoj-magistrali-ucestvovala-cetiri-vozila-poginulo-dijete\/#breadcrumb\"},\"inLanguage\":\"bs-BA\",\"potentialAction\":[{\"@type\":\"ReadAction\",\"target\":[\"https:\/\/tuzlainfo.ba\/index.php\/clanci\/sa-svih-strana\/item\/213712-stravicna-nesreca-na-jadranskoj-magistrali-ucestvovala-cetiri-vozila-poginulo-dijete\/\"]}]},{\"@type\":\"ImageObject\",\"inLanguage\":\"bs-BA\",\"@id\":\"https:\/\/tuzlainfo.ba\/index.php\/clanci\/sa-svih-strana\/item\/213712-stravicna-nesreca-na-jadranskoj-magistrali-ucestvovala-cetiri-vozila-poginulo-dijete\/#primaryimage\",\"url\":\"https:\/\/tuzlainfo.ba\/wp-content\/uploads\/2021\/01\/sadrzaj_2016_2016-crna_0101_policija_rotacija.jpg\",\"contentUrl\":\"https:\/\/tuzlainfo.ba\/wp-content\/uploads\/2021\/01\/sadrzaj_2016_2016-crna_0101_policija_rotacija.jpg\",\"width\":770,\"height\":513,\"caption\":\"0101 policija rotacija\"},{\"@type\":\"BreadcrumbList\",\"@id\":\"https:\/\/tuzlainfo.ba\/index.php\/clanci\/sa-svih-strana\/item\/213712-stravicna-nesreca-na-jadranskoj-magistrali-ucestvovala-cetiri-vozila-poginulo-dijete\/#breadcrumb\",\"itemListElement\":[{\"@type\":\"ListItem\",\"position\":1,\"name\":\"Home\",\"item\":\"https:\/\/tuzlainfo.ba\/\"},{\"@type\":\"ListItem\",\"position\":2,\"name\":\"Stravi\u010dna nesre\u0107a na Jadranskoj magistrali: U\u010destvovala \u010detiri vozila, poginulo dijete\"}]},{\"@type\":\"WebSite\",\"@id\":\"https:\/\/tuzlainfo.ba\/#website\",\"url\":\"https:\/\/tuzlainfo.ba\/\",\"name\":\"TuzlaInfo.ba\",\"description\":\"Tuzla info, gradski informator - Tuzla na dlanu\",\"publisher\":{\"@id\":\"https:\/\/tuzlainfo.ba\/#organization\"},\"potentialAction\":[{\"@type\":\"SearchAction\",\"target\":{\"@type\":\"EntryPoint\",\"urlTemplate\":\"https:\/\/tuzlainfo.ba\/?s={search_term_string}\"},\"query-input\":{\"@type\":\"PropertyValueSpecification\",\"valueRequired\":true,\"valueName\":\"search_term_string\"}}],\"inLanguage\":\"bs-BA\"},{\"@type\":\"Organization\",\"@id\":\"https:\/\/tuzlainfo.ba\/#organization\",\"name\":\"TuzlaInfo.ba\",\"url\":\"https:\/\/tuzlainfo.ba\/\",\"logo\":{\"@type\":\"ImageObject\",\"inLanguage\":\"bs-BA\",\"@id\":\"https:\/\/tuzlainfo.ba\/#\/schema\/logo\/image\/\",\"url\":\"https:\/\/tuzlainfo.ba\/wp-content\/uploads\/2021\/03\/logo-ver-3-1.png\",\"contentUrl\":\"https:\/\/tuzlainfo.ba\/wp-content\/uploads\/2021\/03\/logo-ver-3-1.png\",\"width\":350,\"height\":95,\"caption\":\"TuzlaInfo.ba\"},\"image\":{\"@id\":\"https:\/\/tuzlainfo.ba\/#\/schema\/logo\/image\/\"},\"sameAs\":[\"https:\/\/www.facebook.com\/tuzlainfo.ba\/\"]},{\"@type\":\"Person\",\"@id\":\"https:\/\/tuzlainfo.ba\/#\/schema\/person\/f434e20dc27ea133923aab08451b7f7f\",\"name\":\"nedim\",\"image\":{\"@type\":\"ImageObject\",\"inLanguage\":\"bs-BA\",\"@id\":\"https:\/\/tuzlainfo.ba\/#\/schema\/person\/image\/\",\"url\":\"https:\/\/tuzlainfo.ba\/wp-content\/litespeed\/avatar\/aabad687af24844af817603ac1cbdc4f.jpg?ver=1777306975\",\"contentUrl\":\"https:\/\/tuzlainfo.ba\/wp-content\/litespeed\/avatar\/aabad687af24844af817603ac1cbdc4f.jpg?ver=1777306975\",\"caption\":\"nedim\"},\"description\":\"Tuzlainfo.ba pratite na dru\u0161tvenim mre\u017eama: Facebook, Instagram i Youtube. Svoje pri\u010de, upite i fotografije \u0161aljite na na\u0161u e-mail adresu.\"}]}<\/script>\n<!-- \/ Yoast SEO plugin. -->","yoast_head_json":{"title":"Stravi\u010dna nesre\u0107a na Jadranskoj magistrali: U\u010destvovala \u010detiri vozila, poginulo dijete - TuzlaInfo.ba","robots":{"index":"index","follow":"follow","max-snippet":"max-snippet:-1","max-image-preview":"max-image-preview:large","max-video-preview":"max-video-preview:-1"},"canonical":"https:\/\/tuzlainfo.ba\/index.php\/clanci\/sa-svih-strana\/item\/213712-stravicna-nesreca-na-jadranskoj-magistrali-ucestvovala-cetiri-vozila-poginulo-dijete\/","og_locale":"bs_BA","og_type":"article","og_title":"Stravi\u010dna nesre\u0107a na Jadranskoj magistrali: U\u010destvovala \u010detiri vozila, poginulo dijete - TuzlaInfo.ba","og_description":"U te\u0161koj nesre\u0107i koja se no\u0107as dogodila kod Dubrovnika u\u010destvovala su \u010detiri vozila, a poginulo&hellip;","og_url":"https:\/\/tuzlainfo.ba\/index.php\/clanci\/sa-svih-strana\/item\/213712-stravicna-nesreca-na-jadranskoj-magistrali-ucestvovala-cetiri-vozila-poginulo-dijete\/","og_site_name":"TuzlaInfo.ba","article_publisher":"https:\/\/www.facebook.com\/tuzlainfo.ba\/","article_published_time":"2023-08-13T13:09:53+00:00","og_image":[{"width":770,"height":513,"url":"https:\/\/tuzlainfo.ba\/wp-content\/uploads\/2021\/01\/sadrzaj_2016_2016-crna_0101_policija_rotacija.jpg","type":"image\/jpeg"}],"author":"nedim","twitter_card":"summary_large_image","twitter_misc":{"Written by":"nedim","Est. reading time":"2 minute"},"schema":{"@context":"https:\/\/schema.org","@graph":[{"@type":"Article","@id":"https:\/\/tuzlainfo.ba\/index.php\/clanci\/sa-svih-strana\/item\/213712-stravicna-nesreca-na-jadranskoj-magistrali-ucestvovala-cetiri-vozila-poginulo-dijete\/#article","isPartOf":{"@id":"https:\/\/tuzlainfo.ba\/index.php\/clanci\/sa-svih-strana\/item\/213712-stravicna-nesreca-na-jadranskoj-magistrali-ucestvovala-cetiri-vozila-poginulo-dijete\/"},"author":{"name":"nedim","@id":"https:\/\/tuzlainfo.ba\/#\/schema\/person\/f434e20dc27ea133923aab08451b7f7f"},"headline":"Stravi\u010dna nesre\u0107a na Jadranskoj magistrali: U\u010destvovala \u010detiri vozila, poginulo dijete","datePublished":"2023-08-13T13:09:53+00:00","dateModified":"2023-08-13T13:09:53+00:00","mainEntityOfPage":{"@id":"https:\/\/tuzlainfo.ba\/index.php\/clanci\/sa-svih-strana\/item\/213712-stravicna-nesreca-na-jadranskoj-magistrali-ucestvovala-cetiri-vozila-poginulo-dijete\/"},"wordCount":352,"commentCount":0,"publisher":{"@id":"https:\/\/tuzlainfo.ba\/#organization"},"image":{"@id":"https:\/\/tuzlainfo.ba\/index.php\/clanci\/sa-svih-strana\/item\/213712-stravicna-nesreca-na-jadranskoj-magistrali-ucestvovala-cetiri-vozila-poginulo-dijete\/#primaryimage"},"thumbnailUrl":"https:\/\/tuzlainfo.ba\/wp-content\/uploads\/2021\/01\/sadrzaj_2016_2016-crna_0101_policija_rotacija.jpg","keywords":["crna hronika","dubrovnik","jadranska magistrala"],"articleSection":["Sa svih strana"],"inLanguage":"bs-BA"},{"@type":"WebPage","@id":"https:\/\/tuzlainfo.ba\/index.php\/clanci\/sa-svih-strana\/item\/213712-stravicna-nesreca-na-jadranskoj-magistrali-ucestvovala-cetiri-vozila-poginulo-dijete\/","url":"https:\/\/tuzlainfo.ba\/index.php\/clanci\/sa-svih-strana\/item\/213712-stravicna-nesreca-na-jadranskoj-magistrali-ucestvovala-cetiri-vozila-poginulo-dijete\/","name":"Stravi\u010dna nesre\u0107a na Jadranskoj magistrali: U\u010destvovala \u010detiri vozila, poginulo dijete - TuzlaInfo.ba","isPartOf":{"@id":"https:\/\/tuzlainfo.ba\/#website"},"primaryImageOfPage":{"@id":"https:\/\/tuzlainfo.ba\/index.php\/clanci\/sa-svih-strana\/item\/213712-stravicna-nesreca-na-jadranskoj-magistrali-ucestvovala-cetiri-vozila-poginulo-dijete\/#primaryimage"},"image":{"@id":"https:\/\/tuzlainfo.ba\/index.php\/clanci\/sa-svih-strana\/item\/213712-stravicna-nesreca-na-jadranskoj-magistrali-ucestvovala-cetiri-vozila-poginulo-dijete\/#primaryimage"},"thumbnailUrl":"https:\/\/tuzlainfo.ba\/wp-content\/uploads\/2021\/01\/sadrzaj_2016_2016-crna_0101_policija_rotacija.jpg","datePublished":"2023-08-13T13:09:53+00:00","dateModified":"2023-08-13T13:09:53+00:00","breadcrumb":{"@id":"https:\/\/tuzlainfo.ba\/index.php\/clanci\/sa-svih-strana\/item\/213712-stravicna-nesreca-na-jadranskoj-magistrali-ucestvovala-cetiri-vozila-poginulo-dijete\/#breadcrumb"},"inLanguage":"bs-BA","potentialAction":[{"@type":"ReadAction","target":["https:\/\/tuzlainfo.ba\/index.php\/clanci\/sa-svih-strana\/item\/213712-stravicna-nesreca-na-jadranskoj-magistrali-ucestvovala-cetiri-vozila-poginulo-dijete\/"]}]},{"@type":"ImageObject","inLanguage":"bs-BA","@id":"https:\/\/tuzlainfo.ba\/index.php\/clanci\/sa-svih-strana\/item\/213712-stravicna-nesreca-na-jadranskoj-magistrali-ucestvovala-cetiri-vozila-poginulo-dijete\/#primaryimage","url":"https:\/\/tuzlainfo.ba\/wp-content\/uploads\/2021\/01\/sadrzaj_2016_2016-crna_0101_policija_rotacija.jpg","contentUrl":"https:\/\/tuzlainfo.ba\/wp-content\/uploads\/2021\/01\/sadrzaj_2016_2016-crna_0101_policija_rotacija.jpg","width":770,"height":513,"caption":"0101 policija rotacija"},{"@type":"BreadcrumbList","@id":"https:\/\/tuzlainfo.ba\/index.php\/clanci\/sa-svih-strana\/item\/213712-stravicna-nesreca-na-jadranskoj-magistrali-ucestvovala-cetiri-vozila-poginulo-dijete\/#breadcrumb","itemListElement":[{"@type":"ListItem","position":1,"name":"Home","item":"https:\/\/tuzlainfo.ba\/"},{"@type":"ListItem","position":2,"name":"Stravi\u010dna nesre\u0107a na Jadranskoj magistrali: U\u010destvovala \u010detiri vozila, poginulo dijete"}]},{"@type":"WebSite","@id":"https:\/\/tuzlainfo.ba\/#website","url":"https:\/\/tuzlainfo.ba\/","name":"TuzlaInfo.ba","description":"Tuzla info, gradski informator - Tuzla na dlanu","publisher":{"@id":"https:\/\/tuzlainfo.ba\/#organization"},"potentialAction":[{"@type":"SearchAction","target":{"@type":"EntryPoint","urlTemplate":"https:\/\/tuzlainfo.ba\/?s={search_term_string}"},"query-input":{"@type":"PropertyValueSpecification","valueRequired":true,"valueName":"search_term_string"}}],"inLanguage":"bs-BA"},{"@type":"Organization","@id":"https:\/\/tuzlainfo.ba\/#organization","name":"TuzlaInfo.ba","url":"https:\/\/tuzlainfo.ba\/","logo":{"@type":"ImageObject","inLanguage":"bs-BA","@id":"https:\/\/tuzlainfo.ba\/#\/schema\/logo\/image\/","url":"https:\/\/tuzlainfo.ba\/wp-content\/uploads\/2021\/03\/logo-ver-3-1.png","contentUrl":"https:\/\/tuzlainfo.ba\/wp-content\/uploads\/2021\/03\/logo-ver-3-1.png","width":350,"height":95,"caption":"TuzlaInfo.ba"},"image":{"@id":"https:\/\/tuzlainfo.ba\/#\/schema\/logo\/image\/"},"sameAs":["https:\/\/www.facebook.com\/tuzlainfo.ba\/"]},{"@type":"Person","@id":"https:\/\/tuzlainfo.ba\/#\/schema\/person\/f434e20dc27ea133923aab08451b7f7f","name":"nedim","image":{"@type":"ImageObject","inLanguage":"bs-BA","@id":"https:\/\/tuzlainfo.ba\/#\/schema\/person\/image\/","url":"https:\/\/tuzlainfo.ba\/wp-content\/litespeed\/avatar\/aabad687af24844af817603ac1cbdc4f.jpg?ver=1777306975","contentUrl":"https:\/\/tuzlainfo.ba\/wp-content\/litespeed\/avatar\/aabad687af24844af817603ac1cbdc4f.jpg?ver=1777306975","caption":"nedim"},"description":"Tuzlainfo.ba pratite na dru\u0161tvenim mre\u017eama: Facebook, Instagram i Youtube. Svoje pri\u010de, upite i fotografije \u0161aljite na na\u0161u e-mail adresu."}]}},"_links":{"self":[{"href":"https:\/\/tuzlainfo.ba\/index.php\/wp-json\/wp\/v2\/posts\/213712"}],"collection":[{"href":"https:\/\/tuzlainfo.ba\/index.php\/wp-json\/wp\/v2\/posts"}],"about":[{"href":"https:\/\/tuzlainfo.ba\/index.php\/wp-json\/wp\/v2\/types\/post"}],"author":[{"embeddable":true,"href":"https:\/\/tuzlainfo.ba\/index.php\/wp-json\/wp\/v2\/users\/2"}],"replies":[{"embeddable":true,"href":"https:\/\/tuzlainfo.ba\/index.php\/wp-json\/wp\/v2\/comments?post=213712"}],"version-history":[{"count":0,"href":"https:\/\/tuzlainfo.ba\/index.php\/wp-json\/wp\/v2\/posts\/213712\/revisions"}],"wp:featuredmedia":[{"embeddable":true,"href":"https:\/\/tuzlainfo.ba\/index.php\/wp-json\/wp\/v2\/media\/85891"}],"wp:attachment":[{"href":"https:\/\/tuzlainfo.ba\/index.php\/wp-json\/wp\/v2\/media?parent=213712"}],"wp:term":[{"taxonomy":"category","embeddable":true,"href":"https:\/\/tuzlainfo.ba\/index.php\/wp-json\/wp\/v2\/categories?post=213712"},{"taxonomy":"post_tag","embeddable":true,"href":"https:\/\/tuzlainfo.ba\/index.php\/wp-json\/wp\/v2\/tags?post=213712"}],"curies":[{"name":"wp","href":"https:\/\/api.w.org\/{rel}","templated":true}]}}