{"id":21322,"date":"2020-03-15T08:54:28","date_gmt":"2020-03-15T08:54:28","guid":{"rendered":"https:\/\/v2.tuzlainfo.ba\/2020\/03\/15\/fz-mio-pio-obavijestio-korisnike-dolazak-samo-za-vazne-potrebe-koristite-telefone\/"},"modified":"2021-03-23T08:38:09","modified_gmt":"2021-03-23T08:38:09","slug":"fz-mio-pio-obavijestio-korisnike-dolazak-samo-za-vazne-potrebe-koristite-telefone","status":"publish","type":"post","link":"https:\/\/tuzlainfo.ba\/index.php\/novosti\/item\/21322-fz-mio-pio-obavijestio-korisnike-dolazak-samo-za-vazne-potrebe-koristite-telefone\/","title":{"rendered":"FZ MIO\/PIO obavijestio korisnike: Dolazak samo za va\u017ene potrebe, koristite telefone"},"content":{"rendered":"<p>Obzirom na specifi\u010dnu djelatnost Federalnog zavoda za mirovinsko\/penzijsko i invalidsko osiguranje gdje svakodnevno boravi vi\u0161e stotina ljudi&nbsp; i progla\u0161enom pandemijom korona virusa (COVID-19), iz ovog Zavoda mole sve korisnike i osiguranike da, bez neodlo\u017ene potrebe ili njihovog poziva, ne dolaze u prostorije FZ MIO\/PIO, a ako moraju do\u0107i da \u0161to kra\u0107e borave u prostorijama Zavoda kako bi se smanjio rizik od \u0161irenja korona virusa.<\/p>\n<p>Iz Zavoda preporu\u010duju da se za&nbsp; sva pitanja iz oblasti FZ MIO\/PIO obrate pute telefona koji su objavljeni na web stranici&nbsp;<a href=\"http:\/\/www.fzmiopio.ba\/\">www.fzmiopio.ba<\/a>.<\/p>\n<p>&#8211; Ukoliko se osobe na\u0111u u prostorijama FZ MIO\/PIO, preporu\u010dujemo da se u cilju za\u0161tite li\u010dnog zdravlja i za\u0161tite javnog zdravlja gra\u0111anstva, striktno pridr\u017eavaju svih preporuka Kriznog \u0161taba Federalnog ministarstva zdravstva odnosno kriznih \u0161tabova kantonalnih ministarstava zdravstva, kao i zavoda za javno zdravstvo u Federaciji BiH.&nbsp;Unutar prostorija Federalnog zavoda \u0107e tako\u0111er biti objavljena vidljiva upozorenja sa jasnim preporukama pona\u0161anja te molimo da se svi pridr\u017eavaju istih &#8211; saop\u0161teno je.<\/p>\n<p>Telefoni za&nbsp;Kantonalnu administrativnu slu\u017ebu za Tuzlanski kanton:<\/p>\n<table border=\"1\" style=\"width: 685px; height: 452px;\" cellspacing=\"0\" cellpadding=\"2\">\n<tbody>\n<tr>\n<td rowspan=\"1\">&nbsp;<\/td>\n<\/tr>\n<tr>\n<td style=\"width: 192px;\">\n<p style=\"text-align: center;\">Adresa<\/p>\n<\/td>\n<td style=\"width: 96px;\">\n<p style=\"text-align: center;\">Telefon<\/p>\n<\/td>\n<td style=\"width: 96px;\">\n<p style=\"text-align: center;\">FAX<\/p>\n<\/td>\n<td rowspan=\"1\">E-MAIL<\/td>\n<\/tr>\n<tr>\n<td style=\"width: 163px;\">\n<p>Sjedi\u0161te&nbsp;TUZLA<\/p>\n<\/td>\n<td style=\"width: 192px;\">\n<p>Franjeva\u010dka&nbsp; 36<br \/>75000&nbsp; Tuzla<\/p>\n<\/td>\n<td style=\"width: 96px;\">\n<p style=\"text-align: center;\">035&nbsp; 309 &#8211; 309<\/p>\n<\/td>\n<td style=\"width: 96px;\">\n<p style=\"text-align: center;\">035 &nbsp;251 &#8211; 587<\/p>\n<\/td>\n<td rowspan=\"1\"><a href=\"mailto:sahida.cosic@fzmiopio.ba\">sahida.cosic@fzmiopio.ba<\/a><\/td>\n<\/tr>\n<tr>\n<td style=\"width: 163px;\">\n<p>Poslovnica&nbsp;Banovi\u0107i<\/p>\n<\/td>\n<td style=\"width: 192px;\">\n<p>Alije Izetbegovi\u0107a 2<br \/>75290 &nbsp;Banovi\u0107i<\/p>\n<\/td>\n<td style=\"width: 96px;\">\n<p style=\"text-align: center;\">035&nbsp; 876 &#8211; 215<\/p>\n<\/td>\n<td style=\"width: 96px;\">&nbsp;<\/td>\n<td rowspan=\"1\">&nbsp;<\/td>\n<\/tr>\n<tr>\n<td style=\"width: 163px;\">\n<p>Poslovnica&nbsp;Doboj Istok (Brijesnica)<\/p>\n<\/td>\n<td style=\"width: 192px;\">\n<p>Brijesnica Velika<br \/>74206 &nbsp;Doboj Istok<\/p>\n<\/td>\n<td style=\"width: 96px;\">\n<p style=\"text-align: center;\">035&nbsp; 722 \u2013 571<\/p>\n<\/td>\n<td style=\"width: 96px;\">&nbsp;<\/td>\n<td rowspan=\"1\">&nbsp;<\/td>\n<\/tr>\n<tr>\n<td style=\"width: 163px;\">\n<p>Poslovnica&nbsp;\u010celi\u0107<\/p>\n<\/td>\n<td style=\"width: 192px;\">\n<p>Alije Izetbegovi\u0107a 60\/2<br \/>75246 &nbsp;\u010celi\u0107<\/p>\n<\/td>\n<td style=\"width: 96px;\">\n<p style=\"text-align: center;\">035&nbsp; 660 &#8211; 077<\/p>\n<\/td>\n<td style=\"width: 96px;\">&nbsp;<\/td>\n<td rowspan=\"1\">&nbsp;<\/td>\n<\/tr>\n<tr>\n<td style=\"width: 163px;\">\n<p>Poslovnica&nbsp;Gra\u010danica<\/p>\n<\/td>\n<td style=\"width: 192px;\">\n<p>22. Divizije&nbsp; 42\/c<br \/>75320&nbsp; Gra\u010danica<\/p>\n<\/td>\n<td style=\"width: 96px;\">\n<p style=\"text-align: center;\">035&nbsp; 703 &#8211; 276<\/p>\n<\/td>\n<td style=\"width: 96px;\">&nbsp;<\/td>\n<td rowspan=\"1\">&nbsp;<\/td>\n<\/tr>\n<tr>\n<td style=\"width: 163px;\">\n<p>Poslovnica&nbsp;Grada\u010dac<\/p>\n<\/td>\n<td style=\"width: 192px;\">\n<p>Had\u017eiefendina&nbsp; 2<br \/>76250 &nbsp;Grada\u010dac<\/p>\n<\/td>\n<td style=\"width: 96px;\">\n<p style=\"text-align: center;\">035&nbsp; 817 &#8211; 155<\/p>\n<\/td>\n<td style=\"width: 96px;\">&nbsp;<\/td>\n<td rowspan=\"1\">&nbsp;<\/td>\n<\/tr>\n<tr>\n<td style=\"width: 163px;\">\n<p>Poslovnica&nbsp;Kalesija<\/p>\n<\/td>\n<td style=\"width: 192px;\">\n<p>\u017drtava Genocida Srebrenice b.b<br \/>75260&nbsp; Kalesija<\/p>\n<\/td>\n<td style=\"width: 96px;\">\n<p>035&nbsp; 631 &#8211; 207<\/p>\n<\/td>\n<td style=\"width: 96px;\">&nbsp;<\/td>\n<td rowspan=\"1\">&nbsp;<\/td>\n<\/tr>\n<tr>\n<td style=\"width: 163px;\">\n<p>Poslovnica&nbsp;Kladanj<\/p>\n<\/td>\n<td style=\"width: 192px;\">\n<p>Avdage Hasi\u0107a&nbsp; 25<br \/>75280 &nbsp;Kladanj<\/p>\n<\/td>\n<td style=\"width: 96px;\">\n<p style=\"text-align: center;\">035&nbsp; 621 &#8211; 278<\/p>\n<\/td>\n<td style=\"width: 96px;\">&nbsp;<\/td>\n<td rowspan=\"1\">&nbsp;<\/td>\n<\/tr>\n<tr>\n<td style=\"width: 163px;\">\n<p>Poslovnica&nbsp;Lukavac<\/p>\n<\/td>\n<td style=\"width: 192px;\">\n<p>Red\u017eepa ef. Muminhodzi\u0107a 16<br \/>75300&nbsp; Lukavac<\/p>\n<\/td>\n<td style=\"width: 96px;\">\n<p style=\"text-align: center;\">035&nbsp; 554 &#8211; 389<\/p>\n<\/td>\n<td style=\"width: 96px;\">&nbsp;<\/td>\n<td rowspan=\"1\">&nbsp;<\/td>\n<\/tr>\n<tr>\n<td style=\"width: 163px;\">\n<p>Poslovnica&nbsp;Sapna<\/p>\n<\/td>\n<td style=\"width: 192px;\">\n<p>Sapna&nbsp; b.b.<br \/>75411&nbsp; Sapna<\/p>\n<\/td>\n<td style=\"width: 96px;\">\n<p style=\"text-align: center;\">035&nbsp; 597 &#8211; 113<\/p>\n<\/td>\n<td style=\"width: 96px;\">&nbsp;<\/td>\n<td rowspan=\"1\">&nbsp;<\/td>\n<\/tr>\n<tr>\n<td style=\"width: 163px;\">\n<p>Poslovnica&nbsp;Teo\u010dak<\/p>\n<\/td>\n<td style=\"width: 192px;\">\n<p>Ispostava&nbsp;Teo\u010dak&nbsp; b.b.<br \/>75414 &nbsp;Teo\u010dak<\/p>\n<\/td>\n<td style=\"width: 96px;\">\n<p style=\"text-align: center;\">035&nbsp; 756 &#8211; 256<\/p>\n<\/td>\n<td style=\"width: 96px;\">&nbsp;<\/td>\n<td rowspan=\"1\">&nbsp;<\/td>\n<\/tr>\n<tr>\n<td style=\"width: 163px;\">\n<p>Poslovnica&nbsp;Srebrenik<\/p>\n<\/td>\n<td style=\"width: 192px;\">\n<p>Alije Izetbegovi\u0107a b.b.<br \/>75350 &nbsp;Srebrenik<\/p>\n<\/td>\n<td style=\"width: 96px;\">\n<p style=\"text-align: center;\">035&nbsp; 645 &#8211; 715<\/p>\n<\/td>\n<td style=\"width: 96px;\">&nbsp;<\/td>\n<td rowspan=\"1\">&nbsp;<\/td>\n<\/tr>\n<tr>\n<td style=\"width: 163px;\">\n<p>Poslovnica&nbsp;\u017divinice<\/p>\n<\/td>\n<td style=\"width: 192px;\">\n<p>Alije Izetbegovi\u0107a b.b.<br \/>75270 &nbsp; \u017divinice<\/p>\n<\/td>\n<td style=\"width: 96px;\">\n<p style=\"text-align: center;\">035&nbsp; 774 &#8211; 559<\/p>\n<\/td>\n<td style=\"width: 96px;\">&nbsp;<\/td>\n<td rowspan=\"1\">&nbsp;<\/td>\n<\/tr>\n<tr>\n<td style=\"width: 163px;\">\n<p>Ured za Br\u010dko Distrikt<\/p>\n<\/td>\n<td style=\"width: 192px;\">\n<p>Jug I b.b.<br \/>76270 Ora\u0161je&nbsp;<\/p>\n<\/td>\n<td style=\"width: 96px;\">\n<p>049&nbsp; 218 &#8211; 677<\/p>\n<\/td>\n<td style=\"width: 96px;\">&nbsp;<\/td>\n<td rowspan=\"1\">&nbsp;<\/td>\n<\/tr>\n<\/tbody>\n<\/table>\n<p><strong>(Tuzlainfo.ba)<\/strong><\/p>\n","protected":false},"excerpt":{"rendered":"<p>Obzirom na specifi\u010dnu djelatnost Federalnog zavoda za mirovinsko\/penzijsko i invalidsko osiguranje gdje svakodnevno boravi vi\u0161e&hellip;<\/p>\n","protected":false},"author":2,"featured_media":77620,"comment_status":"open","ping_status":"closed","sticky":false,"template":"","format":"standard","meta":{"_acf_changed":false,"footnotes":""},"categories":[12],"tags":[],"acf":[],"yoast_head":"<!-- This site is optimized with the Yoast SEO plugin v23.5 - https:\/\/yoast.com\/wordpress\/plugins\/seo\/ -->\n<title>FZ MIO\/PIO obavijestio korisnike: Dolazak samo za va\u017ene potrebe, koristite telefone - TuzlaInfo.ba<\/title>\n<meta name=\"robots\" content=\"index, follow, max-snippet:-1, max-image-preview:large, max-video-preview:-1\" \/>\n<link rel=\"canonical\" href=\"https:\/\/tuzlainfo.ba\/index.php\/novosti\/item\/21322-fz-mio-pio-obavijestio-korisnike-dolazak-samo-za-vazne-potrebe-koristite-telefone\/\" \/>\n<meta property=\"og:locale\" content=\"bs_BA\" \/>\n<meta property=\"og:type\" content=\"article\" \/>\n<meta property=\"og:title\" content=\"FZ MIO\/PIO obavijestio korisnike: Dolazak samo za va\u017ene potrebe, koristite telefone - TuzlaInfo.ba\" \/>\n<meta property=\"og:description\" content=\"Obzirom na specifi\u010dnu djelatnost Federalnog zavoda za mirovinsko\/penzijsko i invalidsko osiguranje gdje svakodnevno boravi vi\u0161e&hellip;\" \/>\n<meta property=\"og:url\" content=\"https:\/\/tuzlainfo.ba\/index.php\/novosti\/item\/21322-fz-mio-pio-obavijestio-korisnike-dolazak-samo-za-vazne-potrebe-koristite-telefone\/\" \/>\n<meta property=\"og:site_name\" content=\"TuzlaInfo.ba\" \/>\n<meta property=\"article:publisher\" content=\"https:\/\/www.facebook.com\/tuzlainfo.ba\/\" \/>\n<meta property=\"article:published_time\" content=\"2020-03-15T08:54:28+00:00\" \/>\n<meta property=\"article:modified_time\" content=\"2021-03-23T08:38:09+00:00\" \/>\n<meta property=\"og:image\" content=\"https:\/\/tuzlainfo.ba\/wp-content\/uploads\/2020\/03\/k2_items_src_15d38c03a86f1b5c10ad8559a83f8714.jpg\" \/>\n\t<meta property=\"og:image:width\" content=\"770\" \/>\n\t<meta property=\"og:image:height\" content=\"475\" \/>\n\t<meta property=\"og:image:type\" content=\"image\/jpeg\" \/>\n<meta name=\"author\" content=\"nedim\" \/>\n<meta name=\"twitter:card\" content=\"summary_large_image\" \/>\n<meta name=\"twitter:label1\" content=\"Written by\" \/>\n\t<meta name=\"twitter:data1\" content=\"nedim\" \/>\n\t<meta name=\"twitter:label2\" content=\"Est. reading time\" \/>\n\t<meta name=\"twitter:data2\" content=\"2 minute\" \/>\n<script type=\"application\/ld+json\" class=\"yoast-schema-graph\">{\"@context\":\"https:\/\/schema.org\",\"@graph\":[{\"@type\":\"Article\",\"@id\":\"https:\/\/tuzlainfo.ba\/index.php\/novosti\/item\/21322-fz-mio-pio-obavijestio-korisnike-dolazak-samo-za-vazne-potrebe-koristite-telefone\/#article\",\"isPartOf\":{\"@id\":\"https:\/\/tuzlainfo.ba\/index.php\/novosti\/item\/21322-fz-mio-pio-obavijestio-korisnike-dolazak-samo-za-vazne-potrebe-koristite-telefone\/\"},\"author\":{\"name\":\"nedim\",\"@id\":\"https:\/\/tuzlainfo.ba\/#\/schema\/person\/f434e20dc27ea133923aab08451b7f7f\"},\"headline\":\"FZ MIO\/PIO obavijestio korisnike: Dolazak samo za va\u017ene potrebe, koristite telefone\",\"datePublished\":\"2020-03-15T08:54:28+00:00\",\"dateModified\":\"2021-03-23T08:38:09+00:00\",\"mainEntityOfPage\":{\"@id\":\"https:\/\/tuzlainfo.ba\/index.php\/novosti\/item\/21322-fz-mio-pio-obavijestio-korisnike-dolazak-samo-za-vazne-potrebe-koristite-telefone\/\"},\"wordCount\":414,\"commentCount\":0,\"publisher\":{\"@id\":\"https:\/\/tuzlainfo.ba\/#organization\"},\"image\":{\"@id\":\"https:\/\/tuzlainfo.ba\/index.php\/novosti\/item\/21322-fz-mio-pio-obavijestio-korisnike-dolazak-samo-za-vazne-potrebe-koristite-telefone\/#primaryimage\"},\"thumbnailUrl\":\"https:\/\/tuzlainfo.ba\/wp-content\/uploads\/2020\/03\/k2_items_src_15d38c03a86f1b5c10ad8559a83f8714.jpg\",\"articleSection\":[\"Novosti\"],\"inLanguage\":\"bs-BA\"},{\"@type\":\"WebPage\",\"@id\":\"https:\/\/tuzlainfo.ba\/index.php\/novosti\/item\/21322-fz-mio-pio-obavijestio-korisnike-dolazak-samo-za-vazne-potrebe-koristite-telefone\/\",\"url\":\"https:\/\/tuzlainfo.ba\/index.php\/novosti\/item\/21322-fz-mio-pio-obavijestio-korisnike-dolazak-samo-za-vazne-potrebe-koristite-telefone\/\",\"name\":\"FZ MIO\/PIO obavijestio korisnike: Dolazak samo za va\u017ene potrebe, koristite telefone - TuzlaInfo.ba\",\"isPartOf\":{\"@id\":\"https:\/\/tuzlainfo.ba\/#website\"},\"primaryImageOfPage\":{\"@id\":\"https:\/\/tuzlainfo.ba\/index.php\/novosti\/item\/21322-fz-mio-pio-obavijestio-korisnike-dolazak-samo-za-vazne-potrebe-koristite-telefone\/#primaryimage\"},\"image\":{\"@id\":\"https:\/\/tuzlainfo.ba\/index.php\/novosti\/item\/21322-fz-mio-pio-obavijestio-korisnike-dolazak-samo-za-vazne-potrebe-koristite-telefone\/#primaryimage\"},\"thumbnailUrl\":\"https:\/\/tuzlainfo.ba\/wp-content\/uploads\/2020\/03\/k2_items_src_15d38c03a86f1b5c10ad8559a83f8714.jpg\",\"datePublished\":\"2020-03-15T08:54:28+00:00\",\"dateModified\":\"2021-03-23T08:38:09+00:00\",\"breadcrumb\":{\"@id\":\"https:\/\/tuzlainfo.ba\/index.php\/novosti\/item\/21322-fz-mio-pio-obavijestio-korisnike-dolazak-samo-za-vazne-potrebe-koristite-telefone\/#breadcrumb\"},\"inLanguage\":\"bs-BA\",\"potentialAction\":[{\"@type\":\"ReadAction\",\"target\":[\"https:\/\/tuzlainfo.ba\/index.php\/novosti\/item\/21322-fz-mio-pio-obavijestio-korisnike-dolazak-samo-za-vazne-potrebe-koristite-telefone\/\"]}]},{\"@type\":\"ImageObject\",\"inLanguage\":\"bs-BA\",\"@id\":\"https:\/\/tuzlainfo.ba\/index.php\/novosti\/item\/21322-fz-mio-pio-obavijestio-korisnike-dolazak-samo-za-vazne-potrebe-koristite-telefone\/#primaryimage\",\"url\":\"https:\/\/tuzlainfo.ba\/wp-content\/uploads\/2020\/03\/k2_items_src_15d38c03a86f1b5c10ad8559a83f8714.jpg\",\"contentUrl\":\"https:\/\/tuzlainfo.ba\/wp-content\/uploads\/2020\/03\/k2_items_src_15d38c03a86f1b5c10ad8559a83f8714.jpg\",\"width\":770,\"height\":475},{\"@type\":\"BreadcrumbList\",\"@id\":\"https:\/\/tuzlainfo.ba\/index.php\/novosti\/item\/21322-fz-mio-pio-obavijestio-korisnike-dolazak-samo-za-vazne-potrebe-koristite-telefone\/#breadcrumb\",\"itemListElement\":[{\"@type\":\"ListItem\",\"position\":1,\"name\":\"Home\",\"item\":\"https:\/\/tuzlainfo.ba\/\"},{\"@type\":\"ListItem\",\"position\":2,\"name\":\"FZ MIO\/PIO obavijestio korisnike: Dolazak samo za va\u017ene potrebe, koristite telefone\"}]},{\"@type\":\"WebSite\",\"@id\":\"https:\/\/tuzlainfo.ba\/#website\",\"url\":\"https:\/\/tuzlainfo.ba\/\",\"name\":\"TuzlaInfo.ba\",\"description\":\"Tuzla info, gradski informator - Tuzla na dlanu\",\"publisher\":{\"@id\":\"https:\/\/tuzlainfo.ba\/#organization\"},\"potentialAction\":[{\"@type\":\"SearchAction\",\"target\":{\"@type\":\"EntryPoint\",\"urlTemplate\":\"https:\/\/tuzlainfo.ba\/?s={search_term_string}\"},\"query-input\":{\"@type\":\"PropertyValueSpecification\",\"valueRequired\":true,\"valueName\":\"search_term_string\"}}],\"inLanguage\":\"bs-BA\"},{\"@type\":\"Organization\",\"@id\":\"https:\/\/tuzlainfo.ba\/#organization\",\"name\":\"TuzlaInfo.ba\",\"url\":\"https:\/\/tuzlainfo.ba\/\",\"logo\":{\"@type\":\"ImageObject\",\"inLanguage\":\"bs-BA\",\"@id\":\"https:\/\/tuzlainfo.ba\/#\/schema\/logo\/image\/\",\"url\":\"https:\/\/tuzlainfo.ba\/wp-content\/uploads\/2021\/03\/logo-ver-3-1.png\",\"contentUrl\":\"https:\/\/tuzlainfo.ba\/wp-content\/uploads\/2021\/03\/logo-ver-3-1.png\",\"width\":350,\"height\":95,\"caption\":\"TuzlaInfo.ba\"},\"image\":{\"@id\":\"https:\/\/tuzlainfo.ba\/#\/schema\/logo\/image\/\"},\"sameAs\":[\"https:\/\/www.facebook.com\/tuzlainfo.ba\/\"]},{\"@type\":\"Person\",\"@id\":\"https:\/\/tuzlainfo.ba\/#\/schema\/person\/f434e20dc27ea133923aab08451b7f7f\",\"name\":\"nedim\",\"image\":{\"@type\":\"ImageObject\",\"inLanguage\":\"bs-BA\",\"@id\":\"https:\/\/tuzlainfo.ba\/#\/schema\/person\/image\/\",\"url\":\"https:\/\/tuzlainfo.ba\/wp-content\/litespeed\/avatar\/aabad687af24844af817603ac1cbdc4f.jpg?ver=1777306975\",\"contentUrl\":\"https:\/\/tuzlainfo.ba\/wp-content\/litespeed\/avatar\/aabad687af24844af817603ac1cbdc4f.jpg?ver=1777306975\",\"caption\":\"nedim\"},\"description\":\"Tuzlainfo.ba pratite na dru\u0161tvenim mre\u017eama: Facebook, Instagram i Youtube. Svoje pri\u010de, upite i fotografije \u0161aljite na na\u0161u e-mail adresu.\"}]}<\/script>\n<!-- \/ Yoast SEO plugin. -->","yoast_head_json":{"title":"FZ MIO\/PIO obavijestio korisnike: Dolazak samo za va\u017ene potrebe, koristite telefone - TuzlaInfo.ba","robots":{"index":"index","follow":"follow","max-snippet":"max-snippet:-1","max-image-preview":"max-image-preview:large","max-video-preview":"max-video-preview:-1"},"canonical":"https:\/\/tuzlainfo.ba\/index.php\/novosti\/item\/21322-fz-mio-pio-obavijestio-korisnike-dolazak-samo-za-vazne-potrebe-koristite-telefone\/","og_locale":"bs_BA","og_type":"article","og_title":"FZ MIO\/PIO obavijestio korisnike: Dolazak samo za va\u017ene potrebe, koristite telefone - TuzlaInfo.ba","og_description":"Obzirom na specifi\u010dnu djelatnost Federalnog zavoda za mirovinsko\/penzijsko i invalidsko osiguranje gdje svakodnevno boravi vi\u0161e&hellip;","og_url":"https:\/\/tuzlainfo.ba\/index.php\/novosti\/item\/21322-fz-mio-pio-obavijestio-korisnike-dolazak-samo-za-vazne-potrebe-koristite-telefone\/","og_site_name":"TuzlaInfo.ba","article_publisher":"https:\/\/www.facebook.com\/tuzlainfo.ba\/","article_published_time":"2020-03-15T08:54:28+00:00","article_modified_time":"2021-03-23T08:38:09+00:00","og_image":[{"width":770,"height":475,"url":"https:\/\/tuzlainfo.ba\/wp-content\/uploads\/2020\/03\/k2_items_src_15d38c03a86f1b5c10ad8559a83f8714.jpg","type":"image\/jpeg"}],"author":"nedim","twitter_card":"summary_large_image","twitter_misc":{"Written by":"nedim","Est. reading time":"2 minute"},"schema":{"@context":"https:\/\/schema.org","@graph":[{"@type":"Article","@id":"https:\/\/tuzlainfo.ba\/index.php\/novosti\/item\/21322-fz-mio-pio-obavijestio-korisnike-dolazak-samo-za-vazne-potrebe-koristite-telefone\/#article","isPartOf":{"@id":"https:\/\/tuzlainfo.ba\/index.php\/novosti\/item\/21322-fz-mio-pio-obavijestio-korisnike-dolazak-samo-za-vazne-potrebe-koristite-telefone\/"},"author":{"name":"nedim","@id":"https:\/\/tuzlainfo.ba\/#\/schema\/person\/f434e20dc27ea133923aab08451b7f7f"},"headline":"FZ MIO\/PIO obavijestio korisnike: Dolazak samo za va\u017ene potrebe, koristite telefone","datePublished":"2020-03-15T08:54:28+00:00","dateModified":"2021-03-23T08:38:09+00:00","mainEntityOfPage":{"@id":"https:\/\/tuzlainfo.ba\/index.php\/novosti\/item\/21322-fz-mio-pio-obavijestio-korisnike-dolazak-samo-za-vazne-potrebe-koristite-telefone\/"},"wordCount":414,"commentCount":0,"publisher":{"@id":"https:\/\/tuzlainfo.ba\/#organization"},"image":{"@id":"https:\/\/tuzlainfo.ba\/index.php\/novosti\/item\/21322-fz-mio-pio-obavijestio-korisnike-dolazak-samo-za-vazne-potrebe-koristite-telefone\/#primaryimage"},"thumbnailUrl":"https:\/\/tuzlainfo.ba\/wp-content\/uploads\/2020\/03\/k2_items_src_15d38c03a86f1b5c10ad8559a83f8714.jpg","articleSection":["Novosti"],"inLanguage":"bs-BA"},{"@type":"WebPage","@id":"https:\/\/tuzlainfo.ba\/index.php\/novosti\/item\/21322-fz-mio-pio-obavijestio-korisnike-dolazak-samo-za-vazne-potrebe-koristite-telefone\/","url":"https:\/\/tuzlainfo.ba\/index.php\/novosti\/item\/21322-fz-mio-pio-obavijestio-korisnike-dolazak-samo-za-vazne-potrebe-koristite-telefone\/","name":"FZ MIO\/PIO obavijestio korisnike: Dolazak samo za va\u017ene potrebe, koristite telefone - TuzlaInfo.ba","isPartOf":{"@id":"https:\/\/tuzlainfo.ba\/#website"},"primaryImageOfPage":{"@id":"https:\/\/tuzlainfo.ba\/index.php\/novosti\/item\/21322-fz-mio-pio-obavijestio-korisnike-dolazak-samo-za-vazne-potrebe-koristite-telefone\/#primaryimage"},"image":{"@id":"https:\/\/tuzlainfo.ba\/index.php\/novosti\/item\/21322-fz-mio-pio-obavijestio-korisnike-dolazak-samo-za-vazne-potrebe-koristite-telefone\/#primaryimage"},"thumbnailUrl":"https:\/\/tuzlainfo.ba\/wp-content\/uploads\/2020\/03\/k2_items_src_15d38c03a86f1b5c10ad8559a83f8714.jpg","datePublished":"2020-03-15T08:54:28+00:00","dateModified":"2021-03-23T08:38:09+00:00","breadcrumb":{"@id":"https:\/\/tuzlainfo.ba\/index.php\/novosti\/item\/21322-fz-mio-pio-obavijestio-korisnike-dolazak-samo-za-vazne-potrebe-koristite-telefone\/#breadcrumb"},"inLanguage":"bs-BA","potentialAction":[{"@type":"ReadAction","target":["https:\/\/tuzlainfo.ba\/index.php\/novosti\/item\/21322-fz-mio-pio-obavijestio-korisnike-dolazak-samo-za-vazne-potrebe-koristite-telefone\/"]}]},{"@type":"ImageObject","inLanguage":"bs-BA","@id":"https:\/\/tuzlainfo.ba\/index.php\/novosti\/item\/21322-fz-mio-pio-obavijestio-korisnike-dolazak-samo-za-vazne-potrebe-koristite-telefone\/#primaryimage","url":"https:\/\/tuzlainfo.ba\/wp-content\/uploads\/2020\/03\/k2_items_src_15d38c03a86f1b5c10ad8559a83f8714.jpg","contentUrl":"https:\/\/tuzlainfo.ba\/wp-content\/uploads\/2020\/03\/k2_items_src_15d38c03a86f1b5c10ad8559a83f8714.jpg","width":770,"height":475},{"@type":"BreadcrumbList","@id":"https:\/\/tuzlainfo.ba\/index.php\/novosti\/item\/21322-fz-mio-pio-obavijestio-korisnike-dolazak-samo-za-vazne-potrebe-koristite-telefone\/#breadcrumb","itemListElement":[{"@type":"ListItem","position":1,"name":"Home","item":"https:\/\/tuzlainfo.ba\/"},{"@type":"ListItem","position":2,"name":"FZ MIO\/PIO obavijestio korisnike: Dolazak samo za va\u017ene potrebe, koristite telefone"}]},{"@type":"WebSite","@id":"https:\/\/tuzlainfo.ba\/#website","url":"https:\/\/tuzlainfo.ba\/","name":"TuzlaInfo.ba","description":"Tuzla info, gradski informator - Tuzla na dlanu","publisher":{"@id":"https:\/\/tuzlainfo.ba\/#organization"},"potentialAction":[{"@type":"SearchAction","target":{"@type":"EntryPoint","urlTemplate":"https:\/\/tuzlainfo.ba\/?s={search_term_string}"},"query-input":{"@type":"PropertyValueSpecification","valueRequired":true,"valueName":"search_term_string"}}],"inLanguage":"bs-BA"},{"@type":"Organization","@id":"https:\/\/tuzlainfo.ba\/#organization","name":"TuzlaInfo.ba","url":"https:\/\/tuzlainfo.ba\/","logo":{"@type":"ImageObject","inLanguage":"bs-BA","@id":"https:\/\/tuzlainfo.ba\/#\/schema\/logo\/image\/","url":"https:\/\/tuzlainfo.ba\/wp-content\/uploads\/2021\/03\/logo-ver-3-1.png","contentUrl":"https:\/\/tuzlainfo.ba\/wp-content\/uploads\/2021\/03\/logo-ver-3-1.png","width":350,"height":95,"caption":"TuzlaInfo.ba"},"image":{"@id":"https:\/\/tuzlainfo.ba\/#\/schema\/logo\/image\/"},"sameAs":["https:\/\/www.facebook.com\/tuzlainfo.ba\/"]},{"@type":"Person","@id":"https:\/\/tuzlainfo.ba\/#\/schema\/person\/f434e20dc27ea133923aab08451b7f7f","name":"nedim","image":{"@type":"ImageObject","inLanguage":"bs-BA","@id":"https:\/\/tuzlainfo.ba\/#\/schema\/person\/image\/","url":"https:\/\/tuzlainfo.ba\/wp-content\/litespeed\/avatar\/aabad687af24844af817603ac1cbdc4f.jpg?ver=1777306975","contentUrl":"https:\/\/tuzlainfo.ba\/wp-content\/litespeed\/avatar\/aabad687af24844af817603ac1cbdc4f.jpg?ver=1777306975","caption":"nedim"},"description":"Tuzlainfo.ba pratite na dru\u0161tvenim mre\u017eama: Facebook, Instagram i Youtube. Svoje pri\u010de, upite i fotografije \u0161aljite na na\u0161u e-mail adresu."}]}},"_links":{"self":[{"href":"https:\/\/tuzlainfo.ba\/index.php\/wp-json\/wp\/v2\/posts\/21322"}],"collection":[{"href":"https:\/\/tuzlainfo.ba\/index.php\/wp-json\/wp\/v2\/posts"}],"about":[{"href":"https:\/\/tuzlainfo.ba\/index.php\/wp-json\/wp\/v2\/types\/post"}],"author":[{"embeddable":true,"href":"https:\/\/tuzlainfo.ba\/index.php\/wp-json\/wp\/v2\/users\/2"}],"replies":[{"embeddable":true,"href":"https:\/\/tuzlainfo.ba\/index.php\/wp-json\/wp\/v2\/comments?post=21322"}],"version-history":[{"count":0,"href":"https:\/\/tuzlainfo.ba\/index.php\/wp-json\/wp\/v2\/posts\/21322\/revisions"}],"wp:featuredmedia":[{"embeddable":true,"href":"https:\/\/tuzlainfo.ba\/index.php\/wp-json\/wp\/v2\/media\/77620"}],"wp:attachment":[{"href":"https:\/\/tuzlainfo.ba\/index.php\/wp-json\/wp\/v2\/media?parent=21322"}],"wp:term":[{"taxonomy":"category","embeddable":true,"href":"https:\/\/tuzlainfo.ba\/index.php\/wp-json\/wp\/v2\/categories?post=21322"},{"taxonomy":"post_tag","embeddable":true,"href":"https:\/\/tuzlainfo.ba\/index.php\/wp-json\/wp\/v2\/tags?post=21322"}],"curies":[{"name":"wp","href":"https:\/\/api.w.org\/{rel}","templated":true}]}}