{"id":213157,"date":"2023-08-08T13:23:28","date_gmt":"2023-08-08T11:23:28","guid":{"rendered":"https:\/\/tuzlainfo.ba\/?p=213157"},"modified":"2023-08-08T13:23:28","modified_gmt":"2023-08-08T11:23:28","slug":"izetbegovic-alija-ne-bi-popustao-i-davao-pozicije-onima-koji-nasrcu-na-bih","status":"publish","type":"post","link":"https:\/\/tuzlainfo.ba\/index.php\/bosna-i-hercegovina\/item\/213157-izetbegovic-alija-ne-bi-popustao-i-davao-pozicije-onima-koji-nasrcu-na-bih\/","title":{"rendered":"Izetbegovi\u0107: Alija ne bi popu\u0161tao i davao pozicije onima koji nasr\u0107u na BiH"},"content":{"rendered":"<p>Na \u0160ehidskom mezarju Kova\u010di je u organizaciji Asocijacija mladih SDA BiH obilje\u017eena 98. godi\u0161njica ro\u0111enja rahmetli Alije Izetbegovi\u0107a, prvog predsjednika Predsjedni\u0161tva Republike Bosne i Hercegovine i osniva\u010da SDA &#8211; Stranka demokratske akcije. Prisutnima se u okviru programa obratio predsjednik SDA Bakir Izetbegovi\u0107, koji je u uvodu svog obra\u0107anja istaknuo da o\u010duvanje sje\u0107anja na rahmetli Aliju Izetbegovi\u0107a nije potrebno njemu, ali je potrebno sada\u0161njim i budu\u0107im generacijama.<\/p>\n<p>\u2013 Potrebno nam je da sje\u0107amo vremena koje simbolizira njegovo ime. Naravno da nije Alija sam spasio Bosnu i Hercegovinu. Spasile su je stotine hiljada ljudi spremnih da godinaam ginu i krvare u nevjerovatnoj borbi koju je Alija opisao kao \u201e\u010dudo bosanskog otpora\u201d, ali sve se na kraju krajeva sublimira u neke simbole. Te na\u0161e borbe, kojom je na\u0161 narod dokazao da zaslu\u017euje biti politi\u010dki faktor i da je u stanju izdr\u017eati ono \u0161to je naizgled neizdr\u017eivo, se vrijedi sje\u0107ati i to zbog nas samih, zbog na\u0161eg samopouzdanja i zbog ovakvih vremena u kakvim danas \u017eivimo \u2013 kazao je Izetbegovi\u0107.<\/p>\n<p>Podsjetio je Bakir Izetbegovi\u0107 na \u017eivotni put prvog predsjednika Predsjedni\u0161tva Republike Bosne i Hercegovine i na dva navrata u kojima je bivao zatvoren jer se rije\u010dima suprotstavljao komunisti\u010dkom re\u017eimu.<\/p>\n<p>\u2013 Alija se prvi put odupirao tom sistemu kao devetnaestogodi\u0161njak. Drugi put se odupirao kao starac. Odupirao se jednoj sili koja je izgledala bezizgledno ja\u010da od njega. I jedno i drugo je nadja\u010dao. Komunisti\u010dki sistem je pao i Alija je bio prvi predsjednik SR Bosne i Hercegovine, a zatim i prvi predsjednik dejtonske Bosne i Hercegovine \u2013 izjavio je Izetbegovi\u0107.<\/p>\n<p>Tokom agresije na Bosnu i Hercegovinu, dodao je, Alija Izetbegovi\u0107 je bio prisiljen da brani bazi\u010dne vrijednosti, \u017eivote i opstanak bo\u0161nja\u010dkog naroda na ovim prostorima. Govore\u0107i o dana\u0161njem vremenu, Bakir Izetbegovi\u0107 je istaknuo da Alija Izetbegovi\u0107 sigurno ne bi nikada popu\u0161tao onima koji nasr\u0107u na Bosnu i Hercegovinu.<\/p>\n<p>\u2013 Ne smiju se davati bitne pozicije, ne smije se degradirati pozicija Bosne i Hercegovine, a oni koji su danas na vlasti to rade. Alija Izetbegovi\u0107 bi stao na loptu, bez obzira \u0161ta misle stranci, me\u0111unarodna zajednica, sile i velesile i branio bi Bosnu i Hercegovinu i ne bi nikada popu\u0161tao \u2013 poru\u010dio je Izetbegovi\u0107.<\/p>\n<p>Podsjetio je zatim na \u010dinjenicu da rahmetli Alija Izetbegovi\u0107, vjeruju\u0107i u ideale po kojima je \u017eivio, nije popu\u0161tao ni u okolnostima kada mu je prijetio zatvor i kada je bivao zatvoren, pa ni 1990. godine kada je procijenio da je bo\u0161nja\u010dkom narodu neophodna politi\u010dka stranka koja bi sprije\u010dila scenarij koji mu je prijetio.<\/p>\n<p>\u2013 Ko \u0107e za jednim zatvorenikom, koji je osu\u0111en zato \u0161to je pravio grupu, krenuti da prave stranku? On je bio nepokolebljiv i napravio je najja\u010du stranku, koja je i danas najja\u010da stranka u Bosni i Hercegovini \u2013 izjavio je Izetbegovi\u0107.<\/p>\n<p>Ni danas, dodao je, ne bi pravio ustupke i ne bi predao dr\u017eavnu imovinu, Ustavni sud BiH, Izborni zakon i sve one pozicije koje je aktuelna vlast predala politi\u010dkim partnerima.<\/p>\n<p>\u2013 Stajao bi \u010dvrsto i to je poruka mladima. Moj emanet vama mladima danas je da nikada ni pod kakvim uslovima ne pregovarate i \u010dak sjednete za sto na kojem se pregovara o podjeli Bosne i Hercegovine. O tome uop\u0161te ne smije biti razgovora. Mi to dugujemo i ljudima koji su ukopani na Kova\u010dima i svima onima koji su dali \u017eivote u odbrani Bosne i Hercegovine. Nikada se ne smije ni razgovarati o tome \u2013 poru\u010dio je Izetbegovi\u0107.<\/p>\n<p>&nbsp;<\/p>\n","protected":false},"excerpt":{"rendered":"<p>Na \u0160ehidskom mezarju Kova\u010di je u organizaciji Asocijacija mladih SDA BiH obilje\u017eena 98. godi\u0161njica ro\u0111enja&hellip;<\/p>\n","protected":false},"author":3,"featured_media":151015,"comment_status":"open","ping_status":"closed","sticky":false,"template":"","format":"standard","meta":{"_acf_changed":false,"footnotes":""},"categories":[291],"tags":[550,1370],"acf":[],"yoast_head":"<!-- This site is optimized with the Yoast SEO plugin v23.5 - https:\/\/yoast.com\/wordpress\/plugins\/seo\/ -->\n<title>Izetbegovi\u0107: Alija ne bi popu\u0161tao i davao pozicije onima koji nasr\u0107u na BiH - TuzlaInfo.ba<\/title>\n<meta name=\"robots\" content=\"index, follow, max-snippet:-1, max-image-preview:large, max-video-preview:-1\" \/>\n<link rel=\"canonical\" href=\"https:\/\/tuzlainfo.ba\/index.php\/bosna-i-hercegovina\/item\/213157-izetbegovic-alija-ne-bi-popustao-i-davao-pozicije-onima-koji-nasrcu-na-bih\/\" \/>\n<meta property=\"og:locale\" content=\"bs_BA\" \/>\n<meta property=\"og:type\" content=\"article\" \/>\n<meta property=\"og:title\" content=\"Izetbegovi\u0107: Alija ne bi popu\u0161tao i davao pozicije onima koji nasr\u0107u na BiH - TuzlaInfo.ba\" \/>\n<meta property=\"og:description\" content=\"Na \u0160ehidskom mezarju Kova\u010di je u organizaciji Asocijacija mladih SDA BiH obilje\u017eena 98. godi\u0161njica ro\u0111enja&hellip;\" \/>\n<meta property=\"og:url\" content=\"https:\/\/tuzlainfo.ba\/index.php\/bosna-i-hercegovina\/item\/213157-izetbegovic-alija-ne-bi-popustao-i-davao-pozicije-onima-koji-nasrcu-na-bih\/\" \/>\n<meta property=\"og:site_name\" content=\"TuzlaInfo.ba\" \/>\n<meta property=\"article:publisher\" content=\"https:\/\/www.facebook.com\/tuzlainfo.ba\/\" \/>\n<meta property=\"article:published_time\" content=\"2023-08-08T11:23:28+00:00\" \/>\n<meta property=\"og:image\" content=\"https:\/\/tuzlainfo.ba\/wp-content\/uploads\/2021\/10\/1510_bakir_izetbegovic.jpg\" \/>\n\t<meta property=\"og:image:width\" content=\"960\" \/>\n\t<meta property=\"og:image:height\" content=\"642\" \/>\n\t<meta property=\"og:image:type\" content=\"image\/jpeg\" \/>\n<meta name=\"author\" content=\"admin2\" \/>\n<meta name=\"twitter:card\" content=\"summary_large_image\" \/>\n<meta name=\"twitter:label1\" content=\"Written by\" \/>\n\t<meta name=\"twitter:data1\" content=\"admin2\" \/>\n\t<meta name=\"twitter:label2\" content=\"Est. reading time\" \/>\n\t<meta name=\"twitter:data2\" content=\"3 minute\" \/>\n<script type=\"application\/ld+json\" class=\"yoast-schema-graph\">{\"@context\":\"https:\/\/schema.org\",\"@graph\":[{\"@type\":\"Article\",\"@id\":\"https:\/\/tuzlainfo.ba\/index.php\/bosna-i-hercegovina\/item\/213157-izetbegovic-alija-ne-bi-popustao-i-davao-pozicije-onima-koji-nasrcu-na-bih\/#article\",\"isPartOf\":{\"@id\":\"https:\/\/tuzlainfo.ba\/index.php\/bosna-i-hercegovina\/item\/213157-izetbegovic-alija-ne-bi-popustao-i-davao-pozicije-onima-koji-nasrcu-na-bih\/\"},\"author\":{\"name\":\"admin2\",\"@id\":\"https:\/\/tuzlainfo.ba\/#\/schema\/person\/f4ebe4fff27e68efb65fa7e18f8af372\"},\"headline\":\"Izetbegovi\u0107: Alija ne bi popu\u0161tao i davao pozicije onima koji nasr\u0107u na BiH\",\"datePublished\":\"2023-08-08T11:23:28+00:00\",\"dateModified\":\"2023-08-08T11:23:28+00:00\",\"mainEntityOfPage\":{\"@id\":\"https:\/\/tuzlainfo.ba\/index.php\/bosna-i-hercegovina\/item\/213157-izetbegovic-alija-ne-bi-popustao-i-davao-pozicije-onima-koji-nasrcu-na-bih\/\"},\"wordCount\":617,\"commentCount\":0,\"publisher\":{\"@id\":\"https:\/\/tuzlainfo.ba\/#organization\"},\"image\":{\"@id\":\"https:\/\/tuzlainfo.ba\/index.php\/bosna-i-hercegovina\/item\/213157-izetbegovic-alija-ne-bi-popustao-i-davao-pozicije-onima-koji-nasrcu-na-bih\/#primaryimage\"},\"thumbnailUrl\":\"https:\/\/tuzlainfo.ba\/wp-content\/uploads\/2021\/10\/1510_bakir_izetbegovic.jpg\",\"keywords\":[\"alija izetbegovi\u0107\",\"bakir izetbegovi\u0107\"],\"articleSection\":[\"Bosna i Hercegovina\"],\"inLanguage\":\"bs-BA\"},{\"@type\":\"WebPage\",\"@id\":\"https:\/\/tuzlainfo.ba\/index.php\/bosna-i-hercegovina\/item\/213157-izetbegovic-alija-ne-bi-popustao-i-davao-pozicije-onima-koji-nasrcu-na-bih\/\",\"url\":\"https:\/\/tuzlainfo.ba\/index.php\/bosna-i-hercegovina\/item\/213157-izetbegovic-alija-ne-bi-popustao-i-davao-pozicije-onima-koji-nasrcu-na-bih\/\",\"name\":\"Izetbegovi\u0107: Alija ne bi popu\u0161tao i davao pozicije onima koji nasr\u0107u na BiH - TuzlaInfo.ba\",\"isPartOf\":{\"@id\":\"https:\/\/tuzlainfo.ba\/#website\"},\"primaryImageOfPage\":{\"@id\":\"https:\/\/tuzlainfo.ba\/index.php\/bosna-i-hercegovina\/item\/213157-izetbegovic-alija-ne-bi-popustao-i-davao-pozicije-onima-koji-nasrcu-na-bih\/#primaryimage\"},\"image\":{\"@id\":\"https:\/\/tuzlainfo.ba\/index.php\/bosna-i-hercegovina\/item\/213157-izetbegovic-alija-ne-bi-popustao-i-davao-pozicije-onima-koji-nasrcu-na-bih\/#primaryimage\"},\"thumbnailUrl\":\"https:\/\/tuzlainfo.ba\/wp-content\/uploads\/2021\/10\/1510_bakir_izetbegovic.jpg\",\"datePublished\":\"2023-08-08T11:23:28+00:00\",\"dateModified\":\"2023-08-08T11:23:28+00:00\",\"breadcrumb\":{\"@id\":\"https:\/\/tuzlainfo.ba\/index.php\/bosna-i-hercegovina\/item\/213157-izetbegovic-alija-ne-bi-popustao-i-davao-pozicije-onima-koji-nasrcu-na-bih\/#breadcrumb\"},\"inLanguage\":\"bs-BA\",\"potentialAction\":[{\"@type\":\"ReadAction\",\"target\":[\"https:\/\/tuzlainfo.ba\/index.php\/bosna-i-hercegovina\/item\/213157-izetbegovic-alija-ne-bi-popustao-i-davao-pozicije-onima-koji-nasrcu-na-bih\/\"]}]},{\"@type\":\"ImageObject\",\"inLanguage\":\"bs-BA\",\"@id\":\"https:\/\/tuzlainfo.ba\/index.php\/bosna-i-hercegovina\/item\/213157-izetbegovic-alija-ne-bi-popustao-i-davao-pozicije-onima-koji-nasrcu-na-bih\/#primaryimage\",\"url\":\"https:\/\/tuzlainfo.ba\/wp-content\/uploads\/2021\/10\/1510_bakir_izetbegovic.jpg\",\"contentUrl\":\"https:\/\/tuzlainfo.ba\/wp-content\/uploads\/2021\/10\/1510_bakir_izetbegovic.jpg\",\"width\":960,\"height\":642},{\"@type\":\"BreadcrumbList\",\"@id\":\"https:\/\/tuzlainfo.ba\/index.php\/bosna-i-hercegovina\/item\/213157-izetbegovic-alija-ne-bi-popustao-i-davao-pozicije-onima-koji-nasrcu-na-bih\/#breadcrumb\",\"itemListElement\":[{\"@type\":\"ListItem\",\"position\":1,\"name\":\"Home\",\"item\":\"https:\/\/tuzlainfo.ba\/\"},{\"@type\":\"ListItem\",\"position\":2,\"name\":\"Izetbegovi\u0107: Alija ne bi popu\u0161tao i davao pozicije onima koji nasr\u0107u na BiH\"}]},{\"@type\":\"WebSite\",\"@id\":\"https:\/\/tuzlainfo.ba\/#website\",\"url\":\"https:\/\/tuzlainfo.ba\/\",\"name\":\"TuzlaInfo.ba\",\"description\":\"Tuzla info, gradski informator - Tuzla na dlanu\",\"publisher\":{\"@id\":\"https:\/\/tuzlainfo.ba\/#organization\"},\"potentialAction\":[{\"@type\":\"SearchAction\",\"target\":{\"@type\":\"EntryPoint\",\"urlTemplate\":\"https:\/\/tuzlainfo.ba\/?s={search_term_string}\"},\"query-input\":{\"@type\":\"PropertyValueSpecification\",\"valueRequired\":true,\"valueName\":\"search_term_string\"}}],\"inLanguage\":\"bs-BA\"},{\"@type\":\"Organization\",\"@id\":\"https:\/\/tuzlainfo.ba\/#organization\",\"name\":\"TuzlaInfo.ba\",\"url\":\"https:\/\/tuzlainfo.ba\/\",\"logo\":{\"@type\":\"ImageObject\",\"inLanguage\":\"bs-BA\",\"@id\":\"https:\/\/tuzlainfo.ba\/#\/schema\/logo\/image\/\",\"url\":\"https:\/\/tuzlainfo.ba\/wp-content\/uploads\/2021\/03\/logo-ver-3-1.png\",\"contentUrl\":\"https:\/\/tuzlainfo.ba\/wp-content\/uploads\/2021\/03\/logo-ver-3-1.png\",\"width\":350,\"height\":95,\"caption\":\"TuzlaInfo.ba\"},\"image\":{\"@id\":\"https:\/\/tuzlainfo.ba\/#\/schema\/logo\/image\/\"},\"sameAs\":[\"https:\/\/www.facebook.com\/tuzlainfo.ba\/\"]},{\"@type\":\"Person\",\"@id\":\"https:\/\/tuzlainfo.ba\/#\/schema\/person\/f4ebe4fff27e68efb65fa7e18f8af372\",\"name\":\"admin2\",\"image\":{\"@type\":\"ImageObject\",\"inLanguage\":\"bs-BA\",\"@id\":\"https:\/\/tuzlainfo.ba\/#\/schema\/person\/image\/\",\"url\":\"https:\/\/tuzlainfo.ba\/wp-content\/litespeed\/avatar\/8219eeb9a43cff2d096e773737736f62.jpg?ver=1776704580\",\"contentUrl\":\"https:\/\/tuzlainfo.ba\/wp-content\/litespeed\/avatar\/8219eeb9a43cff2d096e773737736f62.jpg?ver=1776704580\",\"caption\":\"admin2\"},\"description\":\"Tuzlainfo.ba pratite na dru\u0161tvenim mre\u017eama: Facebook, Instagram i Youtube. Svoje pri\u010de, upite i fotografije \u0161aljite na na\u0161u e-mail adresu.\",\"sameAs\":[\"admin\"]}]}<\/script>\n<!-- \/ Yoast SEO plugin. -->","yoast_head_json":{"title":"Izetbegovi\u0107: Alija ne bi popu\u0161tao i davao pozicije onima koji nasr\u0107u na BiH - TuzlaInfo.ba","robots":{"index":"index","follow":"follow","max-snippet":"max-snippet:-1","max-image-preview":"max-image-preview:large","max-video-preview":"max-video-preview:-1"},"canonical":"https:\/\/tuzlainfo.ba\/index.php\/bosna-i-hercegovina\/item\/213157-izetbegovic-alija-ne-bi-popustao-i-davao-pozicije-onima-koji-nasrcu-na-bih\/","og_locale":"bs_BA","og_type":"article","og_title":"Izetbegovi\u0107: Alija ne bi popu\u0161tao i davao pozicije onima koji nasr\u0107u na BiH - TuzlaInfo.ba","og_description":"Na \u0160ehidskom mezarju Kova\u010di je u organizaciji Asocijacija mladih SDA BiH obilje\u017eena 98. godi\u0161njica ro\u0111enja&hellip;","og_url":"https:\/\/tuzlainfo.ba\/index.php\/bosna-i-hercegovina\/item\/213157-izetbegovic-alija-ne-bi-popustao-i-davao-pozicije-onima-koji-nasrcu-na-bih\/","og_site_name":"TuzlaInfo.ba","article_publisher":"https:\/\/www.facebook.com\/tuzlainfo.ba\/","article_published_time":"2023-08-08T11:23:28+00:00","og_image":[{"width":960,"height":642,"url":"https:\/\/tuzlainfo.ba\/wp-content\/uploads\/2021\/10\/1510_bakir_izetbegovic.jpg","type":"image\/jpeg"}],"author":"admin2","twitter_card":"summary_large_image","twitter_misc":{"Written by":"admin2","Est. reading time":"3 minute"},"schema":{"@context":"https:\/\/schema.org","@graph":[{"@type":"Article","@id":"https:\/\/tuzlainfo.ba\/index.php\/bosna-i-hercegovina\/item\/213157-izetbegovic-alija-ne-bi-popustao-i-davao-pozicije-onima-koji-nasrcu-na-bih\/#article","isPartOf":{"@id":"https:\/\/tuzlainfo.ba\/index.php\/bosna-i-hercegovina\/item\/213157-izetbegovic-alija-ne-bi-popustao-i-davao-pozicije-onima-koji-nasrcu-na-bih\/"},"author":{"name":"admin2","@id":"https:\/\/tuzlainfo.ba\/#\/schema\/person\/f4ebe4fff27e68efb65fa7e18f8af372"},"headline":"Izetbegovi\u0107: Alija ne bi popu\u0161tao i davao pozicije onima koji nasr\u0107u na BiH","datePublished":"2023-08-08T11:23:28+00:00","dateModified":"2023-08-08T11:23:28+00:00","mainEntityOfPage":{"@id":"https:\/\/tuzlainfo.ba\/index.php\/bosna-i-hercegovina\/item\/213157-izetbegovic-alija-ne-bi-popustao-i-davao-pozicije-onima-koji-nasrcu-na-bih\/"},"wordCount":617,"commentCount":0,"publisher":{"@id":"https:\/\/tuzlainfo.ba\/#organization"},"image":{"@id":"https:\/\/tuzlainfo.ba\/index.php\/bosna-i-hercegovina\/item\/213157-izetbegovic-alija-ne-bi-popustao-i-davao-pozicije-onima-koji-nasrcu-na-bih\/#primaryimage"},"thumbnailUrl":"https:\/\/tuzlainfo.ba\/wp-content\/uploads\/2021\/10\/1510_bakir_izetbegovic.jpg","keywords":["alija izetbegovi\u0107","bakir izetbegovi\u0107"],"articleSection":["Bosna i Hercegovina"],"inLanguage":"bs-BA"},{"@type":"WebPage","@id":"https:\/\/tuzlainfo.ba\/index.php\/bosna-i-hercegovina\/item\/213157-izetbegovic-alija-ne-bi-popustao-i-davao-pozicije-onima-koji-nasrcu-na-bih\/","url":"https:\/\/tuzlainfo.ba\/index.php\/bosna-i-hercegovina\/item\/213157-izetbegovic-alija-ne-bi-popustao-i-davao-pozicije-onima-koji-nasrcu-na-bih\/","name":"Izetbegovi\u0107: Alija ne bi popu\u0161tao i davao pozicije onima koji nasr\u0107u na BiH - TuzlaInfo.ba","isPartOf":{"@id":"https:\/\/tuzlainfo.ba\/#website"},"primaryImageOfPage":{"@id":"https:\/\/tuzlainfo.ba\/index.php\/bosna-i-hercegovina\/item\/213157-izetbegovic-alija-ne-bi-popustao-i-davao-pozicije-onima-koji-nasrcu-na-bih\/#primaryimage"},"image":{"@id":"https:\/\/tuzlainfo.ba\/index.php\/bosna-i-hercegovina\/item\/213157-izetbegovic-alija-ne-bi-popustao-i-davao-pozicije-onima-koji-nasrcu-na-bih\/#primaryimage"},"thumbnailUrl":"https:\/\/tuzlainfo.ba\/wp-content\/uploads\/2021\/10\/1510_bakir_izetbegovic.jpg","datePublished":"2023-08-08T11:23:28+00:00","dateModified":"2023-08-08T11:23:28+00:00","breadcrumb":{"@id":"https:\/\/tuzlainfo.ba\/index.php\/bosna-i-hercegovina\/item\/213157-izetbegovic-alija-ne-bi-popustao-i-davao-pozicije-onima-koji-nasrcu-na-bih\/#breadcrumb"},"inLanguage":"bs-BA","potentialAction":[{"@type":"ReadAction","target":["https:\/\/tuzlainfo.ba\/index.php\/bosna-i-hercegovina\/item\/213157-izetbegovic-alija-ne-bi-popustao-i-davao-pozicije-onima-koji-nasrcu-na-bih\/"]}]},{"@type":"ImageObject","inLanguage":"bs-BA","@id":"https:\/\/tuzlainfo.ba\/index.php\/bosna-i-hercegovina\/item\/213157-izetbegovic-alija-ne-bi-popustao-i-davao-pozicije-onima-koji-nasrcu-na-bih\/#primaryimage","url":"https:\/\/tuzlainfo.ba\/wp-content\/uploads\/2021\/10\/1510_bakir_izetbegovic.jpg","contentUrl":"https:\/\/tuzlainfo.ba\/wp-content\/uploads\/2021\/10\/1510_bakir_izetbegovic.jpg","width":960,"height":642},{"@type":"BreadcrumbList","@id":"https:\/\/tuzlainfo.ba\/index.php\/bosna-i-hercegovina\/item\/213157-izetbegovic-alija-ne-bi-popustao-i-davao-pozicije-onima-koji-nasrcu-na-bih\/#breadcrumb","itemListElement":[{"@type":"ListItem","position":1,"name":"Home","item":"https:\/\/tuzlainfo.ba\/"},{"@type":"ListItem","position":2,"name":"Izetbegovi\u0107: Alija ne bi popu\u0161tao i davao pozicije onima koji nasr\u0107u na BiH"}]},{"@type":"WebSite","@id":"https:\/\/tuzlainfo.ba\/#website","url":"https:\/\/tuzlainfo.ba\/","name":"TuzlaInfo.ba","description":"Tuzla info, gradski informator - Tuzla na dlanu","publisher":{"@id":"https:\/\/tuzlainfo.ba\/#organization"},"potentialAction":[{"@type":"SearchAction","target":{"@type":"EntryPoint","urlTemplate":"https:\/\/tuzlainfo.ba\/?s={search_term_string}"},"query-input":{"@type":"PropertyValueSpecification","valueRequired":true,"valueName":"search_term_string"}}],"inLanguage":"bs-BA"},{"@type":"Organization","@id":"https:\/\/tuzlainfo.ba\/#organization","name":"TuzlaInfo.ba","url":"https:\/\/tuzlainfo.ba\/","logo":{"@type":"ImageObject","inLanguage":"bs-BA","@id":"https:\/\/tuzlainfo.ba\/#\/schema\/logo\/image\/","url":"https:\/\/tuzlainfo.ba\/wp-content\/uploads\/2021\/03\/logo-ver-3-1.png","contentUrl":"https:\/\/tuzlainfo.ba\/wp-content\/uploads\/2021\/03\/logo-ver-3-1.png","width":350,"height":95,"caption":"TuzlaInfo.ba"},"image":{"@id":"https:\/\/tuzlainfo.ba\/#\/schema\/logo\/image\/"},"sameAs":["https:\/\/www.facebook.com\/tuzlainfo.ba\/"]},{"@type":"Person","@id":"https:\/\/tuzlainfo.ba\/#\/schema\/person\/f4ebe4fff27e68efb65fa7e18f8af372","name":"admin2","image":{"@type":"ImageObject","inLanguage":"bs-BA","@id":"https:\/\/tuzlainfo.ba\/#\/schema\/person\/image\/","url":"https:\/\/tuzlainfo.ba\/wp-content\/litespeed\/avatar\/8219eeb9a43cff2d096e773737736f62.jpg?ver=1776704580","contentUrl":"https:\/\/tuzlainfo.ba\/wp-content\/litespeed\/avatar\/8219eeb9a43cff2d096e773737736f62.jpg?ver=1776704580","caption":"admin2"},"description":"Tuzlainfo.ba pratite na dru\u0161tvenim mre\u017eama: Facebook, Instagram i Youtube. Svoje pri\u010de, upite i fotografije \u0161aljite na na\u0161u e-mail adresu.","sameAs":["admin"]}]}},"_links":{"self":[{"href":"https:\/\/tuzlainfo.ba\/index.php\/wp-json\/wp\/v2\/posts\/213157"}],"collection":[{"href":"https:\/\/tuzlainfo.ba\/index.php\/wp-json\/wp\/v2\/posts"}],"about":[{"href":"https:\/\/tuzlainfo.ba\/index.php\/wp-json\/wp\/v2\/types\/post"}],"author":[{"embeddable":true,"href":"https:\/\/tuzlainfo.ba\/index.php\/wp-json\/wp\/v2\/users\/3"}],"replies":[{"embeddable":true,"href":"https:\/\/tuzlainfo.ba\/index.php\/wp-json\/wp\/v2\/comments?post=213157"}],"version-history":[{"count":0,"href":"https:\/\/tuzlainfo.ba\/index.php\/wp-json\/wp\/v2\/posts\/213157\/revisions"}],"wp:featuredmedia":[{"embeddable":true,"href":"https:\/\/tuzlainfo.ba\/index.php\/wp-json\/wp\/v2\/media\/151015"}],"wp:attachment":[{"href":"https:\/\/tuzlainfo.ba\/index.php\/wp-json\/wp\/v2\/media?parent=213157"}],"wp:term":[{"taxonomy":"category","embeddable":true,"href":"https:\/\/tuzlainfo.ba\/index.php\/wp-json\/wp\/v2\/categories?post=213157"},{"taxonomy":"post_tag","embeddable":true,"href":"https:\/\/tuzlainfo.ba\/index.php\/wp-json\/wp\/v2\/tags?post=213157"}],"curies":[{"name":"wp","href":"https:\/\/api.w.org\/{rel}","templated":true}]}}