{"id":213129,"date":"2023-08-08T11:34:33","date_gmt":"2023-08-08T09:34:33","guid":{"rendered":"https:\/\/tuzlainfo.ba\/?p=213129"},"modified":"2023-08-08T11:35:27","modified_gmt":"2023-08-08T09:35:27","slug":"prvi-predsjednik-medjunarodno-priznate-bih-prije-98-godina-rodjen-je-alija-izetbegovic","status":"publish","type":"post","link":"https:\/\/tuzlainfo.ba\/index.php\/bosna-i-hercegovina\/item\/213129-prvi-predsjednik-medjunarodno-priznate-bih-prije-98-godina-rodjen-je-alija-izetbegovic\/","title":{"rendered":"Prvi predsjednik me\u0111unarodno priznate BiH: Prije 98 godina ro\u0111en je Alija Izetbegovi\u0107"},"content":{"rendered":"<div class=\"single-intro\">\n<div class=\"single-intro\">\n<p>Na dana\u0161nji dan 8. augusta 1925. godine ro\u0111en je Alija Izetbegovi\u0107, prvi predsjednik me\u0111unarodno priznate dr\u017eave Bosne i Hercegovine i vrhovni komandant Armije RBiH tokom agresije na BiH od 1992. do 1995. godine, te prvi predsjednik Stranke demokratske akcije (SDA).<\/p>\n<p>Alija Izetbegovi\u0107 ro\u0111en je u Bosanskom \u0160amcu u uglednoj begovskoj porodici. Kada su mu bile tri godine,otac Mustafa, trgovac po zanimanju, odlu\u010dio se na selidbu u Sarajevo s deveto\u010dlanom porodicom. Mustafa Izetbegovi\u0107 je Imao dva sina iz prvog braka te tri k\u0107eri i dva sina iz braka sa Alijinom majkom Hibom ro\u0111enom D\u017eabija. Alija Izetbegovi\u0107 je bio peto dijete po ro\u0111enju.<\/p>\n<\/div>\n<\/div>\n<div class=\"single-text\">\n<p>Izetbegovi\u0107 je u Sarajevu poha\u0111ao Prvu realnu mu\u0161ku gimnaziju i ve\u0107 tada se po\u010deo suo\u010davati s dilemama oko pitanja \u201esocijalne pravde i nepravde\u201c, s jedne, i vjere u Boga, s druge strane. \u010citao je mnogo, i knji\u017eevna i filozofska djela koja je pro\u010ditao u zavr\u0161nim razredima gimnazije imala su va\u017enu ulogu u njegovom obrazovanju i sazrijevanju. U knji\u017eevnosti su to bili romani Dostojevskog, a u filozofiji Propast Zapada Oswalda Spenglera i Stvarala\u010dka evolucija Henria Bergsona te ukupno djelo Immanuela Kanta. Ipak, nakon perioda mladala\u010dkih dilema i lutanja, vratio se \u201cponovo prona\u0111enoj vjeri\u201d koju nikada vi\u0161e nije izgubio, a tako vra\u0107ena vjera bila je mnogo \u010dvr\u0161\u0107a od one koju je stekao porodi\u010dnom tradicijom.<\/p>\n<p>Izetbegovi\u0107 je maturirao 1943. godine na sarajevskoj Prvoj mu\u0161koj gimnaziji. Sarajevo je tada bilo pod usta\u0161kom okupacijom, odnosno \u010ditava Bosna i Hercegovina je bila pod okupacijom pronacisti\u010dke Nezavisne dr\u017eave Hrvatske, tako da se morao skrivati cijelu 1944. godinu kako bi izbjegao mobilizaciju u neku vojnu formaciju usta\u0161kog re\u017eima. U to vrijeme upoznao je budu\u0107u suprugu Halidu Repovac, \u010dija su dvojica bra\u0107e (Bakir i Muhamed Repovac) stradali kao pripadnici antifa\u0161isti\u010dkog pokreta otpora.<\/p>\n<p>U toku rata, Alija Izetbegovi\u0107 se bavio humanitarnim radom, poma\u017eu\u0107i prognanim civilima u okviru pokreta \u201cMladi muslimani\u201d, gdje je jo\u0161 prije rata poku\u0161ao prona\u0107i i artikulaciju vlastitih politi\u010dkih i idejnih opredjeljenja. Islam, te antifa\u0161izam i antikomunizam, odre\u0111ivali su op\u0107u orijentaciju ovog pokreta.<\/p>\n<p>Nakon rata, novouspostavljena komunisti\u010dka vlast je u pokretu vidjela opasnost i ve\u0107 1946. godine po\u010dela su prva hap\u0161enja. Me\u0111u uhap\u0161enima bio je i Alija Izetbegovi\u0107 koji se tada nalazio na odslu\u017eenju vojnog roka u Jugoslavenskoj armiji, te mu je su\u0111eno pred Vojnim sudom u Sarajevu: dobio je tri godine strogog zatvora.<\/p>\n<p>Ubrzo po izlasku iz zatvora 1949. godine, Izetbegovi\u0107 je, mada vi\u0161e zainteresiran za pravo, upisao studij agronomije u Sarajevu, te formirao porodicu. Narednih deset godina radio je na gradili\u0161tima, najvi\u0161e u Crnoj Gori \u2013 sedam godina, gdje je upravljao izgradnjom Hidrocentrale \u201ePeru\u0107ica\u201c kod Nik\u0161i\u0107a. Istovremeno je studirao i izdr\u017eavao porodicu. Na tre\u0107oj godini napustio je agronomiju i upisao studij prava na Sarajevskom univerzitetu, da bi diplomirao u roku od dvije godine, 1956. godine. U me\u0111uvremenu je dobio troje djece \u2013 dvije k\u0107erke i sina.<\/p>\n<p>Kao pravnik, Izetbegovi\u0107 je nastavio raditi u gra\u0111evinskom sektoru (NISKOGRADNJA, PUT, IPSA, CONSULTING). Polo\u017eio je pravosudni ispit 1962., ali se nije profesionalno bavio advokaturom. U \u0161irokom spektru interesovanja \u2013 od pra\u0107enja svemirskih programa, politi\u010dkih doga\u0111aja u svijetu i zemlji, razvoja nauke i tehnologije, do u\u010denja stranih jezika, ali i hobija poput \u0161aha \u2013 islam i stanje muslimanskih naroda ostaju u sredi\u0161tu Izetbegovi\u0107eve pa\u017enje. Napisao je i, pod pseudonimom L.S.B. \u2013 koji je sa\u010dinjen od po\u010detnih slova imena njegovih k\u0107erki i sina, objavio vi\u0161e \u010dlanaka na tu temu (kasnije sabrani pod naslovom Problemi islamskog preporoda), a 1969. je napravio nacrt za tekst Islamska deklaracija, koju je tokom 1970. zavr\u0161io i objelodanio. Ovaj nevelik tekst (oko 40 stranica,) koji se odnosi na muslimanski svijet \u201cod Maroka do Indonezije\u201d, izazvao je \u017eivo interesovanje tek nakon montiranog politi\u010dkog \u201eSarajevskog procesa\u201c Izetbegovi\u0107u i dvanaestero muslimanskih intelektualaca1983. godine. Iako optu\u017eba nije ponudila nikakve konkretne dokaze, Izetbegovi\u0107 je osu\u0111en za tzv. islamski fundamentalizam i udru\u017eivanje radi ru\u0161enja ustavnog poretka te delikt mi\u0161ljenja.<\/p>\n<p>Svoju drugu knjigu \u2013 Islam izme\u0111u Istoka i Zapada \u2013 Izetbegovi\u0107 je u va\u017enim dijelovima napisao jo\u0161 prije prvog odlaska u zatvor 1946. godine. Kada je uhap\u0161en, njegova sestra Arzija ju je sakrila i tako sa\u010duvala rukopis. Na ovom rukopisu Izetbegovi\u0107 je kasnije intenzivno radio i jedan du\u017ei fragment o religiji i umjetnosti objavio je 1971. u beogradskom \u010dasopisu \u201cKultura\u201d, u tematskom broju koji je bio posve\u0107en religiji i koji je bio privremeno zabranjen zbog teksta o marksizmu ruskog filozofa Nikolaja Ber\u0111ajeva.<\/p>\n<p>Desetak godina kasnije, dovr\u0161en rukopis knjige Islam izme\u0111u Istoka i Zapada poslao je prijatelju u Kanadu. Nekoliko mjeseci nakon toga, u martu 1983., Izetbegovi\u0107 je uhap\u0161en i na montiranom su\u0111enju u avgustu iste godine osu\u0111en na 14 godina zatvora. Zajedno s njim osu\u0111eno je jo\u0161 12 muslimanskih intelektualaca, za \u201cudru\u017eivanje radi ru\u0161enja ustavnog poretka\u201d i \u201cverbalni delikt\u201d. Mnogi se nisu me\u0111usobno ni poznavali.<\/p>\n<p>Knjiga Islam izme\u0111u istoka i zapada objavljena je na engleskom jeziku u Americi 1984. i na bosanskom jeziku u Beogradu 1988., dok je Izetbegovi\u0107 bio u zatvoru. U knjizi, koja je prevedena na devet jezika, autor se bavi islamom i njegovim mjestom u aktuelnom svijetu, otvaraju\u0107i istovremeno niz tema i pitanja koja se ti\u010du \u010dovjekovog stanja uop\u0107e. Iako je optu\u017eba koristila tekst Islamske deklaracije u montiranom procesu protiv Izetbegovi\u0107a, on je smatrao da je ustvari knjiga Islam izme\u0111u istoka i zapada bila razlog za njegovo hap\u0161enje. Naravno, s obzirom na probu\u0111en interes za njegovo djelo za vrijeme i poslije Sarajevskog procesa, i knjiga Islamska deklaracija prevedena je na vi\u0161e stranih jezika.<\/p>\n<p>Tokom drugog boravka u zatvoru, Izetbegovi\u0107 je po\u010deo pisati bilje\u0161ke. Bila su to razmi\u0161ljanja o \u017eivotu i sudbini, o vjeri i politici, o pro\u010ditanim djelima i njihovim autorima, ali i ekonomiji i fizici. Tako je nastalo trinaest \u201esve\u0161\u010dica\u201c, kako ih je on nazivao, formata A5, koje je Izetbegovi\u0107 uredio i objavio 1999. godine pod naslovom Moj bijeg u slobodu.<\/p>\n<p>Izetbegovi\u0107 je u zatvoru nastavio borbu za smanjenje kazne. Pisao je Vrhovnom sudu Bosne i Hercegovine i Saveznom sudu Socijalisti\u010dke Federativne Republike Jugoslavije (SFRJ), ukazuju\u0107i na nezakonitost sudskog procesa. U \u017ealbenom postupku, Vrhovni sud BiH je kaznu simboli\u010dno smanjio, sa 14 na 12 godina zatvora; Savezni sud SFRJ je presudu preina\u010dio i sveo je na \u2018verbalni delikt\u2019, za koji mu je izrekao kona\u010dnu kaznu od devet godina. Uskoro nakon toga, pod pritiskom demokratskih promjena u zemlji, odredba Krivi\u010dnog zakona o \u2018verbalnom deliktu\u2019 je ukinuta. Izetbegovi\u0107 je odle\u017eao pet godina i osam mjeseci i kona\u010dno iza\u0161ao na slobodu 25. novembra 1988. godine.<\/p>\n<p>U drugoj godini po izlasku iz zatvora, u maju 1990, Izetbegovi\u0107 sa grupom istomi\u0161ljenika osniva Stranku demokratske akcije (SDA). Programski ciljevi Stranke predvi\u0111ali su afirmaciju univerzalnih vrijednosti slobode, demokratije, jednakosti i ljudskih prava, te tr\u017ei\u0161ne privrede i pozitivnih funkcija socijalne dr\u017eave. Na osniva\u010dkoj skup\u0161tini Izetbegovi\u0107 je izabran za predsjednika Stranke. Osniva\u010dki dokument \u2013 Programska deklaracija je odavao njegov autorski rukopis i u njemu je istaknuto da se pod demokratijom podrazumijeva vladavina naroda koja je regulirana vladavinom pravednih zakona. Deklaracija se posebno osvrnula na odbranu dr\u017eavnosti BiH i samobitnosti Bo\u0161njaka kao autohtonog evropskog muslimanskog naroda.<\/p>\n<p>Na prvim demokratskim izborima 18. novembra 1990. SDA je odnijela ubjedljivu pobjedu: od 240 poslani\u010dkih mjesta u Skup\u0161tini Republike Bosne i Hercegovine, SDA je osvojila 86 mandata, a u sedmo\u010dlanom Predsjedni\u0161tvu, tri \u010dlana su bili kandidati SDA. Izetbegovi\u0107 je izabran za predsjednika Predsjedni\u0161tva Republike BiH, u vrijeme te\u0161ke ekonomske i politi\u010dke krize u Jugoslaviji. Tokom naredne godine, kao predstavnik Bosne i Hercegovine u\u010destvuje u sastancima \u2018\u0161estorke\u2019 (predsjednici Predsjedni\u0161tava 6 republika SFRJ) u nastojanju da se prona\u0111e okvir za opstanak Jugoslavije i time sprije\u010di agresivni rat s ciljem promjene granica republika za koji bi najve\u0107u cijenu platili Bosna i Hercegovina i Bo\u0161njaci. S makedonskim predsjednikom Kirom Gligorovim ponudio je platformu za reformirano, asimetri\u010dno ustrojstvo federativne Jugoslavije, koja nije dobila potrebnu podr\u0161ku ostalih.<\/p>\n<p>Dvadeset i \u0161estog juna 1991., nakon deklaracije o nezavisnosti Slovenije i Hrvatske, izbio je kratak rat u Sloveniji, ozna\u010div\u0161i po\u010detak raspada Jugoslavije i agresije Jugoslovenske narodne armije (JNA) protiv republika koje su progla\u0161avale nezavisnost. Izetbegovi\u0107ev stav bio je da BiH ne\u0107e ostati u Jugoslaviji bez Slovenije i Hrvatske, jer to vi\u0161e ne bi bila Jugoslavija nego Velika Srbija. Javno se suprotstavio mobilizaciji bosanskih mladi\u0107a za rat protiv Hrvatske, o \u010demu je potom i Predsjedni\u0161tvo donijelo odluku. Osim u svojoj stranci, imao je podr\u0161ku ve\u0107ine intelektualaca gra\u0111anske provenijencije u BiH. Isto tako, uspijeva u okvirima ovla\u0161tenja sprije\u010diti potpuno, neustavno izuzimanje oru\u017eja Teritorijalne odbrane BiH koje je je JNA provodila, nastoje\u0107i oslabiti odbrambene sposobnosti republika.<\/p>\n<p>Povla\u010de\u0107i se iz Slovenije i dijelova Hrvatske, JNA, koja je sve manje jugoslovenska, a sve vi\u0161e srpska vojska, gomila snage i naoru\u017eanje u Bosni i Hercegovini. Izetbegovi\u0107 intenzivno u\u010destvuje u pregovorima i diplomatskim aktivnostima, u nastojanju da se zaustavi rat i sa\u010duva mir u Bosni i Hercegovini, te da se za\u0161titi legalitet i legitimitet dr\u017eavnih institucija Bosne i Hercegovine.<\/p>\n<p>U okolnostima u kojima se JNA bezobzirno odre\u0111uje kao srpska vojska i u kojima iz temelja ugro\u017eava izvorne institucije op\u0107enarodne odbrane Bosne i Hercegovine, SDA se pod Izetbegovi\u0107evim vodstvom odlu\u010dila na osnivanje Nacionalnog vije\u0107a odbrane BiH, iz kojeg \u0107e kasnije nastati Patriotska liga, prva vojna formacija oformljena za odbranu BiH.<\/p>\n<p>Skup\u0161tina RBiH je 14. januara 1992. godine donijela Rezoluciju o suverenosti, koju osporava Srpska demokratska stranka kao ve\u0107inska politi\u010dka stranka u srpskom narodu u BiH. Dan kasnije, Evropska zajednica priznaje nezavisnost Slovenije i Hrvatske, a priznanje Bosne i Hercegovine uslovljava odr\u017eavanjem referenduma o nezavisnosti (odluka Badinterove komisije EZ).<\/p>\n<p>Referendum je odr\u017ean 29. februara i 1. marta 1992. godine. Odazvalo se oko 64 posto gra\u0111ana, od \u010dega je 99 posto glasalo za nezavisnu BiH. Na temelju toga, Bosna i Hercegovina je donijela Deklaraciju o nezavisnosti i uslijedila su me\u0111unarodna priznanja i prijem BiH u Ujedinjene nacije 22. maja 1992.<\/p>\n<p>Po objavljivanju rezultata referenduma po\u010dinju prvi napadi srpskih paravojnih grupa na nesrpsko stanovni\u0161tvo, a nakon \u0161to je Evropska zajednica priznala nezavisnost BiH 6. aprila 1992, JNA pokre\u0107e brutalnu agresiju \u0161irom zemlje. Izetbegovi\u0107 je tada imao 67 godina, nalazio se pred novim velikim izazovima i najburnijim \u017eivotnim periodom.<\/p>\n<p>Tokom \u010detverogodi\u0161njeg rata, Izetbegovi\u0107 je i sam bio u stalnoj \u017eivotnoj opasnosti. Zgrada Predsjedni\u0161tva, gdje je uredno dolazio na posao svaki dan, bila je granatirana cijelo vrijeme opsade Sarajeva. Izetbegovi\u0107 je \u010desto izlazio na slobodne teritorije i obilazio jedinice Armije RBiH \u0161irom zemlje. Armija Bosne i Hercegovine je, pod dirigentskom palicom Alije Izetbegovi\u0107a, nastala iz Patriotske lige i Teritorijalne odbrane kao odbrambena i oslobodila\u010dka vojska respektabilne snage i vojnih uspjeha pod najte\u017eim ratnim okolnostima.<\/p>\n<p>Kao predsjednik Predsjedni\u0161tva RBiH, nosio je teret i odgovornost vrhovnog komandanta oru\u017eanih snaga svoje zemlje. Insistirao je na po\u0161tivanju me\u0111unarodnih konvencija i ratnog prava, i posebno na za\u0161titi civilnog stanovni\u0161tva i kulturnih i vjerskih objekata, a suprotstavljao se, \u010dak i u te\u0161kim ratnim uslovima, bilo kakvoj cenzuri i ograni\u010davanju prava na mi\u0161ljenje i slobodu govora. Nastavio je u\u010destvovati u pregovorima o miru; uprkos svim vojnim i politi\u010dkim pritiscima i me\u0111unarodnom embargu na uvoz naoru\u017eanja, ostao je dosljedan principu slobode i opredijeljenju za cjelovitu Bosnu i Hercegovinu \u2018u kojoj niko ne\u0107e biti progonjen zbog vjere, nacije i politi\u010dkog uvjerenja\u2019.<\/p>\n<p>Zahvaljuju\u0107i njegovim principijelnim stavovima i hrabrom otporu bosanskih branitelja, Bosna i Hercegovina je stekla prijatelje i podr\u0161ku i na Istoku i na Zapadu.<\/p>\n<p>Rat je okon\u010dan usvajanjem \u201cOkvirnog sporazuma za mir u BiH\u201d u Daytonu (Ohio, SAD) u novembru 1995. godine. Kreator Sporazuma, ameri\u010dki diplomata Richard Holbrooke rekao je da Bosna i Hercegovina ne bi opstala da nije bilo Alije Izetbegovi\u0107a. Taj Sporazum Izetbegovi\u0107 je potpisao svjestan me\u0111unarodnih okolnosti i ravnote\u017ee snaga, njegovih slabosti, ali i prilike za postizanje mira, uz o\u010duvanje suverenosti i teritorijalnog integriteta BiH i mogu\u0107nosti njegovih izmjena i pobolj\u0161anja.<\/p>\n<p>Nakon potpisivanja Sporazuma, Izetbegovi\u0107 je izjavio: \u201cOvo nije pravedan mir, ali je pravedniji od nastavka rata. U situaciji kakva jeste, u svijetu kakav jeste, bolji mir se nije mogao posti\u0107i.\u201d<\/p>\n<p>U okolnostima nepravednog mira i razorene zemlje Izetbegovi\u0107 je, biv\u0161i ponovo dva puta izabran u Predsjedni\u0161tvo BiH, nastavio intenzivno raditi na ubla\u017eavanju posljedica ratnih stradanja i razaranja, na obnavljanju pokidanih odnosa i tokova dru\u0161tvenog \u017eivota, na oporavku politi\u010dkog sistema i djelotvornom funkcioniranju dr\u017eavnih institucija Bosne i Hercegovine. Pri tomu se vodio na\u010delom strpljivosti i metodom poduzimanja malih koraka prema naprijed, svjestan da se velike promjene mogu o\u010dekivati u relativno duljem periodu, \u0161to je kasniji politi\u010dki razvoj i pokazao.<\/p>\n<p>U februaru 1996. godine do\u017eivio je infarkt, oporavio se i nastavio raditi jo\u0161 4 godine. U ljeto 2000. godine po\u010deo je razmi\u0161ljati o povla\u010denju i 15. oktobra te godine se povukao iz Predsjedni\u0161tva BiH i sa pozicije njegova predsjednika. Sumiraju\u0107i svoj \u017eivot zapisao je: \u201eKada bi mi bilo ponu\u0111eno da jo\u0161 jednom \u017eivim, odbio bih. Ali, ako bih se morao ponovo roditi, izabrao bih svoj \u017eivot.\u201c<\/p>\n<p>Svoje politi\u010dke aktivnosti i rad na autobiografskoj knjizi Sje\u0107anja nastavio je u SDA. Pomagao je u rje\u0161avanju otvorenih pitanja unutarnjih odnosa i me\u0111unarodnog polo\u017eaja Bosne i Hercegovine djeluju\u0107i snagom politi\u010dkog autoriteta i naj\u0161ireg me\u0111unarodnog ugleda koji je u\u017eivao. Bio je po\u0161tovani sudionik epohe, nosilac visokih priznanja sa Istoka i sa Zapada za doprinose demokratiji i pravednijem svijetu. Gotovo svi dr\u017eavnici koji su dolazili u BiH u svoj su protokol nastojali uklju\u010diti posjetu Izetbegovi\u0107u.<\/p>\n<p>U posljednjim danima \u017eivota, u bolnici su ga posjetili mnogobrojni prijatelji, me\u0111u kojima su bili ugledni dr\u017eavnici poput biv\u0161eg ameri\u010dkog predsjednika Billa Clintona i turskog premijera Recepa Tayyipa Erdo\u011fana.<\/p>\n<p>Alija Izetbegovi\u0107 je umro u Sarajevu 19. oktobra 2003. godine.<\/p>\n<p>Bo\u0161njaci svih starosnih dobi, Bosanci i Hercegovci svih vjerskih, etni\u010dkih i strana\u010dkih pripadnosti, kao i po\u0161tovaoci sa svih strana svijeta, iskazali su mu po\u010dast na d\u017eenazi i zavr\u0161nom ispra\u0107aju u najve\u0107em mno\u0161tvu koje se ikad okupilo u Sarajevu i Bosni i Hercegovini.<\/p>\n<p>Sahranjen je, prema vlastitoj \u017eelji, na \u0160ehidskom mezarju Kova\u010di u Sarajevu.<\/p>\n<p>Izvor: Muzej \u2018\u201dAlija Izetbegovi\u0107\u201d<\/p>\n<\/div>\n","protected":false},"excerpt":{"rendered":"<p>Na dana\u0161nji dan 8. augusta 1925. godine ro\u0111en je Alija Izetbegovi\u0107, prvi predsjednik me\u0111unarodno priznate&hellip;<\/p>\n","protected":false},"author":2,"featured_media":151363,"comment_status":"open","ping_status":"closed","sticky":false,"template":"","format":"standard","meta":{"_acf_changed":false,"footnotes":""},"categories":[291],"tags":[550],"acf":[],"yoast_head":"<!-- This site is optimized with the Yoast SEO plugin v23.5 - https:\/\/yoast.com\/wordpress\/plugins\/seo\/ -->\n<title>Prvi predsjednik me\u0111unarodno priznate BiH: Prije 98 godina ro\u0111en je Alija Izetbegovi\u0107 - TuzlaInfo.ba<\/title>\n<meta name=\"robots\" content=\"index, follow, max-snippet:-1, max-image-preview:large, max-video-preview:-1\" \/>\n<link rel=\"canonical\" href=\"https:\/\/tuzlainfo.ba\/index.php\/bosna-i-hercegovina\/item\/213129-prvi-predsjednik-medjunarodno-priznate-bih-prije-98-godina-rodjen-je-alija-izetbegovic\/\" \/>\n<meta property=\"og:locale\" content=\"bs_BA\" \/>\n<meta property=\"og:type\" content=\"article\" \/>\n<meta property=\"og:title\" content=\"Prvi predsjednik me\u0111unarodno priznate BiH: Prije 98 godina ro\u0111en je Alija Izetbegovi\u0107 - TuzlaInfo.ba\" \/>\n<meta property=\"og:description\" content=\"Na dana\u0161nji dan 8. augusta 1925. godine ro\u0111en je Alija Izetbegovi\u0107, prvi predsjednik me\u0111unarodno priznate&hellip;\" \/>\n<meta property=\"og:url\" content=\"https:\/\/tuzlainfo.ba\/index.php\/bosna-i-hercegovina\/item\/213129-prvi-predsjednik-medjunarodno-priznate-bih-prije-98-godina-rodjen-je-alija-izetbegovic\/\" \/>\n<meta property=\"og:site_name\" content=\"TuzlaInfo.ba\" \/>\n<meta property=\"article:publisher\" content=\"https:\/\/www.facebook.com\/tuzlainfo.ba\/\" \/>\n<meta property=\"article:published_time\" content=\"2023-08-08T09:34:33+00:00\" \/>\n<meta property=\"article:modified_time\" content=\"2023-08-08T09:35:27+00:00\" \/>\n<meta property=\"og:image\" content=\"https:\/\/tuzlainfo.ba\/wp-content\/uploads\/2021\/10\/1910_alija-izetbegovic.jpg\" \/>\n\t<meta property=\"og:image:width\" content=\"800\" \/>\n\t<meta property=\"og:image:height\" content=\"492\" \/>\n\t<meta property=\"og:image:type\" content=\"image\/jpeg\" \/>\n<meta name=\"author\" content=\"nedim\" \/>\n<meta name=\"twitter:card\" content=\"summary_large_image\" \/>\n<meta name=\"twitter:label1\" content=\"Written by\" \/>\n\t<meta name=\"twitter:data1\" content=\"nedim\" \/>\n\t<meta name=\"twitter:label2\" content=\"Est. reading time\" \/>\n\t<meta name=\"twitter:data2\" content=\"12 minuta\" \/>\n<script type=\"application\/ld+json\" class=\"yoast-schema-graph\">{\"@context\":\"https:\/\/schema.org\",\"@graph\":[{\"@type\":\"Article\",\"@id\":\"https:\/\/tuzlainfo.ba\/index.php\/bosna-i-hercegovina\/item\/213129-prvi-predsjednik-medjunarodno-priznate-bih-prije-98-godina-rodjen-je-alija-izetbegovic\/#article\",\"isPartOf\":{\"@id\":\"https:\/\/tuzlainfo.ba\/index.php\/bosna-i-hercegovina\/item\/213129-prvi-predsjednik-medjunarodno-priznate-bih-prije-98-godina-rodjen-je-alija-izetbegovic\/\"},\"author\":{\"name\":\"nedim\",\"@id\":\"https:\/\/tuzlainfo.ba\/#\/schema\/person\/f434e20dc27ea133923aab08451b7f7f\"},\"headline\":\"Prvi predsjednik me\u0111unarodno priznate BiH: Prije 98 godina ro\u0111en je Alija Izetbegovi\u0107\",\"datePublished\":\"2023-08-08T09:34:33+00:00\",\"dateModified\":\"2023-08-08T09:35:27+00:00\",\"mainEntityOfPage\":{\"@id\":\"https:\/\/tuzlainfo.ba\/index.php\/bosna-i-hercegovina\/item\/213129-prvi-predsjednik-medjunarodno-priznate-bih-prije-98-godina-rodjen-je-alija-izetbegovic\/\"},\"wordCount\":2454,\"commentCount\":0,\"publisher\":{\"@id\":\"https:\/\/tuzlainfo.ba\/#organization\"},\"image\":{\"@id\":\"https:\/\/tuzlainfo.ba\/index.php\/bosna-i-hercegovina\/item\/213129-prvi-predsjednik-medjunarodno-priznate-bih-prije-98-godina-rodjen-je-alija-izetbegovic\/#primaryimage\"},\"thumbnailUrl\":\"https:\/\/tuzlainfo.ba\/wp-content\/uploads\/2021\/10\/1910_alija-izetbegovic.jpg\",\"keywords\":[\"alija izetbegovi\u0107\"],\"articleSection\":[\"Bosna i Hercegovina\"],\"inLanguage\":\"bs-BA\"},{\"@type\":\"WebPage\",\"@id\":\"https:\/\/tuzlainfo.ba\/index.php\/bosna-i-hercegovina\/item\/213129-prvi-predsjednik-medjunarodno-priznate-bih-prije-98-godina-rodjen-je-alija-izetbegovic\/\",\"url\":\"https:\/\/tuzlainfo.ba\/index.php\/bosna-i-hercegovina\/item\/213129-prvi-predsjednik-medjunarodno-priznate-bih-prije-98-godina-rodjen-je-alija-izetbegovic\/\",\"name\":\"Prvi predsjednik me\u0111unarodno priznate BiH: Prije 98 godina ro\u0111en je Alija Izetbegovi\u0107 - TuzlaInfo.ba\",\"isPartOf\":{\"@id\":\"https:\/\/tuzlainfo.ba\/#website\"},\"primaryImageOfPage\":{\"@id\":\"https:\/\/tuzlainfo.ba\/index.php\/bosna-i-hercegovina\/item\/213129-prvi-predsjednik-medjunarodno-priznate-bih-prije-98-godina-rodjen-je-alija-izetbegovic\/#primaryimage\"},\"image\":{\"@id\":\"https:\/\/tuzlainfo.ba\/index.php\/bosna-i-hercegovina\/item\/213129-prvi-predsjednik-medjunarodno-priznate-bih-prije-98-godina-rodjen-je-alija-izetbegovic\/#primaryimage\"},\"thumbnailUrl\":\"https:\/\/tuzlainfo.ba\/wp-content\/uploads\/2021\/10\/1910_alija-izetbegovic.jpg\",\"datePublished\":\"2023-08-08T09:34:33+00:00\",\"dateModified\":\"2023-08-08T09:35:27+00:00\",\"breadcrumb\":{\"@id\":\"https:\/\/tuzlainfo.ba\/index.php\/bosna-i-hercegovina\/item\/213129-prvi-predsjednik-medjunarodno-priznate-bih-prije-98-godina-rodjen-je-alija-izetbegovic\/#breadcrumb\"},\"inLanguage\":\"bs-BA\",\"potentialAction\":[{\"@type\":\"ReadAction\",\"target\":[\"https:\/\/tuzlainfo.ba\/index.php\/bosna-i-hercegovina\/item\/213129-prvi-predsjednik-medjunarodno-priznate-bih-prije-98-godina-rodjen-je-alija-izetbegovic\/\"]}]},{\"@type\":\"ImageObject\",\"inLanguage\":\"bs-BA\",\"@id\":\"https:\/\/tuzlainfo.ba\/index.php\/bosna-i-hercegovina\/item\/213129-prvi-predsjednik-medjunarodno-priznate-bih-prije-98-godina-rodjen-je-alija-izetbegovic\/#primaryimage\",\"url\":\"https:\/\/tuzlainfo.ba\/wp-content\/uploads\/2021\/10\/1910_alija-izetbegovic.jpg\",\"contentUrl\":\"https:\/\/tuzlainfo.ba\/wp-content\/uploads\/2021\/10\/1910_alija-izetbegovic.jpg\",\"width\":800,\"height\":492},{\"@type\":\"BreadcrumbList\",\"@id\":\"https:\/\/tuzlainfo.ba\/index.php\/bosna-i-hercegovina\/item\/213129-prvi-predsjednik-medjunarodno-priznate-bih-prije-98-godina-rodjen-je-alija-izetbegovic\/#breadcrumb\",\"itemListElement\":[{\"@type\":\"ListItem\",\"position\":1,\"name\":\"Home\",\"item\":\"https:\/\/tuzlainfo.ba\/\"},{\"@type\":\"ListItem\",\"position\":2,\"name\":\"Prvi predsjednik me\u0111unarodno priznate BiH: Prije 98 godina ro\u0111en je Alija Izetbegovi\u0107\"}]},{\"@type\":\"WebSite\",\"@id\":\"https:\/\/tuzlainfo.ba\/#website\",\"url\":\"https:\/\/tuzlainfo.ba\/\",\"name\":\"TuzlaInfo.ba\",\"description\":\"Tuzla info, gradski informator - Tuzla na dlanu\",\"publisher\":{\"@id\":\"https:\/\/tuzlainfo.ba\/#organization\"},\"potentialAction\":[{\"@type\":\"SearchAction\",\"target\":{\"@type\":\"EntryPoint\",\"urlTemplate\":\"https:\/\/tuzlainfo.ba\/?s={search_term_string}\"},\"query-input\":{\"@type\":\"PropertyValueSpecification\",\"valueRequired\":true,\"valueName\":\"search_term_string\"}}],\"inLanguage\":\"bs-BA\"},{\"@type\":\"Organization\",\"@id\":\"https:\/\/tuzlainfo.ba\/#organization\",\"name\":\"TuzlaInfo.ba\",\"url\":\"https:\/\/tuzlainfo.ba\/\",\"logo\":{\"@type\":\"ImageObject\",\"inLanguage\":\"bs-BA\",\"@id\":\"https:\/\/tuzlainfo.ba\/#\/schema\/logo\/image\/\",\"url\":\"https:\/\/tuzlainfo.ba\/wp-content\/uploads\/2021\/03\/logo-ver-3-1.png\",\"contentUrl\":\"https:\/\/tuzlainfo.ba\/wp-content\/uploads\/2021\/03\/logo-ver-3-1.png\",\"width\":350,\"height\":95,\"caption\":\"TuzlaInfo.ba\"},\"image\":{\"@id\":\"https:\/\/tuzlainfo.ba\/#\/schema\/logo\/image\/\"},\"sameAs\":[\"https:\/\/www.facebook.com\/tuzlainfo.ba\/\"]},{\"@type\":\"Person\",\"@id\":\"https:\/\/tuzlainfo.ba\/#\/schema\/person\/f434e20dc27ea133923aab08451b7f7f\",\"name\":\"nedim\",\"image\":{\"@type\":\"ImageObject\",\"inLanguage\":\"bs-BA\",\"@id\":\"https:\/\/tuzlainfo.ba\/#\/schema\/person\/image\/\",\"url\":\"https:\/\/tuzlainfo.ba\/wp-content\/litespeed\/avatar\/aabad687af24844af817603ac1cbdc4f.jpg?ver=1776702173\",\"contentUrl\":\"https:\/\/tuzlainfo.ba\/wp-content\/litespeed\/avatar\/aabad687af24844af817603ac1cbdc4f.jpg?ver=1776702173\",\"caption\":\"nedim\"},\"description\":\"Tuzlainfo.ba pratite na dru\u0161tvenim mre\u017eama: Facebook, Instagram i Youtube. Svoje pri\u010de, upite i fotografije \u0161aljite na na\u0161u e-mail adresu.\"}]}<\/script>\n<!-- \/ Yoast SEO plugin. -->","yoast_head_json":{"title":"Prvi predsjednik me\u0111unarodno priznate BiH: Prije 98 godina ro\u0111en je Alija Izetbegovi\u0107 - TuzlaInfo.ba","robots":{"index":"index","follow":"follow","max-snippet":"max-snippet:-1","max-image-preview":"max-image-preview:large","max-video-preview":"max-video-preview:-1"},"canonical":"https:\/\/tuzlainfo.ba\/index.php\/bosna-i-hercegovina\/item\/213129-prvi-predsjednik-medjunarodno-priznate-bih-prije-98-godina-rodjen-je-alija-izetbegovic\/","og_locale":"bs_BA","og_type":"article","og_title":"Prvi predsjednik me\u0111unarodno priznate BiH: Prije 98 godina ro\u0111en je Alija Izetbegovi\u0107 - TuzlaInfo.ba","og_description":"Na dana\u0161nji dan 8. augusta 1925. godine ro\u0111en je Alija Izetbegovi\u0107, prvi predsjednik me\u0111unarodno priznate&hellip;","og_url":"https:\/\/tuzlainfo.ba\/index.php\/bosna-i-hercegovina\/item\/213129-prvi-predsjednik-medjunarodno-priznate-bih-prije-98-godina-rodjen-je-alija-izetbegovic\/","og_site_name":"TuzlaInfo.ba","article_publisher":"https:\/\/www.facebook.com\/tuzlainfo.ba\/","article_published_time":"2023-08-08T09:34:33+00:00","article_modified_time":"2023-08-08T09:35:27+00:00","og_image":[{"width":800,"height":492,"url":"https:\/\/tuzlainfo.ba\/wp-content\/uploads\/2021\/10\/1910_alija-izetbegovic.jpg","type":"image\/jpeg"}],"author":"nedim","twitter_card":"summary_large_image","twitter_misc":{"Written by":"nedim","Est. reading time":"12 minuta"},"schema":{"@context":"https:\/\/schema.org","@graph":[{"@type":"Article","@id":"https:\/\/tuzlainfo.ba\/index.php\/bosna-i-hercegovina\/item\/213129-prvi-predsjednik-medjunarodno-priznate-bih-prije-98-godina-rodjen-je-alija-izetbegovic\/#article","isPartOf":{"@id":"https:\/\/tuzlainfo.ba\/index.php\/bosna-i-hercegovina\/item\/213129-prvi-predsjednik-medjunarodno-priznate-bih-prije-98-godina-rodjen-je-alija-izetbegovic\/"},"author":{"name":"nedim","@id":"https:\/\/tuzlainfo.ba\/#\/schema\/person\/f434e20dc27ea133923aab08451b7f7f"},"headline":"Prvi predsjednik me\u0111unarodno priznate BiH: Prije 98 godina ro\u0111en je Alija Izetbegovi\u0107","datePublished":"2023-08-08T09:34:33+00:00","dateModified":"2023-08-08T09:35:27+00:00","mainEntityOfPage":{"@id":"https:\/\/tuzlainfo.ba\/index.php\/bosna-i-hercegovina\/item\/213129-prvi-predsjednik-medjunarodno-priznate-bih-prije-98-godina-rodjen-je-alija-izetbegovic\/"},"wordCount":2454,"commentCount":0,"publisher":{"@id":"https:\/\/tuzlainfo.ba\/#organization"},"image":{"@id":"https:\/\/tuzlainfo.ba\/index.php\/bosna-i-hercegovina\/item\/213129-prvi-predsjednik-medjunarodno-priznate-bih-prije-98-godina-rodjen-je-alija-izetbegovic\/#primaryimage"},"thumbnailUrl":"https:\/\/tuzlainfo.ba\/wp-content\/uploads\/2021\/10\/1910_alija-izetbegovic.jpg","keywords":["alija izetbegovi\u0107"],"articleSection":["Bosna i Hercegovina"],"inLanguage":"bs-BA"},{"@type":"WebPage","@id":"https:\/\/tuzlainfo.ba\/index.php\/bosna-i-hercegovina\/item\/213129-prvi-predsjednik-medjunarodno-priznate-bih-prije-98-godina-rodjen-je-alija-izetbegovic\/","url":"https:\/\/tuzlainfo.ba\/index.php\/bosna-i-hercegovina\/item\/213129-prvi-predsjednik-medjunarodno-priznate-bih-prije-98-godina-rodjen-je-alija-izetbegovic\/","name":"Prvi predsjednik me\u0111unarodno priznate BiH: Prije 98 godina ro\u0111en je Alija Izetbegovi\u0107 - TuzlaInfo.ba","isPartOf":{"@id":"https:\/\/tuzlainfo.ba\/#website"},"primaryImageOfPage":{"@id":"https:\/\/tuzlainfo.ba\/index.php\/bosna-i-hercegovina\/item\/213129-prvi-predsjednik-medjunarodno-priznate-bih-prije-98-godina-rodjen-je-alija-izetbegovic\/#primaryimage"},"image":{"@id":"https:\/\/tuzlainfo.ba\/index.php\/bosna-i-hercegovina\/item\/213129-prvi-predsjednik-medjunarodno-priznate-bih-prije-98-godina-rodjen-je-alija-izetbegovic\/#primaryimage"},"thumbnailUrl":"https:\/\/tuzlainfo.ba\/wp-content\/uploads\/2021\/10\/1910_alija-izetbegovic.jpg","datePublished":"2023-08-08T09:34:33+00:00","dateModified":"2023-08-08T09:35:27+00:00","breadcrumb":{"@id":"https:\/\/tuzlainfo.ba\/index.php\/bosna-i-hercegovina\/item\/213129-prvi-predsjednik-medjunarodno-priznate-bih-prije-98-godina-rodjen-je-alija-izetbegovic\/#breadcrumb"},"inLanguage":"bs-BA","potentialAction":[{"@type":"ReadAction","target":["https:\/\/tuzlainfo.ba\/index.php\/bosna-i-hercegovina\/item\/213129-prvi-predsjednik-medjunarodno-priznate-bih-prije-98-godina-rodjen-je-alija-izetbegovic\/"]}]},{"@type":"ImageObject","inLanguage":"bs-BA","@id":"https:\/\/tuzlainfo.ba\/index.php\/bosna-i-hercegovina\/item\/213129-prvi-predsjednik-medjunarodno-priznate-bih-prije-98-godina-rodjen-je-alija-izetbegovic\/#primaryimage","url":"https:\/\/tuzlainfo.ba\/wp-content\/uploads\/2021\/10\/1910_alija-izetbegovic.jpg","contentUrl":"https:\/\/tuzlainfo.ba\/wp-content\/uploads\/2021\/10\/1910_alija-izetbegovic.jpg","width":800,"height":492},{"@type":"BreadcrumbList","@id":"https:\/\/tuzlainfo.ba\/index.php\/bosna-i-hercegovina\/item\/213129-prvi-predsjednik-medjunarodno-priznate-bih-prije-98-godina-rodjen-je-alija-izetbegovic\/#breadcrumb","itemListElement":[{"@type":"ListItem","position":1,"name":"Home","item":"https:\/\/tuzlainfo.ba\/"},{"@type":"ListItem","position":2,"name":"Prvi predsjednik me\u0111unarodno priznate BiH: Prije 98 godina ro\u0111en je Alija Izetbegovi\u0107"}]},{"@type":"WebSite","@id":"https:\/\/tuzlainfo.ba\/#website","url":"https:\/\/tuzlainfo.ba\/","name":"TuzlaInfo.ba","description":"Tuzla info, gradski informator - Tuzla na dlanu","publisher":{"@id":"https:\/\/tuzlainfo.ba\/#organization"},"potentialAction":[{"@type":"SearchAction","target":{"@type":"EntryPoint","urlTemplate":"https:\/\/tuzlainfo.ba\/?s={search_term_string}"},"query-input":{"@type":"PropertyValueSpecification","valueRequired":true,"valueName":"search_term_string"}}],"inLanguage":"bs-BA"},{"@type":"Organization","@id":"https:\/\/tuzlainfo.ba\/#organization","name":"TuzlaInfo.ba","url":"https:\/\/tuzlainfo.ba\/","logo":{"@type":"ImageObject","inLanguage":"bs-BA","@id":"https:\/\/tuzlainfo.ba\/#\/schema\/logo\/image\/","url":"https:\/\/tuzlainfo.ba\/wp-content\/uploads\/2021\/03\/logo-ver-3-1.png","contentUrl":"https:\/\/tuzlainfo.ba\/wp-content\/uploads\/2021\/03\/logo-ver-3-1.png","width":350,"height":95,"caption":"TuzlaInfo.ba"},"image":{"@id":"https:\/\/tuzlainfo.ba\/#\/schema\/logo\/image\/"},"sameAs":["https:\/\/www.facebook.com\/tuzlainfo.ba\/"]},{"@type":"Person","@id":"https:\/\/tuzlainfo.ba\/#\/schema\/person\/f434e20dc27ea133923aab08451b7f7f","name":"nedim","image":{"@type":"ImageObject","inLanguage":"bs-BA","@id":"https:\/\/tuzlainfo.ba\/#\/schema\/person\/image\/","url":"https:\/\/tuzlainfo.ba\/wp-content\/litespeed\/avatar\/aabad687af24844af817603ac1cbdc4f.jpg?ver=1776702173","contentUrl":"https:\/\/tuzlainfo.ba\/wp-content\/litespeed\/avatar\/aabad687af24844af817603ac1cbdc4f.jpg?ver=1776702173","caption":"nedim"},"description":"Tuzlainfo.ba pratite na dru\u0161tvenim mre\u017eama: Facebook, Instagram i Youtube. Svoje pri\u010de, upite i fotografije \u0161aljite na na\u0161u e-mail adresu."}]}},"_links":{"self":[{"href":"https:\/\/tuzlainfo.ba\/index.php\/wp-json\/wp\/v2\/posts\/213129"}],"collection":[{"href":"https:\/\/tuzlainfo.ba\/index.php\/wp-json\/wp\/v2\/posts"}],"about":[{"href":"https:\/\/tuzlainfo.ba\/index.php\/wp-json\/wp\/v2\/types\/post"}],"author":[{"embeddable":true,"href":"https:\/\/tuzlainfo.ba\/index.php\/wp-json\/wp\/v2\/users\/2"}],"replies":[{"embeddable":true,"href":"https:\/\/tuzlainfo.ba\/index.php\/wp-json\/wp\/v2\/comments?post=213129"}],"version-history":[{"count":0,"href":"https:\/\/tuzlainfo.ba\/index.php\/wp-json\/wp\/v2\/posts\/213129\/revisions"}],"wp:featuredmedia":[{"embeddable":true,"href":"https:\/\/tuzlainfo.ba\/index.php\/wp-json\/wp\/v2\/media\/151363"}],"wp:attachment":[{"href":"https:\/\/tuzlainfo.ba\/index.php\/wp-json\/wp\/v2\/media?parent=213129"}],"wp:term":[{"taxonomy":"category","embeddable":true,"href":"https:\/\/tuzlainfo.ba\/index.php\/wp-json\/wp\/v2\/categories?post=213129"},{"taxonomy":"post_tag","embeddable":true,"href":"https:\/\/tuzlainfo.ba\/index.php\/wp-json\/wp\/v2\/tags?post=213129"}],"curies":[{"name":"wp","href":"https:\/\/api.w.org\/{rel}","templated":true}]}}