{"id":213112,"date":"2023-08-08T09:04:28","date_gmt":"2023-08-08T07:04:28","guid":{"rendered":"https:\/\/tuzlainfo.ba\/?p=213112"},"modified":"2023-08-08T09:04:28","modified_gmt":"2023-08-08T07:04:28","slug":"kriminal-u-uio-bih-ukrali-carinu-za-vise-od-5-000-vozila","status":"publish","type":"post","link":"https:\/\/tuzlainfo.ba\/index.php\/bosna-i-hercegovina\/item\/213112-kriminal-u-uio-bih-ukrali-carinu-za-vise-od-5-000-vozila\/","title":{"rendered":"Kriminal u UIO BiH: Ukrali carinu za vi\u0161e od 5.000 vozila"},"content":{"rendered":"<p>U BiH je za posljednjih deset godina vi\u0161e od 5.000 uvezenih automobila nezakonito oslobo\u0111eno pla\u0107anja carine na osnovu izjave o porijeklu izdate od strane dvije firme iz Holandije \u010dime je bud\u017eet BiH o\u0161te\u0107en za vi\u0161emilionski iznos,<a href=\"https:\/\/www.capital.ba\/afera-u-uio-bih-ukrali-carinu-za-vise-od-5-000-vozila\/\">\u00a0 otkriva CAPITAL<\/a>.<\/p>\n<p>Prema zvani\u010dnim podacima Uprave za indirektno oporezivanje BiH, najvi\u0161e spornih automobila, \u010dak 4.641 uvezeno je preko firme \u201cExit auto\u2019s\u201d, a jo\u0161 716 preko firme \u201cAuto Export Nederland\u201d iz Holandije.<\/p>\n<p>\u201cU predmetnom vremenskom periodu na osnovu izjave o porijeklu od strane izvoznika Exit auto\u2019s uvezeno je 55.462 polovnih vozila. U istom periodu za \u201cExit Auto\u2019s\u201d upu\u0107en je 4.881 zahtjev za naknadnu provjeru dokaza o porijeklu, a zaprimljeno je ukupno 4.641 rezultata za koje nije potvr\u0111eno preferencijalno porijeklo\u201d, navodi se u odgovoru UIO na pitanja CAPITAL-a. Pored firme \u201cExit auto\u2019s\u201d, navodi se dalje, upu\u0107eno je 836 zahtjeva za naknadnu provjeru dokaza o porijeklu za vozila uvezena preko firme \u201cAuto Export Nederland\u201d i zaprimljeno 716 rezultata za koje nije potvr\u0111eno preferencijalno porijeklo.<\/p>\n<p>\u201cU svim slu\u010dajevima kad rezultat naknadne provjere o porijeklu robe bude negativan, odnosno kad ne postoji dokaza o porijeklu, UIO pokre\u0107e upravni postupak naknadne naplate uvoznih da\u017ebina\u201d, navodi se u odgovoru UIO.<\/p>\n<p>Dugogodi\u0161nji carinik ka\u017ee za CAPITAL da bi sva vozila za koja nije potvr\u0111eno preferencijalno porijeklo trebala da budu zaplijenjena i ocarinjena u redovnom carinskom postupku.<\/p>\n<p>On obja\u0161njava da su pomenute firme iz Holandije izdavale la\u017ene potvrde da su vozila porijeklom iz EU, kako bi bila oslobo\u0111ena pla\u0107anja carine u visini od 15 odsto.<\/p>\n<p>\u201cRanije su carinske slu\u017ebe zemalja EU izdavale \u201cEUR 1\u201d obrazac kojim je potvr\u0111ivano da su auta porijeklom iz EU, odnosno da nisu proizvedena u fabrikama koje su izvan EU. Za vozila uz koja se prilikom uvoza u BiH prilo\u017ei \u201cEUR 1\u2033 obrazac pla\u0107a se carina od jedan odsto, a ako nema taj obrazac onda se pla\u0107a 15 odsto\u201d, obja\u0161njava sagovornik koji je insistirao na anonimnosti.<\/p>\n<p>On dalje ka\u017ee da su carinske slu\u017ebe zemalja EU prestale da izdaju \u201cEUR 1\u201d obrazac zato \u0161to im je pribavljanje izjave od proizvo\u0111a\u010da da je vozilo proizvedeno u EU, a u nekoj fabrici izvan EU iziskivalo dodatni posao od koga su\u0161tinski nisu imali apsolutno ni\u0161ta.<\/p>\n<p>\u201cUmjesto obrasca \u201cEUR 1\u201d, omogu\u0107eno je da firme u EU koje ispune odre\u0111ene uslove mogu na svojim fakturama da izdaju izjave o porijeklu. Ta izjava ima istu snagu kao \u201cEUR 1\u2033 obrazac i na osnovu nje se vozila prilikom uvoza u BiH osloba\u0111aju carine, odnosno na njih se pla\u0107a carina u visini od jedan odsto od procijenjene ili fakturisane vrijednosti vozila\u201d, precizira sagovornik.<\/p>\n<p>Ako prosje\u010dna vrijednost uvezenog vozila za koje je utvr\u0111eno da nije porijeklom iz EU iznosi 5.000 eura ili 10.000 KM, obja\u0161njava on, to zna\u010di da izbjegnuto pla\u0107anje carine od 15 odsto ili 1.500 KM po autu.<\/p>\n<p>\u201cLako je izra\u010dunati da je samo time BiH o\u0161te\u0107ena za 7,5 miliona KM, a kada se tome dodao uobi\u010dajeno umanjenje vrijednosti vozila na fakturi radi smanjenja carinske osnovice, onda je jasno da je \u0161teta sigurno ve\u0107a od deset miliona KM. Pri tome ne ra\u010dunam \u0161tetu koja je na\u010dinjena holandskim poreskim organima, jer je ve\u0107ina vozila u BiH izvo\u017eena po nabavnoj cijeni, \u010dime je izbjegnuto pla\u0107anje poreza u Holandiji\u201d, ka\u017ee na\u0161 izvor.<\/p>\n<p>Prema njegovim rije\u010dima, postoje ozbiljne indicije da iza firmi kao \u0161to su \u201cExit auto\u2019s\u201d i \u201cAuto Export Nederland\u201d stoje mo\u0107ni pojedinci koji su u vezi sa odgovornim ljudima u UIO i koji dijele prihod dobijen od izjava o porijeklu koje izdaju te firme.<\/p>\n<p>On isti\u010de da se pla\u0107a otprilike sto eura po izjavi, \u0161to kako ka\u017ee, najbolje svjedo\u010di koliko unosnom poslu se radi.<\/p>\n<p>\u201cPo\u0161to zvani\u010dni podaci ka\u017eu da je preko \u201cExit auto\u2019s\u201d u BiH uvezeno 55.462 polovnih vozila, to zna\u010di da je ta firma za izjave o porijeklu naplatila preko 5,5 miliona eura. Sve je to oti\u0161lo u d\u017eepove vlasnika te firme i onih koji stoje iza njega\u201d, tvrdi na\u0161 izvor.<\/p>\n<p>\u201cEUR 1\u201d obrazac i izjava o porijeklu prakti\u010dno su nepotrebni i posjedovanje tih dokumenata kao dokaza o porijeklu vozila izmi\u0161ljeni su samo da se uzmu pare od gra\u0111ana koji kupuju automobile.<\/p>\n<p>\u201cNa osnovu serijskog broja vozila, automatski se mo\u017ee utvrditi gdje je to vozilo proizvedeno. To se mo\u017ee utvrditi prilikom obavezne homologacije vozila, tako da nisu potrebni nikakvi dodatni obrasci, ni izjave o porijeklu. Ali kako bi se onda uzeli milioni maraka iz d\u017eepova gra\u0111ana\u201d, obja\u0161njava sagovornik.<\/p>\n<p>Zvani\u010dni podaci o broju uvezenih vozila iz Holandije pokazuju da je uvoz iz te zemlje do\u017eivio ekspanziju u posljednjih pet godina.<\/p>\n<p>\u201cU periodu od po\u010detka 2013. do kraja 2022. godine uvezeno je ukupno 536.732 polovnih automobila. Od tog broja iz Holandije su uvezena 134.443 automobila, a od toga broja u posljednjih pet godina uvezeno je \u010dak 110.486 vozila\u201d, navodi se u odgovoru UIO.<\/p>\n<p>Kada je rije\u010d o procentima, precizira se dalje, do 2018. godine procenat vozila uvezenih iz Holandije kretao se izme\u0111u pet i deset odsto, da bi u posljednih pet godina do\u017eivio rapidan skok.<\/p>\n<p>\u201cNajvi\u0161e vozila iz Holandije uvezeno je u protekle tri godine. Od ukupno 128.206 vozila iz Holandije je uvezeno \u010dak 74.904 vozila ili skoro 60 odsto\u201d, pokazuju podaci UIO.<\/p>\n<p>Prema tvrdnjama na\u0161eg sagovornika, \u010dinjenica da je toliko pove\u0107an uvoz vozila preko Holandije povezana je sa favorizovanjem firme \u201cExit auto\u2019s\u201d od strane nadle\u017enih u UIO BiH.<\/p>\n<p>Iz Dr\u017eavne agencije za istrage i za\u0161titu BiH (SIPA) odbili su konkretan odgovor na pitanja da li njihovi inspektori po nalogu Tu\u017eila\u0161tva BiH vode istragu o uvozu vozila u BiH sa akcentom na vozila uvezena iz Holandije.<\/p>\n<p>\u201cSIPA ne mo\u017ee eventualno postojanje ili nepostojanje operativno-istra\u017enih podataka dostavljati izvan Agencije, osim nadle\u017enim organima\u201d, navedeno je u odgovoru.<\/p>\n<p>&nbsp;<\/p>\n","protected":false},"excerpt":{"rendered":"<p>U BiH je za posljednjih deset godina vi\u0161e od 5.000 uvezenih automobila nezakonito oslobo\u0111eno pla\u0107anja&hellip;<\/p>\n","protected":false},"author":3,"featured_media":201520,"comment_status":"open","ping_status":"closed","sticky":false,"template":"","format":"standard","meta":{"_acf_changed":false,"footnotes":""},"categories":[291],"tags":[377,7873],"acf":[],"yoast_head":"<!-- This site is optimized with the Yoast SEO plugin v23.5 - https:\/\/yoast.com\/wordpress\/plugins\/seo\/ -->\n<title>Kriminal u UIO BiH: Ukrali carinu za vi\u0161e od 5.000 vozila - TuzlaInfo.ba<\/title>\n<meta name=\"robots\" content=\"index, follow, max-snippet:-1, max-image-preview:large, max-video-preview:-1\" \/>\n<link rel=\"canonical\" href=\"https:\/\/tuzlainfo.ba\/index.php\/bosna-i-hercegovina\/item\/213112-kriminal-u-uio-bih-ukrali-carinu-za-vise-od-5-000-vozila\/\" \/>\n<meta property=\"og:locale\" content=\"bs_BA\" \/>\n<meta property=\"og:type\" content=\"article\" \/>\n<meta property=\"og:title\" content=\"Kriminal u UIO BiH: Ukrali carinu za vi\u0161e od 5.000 vozila - TuzlaInfo.ba\" \/>\n<meta property=\"og:description\" content=\"U BiH je za posljednjih deset godina vi\u0161e od 5.000 uvezenih automobila nezakonito oslobo\u0111eno pla\u0107anja&hellip;\" \/>\n<meta property=\"og:url\" content=\"https:\/\/tuzlainfo.ba\/index.php\/bosna-i-hercegovina\/item\/213112-kriminal-u-uio-bih-ukrali-carinu-za-vise-od-5-000-vozila\/\" \/>\n<meta property=\"og:site_name\" content=\"TuzlaInfo.ba\" \/>\n<meta property=\"article:publisher\" content=\"https:\/\/www.facebook.com\/tuzlainfo.ba\/\" \/>\n<meta property=\"article:published_time\" content=\"2023-08-08T07:04:28+00:00\" \/>\n<meta property=\"og:image\" content=\"https:\/\/tuzlainfo.ba\/wp-content\/uploads\/2023\/04\/juznamagistrala_saobracaj_automobili_svjetla.jpg\" \/>\n\t<meta property=\"og:image:width\" content=\"971\" \/>\n\t<meta property=\"og:image:height\" content=\"556\" \/>\n\t<meta property=\"og:image:type\" content=\"image\/jpeg\" \/>\n<meta name=\"author\" content=\"admin2\" \/>\n<meta name=\"twitter:card\" content=\"summary_large_image\" \/>\n<meta name=\"twitter:label1\" content=\"Written by\" \/>\n\t<meta name=\"twitter:data1\" content=\"admin2\" \/>\n\t<meta name=\"twitter:label2\" content=\"Est. reading time\" \/>\n\t<meta name=\"twitter:data2\" content=\"5 minuta\" \/>\n<script type=\"application\/ld+json\" class=\"yoast-schema-graph\">{\"@context\":\"https:\/\/schema.org\",\"@graph\":[{\"@type\":\"Article\",\"@id\":\"https:\/\/tuzlainfo.ba\/index.php\/bosna-i-hercegovina\/item\/213112-kriminal-u-uio-bih-ukrali-carinu-za-vise-od-5-000-vozila\/#article\",\"isPartOf\":{\"@id\":\"https:\/\/tuzlainfo.ba\/index.php\/bosna-i-hercegovina\/item\/213112-kriminal-u-uio-bih-ukrali-carinu-za-vise-od-5-000-vozila\/\"},\"author\":{\"name\":\"admin2\",\"@id\":\"https:\/\/tuzlainfo.ba\/#\/schema\/person\/f4ebe4fff27e68efb65fa7e18f8af372\"},\"headline\":\"Kriminal u UIO BiH: Ukrali carinu za vi\u0161e od 5.000 vozila\",\"datePublished\":\"2023-08-08T07:04:28+00:00\",\"dateModified\":\"2023-08-08T07:04:28+00:00\",\"mainEntityOfPage\":{\"@id\":\"https:\/\/tuzlainfo.ba\/index.php\/bosna-i-hercegovina\/item\/213112-kriminal-u-uio-bih-ukrali-carinu-za-vise-od-5-000-vozila\/\"},\"wordCount\":993,\"commentCount\":0,\"publisher\":{\"@id\":\"https:\/\/tuzlainfo.ba\/#organization\"},\"image\":{\"@id\":\"https:\/\/tuzlainfo.ba\/index.php\/bosna-i-hercegovina\/item\/213112-kriminal-u-uio-bih-ukrali-carinu-za-vise-od-5-000-vozila\/#primaryimage\"},\"thumbnailUrl\":\"https:\/\/tuzlainfo.ba\/wp-content\/uploads\/2023\/04\/juznamagistrala_saobracaj_automobili_svjetla.jpg\",\"keywords\":[\"uio\",\"uvoz automoibla\"],\"articleSection\":[\"Bosna i Hercegovina\"],\"inLanguage\":\"bs-BA\"},{\"@type\":\"WebPage\",\"@id\":\"https:\/\/tuzlainfo.ba\/index.php\/bosna-i-hercegovina\/item\/213112-kriminal-u-uio-bih-ukrali-carinu-za-vise-od-5-000-vozila\/\",\"url\":\"https:\/\/tuzlainfo.ba\/index.php\/bosna-i-hercegovina\/item\/213112-kriminal-u-uio-bih-ukrali-carinu-za-vise-od-5-000-vozila\/\",\"name\":\"Kriminal u UIO BiH: Ukrali carinu za vi\u0161e od 5.000 vozila - TuzlaInfo.ba\",\"isPartOf\":{\"@id\":\"https:\/\/tuzlainfo.ba\/#website\"},\"primaryImageOfPage\":{\"@id\":\"https:\/\/tuzlainfo.ba\/index.php\/bosna-i-hercegovina\/item\/213112-kriminal-u-uio-bih-ukrali-carinu-za-vise-od-5-000-vozila\/#primaryimage\"},\"image\":{\"@id\":\"https:\/\/tuzlainfo.ba\/index.php\/bosna-i-hercegovina\/item\/213112-kriminal-u-uio-bih-ukrali-carinu-za-vise-od-5-000-vozila\/#primaryimage\"},\"thumbnailUrl\":\"https:\/\/tuzlainfo.ba\/wp-content\/uploads\/2023\/04\/juznamagistrala_saobracaj_automobili_svjetla.jpg\",\"datePublished\":\"2023-08-08T07:04:28+00:00\",\"dateModified\":\"2023-08-08T07:04:28+00:00\",\"breadcrumb\":{\"@id\":\"https:\/\/tuzlainfo.ba\/index.php\/bosna-i-hercegovina\/item\/213112-kriminal-u-uio-bih-ukrali-carinu-za-vise-od-5-000-vozila\/#breadcrumb\"},\"inLanguage\":\"bs-BA\",\"potentialAction\":[{\"@type\":\"ReadAction\",\"target\":[\"https:\/\/tuzlainfo.ba\/index.php\/bosna-i-hercegovina\/item\/213112-kriminal-u-uio-bih-ukrali-carinu-za-vise-od-5-000-vozila\/\"]}]},{\"@type\":\"ImageObject\",\"inLanguage\":\"bs-BA\",\"@id\":\"https:\/\/tuzlainfo.ba\/index.php\/bosna-i-hercegovina\/item\/213112-kriminal-u-uio-bih-ukrali-carinu-za-vise-od-5-000-vozila\/#primaryimage\",\"url\":\"https:\/\/tuzlainfo.ba\/wp-content\/uploads\/2023\/04\/juznamagistrala_saobracaj_automobili_svjetla.jpg\",\"contentUrl\":\"https:\/\/tuzlainfo.ba\/wp-content\/uploads\/2023\/04\/juznamagistrala_saobracaj_automobili_svjetla.jpg\",\"width\":971,\"height\":556,\"caption\":\"Foto: Arhiv\/Tuzlainfo.ba\"},{\"@type\":\"BreadcrumbList\",\"@id\":\"https:\/\/tuzlainfo.ba\/index.php\/bosna-i-hercegovina\/item\/213112-kriminal-u-uio-bih-ukrali-carinu-za-vise-od-5-000-vozila\/#breadcrumb\",\"itemListElement\":[{\"@type\":\"ListItem\",\"position\":1,\"name\":\"Home\",\"item\":\"https:\/\/tuzlainfo.ba\/\"},{\"@type\":\"ListItem\",\"position\":2,\"name\":\"Kriminal u UIO BiH: Ukrali carinu za vi\u0161e od 5.000 vozila\"}]},{\"@type\":\"WebSite\",\"@id\":\"https:\/\/tuzlainfo.ba\/#website\",\"url\":\"https:\/\/tuzlainfo.ba\/\",\"name\":\"TuzlaInfo.ba\",\"description\":\"Tuzla info, gradski informator - Tuzla na dlanu\",\"publisher\":{\"@id\":\"https:\/\/tuzlainfo.ba\/#organization\"},\"potentialAction\":[{\"@type\":\"SearchAction\",\"target\":{\"@type\":\"EntryPoint\",\"urlTemplate\":\"https:\/\/tuzlainfo.ba\/?s={search_term_string}\"},\"query-input\":{\"@type\":\"PropertyValueSpecification\",\"valueRequired\":true,\"valueName\":\"search_term_string\"}}],\"inLanguage\":\"bs-BA\"},{\"@type\":\"Organization\",\"@id\":\"https:\/\/tuzlainfo.ba\/#organization\",\"name\":\"TuzlaInfo.ba\",\"url\":\"https:\/\/tuzlainfo.ba\/\",\"logo\":{\"@type\":\"ImageObject\",\"inLanguage\":\"bs-BA\",\"@id\":\"https:\/\/tuzlainfo.ba\/#\/schema\/logo\/image\/\",\"url\":\"https:\/\/tuzlainfo.ba\/wp-content\/uploads\/2021\/03\/logo-ver-3-1.png\",\"contentUrl\":\"https:\/\/tuzlainfo.ba\/wp-content\/uploads\/2021\/03\/logo-ver-3-1.png\",\"width\":350,\"height\":95,\"caption\":\"TuzlaInfo.ba\"},\"image\":{\"@id\":\"https:\/\/tuzlainfo.ba\/#\/schema\/logo\/image\/\"},\"sameAs\":[\"https:\/\/www.facebook.com\/tuzlainfo.ba\/\"]},{\"@type\":\"Person\",\"@id\":\"https:\/\/tuzlainfo.ba\/#\/schema\/person\/f4ebe4fff27e68efb65fa7e18f8af372\",\"name\":\"admin2\",\"image\":{\"@type\":\"ImageObject\",\"inLanguage\":\"bs-BA\",\"@id\":\"https:\/\/tuzlainfo.ba\/#\/schema\/person\/image\/\",\"url\":\"https:\/\/tuzlainfo.ba\/wp-content\/litespeed\/avatar\/8219eeb9a43cff2d096e773737736f62.jpg?ver=1777309398\",\"contentUrl\":\"https:\/\/tuzlainfo.ba\/wp-content\/litespeed\/avatar\/8219eeb9a43cff2d096e773737736f62.jpg?ver=1777309398\",\"caption\":\"admin2\"},\"description\":\"Tuzlainfo.ba pratite na dru\u0161tvenim mre\u017eama: Facebook, Instagram i Youtube. Svoje pri\u010de, upite i fotografije \u0161aljite na na\u0161u e-mail adresu.\",\"sameAs\":[\"admin\"]}]}<\/script>\n<!-- \/ Yoast SEO plugin. -->","yoast_head_json":{"title":"Kriminal u UIO BiH: Ukrali carinu za vi\u0161e od 5.000 vozila - TuzlaInfo.ba","robots":{"index":"index","follow":"follow","max-snippet":"max-snippet:-1","max-image-preview":"max-image-preview:large","max-video-preview":"max-video-preview:-1"},"canonical":"https:\/\/tuzlainfo.ba\/index.php\/bosna-i-hercegovina\/item\/213112-kriminal-u-uio-bih-ukrali-carinu-za-vise-od-5-000-vozila\/","og_locale":"bs_BA","og_type":"article","og_title":"Kriminal u UIO BiH: Ukrali carinu za vi\u0161e od 5.000 vozila - TuzlaInfo.ba","og_description":"U BiH je za posljednjih deset godina vi\u0161e od 5.000 uvezenih automobila nezakonito oslobo\u0111eno pla\u0107anja&hellip;","og_url":"https:\/\/tuzlainfo.ba\/index.php\/bosna-i-hercegovina\/item\/213112-kriminal-u-uio-bih-ukrali-carinu-za-vise-od-5-000-vozila\/","og_site_name":"TuzlaInfo.ba","article_publisher":"https:\/\/www.facebook.com\/tuzlainfo.ba\/","article_published_time":"2023-08-08T07:04:28+00:00","og_image":[{"width":971,"height":556,"url":"https:\/\/tuzlainfo.ba\/wp-content\/uploads\/2023\/04\/juznamagistrala_saobracaj_automobili_svjetla.jpg","type":"image\/jpeg"}],"author":"admin2","twitter_card":"summary_large_image","twitter_misc":{"Written by":"admin2","Est. reading time":"5 minuta"},"schema":{"@context":"https:\/\/schema.org","@graph":[{"@type":"Article","@id":"https:\/\/tuzlainfo.ba\/index.php\/bosna-i-hercegovina\/item\/213112-kriminal-u-uio-bih-ukrali-carinu-za-vise-od-5-000-vozila\/#article","isPartOf":{"@id":"https:\/\/tuzlainfo.ba\/index.php\/bosna-i-hercegovina\/item\/213112-kriminal-u-uio-bih-ukrali-carinu-za-vise-od-5-000-vozila\/"},"author":{"name":"admin2","@id":"https:\/\/tuzlainfo.ba\/#\/schema\/person\/f4ebe4fff27e68efb65fa7e18f8af372"},"headline":"Kriminal u UIO BiH: Ukrali carinu za vi\u0161e od 5.000 vozila","datePublished":"2023-08-08T07:04:28+00:00","dateModified":"2023-08-08T07:04:28+00:00","mainEntityOfPage":{"@id":"https:\/\/tuzlainfo.ba\/index.php\/bosna-i-hercegovina\/item\/213112-kriminal-u-uio-bih-ukrali-carinu-za-vise-od-5-000-vozila\/"},"wordCount":993,"commentCount":0,"publisher":{"@id":"https:\/\/tuzlainfo.ba\/#organization"},"image":{"@id":"https:\/\/tuzlainfo.ba\/index.php\/bosna-i-hercegovina\/item\/213112-kriminal-u-uio-bih-ukrali-carinu-za-vise-od-5-000-vozila\/#primaryimage"},"thumbnailUrl":"https:\/\/tuzlainfo.ba\/wp-content\/uploads\/2023\/04\/juznamagistrala_saobracaj_automobili_svjetla.jpg","keywords":["uio","uvoz automoibla"],"articleSection":["Bosna i Hercegovina"],"inLanguage":"bs-BA"},{"@type":"WebPage","@id":"https:\/\/tuzlainfo.ba\/index.php\/bosna-i-hercegovina\/item\/213112-kriminal-u-uio-bih-ukrali-carinu-za-vise-od-5-000-vozila\/","url":"https:\/\/tuzlainfo.ba\/index.php\/bosna-i-hercegovina\/item\/213112-kriminal-u-uio-bih-ukrali-carinu-za-vise-od-5-000-vozila\/","name":"Kriminal u UIO BiH: Ukrali carinu za vi\u0161e od 5.000 vozila - TuzlaInfo.ba","isPartOf":{"@id":"https:\/\/tuzlainfo.ba\/#website"},"primaryImageOfPage":{"@id":"https:\/\/tuzlainfo.ba\/index.php\/bosna-i-hercegovina\/item\/213112-kriminal-u-uio-bih-ukrali-carinu-za-vise-od-5-000-vozila\/#primaryimage"},"image":{"@id":"https:\/\/tuzlainfo.ba\/index.php\/bosna-i-hercegovina\/item\/213112-kriminal-u-uio-bih-ukrali-carinu-za-vise-od-5-000-vozila\/#primaryimage"},"thumbnailUrl":"https:\/\/tuzlainfo.ba\/wp-content\/uploads\/2023\/04\/juznamagistrala_saobracaj_automobili_svjetla.jpg","datePublished":"2023-08-08T07:04:28+00:00","dateModified":"2023-08-08T07:04:28+00:00","breadcrumb":{"@id":"https:\/\/tuzlainfo.ba\/index.php\/bosna-i-hercegovina\/item\/213112-kriminal-u-uio-bih-ukrali-carinu-za-vise-od-5-000-vozila\/#breadcrumb"},"inLanguage":"bs-BA","potentialAction":[{"@type":"ReadAction","target":["https:\/\/tuzlainfo.ba\/index.php\/bosna-i-hercegovina\/item\/213112-kriminal-u-uio-bih-ukrali-carinu-za-vise-od-5-000-vozila\/"]}]},{"@type":"ImageObject","inLanguage":"bs-BA","@id":"https:\/\/tuzlainfo.ba\/index.php\/bosna-i-hercegovina\/item\/213112-kriminal-u-uio-bih-ukrali-carinu-za-vise-od-5-000-vozila\/#primaryimage","url":"https:\/\/tuzlainfo.ba\/wp-content\/uploads\/2023\/04\/juznamagistrala_saobracaj_automobili_svjetla.jpg","contentUrl":"https:\/\/tuzlainfo.ba\/wp-content\/uploads\/2023\/04\/juznamagistrala_saobracaj_automobili_svjetla.jpg","width":971,"height":556,"caption":"Foto: Arhiv\/Tuzlainfo.ba"},{"@type":"BreadcrumbList","@id":"https:\/\/tuzlainfo.ba\/index.php\/bosna-i-hercegovina\/item\/213112-kriminal-u-uio-bih-ukrali-carinu-za-vise-od-5-000-vozila\/#breadcrumb","itemListElement":[{"@type":"ListItem","position":1,"name":"Home","item":"https:\/\/tuzlainfo.ba\/"},{"@type":"ListItem","position":2,"name":"Kriminal u UIO BiH: Ukrali carinu za vi\u0161e od 5.000 vozila"}]},{"@type":"WebSite","@id":"https:\/\/tuzlainfo.ba\/#website","url":"https:\/\/tuzlainfo.ba\/","name":"TuzlaInfo.ba","description":"Tuzla info, gradski informator - Tuzla na dlanu","publisher":{"@id":"https:\/\/tuzlainfo.ba\/#organization"},"potentialAction":[{"@type":"SearchAction","target":{"@type":"EntryPoint","urlTemplate":"https:\/\/tuzlainfo.ba\/?s={search_term_string}"},"query-input":{"@type":"PropertyValueSpecification","valueRequired":true,"valueName":"search_term_string"}}],"inLanguage":"bs-BA"},{"@type":"Organization","@id":"https:\/\/tuzlainfo.ba\/#organization","name":"TuzlaInfo.ba","url":"https:\/\/tuzlainfo.ba\/","logo":{"@type":"ImageObject","inLanguage":"bs-BA","@id":"https:\/\/tuzlainfo.ba\/#\/schema\/logo\/image\/","url":"https:\/\/tuzlainfo.ba\/wp-content\/uploads\/2021\/03\/logo-ver-3-1.png","contentUrl":"https:\/\/tuzlainfo.ba\/wp-content\/uploads\/2021\/03\/logo-ver-3-1.png","width":350,"height":95,"caption":"TuzlaInfo.ba"},"image":{"@id":"https:\/\/tuzlainfo.ba\/#\/schema\/logo\/image\/"},"sameAs":["https:\/\/www.facebook.com\/tuzlainfo.ba\/"]},{"@type":"Person","@id":"https:\/\/tuzlainfo.ba\/#\/schema\/person\/f4ebe4fff27e68efb65fa7e18f8af372","name":"admin2","image":{"@type":"ImageObject","inLanguage":"bs-BA","@id":"https:\/\/tuzlainfo.ba\/#\/schema\/person\/image\/","url":"https:\/\/tuzlainfo.ba\/wp-content\/litespeed\/avatar\/8219eeb9a43cff2d096e773737736f62.jpg?ver=1777309398","contentUrl":"https:\/\/tuzlainfo.ba\/wp-content\/litespeed\/avatar\/8219eeb9a43cff2d096e773737736f62.jpg?ver=1777309398","caption":"admin2"},"description":"Tuzlainfo.ba pratite na dru\u0161tvenim mre\u017eama: Facebook, Instagram i Youtube. Svoje pri\u010de, upite i fotografije \u0161aljite na na\u0161u e-mail adresu.","sameAs":["admin"]}]}},"_links":{"self":[{"href":"https:\/\/tuzlainfo.ba\/index.php\/wp-json\/wp\/v2\/posts\/213112"}],"collection":[{"href":"https:\/\/tuzlainfo.ba\/index.php\/wp-json\/wp\/v2\/posts"}],"about":[{"href":"https:\/\/tuzlainfo.ba\/index.php\/wp-json\/wp\/v2\/types\/post"}],"author":[{"embeddable":true,"href":"https:\/\/tuzlainfo.ba\/index.php\/wp-json\/wp\/v2\/users\/3"}],"replies":[{"embeddable":true,"href":"https:\/\/tuzlainfo.ba\/index.php\/wp-json\/wp\/v2\/comments?post=213112"}],"version-history":[{"count":0,"href":"https:\/\/tuzlainfo.ba\/index.php\/wp-json\/wp\/v2\/posts\/213112\/revisions"}],"wp:featuredmedia":[{"embeddable":true,"href":"https:\/\/tuzlainfo.ba\/index.php\/wp-json\/wp\/v2\/media\/201520"}],"wp:attachment":[{"href":"https:\/\/tuzlainfo.ba\/index.php\/wp-json\/wp\/v2\/media?parent=213112"}],"wp:term":[{"taxonomy":"category","embeddable":true,"href":"https:\/\/tuzlainfo.ba\/index.php\/wp-json\/wp\/v2\/categories?post=213112"},{"taxonomy":"post_tag","embeddable":true,"href":"https:\/\/tuzlainfo.ba\/index.php\/wp-json\/wp\/v2\/tags?post=213112"}],"curies":[{"name":"wp","href":"https:\/\/api.w.org\/{rel}","templated":true}]}}