{"id":212944,"date":"2023-08-06T15:03:15","date_gmt":"2023-08-06T13:03:15","guid":{"rendered":"https:\/\/tuzlainfo.ba\/?p=212944"},"modified":"2023-08-06T13:58:31","modified_gmt":"2023-08-06T11:58:31","slug":"pocela-prodaja-ulaznica-za-duel-zmajeva-i-lihtenstajna-nfsbih-poslao-obavijest-i-za-portugal","status":"publish","type":"post","link":"https:\/\/tuzlainfo.ba\/index.php\/bosna-i-hercegovina\/item\/212944-pocela-prodaja-ulaznica-za-duel-zmajeva-i-lihtenstajna-nfsbih-poslao-obavijest-i-za-portugal\/","title":{"rendered":"Po\u010dela prodaja ulaznica za duel Zmajeva i Lihten\u0161tajna, NFSBIH poslao obavijest i za Portugal"},"content":{"rendered":"<p>Putem platforme\u00a0<a href=\"https:\/\/www.kupikartu.ba\/\" target=\"_blank\" rel=\"noopener\">Kupikartu.ba<\/a> ju\u010der (05.08.2023) po\u010dela je online prodaja ulaznica za utakmicu kvalifikacija za UEFA EURO 2024. <strong>Bosna i Hercegovina-Lihten\u0161tajn<\/strong>\u00a0koja \u0107e biti odigrana na \u201eBilinom polju\u201c u Zenici 08.09.2023. sa po\u010detkom u 20:45 sati.<\/p>\n<p>Cijene karata su 30 KM (tribina zapad), 20 KM (jug i sjever).<\/p>\n<p>Obzirom na veliki broj upita u vezi sa ulaznicama za utakmicu Bosna i Hercegovina-Portugal koja je na programu 16. oktobra 2023., NFSBiH je obavjestio na\u0161e navija\u010de da \u0107e prodaja karata za taj ma\u010d tako\u0111e biti mogu\u0107a putem platforme <a href=\"https:\/\/www.kupikartu.ba\/\" target=\"_blank\" rel=\"noopener\">Kupikartu.ba<\/a>. Prodaja \u0107e po\u010deti najkasnije 30 dana prije termina utakmice.<\/p>\n<p>Iz NFSBIH su iszakli i napomene za karte kupljene preko platforme Kupikartu.ba.<\/p>\n<p>S obzirom na to da \u0107e ulaznice za doma\u0107e utakmice \u201eA\u201c reprezentacije Bosne i Hercegovine biti dostavljane putem elektronske po\u0161te, upozoravamo sve zainteresovane da budu oprezni i karte kupuju isklju\u010divo putem zvani\u010dne platforme\u00a0<a href=\"https:\/\/www.kupikartu.ba\/\" target=\"_blank\" rel=\"noopener\">Kupikartu.ba<\/a>, a ne od eventualnih preprodava\u010da na crnom tr\u017ei\u0161tu.<\/p>\n<p>Ulaznica je obilje\u017eena bar kodom koji \u0107e biti o\u010ditan ure\u0111ajem za skeniranje prilikom ulaska na priredbu. Po o\u010ditanju bar koda ulaznica ne mo\u017ee biti ponovo kori\u0161tena. Pristup \u0107e biti omogu\u0107en nosiocu ulaznice koja je prva o\u010ditana. Svaki poku\u0161aj ponovnog o\u010ditavanja koda sa ulaznice ili njene kopije, bez obzira ko prikazuje ulaznicu, \u0107e biti zanemaren a ulazak na priredbu ne\u0107e biti dozvoljen. Molimo \u010duvajte ulaznicu na sigurnom mjestu &#8211; istaknuto je.<\/p>\n","protected":false},"excerpt":{"rendered":"<p>Putem platforme\u00a0Kupikartu.ba ju\u010der (05.08.2023) po\u010dela je online prodaja ulaznica za utakmicu kvalifikacija za UEFA EURO&hellip;<\/p>\n","protected":false},"author":2,"featured_media":207739,"comment_status":"open","ping_status":"closed","sticky":false,"template":"","format":"standard","meta":{"_acf_changed":false,"footnotes":""},"categories":[291,304],"tags":[2530,917],"acf":[],"yoast_head":"<!-- This site is optimized with the Yoast SEO plugin v23.5 - https:\/\/yoast.com\/wordpress\/plugins\/seo\/ -->\n<title>Po\u010dela prodaja ulaznica za duel Zmajeva i Lihten\u0161tajna, NFSBIH poslao obavijest i za Portugal - TuzlaInfo.ba<\/title>\n<meta name=\"robots\" content=\"index, follow, max-snippet:-1, max-image-preview:large, max-video-preview:-1\" \/>\n<link rel=\"canonical\" href=\"https:\/\/tuzlainfo.ba\/index.php\/bosna-i-hercegovina\/item\/212944-pocela-prodaja-ulaznica-za-duel-zmajeva-i-lihtenstajna-nfsbih-poslao-obavijest-i-za-portugal\/\" \/>\n<meta property=\"og:locale\" content=\"bs_BA\" \/>\n<meta property=\"og:type\" content=\"article\" \/>\n<meta property=\"og:title\" content=\"Po\u010dela prodaja ulaznica za duel Zmajeva i Lihten\u0161tajna, NFSBIH poslao obavijest i za Portugal - TuzlaInfo.ba\" \/>\n<meta property=\"og:description\" content=\"Putem platforme\u00a0Kupikartu.ba ju\u010der (05.08.2023) po\u010dela je online prodaja ulaznica za utakmicu kvalifikacija za UEFA EURO&hellip;\" \/>\n<meta property=\"og:url\" content=\"https:\/\/tuzlainfo.ba\/index.php\/bosna-i-hercegovina\/item\/212944-pocela-prodaja-ulaznica-za-duel-zmajeva-i-lihtenstajna-nfsbih-poslao-obavijest-i-za-portugal\/\" \/>\n<meta property=\"og:site_name\" content=\"TuzlaInfo.ba\" \/>\n<meta property=\"article:publisher\" content=\"https:\/\/www.facebook.com\/tuzlainfo.ba\/\" \/>\n<meta property=\"article:published_time\" content=\"2023-08-06T13:03:15+00:00\" \/>\n<meta property=\"article:modified_time\" content=\"2023-08-06T11:58:31+00:00\" \/>\n<meta property=\"og:image\" content=\"https:\/\/tuzlainfo.ba\/wp-content\/uploads\/2023\/06\/1706_portugal_bih_reprezentacija_dzeko.jpg\" \/>\n\t<meta property=\"og:image:width\" content=\"1000\" \/>\n\t<meta property=\"og:image:height\" content=\"666\" \/>\n\t<meta property=\"og:image:type\" content=\"image\/jpeg\" \/>\n<meta name=\"author\" content=\"nedim\" \/>\n<meta name=\"twitter:card\" content=\"summary_large_image\" \/>\n<meta name=\"twitter:label1\" content=\"Written by\" \/>\n\t<meta name=\"twitter:data1\" content=\"nedim\" \/>\n\t<meta name=\"twitter:label2\" content=\"Est. reading time\" \/>\n\t<meta name=\"twitter:data2\" content=\"1 minuta\" \/>\n<script type=\"application\/ld+json\" class=\"yoast-schema-graph\">{\"@context\":\"https:\/\/schema.org\",\"@graph\":[{\"@type\":\"Article\",\"@id\":\"https:\/\/tuzlainfo.ba\/index.php\/bosna-i-hercegovina\/item\/212944-pocela-prodaja-ulaznica-za-duel-zmajeva-i-lihtenstajna-nfsbih-poslao-obavijest-i-za-portugal\/#article\",\"isPartOf\":{\"@id\":\"https:\/\/tuzlainfo.ba\/index.php\/bosna-i-hercegovina\/item\/212944-pocela-prodaja-ulaznica-za-duel-zmajeva-i-lihtenstajna-nfsbih-poslao-obavijest-i-za-portugal\/\"},\"author\":{\"name\":\"nedim\",\"@id\":\"https:\/\/tuzlainfo.ba\/#\/schema\/person\/f434e20dc27ea133923aab08451b7f7f\"},\"headline\":\"Po\u010dela prodaja ulaznica za duel Zmajeva i Lihten\u0161tajna, NFSBIH poslao obavijest i za Portugal\",\"datePublished\":\"2023-08-06T13:03:15+00:00\",\"dateModified\":\"2023-08-06T11:58:31+00:00\",\"mainEntityOfPage\":{\"@id\":\"https:\/\/tuzlainfo.ba\/index.php\/bosna-i-hercegovina\/item\/212944-pocela-prodaja-ulaznica-za-duel-zmajeva-i-lihtenstajna-nfsbih-poslao-obavijest-i-za-portugal\/\"},\"wordCount\":257,\"commentCount\":0,\"publisher\":{\"@id\":\"https:\/\/tuzlainfo.ba\/#organization\"},\"image\":{\"@id\":\"https:\/\/tuzlainfo.ba\/index.php\/bosna-i-hercegovina\/item\/212944-pocela-prodaja-ulaznica-za-duel-zmajeva-i-lihtenstajna-nfsbih-poslao-obavijest-i-za-portugal\/#primaryimage\"},\"thumbnailUrl\":\"https:\/\/tuzlainfo.ba\/wp-content\/uploads\/2023\/06\/1706_portugal_bih_reprezentacija_dzeko.jpg\",\"keywords\":[\"NFSBiH\",\"reprezentacija bih\"],\"articleSection\":[\"Bosna i Hercegovina\",\"Istaknuto\"],\"inLanguage\":\"bs-BA\"},{\"@type\":\"WebPage\",\"@id\":\"https:\/\/tuzlainfo.ba\/index.php\/bosna-i-hercegovina\/item\/212944-pocela-prodaja-ulaznica-za-duel-zmajeva-i-lihtenstajna-nfsbih-poslao-obavijest-i-za-portugal\/\",\"url\":\"https:\/\/tuzlainfo.ba\/index.php\/bosna-i-hercegovina\/item\/212944-pocela-prodaja-ulaznica-za-duel-zmajeva-i-lihtenstajna-nfsbih-poslao-obavijest-i-za-portugal\/\",\"name\":\"Po\u010dela prodaja ulaznica za duel Zmajeva i Lihten\u0161tajna, NFSBIH poslao obavijest i za Portugal - TuzlaInfo.ba\",\"isPartOf\":{\"@id\":\"https:\/\/tuzlainfo.ba\/#website\"},\"primaryImageOfPage\":{\"@id\":\"https:\/\/tuzlainfo.ba\/index.php\/bosna-i-hercegovina\/item\/212944-pocela-prodaja-ulaznica-za-duel-zmajeva-i-lihtenstajna-nfsbih-poslao-obavijest-i-za-portugal\/#primaryimage\"},\"image\":{\"@id\":\"https:\/\/tuzlainfo.ba\/index.php\/bosna-i-hercegovina\/item\/212944-pocela-prodaja-ulaznica-za-duel-zmajeva-i-lihtenstajna-nfsbih-poslao-obavijest-i-za-portugal\/#primaryimage\"},\"thumbnailUrl\":\"https:\/\/tuzlainfo.ba\/wp-content\/uploads\/2023\/06\/1706_portugal_bih_reprezentacija_dzeko.jpg\",\"datePublished\":\"2023-08-06T13:03:15+00:00\",\"dateModified\":\"2023-08-06T11:58:31+00:00\",\"breadcrumb\":{\"@id\":\"https:\/\/tuzlainfo.ba\/index.php\/bosna-i-hercegovina\/item\/212944-pocela-prodaja-ulaznica-za-duel-zmajeva-i-lihtenstajna-nfsbih-poslao-obavijest-i-za-portugal\/#breadcrumb\"},\"inLanguage\":\"bs-BA\",\"potentialAction\":[{\"@type\":\"ReadAction\",\"target\":[\"https:\/\/tuzlainfo.ba\/index.php\/bosna-i-hercegovina\/item\/212944-pocela-prodaja-ulaznica-za-duel-zmajeva-i-lihtenstajna-nfsbih-poslao-obavijest-i-za-portugal\/\"]}]},{\"@type\":\"ImageObject\",\"inLanguage\":\"bs-BA\",\"@id\":\"https:\/\/tuzlainfo.ba\/index.php\/bosna-i-hercegovina\/item\/212944-pocela-prodaja-ulaznica-za-duel-zmajeva-i-lihtenstajna-nfsbih-poslao-obavijest-i-za-portugal\/#primaryimage\",\"url\":\"https:\/\/tuzlainfo.ba\/wp-content\/uploads\/2023\/06\/1706_portugal_bih_reprezentacija_dzeko.jpg\",\"contentUrl\":\"https:\/\/tuzlainfo.ba\/wp-content\/uploads\/2023\/06\/1706_portugal_bih_reprezentacija_dzeko.jpg\",\"width\":1000,\"height\":666,\"caption\":\"Foto: NFSBiH\"},{\"@type\":\"BreadcrumbList\",\"@id\":\"https:\/\/tuzlainfo.ba\/index.php\/bosna-i-hercegovina\/item\/212944-pocela-prodaja-ulaznica-za-duel-zmajeva-i-lihtenstajna-nfsbih-poslao-obavijest-i-za-portugal\/#breadcrumb\",\"itemListElement\":[{\"@type\":\"ListItem\",\"position\":1,\"name\":\"Home\",\"item\":\"https:\/\/tuzlainfo.ba\/\"},{\"@type\":\"ListItem\",\"position\":2,\"name\":\"Po\u010dela prodaja ulaznica za duel Zmajeva i Lihten\u0161tajna, NFSBIH poslao obavijest i za Portugal\"}]},{\"@type\":\"WebSite\",\"@id\":\"https:\/\/tuzlainfo.ba\/#website\",\"url\":\"https:\/\/tuzlainfo.ba\/\",\"name\":\"TuzlaInfo.ba\",\"description\":\"Tuzla info, gradski informator - Tuzla na dlanu\",\"publisher\":{\"@id\":\"https:\/\/tuzlainfo.ba\/#organization\"},\"potentialAction\":[{\"@type\":\"SearchAction\",\"target\":{\"@type\":\"EntryPoint\",\"urlTemplate\":\"https:\/\/tuzlainfo.ba\/?s={search_term_string}\"},\"query-input\":{\"@type\":\"PropertyValueSpecification\",\"valueRequired\":true,\"valueName\":\"search_term_string\"}}],\"inLanguage\":\"bs-BA\"},{\"@type\":\"Organization\",\"@id\":\"https:\/\/tuzlainfo.ba\/#organization\",\"name\":\"TuzlaInfo.ba\",\"url\":\"https:\/\/tuzlainfo.ba\/\",\"logo\":{\"@type\":\"ImageObject\",\"inLanguage\":\"bs-BA\",\"@id\":\"https:\/\/tuzlainfo.ba\/#\/schema\/logo\/image\/\",\"url\":\"https:\/\/tuzlainfo.ba\/wp-content\/uploads\/2021\/03\/logo-ver-3-1.png\",\"contentUrl\":\"https:\/\/tuzlainfo.ba\/wp-content\/uploads\/2021\/03\/logo-ver-3-1.png\",\"width\":350,\"height\":95,\"caption\":\"TuzlaInfo.ba\"},\"image\":{\"@id\":\"https:\/\/tuzlainfo.ba\/#\/schema\/logo\/image\/\"},\"sameAs\":[\"https:\/\/www.facebook.com\/tuzlainfo.ba\/\"]},{\"@type\":\"Person\",\"@id\":\"https:\/\/tuzlainfo.ba\/#\/schema\/person\/f434e20dc27ea133923aab08451b7f7f\",\"name\":\"nedim\",\"image\":{\"@type\":\"ImageObject\",\"inLanguage\":\"bs-BA\",\"@id\":\"https:\/\/tuzlainfo.ba\/#\/schema\/person\/image\/\",\"url\":\"https:\/\/tuzlainfo.ba\/wp-content\/litespeed\/avatar\/aabad687af24844af817603ac1cbdc4f.jpg?ver=1776702173\",\"contentUrl\":\"https:\/\/tuzlainfo.ba\/wp-content\/litespeed\/avatar\/aabad687af24844af817603ac1cbdc4f.jpg?ver=1776702173\",\"caption\":\"nedim\"},\"description\":\"Tuzlainfo.ba pratite na dru\u0161tvenim mre\u017eama: Facebook, Instagram i Youtube. Svoje pri\u010de, upite i fotografije \u0161aljite na na\u0161u e-mail adresu.\"}]}<\/script>\n<!-- \/ Yoast SEO plugin. -->","yoast_head_json":{"title":"Po\u010dela prodaja ulaznica za duel Zmajeva i Lihten\u0161tajna, NFSBIH poslao obavijest i za Portugal - TuzlaInfo.ba","robots":{"index":"index","follow":"follow","max-snippet":"max-snippet:-1","max-image-preview":"max-image-preview:large","max-video-preview":"max-video-preview:-1"},"canonical":"https:\/\/tuzlainfo.ba\/index.php\/bosna-i-hercegovina\/item\/212944-pocela-prodaja-ulaznica-za-duel-zmajeva-i-lihtenstajna-nfsbih-poslao-obavijest-i-za-portugal\/","og_locale":"bs_BA","og_type":"article","og_title":"Po\u010dela prodaja ulaznica za duel Zmajeva i Lihten\u0161tajna, NFSBIH poslao obavijest i za Portugal - TuzlaInfo.ba","og_description":"Putem platforme\u00a0Kupikartu.ba ju\u010der (05.08.2023) po\u010dela je online prodaja ulaznica za utakmicu kvalifikacija za UEFA EURO&hellip;","og_url":"https:\/\/tuzlainfo.ba\/index.php\/bosna-i-hercegovina\/item\/212944-pocela-prodaja-ulaznica-za-duel-zmajeva-i-lihtenstajna-nfsbih-poslao-obavijest-i-za-portugal\/","og_site_name":"TuzlaInfo.ba","article_publisher":"https:\/\/www.facebook.com\/tuzlainfo.ba\/","article_published_time":"2023-08-06T13:03:15+00:00","article_modified_time":"2023-08-06T11:58:31+00:00","og_image":[{"width":1000,"height":666,"url":"https:\/\/tuzlainfo.ba\/wp-content\/uploads\/2023\/06\/1706_portugal_bih_reprezentacija_dzeko.jpg","type":"image\/jpeg"}],"author":"nedim","twitter_card":"summary_large_image","twitter_misc":{"Written by":"nedim","Est. reading time":"1 minuta"},"schema":{"@context":"https:\/\/schema.org","@graph":[{"@type":"Article","@id":"https:\/\/tuzlainfo.ba\/index.php\/bosna-i-hercegovina\/item\/212944-pocela-prodaja-ulaznica-za-duel-zmajeva-i-lihtenstajna-nfsbih-poslao-obavijest-i-za-portugal\/#article","isPartOf":{"@id":"https:\/\/tuzlainfo.ba\/index.php\/bosna-i-hercegovina\/item\/212944-pocela-prodaja-ulaznica-za-duel-zmajeva-i-lihtenstajna-nfsbih-poslao-obavijest-i-za-portugal\/"},"author":{"name":"nedim","@id":"https:\/\/tuzlainfo.ba\/#\/schema\/person\/f434e20dc27ea133923aab08451b7f7f"},"headline":"Po\u010dela prodaja ulaznica za duel Zmajeva i Lihten\u0161tajna, NFSBIH poslao obavijest i za Portugal","datePublished":"2023-08-06T13:03:15+00:00","dateModified":"2023-08-06T11:58:31+00:00","mainEntityOfPage":{"@id":"https:\/\/tuzlainfo.ba\/index.php\/bosna-i-hercegovina\/item\/212944-pocela-prodaja-ulaznica-za-duel-zmajeva-i-lihtenstajna-nfsbih-poslao-obavijest-i-za-portugal\/"},"wordCount":257,"commentCount":0,"publisher":{"@id":"https:\/\/tuzlainfo.ba\/#organization"},"image":{"@id":"https:\/\/tuzlainfo.ba\/index.php\/bosna-i-hercegovina\/item\/212944-pocela-prodaja-ulaznica-za-duel-zmajeva-i-lihtenstajna-nfsbih-poslao-obavijest-i-za-portugal\/#primaryimage"},"thumbnailUrl":"https:\/\/tuzlainfo.ba\/wp-content\/uploads\/2023\/06\/1706_portugal_bih_reprezentacija_dzeko.jpg","keywords":["NFSBiH","reprezentacija bih"],"articleSection":["Bosna i Hercegovina","Istaknuto"],"inLanguage":"bs-BA"},{"@type":"WebPage","@id":"https:\/\/tuzlainfo.ba\/index.php\/bosna-i-hercegovina\/item\/212944-pocela-prodaja-ulaznica-za-duel-zmajeva-i-lihtenstajna-nfsbih-poslao-obavijest-i-za-portugal\/","url":"https:\/\/tuzlainfo.ba\/index.php\/bosna-i-hercegovina\/item\/212944-pocela-prodaja-ulaznica-za-duel-zmajeva-i-lihtenstajna-nfsbih-poslao-obavijest-i-za-portugal\/","name":"Po\u010dela prodaja ulaznica za duel Zmajeva i Lihten\u0161tajna, NFSBIH poslao obavijest i za Portugal - TuzlaInfo.ba","isPartOf":{"@id":"https:\/\/tuzlainfo.ba\/#website"},"primaryImageOfPage":{"@id":"https:\/\/tuzlainfo.ba\/index.php\/bosna-i-hercegovina\/item\/212944-pocela-prodaja-ulaznica-za-duel-zmajeva-i-lihtenstajna-nfsbih-poslao-obavijest-i-za-portugal\/#primaryimage"},"image":{"@id":"https:\/\/tuzlainfo.ba\/index.php\/bosna-i-hercegovina\/item\/212944-pocela-prodaja-ulaznica-za-duel-zmajeva-i-lihtenstajna-nfsbih-poslao-obavijest-i-za-portugal\/#primaryimage"},"thumbnailUrl":"https:\/\/tuzlainfo.ba\/wp-content\/uploads\/2023\/06\/1706_portugal_bih_reprezentacija_dzeko.jpg","datePublished":"2023-08-06T13:03:15+00:00","dateModified":"2023-08-06T11:58:31+00:00","breadcrumb":{"@id":"https:\/\/tuzlainfo.ba\/index.php\/bosna-i-hercegovina\/item\/212944-pocela-prodaja-ulaznica-za-duel-zmajeva-i-lihtenstajna-nfsbih-poslao-obavijest-i-za-portugal\/#breadcrumb"},"inLanguage":"bs-BA","potentialAction":[{"@type":"ReadAction","target":["https:\/\/tuzlainfo.ba\/index.php\/bosna-i-hercegovina\/item\/212944-pocela-prodaja-ulaznica-za-duel-zmajeva-i-lihtenstajna-nfsbih-poslao-obavijest-i-za-portugal\/"]}]},{"@type":"ImageObject","inLanguage":"bs-BA","@id":"https:\/\/tuzlainfo.ba\/index.php\/bosna-i-hercegovina\/item\/212944-pocela-prodaja-ulaznica-za-duel-zmajeva-i-lihtenstajna-nfsbih-poslao-obavijest-i-za-portugal\/#primaryimage","url":"https:\/\/tuzlainfo.ba\/wp-content\/uploads\/2023\/06\/1706_portugal_bih_reprezentacija_dzeko.jpg","contentUrl":"https:\/\/tuzlainfo.ba\/wp-content\/uploads\/2023\/06\/1706_portugal_bih_reprezentacija_dzeko.jpg","width":1000,"height":666,"caption":"Foto: NFSBiH"},{"@type":"BreadcrumbList","@id":"https:\/\/tuzlainfo.ba\/index.php\/bosna-i-hercegovina\/item\/212944-pocela-prodaja-ulaznica-za-duel-zmajeva-i-lihtenstajna-nfsbih-poslao-obavijest-i-za-portugal\/#breadcrumb","itemListElement":[{"@type":"ListItem","position":1,"name":"Home","item":"https:\/\/tuzlainfo.ba\/"},{"@type":"ListItem","position":2,"name":"Po\u010dela prodaja ulaznica za duel Zmajeva i Lihten\u0161tajna, NFSBIH poslao obavijest i za Portugal"}]},{"@type":"WebSite","@id":"https:\/\/tuzlainfo.ba\/#website","url":"https:\/\/tuzlainfo.ba\/","name":"TuzlaInfo.ba","description":"Tuzla info, gradski informator - Tuzla na dlanu","publisher":{"@id":"https:\/\/tuzlainfo.ba\/#organization"},"potentialAction":[{"@type":"SearchAction","target":{"@type":"EntryPoint","urlTemplate":"https:\/\/tuzlainfo.ba\/?s={search_term_string}"},"query-input":{"@type":"PropertyValueSpecification","valueRequired":true,"valueName":"search_term_string"}}],"inLanguage":"bs-BA"},{"@type":"Organization","@id":"https:\/\/tuzlainfo.ba\/#organization","name":"TuzlaInfo.ba","url":"https:\/\/tuzlainfo.ba\/","logo":{"@type":"ImageObject","inLanguage":"bs-BA","@id":"https:\/\/tuzlainfo.ba\/#\/schema\/logo\/image\/","url":"https:\/\/tuzlainfo.ba\/wp-content\/uploads\/2021\/03\/logo-ver-3-1.png","contentUrl":"https:\/\/tuzlainfo.ba\/wp-content\/uploads\/2021\/03\/logo-ver-3-1.png","width":350,"height":95,"caption":"TuzlaInfo.ba"},"image":{"@id":"https:\/\/tuzlainfo.ba\/#\/schema\/logo\/image\/"},"sameAs":["https:\/\/www.facebook.com\/tuzlainfo.ba\/"]},{"@type":"Person","@id":"https:\/\/tuzlainfo.ba\/#\/schema\/person\/f434e20dc27ea133923aab08451b7f7f","name":"nedim","image":{"@type":"ImageObject","inLanguage":"bs-BA","@id":"https:\/\/tuzlainfo.ba\/#\/schema\/person\/image\/","url":"https:\/\/tuzlainfo.ba\/wp-content\/litespeed\/avatar\/aabad687af24844af817603ac1cbdc4f.jpg?ver=1776702173","contentUrl":"https:\/\/tuzlainfo.ba\/wp-content\/litespeed\/avatar\/aabad687af24844af817603ac1cbdc4f.jpg?ver=1776702173","caption":"nedim"},"description":"Tuzlainfo.ba pratite na dru\u0161tvenim mre\u017eama: Facebook, Instagram i Youtube. Svoje pri\u010de, upite i fotografije \u0161aljite na na\u0161u e-mail adresu."}]}},"_links":{"self":[{"href":"https:\/\/tuzlainfo.ba\/index.php\/wp-json\/wp\/v2\/posts\/212944"}],"collection":[{"href":"https:\/\/tuzlainfo.ba\/index.php\/wp-json\/wp\/v2\/posts"}],"about":[{"href":"https:\/\/tuzlainfo.ba\/index.php\/wp-json\/wp\/v2\/types\/post"}],"author":[{"embeddable":true,"href":"https:\/\/tuzlainfo.ba\/index.php\/wp-json\/wp\/v2\/users\/2"}],"replies":[{"embeddable":true,"href":"https:\/\/tuzlainfo.ba\/index.php\/wp-json\/wp\/v2\/comments?post=212944"}],"version-history":[{"count":0,"href":"https:\/\/tuzlainfo.ba\/index.php\/wp-json\/wp\/v2\/posts\/212944\/revisions"}],"wp:featuredmedia":[{"embeddable":true,"href":"https:\/\/tuzlainfo.ba\/index.php\/wp-json\/wp\/v2\/media\/207739"}],"wp:attachment":[{"href":"https:\/\/tuzlainfo.ba\/index.php\/wp-json\/wp\/v2\/media?parent=212944"}],"wp:term":[{"taxonomy":"category","embeddable":true,"href":"https:\/\/tuzlainfo.ba\/index.php\/wp-json\/wp\/v2\/categories?post=212944"},{"taxonomy":"post_tag","embeddable":true,"href":"https:\/\/tuzlainfo.ba\/index.php\/wp-json\/wp\/v2\/tags?post=212944"}],"curies":[{"name":"wp","href":"https:\/\/api.w.org\/{rel}","templated":true}]}}