{"id":212939,"date":"2023-08-06T16:00:28","date_gmt":"2023-08-06T14:00:28","guid":{"rendered":"https:\/\/tuzlainfo.ba\/?p=212939"},"modified":"2023-08-06T14:14:12","modified_gmt":"2023-08-06T12:14:12","slug":"bih-biljezi-rekordne-prihode-od-indirektnih-poreza-koliko-od-toga-koristi-imaju-gradjani","status":"publish","type":"post","link":"https:\/\/tuzlainfo.ba\/index.php\/bosna-i-hercegovina\/item\/212939-bih-biljezi-rekordne-prihode-od-indirektnih-poreza-koliko-od-toga-koristi-imaju-gradjani\/","title":{"rendered":"BiH bilje\u017ei rekordne prihode od indirektnih poreza, koliko od toga koristi imaju gra\u0111ani?"},"content":{"rendered":"<p>Rekordni prihod od indirektnih poreza ostvaren je u julu u Upravi za indirektno oporezivanje Bosne i Hercegovine (UIO BiH). Rije\u010d je o 951 milion maraka i to je najve\u0107i mjese\u010dni prihod od osnivanja institucije, pi\u0161e <a href=\"https:\/\/www.bhrt.ba\/koliko-gra%C4%91ani-bih-imaju-koristi-od-rekordnih-prihoda-od-indirektnih-poreza\"><strong>BHRT<\/strong><\/a>.<\/p>\n<p>Najve\u0107i iznos pove\u0107anja prihoda odnosi se na PDV u unutra\u0161njem prometu, kazali su iz ove institucije. Kome i kako ide ostvareni novac i koliko \u0107e to osjetiti gra\u0111ani koji, dok se dr\u017eava u inflaciji bogati, sve vi\u0161e bivaju siroma\u0161ni?<\/p>\n<p>Ostvareni prihod od indirektnih poreza dijeli se na tri dijela, za dr\u017eavne institucije, entitete i Br\u010dko distrikt. Koliko i da li \u0107e gra\u0111ani od toga imati koristi zavisi o tome kako \u0107e novac rasporediti entiteti. Dok nadle\u017eni odlu\u010duju o raspodjeli novca, gra\u0111ani zbog inflacije sve te\u017ee \u017eive.<\/p>\n<p><strong>&#8211; &#8220;Plate male, penzije male, a sve skuplje, kad rastu cijene ne pove\u0107avaju plate i penzije.&#8221;<\/strong><\/p>\n<p><strong>&#8211; &#8220;Vidite da je ovo sve sirotinja. Cijene su isto kao u Njema\u010dkoj, jo\u0161 skuplje.&#8221;<\/strong><\/p>\n<p><strong>&#8211; &#8220;Poskupljenja su konstantna a plate ostaju iste, zna\u010di nemamo dovoljno sredstava, puno je poreza a malo prihoda, puno davanja. Sve se pla\u0107a, bukvalno samo jo\u0161 da nam po\u010dnu napla\u0107ivati zrak.&#8221;<\/strong><\/p>\n<p>S druge strane stvarnosti, dr\u017eava se bogati.<\/p>\n<p><strong>RATKO KOVA\u010cEVI\u0106, Uprava za indirektno oporezivanje BiH<\/strong><\/p>\n<p><strong>&#8220;U sedam mjeseci 2023. godine Uprava je za finansiranje dr\u017eavnih institucija rasporedila 587 miliona konvertibilnih maraka, Federacija je dobila dvije milijarde i 540 miliona maraka, Republika Srpska je dobila milijardu i 376 miliona maraka, Br\u010dko distrikt je dobio 141 milion maraka.&#8221;<\/strong><\/p>\n<p>U vrijeme sezone gra\u0111ani vi\u0161e tro\u0161e novca bez obzira na rast cijena i to direktno utje\u010de na pove\u0107anje prihoda od indirektnih poreza.<\/p>\n<p><iframe title=\"Koliko gra\u0111ani BiH imaju koristi od rekordnih prihoda od neizravnih poreza?\" width=\"1170\" height=\"658\" src=\"https:\/\/www.youtube.com\/embed\/uqHswggtl4k?feature=oembed\" frameborder=\"0\" allow=\"accelerometer; autoplay; clipboard-write; encrypted-media; gyroscope; picture-in-picture; web-share\" allowfullscreen><\/iframe><\/p>\n<p><strong>ADMIR \u010cAVALI\u0106, ekonomski analiti\u010dar<\/strong><\/p>\n<p><strong>&#8220;\u0160to se ti\u010de entiteta oni \u0107e vjerovatno i\u0107i u rebalanse po osnovu novih prihoda, ve\u0107 se po\u010delo s tim u Federaciji, vjerovatno \u0107e i Republici Srpskoj to slijediti poslije augusta.&#8221;<\/strong><\/p>\n<p><strong>ZORAN PAVLOVI\u0106, ekonomista<\/strong><\/p>\n<p><strong>&#8220;Na\u017ealost to nije plod pove\u0107anih privrednih aktivnosti. Najve\u0107i dio novca koji se rasporedi izme\u0111u entiteta i Br\u010dko distrikta prvo se servisiraju obaveze prema inostranstvu. Mi nemamo investicione fondove, fondove iz kojih bi ministarstva privrede podr\u017eavala projekte novih kapaciteta, novog zapo\u0161ljavanja.&#8221;<\/strong><\/p>\n<p>PDV na osnovne \u017eivotne namirnice i lijekove, akcize na gorivo, uz stalni porast cijena skupo pla\u0107aju gra\u0111ani. Dr\u017eava se upravo na tome bogati, ne odri\u010de se svojih prihoda i ne radi u korist svojih gra\u0111ana, koji gotovo da pre\u017eivljavaju, zaklju\u010dili su na\u0161i sagovornici.<\/p>\n","protected":false},"excerpt":{"rendered":"<p>Rekordni prihod od indirektnih poreza ostvaren je u julu u Upravi za indirektno oporezivanje Bosne&hellip;<\/p>\n","protected":false},"author":2,"featured_media":78616,"comment_status":"open","ping_status":"closed","sticky":false,"template":"","format":"standard","meta":{"_acf_changed":false,"footnotes":""},"categories":[291],"tags":[7852,868],"acf":[],"yoast_head":"<!-- This site is optimized with the Yoast SEO plugin v23.5 - https:\/\/yoast.com\/wordpress\/plugins\/seo\/ -->\n<title>BiH bilje\u017ei rekordne prihode od indirektnih poreza, koliko od toga koristi imaju gra\u0111ani? - TuzlaInfo.ba<\/title>\n<meta name=\"robots\" content=\"index, follow, max-snippet:-1, max-image-preview:large, max-video-preview:-1\" \/>\n<link rel=\"canonical\" href=\"https:\/\/tuzlainfo.ba\/index.php\/bosna-i-hercegovina\/item\/212939-bih-biljezi-rekordne-prihode-od-indirektnih-poreza-koliko-od-toga-koristi-imaju-gradjani\/\" \/>\n<meta property=\"og:locale\" content=\"bs_BA\" \/>\n<meta property=\"og:type\" content=\"article\" \/>\n<meta property=\"og:title\" content=\"BiH bilje\u017ei rekordne prihode od indirektnih poreza, koliko od toga koristi imaju gra\u0111ani? - TuzlaInfo.ba\" \/>\n<meta property=\"og:description\" content=\"Rekordni prihod od indirektnih poreza ostvaren je u julu u Upravi za indirektno oporezivanje Bosne&hellip;\" \/>\n<meta property=\"og:url\" content=\"https:\/\/tuzlainfo.ba\/index.php\/bosna-i-hercegovina\/item\/212939-bih-biljezi-rekordne-prihode-od-indirektnih-poreza-koliko-od-toga-koristi-imaju-gradjani\/\" \/>\n<meta property=\"og:site_name\" content=\"TuzlaInfo.ba\" \/>\n<meta property=\"article:publisher\" content=\"https:\/\/www.facebook.com\/tuzlainfo.ba\/\" \/>\n<meta property=\"article:published_time\" content=\"2023-08-06T14:00:28+00:00\" \/>\n<meta property=\"article:modified_time\" content=\"2023-08-06T12:14:12+00:00\" \/>\n<meta property=\"og:image\" content=\"https:\/\/tuzlainfo.ba\/wp-content\/uploads\/2020\/04\/sadrzaj_2020_20200401_1504_novac.jpg\" \/>\n\t<meta property=\"og:image:width\" content=\"770\" \/>\n\t<meta property=\"og:image:height\" content=\"442\" \/>\n\t<meta property=\"og:image:type\" content=\"image\/jpeg\" \/>\n<meta name=\"author\" content=\"nedim\" \/>\n<meta name=\"twitter:card\" content=\"summary_large_image\" \/>\n<meta name=\"twitter:label1\" content=\"Written by\" \/>\n\t<meta name=\"twitter:data1\" content=\"nedim\" \/>\n\t<meta name=\"twitter:label2\" content=\"Est. reading time\" \/>\n\t<meta name=\"twitter:data2\" content=\"2 minute\" \/>\n<script type=\"application\/ld+json\" class=\"yoast-schema-graph\">{\"@context\":\"https:\/\/schema.org\",\"@graph\":[{\"@type\":\"Article\",\"@id\":\"https:\/\/tuzlainfo.ba\/index.php\/bosna-i-hercegovina\/item\/212939-bih-biljezi-rekordne-prihode-od-indirektnih-poreza-koliko-od-toga-koristi-imaju-gradjani\/#article\",\"isPartOf\":{\"@id\":\"https:\/\/tuzlainfo.ba\/index.php\/bosna-i-hercegovina\/item\/212939-bih-biljezi-rekordne-prihode-od-indirektnih-poreza-koliko-od-toga-koristi-imaju-gradjani\/\"},\"author\":{\"name\":\"nedim\",\"@id\":\"https:\/\/tuzlainfo.ba\/#\/schema\/person\/f434e20dc27ea133923aab08451b7f7f\"},\"headline\":\"BiH bilje\u017ei rekordne prihode od indirektnih poreza, koliko od toga koristi imaju gra\u0111ani?\",\"datePublished\":\"2023-08-06T14:00:28+00:00\",\"dateModified\":\"2023-08-06T12:14:12+00:00\",\"mainEntityOfPage\":{\"@id\":\"https:\/\/tuzlainfo.ba\/index.php\/bosna-i-hercegovina\/item\/212939-bih-biljezi-rekordne-prihode-od-indirektnih-poreza-koliko-od-toga-koristi-imaju-gradjani\/\"},\"wordCount\":446,\"commentCount\":0,\"publisher\":{\"@id\":\"https:\/\/tuzlainfo.ba\/#organization\"},\"image\":{\"@id\":\"https:\/\/tuzlainfo.ba\/index.php\/bosna-i-hercegovina\/item\/212939-bih-biljezi-rekordne-prihode-od-indirektnih-poreza-koliko-od-toga-koristi-imaju-gradjani\/#primaryimage\"},\"thumbnailUrl\":\"https:\/\/tuzlainfo.ba\/wp-content\/uploads\/2020\/04\/sadrzaj_2020_20200401_1504_novac.jpg\",\"keywords\":[\"indirektni porezi\",\"uio bih\"],\"articleSection\":[\"Bosna i Hercegovina\"],\"inLanguage\":\"bs-BA\"},{\"@type\":\"WebPage\",\"@id\":\"https:\/\/tuzlainfo.ba\/index.php\/bosna-i-hercegovina\/item\/212939-bih-biljezi-rekordne-prihode-od-indirektnih-poreza-koliko-od-toga-koristi-imaju-gradjani\/\",\"url\":\"https:\/\/tuzlainfo.ba\/index.php\/bosna-i-hercegovina\/item\/212939-bih-biljezi-rekordne-prihode-od-indirektnih-poreza-koliko-od-toga-koristi-imaju-gradjani\/\",\"name\":\"BiH bilje\u017ei rekordne prihode od indirektnih poreza, koliko od toga koristi imaju gra\u0111ani? - TuzlaInfo.ba\",\"isPartOf\":{\"@id\":\"https:\/\/tuzlainfo.ba\/#website\"},\"primaryImageOfPage\":{\"@id\":\"https:\/\/tuzlainfo.ba\/index.php\/bosna-i-hercegovina\/item\/212939-bih-biljezi-rekordne-prihode-od-indirektnih-poreza-koliko-od-toga-koristi-imaju-gradjani\/#primaryimage\"},\"image\":{\"@id\":\"https:\/\/tuzlainfo.ba\/index.php\/bosna-i-hercegovina\/item\/212939-bih-biljezi-rekordne-prihode-od-indirektnih-poreza-koliko-od-toga-koristi-imaju-gradjani\/#primaryimage\"},\"thumbnailUrl\":\"https:\/\/tuzlainfo.ba\/wp-content\/uploads\/2020\/04\/sadrzaj_2020_20200401_1504_novac.jpg\",\"datePublished\":\"2023-08-06T14:00:28+00:00\",\"dateModified\":\"2023-08-06T12:14:12+00:00\",\"breadcrumb\":{\"@id\":\"https:\/\/tuzlainfo.ba\/index.php\/bosna-i-hercegovina\/item\/212939-bih-biljezi-rekordne-prihode-od-indirektnih-poreza-koliko-od-toga-koristi-imaju-gradjani\/#breadcrumb\"},\"inLanguage\":\"bs-BA\",\"potentialAction\":[{\"@type\":\"ReadAction\",\"target\":[\"https:\/\/tuzlainfo.ba\/index.php\/bosna-i-hercegovina\/item\/212939-bih-biljezi-rekordne-prihode-od-indirektnih-poreza-koliko-od-toga-koristi-imaju-gradjani\/\"]}]},{\"@type\":\"ImageObject\",\"inLanguage\":\"bs-BA\",\"@id\":\"https:\/\/tuzlainfo.ba\/index.php\/bosna-i-hercegovina\/item\/212939-bih-biljezi-rekordne-prihode-od-indirektnih-poreza-koliko-od-toga-koristi-imaju-gradjani\/#primaryimage\",\"url\":\"https:\/\/tuzlainfo.ba\/wp-content\/uploads\/2020\/04\/sadrzaj_2020_20200401_1504_novac.jpg\",\"contentUrl\":\"https:\/\/tuzlainfo.ba\/wp-content\/uploads\/2020\/04\/sadrzaj_2020_20200401_1504_novac.jpg\",\"width\":770,\"height\":442,\"caption\":\"1504 novac\"},{\"@type\":\"BreadcrumbList\",\"@id\":\"https:\/\/tuzlainfo.ba\/index.php\/bosna-i-hercegovina\/item\/212939-bih-biljezi-rekordne-prihode-od-indirektnih-poreza-koliko-od-toga-koristi-imaju-gradjani\/#breadcrumb\",\"itemListElement\":[{\"@type\":\"ListItem\",\"position\":1,\"name\":\"Home\",\"item\":\"https:\/\/tuzlainfo.ba\/\"},{\"@type\":\"ListItem\",\"position\":2,\"name\":\"BiH bilje\u017ei rekordne prihode od indirektnih poreza, koliko od toga koristi imaju gra\u0111ani?\"}]},{\"@type\":\"WebSite\",\"@id\":\"https:\/\/tuzlainfo.ba\/#website\",\"url\":\"https:\/\/tuzlainfo.ba\/\",\"name\":\"TuzlaInfo.ba\",\"description\":\"Tuzla info, gradski informator - Tuzla na dlanu\",\"publisher\":{\"@id\":\"https:\/\/tuzlainfo.ba\/#organization\"},\"potentialAction\":[{\"@type\":\"SearchAction\",\"target\":{\"@type\":\"EntryPoint\",\"urlTemplate\":\"https:\/\/tuzlainfo.ba\/?s={search_term_string}\"},\"query-input\":{\"@type\":\"PropertyValueSpecification\",\"valueRequired\":true,\"valueName\":\"search_term_string\"}}],\"inLanguage\":\"bs-BA\"},{\"@type\":\"Organization\",\"@id\":\"https:\/\/tuzlainfo.ba\/#organization\",\"name\":\"TuzlaInfo.ba\",\"url\":\"https:\/\/tuzlainfo.ba\/\",\"logo\":{\"@type\":\"ImageObject\",\"inLanguage\":\"bs-BA\",\"@id\":\"https:\/\/tuzlainfo.ba\/#\/schema\/logo\/image\/\",\"url\":\"https:\/\/tuzlainfo.ba\/wp-content\/uploads\/2021\/03\/logo-ver-3-1.png\",\"contentUrl\":\"https:\/\/tuzlainfo.ba\/wp-content\/uploads\/2021\/03\/logo-ver-3-1.png\",\"width\":350,\"height\":95,\"caption\":\"TuzlaInfo.ba\"},\"image\":{\"@id\":\"https:\/\/tuzlainfo.ba\/#\/schema\/logo\/image\/\"},\"sameAs\":[\"https:\/\/www.facebook.com\/tuzlainfo.ba\/\"]},{\"@type\":\"Person\",\"@id\":\"https:\/\/tuzlainfo.ba\/#\/schema\/person\/f434e20dc27ea133923aab08451b7f7f\",\"name\":\"nedim\",\"image\":{\"@type\":\"ImageObject\",\"inLanguage\":\"bs-BA\",\"@id\":\"https:\/\/tuzlainfo.ba\/#\/schema\/person\/image\/\",\"url\":\"https:\/\/tuzlainfo.ba\/wp-content\/litespeed\/avatar\/aabad687af24844af817603ac1cbdc4f.jpg?ver=1777306975\",\"contentUrl\":\"https:\/\/tuzlainfo.ba\/wp-content\/litespeed\/avatar\/aabad687af24844af817603ac1cbdc4f.jpg?ver=1777306975\",\"caption\":\"nedim\"},\"description\":\"Tuzlainfo.ba pratite na dru\u0161tvenim mre\u017eama: Facebook, Instagram i Youtube. Svoje pri\u010de, upite i fotografije \u0161aljite na na\u0161u e-mail adresu.\"}]}<\/script>\n<!-- \/ Yoast SEO plugin. -->","yoast_head_json":{"title":"BiH bilje\u017ei rekordne prihode od indirektnih poreza, koliko od toga koristi imaju gra\u0111ani? - TuzlaInfo.ba","robots":{"index":"index","follow":"follow","max-snippet":"max-snippet:-1","max-image-preview":"max-image-preview:large","max-video-preview":"max-video-preview:-1"},"canonical":"https:\/\/tuzlainfo.ba\/index.php\/bosna-i-hercegovina\/item\/212939-bih-biljezi-rekordne-prihode-od-indirektnih-poreza-koliko-od-toga-koristi-imaju-gradjani\/","og_locale":"bs_BA","og_type":"article","og_title":"BiH bilje\u017ei rekordne prihode od indirektnih poreza, koliko od toga koristi imaju gra\u0111ani? - TuzlaInfo.ba","og_description":"Rekordni prihod od indirektnih poreza ostvaren je u julu u Upravi za indirektno oporezivanje Bosne&hellip;","og_url":"https:\/\/tuzlainfo.ba\/index.php\/bosna-i-hercegovina\/item\/212939-bih-biljezi-rekordne-prihode-od-indirektnih-poreza-koliko-od-toga-koristi-imaju-gradjani\/","og_site_name":"TuzlaInfo.ba","article_publisher":"https:\/\/www.facebook.com\/tuzlainfo.ba\/","article_published_time":"2023-08-06T14:00:28+00:00","article_modified_time":"2023-08-06T12:14:12+00:00","og_image":[{"width":770,"height":442,"url":"https:\/\/tuzlainfo.ba\/wp-content\/uploads\/2020\/04\/sadrzaj_2020_20200401_1504_novac.jpg","type":"image\/jpeg"}],"author":"nedim","twitter_card":"summary_large_image","twitter_misc":{"Written by":"nedim","Est. reading time":"2 minute"},"schema":{"@context":"https:\/\/schema.org","@graph":[{"@type":"Article","@id":"https:\/\/tuzlainfo.ba\/index.php\/bosna-i-hercegovina\/item\/212939-bih-biljezi-rekordne-prihode-od-indirektnih-poreza-koliko-od-toga-koristi-imaju-gradjani\/#article","isPartOf":{"@id":"https:\/\/tuzlainfo.ba\/index.php\/bosna-i-hercegovina\/item\/212939-bih-biljezi-rekordne-prihode-od-indirektnih-poreza-koliko-od-toga-koristi-imaju-gradjani\/"},"author":{"name":"nedim","@id":"https:\/\/tuzlainfo.ba\/#\/schema\/person\/f434e20dc27ea133923aab08451b7f7f"},"headline":"BiH bilje\u017ei rekordne prihode od indirektnih poreza, koliko od toga koristi imaju gra\u0111ani?","datePublished":"2023-08-06T14:00:28+00:00","dateModified":"2023-08-06T12:14:12+00:00","mainEntityOfPage":{"@id":"https:\/\/tuzlainfo.ba\/index.php\/bosna-i-hercegovina\/item\/212939-bih-biljezi-rekordne-prihode-od-indirektnih-poreza-koliko-od-toga-koristi-imaju-gradjani\/"},"wordCount":446,"commentCount":0,"publisher":{"@id":"https:\/\/tuzlainfo.ba\/#organization"},"image":{"@id":"https:\/\/tuzlainfo.ba\/index.php\/bosna-i-hercegovina\/item\/212939-bih-biljezi-rekordne-prihode-od-indirektnih-poreza-koliko-od-toga-koristi-imaju-gradjani\/#primaryimage"},"thumbnailUrl":"https:\/\/tuzlainfo.ba\/wp-content\/uploads\/2020\/04\/sadrzaj_2020_20200401_1504_novac.jpg","keywords":["indirektni porezi","uio bih"],"articleSection":["Bosna i Hercegovina"],"inLanguage":"bs-BA"},{"@type":"WebPage","@id":"https:\/\/tuzlainfo.ba\/index.php\/bosna-i-hercegovina\/item\/212939-bih-biljezi-rekordne-prihode-od-indirektnih-poreza-koliko-od-toga-koristi-imaju-gradjani\/","url":"https:\/\/tuzlainfo.ba\/index.php\/bosna-i-hercegovina\/item\/212939-bih-biljezi-rekordne-prihode-od-indirektnih-poreza-koliko-od-toga-koristi-imaju-gradjani\/","name":"BiH bilje\u017ei rekordne prihode od indirektnih poreza, koliko od toga koristi imaju gra\u0111ani? - TuzlaInfo.ba","isPartOf":{"@id":"https:\/\/tuzlainfo.ba\/#website"},"primaryImageOfPage":{"@id":"https:\/\/tuzlainfo.ba\/index.php\/bosna-i-hercegovina\/item\/212939-bih-biljezi-rekordne-prihode-od-indirektnih-poreza-koliko-od-toga-koristi-imaju-gradjani\/#primaryimage"},"image":{"@id":"https:\/\/tuzlainfo.ba\/index.php\/bosna-i-hercegovina\/item\/212939-bih-biljezi-rekordne-prihode-od-indirektnih-poreza-koliko-od-toga-koristi-imaju-gradjani\/#primaryimage"},"thumbnailUrl":"https:\/\/tuzlainfo.ba\/wp-content\/uploads\/2020\/04\/sadrzaj_2020_20200401_1504_novac.jpg","datePublished":"2023-08-06T14:00:28+00:00","dateModified":"2023-08-06T12:14:12+00:00","breadcrumb":{"@id":"https:\/\/tuzlainfo.ba\/index.php\/bosna-i-hercegovina\/item\/212939-bih-biljezi-rekordne-prihode-od-indirektnih-poreza-koliko-od-toga-koristi-imaju-gradjani\/#breadcrumb"},"inLanguage":"bs-BA","potentialAction":[{"@type":"ReadAction","target":["https:\/\/tuzlainfo.ba\/index.php\/bosna-i-hercegovina\/item\/212939-bih-biljezi-rekordne-prihode-od-indirektnih-poreza-koliko-od-toga-koristi-imaju-gradjani\/"]}]},{"@type":"ImageObject","inLanguage":"bs-BA","@id":"https:\/\/tuzlainfo.ba\/index.php\/bosna-i-hercegovina\/item\/212939-bih-biljezi-rekordne-prihode-od-indirektnih-poreza-koliko-od-toga-koristi-imaju-gradjani\/#primaryimage","url":"https:\/\/tuzlainfo.ba\/wp-content\/uploads\/2020\/04\/sadrzaj_2020_20200401_1504_novac.jpg","contentUrl":"https:\/\/tuzlainfo.ba\/wp-content\/uploads\/2020\/04\/sadrzaj_2020_20200401_1504_novac.jpg","width":770,"height":442,"caption":"1504 novac"},{"@type":"BreadcrumbList","@id":"https:\/\/tuzlainfo.ba\/index.php\/bosna-i-hercegovina\/item\/212939-bih-biljezi-rekordne-prihode-od-indirektnih-poreza-koliko-od-toga-koristi-imaju-gradjani\/#breadcrumb","itemListElement":[{"@type":"ListItem","position":1,"name":"Home","item":"https:\/\/tuzlainfo.ba\/"},{"@type":"ListItem","position":2,"name":"BiH bilje\u017ei rekordne prihode od indirektnih poreza, koliko od toga koristi imaju gra\u0111ani?"}]},{"@type":"WebSite","@id":"https:\/\/tuzlainfo.ba\/#website","url":"https:\/\/tuzlainfo.ba\/","name":"TuzlaInfo.ba","description":"Tuzla info, gradski informator - Tuzla na dlanu","publisher":{"@id":"https:\/\/tuzlainfo.ba\/#organization"},"potentialAction":[{"@type":"SearchAction","target":{"@type":"EntryPoint","urlTemplate":"https:\/\/tuzlainfo.ba\/?s={search_term_string}"},"query-input":{"@type":"PropertyValueSpecification","valueRequired":true,"valueName":"search_term_string"}}],"inLanguage":"bs-BA"},{"@type":"Organization","@id":"https:\/\/tuzlainfo.ba\/#organization","name":"TuzlaInfo.ba","url":"https:\/\/tuzlainfo.ba\/","logo":{"@type":"ImageObject","inLanguage":"bs-BA","@id":"https:\/\/tuzlainfo.ba\/#\/schema\/logo\/image\/","url":"https:\/\/tuzlainfo.ba\/wp-content\/uploads\/2021\/03\/logo-ver-3-1.png","contentUrl":"https:\/\/tuzlainfo.ba\/wp-content\/uploads\/2021\/03\/logo-ver-3-1.png","width":350,"height":95,"caption":"TuzlaInfo.ba"},"image":{"@id":"https:\/\/tuzlainfo.ba\/#\/schema\/logo\/image\/"},"sameAs":["https:\/\/www.facebook.com\/tuzlainfo.ba\/"]},{"@type":"Person","@id":"https:\/\/tuzlainfo.ba\/#\/schema\/person\/f434e20dc27ea133923aab08451b7f7f","name":"nedim","image":{"@type":"ImageObject","inLanguage":"bs-BA","@id":"https:\/\/tuzlainfo.ba\/#\/schema\/person\/image\/","url":"https:\/\/tuzlainfo.ba\/wp-content\/litespeed\/avatar\/aabad687af24844af817603ac1cbdc4f.jpg?ver=1777306975","contentUrl":"https:\/\/tuzlainfo.ba\/wp-content\/litespeed\/avatar\/aabad687af24844af817603ac1cbdc4f.jpg?ver=1777306975","caption":"nedim"},"description":"Tuzlainfo.ba pratite na dru\u0161tvenim mre\u017eama: Facebook, Instagram i Youtube. Svoje pri\u010de, upite i fotografije \u0161aljite na na\u0161u e-mail adresu."}]}},"_links":{"self":[{"href":"https:\/\/tuzlainfo.ba\/index.php\/wp-json\/wp\/v2\/posts\/212939"}],"collection":[{"href":"https:\/\/tuzlainfo.ba\/index.php\/wp-json\/wp\/v2\/posts"}],"about":[{"href":"https:\/\/tuzlainfo.ba\/index.php\/wp-json\/wp\/v2\/types\/post"}],"author":[{"embeddable":true,"href":"https:\/\/tuzlainfo.ba\/index.php\/wp-json\/wp\/v2\/users\/2"}],"replies":[{"embeddable":true,"href":"https:\/\/tuzlainfo.ba\/index.php\/wp-json\/wp\/v2\/comments?post=212939"}],"version-history":[{"count":0,"href":"https:\/\/tuzlainfo.ba\/index.php\/wp-json\/wp\/v2\/posts\/212939\/revisions"}],"wp:featuredmedia":[{"embeddable":true,"href":"https:\/\/tuzlainfo.ba\/index.php\/wp-json\/wp\/v2\/media\/78616"}],"wp:attachment":[{"href":"https:\/\/tuzlainfo.ba\/index.php\/wp-json\/wp\/v2\/media?parent=212939"}],"wp:term":[{"taxonomy":"category","embeddable":true,"href":"https:\/\/tuzlainfo.ba\/index.php\/wp-json\/wp\/v2\/categories?post=212939"},{"taxonomy":"post_tag","embeddable":true,"href":"https:\/\/tuzlainfo.ba\/index.php\/wp-json\/wp\/v2\/tags?post=212939"}],"curies":[{"name":"wp","href":"https:\/\/api.w.org\/{rel}","templated":true}]}}