{"id":212933,"date":"2023-08-06T09:23:46","date_gmt":"2023-08-06T07:23:46","guid":{"rendered":"https:\/\/tuzlainfo.ba\/?p=212933"},"modified":"2023-08-06T09:23:46","modified_gmt":"2023-08-06T07:23:46","slug":"prekid-bojkota-predstavnici-fukara-i-fk-sloboda-postigli-dogovor","status":"publish","type":"post","link":"https:\/\/tuzlainfo.ba\/index.php\/novosti\/item\/212933-prekid-bojkota-predstavnici-fukara-i-fk-sloboda-postigli-dogovor\/","title":{"rendered":"Prekid bojkota: Predstavnici &#8220;Fukara&#8221; i FK Sloboda postigli dogovor"},"content":{"rendered":"<div class=\"gc-col-12\">\n<div class=\"dt-article-standfirst col-12\">\n<p>Nakon perioda bojkota koji je trajao zbog nezadovoljstva vo\u0111enjem kluba od strane biv\u0161eg rukovodstva, navija\u010dka grupa &#8220;Fukare&#8221; vra\u0107a se na tribine stadiona Tu\u0161anj, navedeno je u inormaciji na stranici FK Sloboda.<\/p>\n<\/div>\n<\/div>\n<div class=\"gc-col-12\">\n<p id=\"eG9OmRTu3r\">Odluka o povratku donesena je nakon intenzivnih sastanaka izme\u0111u predstavnika Fukara i \u010dlanova Upravnog odbora Fudbalskog kluba &#8220;Sloboda&#8221;, a predvodili su ih predsjednik kluba, Senad Mujkanovi\u0107, te Samir Suba\u0161i\u0107 i Kemal Papra\u010danin.<\/p>\n<p id=\"ejUmf216Uj\">&#8211; Fukare su svojim bojkotom \u017eeljele izraziti nezadovoljstvo nakon \u0161to je FK Sloboda ispala iz Premijer lige Bosne i Hercegovine. Njihov izbor za vo\u0111enje kluba nije bio prihva\u0107en, \u0161to je rezultiralo njihovim &#8220;odlaskom&#8221; s tribina. Smatrali su da klub &#8220;tone dublje&#8221; i da je potrebno hitno djelovanje kako bi se osigurao povratak u elitno nogometno dru\u0161tvo &#8211; naveli su iz FK Sloboda.<\/p>\n<p id=\"eoItB9uYCL\">Nakon nekoliko konstruktivnih sastanaka, strane su pribli\u017eile svoje stavove i postigle kona\u010dan dogovor o povratku Fukara na tribine Tu\u0161nja. Svi u\u010desnici sastanka usaglasili su se oko zajedni\u010dkog cilja \u2013 povratka FK Slobode u Premijer ligu BiH. Ova odluka ozna\u010dava novu eru saradnje izme\u0111u navija\u010da i kluba te pokazuje va\u017enost jedinstva u podr\u0161ci ekipi u klju\u010dnim trenucima.<\/p>\n<p id=\"eoccC8YiS_\">Predsjednik FK Sloboda, Senad Mujkanovi\u0107, izrazio je zadovoljstvo zbog povratka Fukara na stadion Tu\u0161anj te istaknuo da je podr\u0161ka navija\u010da klju\u010dna za uspjeh kluba. Tako\u0111er, zahvalio je navija\u010dima na strpljenju i shvatanju te se raduje zajedni\u010dkoj borbi za povratak Slobode u Premijer ligu BiH.<\/p>\n<p id=\"ekgRW1cVLX\">S druge strane, predstavnici Fukara naglasili su kako \u0107e se njihova podr\u0161ka ekipi vratiti s punim intenzitetom te da \u0107e biti najglasniji i najvatreniji navija\u010di u ostvarivanju ciljeva kluba, saop\u0161teno je.<\/p>\n<\/div>\n","protected":false},"excerpt":{"rendered":"<p>Nakon perioda bojkota koji je trajao zbog nezadovoljstva vo\u0111enjem kluba od strane biv\u0161eg rukovodstva, navija\u010dka&hellip;<\/p>\n","protected":false},"author":2,"featured_media":212934,"comment_status":"open","ping_status":"closed","sticky":false,"template":"","format":"standard","meta":{"_acf_changed":false,"footnotes":""},"categories":[304,12],"tags":[466,2741,915,7614],"acf":[],"yoast_head":"<!-- This site is optimized with the Yoast SEO plugin v23.5 - https:\/\/yoast.com\/wordpress\/plugins\/seo\/ -->\n<title>Prekid bojkota: Predstavnici &quot;Fukara&quot; i FK Sloboda postigli dogovor - TuzlaInfo.ba<\/title>\n<meta name=\"robots\" content=\"index, follow, max-snippet:-1, max-image-preview:large, max-video-preview:-1\" \/>\n<link rel=\"canonical\" href=\"https:\/\/tuzlainfo.ba\/index.php\/novosti\/item\/212933-prekid-bojkota-predstavnici-fukara-i-fk-sloboda-postigli-dogovor\/\" \/>\n<meta property=\"og:locale\" content=\"bs_BA\" \/>\n<meta property=\"og:type\" content=\"article\" \/>\n<meta property=\"og:title\" content=\"Prekid bojkota: Predstavnici &quot;Fukara&quot; i FK Sloboda postigli dogovor - TuzlaInfo.ba\" \/>\n<meta property=\"og:description\" content=\"Nakon perioda bojkota koji je trajao zbog nezadovoljstva vo\u0111enjem kluba od strane biv\u0161eg rukovodstva, navija\u010dka&hellip;\" \/>\n<meta property=\"og:url\" content=\"https:\/\/tuzlainfo.ba\/index.php\/novosti\/item\/212933-prekid-bojkota-predstavnici-fukara-i-fk-sloboda-postigli-dogovor\/\" \/>\n<meta property=\"og:site_name\" content=\"TuzlaInfo.ba\" \/>\n<meta property=\"article:publisher\" content=\"https:\/\/www.facebook.com\/tuzlainfo.ba\/\" \/>\n<meta property=\"article:published_time\" content=\"2023-08-06T07:23:46+00:00\" \/>\n<meta property=\"og:image\" content=\"https:\/\/tuzlainfo.ba\/wp-content\/uploads\/2023\/08\/0608_fukare_mujkanovic.jpg\" \/>\n\t<meta property=\"og:image:width\" content=\"970\" \/>\n\t<meta property=\"og:image:height\" content=\"650\" \/>\n\t<meta property=\"og:image:type\" content=\"image\/jpeg\" \/>\n<meta name=\"author\" content=\"nedim\" \/>\n<meta name=\"twitter:card\" content=\"summary_large_image\" \/>\n<meta name=\"twitter:label1\" content=\"Written by\" \/>\n\t<meta name=\"twitter:data1\" content=\"nedim\" \/>\n\t<meta name=\"twitter:label2\" content=\"Est. reading time\" \/>\n\t<meta name=\"twitter:data2\" content=\"1 minuta\" \/>\n<script type=\"application\/ld+json\" class=\"yoast-schema-graph\">{\"@context\":\"https:\/\/schema.org\",\"@graph\":[{\"@type\":\"Article\",\"@id\":\"https:\/\/tuzlainfo.ba\/index.php\/novosti\/item\/212933-prekid-bojkota-predstavnici-fukara-i-fk-sloboda-postigli-dogovor\/#article\",\"isPartOf\":{\"@id\":\"https:\/\/tuzlainfo.ba\/index.php\/novosti\/item\/212933-prekid-bojkota-predstavnici-fukara-i-fk-sloboda-postigli-dogovor\/\"},\"author\":{\"name\":\"nedim\",\"@id\":\"https:\/\/tuzlainfo.ba\/#\/schema\/person\/f434e20dc27ea133923aab08451b7f7f\"},\"headline\":\"Prekid bojkota: Predstavnici &#8220;Fukara&#8221; i FK Sloboda postigli dogovor\",\"datePublished\":\"2023-08-06T07:23:46+00:00\",\"dateModified\":\"2023-08-06T07:23:46+00:00\",\"mainEntityOfPage\":{\"@id\":\"https:\/\/tuzlainfo.ba\/index.php\/novosti\/item\/212933-prekid-bojkota-predstavnici-fukara-i-fk-sloboda-postigli-dogovor\/\"},\"wordCount\":296,\"commentCount\":0,\"publisher\":{\"@id\":\"https:\/\/tuzlainfo.ba\/#organization\"},\"image\":{\"@id\":\"https:\/\/tuzlainfo.ba\/index.php\/novosti\/item\/212933-prekid-bojkota-predstavnici-fukara-i-fk-sloboda-postigli-dogovor\/#primaryimage\"},\"thumbnailUrl\":\"https:\/\/tuzlainfo.ba\/wp-content\/uploads\/2023\/08\/0608_fukare_mujkanovic.jpg\",\"keywords\":[\"fk sloboda\",\"fukare\",\"sport\",\"sport tuzla\"],\"articleSection\":[\"Istaknuto\",\"Novosti\"],\"inLanguage\":\"bs-BA\"},{\"@type\":\"WebPage\",\"@id\":\"https:\/\/tuzlainfo.ba\/index.php\/novosti\/item\/212933-prekid-bojkota-predstavnici-fukara-i-fk-sloboda-postigli-dogovor\/\",\"url\":\"https:\/\/tuzlainfo.ba\/index.php\/novosti\/item\/212933-prekid-bojkota-predstavnici-fukara-i-fk-sloboda-postigli-dogovor\/\",\"name\":\"Prekid bojkota: Predstavnici \\\"Fukara\\\" i FK Sloboda postigli dogovor - TuzlaInfo.ba\",\"isPartOf\":{\"@id\":\"https:\/\/tuzlainfo.ba\/#website\"},\"primaryImageOfPage\":{\"@id\":\"https:\/\/tuzlainfo.ba\/index.php\/novosti\/item\/212933-prekid-bojkota-predstavnici-fukara-i-fk-sloboda-postigli-dogovor\/#primaryimage\"},\"image\":{\"@id\":\"https:\/\/tuzlainfo.ba\/index.php\/novosti\/item\/212933-prekid-bojkota-predstavnici-fukara-i-fk-sloboda-postigli-dogovor\/#primaryimage\"},\"thumbnailUrl\":\"https:\/\/tuzlainfo.ba\/wp-content\/uploads\/2023\/08\/0608_fukare_mujkanovic.jpg\",\"datePublished\":\"2023-08-06T07:23:46+00:00\",\"dateModified\":\"2023-08-06T07:23:46+00:00\",\"breadcrumb\":{\"@id\":\"https:\/\/tuzlainfo.ba\/index.php\/novosti\/item\/212933-prekid-bojkota-predstavnici-fukara-i-fk-sloboda-postigli-dogovor\/#breadcrumb\"},\"inLanguage\":\"bs-BA\",\"potentialAction\":[{\"@type\":\"ReadAction\",\"target\":[\"https:\/\/tuzlainfo.ba\/index.php\/novosti\/item\/212933-prekid-bojkota-predstavnici-fukara-i-fk-sloboda-postigli-dogovor\/\"]}]},{\"@type\":\"ImageObject\",\"inLanguage\":\"bs-BA\",\"@id\":\"https:\/\/tuzlainfo.ba\/index.php\/novosti\/item\/212933-prekid-bojkota-predstavnici-fukara-i-fk-sloboda-postigli-dogovor\/#primaryimage\",\"url\":\"https:\/\/tuzlainfo.ba\/wp-content\/uploads\/2023\/08\/0608_fukare_mujkanovic.jpg\",\"contentUrl\":\"https:\/\/tuzlainfo.ba\/wp-content\/uploads\/2023\/08\/0608_fukare_mujkanovic.jpg\",\"width\":970,\"height\":650},{\"@type\":\"BreadcrumbList\",\"@id\":\"https:\/\/tuzlainfo.ba\/index.php\/novosti\/item\/212933-prekid-bojkota-predstavnici-fukara-i-fk-sloboda-postigli-dogovor\/#breadcrumb\",\"itemListElement\":[{\"@type\":\"ListItem\",\"position\":1,\"name\":\"Home\",\"item\":\"https:\/\/tuzlainfo.ba\/\"},{\"@type\":\"ListItem\",\"position\":2,\"name\":\"Prekid bojkota: Predstavnici &#8220;Fukara&#8221; i FK Sloboda postigli dogovor\"}]},{\"@type\":\"WebSite\",\"@id\":\"https:\/\/tuzlainfo.ba\/#website\",\"url\":\"https:\/\/tuzlainfo.ba\/\",\"name\":\"TuzlaInfo.ba\",\"description\":\"Tuzla info, gradski informator - Tuzla na dlanu\",\"publisher\":{\"@id\":\"https:\/\/tuzlainfo.ba\/#organization\"},\"potentialAction\":[{\"@type\":\"SearchAction\",\"target\":{\"@type\":\"EntryPoint\",\"urlTemplate\":\"https:\/\/tuzlainfo.ba\/?s={search_term_string}\"},\"query-input\":{\"@type\":\"PropertyValueSpecification\",\"valueRequired\":true,\"valueName\":\"search_term_string\"}}],\"inLanguage\":\"bs-BA\"},{\"@type\":\"Organization\",\"@id\":\"https:\/\/tuzlainfo.ba\/#organization\",\"name\":\"TuzlaInfo.ba\",\"url\":\"https:\/\/tuzlainfo.ba\/\",\"logo\":{\"@type\":\"ImageObject\",\"inLanguage\":\"bs-BA\",\"@id\":\"https:\/\/tuzlainfo.ba\/#\/schema\/logo\/image\/\",\"url\":\"https:\/\/tuzlainfo.ba\/wp-content\/uploads\/2021\/03\/logo-ver-3-1.png\",\"contentUrl\":\"https:\/\/tuzlainfo.ba\/wp-content\/uploads\/2021\/03\/logo-ver-3-1.png\",\"width\":350,\"height\":95,\"caption\":\"TuzlaInfo.ba\"},\"image\":{\"@id\":\"https:\/\/tuzlainfo.ba\/#\/schema\/logo\/image\/\"},\"sameAs\":[\"https:\/\/www.facebook.com\/tuzlainfo.ba\/\"]},{\"@type\":\"Person\",\"@id\":\"https:\/\/tuzlainfo.ba\/#\/schema\/person\/f434e20dc27ea133923aab08451b7f7f\",\"name\":\"nedim\",\"image\":{\"@type\":\"ImageObject\",\"inLanguage\":\"bs-BA\",\"@id\":\"https:\/\/tuzlainfo.ba\/#\/schema\/person\/image\/\",\"url\":\"https:\/\/tuzlainfo.ba\/wp-content\/litespeed\/avatar\/aabad687af24844af817603ac1cbdc4f.jpg?ver=1776702173\",\"contentUrl\":\"https:\/\/tuzlainfo.ba\/wp-content\/litespeed\/avatar\/aabad687af24844af817603ac1cbdc4f.jpg?ver=1776702173\",\"caption\":\"nedim\"},\"description\":\"Tuzlainfo.ba pratite na dru\u0161tvenim mre\u017eama: Facebook, Instagram i Youtube. Svoje pri\u010de, upite i fotografije \u0161aljite na na\u0161u e-mail adresu.\"}]}<\/script>\n<!-- \/ Yoast SEO plugin. -->","yoast_head_json":{"title":"Prekid bojkota: Predstavnici \"Fukara\" i FK Sloboda postigli dogovor - TuzlaInfo.ba","robots":{"index":"index","follow":"follow","max-snippet":"max-snippet:-1","max-image-preview":"max-image-preview:large","max-video-preview":"max-video-preview:-1"},"canonical":"https:\/\/tuzlainfo.ba\/index.php\/novosti\/item\/212933-prekid-bojkota-predstavnici-fukara-i-fk-sloboda-postigli-dogovor\/","og_locale":"bs_BA","og_type":"article","og_title":"Prekid bojkota: Predstavnici \"Fukara\" i FK Sloboda postigli dogovor - TuzlaInfo.ba","og_description":"Nakon perioda bojkota koji je trajao zbog nezadovoljstva vo\u0111enjem kluba od strane biv\u0161eg rukovodstva, navija\u010dka&hellip;","og_url":"https:\/\/tuzlainfo.ba\/index.php\/novosti\/item\/212933-prekid-bojkota-predstavnici-fukara-i-fk-sloboda-postigli-dogovor\/","og_site_name":"TuzlaInfo.ba","article_publisher":"https:\/\/www.facebook.com\/tuzlainfo.ba\/","article_published_time":"2023-08-06T07:23:46+00:00","og_image":[{"width":970,"height":650,"url":"https:\/\/tuzlainfo.ba\/wp-content\/uploads\/2023\/08\/0608_fukare_mujkanovic.jpg","type":"image\/jpeg"}],"author":"nedim","twitter_card":"summary_large_image","twitter_misc":{"Written by":"nedim","Est. reading time":"1 minuta"},"schema":{"@context":"https:\/\/schema.org","@graph":[{"@type":"Article","@id":"https:\/\/tuzlainfo.ba\/index.php\/novosti\/item\/212933-prekid-bojkota-predstavnici-fukara-i-fk-sloboda-postigli-dogovor\/#article","isPartOf":{"@id":"https:\/\/tuzlainfo.ba\/index.php\/novosti\/item\/212933-prekid-bojkota-predstavnici-fukara-i-fk-sloboda-postigli-dogovor\/"},"author":{"name":"nedim","@id":"https:\/\/tuzlainfo.ba\/#\/schema\/person\/f434e20dc27ea133923aab08451b7f7f"},"headline":"Prekid bojkota: Predstavnici &#8220;Fukara&#8221; i FK Sloboda postigli dogovor","datePublished":"2023-08-06T07:23:46+00:00","dateModified":"2023-08-06T07:23:46+00:00","mainEntityOfPage":{"@id":"https:\/\/tuzlainfo.ba\/index.php\/novosti\/item\/212933-prekid-bojkota-predstavnici-fukara-i-fk-sloboda-postigli-dogovor\/"},"wordCount":296,"commentCount":0,"publisher":{"@id":"https:\/\/tuzlainfo.ba\/#organization"},"image":{"@id":"https:\/\/tuzlainfo.ba\/index.php\/novosti\/item\/212933-prekid-bojkota-predstavnici-fukara-i-fk-sloboda-postigli-dogovor\/#primaryimage"},"thumbnailUrl":"https:\/\/tuzlainfo.ba\/wp-content\/uploads\/2023\/08\/0608_fukare_mujkanovic.jpg","keywords":["fk sloboda","fukare","sport","sport tuzla"],"articleSection":["Istaknuto","Novosti"],"inLanguage":"bs-BA"},{"@type":"WebPage","@id":"https:\/\/tuzlainfo.ba\/index.php\/novosti\/item\/212933-prekid-bojkota-predstavnici-fukara-i-fk-sloboda-postigli-dogovor\/","url":"https:\/\/tuzlainfo.ba\/index.php\/novosti\/item\/212933-prekid-bojkota-predstavnici-fukara-i-fk-sloboda-postigli-dogovor\/","name":"Prekid bojkota: Predstavnici \"Fukara\" i FK Sloboda postigli dogovor - TuzlaInfo.ba","isPartOf":{"@id":"https:\/\/tuzlainfo.ba\/#website"},"primaryImageOfPage":{"@id":"https:\/\/tuzlainfo.ba\/index.php\/novosti\/item\/212933-prekid-bojkota-predstavnici-fukara-i-fk-sloboda-postigli-dogovor\/#primaryimage"},"image":{"@id":"https:\/\/tuzlainfo.ba\/index.php\/novosti\/item\/212933-prekid-bojkota-predstavnici-fukara-i-fk-sloboda-postigli-dogovor\/#primaryimage"},"thumbnailUrl":"https:\/\/tuzlainfo.ba\/wp-content\/uploads\/2023\/08\/0608_fukare_mujkanovic.jpg","datePublished":"2023-08-06T07:23:46+00:00","dateModified":"2023-08-06T07:23:46+00:00","breadcrumb":{"@id":"https:\/\/tuzlainfo.ba\/index.php\/novosti\/item\/212933-prekid-bojkota-predstavnici-fukara-i-fk-sloboda-postigli-dogovor\/#breadcrumb"},"inLanguage":"bs-BA","potentialAction":[{"@type":"ReadAction","target":["https:\/\/tuzlainfo.ba\/index.php\/novosti\/item\/212933-prekid-bojkota-predstavnici-fukara-i-fk-sloboda-postigli-dogovor\/"]}]},{"@type":"ImageObject","inLanguage":"bs-BA","@id":"https:\/\/tuzlainfo.ba\/index.php\/novosti\/item\/212933-prekid-bojkota-predstavnici-fukara-i-fk-sloboda-postigli-dogovor\/#primaryimage","url":"https:\/\/tuzlainfo.ba\/wp-content\/uploads\/2023\/08\/0608_fukare_mujkanovic.jpg","contentUrl":"https:\/\/tuzlainfo.ba\/wp-content\/uploads\/2023\/08\/0608_fukare_mujkanovic.jpg","width":970,"height":650},{"@type":"BreadcrumbList","@id":"https:\/\/tuzlainfo.ba\/index.php\/novosti\/item\/212933-prekid-bojkota-predstavnici-fukara-i-fk-sloboda-postigli-dogovor\/#breadcrumb","itemListElement":[{"@type":"ListItem","position":1,"name":"Home","item":"https:\/\/tuzlainfo.ba\/"},{"@type":"ListItem","position":2,"name":"Prekid bojkota: Predstavnici &#8220;Fukara&#8221; i FK Sloboda postigli dogovor"}]},{"@type":"WebSite","@id":"https:\/\/tuzlainfo.ba\/#website","url":"https:\/\/tuzlainfo.ba\/","name":"TuzlaInfo.ba","description":"Tuzla info, gradski informator - Tuzla na dlanu","publisher":{"@id":"https:\/\/tuzlainfo.ba\/#organization"},"potentialAction":[{"@type":"SearchAction","target":{"@type":"EntryPoint","urlTemplate":"https:\/\/tuzlainfo.ba\/?s={search_term_string}"},"query-input":{"@type":"PropertyValueSpecification","valueRequired":true,"valueName":"search_term_string"}}],"inLanguage":"bs-BA"},{"@type":"Organization","@id":"https:\/\/tuzlainfo.ba\/#organization","name":"TuzlaInfo.ba","url":"https:\/\/tuzlainfo.ba\/","logo":{"@type":"ImageObject","inLanguage":"bs-BA","@id":"https:\/\/tuzlainfo.ba\/#\/schema\/logo\/image\/","url":"https:\/\/tuzlainfo.ba\/wp-content\/uploads\/2021\/03\/logo-ver-3-1.png","contentUrl":"https:\/\/tuzlainfo.ba\/wp-content\/uploads\/2021\/03\/logo-ver-3-1.png","width":350,"height":95,"caption":"TuzlaInfo.ba"},"image":{"@id":"https:\/\/tuzlainfo.ba\/#\/schema\/logo\/image\/"},"sameAs":["https:\/\/www.facebook.com\/tuzlainfo.ba\/"]},{"@type":"Person","@id":"https:\/\/tuzlainfo.ba\/#\/schema\/person\/f434e20dc27ea133923aab08451b7f7f","name":"nedim","image":{"@type":"ImageObject","inLanguage":"bs-BA","@id":"https:\/\/tuzlainfo.ba\/#\/schema\/person\/image\/","url":"https:\/\/tuzlainfo.ba\/wp-content\/litespeed\/avatar\/aabad687af24844af817603ac1cbdc4f.jpg?ver=1776702173","contentUrl":"https:\/\/tuzlainfo.ba\/wp-content\/litespeed\/avatar\/aabad687af24844af817603ac1cbdc4f.jpg?ver=1776702173","caption":"nedim"},"description":"Tuzlainfo.ba pratite na dru\u0161tvenim mre\u017eama: Facebook, Instagram i Youtube. Svoje pri\u010de, upite i fotografije \u0161aljite na na\u0161u e-mail adresu."}]}},"_links":{"self":[{"href":"https:\/\/tuzlainfo.ba\/index.php\/wp-json\/wp\/v2\/posts\/212933"}],"collection":[{"href":"https:\/\/tuzlainfo.ba\/index.php\/wp-json\/wp\/v2\/posts"}],"about":[{"href":"https:\/\/tuzlainfo.ba\/index.php\/wp-json\/wp\/v2\/types\/post"}],"author":[{"embeddable":true,"href":"https:\/\/tuzlainfo.ba\/index.php\/wp-json\/wp\/v2\/users\/2"}],"replies":[{"embeddable":true,"href":"https:\/\/tuzlainfo.ba\/index.php\/wp-json\/wp\/v2\/comments?post=212933"}],"version-history":[{"count":0,"href":"https:\/\/tuzlainfo.ba\/index.php\/wp-json\/wp\/v2\/posts\/212933\/revisions"}],"wp:featuredmedia":[{"embeddable":true,"href":"https:\/\/tuzlainfo.ba\/index.php\/wp-json\/wp\/v2\/media\/212934"}],"wp:attachment":[{"href":"https:\/\/tuzlainfo.ba\/index.php\/wp-json\/wp\/v2\/media?parent=212933"}],"wp:term":[{"taxonomy":"category","embeddable":true,"href":"https:\/\/tuzlainfo.ba\/index.php\/wp-json\/wp\/v2\/categories?post=212933"},{"taxonomy":"post_tag","embeddable":true,"href":"https:\/\/tuzlainfo.ba\/index.php\/wp-json\/wp\/v2\/tags?post=212933"}],"curies":[{"name":"wp","href":"https:\/\/api.w.org\/{rel}","templated":true}]}}