{"id":212823,"date":"2023-08-04T21:04:35","date_gmt":"2023-08-04T19:04:35","guid":{"rendered":"https:\/\/tuzlainfo.ba\/?p=212823"},"modified":"2023-08-04T21:04:35","modified_gmt":"2023-08-04T19:04:35","slug":"fbih-pocinje-obnova-postupka-za-sticanje-prava-na-djeciji-dodatak","status":"publish","type":"post","link":"https:\/\/tuzlainfo.ba\/index.php\/bosna-i-hercegovina\/item\/212823-fbih-pocinje-obnova-postupka-za-sticanje-prava-na-djeciji-dodatak\/","title":{"rendered":"FBiH: Po\u010dinje obnova postupka za sticanje prava na dje\u010diji dodatak"},"content":{"rendered":"<p style=\"font-weight: 400;\">Iz Federalnog ministarstva rada i socijalne politike saop\u0107eno je da je, u skladu sa\u00a0\u00a0Zakonom o materijalnoj podr\u0161ci s djecom u FBiH, zakonski zastupnik djeteta koje je ostvarilo pravo na dje\u010dji dodatak du\u017ean obnoviti zahtjev za nastavak ostvarivanja prava na dje\u010dji dodatak u mjesecu prije isteka prava.<\/p>\n<p style=\"font-weight: 400;\">Obnova postupka podrazumijeva da, ukoliko pravo prestaje zaklju\u010dno s mjesecom septembrom, zahtjev za nastavak ostvarivanja prava na dje\u010dji dodatak podnosi se u mjesecu augustu.<\/p>\n<p style=\"font-weight: 400;\">&#8211; Zbog velikog broja upita vezano za obnovu postupka va\u017eno nam je naglasiti da nastavak ostvarivanja prava na dje\u010dji dodatak ne mo\u017ee zapo\u010deti prije narednog mjeseca u odnosu na mjesec u kojemu je pravo na dje\u010dji dodatak po Zakonu isteklo po prethodno podnesenom zahtjevu. Dakle, ukoliko je zahtjev na osnovu kojega je doneseno rje\u0161enje o priznavanju prava na dje\u010dji dodatak po Zakonu podnesen u mjesecu oktobru 2022. godine, do prestanka prava dolazi nakon 12 mjeseci, odnosno zaklju\u010dno s mjesecom septembrom 2023. godine. U takvoj situaciji, nastavak ostvarivanja prava na dje\u010diji dodatak mo\u017ee po\u010deti te\u0107i tek od mjeseca oktobra 2023. godine, pod uslovom da je zahtjev podnesen u mjesecu augustu &#8211; najavio je federalni ministar rada i socijalne politike Adnan Deli\u0107.<\/p>\n<p style=\"font-weight: 400;\">Iz Ministarstva isti\u010du da se obnovljeni zahtjev za ostvarivanje prava podnosi na obrascu propisanom pravilnikom posebno za svako pojedino dijete, koji treba biti potpisan od strane zakonskog zastupnika djeteta u \u010dije se ime podnosi zahtjev.<\/p>\n<p style=\"font-weight: 400;\">Uz zahtjev za nastavak ostvarivanja prava na dje\u010dji dodatak potrebno je pribaviti i osnovnu dokumentaciju. Detaljne informacije o dokumentaciji nalaze se na web stranici Federalnog ministarstva rada i socijalne politke.<\/p>\n<p style=\"font-weight: 400;\">Iz Ministarstva napominju da u situaciji kada uprkos slu\u017ebenom zahtjevu upu\u0107enom prema drugim nadle\u017enim institucijama (porezna uprava, slu\u017ebe za zapo\u0161ljavanje i sli\u010dno) dolazi do neopravdanog ka\u0161njenja u dostavljanju tra\u017eenih podataka ili dokumentacije, tada centri za socijalni rad, odnosno op\u0107inske slu\u017ebe socijalne za\u0161tite mogu tra\u017eiti od podnositelja zahtjeva pribavljanje navedene dokumentacije kojom se dokazuju prihodi kako bi se blagovremeno rije\u0161ili njihovi zahtjevi, saop\u0107eno je iz Federalnog ministarstva rada i socijalne politike.<\/p>\n","protected":false},"excerpt":{"rendered":"<p>Iz Federalnog ministarstva rada i socijalne politike saop\u0107eno je da je, u skladu sa\u00a0\u00a0Zakonom o&hellip;<\/p>\n","protected":false},"author":2,"featured_media":212824,"comment_status":"open","ping_status":"closed","sticky":false,"template":"","format":"standard","meta":{"_acf_changed":false,"footnotes":""},"categories":[291],"tags":[7839],"acf":[],"yoast_head":"<!-- This site is optimized with the Yoast SEO plugin v23.5 - https:\/\/yoast.com\/wordpress\/plugins\/seo\/ -->\n<title>FBiH: Po\u010dinje obnova postupka za sticanje prava na dje\u010diji dodatak - TuzlaInfo.ba<\/title>\n<meta name=\"robots\" content=\"index, follow, max-snippet:-1, max-image-preview:large, max-video-preview:-1\" \/>\n<link rel=\"canonical\" href=\"https:\/\/tuzlainfo.ba\/index.php\/bosna-i-hercegovina\/item\/212823-fbih-pocinje-obnova-postupka-za-sticanje-prava-na-djeciji-dodatak\/\" \/>\n<meta property=\"og:locale\" content=\"bs_BA\" \/>\n<meta property=\"og:type\" content=\"article\" \/>\n<meta property=\"og:title\" content=\"FBiH: Po\u010dinje obnova postupka za sticanje prava na dje\u010diji dodatak - TuzlaInfo.ba\" \/>\n<meta property=\"og:description\" content=\"Iz Federalnog ministarstva rada i socijalne politike saop\u0107eno je da je, u skladu sa\u00a0\u00a0Zakonom o&hellip;\" \/>\n<meta property=\"og:url\" content=\"https:\/\/tuzlainfo.ba\/index.php\/bosna-i-hercegovina\/item\/212823-fbih-pocinje-obnova-postupka-za-sticanje-prava-na-djeciji-dodatak\/\" \/>\n<meta property=\"og:site_name\" content=\"TuzlaInfo.ba\" \/>\n<meta property=\"article:publisher\" content=\"https:\/\/www.facebook.com\/tuzlainfo.ba\/\" \/>\n<meta property=\"article:published_time\" content=\"2023-08-04T19:04:35+00:00\" \/>\n<meta property=\"og:image\" content=\"https:\/\/tuzlainfo.ba\/wp-content\/uploads\/2023\/08\/0408_djeca.jpg\" \/>\n\t<meta property=\"og:image:width\" content=\"1000\" \/>\n\t<meta property=\"og:image:height\" content=\"638\" \/>\n\t<meta property=\"og:image:type\" content=\"image\/jpeg\" \/>\n<meta name=\"author\" content=\"nedim\" \/>\n<meta name=\"twitter:card\" content=\"summary_large_image\" \/>\n<meta name=\"twitter:label1\" content=\"Written by\" \/>\n\t<meta name=\"twitter:data1\" content=\"nedim\" \/>\n\t<meta name=\"twitter:label2\" content=\"Est. reading time\" \/>\n\t<meta name=\"twitter:data2\" content=\"2 minute\" \/>\n<script type=\"application\/ld+json\" class=\"yoast-schema-graph\">{\"@context\":\"https:\/\/schema.org\",\"@graph\":[{\"@type\":\"Article\",\"@id\":\"https:\/\/tuzlainfo.ba\/index.php\/bosna-i-hercegovina\/item\/212823-fbih-pocinje-obnova-postupka-za-sticanje-prava-na-djeciji-dodatak\/#article\",\"isPartOf\":{\"@id\":\"https:\/\/tuzlainfo.ba\/index.php\/bosna-i-hercegovina\/item\/212823-fbih-pocinje-obnova-postupka-za-sticanje-prava-na-djeciji-dodatak\/\"},\"author\":{\"name\":\"nedim\",\"@id\":\"https:\/\/tuzlainfo.ba\/#\/schema\/person\/f434e20dc27ea133923aab08451b7f7f\"},\"headline\":\"FBiH: Po\u010dinje obnova postupka za sticanje prava na dje\u010diji dodatak\",\"datePublished\":\"2023-08-04T19:04:35+00:00\",\"dateModified\":\"2023-08-04T19:04:35+00:00\",\"mainEntityOfPage\":{\"@id\":\"https:\/\/tuzlainfo.ba\/index.php\/bosna-i-hercegovina\/item\/212823-fbih-pocinje-obnova-postupka-za-sticanje-prava-na-djeciji-dodatak\/\"},\"wordCount\":369,\"commentCount\":0,\"publisher\":{\"@id\":\"https:\/\/tuzlainfo.ba\/#organization\"},\"image\":{\"@id\":\"https:\/\/tuzlainfo.ba\/index.php\/bosna-i-hercegovina\/item\/212823-fbih-pocinje-obnova-postupka-za-sticanje-prava-na-djeciji-dodatak\/#primaryimage\"},\"thumbnailUrl\":\"https:\/\/tuzlainfo.ba\/wp-content\/uploads\/2023\/08\/0408_djeca.jpg\",\"keywords\":[\"federalni dje\u010diji dodatak\"],\"articleSection\":[\"Bosna i Hercegovina\"],\"inLanguage\":\"bs-BA\"},{\"@type\":\"WebPage\",\"@id\":\"https:\/\/tuzlainfo.ba\/index.php\/bosna-i-hercegovina\/item\/212823-fbih-pocinje-obnova-postupka-za-sticanje-prava-na-djeciji-dodatak\/\",\"url\":\"https:\/\/tuzlainfo.ba\/index.php\/bosna-i-hercegovina\/item\/212823-fbih-pocinje-obnova-postupka-za-sticanje-prava-na-djeciji-dodatak\/\",\"name\":\"FBiH: Po\u010dinje obnova postupka za sticanje prava na dje\u010diji dodatak - TuzlaInfo.ba\",\"isPartOf\":{\"@id\":\"https:\/\/tuzlainfo.ba\/#website\"},\"primaryImageOfPage\":{\"@id\":\"https:\/\/tuzlainfo.ba\/index.php\/bosna-i-hercegovina\/item\/212823-fbih-pocinje-obnova-postupka-za-sticanje-prava-na-djeciji-dodatak\/#primaryimage\"},\"image\":{\"@id\":\"https:\/\/tuzlainfo.ba\/index.php\/bosna-i-hercegovina\/item\/212823-fbih-pocinje-obnova-postupka-za-sticanje-prava-na-djeciji-dodatak\/#primaryimage\"},\"thumbnailUrl\":\"https:\/\/tuzlainfo.ba\/wp-content\/uploads\/2023\/08\/0408_djeca.jpg\",\"datePublished\":\"2023-08-04T19:04:35+00:00\",\"dateModified\":\"2023-08-04T19:04:35+00:00\",\"breadcrumb\":{\"@id\":\"https:\/\/tuzlainfo.ba\/index.php\/bosna-i-hercegovina\/item\/212823-fbih-pocinje-obnova-postupka-za-sticanje-prava-na-djeciji-dodatak\/#breadcrumb\"},\"inLanguage\":\"bs-BA\",\"potentialAction\":[{\"@type\":\"ReadAction\",\"target\":[\"https:\/\/tuzlainfo.ba\/index.php\/bosna-i-hercegovina\/item\/212823-fbih-pocinje-obnova-postupka-za-sticanje-prava-na-djeciji-dodatak\/\"]}]},{\"@type\":\"ImageObject\",\"inLanguage\":\"bs-BA\",\"@id\":\"https:\/\/tuzlainfo.ba\/index.php\/bosna-i-hercegovina\/item\/212823-fbih-pocinje-obnova-postupka-za-sticanje-prava-na-djeciji-dodatak\/#primaryimage\",\"url\":\"https:\/\/tuzlainfo.ba\/wp-content\/uploads\/2023\/08\/0408_djeca.jpg\",\"contentUrl\":\"https:\/\/tuzlainfo.ba\/wp-content\/uploads\/2023\/08\/0408_djeca.jpg\",\"width\":1000,\"height\":638,\"caption\":\"Photo by Kelly Sikkema on Unsplash\"},{\"@type\":\"BreadcrumbList\",\"@id\":\"https:\/\/tuzlainfo.ba\/index.php\/bosna-i-hercegovina\/item\/212823-fbih-pocinje-obnova-postupka-za-sticanje-prava-na-djeciji-dodatak\/#breadcrumb\",\"itemListElement\":[{\"@type\":\"ListItem\",\"position\":1,\"name\":\"Home\",\"item\":\"https:\/\/tuzlainfo.ba\/\"},{\"@type\":\"ListItem\",\"position\":2,\"name\":\"FBiH: Po\u010dinje obnova postupka za sticanje prava na dje\u010diji dodatak\"}]},{\"@type\":\"WebSite\",\"@id\":\"https:\/\/tuzlainfo.ba\/#website\",\"url\":\"https:\/\/tuzlainfo.ba\/\",\"name\":\"TuzlaInfo.ba\",\"description\":\"Tuzla info, gradski informator - Tuzla na dlanu\",\"publisher\":{\"@id\":\"https:\/\/tuzlainfo.ba\/#organization\"},\"potentialAction\":[{\"@type\":\"SearchAction\",\"target\":{\"@type\":\"EntryPoint\",\"urlTemplate\":\"https:\/\/tuzlainfo.ba\/?s={search_term_string}\"},\"query-input\":{\"@type\":\"PropertyValueSpecification\",\"valueRequired\":true,\"valueName\":\"search_term_string\"}}],\"inLanguage\":\"bs-BA\"},{\"@type\":\"Organization\",\"@id\":\"https:\/\/tuzlainfo.ba\/#organization\",\"name\":\"TuzlaInfo.ba\",\"url\":\"https:\/\/tuzlainfo.ba\/\",\"logo\":{\"@type\":\"ImageObject\",\"inLanguage\":\"bs-BA\",\"@id\":\"https:\/\/tuzlainfo.ba\/#\/schema\/logo\/image\/\",\"url\":\"https:\/\/tuzlainfo.ba\/wp-content\/uploads\/2021\/03\/logo-ver-3-1.png\",\"contentUrl\":\"https:\/\/tuzlainfo.ba\/wp-content\/uploads\/2021\/03\/logo-ver-3-1.png\",\"width\":350,\"height\":95,\"caption\":\"TuzlaInfo.ba\"},\"image\":{\"@id\":\"https:\/\/tuzlainfo.ba\/#\/schema\/logo\/image\/\"},\"sameAs\":[\"https:\/\/www.facebook.com\/tuzlainfo.ba\/\"]},{\"@type\":\"Person\",\"@id\":\"https:\/\/tuzlainfo.ba\/#\/schema\/person\/f434e20dc27ea133923aab08451b7f7f\",\"name\":\"nedim\",\"image\":{\"@type\":\"ImageObject\",\"inLanguage\":\"bs-BA\",\"@id\":\"https:\/\/tuzlainfo.ba\/#\/schema\/person\/image\/\",\"url\":\"https:\/\/tuzlainfo.ba\/wp-content\/litespeed\/avatar\/aabad687af24844af817603ac1cbdc4f.jpg?ver=1777306975\",\"contentUrl\":\"https:\/\/tuzlainfo.ba\/wp-content\/litespeed\/avatar\/aabad687af24844af817603ac1cbdc4f.jpg?ver=1777306975\",\"caption\":\"nedim\"},\"description\":\"Tuzlainfo.ba pratite na dru\u0161tvenim mre\u017eama: Facebook, Instagram i Youtube. Svoje pri\u010de, upite i fotografije \u0161aljite na na\u0161u e-mail adresu.\"}]}<\/script>\n<!-- \/ Yoast SEO plugin. -->","yoast_head_json":{"title":"FBiH: Po\u010dinje obnova postupka za sticanje prava na dje\u010diji dodatak - TuzlaInfo.ba","robots":{"index":"index","follow":"follow","max-snippet":"max-snippet:-1","max-image-preview":"max-image-preview:large","max-video-preview":"max-video-preview:-1"},"canonical":"https:\/\/tuzlainfo.ba\/index.php\/bosna-i-hercegovina\/item\/212823-fbih-pocinje-obnova-postupka-za-sticanje-prava-na-djeciji-dodatak\/","og_locale":"bs_BA","og_type":"article","og_title":"FBiH: Po\u010dinje obnova postupka za sticanje prava na dje\u010diji dodatak - TuzlaInfo.ba","og_description":"Iz Federalnog ministarstva rada i socijalne politike saop\u0107eno je da je, u skladu sa\u00a0\u00a0Zakonom o&hellip;","og_url":"https:\/\/tuzlainfo.ba\/index.php\/bosna-i-hercegovina\/item\/212823-fbih-pocinje-obnova-postupka-za-sticanje-prava-na-djeciji-dodatak\/","og_site_name":"TuzlaInfo.ba","article_publisher":"https:\/\/www.facebook.com\/tuzlainfo.ba\/","article_published_time":"2023-08-04T19:04:35+00:00","og_image":[{"width":1000,"height":638,"url":"https:\/\/tuzlainfo.ba\/wp-content\/uploads\/2023\/08\/0408_djeca.jpg","type":"image\/jpeg"}],"author":"nedim","twitter_card":"summary_large_image","twitter_misc":{"Written by":"nedim","Est. reading time":"2 minute"},"schema":{"@context":"https:\/\/schema.org","@graph":[{"@type":"Article","@id":"https:\/\/tuzlainfo.ba\/index.php\/bosna-i-hercegovina\/item\/212823-fbih-pocinje-obnova-postupka-za-sticanje-prava-na-djeciji-dodatak\/#article","isPartOf":{"@id":"https:\/\/tuzlainfo.ba\/index.php\/bosna-i-hercegovina\/item\/212823-fbih-pocinje-obnova-postupka-za-sticanje-prava-na-djeciji-dodatak\/"},"author":{"name":"nedim","@id":"https:\/\/tuzlainfo.ba\/#\/schema\/person\/f434e20dc27ea133923aab08451b7f7f"},"headline":"FBiH: Po\u010dinje obnova postupka za sticanje prava na dje\u010diji dodatak","datePublished":"2023-08-04T19:04:35+00:00","dateModified":"2023-08-04T19:04:35+00:00","mainEntityOfPage":{"@id":"https:\/\/tuzlainfo.ba\/index.php\/bosna-i-hercegovina\/item\/212823-fbih-pocinje-obnova-postupka-za-sticanje-prava-na-djeciji-dodatak\/"},"wordCount":369,"commentCount":0,"publisher":{"@id":"https:\/\/tuzlainfo.ba\/#organization"},"image":{"@id":"https:\/\/tuzlainfo.ba\/index.php\/bosna-i-hercegovina\/item\/212823-fbih-pocinje-obnova-postupka-za-sticanje-prava-na-djeciji-dodatak\/#primaryimage"},"thumbnailUrl":"https:\/\/tuzlainfo.ba\/wp-content\/uploads\/2023\/08\/0408_djeca.jpg","keywords":["federalni dje\u010diji dodatak"],"articleSection":["Bosna i Hercegovina"],"inLanguage":"bs-BA"},{"@type":"WebPage","@id":"https:\/\/tuzlainfo.ba\/index.php\/bosna-i-hercegovina\/item\/212823-fbih-pocinje-obnova-postupka-za-sticanje-prava-na-djeciji-dodatak\/","url":"https:\/\/tuzlainfo.ba\/index.php\/bosna-i-hercegovina\/item\/212823-fbih-pocinje-obnova-postupka-za-sticanje-prava-na-djeciji-dodatak\/","name":"FBiH: Po\u010dinje obnova postupka za sticanje prava na dje\u010diji dodatak - TuzlaInfo.ba","isPartOf":{"@id":"https:\/\/tuzlainfo.ba\/#website"},"primaryImageOfPage":{"@id":"https:\/\/tuzlainfo.ba\/index.php\/bosna-i-hercegovina\/item\/212823-fbih-pocinje-obnova-postupka-za-sticanje-prava-na-djeciji-dodatak\/#primaryimage"},"image":{"@id":"https:\/\/tuzlainfo.ba\/index.php\/bosna-i-hercegovina\/item\/212823-fbih-pocinje-obnova-postupka-za-sticanje-prava-na-djeciji-dodatak\/#primaryimage"},"thumbnailUrl":"https:\/\/tuzlainfo.ba\/wp-content\/uploads\/2023\/08\/0408_djeca.jpg","datePublished":"2023-08-04T19:04:35+00:00","dateModified":"2023-08-04T19:04:35+00:00","breadcrumb":{"@id":"https:\/\/tuzlainfo.ba\/index.php\/bosna-i-hercegovina\/item\/212823-fbih-pocinje-obnova-postupka-za-sticanje-prava-na-djeciji-dodatak\/#breadcrumb"},"inLanguage":"bs-BA","potentialAction":[{"@type":"ReadAction","target":["https:\/\/tuzlainfo.ba\/index.php\/bosna-i-hercegovina\/item\/212823-fbih-pocinje-obnova-postupka-za-sticanje-prava-na-djeciji-dodatak\/"]}]},{"@type":"ImageObject","inLanguage":"bs-BA","@id":"https:\/\/tuzlainfo.ba\/index.php\/bosna-i-hercegovina\/item\/212823-fbih-pocinje-obnova-postupka-za-sticanje-prava-na-djeciji-dodatak\/#primaryimage","url":"https:\/\/tuzlainfo.ba\/wp-content\/uploads\/2023\/08\/0408_djeca.jpg","contentUrl":"https:\/\/tuzlainfo.ba\/wp-content\/uploads\/2023\/08\/0408_djeca.jpg","width":1000,"height":638,"caption":"Photo by Kelly Sikkema on Unsplash"},{"@type":"BreadcrumbList","@id":"https:\/\/tuzlainfo.ba\/index.php\/bosna-i-hercegovina\/item\/212823-fbih-pocinje-obnova-postupka-za-sticanje-prava-na-djeciji-dodatak\/#breadcrumb","itemListElement":[{"@type":"ListItem","position":1,"name":"Home","item":"https:\/\/tuzlainfo.ba\/"},{"@type":"ListItem","position":2,"name":"FBiH: Po\u010dinje obnova postupka za sticanje prava na dje\u010diji dodatak"}]},{"@type":"WebSite","@id":"https:\/\/tuzlainfo.ba\/#website","url":"https:\/\/tuzlainfo.ba\/","name":"TuzlaInfo.ba","description":"Tuzla info, gradski informator - Tuzla na dlanu","publisher":{"@id":"https:\/\/tuzlainfo.ba\/#organization"},"potentialAction":[{"@type":"SearchAction","target":{"@type":"EntryPoint","urlTemplate":"https:\/\/tuzlainfo.ba\/?s={search_term_string}"},"query-input":{"@type":"PropertyValueSpecification","valueRequired":true,"valueName":"search_term_string"}}],"inLanguage":"bs-BA"},{"@type":"Organization","@id":"https:\/\/tuzlainfo.ba\/#organization","name":"TuzlaInfo.ba","url":"https:\/\/tuzlainfo.ba\/","logo":{"@type":"ImageObject","inLanguage":"bs-BA","@id":"https:\/\/tuzlainfo.ba\/#\/schema\/logo\/image\/","url":"https:\/\/tuzlainfo.ba\/wp-content\/uploads\/2021\/03\/logo-ver-3-1.png","contentUrl":"https:\/\/tuzlainfo.ba\/wp-content\/uploads\/2021\/03\/logo-ver-3-1.png","width":350,"height":95,"caption":"TuzlaInfo.ba"},"image":{"@id":"https:\/\/tuzlainfo.ba\/#\/schema\/logo\/image\/"},"sameAs":["https:\/\/www.facebook.com\/tuzlainfo.ba\/"]},{"@type":"Person","@id":"https:\/\/tuzlainfo.ba\/#\/schema\/person\/f434e20dc27ea133923aab08451b7f7f","name":"nedim","image":{"@type":"ImageObject","inLanguage":"bs-BA","@id":"https:\/\/tuzlainfo.ba\/#\/schema\/person\/image\/","url":"https:\/\/tuzlainfo.ba\/wp-content\/litespeed\/avatar\/aabad687af24844af817603ac1cbdc4f.jpg?ver=1777306975","contentUrl":"https:\/\/tuzlainfo.ba\/wp-content\/litespeed\/avatar\/aabad687af24844af817603ac1cbdc4f.jpg?ver=1777306975","caption":"nedim"},"description":"Tuzlainfo.ba pratite na dru\u0161tvenim mre\u017eama: Facebook, Instagram i Youtube. Svoje pri\u010de, upite i fotografije \u0161aljite na na\u0161u e-mail adresu."}]}},"_links":{"self":[{"href":"https:\/\/tuzlainfo.ba\/index.php\/wp-json\/wp\/v2\/posts\/212823"}],"collection":[{"href":"https:\/\/tuzlainfo.ba\/index.php\/wp-json\/wp\/v2\/posts"}],"about":[{"href":"https:\/\/tuzlainfo.ba\/index.php\/wp-json\/wp\/v2\/types\/post"}],"author":[{"embeddable":true,"href":"https:\/\/tuzlainfo.ba\/index.php\/wp-json\/wp\/v2\/users\/2"}],"replies":[{"embeddable":true,"href":"https:\/\/tuzlainfo.ba\/index.php\/wp-json\/wp\/v2\/comments?post=212823"}],"version-history":[{"count":0,"href":"https:\/\/tuzlainfo.ba\/index.php\/wp-json\/wp\/v2\/posts\/212823\/revisions"}],"wp:featuredmedia":[{"embeddable":true,"href":"https:\/\/tuzlainfo.ba\/index.php\/wp-json\/wp\/v2\/media\/212824"}],"wp:attachment":[{"href":"https:\/\/tuzlainfo.ba\/index.php\/wp-json\/wp\/v2\/media?parent=212823"}],"wp:term":[{"taxonomy":"category","embeddable":true,"href":"https:\/\/tuzlainfo.ba\/index.php\/wp-json\/wp\/v2\/categories?post=212823"},{"taxonomy":"post_tag","embeddable":true,"href":"https:\/\/tuzlainfo.ba\/index.php\/wp-json\/wp\/v2\/tags?post=212823"}],"curies":[{"name":"wp","href":"https:\/\/api.w.org\/{rel}","templated":true}]}}