{"id":212812,"date":"2023-08-04T19:13:21","date_gmt":"2023-08-04T17:13:21","guid":{"rendered":"https:\/\/tuzlainfo.ba\/?p=212812"},"modified":"2023-08-04T19:13:21","modified_gmt":"2023-08-04T17:13:21","slug":"becirovic-na-dodikove-uvrede-odgovorio-dva-smo-svijeta-razlicita","status":"publish","type":"post","link":"https:\/\/tuzlainfo.ba\/index.php\/bosna-i-hercegovina\/item\/212812-becirovic-na-dodikove-uvrede-odgovorio-dva-smo-svijeta-razlicita\/","title":{"rendered":"Be\u0107irovi\u0107 na Dodikove uvrede odgovorio: &#8220;Dva smo svijeta razli\u010dita&#8221;"},"content":{"rendered":"<p>Nakon \u0161to je predsjednik Republike Srpske Milorad Dodik danas bez ikakvih ko\u010dnica izvrije\u0111ao \u010dlana Predsjedni\u0161tva Bosne i Hercegovine Denisa Be\u0107irovi\u0107a, on se oglasio kazav\u0161i da se ne\u0107e spustiti na njegov nivo.<\/p>\n<p>Posljednji Dodikov komentar o Be\u0107irovi\u0107u je obilovao uvredama prilikom \u010dega ga je nazvao umobolnim te mu preporu\u010dio doktora za lije\u010denje na psihijatrijskoj klinici. Ta objava je uslijedila nakon \u0161to je Be\u0107irovi\u0107 komentarisao odnos Aleksandra Vu\u010di\u0107a prema BiH.<\/p>\n<div id=\"text\" class=\"break-words mt-3 text-lg lg:text-xl space-y-4 mb-3 leading-6 md:leading-8 dark:text-gray-200\">\n<p>Be\u0107irovi\u0107 je Dodiku nakon posljednjih uvreda poru\u010dio &#8220;dva smo svijeta razli\u010dita&#8221;.<\/p>\n<p>&#8220;Nekontrolisani napadi bijesa, agresije i panike ne mogu pomo\u0107i Dodiku. On bi volio da me mo\u017ee isprovocirati i spustiti na njegov prizemni i prosta\u010dki nivo. Na njegovu veliku \u017ealost ne mo\u017ee&#8221;, rekao je Be\u0107irovi\u0107.<\/p>\n<p>On je tako\u0111er podsjetio i da je Dodik osoba koja je sklona uvredama.<\/p>\n<p>&#8220;Od osobe koja je izvrije\u0111ala porodicu Novaka \u0110okovi\u0107a, zapadne ambasadore, brojne novinare i bh. zvani\u010dnike ne mo\u017eete o\u010dekivati pristojnost. Dodiku ostavljam da se valja u blatu uvreda, a ja nastavljam jo\u0161 ja\u010de argumentima i \u010dinjenicama. Dva smo svijeta razli\u010dita&#8221;, poru\u010dio je Be\u0107irovi\u0107.<\/p>\n<\/div>\n<div class=\"lg:max-w-2xl lg:mx-auto mt-3 text-lg md:text-xl mb-3 leading-6 md:leading-8 dark:text-gray-200\">\n<p>Intenzivna rasprava izme\u0111u Dodika i Be\u0107irovi\u0107a traje od ju\u010der nakon \u0161to je Dodik reagovao zbog hitnog sastanka u OHR-u, koji je inicirao Be\u0107irovi\u0107 kako bi sa visokim predstavnikom razgovarao o problemima u BiH.<\/p>\n<p>Dodik je tada kazao da se Be\u0107irovi\u0107 &#8220;umi\u0161lja&#8221; i da mora biti svjestan da predstavlja samo jednu tre\u0107inu Predsjedni\u0161tva BiH, a ne kompletnu dr\u017eavu. Pri tome je provocirao nazivaju\u0107i Be\u0107irovi\u0107a &#8220;muslimanskim predstavnikom&#8221;.<\/p>\n<p>Be\u0107irovi\u0107 je odmah reagovao poru\u010div\u0161i Dodiku da se psovke i uvrede koriste u nedostatku argumenata.<\/p>\n<p>&#8220;Nije dobro da se Dodik previ\u0161e nervira. A \u0161to se mene ti\u010de, nastavljam samo argumentima i \u010dinjenicama. Ko ima argumente njemu ne trebaju psovke i uvrede&#8221;, poru\u010dio je Be\u0107irovi\u0107 ju\u010der.<\/p>\n<\/div>\n","protected":false},"excerpt":{"rendered":"<p>Nakon \u0161to je predsjednik Republike Srpske Milorad Dodik danas bez ikakvih ko\u010dnica izvrije\u0111ao \u010dlana Predsjedni\u0161tva&hellip;<\/p>\n","protected":false},"author":2,"featured_media":185706,"comment_status":"open","ping_status":"closed","sticky":false,"template":"","format":"standard","meta":{"_acf_changed":false,"footnotes":""},"categories":[291],"tags":[7513,535],"acf":[],"yoast_head":"<!-- This site is optimized with the Yoast SEO plugin v23.5 - https:\/\/yoast.com\/wordpress\/plugins\/seo\/ -->\n<title>Be\u0107irovi\u0107 na Dodikove uvrede odgovorio: &quot;Dva smo svijeta razli\u010dita&quot; - TuzlaInfo.ba<\/title>\n<meta name=\"robots\" content=\"index, follow, max-snippet:-1, max-image-preview:large, max-video-preview:-1\" \/>\n<link rel=\"canonical\" href=\"https:\/\/tuzlainfo.ba\/index.php\/bosna-i-hercegovina\/item\/212812-becirovic-na-dodikove-uvrede-odgovorio-dva-smo-svijeta-razlicita\/\" \/>\n<meta property=\"og:locale\" content=\"bs_BA\" \/>\n<meta property=\"og:type\" content=\"article\" \/>\n<meta property=\"og:title\" content=\"Be\u0107irovi\u0107 na Dodikove uvrede odgovorio: &quot;Dva smo svijeta razli\u010dita&quot; - TuzlaInfo.ba\" \/>\n<meta property=\"og:description\" content=\"Nakon \u0161to je predsjednik Republike Srpske Milorad Dodik danas bez ikakvih ko\u010dnica izvrije\u0111ao \u010dlana Predsjedni\u0161tva&hellip;\" \/>\n<meta property=\"og:url\" content=\"https:\/\/tuzlainfo.ba\/index.php\/bosna-i-hercegovina\/item\/212812-becirovic-na-dodikove-uvrede-odgovorio-dva-smo-svijeta-razlicita\/\" \/>\n<meta property=\"og:site_name\" content=\"TuzlaInfo.ba\" \/>\n<meta property=\"article:publisher\" content=\"https:\/\/www.facebook.com\/tuzlainfo.ba\/\" \/>\n<meta property=\"article:published_time\" content=\"2023-08-04T17:13:21+00:00\" \/>\n<meta property=\"og:image\" content=\"https:\/\/tuzlainfo.ba\/wp-content\/uploads\/2022\/10\/0210_denis_becirovic-1.jpg\" \/>\n\t<meta property=\"og:image:width\" content=\"800\" \/>\n\t<meta property=\"og:image:height\" content=\"532\" \/>\n\t<meta property=\"og:image:type\" content=\"image\/jpeg\" \/>\n<meta name=\"author\" content=\"nedim\" \/>\n<meta name=\"twitter:card\" content=\"summary_large_image\" \/>\n<meta name=\"twitter:label1\" content=\"Written by\" \/>\n\t<meta name=\"twitter:data1\" content=\"nedim\" \/>\n\t<meta name=\"twitter:label2\" content=\"Est. reading time\" \/>\n\t<meta name=\"twitter:data2\" content=\"2 minute\" \/>\n<script type=\"application\/ld+json\" class=\"yoast-schema-graph\">{\"@context\":\"https:\/\/schema.org\",\"@graph\":[{\"@type\":\"Article\",\"@id\":\"https:\/\/tuzlainfo.ba\/index.php\/bosna-i-hercegovina\/item\/212812-becirovic-na-dodikove-uvrede-odgovorio-dva-smo-svijeta-razlicita\/#article\",\"isPartOf\":{\"@id\":\"https:\/\/tuzlainfo.ba\/index.php\/bosna-i-hercegovina\/item\/212812-becirovic-na-dodikove-uvrede-odgovorio-dva-smo-svijeta-razlicita\/\"},\"author\":{\"name\":\"nedim\",\"@id\":\"https:\/\/tuzlainfo.ba\/#\/schema\/person\/f434e20dc27ea133923aab08451b7f7f\"},\"headline\":\"Be\u0107irovi\u0107 na Dodikove uvrede odgovorio: &#8220;Dva smo svijeta razli\u010dita&#8221;\",\"datePublished\":\"2023-08-04T17:13:21+00:00\",\"dateModified\":\"2023-08-04T17:13:21+00:00\",\"mainEntityOfPage\":{\"@id\":\"https:\/\/tuzlainfo.ba\/index.php\/bosna-i-hercegovina\/item\/212812-becirovic-na-dodikove-uvrede-odgovorio-dva-smo-svijeta-razlicita\/\"},\"wordCount\":342,\"commentCount\":0,\"publisher\":{\"@id\":\"https:\/\/tuzlainfo.ba\/#organization\"},\"image\":{\"@id\":\"https:\/\/tuzlainfo.ba\/index.php\/bosna-i-hercegovina\/item\/212812-becirovic-na-dodikove-uvrede-odgovorio-dva-smo-svijeta-razlicita\/#primaryimage\"},\"thumbnailUrl\":\"https:\/\/tuzlainfo.ba\/wp-content\/uploads\/2022\/10\/0210_denis_becirovic-1.jpg\",\"keywords\":[\"denis becirevic\",\"milorad dodik\"],\"articleSection\":[\"Bosna i Hercegovina\"],\"inLanguage\":\"bs-BA\"},{\"@type\":\"WebPage\",\"@id\":\"https:\/\/tuzlainfo.ba\/index.php\/bosna-i-hercegovina\/item\/212812-becirovic-na-dodikove-uvrede-odgovorio-dva-smo-svijeta-razlicita\/\",\"url\":\"https:\/\/tuzlainfo.ba\/index.php\/bosna-i-hercegovina\/item\/212812-becirovic-na-dodikove-uvrede-odgovorio-dva-smo-svijeta-razlicita\/\",\"name\":\"Be\u0107irovi\u0107 na Dodikove uvrede odgovorio: \\\"Dva smo svijeta razli\u010dita\\\" - TuzlaInfo.ba\",\"isPartOf\":{\"@id\":\"https:\/\/tuzlainfo.ba\/#website\"},\"primaryImageOfPage\":{\"@id\":\"https:\/\/tuzlainfo.ba\/index.php\/bosna-i-hercegovina\/item\/212812-becirovic-na-dodikove-uvrede-odgovorio-dva-smo-svijeta-razlicita\/#primaryimage\"},\"image\":{\"@id\":\"https:\/\/tuzlainfo.ba\/index.php\/bosna-i-hercegovina\/item\/212812-becirovic-na-dodikove-uvrede-odgovorio-dva-smo-svijeta-razlicita\/#primaryimage\"},\"thumbnailUrl\":\"https:\/\/tuzlainfo.ba\/wp-content\/uploads\/2022\/10\/0210_denis_becirovic-1.jpg\",\"datePublished\":\"2023-08-04T17:13:21+00:00\",\"dateModified\":\"2023-08-04T17:13:21+00:00\",\"breadcrumb\":{\"@id\":\"https:\/\/tuzlainfo.ba\/index.php\/bosna-i-hercegovina\/item\/212812-becirovic-na-dodikove-uvrede-odgovorio-dva-smo-svijeta-razlicita\/#breadcrumb\"},\"inLanguage\":\"bs-BA\",\"potentialAction\":[{\"@type\":\"ReadAction\",\"target\":[\"https:\/\/tuzlainfo.ba\/index.php\/bosna-i-hercegovina\/item\/212812-becirovic-na-dodikove-uvrede-odgovorio-dva-smo-svijeta-razlicita\/\"]}]},{\"@type\":\"ImageObject\",\"inLanguage\":\"bs-BA\",\"@id\":\"https:\/\/tuzlainfo.ba\/index.php\/bosna-i-hercegovina\/item\/212812-becirovic-na-dodikove-uvrede-odgovorio-dva-smo-svijeta-razlicita\/#primaryimage\",\"url\":\"https:\/\/tuzlainfo.ba\/wp-content\/uploads\/2022\/10\/0210_denis_becirovic-1.jpg\",\"contentUrl\":\"https:\/\/tuzlainfo.ba\/wp-content\/uploads\/2022\/10\/0210_denis_becirovic-1.jpg\",\"width\":800,\"height\":532},{\"@type\":\"BreadcrumbList\",\"@id\":\"https:\/\/tuzlainfo.ba\/index.php\/bosna-i-hercegovina\/item\/212812-becirovic-na-dodikove-uvrede-odgovorio-dva-smo-svijeta-razlicita\/#breadcrumb\",\"itemListElement\":[{\"@type\":\"ListItem\",\"position\":1,\"name\":\"Home\",\"item\":\"https:\/\/tuzlainfo.ba\/\"},{\"@type\":\"ListItem\",\"position\":2,\"name\":\"Be\u0107irovi\u0107 na Dodikove uvrede odgovorio: &#8220;Dva smo svijeta razli\u010dita&#8221;\"}]},{\"@type\":\"WebSite\",\"@id\":\"https:\/\/tuzlainfo.ba\/#website\",\"url\":\"https:\/\/tuzlainfo.ba\/\",\"name\":\"TuzlaInfo.ba\",\"description\":\"Tuzla info, gradski informator - Tuzla na dlanu\",\"publisher\":{\"@id\":\"https:\/\/tuzlainfo.ba\/#organization\"},\"potentialAction\":[{\"@type\":\"SearchAction\",\"target\":{\"@type\":\"EntryPoint\",\"urlTemplate\":\"https:\/\/tuzlainfo.ba\/?s={search_term_string}\"},\"query-input\":{\"@type\":\"PropertyValueSpecification\",\"valueRequired\":true,\"valueName\":\"search_term_string\"}}],\"inLanguage\":\"bs-BA\"},{\"@type\":\"Organization\",\"@id\":\"https:\/\/tuzlainfo.ba\/#organization\",\"name\":\"TuzlaInfo.ba\",\"url\":\"https:\/\/tuzlainfo.ba\/\",\"logo\":{\"@type\":\"ImageObject\",\"inLanguage\":\"bs-BA\",\"@id\":\"https:\/\/tuzlainfo.ba\/#\/schema\/logo\/image\/\",\"url\":\"https:\/\/tuzlainfo.ba\/wp-content\/uploads\/2021\/03\/logo-ver-3-1.png\",\"contentUrl\":\"https:\/\/tuzlainfo.ba\/wp-content\/uploads\/2021\/03\/logo-ver-3-1.png\",\"width\":350,\"height\":95,\"caption\":\"TuzlaInfo.ba\"},\"image\":{\"@id\":\"https:\/\/tuzlainfo.ba\/#\/schema\/logo\/image\/\"},\"sameAs\":[\"https:\/\/www.facebook.com\/tuzlainfo.ba\/\"]},{\"@type\":\"Person\",\"@id\":\"https:\/\/tuzlainfo.ba\/#\/schema\/person\/f434e20dc27ea133923aab08451b7f7f\",\"name\":\"nedim\",\"image\":{\"@type\":\"ImageObject\",\"inLanguage\":\"bs-BA\",\"@id\":\"https:\/\/tuzlainfo.ba\/#\/schema\/person\/image\/\",\"url\":\"https:\/\/tuzlainfo.ba\/wp-content\/litespeed\/avatar\/aabad687af24844af817603ac1cbdc4f.jpg?ver=1776702173\",\"contentUrl\":\"https:\/\/tuzlainfo.ba\/wp-content\/litespeed\/avatar\/aabad687af24844af817603ac1cbdc4f.jpg?ver=1776702173\",\"caption\":\"nedim\"},\"description\":\"Tuzlainfo.ba pratite na dru\u0161tvenim mre\u017eama: Facebook, Instagram i Youtube. Svoje pri\u010de, upite i fotografije \u0161aljite na na\u0161u e-mail adresu.\"}]}<\/script>\n<!-- \/ Yoast SEO plugin. -->","yoast_head_json":{"title":"Be\u0107irovi\u0107 na Dodikove uvrede odgovorio: \"Dva smo svijeta razli\u010dita\" - TuzlaInfo.ba","robots":{"index":"index","follow":"follow","max-snippet":"max-snippet:-1","max-image-preview":"max-image-preview:large","max-video-preview":"max-video-preview:-1"},"canonical":"https:\/\/tuzlainfo.ba\/index.php\/bosna-i-hercegovina\/item\/212812-becirovic-na-dodikove-uvrede-odgovorio-dva-smo-svijeta-razlicita\/","og_locale":"bs_BA","og_type":"article","og_title":"Be\u0107irovi\u0107 na Dodikove uvrede odgovorio: \"Dva smo svijeta razli\u010dita\" - TuzlaInfo.ba","og_description":"Nakon \u0161to je predsjednik Republike Srpske Milorad Dodik danas bez ikakvih ko\u010dnica izvrije\u0111ao \u010dlana Predsjedni\u0161tva&hellip;","og_url":"https:\/\/tuzlainfo.ba\/index.php\/bosna-i-hercegovina\/item\/212812-becirovic-na-dodikove-uvrede-odgovorio-dva-smo-svijeta-razlicita\/","og_site_name":"TuzlaInfo.ba","article_publisher":"https:\/\/www.facebook.com\/tuzlainfo.ba\/","article_published_time":"2023-08-04T17:13:21+00:00","og_image":[{"width":800,"height":532,"url":"https:\/\/tuzlainfo.ba\/wp-content\/uploads\/2022\/10\/0210_denis_becirovic-1.jpg","type":"image\/jpeg"}],"author":"nedim","twitter_card":"summary_large_image","twitter_misc":{"Written by":"nedim","Est. reading time":"2 minute"},"schema":{"@context":"https:\/\/schema.org","@graph":[{"@type":"Article","@id":"https:\/\/tuzlainfo.ba\/index.php\/bosna-i-hercegovina\/item\/212812-becirovic-na-dodikove-uvrede-odgovorio-dva-smo-svijeta-razlicita\/#article","isPartOf":{"@id":"https:\/\/tuzlainfo.ba\/index.php\/bosna-i-hercegovina\/item\/212812-becirovic-na-dodikove-uvrede-odgovorio-dva-smo-svijeta-razlicita\/"},"author":{"name":"nedim","@id":"https:\/\/tuzlainfo.ba\/#\/schema\/person\/f434e20dc27ea133923aab08451b7f7f"},"headline":"Be\u0107irovi\u0107 na Dodikove uvrede odgovorio: &#8220;Dva smo svijeta razli\u010dita&#8221;","datePublished":"2023-08-04T17:13:21+00:00","dateModified":"2023-08-04T17:13:21+00:00","mainEntityOfPage":{"@id":"https:\/\/tuzlainfo.ba\/index.php\/bosna-i-hercegovina\/item\/212812-becirovic-na-dodikove-uvrede-odgovorio-dva-smo-svijeta-razlicita\/"},"wordCount":342,"commentCount":0,"publisher":{"@id":"https:\/\/tuzlainfo.ba\/#organization"},"image":{"@id":"https:\/\/tuzlainfo.ba\/index.php\/bosna-i-hercegovina\/item\/212812-becirovic-na-dodikove-uvrede-odgovorio-dva-smo-svijeta-razlicita\/#primaryimage"},"thumbnailUrl":"https:\/\/tuzlainfo.ba\/wp-content\/uploads\/2022\/10\/0210_denis_becirovic-1.jpg","keywords":["denis becirevic","milorad dodik"],"articleSection":["Bosna i Hercegovina"],"inLanguage":"bs-BA"},{"@type":"WebPage","@id":"https:\/\/tuzlainfo.ba\/index.php\/bosna-i-hercegovina\/item\/212812-becirovic-na-dodikove-uvrede-odgovorio-dva-smo-svijeta-razlicita\/","url":"https:\/\/tuzlainfo.ba\/index.php\/bosna-i-hercegovina\/item\/212812-becirovic-na-dodikove-uvrede-odgovorio-dva-smo-svijeta-razlicita\/","name":"Be\u0107irovi\u0107 na Dodikove uvrede odgovorio: \"Dva smo svijeta razli\u010dita\" - TuzlaInfo.ba","isPartOf":{"@id":"https:\/\/tuzlainfo.ba\/#website"},"primaryImageOfPage":{"@id":"https:\/\/tuzlainfo.ba\/index.php\/bosna-i-hercegovina\/item\/212812-becirovic-na-dodikove-uvrede-odgovorio-dva-smo-svijeta-razlicita\/#primaryimage"},"image":{"@id":"https:\/\/tuzlainfo.ba\/index.php\/bosna-i-hercegovina\/item\/212812-becirovic-na-dodikove-uvrede-odgovorio-dva-smo-svijeta-razlicita\/#primaryimage"},"thumbnailUrl":"https:\/\/tuzlainfo.ba\/wp-content\/uploads\/2022\/10\/0210_denis_becirovic-1.jpg","datePublished":"2023-08-04T17:13:21+00:00","dateModified":"2023-08-04T17:13:21+00:00","breadcrumb":{"@id":"https:\/\/tuzlainfo.ba\/index.php\/bosna-i-hercegovina\/item\/212812-becirovic-na-dodikove-uvrede-odgovorio-dva-smo-svijeta-razlicita\/#breadcrumb"},"inLanguage":"bs-BA","potentialAction":[{"@type":"ReadAction","target":["https:\/\/tuzlainfo.ba\/index.php\/bosna-i-hercegovina\/item\/212812-becirovic-na-dodikove-uvrede-odgovorio-dva-smo-svijeta-razlicita\/"]}]},{"@type":"ImageObject","inLanguage":"bs-BA","@id":"https:\/\/tuzlainfo.ba\/index.php\/bosna-i-hercegovina\/item\/212812-becirovic-na-dodikove-uvrede-odgovorio-dva-smo-svijeta-razlicita\/#primaryimage","url":"https:\/\/tuzlainfo.ba\/wp-content\/uploads\/2022\/10\/0210_denis_becirovic-1.jpg","contentUrl":"https:\/\/tuzlainfo.ba\/wp-content\/uploads\/2022\/10\/0210_denis_becirovic-1.jpg","width":800,"height":532},{"@type":"BreadcrumbList","@id":"https:\/\/tuzlainfo.ba\/index.php\/bosna-i-hercegovina\/item\/212812-becirovic-na-dodikove-uvrede-odgovorio-dva-smo-svijeta-razlicita\/#breadcrumb","itemListElement":[{"@type":"ListItem","position":1,"name":"Home","item":"https:\/\/tuzlainfo.ba\/"},{"@type":"ListItem","position":2,"name":"Be\u0107irovi\u0107 na Dodikove uvrede odgovorio: &#8220;Dva smo svijeta razli\u010dita&#8221;"}]},{"@type":"WebSite","@id":"https:\/\/tuzlainfo.ba\/#website","url":"https:\/\/tuzlainfo.ba\/","name":"TuzlaInfo.ba","description":"Tuzla info, gradski informator - Tuzla na dlanu","publisher":{"@id":"https:\/\/tuzlainfo.ba\/#organization"},"potentialAction":[{"@type":"SearchAction","target":{"@type":"EntryPoint","urlTemplate":"https:\/\/tuzlainfo.ba\/?s={search_term_string}"},"query-input":{"@type":"PropertyValueSpecification","valueRequired":true,"valueName":"search_term_string"}}],"inLanguage":"bs-BA"},{"@type":"Organization","@id":"https:\/\/tuzlainfo.ba\/#organization","name":"TuzlaInfo.ba","url":"https:\/\/tuzlainfo.ba\/","logo":{"@type":"ImageObject","inLanguage":"bs-BA","@id":"https:\/\/tuzlainfo.ba\/#\/schema\/logo\/image\/","url":"https:\/\/tuzlainfo.ba\/wp-content\/uploads\/2021\/03\/logo-ver-3-1.png","contentUrl":"https:\/\/tuzlainfo.ba\/wp-content\/uploads\/2021\/03\/logo-ver-3-1.png","width":350,"height":95,"caption":"TuzlaInfo.ba"},"image":{"@id":"https:\/\/tuzlainfo.ba\/#\/schema\/logo\/image\/"},"sameAs":["https:\/\/www.facebook.com\/tuzlainfo.ba\/"]},{"@type":"Person","@id":"https:\/\/tuzlainfo.ba\/#\/schema\/person\/f434e20dc27ea133923aab08451b7f7f","name":"nedim","image":{"@type":"ImageObject","inLanguage":"bs-BA","@id":"https:\/\/tuzlainfo.ba\/#\/schema\/person\/image\/","url":"https:\/\/tuzlainfo.ba\/wp-content\/litespeed\/avatar\/aabad687af24844af817603ac1cbdc4f.jpg?ver=1776702173","contentUrl":"https:\/\/tuzlainfo.ba\/wp-content\/litespeed\/avatar\/aabad687af24844af817603ac1cbdc4f.jpg?ver=1776702173","caption":"nedim"},"description":"Tuzlainfo.ba pratite na dru\u0161tvenim mre\u017eama: Facebook, Instagram i Youtube. Svoje pri\u010de, upite i fotografije \u0161aljite na na\u0161u e-mail adresu."}]}},"_links":{"self":[{"href":"https:\/\/tuzlainfo.ba\/index.php\/wp-json\/wp\/v2\/posts\/212812"}],"collection":[{"href":"https:\/\/tuzlainfo.ba\/index.php\/wp-json\/wp\/v2\/posts"}],"about":[{"href":"https:\/\/tuzlainfo.ba\/index.php\/wp-json\/wp\/v2\/types\/post"}],"author":[{"embeddable":true,"href":"https:\/\/tuzlainfo.ba\/index.php\/wp-json\/wp\/v2\/users\/2"}],"replies":[{"embeddable":true,"href":"https:\/\/tuzlainfo.ba\/index.php\/wp-json\/wp\/v2\/comments?post=212812"}],"version-history":[{"count":0,"href":"https:\/\/tuzlainfo.ba\/index.php\/wp-json\/wp\/v2\/posts\/212812\/revisions"}],"wp:featuredmedia":[{"embeddable":true,"href":"https:\/\/tuzlainfo.ba\/index.php\/wp-json\/wp\/v2\/media\/185706"}],"wp:attachment":[{"href":"https:\/\/tuzlainfo.ba\/index.php\/wp-json\/wp\/v2\/media?parent=212812"}],"wp:term":[{"taxonomy":"category","embeddable":true,"href":"https:\/\/tuzlainfo.ba\/index.php\/wp-json\/wp\/v2\/categories?post=212812"},{"taxonomy":"post_tag","embeddable":true,"href":"https:\/\/tuzlainfo.ba\/index.php\/wp-json\/wp\/v2\/tags?post=212812"}],"curies":[{"name":"wp","href":"https:\/\/api.w.org\/{rel}","templated":true}]}}