{"id":212646,"date":"2023-08-03T20:12:27","date_gmt":"2023-08-03T18:12:27","guid":{"rendered":"https:\/\/tuzlainfo.ba\/?p=212646"},"modified":"2023-08-03T20:16:40","modified_gmt":"2023-08-03T18:16:40","slug":"vlada-fbih-smijenila-upravni-odbor-ukc-tuzla-premijer-tk-a-pozvao-na-dogovor","status":"publish","type":"post","link":"https:\/\/tuzlainfo.ba\/index.php\/novosti\/item\/212646-vlada-fbih-smijenila-upravni-odbor-ukc-tuzla-premijer-tk-a-pozvao-na-dogovor\/","title":{"rendered":"Vlada FBIH smijenila Upravni odbor UKC Tuzla, premijer TK-a pozvao na dogovor"},"content":{"rendered":"<p dir=\"auto\">Vlada FBiH na ju\u010der odr\u017eanoj sjednici imenovala je privremeni Upravni odbor Javne zdravstvene ustanove Univerzitetski klini\u010dki centar Tuzla u sastavu Nedim Salihbegovi\u0107 (predsjednik), Hajrudin Osmi\u0107, Enes Gu\u0161i\u0107, Adnan Muslimovi\u0107, Dragan Pilji\u0107, Enida Neva\u010dinovi\u0107 i Bo\u017eo Juri\u0107 (\u010dlanovi), dok je kako je navedeno u informaciji sa sjedice, prethodno doneseno Rje\u0161enje o razrje\u0161enju Upravnog odbora ove javne zdravstvene ustanove.<\/p>\n<p dir=\"auto\">Tim povodom ve\u010deras se oglasio o premijer Tuzlanskog kantona, Irfan Halilagi\u0107 koji navodi da je Vlada Federacije BiH bez ikakvog obrazlo\u017eenja, najave, zvani\u010dne ili nezvani\u010dne konsultacije sa predstavnicima\/organima Tuzlanskog kantona razrije\u0161ila, na mandat imenovan, Upravni odbor JZU UKC Tuzla.<\/p>\n<p dir=\"auto\">&#8211; Demonstriraju\u0107i ovu vrstu pravnog nasilja, potpuno ignori\u0161u\u0107i institucije Tuzlanskog kantona koji je jedini upisani osniva\u010d UKC-a u sudskom registru, po\u010dinjen je niz vjerujemo nezakonitih radnji s ciljem otimanja Univerzitetskog klini\u010dkog centra u korist bliskih politi\u010dkih struktura &#8211; istakao je Halilagi\u0107.<\/p>\n<p>On je naveo da \u0107e Vlada TK sutra na vanrednoj sjednici, zauzeti stav o navedenim postupcima i povu\u0107i odre\u0111ene, na zakonu zasnovane pravne mehanizme.<\/p>\n<p dir=\"auto\">&#8211; Podsje\u0107amo, cijelu pro\u0161lu godinu smo (Vlada TK i Skup\u0161tina TK) iskoristili radi analize stanja i pribavljanju stvarnih i ta\u010dnih informacija, te upoznavanju javnosti o zate\u010denoj, te\u0161koj situaciji na UKC-u u pogledu duga i amortizacije opreme, zatim otvaranju dugogodi\u0161njeg pitanja nerje\u0161enog pravnog statusa Ustanove, imenovanja (po prvi put) organa u skladu sa Zakonom, te investiranja oko 20 miliona KM u nabavku opreme s ciljem pobolj\u0161anja materijalo-tehni\u010dkih uslova Ustanove. Tako\u0111er smo u nekoliko navrata pozivali Vladu Federacije da zapo\u010dnemo razgovore i pregovore oko kona\u010dnog rje\u0161avanja pitanja pravnog statusa UKC-a Tuzla, kao i zaklju\u010divanja spornog ugovora izme\u0111u dva suosniva\u010da u skladu sa Zakonom, na \u0161to nikada nismo dobili odgovor &#8211; navodi premijer Tuzlanskog kantona.<\/p>\n<div class=\"x11i5rnm xat24cr x1mh8g0r x1vvkbs xtlvy1s x126k92a\">\n<p dir=\"auto\">Halilagi\u0107 je naveo da je zbog navedenog, a u iskrenoj \u017eelji i namjeri da se ne komplicira ionako zamr\u0161ena i te\u0161ka situacija u i oko UKC-a Tuzla, imaju\u0107i u vidu nepostojanje adekvatne komunikacije, je javno i pred o\u010dima javnosti TK i Federacije BiH, pozvao <span class=\"xt0psk2\">Vlada Federacije Bosne i Hercegovine<\/span> i federalnog premijera <span class=\"xt0psk2\">Nermina Nik\u0161i\u0107a<\/span>, da stave van snage nezakonite, besmislene i ishitrene odluke o razrje\u0161enju UO i imenovanju privremenog, te da naredne sedmice do\u0111u u Tuzlu radi zapo\u010dinjanja dogovora oko narednih aktivnosti dviju Vlada (osniva\u010da), a sve sa ciljem ozdravljenja UKC-a koji je svima nama, posebno gra\u0111anima Tuzlanskog kantona, prijeko potreban.\/Tuzlainfo\/<\/p>\n<\/div>\n","protected":false},"excerpt":{"rendered":"<p>Vlada FBiH na ju\u010der odr\u017eanoj sjednici imenovala je privremeni Upravni odbor Javne zdravstvene ustanove Univerzitetski&hellip;<\/p>\n","protected":false},"author":2,"featured_media":201971,"comment_status":"open","ping_status":"closed","sticky":false,"template":"","format":"standard","meta":{"_acf_changed":false,"footnotes":""},"categories":[304,12,306],"tags":[4189,458],"acf":[],"yoast_head":"<!-- This site is optimized with the Yoast SEO plugin v23.5 - https:\/\/yoast.com\/wordpress\/plugins\/seo\/ -->\n<title>Vlada FBIH smijenila Upravni odbor UKC Tuzla, premijer TK-a pozvao na dogovor - TuzlaInfo.ba<\/title>\n<meta name=\"robots\" content=\"index, follow, max-snippet:-1, max-image-preview:large, max-video-preview:-1\" \/>\n<link rel=\"canonical\" href=\"https:\/\/tuzlainfo.ba\/index.php\/novosti\/item\/212646-vlada-fbih-smijenila-upravni-odbor-ukc-tuzla-premijer-tk-a-pozvao-na-dogovor\/\" \/>\n<meta property=\"og:locale\" content=\"bs_BA\" \/>\n<meta property=\"og:type\" content=\"article\" \/>\n<meta property=\"og:title\" content=\"Vlada FBIH smijenila Upravni odbor UKC Tuzla, premijer TK-a pozvao na dogovor - TuzlaInfo.ba\" \/>\n<meta property=\"og:description\" content=\"Vlada FBiH na ju\u010der odr\u017eanoj sjednici imenovala je privremeni Upravni odbor Javne zdravstvene ustanove Univerzitetski&hellip;\" \/>\n<meta property=\"og:url\" content=\"https:\/\/tuzlainfo.ba\/index.php\/novosti\/item\/212646-vlada-fbih-smijenila-upravni-odbor-ukc-tuzla-premijer-tk-a-pozvao-na-dogovor\/\" \/>\n<meta property=\"og:site_name\" content=\"TuzlaInfo.ba\" \/>\n<meta property=\"article:publisher\" content=\"https:\/\/www.facebook.com\/tuzlainfo.ba\/\" \/>\n<meta property=\"article:published_time\" content=\"2023-08-03T18:12:27+00:00\" \/>\n<meta property=\"article:modified_time\" content=\"2023-08-03T18:16:40+00:00\" \/>\n<meta property=\"og:image\" content=\"https:\/\/tuzlainfo.ba\/wp-content\/uploads\/2023\/04\/Irfan_halilagic_3.jpg\" \/>\n\t<meta property=\"og:image:width\" content=\"1000\" \/>\n\t<meta property=\"og:image:height\" content=\"750\" \/>\n\t<meta property=\"og:image:type\" content=\"image\/jpeg\" \/>\n<meta name=\"author\" content=\"nedim\" \/>\n<meta name=\"twitter:card\" content=\"summary_large_image\" \/>\n<meta name=\"twitter:label1\" content=\"Written by\" \/>\n\t<meta name=\"twitter:data1\" content=\"nedim\" \/>\n\t<meta name=\"twitter:label2\" content=\"Est. reading time\" \/>\n\t<meta name=\"twitter:data2\" content=\"2 minute\" \/>\n<script type=\"application\/ld+json\" class=\"yoast-schema-graph\">{\"@context\":\"https:\/\/schema.org\",\"@graph\":[{\"@type\":\"Article\",\"@id\":\"https:\/\/tuzlainfo.ba\/index.php\/novosti\/item\/212646-vlada-fbih-smijenila-upravni-odbor-ukc-tuzla-premijer-tk-a-pozvao-na-dogovor\/#article\",\"isPartOf\":{\"@id\":\"https:\/\/tuzlainfo.ba\/index.php\/novosti\/item\/212646-vlada-fbih-smijenila-upravni-odbor-ukc-tuzla-premijer-tk-a-pozvao-na-dogovor\/\"},\"author\":{\"name\":\"nedim\",\"@id\":\"https:\/\/tuzlainfo.ba\/#\/schema\/person\/f434e20dc27ea133923aab08451b7f7f\"},\"headline\":\"Vlada FBIH smijenila Upravni odbor UKC Tuzla, premijer TK-a pozvao na dogovor\",\"datePublished\":\"2023-08-03T18:12:27+00:00\",\"dateModified\":\"2023-08-03T18:16:40+00:00\",\"mainEntityOfPage\":{\"@id\":\"https:\/\/tuzlainfo.ba\/index.php\/novosti\/item\/212646-vlada-fbih-smijenila-upravni-odbor-ukc-tuzla-premijer-tk-a-pozvao-na-dogovor\/\"},\"wordCount\":436,\"commentCount\":0,\"publisher\":{\"@id\":\"https:\/\/tuzlainfo.ba\/#organization\"},\"image\":{\"@id\":\"https:\/\/tuzlainfo.ba\/index.php\/novosti\/item\/212646-vlada-fbih-smijenila-upravni-odbor-ukc-tuzla-premijer-tk-a-pozvao-na-dogovor\/#primaryimage\"},\"thumbnailUrl\":\"https:\/\/tuzlainfo.ba\/wp-content\/uploads\/2023\/04\/Irfan_halilagic_3.jpg\",\"keywords\":[\"irfan halilagic\",\"ukc tuzla\"],\"articleSection\":[\"Istaknuto\",\"Novosti\",\"Preporu\u010dujemo\"],\"inLanguage\":\"bs-BA\"},{\"@type\":\"WebPage\",\"@id\":\"https:\/\/tuzlainfo.ba\/index.php\/novosti\/item\/212646-vlada-fbih-smijenila-upravni-odbor-ukc-tuzla-premijer-tk-a-pozvao-na-dogovor\/\",\"url\":\"https:\/\/tuzlainfo.ba\/index.php\/novosti\/item\/212646-vlada-fbih-smijenila-upravni-odbor-ukc-tuzla-premijer-tk-a-pozvao-na-dogovor\/\",\"name\":\"Vlada FBIH smijenila Upravni odbor UKC Tuzla, premijer TK-a pozvao na dogovor - TuzlaInfo.ba\",\"isPartOf\":{\"@id\":\"https:\/\/tuzlainfo.ba\/#website\"},\"primaryImageOfPage\":{\"@id\":\"https:\/\/tuzlainfo.ba\/index.php\/novosti\/item\/212646-vlada-fbih-smijenila-upravni-odbor-ukc-tuzla-premijer-tk-a-pozvao-na-dogovor\/#primaryimage\"},\"image\":{\"@id\":\"https:\/\/tuzlainfo.ba\/index.php\/novosti\/item\/212646-vlada-fbih-smijenila-upravni-odbor-ukc-tuzla-premijer-tk-a-pozvao-na-dogovor\/#primaryimage\"},\"thumbnailUrl\":\"https:\/\/tuzlainfo.ba\/wp-content\/uploads\/2023\/04\/Irfan_halilagic_3.jpg\",\"datePublished\":\"2023-08-03T18:12:27+00:00\",\"dateModified\":\"2023-08-03T18:16:40+00:00\",\"breadcrumb\":{\"@id\":\"https:\/\/tuzlainfo.ba\/index.php\/novosti\/item\/212646-vlada-fbih-smijenila-upravni-odbor-ukc-tuzla-premijer-tk-a-pozvao-na-dogovor\/#breadcrumb\"},\"inLanguage\":\"bs-BA\",\"potentialAction\":[{\"@type\":\"ReadAction\",\"target\":[\"https:\/\/tuzlainfo.ba\/index.php\/novosti\/item\/212646-vlada-fbih-smijenila-upravni-odbor-ukc-tuzla-premijer-tk-a-pozvao-na-dogovor\/\"]}]},{\"@type\":\"ImageObject\",\"inLanguage\":\"bs-BA\",\"@id\":\"https:\/\/tuzlainfo.ba\/index.php\/novosti\/item\/212646-vlada-fbih-smijenila-upravni-odbor-ukc-tuzla-premijer-tk-a-pozvao-na-dogovor\/#primaryimage\",\"url\":\"https:\/\/tuzlainfo.ba\/wp-content\/uploads\/2023\/04\/Irfan_halilagic_3.jpg\",\"contentUrl\":\"https:\/\/tuzlainfo.ba\/wp-content\/uploads\/2023\/04\/Irfan_halilagic_3.jpg\",\"width\":1000,\"height\":750},{\"@type\":\"BreadcrumbList\",\"@id\":\"https:\/\/tuzlainfo.ba\/index.php\/novosti\/item\/212646-vlada-fbih-smijenila-upravni-odbor-ukc-tuzla-premijer-tk-a-pozvao-na-dogovor\/#breadcrumb\",\"itemListElement\":[{\"@type\":\"ListItem\",\"position\":1,\"name\":\"Home\",\"item\":\"https:\/\/tuzlainfo.ba\/\"},{\"@type\":\"ListItem\",\"position\":2,\"name\":\"Vlada FBIH smijenila Upravni odbor UKC Tuzla, premijer TK-a pozvao na dogovor\"}]},{\"@type\":\"WebSite\",\"@id\":\"https:\/\/tuzlainfo.ba\/#website\",\"url\":\"https:\/\/tuzlainfo.ba\/\",\"name\":\"TuzlaInfo.ba\",\"description\":\"Tuzla info, gradski informator - Tuzla na dlanu\",\"publisher\":{\"@id\":\"https:\/\/tuzlainfo.ba\/#organization\"},\"potentialAction\":[{\"@type\":\"SearchAction\",\"target\":{\"@type\":\"EntryPoint\",\"urlTemplate\":\"https:\/\/tuzlainfo.ba\/?s={search_term_string}\"},\"query-input\":{\"@type\":\"PropertyValueSpecification\",\"valueRequired\":true,\"valueName\":\"search_term_string\"}}],\"inLanguage\":\"bs-BA\"},{\"@type\":\"Organization\",\"@id\":\"https:\/\/tuzlainfo.ba\/#organization\",\"name\":\"TuzlaInfo.ba\",\"url\":\"https:\/\/tuzlainfo.ba\/\",\"logo\":{\"@type\":\"ImageObject\",\"inLanguage\":\"bs-BA\",\"@id\":\"https:\/\/tuzlainfo.ba\/#\/schema\/logo\/image\/\",\"url\":\"https:\/\/tuzlainfo.ba\/wp-content\/uploads\/2021\/03\/logo-ver-3-1.png\",\"contentUrl\":\"https:\/\/tuzlainfo.ba\/wp-content\/uploads\/2021\/03\/logo-ver-3-1.png\",\"width\":350,\"height\":95,\"caption\":\"TuzlaInfo.ba\"},\"image\":{\"@id\":\"https:\/\/tuzlainfo.ba\/#\/schema\/logo\/image\/\"},\"sameAs\":[\"https:\/\/www.facebook.com\/tuzlainfo.ba\/\"]},{\"@type\":\"Person\",\"@id\":\"https:\/\/tuzlainfo.ba\/#\/schema\/person\/f434e20dc27ea133923aab08451b7f7f\",\"name\":\"nedim\",\"image\":{\"@type\":\"ImageObject\",\"inLanguage\":\"bs-BA\",\"@id\":\"https:\/\/tuzlainfo.ba\/#\/schema\/person\/image\/\",\"url\":\"https:\/\/tuzlainfo.ba\/wp-content\/litespeed\/avatar\/aabad687af24844af817603ac1cbdc4f.jpg?ver=1777306975\",\"contentUrl\":\"https:\/\/tuzlainfo.ba\/wp-content\/litespeed\/avatar\/aabad687af24844af817603ac1cbdc4f.jpg?ver=1777306975\",\"caption\":\"nedim\"},\"description\":\"Tuzlainfo.ba pratite na dru\u0161tvenim mre\u017eama: Facebook, Instagram i Youtube. Svoje pri\u010de, upite i fotografije \u0161aljite na na\u0161u e-mail adresu.\"}]}<\/script>\n<!-- \/ Yoast SEO plugin. -->","yoast_head_json":{"title":"Vlada FBIH smijenila Upravni odbor UKC Tuzla, premijer TK-a pozvao na dogovor - TuzlaInfo.ba","robots":{"index":"index","follow":"follow","max-snippet":"max-snippet:-1","max-image-preview":"max-image-preview:large","max-video-preview":"max-video-preview:-1"},"canonical":"https:\/\/tuzlainfo.ba\/index.php\/novosti\/item\/212646-vlada-fbih-smijenila-upravni-odbor-ukc-tuzla-premijer-tk-a-pozvao-na-dogovor\/","og_locale":"bs_BA","og_type":"article","og_title":"Vlada FBIH smijenila Upravni odbor UKC Tuzla, premijer TK-a pozvao na dogovor - TuzlaInfo.ba","og_description":"Vlada FBiH na ju\u010der odr\u017eanoj sjednici imenovala je privremeni Upravni odbor Javne zdravstvene ustanove Univerzitetski&hellip;","og_url":"https:\/\/tuzlainfo.ba\/index.php\/novosti\/item\/212646-vlada-fbih-smijenila-upravni-odbor-ukc-tuzla-premijer-tk-a-pozvao-na-dogovor\/","og_site_name":"TuzlaInfo.ba","article_publisher":"https:\/\/www.facebook.com\/tuzlainfo.ba\/","article_published_time":"2023-08-03T18:12:27+00:00","article_modified_time":"2023-08-03T18:16:40+00:00","og_image":[{"width":1000,"height":750,"url":"https:\/\/tuzlainfo.ba\/wp-content\/uploads\/2023\/04\/Irfan_halilagic_3.jpg","type":"image\/jpeg"}],"author":"nedim","twitter_card":"summary_large_image","twitter_misc":{"Written by":"nedim","Est. reading time":"2 minute"},"schema":{"@context":"https:\/\/schema.org","@graph":[{"@type":"Article","@id":"https:\/\/tuzlainfo.ba\/index.php\/novosti\/item\/212646-vlada-fbih-smijenila-upravni-odbor-ukc-tuzla-premijer-tk-a-pozvao-na-dogovor\/#article","isPartOf":{"@id":"https:\/\/tuzlainfo.ba\/index.php\/novosti\/item\/212646-vlada-fbih-smijenila-upravni-odbor-ukc-tuzla-premijer-tk-a-pozvao-na-dogovor\/"},"author":{"name":"nedim","@id":"https:\/\/tuzlainfo.ba\/#\/schema\/person\/f434e20dc27ea133923aab08451b7f7f"},"headline":"Vlada FBIH smijenila Upravni odbor UKC Tuzla, premijer TK-a pozvao na dogovor","datePublished":"2023-08-03T18:12:27+00:00","dateModified":"2023-08-03T18:16:40+00:00","mainEntityOfPage":{"@id":"https:\/\/tuzlainfo.ba\/index.php\/novosti\/item\/212646-vlada-fbih-smijenila-upravni-odbor-ukc-tuzla-premijer-tk-a-pozvao-na-dogovor\/"},"wordCount":436,"commentCount":0,"publisher":{"@id":"https:\/\/tuzlainfo.ba\/#organization"},"image":{"@id":"https:\/\/tuzlainfo.ba\/index.php\/novosti\/item\/212646-vlada-fbih-smijenila-upravni-odbor-ukc-tuzla-premijer-tk-a-pozvao-na-dogovor\/#primaryimage"},"thumbnailUrl":"https:\/\/tuzlainfo.ba\/wp-content\/uploads\/2023\/04\/Irfan_halilagic_3.jpg","keywords":["irfan halilagic","ukc tuzla"],"articleSection":["Istaknuto","Novosti","Preporu\u010dujemo"],"inLanguage":"bs-BA"},{"@type":"WebPage","@id":"https:\/\/tuzlainfo.ba\/index.php\/novosti\/item\/212646-vlada-fbih-smijenila-upravni-odbor-ukc-tuzla-premijer-tk-a-pozvao-na-dogovor\/","url":"https:\/\/tuzlainfo.ba\/index.php\/novosti\/item\/212646-vlada-fbih-smijenila-upravni-odbor-ukc-tuzla-premijer-tk-a-pozvao-na-dogovor\/","name":"Vlada FBIH smijenila Upravni odbor UKC Tuzla, premijer TK-a pozvao na dogovor - TuzlaInfo.ba","isPartOf":{"@id":"https:\/\/tuzlainfo.ba\/#website"},"primaryImageOfPage":{"@id":"https:\/\/tuzlainfo.ba\/index.php\/novosti\/item\/212646-vlada-fbih-smijenila-upravni-odbor-ukc-tuzla-premijer-tk-a-pozvao-na-dogovor\/#primaryimage"},"image":{"@id":"https:\/\/tuzlainfo.ba\/index.php\/novosti\/item\/212646-vlada-fbih-smijenila-upravni-odbor-ukc-tuzla-premijer-tk-a-pozvao-na-dogovor\/#primaryimage"},"thumbnailUrl":"https:\/\/tuzlainfo.ba\/wp-content\/uploads\/2023\/04\/Irfan_halilagic_3.jpg","datePublished":"2023-08-03T18:12:27+00:00","dateModified":"2023-08-03T18:16:40+00:00","breadcrumb":{"@id":"https:\/\/tuzlainfo.ba\/index.php\/novosti\/item\/212646-vlada-fbih-smijenila-upravni-odbor-ukc-tuzla-premijer-tk-a-pozvao-na-dogovor\/#breadcrumb"},"inLanguage":"bs-BA","potentialAction":[{"@type":"ReadAction","target":["https:\/\/tuzlainfo.ba\/index.php\/novosti\/item\/212646-vlada-fbih-smijenila-upravni-odbor-ukc-tuzla-premijer-tk-a-pozvao-na-dogovor\/"]}]},{"@type":"ImageObject","inLanguage":"bs-BA","@id":"https:\/\/tuzlainfo.ba\/index.php\/novosti\/item\/212646-vlada-fbih-smijenila-upravni-odbor-ukc-tuzla-premijer-tk-a-pozvao-na-dogovor\/#primaryimage","url":"https:\/\/tuzlainfo.ba\/wp-content\/uploads\/2023\/04\/Irfan_halilagic_3.jpg","contentUrl":"https:\/\/tuzlainfo.ba\/wp-content\/uploads\/2023\/04\/Irfan_halilagic_3.jpg","width":1000,"height":750},{"@type":"BreadcrumbList","@id":"https:\/\/tuzlainfo.ba\/index.php\/novosti\/item\/212646-vlada-fbih-smijenila-upravni-odbor-ukc-tuzla-premijer-tk-a-pozvao-na-dogovor\/#breadcrumb","itemListElement":[{"@type":"ListItem","position":1,"name":"Home","item":"https:\/\/tuzlainfo.ba\/"},{"@type":"ListItem","position":2,"name":"Vlada FBIH smijenila Upravni odbor UKC Tuzla, premijer TK-a pozvao na dogovor"}]},{"@type":"WebSite","@id":"https:\/\/tuzlainfo.ba\/#website","url":"https:\/\/tuzlainfo.ba\/","name":"TuzlaInfo.ba","description":"Tuzla info, gradski informator - Tuzla na dlanu","publisher":{"@id":"https:\/\/tuzlainfo.ba\/#organization"},"potentialAction":[{"@type":"SearchAction","target":{"@type":"EntryPoint","urlTemplate":"https:\/\/tuzlainfo.ba\/?s={search_term_string}"},"query-input":{"@type":"PropertyValueSpecification","valueRequired":true,"valueName":"search_term_string"}}],"inLanguage":"bs-BA"},{"@type":"Organization","@id":"https:\/\/tuzlainfo.ba\/#organization","name":"TuzlaInfo.ba","url":"https:\/\/tuzlainfo.ba\/","logo":{"@type":"ImageObject","inLanguage":"bs-BA","@id":"https:\/\/tuzlainfo.ba\/#\/schema\/logo\/image\/","url":"https:\/\/tuzlainfo.ba\/wp-content\/uploads\/2021\/03\/logo-ver-3-1.png","contentUrl":"https:\/\/tuzlainfo.ba\/wp-content\/uploads\/2021\/03\/logo-ver-3-1.png","width":350,"height":95,"caption":"TuzlaInfo.ba"},"image":{"@id":"https:\/\/tuzlainfo.ba\/#\/schema\/logo\/image\/"},"sameAs":["https:\/\/www.facebook.com\/tuzlainfo.ba\/"]},{"@type":"Person","@id":"https:\/\/tuzlainfo.ba\/#\/schema\/person\/f434e20dc27ea133923aab08451b7f7f","name":"nedim","image":{"@type":"ImageObject","inLanguage":"bs-BA","@id":"https:\/\/tuzlainfo.ba\/#\/schema\/person\/image\/","url":"https:\/\/tuzlainfo.ba\/wp-content\/litespeed\/avatar\/aabad687af24844af817603ac1cbdc4f.jpg?ver=1777306975","contentUrl":"https:\/\/tuzlainfo.ba\/wp-content\/litespeed\/avatar\/aabad687af24844af817603ac1cbdc4f.jpg?ver=1777306975","caption":"nedim"},"description":"Tuzlainfo.ba pratite na dru\u0161tvenim mre\u017eama: Facebook, Instagram i Youtube. Svoje pri\u010de, upite i fotografije \u0161aljite na na\u0161u e-mail adresu."}]}},"_links":{"self":[{"href":"https:\/\/tuzlainfo.ba\/index.php\/wp-json\/wp\/v2\/posts\/212646"}],"collection":[{"href":"https:\/\/tuzlainfo.ba\/index.php\/wp-json\/wp\/v2\/posts"}],"about":[{"href":"https:\/\/tuzlainfo.ba\/index.php\/wp-json\/wp\/v2\/types\/post"}],"author":[{"embeddable":true,"href":"https:\/\/tuzlainfo.ba\/index.php\/wp-json\/wp\/v2\/users\/2"}],"replies":[{"embeddable":true,"href":"https:\/\/tuzlainfo.ba\/index.php\/wp-json\/wp\/v2\/comments?post=212646"}],"version-history":[{"count":0,"href":"https:\/\/tuzlainfo.ba\/index.php\/wp-json\/wp\/v2\/posts\/212646\/revisions"}],"wp:featuredmedia":[{"embeddable":true,"href":"https:\/\/tuzlainfo.ba\/index.php\/wp-json\/wp\/v2\/media\/201971"}],"wp:attachment":[{"href":"https:\/\/tuzlainfo.ba\/index.php\/wp-json\/wp\/v2\/media?parent=212646"}],"wp:term":[{"taxonomy":"category","embeddable":true,"href":"https:\/\/tuzlainfo.ba\/index.php\/wp-json\/wp\/v2\/categories?post=212646"},{"taxonomy":"post_tag","embeddable":true,"href":"https:\/\/tuzlainfo.ba\/index.php\/wp-json\/wp\/v2\/tags?post=212646"}],"curies":[{"name":"wp","href":"https:\/\/api.w.org\/{rel}","templated":true}]}}