{"id":212601,"date":"2023-08-03T13:05:53","date_gmt":"2023-08-03T11:05:53","guid":{"rendered":"https:\/\/tuzlainfo.ba\/?p=212601"},"modified":"2023-08-03T14:13:55","modified_gmt":"2023-08-03T12:13:55","slug":"vece-romske-muzike-i-tradicije-na-tuzlanskom-trgu-slobode-uprilicena-proslava-praznika-alidjuna","status":"publish","type":"post","link":"https:\/\/tuzlainfo.ba\/index.php\/novosti\/item\/212601-vece-romske-muzike-i-tradicije-na-tuzlanskom-trgu-slobode-uprilicena-proslava-praznika-alidjuna\/","title":{"rendered":"Ve\u010de romske muzike i tradicije: Na tuzlanskom Trgu slobode uprili\u010dena proslava praznika Ali\u0111una"},"content":{"rendered":"<p>Udru\u017eenje Roma \u201cEuro Rom\u201d Tuzla sino\u0107 je na Trgu slobode organizovalo manifestaciju \u201eAli\u0111un u gradu Tuzla \/ ve\u010de romske muzike i tradicije\u201c.<\/p>\n<p>Uz poznati romski bend \u201cTambura\u0161i\u201d nastupili su i drugi estradni umjetnici koji su izvodili najljep\u0161e romske ali i druge poznate pjesme. Manifestaciju je podr\u017eao Grad Tuzla i Turisti\u010dka zajednica Grada Tuzla.<\/p>\n<p>Tom prilikom su istakli kako su sa zadovoljstvom podr\u017eali jednu ovakvu manifestaciju u nadi da \u0107e se ista odr\u017eavati i narednih godina. Iz Udru\u017eenja Euro Rom smatraju da je ovaj doga\u0111aj od velikog zna\u010daja za Rome, koji je po prvi put u ovom formatu realizovan kako u Gradu Tuzla tako i u BiH, pi\u0161e RTV 7.<\/p>\n<p>Osim proslave \u201eAli\u0111una\u201c, bila je ovo prilika da Romi predstave gra\u0111anima Tuzle romsku kulturu i tradiciju.<\/p>\n<p>&nbsp;<\/p>\n","protected":false},"excerpt":{"rendered":"<p>Udru\u017eenje Roma \u201cEuro Rom\u201d Tuzla sino\u0107 je na Trgu slobode organizovalo manifestaciju \u201eAli\u0111un u gradu&hellip;<\/p>\n","protected":false},"author":4,"featured_media":212604,"comment_status":"open","ping_status":"closed","sticky":false,"template":"","format":"standard","meta":{"_acf_changed":false,"footnotes":""},"categories":[304,12],"tags":[7808,7824,42,7823],"acf":[],"yoast_head":"<!-- This site is optimized with the Yoast SEO plugin v23.5 - https:\/\/yoast.com\/wordpress\/plugins\/seo\/ -->\n<title>Ve\u010de romske muzike i tradicije: Na tuzlanskom Trgu slobode uprili\u010dena proslava praznika Ali\u0111una - TuzlaInfo.ba<\/title>\n<meta name=\"robots\" content=\"index, follow, max-snippet:-1, max-image-preview:large, max-video-preview:-1\" \/>\n<link rel=\"canonical\" href=\"https:\/\/tuzlainfo.ba\/index.php\/novosti\/item\/212601-vece-romske-muzike-i-tradicije-na-tuzlanskom-trgu-slobode-uprilicena-proslava-praznika-alidjuna\/\" \/>\n<meta property=\"og:locale\" content=\"bs_BA\" \/>\n<meta property=\"og:type\" content=\"article\" \/>\n<meta property=\"og:title\" content=\"Ve\u010de romske muzike i tradicije: Na tuzlanskom Trgu slobode uprili\u010dena proslava praznika Ali\u0111una - TuzlaInfo.ba\" \/>\n<meta property=\"og:description\" content=\"Udru\u017eenje Roma \u201cEuro Rom\u201d Tuzla sino\u0107 je na Trgu slobode organizovalo manifestaciju \u201eAli\u0111un u gradu&hellip;\" \/>\n<meta property=\"og:url\" content=\"https:\/\/tuzlainfo.ba\/index.php\/novosti\/item\/212601-vece-romske-muzike-i-tradicije-na-tuzlanskom-trgu-slobode-uprilicena-proslava-praznika-alidjuna\/\" \/>\n<meta property=\"og:site_name\" content=\"TuzlaInfo.ba\" \/>\n<meta property=\"article:publisher\" content=\"https:\/\/www.facebook.com\/tuzlainfo.ba\/\" \/>\n<meta property=\"article:published_time\" content=\"2023-08-03T11:05:53+00:00\" \/>\n<meta property=\"article:modified_time\" content=\"2023-08-03T12:13:55+00:00\" \/>\n<meta property=\"og:image\" content=\"https:\/\/tuzlainfo.ba\/wp-content\/uploads\/2023\/08\/0308_alidjun.jpg\" \/>\n\t<meta property=\"og:image:width\" content=\"2000\" \/>\n\t<meta property=\"og:image:height\" content=\"1333\" \/>\n\t<meta property=\"og:image:type\" content=\"image\/jpeg\" \/>\n<meta name=\"author\" content=\"Tuzla Info\" \/>\n<meta name=\"twitter:card\" content=\"summary_large_image\" \/>\n<meta name=\"twitter:label1\" content=\"Written by\" \/>\n\t<meta name=\"twitter:data1\" content=\"Tuzla Info\" \/>\n\t<meta name=\"twitter:label2\" content=\"Est. reading time\" \/>\n\t<meta name=\"twitter:data2\" content=\"1 minuta\" \/>\n<script type=\"application\/ld+json\" class=\"yoast-schema-graph\">{\"@context\":\"https:\/\/schema.org\",\"@graph\":[{\"@type\":\"Article\",\"@id\":\"https:\/\/tuzlainfo.ba\/index.php\/novosti\/item\/212601-vece-romske-muzike-i-tradicije-na-tuzlanskom-trgu-slobode-uprilicena-proslava-praznika-alidjuna\/#article\",\"isPartOf\":{\"@id\":\"https:\/\/tuzlainfo.ba\/index.php\/novosti\/item\/212601-vece-romske-muzike-i-tradicije-na-tuzlanskom-trgu-slobode-uprilicena-proslava-praznika-alidjuna\/\"},\"author\":{\"name\":\"Tuzla Info\",\"@id\":\"https:\/\/tuzlainfo.ba\/#\/schema\/person\/46cad4c57790cbc50781edd14870825a\"},\"headline\":\"Ve\u010de romske muzike i tradicije: Na tuzlanskom Trgu slobode uprili\u010dena proslava praznika Ali\u0111una\",\"datePublished\":\"2023-08-03T11:05:53+00:00\",\"dateModified\":\"2023-08-03T12:13:55+00:00\",\"mainEntityOfPage\":{\"@id\":\"https:\/\/tuzlainfo.ba\/index.php\/novosti\/item\/212601-vece-romske-muzike-i-tradicije-na-tuzlanskom-trgu-slobode-uprilicena-proslava-praznika-alidjuna\/\"},\"wordCount\":155,\"commentCount\":0,\"publisher\":{\"@id\":\"https:\/\/tuzlainfo.ba\/#organization\"},\"image\":{\"@id\":\"https:\/\/tuzlainfo.ba\/index.php\/novosti\/item\/212601-vece-romske-muzike-i-tradicije-na-tuzlanskom-trgu-slobode-uprilicena-proslava-praznika-alidjuna\/#primaryimage\"},\"thumbnailUrl\":\"https:\/\/tuzlainfo.ba\/wp-content\/uploads\/2023\/08\/0308_alidjun.jpg\",\"keywords\":[\"ali\u0111un\",\"romska muzika\",\"tuzla\",\"ve\u010de romske muzike\"],\"articleSection\":[\"Istaknuto\",\"Novosti\"],\"inLanguage\":\"bs-BA\"},{\"@type\":\"WebPage\",\"@id\":\"https:\/\/tuzlainfo.ba\/index.php\/novosti\/item\/212601-vece-romske-muzike-i-tradicije-na-tuzlanskom-trgu-slobode-uprilicena-proslava-praznika-alidjuna\/\",\"url\":\"https:\/\/tuzlainfo.ba\/index.php\/novosti\/item\/212601-vece-romske-muzike-i-tradicije-na-tuzlanskom-trgu-slobode-uprilicena-proslava-praznika-alidjuna\/\",\"name\":\"Ve\u010de romske muzike i tradicije: Na tuzlanskom Trgu slobode uprili\u010dena proslava praznika Ali\u0111una - TuzlaInfo.ba\",\"isPartOf\":{\"@id\":\"https:\/\/tuzlainfo.ba\/#website\"},\"primaryImageOfPage\":{\"@id\":\"https:\/\/tuzlainfo.ba\/index.php\/novosti\/item\/212601-vece-romske-muzike-i-tradicije-na-tuzlanskom-trgu-slobode-uprilicena-proslava-praznika-alidjuna\/#primaryimage\"},\"image\":{\"@id\":\"https:\/\/tuzlainfo.ba\/index.php\/novosti\/item\/212601-vece-romske-muzike-i-tradicije-na-tuzlanskom-trgu-slobode-uprilicena-proslava-praznika-alidjuna\/#primaryimage\"},\"thumbnailUrl\":\"https:\/\/tuzlainfo.ba\/wp-content\/uploads\/2023\/08\/0308_alidjun.jpg\",\"datePublished\":\"2023-08-03T11:05:53+00:00\",\"dateModified\":\"2023-08-03T12:13:55+00:00\",\"breadcrumb\":{\"@id\":\"https:\/\/tuzlainfo.ba\/index.php\/novosti\/item\/212601-vece-romske-muzike-i-tradicije-na-tuzlanskom-trgu-slobode-uprilicena-proslava-praznika-alidjuna\/#breadcrumb\"},\"inLanguage\":\"bs-BA\",\"potentialAction\":[{\"@type\":\"ReadAction\",\"target\":[\"https:\/\/tuzlainfo.ba\/index.php\/novosti\/item\/212601-vece-romske-muzike-i-tradicije-na-tuzlanskom-trgu-slobode-uprilicena-proslava-praznika-alidjuna\/\"]}]},{\"@type\":\"ImageObject\",\"inLanguage\":\"bs-BA\",\"@id\":\"https:\/\/tuzlainfo.ba\/index.php\/novosti\/item\/212601-vece-romske-muzike-i-tradicije-na-tuzlanskom-trgu-slobode-uprilicena-proslava-praznika-alidjuna\/#primaryimage\",\"url\":\"https:\/\/tuzlainfo.ba\/wp-content\/uploads\/2023\/08\/0308_alidjun.jpg\",\"contentUrl\":\"https:\/\/tuzlainfo.ba\/wp-content\/uploads\/2023\/08\/0308_alidjun.jpg\",\"width\":2000,\"height\":1333,\"caption\":\"Foto: BH Reporter\/Arhiva\"},{\"@type\":\"BreadcrumbList\",\"@id\":\"https:\/\/tuzlainfo.ba\/index.php\/novosti\/item\/212601-vece-romske-muzike-i-tradicije-na-tuzlanskom-trgu-slobode-uprilicena-proslava-praznika-alidjuna\/#breadcrumb\",\"itemListElement\":[{\"@type\":\"ListItem\",\"position\":1,\"name\":\"Home\",\"item\":\"https:\/\/tuzlainfo.ba\/\"},{\"@type\":\"ListItem\",\"position\":2,\"name\":\"Ve\u010de romske muzike i tradicije: Na tuzlanskom Trgu slobode uprili\u010dena proslava praznika Ali\u0111una\"}]},{\"@type\":\"WebSite\",\"@id\":\"https:\/\/tuzlainfo.ba\/#website\",\"url\":\"https:\/\/tuzlainfo.ba\/\",\"name\":\"TuzlaInfo.ba\",\"description\":\"Tuzla info, gradski informator - Tuzla na dlanu\",\"publisher\":{\"@id\":\"https:\/\/tuzlainfo.ba\/#organization\"},\"potentialAction\":[{\"@type\":\"SearchAction\",\"target\":{\"@type\":\"EntryPoint\",\"urlTemplate\":\"https:\/\/tuzlainfo.ba\/?s={search_term_string}\"},\"query-input\":{\"@type\":\"PropertyValueSpecification\",\"valueRequired\":true,\"valueName\":\"search_term_string\"}}],\"inLanguage\":\"bs-BA\"},{\"@type\":\"Organization\",\"@id\":\"https:\/\/tuzlainfo.ba\/#organization\",\"name\":\"TuzlaInfo.ba\",\"url\":\"https:\/\/tuzlainfo.ba\/\",\"logo\":{\"@type\":\"ImageObject\",\"inLanguage\":\"bs-BA\",\"@id\":\"https:\/\/tuzlainfo.ba\/#\/schema\/logo\/image\/\",\"url\":\"https:\/\/tuzlainfo.ba\/wp-content\/uploads\/2021\/03\/logo-ver-3-1.png\",\"contentUrl\":\"https:\/\/tuzlainfo.ba\/wp-content\/uploads\/2021\/03\/logo-ver-3-1.png\",\"width\":350,\"height\":95,\"caption\":\"TuzlaInfo.ba\"},\"image\":{\"@id\":\"https:\/\/tuzlainfo.ba\/#\/schema\/logo\/image\/\"},\"sameAs\":[\"https:\/\/www.facebook.com\/tuzlainfo.ba\/\"]},{\"@type\":\"Person\",\"@id\":\"https:\/\/tuzlainfo.ba\/#\/schema\/person\/46cad4c57790cbc50781edd14870825a\",\"name\":\"Tuzla Info\",\"image\":{\"@type\":\"ImageObject\",\"inLanguage\":\"bs-BA\",\"@id\":\"https:\/\/tuzlainfo.ba\/#\/schema\/person\/image\/\",\"url\":\"https:\/\/tuzlainfo.ba\/wp-content\/litespeed\/avatar\/b6c453a6c38e3654f2e4416c643fc25c.jpg?ver=1777051911\",\"contentUrl\":\"https:\/\/tuzlainfo.ba\/wp-content\/litespeed\/avatar\/b6c453a6c38e3654f2e4416c643fc25c.jpg?ver=1777051911\",\"caption\":\"Tuzla Info\"}}]}<\/script>\n<!-- \/ Yoast SEO plugin. -->","yoast_head_json":{"title":"Ve\u010de romske muzike i tradicije: Na tuzlanskom Trgu slobode uprili\u010dena proslava praznika Ali\u0111una - TuzlaInfo.ba","robots":{"index":"index","follow":"follow","max-snippet":"max-snippet:-1","max-image-preview":"max-image-preview:large","max-video-preview":"max-video-preview:-1"},"canonical":"https:\/\/tuzlainfo.ba\/index.php\/novosti\/item\/212601-vece-romske-muzike-i-tradicije-na-tuzlanskom-trgu-slobode-uprilicena-proslava-praznika-alidjuna\/","og_locale":"bs_BA","og_type":"article","og_title":"Ve\u010de romske muzike i tradicije: Na tuzlanskom Trgu slobode uprili\u010dena proslava praznika Ali\u0111una - TuzlaInfo.ba","og_description":"Udru\u017eenje Roma \u201cEuro Rom\u201d Tuzla sino\u0107 je na Trgu slobode organizovalo manifestaciju \u201eAli\u0111un u gradu&hellip;","og_url":"https:\/\/tuzlainfo.ba\/index.php\/novosti\/item\/212601-vece-romske-muzike-i-tradicije-na-tuzlanskom-trgu-slobode-uprilicena-proslava-praznika-alidjuna\/","og_site_name":"TuzlaInfo.ba","article_publisher":"https:\/\/www.facebook.com\/tuzlainfo.ba\/","article_published_time":"2023-08-03T11:05:53+00:00","article_modified_time":"2023-08-03T12:13:55+00:00","og_image":[{"width":2000,"height":1333,"url":"https:\/\/tuzlainfo.ba\/wp-content\/uploads\/2023\/08\/0308_alidjun.jpg","type":"image\/jpeg"}],"author":"Tuzla Info","twitter_card":"summary_large_image","twitter_misc":{"Written by":"Tuzla Info","Est. reading time":"1 minuta"},"schema":{"@context":"https:\/\/schema.org","@graph":[{"@type":"Article","@id":"https:\/\/tuzlainfo.ba\/index.php\/novosti\/item\/212601-vece-romske-muzike-i-tradicije-na-tuzlanskom-trgu-slobode-uprilicena-proslava-praznika-alidjuna\/#article","isPartOf":{"@id":"https:\/\/tuzlainfo.ba\/index.php\/novosti\/item\/212601-vece-romske-muzike-i-tradicije-na-tuzlanskom-trgu-slobode-uprilicena-proslava-praznika-alidjuna\/"},"author":{"name":"Tuzla Info","@id":"https:\/\/tuzlainfo.ba\/#\/schema\/person\/46cad4c57790cbc50781edd14870825a"},"headline":"Ve\u010de romske muzike i tradicije: Na tuzlanskom Trgu slobode uprili\u010dena proslava praznika Ali\u0111una","datePublished":"2023-08-03T11:05:53+00:00","dateModified":"2023-08-03T12:13:55+00:00","mainEntityOfPage":{"@id":"https:\/\/tuzlainfo.ba\/index.php\/novosti\/item\/212601-vece-romske-muzike-i-tradicije-na-tuzlanskom-trgu-slobode-uprilicena-proslava-praznika-alidjuna\/"},"wordCount":155,"commentCount":0,"publisher":{"@id":"https:\/\/tuzlainfo.ba\/#organization"},"image":{"@id":"https:\/\/tuzlainfo.ba\/index.php\/novosti\/item\/212601-vece-romske-muzike-i-tradicije-na-tuzlanskom-trgu-slobode-uprilicena-proslava-praznika-alidjuna\/#primaryimage"},"thumbnailUrl":"https:\/\/tuzlainfo.ba\/wp-content\/uploads\/2023\/08\/0308_alidjun.jpg","keywords":["ali\u0111un","romska muzika","tuzla","ve\u010de romske muzike"],"articleSection":["Istaknuto","Novosti"],"inLanguage":"bs-BA"},{"@type":"WebPage","@id":"https:\/\/tuzlainfo.ba\/index.php\/novosti\/item\/212601-vece-romske-muzike-i-tradicije-na-tuzlanskom-trgu-slobode-uprilicena-proslava-praznika-alidjuna\/","url":"https:\/\/tuzlainfo.ba\/index.php\/novosti\/item\/212601-vece-romske-muzike-i-tradicije-na-tuzlanskom-trgu-slobode-uprilicena-proslava-praznika-alidjuna\/","name":"Ve\u010de romske muzike i tradicije: Na tuzlanskom Trgu slobode uprili\u010dena proslava praznika Ali\u0111una - TuzlaInfo.ba","isPartOf":{"@id":"https:\/\/tuzlainfo.ba\/#website"},"primaryImageOfPage":{"@id":"https:\/\/tuzlainfo.ba\/index.php\/novosti\/item\/212601-vece-romske-muzike-i-tradicije-na-tuzlanskom-trgu-slobode-uprilicena-proslava-praznika-alidjuna\/#primaryimage"},"image":{"@id":"https:\/\/tuzlainfo.ba\/index.php\/novosti\/item\/212601-vece-romske-muzike-i-tradicije-na-tuzlanskom-trgu-slobode-uprilicena-proslava-praznika-alidjuna\/#primaryimage"},"thumbnailUrl":"https:\/\/tuzlainfo.ba\/wp-content\/uploads\/2023\/08\/0308_alidjun.jpg","datePublished":"2023-08-03T11:05:53+00:00","dateModified":"2023-08-03T12:13:55+00:00","breadcrumb":{"@id":"https:\/\/tuzlainfo.ba\/index.php\/novosti\/item\/212601-vece-romske-muzike-i-tradicije-na-tuzlanskom-trgu-slobode-uprilicena-proslava-praznika-alidjuna\/#breadcrumb"},"inLanguage":"bs-BA","potentialAction":[{"@type":"ReadAction","target":["https:\/\/tuzlainfo.ba\/index.php\/novosti\/item\/212601-vece-romske-muzike-i-tradicije-na-tuzlanskom-trgu-slobode-uprilicena-proslava-praznika-alidjuna\/"]}]},{"@type":"ImageObject","inLanguage":"bs-BA","@id":"https:\/\/tuzlainfo.ba\/index.php\/novosti\/item\/212601-vece-romske-muzike-i-tradicije-na-tuzlanskom-trgu-slobode-uprilicena-proslava-praznika-alidjuna\/#primaryimage","url":"https:\/\/tuzlainfo.ba\/wp-content\/uploads\/2023\/08\/0308_alidjun.jpg","contentUrl":"https:\/\/tuzlainfo.ba\/wp-content\/uploads\/2023\/08\/0308_alidjun.jpg","width":2000,"height":1333,"caption":"Foto: BH Reporter\/Arhiva"},{"@type":"BreadcrumbList","@id":"https:\/\/tuzlainfo.ba\/index.php\/novosti\/item\/212601-vece-romske-muzike-i-tradicije-na-tuzlanskom-trgu-slobode-uprilicena-proslava-praznika-alidjuna\/#breadcrumb","itemListElement":[{"@type":"ListItem","position":1,"name":"Home","item":"https:\/\/tuzlainfo.ba\/"},{"@type":"ListItem","position":2,"name":"Ve\u010de romske muzike i tradicije: Na tuzlanskom Trgu slobode uprili\u010dena proslava praznika Ali\u0111una"}]},{"@type":"WebSite","@id":"https:\/\/tuzlainfo.ba\/#website","url":"https:\/\/tuzlainfo.ba\/","name":"TuzlaInfo.ba","description":"Tuzla info, gradski informator - Tuzla na dlanu","publisher":{"@id":"https:\/\/tuzlainfo.ba\/#organization"},"potentialAction":[{"@type":"SearchAction","target":{"@type":"EntryPoint","urlTemplate":"https:\/\/tuzlainfo.ba\/?s={search_term_string}"},"query-input":{"@type":"PropertyValueSpecification","valueRequired":true,"valueName":"search_term_string"}}],"inLanguage":"bs-BA"},{"@type":"Organization","@id":"https:\/\/tuzlainfo.ba\/#organization","name":"TuzlaInfo.ba","url":"https:\/\/tuzlainfo.ba\/","logo":{"@type":"ImageObject","inLanguage":"bs-BA","@id":"https:\/\/tuzlainfo.ba\/#\/schema\/logo\/image\/","url":"https:\/\/tuzlainfo.ba\/wp-content\/uploads\/2021\/03\/logo-ver-3-1.png","contentUrl":"https:\/\/tuzlainfo.ba\/wp-content\/uploads\/2021\/03\/logo-ver-3-1.png","width":350,"height":95,"caption":"TuzlaInfo.ba"},"image":{"@id":"https:\/\/tuzlainfo.ba\/#\/schema\/logo\/image\/"},"sameAs":["https:\/\/www.facebook.com\/tuzlainfo.ba\/"]},{"@type":"Person","@id":"https:\/\/tuzlainfo.ba\/#\/schema\/person\/46cad4c57790cbc50781edd14870825a","name":"Tuzla Info","image":{"@type":"ImageObject","inLanguage":"bs-BA","@id":"https:\/\/tuzlainfo.ba\/#\/schema\/person\/image\/","url":"https:\/\/tuzlainfo.ba\/wp-content\/litespeed\/avatar\/b6c453a6c38e3654f2e4416c643fc25c.jpg?ver=1777051911","contentUrl":"https:\/\/tuzlainfo.ba\/wp-content\/litespeed\/avatar\/b6c453a6c38e3654f2e4416c643fc25c.jpg?ver=1777051911","caption":"Tuzla Info"}}]}},"_links":{"self":[{"href":"https:\/\/tuzlainfo.ba\/index.php\/wp-json\/wp\/v2\/posts\/212601"}],"collection":[{"href":"https:\/\/tuzlainfo.ba\/index.php\/wp-json\/wp\/v2\/posts"}],"about":[{"href":"https:\/\/tuzlainfo.ba\/index.php\/wp-json\/wp\/v2\/types\/post"}],"author":[{"embeddable":true,"href":"https:\/\/tuzlainfo.ba\/index.php\/wp-json\/wp\/v2\/users\/4"}],"replies":[{"embeddable":true,"href":"https:\/\/tuzlainfo.ba\/index.php\/wp-json\/wp\/v2\/comments?post=212601"}],"version-history":[{"count":0,"href":"https:\/\/tuzlainfo.ba\/index.php\/wp-json\/wp\/v2\/posts\/212601\/revisions"}],"wp:featuredmedia":[{"embeddable":true,"href":"https:\/\/tuzlainfo.ba\/index.php\/wp-json\/wp\/v2\/media\/212604"}],"wp:attachment":[{"href":"https:\/\/tuzlainfo.ba\/index.php\/wp-json\/wp\/v2\/media?parent=212601"}],"wp:term":[{"taxonomy":"category","embeddable":true,"href":"https:\/\/tuzlainfo.ba\/index.php\/wp-json\/wp\/v2\/categories?post=212601"},{"taxonomy":"post_tag","embeddable":true,"href":"https:\/\/tuzlainfo.ba\/index.php\/wp-json\/wp\/v2\/tags?post=212601"}],"curies":[{"name":"wp","href":"https:\/\/api.w.org\/{rel}","templated":true}]}}