{"id":212591,"date":"2023-08-03T11:23:45","date_gmt":"2023-08-03T09:23:45","guid":{"rendered":"https:\/\/tuzlainfo.ba\/?p=212591"},"modified":"2023-08-03T11:23:45","modified_gmt":"2023-08-03T09:23:45","slug":"hitan-sastanak-becirovica-i-schmidta-u-ohr-u","status":"publish","type":"post","link":"https:\/\/tuzlainfo.ba\/index.php\/bosna-i-hercegovina\/item\/212591-hitan-sastanak-becirovica-i-schmidta-u-ohr-u\/","title":{"rendered":"Hitan sastanak Be\u0107irovi\u0107a i Schmidta u OHR-u"},"content":{"rendered":"<p>Prema informacijama neimenovanih izvora, \u010dlan Predsjedni\u0161tva BiH Denis Be\u0107irovi\u0107 odr\u017eat \u0107e hitan sastanak s visokim predstavnikom u BiH Christianom Schmidtom u zgradi OHR-a. Navodno bi sastanak trebao po\u010deti u 14 sati. Me\u0111utim, iz Predsjedni\u0161tva BiH jo\u0161 nema potvrde o odr\u017eavanju ovog sastanka.<br \/>\nKako se saznaje, klju\u010dna tema sastanka je udar na ustavni poredak Bosne i Hercegovine i trenutna sigurnosna i politi\u010dka situacija u Bosni i Hercegovini.<br \/>\nOvaj sastanak dolazi nakon uvo\u0111enja novih ameri\u010dkih sankcija politi\u010darima iz RS-a i dio je sveukupnih aktivnosti \u010dlana Predsjedni\u0161tva BiH Denisa Be\u0107irovi\u0107a.<\/p>\n<p>Be\u0107irovi\u0107 je u prethodnim danima i sedmicama razgovarao sa gotovo svim ambasadorima zemalja \u010dlanica NATO-a i EU i ukazao im na destruktivnu i opasnu politiku organa bh. entiteta RS, kojom se podriva Dejtonski mirovni sporazum.<br \/>\nPrije nekoliko dana, povodom uvo\u0111enja sankcija SAD-a, Be\u0107irovi\u0107 je poru\u010dio da se antidejtonska politika ne smije podcjenjivati i relativizirati, te da su nove sankcije SAD-a va\u017ena poruka svima u regionu da razvijene zapadne demokratije podr\u017eavaju o\u010duvanje mira i stabilnosti u Bosni i Hercegovini.<\/p>\n<p>&nbsp;<\/p>\n","protected":false},"excerpt":{"rendered":"<p>Prema informacijama neimenovanih izvora, \u010dlan Predsjedni\u0161tva BiH Denis Be\u0107irovi\u0107 odr\u017eat \u0107e hitan sastanak s visokim&hellip;<\/p>\n","protected":false},"author":3,"featured_media":143450,"comment_status":"open","ping_status":"closed","sticky":false,"template":"","format":"standard","meta":{"_acf_changed":false,"footnotes":""},"categories":[291],"tags":[1374,7513],"acf":[],"yoast_head":"<!-- This site is optimized with the Yoast SEO plugin v23.5 - https:\/\/yoast.com\/wordpress\/plugins\/seo\/ -->\n<title>Hitan sastanak Be\u0107irovi\u0107a i Schmidta u OHR-u - TuzlaInfo.ba<\/title>\n<meta name=\"robots\" content=\"index, follow, max-snippet:-1, max-image-preview:large, max-video-preview:-1\" \/>\n<link rel=\"canonical\" href=\"https:\/\/tuzlainfo.ba\/index.php\/bosna-i-hercegovina\/item\/212591-hitan-sastanak-becirovica-i-schmidta-u-ohr-u\/\" \/>\n<meta property=\"og:locale\" content=\"bs_BA\" \/>\n<meta property=\"og:type\" content=\"article\" \/>\n<meta property=\"og:title\" content=\"Hitan sastanak Be\u0107irovi\u0107a i Schmidta u OHR-u - TuzlaInfo.ba\" \/>\n<meta property=\"og:description\" content=\"Prema informacijama neimenovanih izvora, \u010dlan Predsjedni\u0161tva BiH Denis Be\u0107irovi\u0107 odr\u017eat \u0107e hitan sastanak s visokim&hellip;\" \/>\n<meta property=\"og:url\" content=\"https:\/\/tuzlainfo.ba\/index.php\/bosna-i-hercegovina\/item\/212591-hitan-sastanak-becirovica-i-schmidta-u-ohr-u\/\" \/>\n<meta property=\"og:site_name\" content=\"TuzlaInfo.ba\" \/>\n<meta property=\"article:publisher\" content=\"https:\/\/www.facebook.com\/tuzlainfo.ba\/\" \/>\n<meta property=\"article:published_time\" content=\"2023-08-03T09:23:45+00:00\" \/>\n<meta property=\"og:image\" content=\"https:\/\/tuzlainfo.ba\/wp-content\/uploads\/2021\/07\/3007_OHR_ured_visokog_predstavnika.jpg\" \/>\n\t<meta property=\"og:image:width\" content=\"1200\" \/>\n\t<meta property=\"og:image:height\" content=\"688\" \/>\n\t<meta property=\"og:image:type\" content=\"image\/jpeg\" \/>\n<meta name=\"author\" content=\"admin2\" \/>\n<meta name=\"twitter:card\" content=\"summary_large_image\" \/>\n<meta name=\"twitter:label1\" content=\"Written by\" \/>\n\t<meta name=\"twitter:data1\" content=\"admin2\" \/>\n\t<meta name=\"twitter:label2\" content=\"Est. reading time\" \/>\n\t<meta name=\"twitter:data2\" content=\"1 minuta\" \/>\n<script type=\"application\/ld+json\" class=\"yoast-schema-graph\">{\"@context\":\"https:\/\/schema.org\",\"@graph\":[{\"@type\":\"Article\",\"@id\":\"https:\/\/tuzlainfo.ba\/index.php\/bosna-i-hercegovina\/item\/212591-hitan-sastanak-becirovica-i-schmidta-u-ohr-u\/#article\",\"isPartOf\":{\"@id\":\"https:\/\/tuzlainfo.ba\/index.php\/bosna-i-hercegovina\/item\/212591-hitan-sastanak-becirovica-i-schmidta-u-ohr-u\/\"},\"author\":{\"name\":\"admin2\",\"@id\":\"https:\/\/tuzlainfo.ba\/#\/schema\/person\/f4ebe4fff27e68efb65fa7e18f8af372\"},\"headline\":\"Hitan sastanak Be\u0107irovi\u0107a i Schmidta u OHR-u\",\"datePublished\":\"2023-08-03T09:23:45+00:00\",\"dateModified\":\"2023-08-03T09:23:45+00:00\",\"mainEntityOfPage\":{\"@id\":\"https:\/\/tuzlainfo.ba\/index.php\/bosna-i-hercegovina\/item\/212591-hitan-sastanak-becirovica-i-schmidta-u-ohr-u\/\"},\"wordCount\":196,\"commentCount\":0,\"publisher\":{\"@id\":\"https:\/\/tuzlainfo.ba\/#organization\"},\"image\":{\"@id\":\"https:\/\/tuzlainfo.ba\/index.php\/bosna-i-hercegovina\/item\/212591-hitan-sastanak-becirovica-i-schmidta-u-ohr-u\/#primaryimage\"},\"thumbnailUrl\":\"https:\/\/tuzlainfo.ba\/wp-content\/uploads\/2021\/07\/3007_OHR_ured_visokog_predstavnika.jpg\",\"keywords\":[\"Christian Schmidt\",\"denis becirevic\"],\"articleSection\":[\"Bosna i Hercegovina\"],\"inLanguage\":\"bs-BA\"},{\"@type\":\"WebPage\",\"@id\":\"https:\/\/tuzlainfo.ba\/index.php\/bosna-i-hercegovina\/item\/212591-hitan-sastanak-becirovica-i-schmidta-u-ohr-u\/\",\"url\":\"https:\/\/tuzlainfo.ba\/index.php\/bosna-i-hercegovina\/item\/212591-hitan-sastanak-becirovica-i-schmidta-u-ohr-u\/\",\"name\":\"Hitan sastanak Be\u0107irovi\u0107a i Schmidta u OHR-u - TuzlaInfo.ba\",\"isPartOf\":{\"@id\":\"https:\/\/tuzlainfo.ba\/#website\"},\"primaryImageOfPage\":{\"@id\":\"https:\/\/tuzlainfo.ba\/index.php\/bosna-i-hercegovina\/item\/212591-hitan-sastanak-becirovica-i-schmidta-u-ohr-u\/#primaryimage\"},\"image\":{\"@id\":\"https:\/\/tuzlainfo.ba\/index.php\/bosna-i-hercegovina\/item\/212591-hitan-sastanak-becirovica-i-schmidta-u-ohr-u\/#primaryimage\"},\"thumbnailUrl\":\"https:\/\/tuzlainfo.ba\/wp-content\/uploads\/2021\/07\/3007_OHR_ured_visokog_predstavnika.jpg\",\"datePublished\":\"2023-08-03T09:23:45+00:00\",\"dateModified\":\"2023-08-03T09:23:45+00:00\",\"breadcrumb\":{\"@id\":\"https:\/\/tuzlainfo.ba\/index.php\/bosna-i-hercegovina\/item\/212591-hitan-sastanak-becirovica-i-schmidta-u-ohr-u\/#breadcrumb\"},\"inLanguage\":\"bs-BA\",\"potentialAction\":[{\"@type\":\"ReadAction\",\"target\":[\"https:\/\/tuzlainfo.ba\/index.php\/bosna-i-hercegovina\/item\/212591-hitan-sastanak-becirovica-i-schmidta-u-ohr-u\/\"]}]},{\"@type\":\"ImageObject\",\"inLanguage\":\"bs-BA\",\"@id\":\"https:\/\/tuzlainfo.ba\/index.php\/bosna-i-hercegovina\/item\/212591-hitan-sastanak-becirovica-i-schmidta-u-ohr-u\/#primaryimage\",\"url\":\"https:\/\/tuzlainfo.ba\/wp-content\/uploads\/2021\/07\/3007_OHR_ured_visokog_predstavnika.jpg\",\"contentUrl\":\"https:\/\/tuzlainfo.ba\/wp-content\/uploads\/2021\/07\/3007_OHR_ured_visokog_predstavnika.jpg\",\"width\":1200,\"height\":688},{\"@type\":\"BreadcrumbList\",\"@id\":\"https:\/\/tuzlainfo.ba\/index.php\/bosna-i-hercegovina\/item\/212591-hitan-sastanak-becirovica-i-schmidta-u-ohr-u\/#breadcrumb\",\"itemListElement\":[{\"@type\":\"ListItem\",\"position\":1,\"name\":\"Home\",\"item\":\"https:\/\/tuzlainfo.ba\/\"},{\"@type\":\"ListItem\",\"position\":2,\"name\":\"Hitan sastanak Be\u0107irovi\u0107a i Schmidta u OHR-u\"}]},{\"@type\":\"WebSite\",\"@id\":\"https:\/\/tuzlainfo.ba\/#website\",\"url\":\"https:\/\/tuzlainfo.ba\/\",\"name\":\"TuzlaInfo.ba\",\"description\":\"Tuzla info, gradski informator - Tuzla na dlanu\",\"publisher\":{\"@id\":\"https:\/\/tuzlainfo.ba\/#organization\"},\"potentialAction\":[{\"@type\":\"SearchAction\",\"target\":{\"@type\":\"EntryPoint\",\"urlTemplate\":\"https:\/\/tuzlainfo.ba\/?s={search_term_string}\"},\"query-input\":{\"@type\":\"PropertyValueSpecification\",\"valueRequired\":true,\"valueName\":\"search_term_string\"}}],\"inLanguage\":\"bs-BA\"},{\"@type\":\"Organization\",\"@id\":\"https:\/\/tuzlainfo.ba\/#organization\",\"name\":\"TuzlaInfo.ba\",\"url\":\"https:\/\/tuzlainfo.ba\/\",\"logo\":{\"@type\":\"ImageObject\",\"inLanguage\":\"bs-BA\",\"@id\":\"https:\/\/tuzlainfo.ba\/#\/schema\/logo\/image\/\",\"url\":\"https:\/\/tuzlainfo.ba\/wp-content\/uploads\/2021\/03\/logo-ver-3-1.png\",\"contentUrl\":\"https:\/\/tuzlainfo.ba\/wp-content\/uploads\/2021\/03\/logo-ver-3-1.png\",\"width\":350,\"height\":95,\"caption\":\"TuzlaInfo.ba\"},\"image\":{\"@id\":\"https:\/\/tuzlainfo.ba\/#\/schema\/logo\/image\/\"},\"sameAs\":[\"https:\/\/www.facebook.com\/tuzlainfo.ba\/\"]},{\"@type\":\"Person\",\"@id\":\"https:\/\/tuzlainfo.ba\/#\/schema\/person\/f4ebe4fff27e68efb65fa7e18f8af372\",\"name\":\"admin2\",\"image\":{\"@type\":\"ImageObject\",\"inLanguage\":\"bs-BA\",\"@id\":\"https:\/\/tuzlainfo.ba\/#\/schema\/person\/image\/\",\"url\":\"https:\/\/tuzlainfo.ba\/wp-content\/litespeed\/avatar\/8219eeb9a43cff2d096e773737736f62.jpg?ver=1776704580\",\"contentUrl\":\"https:\/\/tuzlainfo.ba\/wp-content\/litespeed\/avatar\/8219eeb9a43cff2d096e773737736f62.jpg?ver=1776704580\",\"caption\":\"admin2\"},\"description\":\"Tuzlainfo.ba pratite na dru\u0161tvenim mre\u017eama: Facebook, Instagram i Youtube. Svoje pri\u010de, upite i fotografije \u0161aljite na na\u0161u e-mail adresu.\",\"sameAs\":[\"admin\"]}]}<\/script>\n<!-- \/ Yoast SEO plugin. -->","yoast_head_json":{"title":"Hitan sastanak Be\u0107irovi\u0107a i Schmidta u OHR-u - TuzlaInfo.ba","robots":{"index":"index","follow":"follow","max-snippet":"max-snippet:-1","max-image-preview":"max-image-preview:large","max-video-preview":"max-video-preview:-1"},"canonical":"https:\/\/tuzlainfo.ba\/index.php\/bosna-i-hercegovina\/item\/212591-hitan-sastanak-becirovica-i-schmidta-u-ohr-u\/","og_locale":"bs_BA","og_type":"article","og_title":"Hitan sastanak Be\u0107irovi\u0107a i Schmidta u OHR-u - TuzlaInfo.ba","og_description":"Prema informacijama neimenovanih izvora, \u010dlan Predsjedni\u0161tva BiH Denis Be\u0107irovi\u0107 odr\u017eat \u0107e hitan sastanak s visokim&hellip;","og_url":"https:\/\/tuzlainfo.ba\/index.php\/bosna-i-hercegovina\/item\/212591-hitan-sastanak-becirovica-i-schmidta-u-ohr-u\/","og_site_name":"TuzlaInfo.ba","article_publisher":"https:\/\/www.facebook.com\/tuzlainfo.ba\/","article_published_time":"2023-08-03T09:23:45+00:00","og_image":[{"width":1200,"height":688,"url":"https:\/\/tuzlainfo.ba\/wp-content\/uploads\/2021\/07\/3007_OHR_ured_visokog_predstavnika.jpg","type":"image\/jpeg"}],"author":"admin2","twitter_card":"summary_large_image","twitter_misc":{"Written by":"admin2","Est. reading time":"1 minuta"},"schema":{"@context":"https:\/\/schema.org","@graph":[{"@type":"Article","@id":"https:\/\/tuzlainfo.ba\/index.php\/bosna-i-hercegovina\/item\/212591-hitan-sastanak-becirovica-i-schmidta-u-ohr-u\/#article","isPartOf":{"@id":"https:\/\/tuzlainfo.ba\/index.php\/bosna-i-hercegovina\/item\/212591-hitan-sastanak-becirovica-i-schmidta-u-ohr-u\/"},"author":{"name":"admin2","@id":"https:\/\/tuzlainfo.ba\/#\/schema\/person\/f4ebe4fff27e68efb65fa7e18f8af372"},"headline":"Hitan sastanak Be\u0107irovi\u0107a i Schmidta u OHR-u","datePublished":"2023-08-03T09:23:45+00:00","dateModified":"2023-08-03T09:23:45+00:00","mainEntityOfPage":{"@id":"https:\/\/tuzlainfo.ba\/index.php\/bosna-i-hercegovina\/item\/212591-hitan-sastanak-becirovica-i-schmidta-u-ohr-u\/"},"wordCount":196,"commentCount":0,"publisher":{"@id":"https:\/\/tuzlainfo.ba\/#organization"},"image":{"@id":"https:\/\/tuzlainfo.ba\/index.php\/bosna-i-hercegovina\/item\/212591-hitan-sastanak-becirovica-i-schmidta-u-ohr-u\/#primaryimage"},"thumbnailUrl":"https:\/\/tuzlainfo.ba\/wp-content\/uploads\/2021\/07\/3007_OHR_ured_visokog_predstavnika.jpg","keywords":["Christian Schmidt","denis becirevic"],"articleSection":["Bosna i Hercegovina"],"inLanguage":"bs-BA"},{"@type":"WebPage","@id":"https:\/\/tuzlainfo.ba\/index.php\/bosna-i-hercegovina\/item\/212591-hitan-sastanak-becirovica-i-schmidta-u-ohr-u\/","url":"https:\/\/tuzlainfo.ba\/index.php\/bosna-i-hercegovina\/item\/212591-hitan-sastanak-becirovica-i-schmidta-u-ohr-u\/","name":"Hitan sastanak Be\u0107irovi\u0107a i Schmidta u OHR-u - TuzlaInfo.ba","isPartOf":{"@id":"https:\/\/tuzlainfo.ba\/#website"},"primaryImageOfPage":{"@id":"https:\/\/tuzlainfo.ba\/index.php\/bosna-i-hercegovina\/item\/212591-hitan-sastanak-becirovica-i-schmidta-u-ohr-u\/#primaryimage"},"image":{"@id":"https:\/\/tuzlainfo.ba\/index.php\/bosna-i-hercegovina\/item\/212591-hitan-sastanak-becirovica-i-schmidta-u-ohr-u\/#primaryimage"},"thumbnailUrl":"https:\/\/tuzlainfo.ba\/wp-content\/uploads\/2021\/07\/3007_OHR_ured_visokog_predstavnika.jpg","datePublished":"2023-08-03T09:23:45+00:00","dateModified":"2023-08-03T09:23:45+00:00","breadcrumb":{"@id":"https:\/\/tuzlainfo.ba\/index.php\/bosna-i-hercegovina\/item\/212591-hitan-sastanak-becirovica-i-schmidta-u-ohr-u\/#breadcrumb"},"inLanguage":"bs-BA","potentialAction":[{"@type":"ReadAction","target":["https:\/\/tuzlainfo.ba\/index.php\/bosna-i-hercegovina\/item\/212591-hitan-sastanak-becirovica-i-schmidta-u-ohr-u\/"]}]},{"@type":"ImageObject","inLanguage":"bs-BA","@id":"https:\/\/tuzlainfo.ba\/index.php\/bosna-i-hercegovina\/item\/212591-hitan-sastanak-becirovica-i-schmidta-u-ohr-u\/#primaryimage","url":"https:\/\/tuzlainfo.ba\/wp-content\/uploads\/2021\/07\/3007_OHR_ured_visokog_predstavnika.jpg","contentUrl":"https:\/\/tuzlainfo.ba\/wp-content\/uploads\/2021\/07\/3007_OHR_ured_visokog_predstavnika.jpg","width":1200,"height":688},{"@type":"BreadcrumbList","@id":"https:\/\/tuzlainfo.ba\/index.php\/bosna-i-hercegovina\/item\/212591-hitan-sastanak-becirovica-i-schmidta-u-ohr-u\/#breadcrumb","itemListElement":[{"@type":"ListItem","position":1,"name":"Home","item":"https:\/\/tuzlainfo.ba\/"},{"@type":"ListItem","position":2,"name":"Hitan sastanak Be\u0107irovi\u0107a i Schmidta u OHR-u"}]},{"@type":"WebSite","@id":"https:\/\/tuzlainfo.ba\/#website","url":"https:\/\/tuzlainfo.ba\/","name":"TuzlaInfo.ba","description":"Tuzla info, gradski informator - Tuzla na dlanu","publisher":{"@id":"https:\/\/tuzlainfo.ba\/#organization"},"potentialAction":[{"@type":"SearchAction","target":{"@type":"EntryPoint","urlTemplate":"https:\/\/tuzlainfo.ba\/?s={search_term_string}"},"query-input":{"@type":"PropertyValueSpecification","valueRequired":true,"valueName":"search_term_string"}}],"inLanguage":"bs-BA"},{"@type":"Organization","@id":"https:\/\/tuzlainfo.ba\/#organization","name":"TuzlaInfo.ba","url":"https:\/\/tuzlainfo.ba\/","logo":{"@type":"ImageObject","inLanguage":"bs-BA","@id":"https:\/\/tuzlainfo.ba\/#\/schema\/logo\/image\/","url":"https:\/\/tuzlainfo.ba\/wp-content\/uploads\/2021\/03\/logo-ver-3-1.png","contentUrl":"https:\/\/tuzlainfo.ba\/wp-content\/uploads\/2021\/03\/logo-ver-3-1.png","width":350,"height":95,"caption":"TuzlaInfo.ba"},"image":{"@id":"https:\/\/tuzlainfo.ba\/#\/schema\/logo\/image\/"},"sameAs":["https:\/\/www.facebook.com\/tuzlainfo.ba\/"]},{"@type":"Person","@id":"https:\/\/tuzlainfo.ba\/#\/schema\/person\/f4ebe4fff27e68efb65fa7e18f8af372","name":"admin2","image":{"@type":"ImageObject","inLanguage":"bs-BA","@id":"https:\/\/tuzlainfo.ba\/#\/schema\/person\/image\/","url":"https:\/\/tuzlainfo.ba\/wp-content\/litespeed\/avatar\/8219eeb9a43cff2d096e773737736f62.jpg?ver=1776704580","contentUrl":"https:\/\/tuzlainfo.ba\/wp-content\/litespeed\/avatar\/8219eeb9a43cff2d096e773737736f62.jpg?ver=1776704580","caption":"admin2"},"description":"Tuzlainfo.ba pratite na dru\u0161tvenim mre\u017eama: Facebook, Instagram i Youtube. Svoje pri\u010de, upite i fotografije \u0161aljite na na\u0161u e-mail adresu.","sameAs":["admin"]}]}},"_links":{"self":[{"href":"https:\/\/tuzlainfo.ba\/index.php\/wp-json\/wp\/v2\/posts\/212591"}],"collection":[{"href":"https:\/\/tuzlainfo.ba\/index.php\/wp-json\/wp\/v2\/posts"}],"about":[{"href":"https:\/\/tuzlainfo.ba\/index.php\/wp-json\/wp\/v2\/types\/post"}],"author":[{"embeddable":true,"href":"https:\/\/tuzlainfo.ba\/index.php\/wp-json\/wp\/v2\/users\/3"}],"replies":[{"embeddable":true,"href":"https:\/\/tuzlainfo.ba\/index.php\/wp-json\/wp\/v2\/comments?post=212591"}],"version-history":[{"count":0,"href":"https:\/\/tuzlainfo.ba\/index.php\/wp-json\/wp\/v2\/posts\/212591\/revisions"}],"wp:featuredmedia":[{"embeddable":true,"href":"https:\/\/tuzlainfo.ba\/index.php\/wp-json\/wp\/v2\/media\/143450"}],"wp:attachment":[{"href":"https:\/\/tuzlainfo.ba\/index.php\/wp-json\/wp\/v2\/media?parent=212591"}],"wp:term":[{"taxonomy":"category","embeddable":true,"href":"https:\/\/tuzlainfo.ba\/index.php\/wp-json\/wp\/v2\/categories?post=212591"},{"taxonomy":"post_tag","embeddable":true,"href":"https:\/\/tuzlainfo.ba\/index.php\/wp-json\/wp\/v2\/tags?post=212591"}],"curies":[{"name":"wp","href":"https:\/\/api.w.org\/{rel}","templated":true}]}}