{"id":212389,"date":"2023-08-01T17:48:04","date_gmt":"2023-08-01T15:48:04","guid":{"rendered":"https:\/\/tuzlainfo.ba\/?p=212389"},"modified":"2023-08-01T17:48:04","modified_gmt":"2023-08-01T15:48:04","slug":"vlada-fbih-izdvojena-sredstva-za-lijecenje-djece-oboljele-od-cisticne-fibroze","status":"publish","type":"post","link":"https:\/\/tuzlainfo.ba\/index.php\/bosna-i-hercegovina\/item\/212389-vlada-fbih-izdvojena-sredstva-za-lijecenje-djece-oboljele-od-cisticne-fibroze\/","title":{"rendered":"Vlada FBiH: Izdvojena sredstva za lije\u010denje djece oboljele od cisti\u010dne fibroze"},"content":{"rendered":"<p>Vlada Federacije Bosne i Hercegovine je na dana\u0161njoj hitnoj telefonskoj sjednici usvojila informaciju Federalnog ministarstva zdravstva o rje\u0161avanju problema vezanih uz osiguranje terapije biolo\u0161kim lijekovima djece oboljele od cisti\u010dne fibroze u Federaciji BiH i na\u010dinu finansiranja.<\/p>\n<p>U skladu s tim, donesena je Odluka o preraspodjeli sredstava iz Bud\u017eeta FBiH za 2023. godinu sa razdjela Vlade Federacije BiH na razdjel Federalnog ministarstva zdravstva. Ovom odlukom se iznos od dva miliona KM preraspodjeljuje na razdjel Federalnog ministarstva zdravstva, u okviru teku\u0107ih transfera drugim nivoima vlasti i fondovima &#8211; Zavodu zdravstvenog osiguranja i reosiguranja FBiH.<\/p>\n<p>Kako je obrazlo\u017eeno, postupaju\u0107i po zahtjevu Federalnog ministarstva zdravstva, a uva\u017eavaju\u0107i \u010dinjenicu da se radi o hitnoj potrebi za nabavkom lijekova za cisti\u010dnu fibrozu i da su finansijska sredstva za nabavku lijekova utvr\u0111ena Prijedlogom odluke o izmjenama i dopunama Bud\u017eeta FBiH za 2023. godinu, koja je povu\u010dena iz parlamentarne procedure, Federalno ministarstvo finansija je u skladu sa Zakonom o bud\u017eetima u FBiH predlo\u017eilo dono\u0161enje ove odluke.<\/p>\n<p>Na prijedlog Federalnog ministarstva zdravstva donesena je i Odluka o izmjenama i dopuni Odluke o usvajanju Programa utro\u0161ka sredstava s kriterijima raspodjele sredstava \u201eTeku\u0107i transfer drugim nivoima vlasti i fondovima &#8211; za Zavod zdravstvenog osiguranja i reosiguranja FBiH\u201c, utvr\u0111enih Bud\u017eetom FBiH za 2023. godinu ovom ministarstvu. Dopunom su sredstva za obezbje\u0111ivanje prava na lijekove i medicinska sredstva koji se finansiraju sredstvima federalnog fonda solidarnosti uve\u0107ana za dva miliona KM, a u sadr\u017eaj programa su uvr\u0161teni i lijekovi za lije\u010denje cisti\u010dne fibroze.<\/p>\n<p>Na prijedlog ovog ministarstva, dopunjena je i Odluka o Listi lijekova Fonda solidarnosti Federacije BiH. Dopunom su u ovu listu u okviru priloga \u201ePosebni program\u201c dodana dva lijeka za lije\u010denje pacijenata oboljelih od cisti\u010dne fibroze u skladu sa kriterijima Stru\u010dne komisije za cisti\u010dnu fibrozu Federalnog ministarstva zdravstva.\u00a0 U obrazlo\u017eenju je navedeno da je bilo potrebno lijekove za cisti\u010dnu fibrozu uvrstiti u Listu lijekova Federalnog fonda solidarnosti u skladu sa zakonskim propisima.<\/p>\n<p>Prvom danas donesenom odlukom, Zavod zdravstvenog osiguranja i reosiguranja FBiH zadu\u017een je da poduzme potrebne aktivnosti iz okvira svojih nadle\u017enosti za nabavku lijekova za cisti\u010dnu fibrozu, saop\u0107eno je iz Ureda Vlade FBiH za odnose s javno\u0161\u0107u.<\/p>\n","protected":false},"excerpt":{"rendered":"<p>Vlada Federacije Bosne i Hercegovine je na dana\u0161njoj hitnoj telefonskoj sjednici usvojila informaciju Federalnog ministarstva zdravstva o rje\u0161avanju problema vezanih uz osiguranje terapije biolo\u0161kim lijekovima djece oboljele od cisti\u010dne fibroze u Federaciji BiH i na\u010dinu finansiranja. U skladu s tim, donesena je Odluka o preraspodjeli sredstava iz Bud\u017eeta FBiH za 2023. godinu sa razdjela Vlade [&hellip;]<\/p>\n","protected":false},"author":4,"featured_media":203737,"comment_status":"open","ping_status":"closed","sticky":false,"template":"","format":"standard","meta":{"footnotes":""},"categories":[291],"tags":[7360],"class_list":["post-212389","post","type-post","status-publish","format-standard","has-post-thumbnail","hentry","category-bosna-i-hercegovina","tag-cisticna-fibroza"],"yoast_head":"<!-- This site is optimized with the Yoast SEO plugin v28.4 - https:\/\/yoast.com\/product\/yoast-seo-wordpress\/ -->\n<title>Vlada FBiH: Izdvojena sredstva za lije\u010denje djece oboljele od cisti\u010dne fibroze<\/title>\n<meta name=\"robots\" content=\"index, follow, max-snippet:-1, max-image-preview:large, max-video-preview:-1\" \/>\n<link rel=\"canonical\" href=\"https:\/\/tuzlainfo.ba\/index.php\/bosna-i-hercegovina\/item\/212389-vlada-fbih-izdvojena-sredstva-za-lijecenje-djece-oboljele-od-cisticne-fibroze\/\" \/>\n<meta property=\"og:locale\" content=\"bs_BA\" \/>\n<meta property=\"og:type\" content=\"article\" \/>\n<meta property=\"og:title\" content=\"Vlada FBiH: Izdvojena sredstva za lije\u010denje djece oboljele od cisti\u010dne fibroze\" \/>\n<meta property=\"og:description\" content=\"Vlada Federacije Bosne i Hercegovine je na dana\u0161njoj hitnoj telefonskoj sjednici usvojila informaciju Federalnog ministarstva zdravstva o rje\u0161avanju problema vezanih uz osiguranje terapije biolo\u0161kim lijekovima djece oboljele od cisti\u010dne fibroze u Federaciji BiH i na\u010dinu finansiranja. U skladu s tim, donesena je Odluka o preraspodjeli sredstava iz Bud\u017eeta FBiH za 2023. godinu sa razdjela Vlade [&hellip;]\" \/>\n<meta property=\"og:url\" content=\"https:\/\/tuzlainfo.ba\/index.php\/bosna-i-hercegovina\/item\/212389-vlada-fbih-izdvojena-sredstva-za-lijecenje-djece-oboljele-od-cisticne-fibroze\/\" \/>\n<meta property=\"og:site_name\" content=\"TuzlaInfo.ba\" \/>\n<meta property=\"article:publisher\" content=\"https:\/\/www.facebook.com\/tuzlainfo.ba\/\" \/>\n<meta property=\"article:published_time\" content=\"2023-08-01T15:48:04+00:00\" \/>\n<meta property=\"og:image\" content=\"https:\/\/tuzlainfo.ba\/wp-content\/uploads\/2023\/05\/0405_vladafbih.jpg\" \/>\n\t<meta property=\"og:image:width\" content=\"800\" \/>\n\t<meta property=\"og:image:height\" content=\"570\" \/>\n\t<meta property=\"og:image:type\" content=\"image\/jpeg\" \/>\n<meta name=\"author\" content=\"Tuzla Info\" \/>\n<meta name=\"twitter:card\" content=\"summary_large_image\" \/>\n<meta name=\"twitter:label1\" content=\"Written by\" \/>\n\t<meta name=\"twitter:data1\" content=\"Tuzla Info\" \/>\n\t<meta name=\"twitter:label2\" content=\"Est. reading time\" \/>\n\t<meta name=\"twitter:data2\" content=\"2 minute\" \/>\n<script type=\"application\/ld+json\" class=\"yoast-schema-graph\">{\"@context\":\"https:\\\/\\\/schema.org\",\"@graph\":[{\"@type\":\"Article\",\"@id\":\"https:\\\/\\\/tuzlainfo.ba\\\/index.php\\\/bosna-i-hercegovina\\\/item\\\/212389-vlada-fbih-izdvojena-sredstva-za-lijecenje-djece-oboljele-od-cisticne-fibroze\\\/#article\",\"isPartOf\":{\"@id\":\"https:\\\/\\\/tuzlainfo.ba\\\/index.php\\\/bosna-i-hercegovina\\\/item\\\/212389-vlada-fbih-izdvojena-sredstva-za-lijecenje-djece-oboljele-od-cisticne-fibroze\\\/\"},\"author\":{\"name\":\"Tuzla Info\",\"@id\":\"https:\\\/\\\/tuzlainfo.ba\\\/#\\\/schema\\\/person\\\/46cad4c57790cbc50781edd14870825a\"},\"headline\":\"Vlada FBiH: Izdvojena sredstva za lije\u010denje djece oboljele od cisti\u010dne fibroze\",\"datePublished\":\"2023-08-01T15:48:04+00:00\",\"mainEntityOfPage\":{\"@id\":\"https:\\\/\\\/tuzlainfo.ba\\\/index.php\\\/bosna-i-hercegovina\\\/item\\\/212389-vlada-fbih-izdvojena-sredstva-za-lijecenje-djece-oboljele-od-cisticne-fibroze\\\/\"},\"wordCount\":395,\"commentCount\":0,\"publisher\":{\"@id\":\"https:\\\/\\\/tuzlainfo.ba\\\/#organization\"},\"image\":{\"@id\":\"https:\\\/\\\/tuzlainfo.ba\\\/index.php\\\/bosna-i-hercegovina\\\/item\\\/212389-vlada-fbih-izdvojena-sredstva-za-lijecenje-djece-oboljele-od-cisticne-fibroze\\\/#primaryimage\"},\"thumbnailUrl\":\"https:\\\/\\\/tuzlainfo.ba\\\/wp-content\\\/uploads\\\/2023\\\/05\\\/0405_vladafbih.jpg\",\"keywords\":[\"cisti\u010dna fibroza\"],\"articleSection\":[\"Bosna i Hercegovina\"],\"inLanguage\":\"bs-BA\",\"copyrightYear\":\"2023\",\"copyrightHolder\":{\"@id\":\"https:\\\/\\\/tuzlainfo.ba\\\/#organization\"}},{\"@type\":\"WebPage\",\"@id\":\"https:\\\/\\\/tuzlainfo.ba\\\/index.php\\\/bosna-i-hercegovina\\\/item\\\/212389-vlada-fbih-izdvojena-sredstva-za-lijecenje-djece-oboljele-od-cisticne-fibroze\\\/\",\"url\":\"https:\\\/\\\/tuzlainfo.ba\\\/index.php\\\/bosna-i-hercegovina\\\/item\\\/212389-vlada-fbih-izdvojena-sredstva-za-lijecenje-djece-oboljele-od-cisticne-fibroze\\\/\",\"name\":\"Vlada FBiH: Izdvojena sredstva za lije\u010denje djece oboljele od cisti\u010dne fibroze\",\"isPartOf\":{\"@id\":\"https:\\\/\\\/tuzlainfo.ba\\\/#website\"},\"primaryImageOfPage\":{\"@id\":\"https:\\\/\\\/tuzlainfo.ba\\\/index.php\\\/bosna-i-hercegovina\\\/item\\\/212389-vlada-fbih-izdvojena-sredstva-za-lijecenje-djece-oboljele-od-cisticne-fibroze\\\/#primaryimage\"},\"image\":{\"@id\":\"https:\\\/\\\/tuzlainfo.ba\\\/index.php\\\/bosna-i-hercegovina\\\/item\\\/212389-vlada-fbih-izdvojena-sredstva-za-lijecenje-djece-oboljele-od-cisticne-fibroze\\\/#primaryimage\"},\"thumbnailUrl\":\"https:\\\/\\\/tuzlainfo.ba\\\/wp-content\\\/uploads\\\/2023\\\/05\\\/0405_vladafbih.jpg\",\"datePublished\":\"2023-08-01T15:48:04+00:00\",\"breadcrumb\":{\"@id\":\"https:\\\/\\\/tuzlainfo.ba\\\/index.php\\\/bosna-i-hercegovina\\\/item\\\/212389-vlada-fbih-izdvojena-sredstva-za-lijecenje-djece-oboljele-od-cisticne-fibroze\\\/#breadcrumb\"},\"inLanguage\":\"bs-BA\",\"potentialAction\":[{\"@type\":\"ReadAction\",\"target\":[\"https:\\\/\\\/tuzlainfo.ba\\\/index.php\\\/bosna-i-hercegovina\\\/item\\\/212389-vlada-fbih-izdvojena-sredstva-za-lijecenje-djece-oboljele-od-cisticne-fibroze\\\/\"]}]},{\"@type\":\"ImageObject\",\"inLanguage\":\"bs-BA\",\"@id\":\"https:\\\/\\\/tuzlainfo.ba\\\/index.php\\\/bosna-i-hercegovina\\\/item\\\/212389-vlada-fbih-izdvojena-sredstva-za-lijecenje-djece-oboljele-od-cisticne-fibroze\\\/#primaryimage\",\"url\":\"https:\\\/\\\/tuzlainfo.ba\\\/wp-content\\\/uploads\\\/2023\\\/05\\\/0405_vladafbih.jpg\",\"contentUrl\":\"https:\\\/\\\/tuzlainfo.ba\\\/wp-content\\\/uploads\\\/2023\\\/05\\\/0405_vladafbih.jpg\",\"width\":800,\"height\":570},{\"@type\":\"BreadcrumbList\",\"@id\":\"https:\\\/\\\/tuzlainfo.ba\\\/index.php\\\/bosna-i-hercegovina\\\/item\\\/212389-vlada-fbih-izdvojena-sredstva-za-lijecenje-djece-oboljele-od-cisticne-fibroze\\\/#breadcrumb\",\"itemListElement\":[{\"@type\":\"ListItem\",\"position\":1,\"name\":\"Home\",\"item\":\"https:\\\/\\\/tuzlainfo.ba\\\/\"},{\"@type\":\"ListItem\",\"position\":2,\"name\":\"Vlada FBiH: Izdvojena sredstva za lije\u010denje djece oboljele od cisti\u010dne fibroze\"}]},{\"@type\":\"WebSite\",\"@id\":\"https:\\\/\\\/tuzlainfo.ba\\\/#website\",\"url\":\"https:\\\/\\\/tuzlainfo.ba\\\/\",\"name\":\"TuzlaInfo.ba\",\"description\":\"Tuzla info, gradski informator - Tuzla na dlanu\",\"publisher\":{\"@id\":\"https:\\\/\\\/tuzlainfo.ba\\\/#organization\"},\"potentialAction\":[{\"@type\":\"SearchAction\",\"target\":{\"@type\":\"EntryPoint\",\"urlTemplate\":\"https:\\\/\\\/tuzlainfo.ba\\\/?s={search_term_string}\"},\"query-input\":{\"@type\":\"PropertyValueSpecification\",\"valueRequired\":true,\"valueName\":\"search_term_string\"}}],\"inLanguage\":\"bs-BA\"},{\"@type\":\"Organization\",\"@id\":\"https:\\\/\\\/tuzlainfo.ba\\\/#organization\",\"name\":\"TuzlaInfo.ba\",\"url\":\"https:\\\/\\\/tuzlainfo.ba\\\/\",\"logo\":{\"@type\":\"ImageObject\",\"inLanguage\":\"bs-BA\",\"@id\":\"https:\\\/\\\/tuzlainfo.ba\\\/#\\\/schema\\\/logo\\\/image\\\/\",\"url\":\"https:\\\/\\\/tuzlainfo.ba\\\/wp-content\\\/uploads\\\/2021\\\/03\\\/logo-ver-3-1.png\",\"contentUrl\":\"https:\\\/\\\/tuzlainfo.ba\\\/wp-content\\\/uploads\\\/2021\\\/03\\\/logo-ver-3-1.png\",\"width\":350,\"height\":95,\"caption\":\"TuzlaInfo.ba\"},\"image\":{\"@id\":\"https:\\\/\\\/tuzlainfo.ba\\\/#\\\/schema\\\/logo\\\/image\\\/\"},\"sameAs\":[\"https:\\\/\\\/www.facebook.com\\\/tuzlainfo.ba\\\/\"]},{\"@type\":\"Person\",\"@id\":\"https:\\\/\\\/tuzlainfo.ba\\\/#\\\/schema\\\/person\\\/46cad4c57790cbc50781edd14870825a\",\"name\":\"Tuzla Info\",\"image\":{\"@type\":\"ImageObject\",\"inLanguage\":\"bs-BA\",\"@id\":\"https:\\\/\\\/secure.gravatar.com\\\/avatar\\\/e980921b00fa2e552723a2386544734ce6885d2b2304ccca3f45186f9ca4031d?s=96&d=mm&r=g\",\"url\":\"https:\\\/\\\/secure.gravatar.com\\\/avatar\\\/e980921b00fa2e552723a2386544734ce6885d2b2304ccca3f45186f9ca4031d?s=96&d=mm&r=g\",\"contentUrl\":\"https:\\\/\\\/secure.gravatar.com\\\/avatar\\\/e980921b00fa2e552723a2386544734ce6885d2b2304ccca3f45186f9ca4031d?s=96&d=mm&r=g\",\"caption\":\"Tuzla Info\"}}]}<\/script>\n<!-- \/ Yoast SEO plugin. -->","yoast_head_json":{"title":"Vlada FBiH: Izdvojena sredstva za lije\u010denje djece oboljele od cisti\u010dne fibroze","robots":{"index":"index","follow":"follow","max-snippet":"max-snippet:-1","max-image-preview":"max-image-preview:large","max-video-preview":"max-video-preview:-1"},"canonical":"https:\/\/tuzlainfo.ba\/index.php\/bosna-i-hercegovina\/item\/212389-vlada-fbih-izdvojena-sredstva-za-lijecenje-djece-oboljele-od-cisticne-fibroze\/","og_locale":"bs_BA","og_type":"article","og_title":"Vlada FBiH: Izdvojena sredstva za lije\u010denje djece oboljele od cisti\u010dne fibroze","og_description":"Vlada Federacije Bosne i Hercegovine je na dana\u0161njoj hitnoj telefonskoj sjednici usvojila informaciju Federalnog ministarstva zdravstva o rje\u0161avanju problema vezanih uz osiguranje terapije biolo\u0161kim lijekovima djece oboljele od cisti\u010dne fibroze u Federaciji BiH i na\u010dinu finansiranja. U skladu s tim, donesena je Odluka o preraspodjeli sredstava iz Bud\u017eeta FBiH za 2023. godinu sa razdjela Vlade [&hellip;]","og_url":"https:\/\/tuzlainfo.ba\/index.php\/bosna-i-hercegovina\/item\/212389-vlada-fbih-izdvojena-sredstva-za-lijecenje-djece-oboljele-od-cisticne-fibroze\/","og_site_name":"TuzlaInfo.ba","article_publisher":"https:\/\/www.facebook.com\/tuzlainfo.ba\/","article_published_time":"2023-08-01T15:48:04+00:00","og_image":[{"width":800,"height":570,"url":"https:\/\/tuzlainfo.ba\/wp-content\/uploads\/2023\/05\/0405_vladafbih.jpg","type":"image\/jpeg"}],"author":"Tuzla Info","twitter_card":"summary_large_image","twitter_misc":{"Written by":"Tuzla Info","Est. reading time":"2 minute"},"schema":{"@context":"https:\/\/schema.org","@graph":[{"@type":"Article","@id":"https:\/\/tuzlainfo.ba\/index.php\/bosna-i-hercegovina\/item\/212389-vlada-fbih-izdvojena-sredstva-za-lijecenje-djece-oboljele-od-cisticne-fibroze\/#article","isPartOf":{"@id":"https:\/\/tuzlainfo.ba\/index.php\/bosna-i-hercegovina\/item\/212389-vlada-fbih-izdvojena-sredstva-za-lijecenje-djece-oboljele-od-cisticne-fibroze\/"},"author":{"name":"Tuzla Info","@id":"https:\/\/tuzlainfo.ba\/#\/schema\/person\/46cad4c57790cbc50781edd14870825a"},"headline":"Vlada FBiH: Izdvojena sredstva za lije\u010denje djece oboljele od cisti\u010dne fibroze","datePublished":"2023-08-01T15:48:04+00:00","mainEntityOfPage":{"@id":"https:\/\/tuzlainfo.ba\/index.php\/bosna-i-hercegovina\/item\/212389-vlada-fbih-izdvojena-sredstva-za-lijecenje-djece-oboljele-od-cisticne-fibroze\/"},"wordCount":395,"commentCount":0,"publisher":{"@id":"https:\/\/tuzlainfo.ba\/#organization"},"image":{"@id":"https:\/\/tuzlainfo.ba\/index.php\/bosna-i-hercegovina\/item\/212389-vlada-fbih-izdvojena-sredstva-za-lijecenje-djece-oboljele-od-cisticne-fibroze\/#primaryimage"},"thumbnailUrl":"https:\/\/tuzlainfo.ba\/wp-content\/uploads\/2023\/05\/0405_vladafbih.jpg","keywords":["cisti\u010dna fibroza"],"articleSection":["Bosna i Hercegovina"],"inLanguage":"bs-BA","copyrightYear":"2023","copyrightHolder":{"@id":"https:\/\/tuzlainfo.ba\/#organization"}},{"@type":"WebPage","@id":"https:\/\/tuzlainfo.ba\/index.php\/bosna-i-hercegovina\/item\/212389-vlada-fbih-izdvojena-sredstva-za-lijecenje-djece-oboljele-od-cisticne-fibroze\/","url":"https:\/\/tuzlainfo.ba\/index.php\/bosna-i-hercegovina\/item\/212389-vlada-fbih-izdvojena-sredstva-za-lijecenje-djece-oboljele-od-cisticne-fibroze\/","name":"Vlada FBiH: Izdvojena sredstva za lije\u010denje djece oboljele od cisti\u010dne fibroze","isPartOf":{"@id":"https:\/\/tuzlainfo.ba\/#website"},"primaryImageOfPage":{"@id":"https:\/\/tuzlainfo.ba\/index.php\/bosna-i-hercegovina\/item\/212389-vlada-fbih-izdvojena-sredstva-za-lijecenje-djece-oboljele-od-cisticne-fibroze\/#primaryimage"},"image":{"@id":"https:\/\/tuzlainfo.ba\/index.php\/bosna-i-hercegovina\/item\/212389-vlada-fbih-izdvojena-sredstva-za-lijecenje-djece-oboljele-od-cisticne-fibroze\/#primaryimage"},"thumbnailUrl":"https:\/\/tuzlainfo.ba\/wp-content\/uploads\/2023\/05\/0405_vladafbih.jpg","datePublished":"2023-08-01T15:48:04+00:00","breadcrumb":{"@id":"https:\/\/tuzlainfo.ba\/index.php\/bosna-i-hercegovina\/item\/212389-vlada-fbih-izdvojena-sredstva-za-lijecenje-djece-oboljele-od-cisticne-fibroze\/#breadcrumb"},"inLanguage":"bs-BA","potentialAction":[{"@type":"ReadAction","target":["https:\/\/tuzlainfo.ba\/index.php\/bosna-i-hercegovina\/item\/212389-vlada-fbih-izdvojena-sredstva-za-lijecenje-djece-oboljele-od-cisticne-fibroze\/"]}]},{"@type":"ImageObject","inLanguage":"bs-BA","@id":"https:\/\/tuzlainfo.ba\/index.php\/bosna-i-hercegovina\/item\/212389-vlada-fbih-izdvojena-sredstva-za-lijecenje-djece-oboljele-od-cisticne-fibroze\/#primaryimage","url":"https:\/\/tuzlainfo.ba\/wp-content\/uploads\/2023\/05\/0405_vladafbih.jpg","contentUrl":"https:\/\/tuzlainfo.ba\/wp-content\/uploads\/2023\/05\/0405_vladafbih.jpg","width":800,"height":570},{"@type":"BreadcrumbList","@id":"https:\/\/tuzlainfo.ba\/index.php\/bosna-i-hercegovina\/item\/212389-vlada-fbih-izdvojena-sredstva-za-lijecenje-djece-oboljele-od-cisticne-fibroze\/#breadcrumb","itemListElement":[{"@type":"ListItem","position":1,"name":"Home","item":"https:\/\/tuzlainfo.ba\/"},{"@type":"ListItem","position":2,"name":"Vlada FBiH: Izdvojena sredstva za lije\u010denje djece oboljele od cisti\u010dne fibroze"}]},{"@type":"WebSite","@id":"https:\/\/tuzlainfo.ba\/#website","url":"https:\/\/tuzlainfo.ba\/","name":"TuzlaInfo.ba","description":"Tuzla info, gradski informator - Tuzla na dlanu","publisher":{"@id":"https:\/\/tuzlainfo.ba\/#organization"},"potentialAction":[{"@type":"SearchAction","target":{"@type":"EntryPoint","urlTemplate":"https:\/\/tuzlainfo.ba\/?s={search_term_string}"},"query-input":{"@type":"PropertyValueSpecification","valueRequired":true,"valueName":"search_term_string"}}],"inLanguage":"bs-BA"},{"@type":"Organization","@id":"https:\/\/tuzlainfo.ba\/#organization","name":"TuzlaInfo.ba","url":"https:\/\/tuzlainfo.ba\/","logo":{"@type":"ImageObject","inLanguage":"bs-BA","@id":"https:\/\/tuzlainfo.ba\/#\/schema\/logo\/image\/","url":"https:\/\/tuzlainfo.ba\/wp-content\/uploads\/2021\/03\/logo-ver-3-1.png","contentUrl":"https:\/\/tuzlainfo.ba\/wp-content\/uploads\/2021\/03\/logo-ver-3-1.png","width":350,"height":95,"caption":"TuzlaInfo.ba"},"image":{"@id":"https:\/\/tuzlainfo.ba\/#\/schema\/logo\/image\/"},"sameAs":["https:\/\/www.facebook.com\/tuzlainfo.ba\/"]},{"@type":"Person","@id":"https:\/\/tuzlainfo.ba\/#\/schema\/person\/46cad4c57790cbc50781edd14870825a","name":"Tuzla Info","image":{"@type":"ImageObject","inLanguage":"bs-BA","@id":"https:\/\/secure.gravatar.com\/avatar\/e980921b00fa2e552723a2386544734ce6885d2b2304ccca3f45186f9ca4031d?s=96&d=mm&r=g","url":"https:\/\/secure.gravatar.com\/avatar\/e980921b00fa2e552723a2386544734ce6885d2b2304ccca3f45186f9ca4031d?s=96&d=mm&r=g","contentUrl":"https:\/\/secure.gravatar.com\/avatar\/e980921b00fa2e552723a2386544734ce6885d2b2304ccca3f45186f9ca4031d?s=96&d=mm&r=g","caption":"Tuzla Info"}}]}},"_links":{"self":[{"href":"https:\/\/tuzlainfo.ba\/index.php\/wp-json\/wp\/v2\/posts\/212389","targetHints":{"allow":["GET"]}}],"collection":[{"href":"https:\/\/tuzlainfo.ba\/index.php\/wp-json\/wp\/v2\/posts"}],"about":[{"href":"https:\/\/tuzlainfo.ba\/index.php\/wp-json\/wp\/v2\/types\/post"}],"author":[{"embeddable":true,"href":"https:\/\/tuzlainfo.ba\/index.php\/wp-json\/wp\/v2\/users\/4"}],"replies":[{"embeddable":true,"href":"https:\/\/tuzlainfo.ba\/index.php\/wp-json\/wp\/v2\/comments?post=212389"}],"version-history":[{"count":0,"href":"https:\/\/tuzlainfo.ba\/index.php\/wp-json\/wp\/v2\/posts\/212389\/revisions"}],"wp:featuredmedia":[{"embeddable":true,"href":"https:\/\/tuzlainfo.ba\/index.php\/wp-json\/wp\/v2\/media\/203737"}],"wp:attachment":[{"href":"https:\/\/tuzlainfo.ba\/index.php\/wp-json\/wp\/v2\/media?parent=212389"}],"wp:term":[{"taxonomy":"category","embeddable":true,"href":"https:\/\/tuzlainfo.ba\/index.php\/wp-json\/wp\/v2\/categories?post=212389"},{"taxonomy":"post_tag","embeddable":true,"href":"https:\/\/tuzlainfo.ba\/index.php\/wp-json\/wp\/v2\/tags?post=212389"}],"curies":[{"name":"wp","href":"https:\/\/api.w.org\/{rel}","templated":true}]}}